{"id":2240659,"date":"2022-07-14T10:33:25","date_gmt":"2022-07-14T09:33:25","guid":{"rendered":"https:\/\/kapitalis.com\/tunisie\/?p=2240659"},"modified":"2022-07-15T09:57:34","modified_gmt":"2022-07-15T08:57:34","slug":"festival-de-carthage-de-quoi-aura-lair-le-spectacle-ocheg-edenya-de-bouchnak","status":"publish","type":"post","link":"https:\/\/kapitalis.com\/tunisie\/2022\/07\/14\/festival-de-carthage-de-quoi-aura-lair-le-spectacle-ocheg-edenya-de-bouchnak\/","title":{"rendered":"Festival de Carthage\u00a0: De quoi aura l\u2019air le spectacle Ocheg Edenya de Bouchnak\u00a0?"},"content":{"rendered":"\n<p><em><strong>L\u2019ouverture de la 56<sup>e<\/sup> \u00e9dition du Festival international de Carthage est pr\u00e9vue pour ce soir, jeudi 14 juillet, avec le spectacle Ocheg Edenya d\u2019Abdelhamid Bouchnak, inspir\u00e9 de sa s\u00e9rie \u00ab&nbsp;Nouba&nbsp;\u00bb. Bouchnak promet de mettre plein les yeux au public de Carthage \u00e0 travers une mise en sc\u00e8ne originale et festive au c\u0153ur des ann\u00e9es 90.<\/strong><\/em><\/p>\n\n\n\n<!--more-->\n\n\n\n<p>Le festival de Carthage d\u00e9marre ce soir avec un spectacle grandiose qui a affich\u00e9 complet quelques jours seulement apr\u00e8s la mise en vente des billets, d\u2019o\u00f9 le choix de rajouter une deuxi\u00e8me date pr\u00e9vue pour demain. Il s\u2019agit de la premi\u00e8re d\u2019Ocheg Edenya d\u2019Abdelhamid Bouchnak qui a pris le pari de transformer sa s\u00e9rie t\u00e9l\u00e9vis\u00e9e culte Nouba (diffus\u00e9e durant le mois de ramadan 2019 et 2020) en une com\u00e9die musicale d\u00e9di\u00e9e \u00e0 la musique populaire tunisienne et ancr\u00e9e dans les ann\u00e9es 90.<\/p>\n\n\n\n<p>Pour r\u00e9aliser ce projet ambitieux, Bouchnk a fait appel \u00e0 tous les personnages principaux de Nouba, \u00e0 commencer par le fameux couple Habiba et Meher (Amira Chebli et Bilel Briki), Bringa (Chedly Arfaoui), Baba el H\u00e9di (Bahri Rahali), Wassila (Hela Ayed), Wajdi (Aziz Jebali) \u2026<\/p>\n\n\n\n<p>En plus des acteurs, plusieurs chanteurs feront leur apparition sur sc\u00e8ne pour interpr\u00e9ter leurs propres titres comme Lotfi Bouchnak, Slah Farzit, Samir Loussif, Hichem Salem, Tlili Gafsi, Habib Chankaoui ou encore Mahmoud Saidi.<\/p>\n\n\n\n<p>Le spectacle r\u00e9unira donc la danse, le chant et le th\u00e9\u00e2tre et sera compos\u00e9 de plusieurs tableaux qui r\u00e9sumeront les \u00e9v\u00e9nements les plus marquants des deux saisons de la s\u00e9rie Nouba.<\/p>\n\n\n\n<p class=\"has-text-align-right\"><strong>F.B<\/strong><\/p>\n","protected":false},"excerpt":{"rendered":"<p>L\u2019ouverture de la 56e \u00e9dition du Festival international de Carthage est pr\u00e9vue pour ce soir, jeudi 14 juillet, avec le spectacle Ocheg Edenya d\u2019Abdelhamid Bouchnak, inspir\u00e9 de sa s\u00e9rie \u00ab&nbsp;Nouba&nbsp;\u00bb. Bouchnak promet de mettre plein les yeux au public de Carthage \u00e0 travers une mise en sc\u00e8ne originale et festive au c\u0153ur des ann\u00e9es 90.<\/p>\n","protected":false},"author":26,"featured_media":2241341,"comment_status":"open","ping_status":"open","sticky":false,"template":"","format":"standard","meta":{"footnotes":""},"categories":[994,2433],"tags":[34363,100595,78120,101373,101374,62643],"class_list":["post-2240659","post","type-post","status-publish","format-standard","has-post-thumbnail","hentry","category-culture","category-tunisie","tag-abdelhamid-bouchnak","tag-festival-de-carthage-2022","tag-nouba","tag-ocheg-edenya","tag-ouverture-carthage-2022","tag-tunisie"],"yoast_head":"<!-- This site is optimized with the Yoast SEO plugin v26.6 - https:\/\/yoast.com\/wordpress\/plugins\/seo\/ -->\n<title>Festival de Carthage\u00a0: De quoi aura l\u2019air le spectacle Ocheg Edenya de Bouchnak\u00a0? - Kapitalis<\/title>\n<meta name=\"robots\" content=\"index, follow, max-snippet:-1, max-image-preview:large, max-video-preview:-1\" \/>\n<link rel=\"canonical\" href=\"https:\/\/kapitalis.com\/tunisie\/2022\/07\/14\/festival-de-carthage-de-quoi-aura-lair-le-spectacle-ocheg-edenya-de-bouchnak\/\" \/>\n<meta property=\"og:locale\" content=\"fr_FR\" \/>\n<meta property=\"og:type\" content=\"article\" \/>\n<meta property=\"og:title\" content=\"Festival de Carthage\u00a0: De quoi aura l\u2019air le spectacle Ocheg Edenya de Bouchnak\u00a0? - Kapitalis\" \/>\n<meta property=\"og:description\" content=\"L\u2019ouverture de la 56e \u00e9dition du Festival international de Carthage est pr\u00e9vue pour ce soir, jeudi 14 juillet, avec le spectacle Ocheg Edenya d\u2019Abdelhamid Bouchnak, inspir\u00e9 de sa s\u00e9rie \u00ab&nbsp;Nouba&nbsp;\u00bb. Bouchnak promet de mettre plein les yeux au public de Carthage \u00e0 travers une mise en sc\u00e8ne originale et festive au c\u0153ur des ann\u00e9es 90.\" \/>\n<meta property=\"og:url\" content=\"https:\/\/kapitalis.com\/tunisie\/2022\/07\/14\/festival-de-carthage-de-quoi-aura-lair-le-spectacle-ocheg-edenya-de-bouchnak\/\" \/>\n<meta property=\"og:site_name\" content=\"Kapitalis\" \/>\n<meta property=\"article:publisher\" content=\"https:\/\/www.facebook.com\/KapitalisInfo\/\" \/>\n<meta property=\"article:published_time\" content=\"2022-07-14T09:33:25+00:00\" \/>\n<meta property=\"article:modified_time\" content=\"2022-07-15T08:57:34+00:00\" \/>\n<meta property=\"og:image\" content=\"https:\/\/kapitalis.com\/tunisie\/wp-content\/uploads\/2022\/07\/Ocheg-Edenya-Carthage.jpg\" \/>\n\t<meta property=\"og:image:width\" content=\"1200\" \/>\n\t<meta property=\"og:image:height\" content=\"630\" \/>\n\t<meta property=\"og:image:type\" content=\"image\/jpeg\" \/>\n<meta name=\"author\" content=\"Fawz BenAli\" \/>\n<meta name=\"twitter:card\" content=\"summary_large_image\" \/>\n<meta name=\"twitter:creator\" content=\"@KapitalisInfo\" \/>\n<meta name=\"twitter:site\" content=\"@KapitalisInfo\" \/>\n<meta name=\"twitter:label1\" content=\"\u00c9crit par\" \/>\n\t<meta name=\"twitter:data1\" content=\"Fawz BenAli\" \/>\n\t<meta name=\"twitter:label2\" content=\"Dur\u00e9e de lecture estim\u00e9e\" \/>\n\t<meta name=\"twitter:data2\" content=\"2 minutes\" \/>\n<script type=\"application\/ld+json\" class=\"yoast-schema-graph\">{\"@context\":\"https:\/\/schema.org\",\"@graph\":[{\"@type\":\"Article\",\"@id\":\"https:\/\/kapitalis.com\/tunisie\/2022\/07\/14\/festival-de-carthage-de-quoi-aura-lair-le-spectacle-ocheg-edenya-de-bouchnak\/#article\",\"isPartOf\":{\"@id\":\"https:\/\/kapitalis.com\/tunisie\/2022\/07\/14\/festival-de-carthage-de-quoi-aura-lair-le-spectacle-ocheg-edenya-de-bouchnak\/\"},\"author\":{\"name\":\"Fawz BenAli\",\"@id\":\"https:\/\/kapitalis.com\/tunisie\/#\/schema\/person\/73a5ecc1f6ae540c6ed91342eadca948\"},\"headline\":\"Festival de Carthage\u00a0: De quoi aura l\u2019air le spectacle Ocheg Edenya de Bouchnak\u00a0?\",\"datePublished\":\"2022-07-14T09:33:25+00:00\",\"dateModified\":\"2022-07-15T08:57:34+00:00\",\"mainEntityOfPage\":{\"@id\":\"https:\/\/kapitalis.com\/tunisie\/2022\/07\/14\/festival-de-carthage-de-quoi-aura-lair-le-spectacle-ocheg-edenya-de-bouchnak\/\"},\"wordCount\":289,\"commentCount\":0,\"publisher\":{\"@id\":\"https:\/\/kapitalis.com\/tunisie\/#organization\"},\"image\":{\"@id\":\"https:\/\/kapitalis.com\/tunisie\/2022\/07\/14\/festival-de-carthage-de-quoi-aura-lair-le-spectacle-ocheg-edenya-de-bouchnak\/#primaryimage\"},\"thumbnailUrl\":\"https:\/\/kapitalis.com\/tunisie\/wp-content\/uploads\/2022\/07\/Ocheg-Edenya-Carthage.jpg\",\"keywords\":[\"Abdelhamid Bouchnak\",\"Festival de Carthage 2022\",\"nouba\",\"Ocheg Edenya\",\"Ouverture Carthage 2022\",\"Tunisie\"],\"articleSection\":[\"CULTURE\",\"Tunisie\"],\"inLanguage\":\"fr-FR\",\"potentialAction\":[{\"@type\":\"CommentAction\",\"name\":\"Comment\",\"target\":[\"https:\/\/kapitalis.com\/tunisie\/2022\/07\/14\/festival-de-carthage-de-quoi-aura-lair-le-spectacle-ocheg-edenya-de-bouchnak\/#respond\"]}]},{\"@type\":\"WebPage\",\"@id\":\"https:\/\/kapitalis.com\/tunisie\/2022\/07\/14\/festival-de-carthage-de-quoi-aura-lair-le-spectacle-ocheg-edenya-de-bouchnak\/\",\"url\":\"https:\/\/kapitalis.com\/tunisie\/2022\/07\/14\/festival-de-carthage-de-quoi-aura-lair-le-spectacle-ocheg-edenya-de-bouchnak\/\",\"name\":\"Festival de Carthage\u00a0: De quoi aura l\u2019air le spectacle Ocheg Edenya de Bouchnak\u00a0? - Kapitalis\",\"isPartOf\":{\"@id\":\"https:\/\/kapitalis.com\/tunisie\/#website\"},\"primaryImageOfPage\":{\"@id\":\"https:\/\/kapitalis.com\/tunisie\/2022\/07\/14\/festival-de-carthage-de-quoi-aura-lair-le-spectacle-ocheg-edenya-de-bouchnak\/#primaryimage\"},\"image\":{\"@id\":\"https:\/\/kapitalis.com\/tunisie\/2022\/07\/14\/festival-de-carthage-de-quoi-aura-lair-le-spectacle-ocheg-edenya-de-bouchnak\/#primaryimage\"},\"thumbnailUrl\":\"https:\/\/kapitalis.com\/tunisie\/wp-content\/uploads\/2022\/07\/Ocheg-Edenya-Carthage.jpg\",\"datePublished\":\"2022-07-14T09:33:25+00:00\",\"dateModified\":\"2022-07-15T08:57:34+00:00\",\"breadcrumb\":{\"@id\":\"https:\/\/kapitalis.com\/tunisie\/2022\/07\/14\/festival-de-carthage-de-quoi-aura-lair-le-spectacle-ocheg-edenya-de-bouchnak\/#breadcrumb\"},\"inLanguage\":\"fr-FR\",\"potentialAction\":[{\"@type\":\"ReadAction\",\"target\":[\"https:\/\/kapitalis.com\/tunisie\/2022\/07\/14\/festival-de-carthage-de-quoi-aura-lair-le-spectacle-ocheg-edenya-de-bouchnak\/\"]}]},{\"@type\":\"ImageObject\",\"inLanguage\":\"fr-FR\",\"@id\":\"https:\/\/kapitalis.com\/tunisie\/2022\/07\/14\/festival-de-carthage-de-quoi-aura-lair-le-spectacle-ocheg-edenya-de-bouchnak\/#primaryimage\",\"url\":\"https:\/\/kapitalis.com\/tunisie\/wp-content\/uploads\/2022\/07\/Ocheg-Edenya-Carthage.jpg\",\"contentUrl\":\"https:\/\/kapitalis.com\/tunisie\/wp-content\/uploads\/2022\/07\/Ocheg-Edenya-Carthage.jpg\",\"width\":1200,\"height\":630},{\"@type\":\"BreadcrumbList\",\"@id\":\"https:\/\/kapitalis.com\/tunisie\/2022\/07\/14\/festival-de-carthage-de-quoi-aura-lair-le-spectacle-ocheg-edenya-de-bouchnak\/#breadcrumb\",\"itemListElement\":[{\"@type\":\"ListItem\",\"position\":1,\"name\":\"Accueil\",\"item\":\"https:\/\/kapitalis.com\/tunisie\/\"},{\"@type\":\"ListItem\",\"position\":2,\"name\":\"Festival de Carthage\u00a0: De quoi aura l\u2019air le spectacle Ocheg Edenya de Bouchnak\u00a0?\"}]},{\"@type\":\"WebSite\",\"@id\":\"https:\/\/kapitalis.com\/tunisie\/#website\",\"url\":\"https:\/\/kapitalis.com\/tunisie\/\",\"name\":\"Kapitalis\",\"description\":\"L&#039;actualit\u00e9 en Tunisie et dans le monde\",\"publisher\":{\"@id\":\"https:\/\/kapitalis.com\/tunisie\/#organization\"},\"potentialAction\":[{\"@type\":\"SearchAction\",\"target\":{\"@type\":\"EntryPoint\",\"urlTemplate\":\"https:\/\/kapitalis.com\/tunisie\/?s={search_term_string}\"},\"query-input\":{\"@type\":\"PropertyValueSpecification\",\"valueRequired\":true,\"valueName\":\"search_term_string\"}}],\"inLanguage\":\"fr-FR\"},{\"@type\":\"Organization\",\"@id\":\"https:\/\/kapitalis.com\/tunisie\/#organization\",\"name\":\"Kapitalis\",\"url\":\"https:\/\/kapitalis.com\/tunisie\/\",\"logo\":{\"@type\":\"ImageObject\",\"inLanguage\":\"fr-FR\",\"@id\":\"https:\/\/kapitalis.com\/tunisie\/#\/schema\/logo\/image\/\",\"url\":\"https:\/\/kapitalis.com\/tunisie\/wp-content\/uploads\/2022\/05\/Kapitalis-big-size.png\",\"contentUrl\":\"https:\/\/kapitalis.com\/tunisie\/wp-content\/uploads\/2022\/05\/Kapitalis-big-size.png\",\"width\":5000,\"height\":1500,\"caption\":\"Kapitalis\"},\"image\":{\"@id\":\"https:\/\/kapitalis.com\/tunisie\/#\/schema\/logo\/image\/\"},\"sameAs\":[\"https:\/\/www.facebook.com\/KapitalisInfo\/\",\"https:\/\/x.com\/KapitalisInfo\",\"https:\/\/www.youtube.com\/channel\/UC-yDYrHyfFBWWZaOw3FPg9Q\"]},{\"@type\":\"Person\",\"@id\":\"https:\/\/kapitalis.com\/tunisie\/#\/schema\/person\/73a5ecc1f6ae540c6ed91342eadca948\",\"name\":\"Fawz BenAli\",\"url\":\"https:\/\/kapitalis.com\/tunisie\/author\/fawz\/\"}]}<\/script>\n<!-- \/ Yoast SEO plugin. -->","yoast_head_json":{"title":"Festival de Carthage\u00a0: De quoi aura l\u2019air le spectacle Ocheg Edenya de Bouchnak\u00a0? - Kapitalis","robots":{"index":"index","follow":"follow","max-snippet":"max-snippet:-1","max-image-preview":"max-image-preview:large","max-video-preview":"max-video-preview:-1"},"canonical":"https:\/\/kapitalis.com\/tunisie\/2022\/07\/14\/festival-de-carthage-de-quoi-aura-lair-le-spectacle-ocheg-edenya-de-bouchnak\/","og_locale":"fr_FR","og_type":"article","og_title":"Festival de Carthage\u00a0: De quoi aura l\u2019air le spectacle Ocheg Edenya de Bouchnak\u00a0? - Kapitalis","og_description":"L\u2019ouverture de la 56e \u00e9dition du Festival international de Carthage est pr\u00e9vue pour ce soir, jeudi 14 juillet, avec le spectacle Ocheg Edenya d\u2019Abdelhamid Bouchnak, inspir\u00e9 de sa s\u00e9rie \u00ab&nbsp;Nouba&nbsp;\u00bb. Bouchnak promet de mettre plein les yeux au public de Carthage \u00e0 travers une mise en sc\u00e8ne originale et festive au c\u0153ur des ann\u00e9es 90.","og_url":"https:\/\/kapitalis.com\/tunisie\/2022\/07\/14\/festival-de-carthage-de-quoi-aura-lair-le-spectacle-ocheg-edenya-de-bouchnak\/","og_site_name":"Kapitalis","article_publisher":"https:\/\/www.facebook.com\/KapitalisInfo\/","article_published_time":"2022-07-14T09:33:25+00:00","article_modified_time":"2022-07-15T08:57:34+00:00","og_image":[{"width":1200,"height":630,"url":"https:\/\/kapitalis.com\/tunisie\/wp-content\/uploads\/2022\/07\/Ocheg-Edenya-Carthage.jpg","type":"image\/jpeg"}],"author":"Fawz BenAli","twitter_card":"summary_large_image","twitter_creator":"@KapitalisInfo","twitter_site":"@KapitalisInfo","twitter_misc":{"\u00c9crit par":"Fawz BenAli","Dur\u00e9e de lecture estim\u00e9e":"2 minutes"},"schema":{"@context":"https:\/\/schema.org","@graph":[{"@type":"Article","@id":"https:\/\/kapitalis.com\/tunisie\/2022\/07\/14\/festival-de-carthage-de-quoi-aura-lair-le-spectacle-ocheg-edenya-de-bouchnak\/#article","isPartOf":{"@id":"https:\/\/kapitalis.com\/tunisie\/2022\/07\/14\/festival-de-carthage-de-quoi-aura-lair-le-spectacle-ocheg-edenya-de-bouchnak\/"},"author":{"name":"Fawz BenAli","@id":"https:\/\/kapitalis.com\/tunisie\/#\/schema\/person\/73a5ecc1f6ae540c6ed91342eadca948"},"headline":"Festival de Carthage\u00a0: De quoi aura l\u2019air le spectacle Ocheg Edenya de Bouchnak\u00a0?","datePublished":"2022-07-14T09:33:25+00:00","dateModified":"2022-07-15T08:57:34+00:00","mainEntityOfPage":{"@id":"https:\/\/kapitalis.com\/tunisie\/2022\/07\/14\/festival-de-carthage-de-quoi-aura-lair-le-spectacle-ocheg-edenya-de-bouchnak\/"},"wordCount":289,"commentCount":0,"publisher":{"@id":"https:\/\/kapitalis.com\/tunisie\/#organization"},"image":{"@id":"https:\/\/kapitalis.com\/tunisie\/2022\/07\/14\/festival-de-carthage-de-quoi-aura-lair-le-spectacle-ocheg-edenya-de-bouchnak\/#primaryimage"},"thumbnailUrl":"https:\/\/kapitalis.com\/tunisie\/wp-content\/uploads\/2022\/07\/Ocheg-Edenya-Carthage.jpg","keywords":["Abdelhamid Bouchnak","Festival de Carthage 2022","nouba","Ocheg Edenya","Ouverture Carthage 2022","Tunisie"],"articleSection":["CULTURE","Tunisie"],"inLanguage":"fr-FR","potentialAction":[{"@type":"CommentAction","name":"Comment","target":["https:\/\/kapitalis.com\/tunisie\/2022\/07\/14\/festival-de-carthage-de-quoi-aura-lair-le-spectacle-ocheg-edenya-de-bouchnak\/#respond"]}]},{"@type":"WebPage","@id":"https:\/\/kapitalis.com\/tunisie\/2022\/07\/14\/festival-de-carthage-de-quoi-aura-lair-le-spectacle-ocheg-edenya-de-bouchnak\/","url":"https:\/\/kapitalis.com\/tunisie\/2022\/07\/14\/festival-de-carthage-de-quoi-aura-lair-le-spectacle-ocheg-edenya-de-bouchnak\/","name":"Festival de Carthage\u00a0: De quoi aura l\u2019air le spectacle Ocheg Edenya de Bouchnak\u00a0? - Kapitalis","isPartOf":{"@id":"https:\/\/kapitalis.com\/tunisie\/#website"},"primaryImageOfPage":{"@id":"https:\/\/kapitalis.com\/tunisie\/2022\/07\/14\/festival-de-carthage-de-quoi-aura-lair-le-spectacle-ocheg-edenya-de-bouchnak\/#primaryimage"},"image":{"@id":"https:\/\/kapitalis.com\/tunisie\/2022\/07\/14\/festival-de-carthage-de-quoi-aura-lair-le-spectacle-ocheg-edenya-de-bouchnak\/#primaryimage"},"thumbnailUrl":"https:\/\/kapitalis.com\/tunisie\/wp-content\/uploads\/2022\/07\/Ocheg-Edenya-Carthage.jpg","datePublished":"2022-07-14T09:33:25+00:00","dateModified":"2022-07-15T08:57:34+00:00","breadcrumb":{"@id":"https:\/\/kapitalis.com\/tunisie\/2022\/07\/14\/festival-de-carthage-de-quoi-aura-lair-le-spectacle-ocheg-edenya-de-bouchnak\/#breadcrumb"},"inLanguage":"fr-FR","potentialAction":[{"@type":"ReadAction","target":["https:\/\/kapitalis.com\/tunisie\/2022\/07\/14\/festival-de-carthage-de-quoi-aura-lair-le-spectacle-ocheg-edenya-de-bouchnak\/"]}]},{"@type":"ImageObject","inLanguage":"fr-FR","@id":"https:\/\/kapitalis.com\/tunisie\/2022\/07\/14\/festival-de-carthage-de-quoi-aura-lair-le-spectacle-ocheg-edenya-de-bouchnak\/#primaryimage","url":"https:\/\/kapitalis.com\/tunisie\/wp-content\/uploads\/2022\/07\/Ocheg-Edenya-Carthage.jpg","contentUrl":"https:\/\/kapitalis.com\/tunisie\/wp-content\/uploads\/2022\/07\/Ocheg-Edenya-Carthage.jpg","width":1200,"height":630},{"@type":"BreadcrumbList","@id":"https:\/\/kapitalis.com\/tunisie\/2022\/07\/14\/festival-de-carthage-de-quoi-aura-lair-le-spectacle-ocheg-edenya-de-bouchnak\/#breadcrumb","itemListElement":[{"@type":"ListItem","position":1,"name":"Accueil","item":"https:\/\/kapitalis.com\/tunisie\/"},{"@type":"ListItem","position":2,"name":"Festival de Carthage\u00a0: De quoi aura l\u2019air le spectacle Ocheg Edenya de Bouchnak\u00a0?"}]},{"@type":"WebSite","@id":"https:\/\/kapitalis.com\/tunisie\/#website","url":"https:\/\/kapitalis.com\/tunisie\/","name":"Kapitalis","description":"L&#039;actualit\u00e9 en Tunisie et dans le monde","publisher":{"@id":"https:\/\/kapitalis.com\/tunisie\/#organization"},"potentialAction":[{"@type":"SearchAction","target":{"@type":"EntryPoint","urlTemplate":"https:\/\/kapitalis.com\/tunisie\/?s={search_term_string}"},"query-input":{"@type":"PropertyValueSpecification","valueRequired":true,"valueName":"search_term_string"}}],"inLanguage":"fr-FR"},{"@type":"Organization","@id":"https:\/\/kapitalis.com\/tunisie\/#organization","name":"Kapitalis","url":"https:\/\/kapitalis.com\/tunisie\/","logo":{"@type":"ImageObject","inLanguage":"fr-FR","@id":"https:\/\/kapitalis.com\/tunisie\/#\/schema\/logo\/image\/","url":"https:\/\/kapitalis.com\/tunisie\/wp-content\/uploads\/2022\/05\/Kapitalis-big-size.png","contentUrl":"https:\/\/kapitalis.com\/tunisie\/wp-content\/uploads\/2022\/05\/Kapitalis-big-size.png","width":5000,"height":1500,"caption":"Kapitalis"},"image":{"@id":"https:\/\/kapitalis.com\/tunisie\/#\/schema\/logo\/image\/"},"sameAs":["https:\/\/www.facebook.com\/KapitalisInfo\/","https:\/\/x.com\/KapitalisInfo","https:\/\/www.youtube.com\/channel\/UC-yDYrHyfFBWWZaOw3FPg9Q"]},{"@type":"Person","@id":"https:\/\/kapitalis.com\/tunisie\/#\/schema\/person\/73a5ecc1f6ae540c6ed91342eadca948","name":"Fawz BenAli","url":"https:\/\/kapitalis.com\/tunisie\/author\/fawz\/"}]}},"_links":{"self":[{"href":"https:\/\/kapitalis.com\/tunisie\/wp-json\/wp\/v2\/posts\/2240659","targetHints":{"allow":["GET"]}}],"collection":[{"href":"https:\/\/kapitalis.com\/tunisie\/wp-json\/wp\/v2\/posts"}],"about":[{"href":"https:\/\/kapitalis.com\/tunisie\/wp-json\/wp\/v2\/types\/post"}],"author":[{"embeddable":true,"href":"https:\/\/kapitalis.com\/tunisie\/wp-json\/wp\/v2\/users\/26"}],"replies":[{"embeddable":true,"href":"https:\/\/kapitalis.com\/tunisie\/wp-json\/wp\/v2\/comments?post=2240659"}],"version-history":[{"count":0,"href":"https:\/\/kapitalis.com\/tunisie\/wp-json\/wp\/v2\/posts\/2240659\/revisions"}],"wp:featuredmedia":[{"embeddable":true,"href":"https:\/\/kapitalis.com\/tunisie\/wp-json\/wp\/v2\/media\/2241341"}],"wp:attachment":[{"href":"https:\/\/kapitalis.com\/tunisie\/wp-json\/wp\/v2\/media?parent=2240659"}],"wp:term":[{"taxonomy":"category","embeddable":true,"href":"https:\/\/kapitalis.com\/tunisie\/wp-json\/wp\/v2\/categories?post=2240659"},{"taxonomy":"post_tag","embeddable":true,"href":"https:\/\/kapitalis.com\/tunisie\/wp-json\/wp\/v2\/tags?post=2240659"}],"curies":[{"name":"wp","href":"https:\/\/api.w.org\/{rel}","templated":true}]}}