{"id":224609,"date":"2019-07-12T13:48:23","date_gmt":"2019-07-12T12:48:23","guid":{"rendered":"http:\/\/kapitalis.com\/tunisie\/?p=224609"},"modified":"2019-07-12T13:48:26","modified_gmt":"2019-07-12T12:48:26","slug":"ce-soir-a-massaya-palace-defile-de-mode-ksar-hellal-fashion-festival","status":"publish","type":"post","link":"https:\/\/kapitalis.com\/tunisie\/2019\/07\/12\/ce-soir-a-massaya-palace-defile-de-mode-ksar-hellal-fashion-festival\/","title":{"rendered":"Ce soir \u00e0 Massaya Palace : D\u00e9fil\u00e9 de mode \u00abKsar Hellal Fashion Festival\u00bb"},"content":{"rendered":"\n<figure class=\"wp-block-image\"><img decoding=\"async\" src=\"http:\/\/kapitalis.com\/tunisie\/wp-content\/uploads\/2019\/07\/Ksar-Hellal-Fashion-Festival.jpg\" alt=\"\" class=\"wp-image-224612\"\/><\/figure>\n\n\n\n<p><strong><em>Un d\u00e9fil\u00e9 de mode intitul\u00e9 \u00abKsar Hellal Fashion Festival\u00bb se tiendra ce soir, vendredi 12 juillet 2019, \u00e0 partir de 19h00, \u00e0 la salle Massaya Palace, dans cette ville du Sahel r\u00e9put\u00e9e pour \u00eatre l\u2019un des centres de l\u2019industrie textile et habillement en Tunisie.<\/em><\/strong><br><\/p>\n\n\n\n<!--more-->\n\n\n\n<p> Ce d\u00e9fil\u00e9, qui a pour objectif de mettre en valeur les produits textiles fabriqu\u00e9s par des industriels tunisiens, est organis\u00e9 par la F\u00e9d\u00e9ration tunisienne du textile et de l\u2019habillement (FTTH), dont la plupart des membres sont issus de cette ville. <br><\/p>\n\n\n\n<p> Le programme concoct\u00e9 \u00e0 cette occasion d\u00e9butera avec un show d\u2019ouverture bas\u00e9 sur les techniques de tissage et de tricotage identitaires de la r\u00e9gion, et comprend \u00e9galement des sc\u00e8nes chor\u00e9graphiques avec pr\u00e9sentation de costumes, et un d\u00e9fil\u00e9 de haute couture. <br><\/p>\n\n\n\n<p> Un concept original qui unit deux domaines cr\u00e9atifs si proches et si distants \u00e0 la fois. Cette intersection nous offre un spectacle original digne de ce p\u00f4le du textile. Cet \u00e9v\u00e9nement sera donc un show m\u00ealant tradition et modernit\u00e9, authenticit\u00e9 et futurisme, attachement aux h\u00e9ritages culturels et ouverture sur les arts !<br><\/p>\n\n\n\n<p> C\u2019est pour cette raison que les organisateurs ont choisi le slogan <em>\u00abFashion Must go on\u00bb<\/em>.<br><\/p>\n\n\n\n<p> <strong><em>Source<\/em><\/strong> : communiqu\u00e9. <\/p>\n","protected":false},"excerpt":{"rendered":"<p>Un d\u00e9fil\u00e9 de mode intitul\u00e9 \u00abKsar Hellal Fashion Festival\u00bb se tiendra ce soir, vendredi 12 juillet 2019, \u00e0 partir de 19h00, \u00e0 la salle Massaya Palace, dans cette ville du Sahel r\u00e9put\u00e9e pour \u00eatre l\u2019un des centres de l\u2019industrie textile et habillement en Tunisie.<\/p>\n","protected":false},"author":8,"featured_media":224612,"comment_status":"open","ping_status":"open","sticky":false,"template":"","format":"standard","meta":{"footnotes":""},"categories":[994,995,2433],"tags":[30911,24233],"class_list":["post-224609","post","type-post","status-publish","format-standard","has-post-thumbnail","hentry","category-culture","category-economie","category-tunisie","tag-ftth","tag-textile-et-habillement"],"yoast_head":"<!-- This site is optimized with the Yoast SEO plugin v26.6 - https:\/\/yoast.com\/wordpress\/plugins\/seo\/ -->\n<title>Ce soir \u00e0 Massaya Palace : D\u00e9fil\u00e9 de mode \u00abKsar Hellal Fashion Festival\u00bb - Kapitalis<\/title>\n<meta name=\"robots\" content=\"index, follow, max-snippet:-1, max-image-preview:large, max-video-preview:-1\" \/>\n<link rel=\"canonical\" href=\"https:\/\/kapitalis.com\/tunisie\/2019\/07\/12\/ce-soir-a-massaya-palace-defile-de-mode-ksar-hellal-fashion-festival\/\" \/>\n<meta property=\"og:locale\" content=\"fr_FR\" \/>\n<meta property=\"og:type\" content=\"article\" \/>\n<meta property=\"og:title\" content=\"Ce soir \u00e0 Massaya Palace : D\u00e9fil\u00e9 de mode \u00abKsar Hellal Fashion Festival\u00bb - Kapitalis\" \/>\n<meta property=\"og:description\" content=\"Un d\u00e9fil\u00e9 de mode intitul\u00e9 \u00abKsar Hellal Fashion Festival\u00bb se tiendra ce soir, vendredi 12 juillet 2019, \u00e0 partir de 19h00, \u00e0 la salle Massaya Palace, dans cette ville du Sahel r\u00e9put\u00e9e pour \u00eatre l\u2019un des centres de l\u2019industrie textile et habillement en Tunisie.\" \/>\n<meta property=\"og:url\" content=\"https:\/\/kapitalis.com\/tunisie\/2019\/07\/12\/ce-soir-a-massaya-palace-defile-de-mode-ksar-hellal-fashion-festival\/\" \/>\n<meta property=\"og:site_name\" content=\"Kapitalis\" \/>\n<meta property=\"article:publisher\" content=\"https:\/\/www.facebook.com\/KapitalisInfo\/\" \/>\n<meta property=\"article:published_time\" content=\"2019-07-12T12:48:23+00:00\" \/>\n<meta property=\"article:modified_time\" content=\"2019-07-12T12:48:26+00:00\" \/>\n<meta property=\"og:image\" content=\"https:\/\/kapitalis.com\/tunisie\/wp-content\/uploads\/2022\/05\/kapitalis-logo-fb.png\" \/>\n\t<meta property=\"og:image:width\" content=\"1200\" \/>\n\t<meta property=\"og:image:height\" content=\"630\" \/>\n\t<meta property=\"og:image:type\" content=\"image\/png\" \/>\n<meta name=\"author\" content=\"webmaster kapitalis\" \/>\n<meta name=\"twitter:card\" content=\"summary_large_image\" \/>\n<meta name=\"twitter:creator\" content=\"@KapitalisInfo\" \/>\n<meta name=\"twitter:site\" content=\"@KapitalisInfo\" \/>\n<meta name=\"twitter:label1\" content=\"\u00c9crit par\" \/>\n\t<meta name=\"twitter:data1\" content=\"webmaster kapitalis\" \/>\n\t<meta name=\"twitter:label2\" content=\"Dur\u00e9e de lecture estim\u00e9e\" \/>\n\t<meta name=\"twitter:data2\" content=\"1 minute\" \/>\n<script type=\"application\/ld+json\" class=\"yoast-schema-graph\">{\"@context\":\"https:\/\/schema.org\",\"@graph\":[{\"@type\":\"Article\",\"@id\":\"https:\/\/kapitalis.com\/tunisie\/2019\/07\/12\/ce-soir-a-massaya-palace-defile-de-mode-ksar-hellal-fashion-festival\/#article\",\"isPartOf\":{\"@id\":\"https:\/\/kapitalis.com\/tunisie\/2019\/07\/12\/ce-soir-a-massaya-palace-defile-de-mode-ksar-hellal-fashion-festival\/\"},\"author\":{\"name\":\"webmaster kapitalis\",\"@id\":\"https:\/\/kapitalis.com\/tunisie\/#\/schema\/person\/d71f33a9ca44f7bad4698210b480c8e9\"},\"headline\":\"Ce soir \u00e0 Massaya Palace : D\u00e9fil\u00e9 de mode \u00abKsar Hellal Fashion Festival\u00bb\",\"datePublished\":\"2019-07-12T12:48:23+00:00\",\"dateModified\":\"2019-07-12T12:48:26+00:00\",\"mainEntityOfPage\":{\"@id\":\"https:\/\/kapitalis.com\/tunisie\/2019\/07\/12\/ce-soir-a-massaya-palace-defile-de-mode-ksar-hellal-fashion-festival\/\"},\"wordCount\":221,\"commentCount\":0,\"publisher\":{\"@id\":\"https:\/\/kapitalis.com\/tunisie\/#organization\"},\"image\":{\"@id\":\"https:\/\/kapitalis.com\/tunisie\/2019\/07\/12\/ce-soir-a-massaya-palace-defile-de-mode-ksar-hellal-fashion-festival\/#primaryimage\"},\"thumbnailUrl\":\"\",\"keywords\":[\"FTTH\",\"textile et habillement\"],\"articleSection\":[\"CULTURE\",\"ECONOMIE\",\"Tunisie\"],\"inLanguage\":\"fr-FR\",\"potentialAction\":[{\"@type\":\"CommentAction\",\"name\":\"Comment\",\"target\":[\"https:\/\/kapitalis.com\/tunisie\/2019\/07\/12\/ce-soir-a-massaya-palace-defile-de-mode-ksar-hellal-fashion-festival\/#respond\"]}]},{\"@type\":\"WebPage\",\"@id\":\"https:\/\/kapitalis.com\/tunisie\/2019\/07\/12\/ce-soir-a-massaya-palace-defile-de-mode-ksar-hellal-fashion-festival\/\",\"url\":\"https:\/\/kapitalis.com\/tunisie\/2019\/07\/12\/ce-soir-a-massaya-palace-defile-de-mode-ksar-hellal-fashion-festival\/\",\"name\":\"Ce soir \u00e0 Massaya Palace : D\u00e9fil\u00e9 de mode \u00abKsar Hellal Fashion Festival\u00bb - Kapitalis\",\"isPartOf\":{\"@id\":\"https:\/\/kapitalis.com\/tunisie\/#website\"},\"primaryImageOfPage\":{\"@id\":\"https:\/\/kapitalis.com\/tunisie\/2019\/07\/12\/ce-soir-a-massaya-palace-defile-de-mode-ksar-hellal-fashion-festival\/#primaryimage\"},\"image\":{\"@id\":\"https:\/\/kapitalis.com\/tunisie\/2019\/07\/12\/ce-soir-a-massaya-palace-defile-de-mode-ksar-hellal-fashion-festival\/#primaryimage\"},\"thumbnailUrl\":\"\",\"datePublished\":\"2019-07-12T12:48:23+00:00\",\"dateModified\":\"2019-07-12T12:48:26+00:00\",\"breadcrumb\":{\"@id\":\"https:\/\/kapitalis.com\/tunisie\/2019\/07\/12\/ce-soir-a-massaya-palace-defile-de-mode-ksar-hellal-fashion-festival\/#breadcrumb\"},\"inLanguage\":\"fr-FR\",\"potentialAction\":[{\"@type\":\"ReadAction\",\"target\":[\"https:\/\/kapitalis.com\/tunisie\/2019\/07\/12\/ce-soir-a-massaya-palace-defile-de-mode-ksar-hellal-fashion-festival\/\"]}]},{\"@type\":\"ImageObject\",\"inLanguage\":\"fr-FR\",\"@id\":\"https:\/\/kapitalis.com\/tunisie\/2019\/07\/12\/ce-soir-a-massaya-palace-defile-de-mode-ksar-hellal-fashion-festival\/#primaryimage\",\"url\":\"\",\"contentUrl\":\"\"},{\"@type\":\"BreadcrumbList\",\"@id\":\"https:\/\/kapitalis.com\/tunisie\/2019\/07\/12\/ce-soir-a-massaya-palace-defile-de-mode-ksar-hellal-fashion-festival\/#breadcrumb\",\"itemListElement\":[{\"@type\":\"ListItem\",\"position\":1,\"name\":\"Accueil\",\"item\":\"https:\/\/kapitalis.com\/tunisie\/\"},{\"@type\":\"ListItem\",\"position\":2,\"name\":\"Ce soir \u00e0 Massaya Palace : D\u00e9fil\u00e9 de mode \u00abKsar Hellal Fashion Festival\u00bb\"}]},{\"@type\":\"WebSite\",\"@id\":\"https:\/\/kapitalis.com\/tunisie\/#website\",\"url\":\"https:\/\/kapitalis.com\/tunisie\/\",\"name\":\"Kapitalis\",\"description\":\"L&#039;actualit\u00e9 en Tunisie et dans le monde\",\"publisher\":{\"@id\":\"https:\/\/kapitalis.com\/tunisie\/#organization\"},\"potentialAction\":[{\"@type\":\"SearchAction\",\"target\":{\"@type\":\"EntryPoint\",\"urlTemplate\":\"https:\/\/kapitalis.com\/tunisie\/?s={search_term_string}\"},\"query-input\":{\"@type\":\"PropertyValueSpecification\",\"valueRequired\":true,\"valueName\":\"search_term_string\"}}],\"inLanguage\":\"fr-FR\"},{\"@type\":\"Organization\",\"@id\":\"https:\/\/kapitalis.com\/tunisie\/#organization\",\"name\":\"Kapitalis\",\"url\":\"https:\/\/kapitalis.com\/tunisie\/\",\"logo\":{\"@type\":\"ImageObject\",\"inLanguage\":\"fr-FR\",\"@id\":\"https:\/\/kapitalis.com\/tunisie\/#\/schema\/logo\/image\/\",\"url\":\"https:\/\/kapitalis.com\/tunisie\/wp-content\/uploads\/2022\/05\/Kapitalis-big-size.png\",\"contentUrl\":\"https:\/\/kapitalis.com\/tunisie\/wp-content\/uploads\/2022\/05\/Kapitalis-big-size.png\",\"width\":5000,\"height\":1500,\"caption\":\"Kapitalis\"},\"image\":{\"@id\":\"https:\/\/kapitalis.com\/tunisie\/#\/schema\/logo\/image\/\"},\"sameAs\":[\"https:\/\/www.facebook.com\/KapitalisInfo\/\",\"https:\/\/x.com\/KapitalisInfo\",\"https:\/\/www.youtube.com\/channel\/UC-yDYrHyfFBWWZaOw3FPg9Q\"]},{\"@type\":\"Person\",\"@id\":\"https:\/\/kapitalis.com\/tunisie\/#\/schema\/person\/d71f33a9ca44f7bad4698210b480c8e9\",\"name\":\"webmaster kapitalis\",\"url\":\"https:\/\/kapitalis.com\/tunisie\/author\/webmaster-kapitalis\/\"}]}<\/script>\n<!-- \/ Yoast SEO plugin. -->","yoast_head_json":{"title":"Ce soir \u00e0 Massaya Palace : D\u00e9fil\u00e9 de mode \u00abKsar Hellal Fashion Festival\u00bb - Kapitalis","robots":{"index":"index","follow":"follow","max-snippet":"max-snippet:-1","max-image-preview":"max-image-preview:large","max-video-preview":"max-video-preview:-1"},"canonical":"https:\/\/kapitalis.com\/tunisie\/2019\/07\/12\/ce-soir-a-massaya-palace-defile-de-mode-ksar-hellal-fashion-festival\/","og_locale":"fr_FR","og_type":"article","og_title":"Ce soir \u00e0 Massaya Palace : D\u00e9fil\u00e9 de mode \u00abKsar Hellal Fashion Festival\u00bb - Kapitalis","og_description":"Un d\u00e9fil\u00e9 de mode intitul\u00e9 \u00abKsar Hellal Fashion Festival\u00bb se tiendra ce soir, vendredi 12 juillet 2019, \u00e0 partir de 19h00, \u00e0 la salle Massaya Palace, dans cette ville du Sahel r\u00e9put\u00e9e pour \u00eatre l\u2019un des centres de l\u2019industrie textile et habillement en Tunisie.","og_url":"https:\/\/kapitalis.com\/tunisie\/2019\/07\/12\/ce-soir-a-massaya-palace-defile-de-mode-ksar-hellal-fashion-festival\/","og_site_name":"Kapitalis","article_publisher":"https:\/\/www.facebook.com\/KapitalisInfo\/","article_published_time":"2019-07-12T12:48:23+00:00","article_modified_time":"2019-07-12T12:48:26+00:00","og_image":[{"width":1200,"height":630,"url":"https:\/\/kapitalis.com\/tunisie\/wp-content\/uploads\/2022\/05\/kapitalis-logo-fb.png","type":"image\/png"}],"author":"webmaster kapitalis","twitter_card":"summary_large_image","twitter_creator":"@KapitalisInfo","twitter_site":"@KapitalisInfo","twitter_misc":{"\u00c9crit par":"webmaster kapitalis","Dur\u00e9e de lecture estim\u00e9e":"1 minute"},"schema":{"@context":"https:\/\/schema.org","@graph":[{"@type":"Article","@id":"https:\/\/kapitalis.com\/tunisie\/2019\/07\/12\/ce-soir-a-massaya-palace-defile-de-mode-ksar-hellal-fashion-festival\/#article","isPartOf":{"@id":"https:\/\/kapitalis.com\/tunisie\/2019\/07\/12\/ce-soir-a-massaya-palace-defile-de-mode-ksar-hellal-fashion-festival\/"},"author":{"name":"webmaster kapitalis","@id":"https:\/\/kapitalis.com\/tunisie\/#\/schema\/person\/d71f33a9ca44f7bad4698210b480c8e9"},"headline":"Ce soir \u00e0 Massaya Palace : D\u00e9fil\u00e9 de mode \u00abKsar Hellal Fashion Festival\u00bb","datePublished":"2019-07-12T12:48:23+00:00","dateModified":"2019-07-12T12:48:26+00:00","mainEntityOfPage":{"@id":"https:\/\/kapitalis.com\/tunisie\/2019\/07\/12\/ce-soir-a-massaya-palace-defile-de-mode-ksar-hellal-fashion-festival\/"},"wordCount":221,"commentCount":0,"publisher":{"@id":"https:\/\/kapitalis.com\/tunisie\/#organization"},"image":{"@id":"https:\/\/kapitalis.com\/tunisie\/2019\/07\/12\/ce-soir-a-massaya-palace-defile-de-mode-ksar-hellal-fashion-festival\/#primaryimage"},"thumbnailUrl":"","keywords":["FTTH","textile et habillement"],"articleSection":["CULTURE","ECONOMIE","Tunisie"],"inLanguage":"fr-FR","potentialAction":[{"@type":"CommentAction","name":"Comment","target":["https:\/\/kapitalis.com\/tunisie\/2019\/07\/12\/ce-soir-a-massaya-palace-defile-de-mode-ksar-hellal-fashion-festival\/#respond"]}]},{"@type":"WebPage","@id":"https:\/\/kapitalis.com\/tunisie\/2019\/07\/12\/ce-soir-a-massaya-palace-defile-de-mode-ksar-hellal-fashion-festival\/","url":"https:\/\/kapitalis.com\/tunisie\/2019\/07\/12\/ce-soir-a-massaya-palace-defile-de-mode-ksar-hellal-fashion-festival\/","name":"Ce soir \u00e0 Massaya Palace : D\u00e9fil\u00e9 de mode \u00abKsar Hellal Fashion Festival\u00bb - Kapitalis","isPartOf":{"@id":"https:\/\/kapitalis.com\/tunisie\/#website"},"primaryImageOfPage":{"@id":"https:\/\/kapitalis.com\/tunisie\/2019\/07\/12\/ce-soir-a-massaya-palace-defile-de-mode-ksar-hellal-fashion-festival\/#primaryimage"},"image":{"@id":"https:\/\/kapitalis.com\/tunisie\/2019\/07\/12\/ce-soir-a-massaya-palace-defile-de-mode-ksar-hellal-fashion-festival\/#primaryimage"},"thumbnailUrl":"","datePublished":"2019-07-12T12:48:23+00:00","dateModified":"2019-07-12T12:48:26+00:00","breadcrumb":{"@id":"https:\/\/kapitalis.com\/tunisie\/2019\/07\/12\/ce-soir-a-massaya-palace-defile-de-mode-ksar-hellal-fashion-festival\/#breadcrumb"},"inLanguage":"fr-FR","potentialAction":[{"@type":"ReadAction","target":["https:\/\/kapitalis.com\/tunisie\/2019\/07\/12\/ce-soir-a-massaya-palace-defile-de-mode-ksar-hellal-fashion-festival\/"]}]},{"@type":"ImageObject","inLanguage":"fr-FR","@id":"https:\/\/kapitalis.com\/tunisie\/2019\/07\/12\/ce-soir-a-massaya-palace-defile-de-mode-ksar-hellal-fashion-festival\/#primaryimage","url":"","contentUrl":""},{"@type":"BreadcrumbList","@id":"https:\/\/kapitalis.com\/tunisie\/2019\/07\/12\/ce-soir-a-massaya-palace-defile-de-mode-ksar-hellal-fashion-festival\/#breadcrumb","itemListElement":[{"@type":"ListItem","position":1,"name":"Accueil","item":"https:\/\/kapitalis.com\/tunisie\/"},{"@type":"ListItem","position":2,"name":"Ce soir \u00e0 Massaya Palace : D\u00e9fil\u00e9 de mode \u00abKsar Hellal Fashion Festival\u00bb"}]},{"@type":"WebSite","@id":"https:\/\/kapitalis.com\/tunisie\/#website","url":"https:\/\/kapitalis.com\/tunisie\/","name":"Kapitalis","description":"L&#039;actualit\u00e9 en Tunisie et dans le monde","publisher":{"@id":"https:\/\/kapitalis.com\/tunisie\/#organization"},"potentialAction":[{"@type":"SearchAction","target":{"@type":"EntryPoint","urlTemplate":"https:\/\/kapitalis.com\/tunisie\/?s={search_term_string}"},"query-input":{"@type":"PropertyValueSpecification","valueRequired":true,"valueName":"search_term_string"}}],"inLanguage":"fr-FR"},{"@type":"Organization","@id":"https:\/\/kapitalis.com\/tunisie\/#organization","name":"Kapitalis","url":"https:\/\/kapitalis.com\/tunisie\/","logo":{"@type":"ImageObject","inLanguage":"fr-FR","@id":"https:\/\/kapitalis.com\/tunisie\/#\/schema\/logo\/image\/","url":"https:\/\/kapitalis.com\/tunisie\/wp-content\/uploads\/2022\/05\/Kapitalis-big-size.png","contentUrl":"https:\/\/kapitalis.com\/tunisie\/wp-content\/uploads\/2022\/05\/Kapitalis-big-size.png","width":5000,"height":1500,"caption":"Kapitalis"},"image":{"@id":"https:\/\/kapitalis.com\/tunisie\/#\/schema\/logo\/image\/"},"sameAs":["https:\/\/www.facebook.com\/KapitalisInfo\/","https:\/\/x.com\/KapitalisInfo","https:\/\/www.youtube.com\/channel\/UC-yDYrHyfFBWWZaOw3FPg9Q"]},{"@type":"Person","@id":"https:\/\/kapitalis.com\/tunisie\/#\/schema\/person\/d71f33a9ca44f7bad4698210b480c8e9","name":"webmaster kapitalis","url":"https:\/\/kapitalis.com\/tunisie\/author\/webmaster-kapitalis\/"}]}},"_links":{"self":[{"href":"https:\/\/kapitalis.com\/tunisie\/wp-json\/wp\/v2\/posts\/224609","targetHints":{"allow":["GET"]}}],"collection":[{"href":"https:\/\/kapitalis.com\/tunisie\/wp-json\/wp\/v2\/posts"}],"about":[{"href":"https:\/\/kapitalis.com\/tunisie\/wp-json\/wp\/v2\/types\/post"}],"author":[{"embeddable":true,"href":"https:\/\/kapitalis.com\/tunisie\/wp-json\/wp\/v2\/users\/8"}],"replies":[{"embeddable":true,"href":"https:\/\/kapitalis.com\/tunisie\/wp-json\/wp\/v2\/comments?post=224609"}],"version-history":[{"count":0,"href":"https:\/\/kapitalis.com\/tunisie\/wp-json\/wp\/v2\/posts\/224609\/revisions"}],"wp:featuredmedia":[{"embeddable":true,"href":"https:\/\/kapitalis.com\/tunisie\/wp-json\/wp\/v2\/media\/224612"}],"wp:attachment":[{"href":"https:\/\/kapitalis.com\/tunisie\/wp-json\/wp\/v2\/media?parent=224609"}],"wp:term":[{"taxonomy":"category","embeddable":true,"href":"https:\/\/kapitalis.com\/tunisie\/wp-json\/wp\/v2\/categories?post=224609"},{"taxonomy":"post_tag","embeddable":true,"href":"https:\/\/kapitalis.com\/tunisie\/wp-json\/wp\/v2\/tags?post=224609"}],"curies":[{"name":"wp","href":"https:\/\/api.w.org\/{rel}","templated":true}]}}