{"id":224722,"date":"2019-07-12T17:45:28","date_gmt":"2019-07-12T16:45:28","guid":{"rendered":"http:\/\/kapitalis.com\/tunisie\/?p=224722"},"modified":"2019-07-12T18:05:21","modified_gmt":"2019-07-12T17:05:21","slug":"la-55e-edition-du-festival-de-carthage-demarre-aux-rythmes-du-ballet-de-saint-petersbourg","status":"publish","type":"post","link":"https:\/\/kapitalis.com\/tunisie\/2019\/07\/12\/la-55e-edition-du-festival-de-carthage-demarre-aux-rythmes-du-ballet-de-saint-petersbourg\/","title":{"rendered":"La 55e \u00e9dition du Festival de Carthage d\u00e9marre aux rythmes du Ballet de Saint-P\u00e9tersbourg"},"content":{"rendered":"\n<figure class=\"wp-block-image\"><img decoding=\"async\" src=\"http:\/\/kapitalis.com\/tunisie\/wp-content\/uploads\/2019\/07\/Le-Lac-des-Cygnes-Carthage-Ban.jpg\" alt=\"\" class=\"wp-image-224727\"\/><\/figure>\n\n\n\n<p><strong><em>Fid\u00e8le \u00e0 sa tradition d\u2019ouvrir le bal avec de grands spectacles internationaux, comme ce fut le cas l\u2019ann\u00e9e derni\u00e8re avec l\u2019Op\u00e9ra A\u00efda, le Festival international de Carthage a donn\u00e9 le coup d\u2019envoi de sa 55e \u00e9dition, le soir du jeudi 11 juillet 2019, avec le Ballet russe de Saint-P\u00e9tersbourg, reprenant le c\u00e9l\u00e9brissime \u2018\u2018Le Lac des Cygnes\u2019\u2019.<\/em><\/strong><br><\/p>\n\n\n\n<p> Par <strong>Fawz Ben Ali<\/strong><br><\/p>\n\n\n\n<!--more-->\n\n\n\n<p> Le Festival international de Carthage a fait cette ann\u00e9e la part belle \u00e0 l\u2019art du ballet en programmant trois grands spectacles internationaux : le Ballet russe de Saint-P\u00e9tersbourg, le ballet japonais Awa Dance et le Ballet chinois.<br><\/p>\n\n\n\n<h3 class=\"wp-block-heading\"> De l\u2019euphorie du match au silence \u00e9merveill\u00e9 du spectacle<br><\/h3>\n\n\n\n<p> Bien que le spectacle d\u2019ouverture ait co\u00efncid\u00e9 avec le match tant attendu de l\u2019\u00e9quipe nationale tunisienne de football contre le Madagascar, le public a r\u00e9pondu pr\u00e9sent et les gradins du Th\u00e9\u00e2tre romain de Carthage \u00e9taient  bien remplis, un pari gagn\u00e9 pour le Festival qui a eu la bonne id\u00e9e de diffuser le match sur un \u00e9cran g\u00e9ant avant le spectacle, afin que les festivaliers ne puissent rien rater, une premi\u00e8re dans l\u2019histoire du Festival de Carthage.<br><\/p>\n\n\n\n<div class=\"wp-block-image\"><figure class=\"aligncenter is-resized\"><img loading=\"lazy\" decoding=\"async\" src=\"http:\/\/kapitalis.com\/tunisie\/wp-content\/uploads\/2019\/07\/Lac-des-Cygnes-Carthage-1024x561.jpg\" alt=\"\" class=\"wp-image-224736\" width=\"500\" height=\"317\"\/><\/figure><\/div>\n\n\n\n<p> L\u2019ambiance folle et euphorique de la victoire des Aigles de Carthage et de leur qualification en demi-finale a vite laiss\u00e9 place \u00e0 un silence \u00e9merveill\u00e9 chez le public carthaginois avec l\u2019arriv\u00e9e sur sc\u00e8ne de la prestigieuse troupe russe, qui, apr\u00e8s avoir sillonn\u00e9 les plus grandes sc\u00e8nes du monde, a fait escale pour la premi\u00e8re fois en Tunisie et sur le continent africain, nous proposant sa version tr\u00e8s particuli\u00e8re de l\u2019un des plus grands ballets classiques<em> \u2018\u2018Le Lac des Cygnes\u2019\u2019<\/em>, cr\u00e9\u00e9 en 1877 sur une musique de Tcha\u00efkovski et un livret de Vladimir Begitchev.<br><\/p>\n\n\n\n<div class=\"wp-block-image\"><figure class=\"aligncenter is-resized\"><img loading=\"lazy\" decoding=\"async\" src=\"http:\/\/kapitalis.com\/tunisie\/wp-content\/uploads\/2019\/07\/Lac-des-Cygnes-Carthage-2-1024x502.jpg\" alt=\"\" class=\"wp-image-224737\" width=\"500\" height=\"284\"\/><\/figure><\/div>\n\n\n\n<p> Les Journ\u00e9es chor\u00e9graphiques de Carthage avaient aussi programm\u00e9 <em>\u2018\u2018Le Lac des cygnes\u2019\u2019<\/em> \u00e0 <a href=\"http:\/\/kapitalis.com\/tunisie\/2019\/06\/24\/carthage-dance-une-cloture-en-apotheose-avec-le-lac-des-cygnes\/\" target=\"_blank\" rel=\"noreferrer noopener\" aria-label=\"la cl\u00f4ture de leur deuxi\u00e8me \u00e9dition (s\u2019ouvre dans un nouvel onglet)\">la cl\u00f4ture de leur deuxi\u00e8me \u00e9dition<\/a>, le mois dernier, une adaptation sign\u00e9e le Ballet de l\u2019Op\u00e9ra national du Rhin et le chor\u00e9graphe tunisien Radhouane El Meddeb, mais la version que l\u2019on a d\u00e9couverte hier soir \u00e0 l\u2019ouverture du Festival de Carthage \u00e9tait bien diff\u00e9rente aussi bien dans le fond que dans la forme. <\/p>\n\n\n\n<div class=\"wp-block-image\"><figure class=\"aligncenter is-resized\"><img loading=\"lazy\" decoding=\"async\" src=\"http:\/\/kapitalis.com\/tunisie\/wp-content\/uploads\/2019\/07\/Lac-des-Cygnes-Carthage-3.jpg\" alt=\"\" class=\"wp-image-224738\" width=\"500\" height=\"385\"\/><\/figure><\/div>\n\n\n\n<h3 class=\"wp-block-heading\">Dans le fabuleux univers des cygnes<br><\/h3>\n\n\n\n<p> Une quarantaine de danseurs et de danseuses ont commenc\u00e9 \u00e0 appara\u00eetre sur les planches et \u00e0 nous embarquer d\u00e8s les premiers tableaux dans le fabuleux univers des cygnes et de cette histoire du jeune prince Siegfried  et de labelle princesse Odette, inspir\u00e9e d\u2019une l\u00e9gende allemande, devenue au fil des ann\u00e9es, des d\u00e9cennies et des si\u00e8cles, l\u2019un des plus grands chefs-d\u2019\u0153uvre du ballet classique. <br><\/p>\n\n\n\n<p> Il faut dire que<em> \u2018\u2018Le Lac des cygnes\u2019\u2019<\/em> demeure \u00e0 ce jour une source d\u2019inspiration in\u00e9puisable pour les artistes de toutes les cultures et de tous les horizons, produisant toujours le m\u00eame effet d\u2019\u00e9merveillement chez le public.<br><\/p>\n\n\n\n<div class=\"wp-block-image\"><figure class=\"aligncenter is-resized\"><img loading=\"lazy\" decoding=\"async\" src=\"http:\/\/kapitalis.com\/tunisie\/wp-content\/uploads\/2019\/07\/Lac-des-Cygnes-Carthage-4.jpg\" alt=\"\" class=\"wp-image-224739\" width=\"500\" height=\"385\"\/><\/figure><\/div>\n\n\n\n<p> Sous la direction artistique d\u2019Anton Ploom, cette talentueuse troupe nous vient tout droit de Saint-P\u00e9tersbourg, l\u00e0 o\u00f9 sont n\u00e9s les plus grands ballets russes, dont la mythique Acad\u00e9mie du Ballet Vaganova, cr\u00e9\u00e9e en 1738, plus d\u2019un si\u00e8cle avant <em>\u2018\u2018Le Lac des Cygnes\u2019\u2019<\/em>.<br><\/p>\n\n\n\n<p> Cette \u00e9ni\u00e8me adaptation du chef-d\u2019\u0153uvre de Tcha\u00efkovski se distingue notamment par le choix des costumes flamboyants, par son intensit\u00e9 dramatique, par la synchronisation \u00e9poustouflante de ses danseurs qui d\u00e9gagent un vrai charisme sc\u00e9nique, aussi bien dans les solos, dans les duos, que dans les sc\u00e8nes collectives.<br><\/p>\n\n\n\n<div class=\"wp-block-image\"><figure class=\"aligncenter is-resized\"><img loading=\"lazy\" decoding=\"async\" src=\"http:\/\/kapitalis.com\/tunisie\/wp-content\/uploads\/2019\/07\/Lac-des-Cygnes-Carthage-5-1024x587.jpg\" alt=\"\" class=\"wp-image-224742\" width=\"500\" height=\"332\"\/><\/figure><\/div>\n\n\n\n<p> Si la troupe russe a respect\u00e9 la composition de 4 actes et la dur\u00e9e (2h30) de la version originelle, elle s\u2019est toutefois permis d\u2019apporter une touche de libert\u00e9 en imaginant une fin plus heureuse et moins tragique, permettant \u00e0 Siegfried et \u00e0 Odette de se r\u00e9unir.<br><\/p>\n\n\n\n<p> Avec 25 minutes de retard, deux entractes d\u2019une dizaine de minutes et un spectacle qui dure 2H30, le public a malheureusement fini par d\u00e9peupler les gradins bien avant la fin du spectacle, qui sera suivi, ce soir, par un autre tout aussi grandiose, donn\u00e9 par le ballet japonais Awa Dance.<\/p>\n\n\n\n<figure class=\"wp-block-embed is-type-rich is-provider-kapitalis\"><div class=\"wp-block-embed__wrapper\">\n<blockquote class=\"wp-embedded-content\" data-secret=\"M0eoUyOmmg\"><a href=\"https:\/\/kapitalis.com\/tunisie\/2019\/07\/06\/programme-du-festival-international-de-carthage-encore-du-deja-vu\/\">Programme du Festival International de Carthage : Encore du d\u00e9j\u00e0-vu<\/a><\/blockquote><iframe loading=\"lazy\" class=\"wp-embedded-content\" sandbox=\"allow-scripts\" security=\"restricted\" style=\"position: absolute; clip: rect(1px, 1px, 1px, 1px);\" title=\"\u00ab\u00a0Programme du Festival International de Carthage : Encore du d\u00e9j\u00e0-vu\u00a0\u00bb &#8212; Kapitalis\" src=\"https:\/\/kapitalis.com\/tunisie\/2019\/07\/06\/programme-du-festival-international-de-carthage-encore-du-deja-vu\/embed\/#?secret=YO6yIhEXME#?secret=M0eoUyOmmg\" data-secret=\"M0eoUyOmmg\" width=\"600\" height=\"338\" frameborder=\"0\" marginwidth=\"0\" marginheight=\"0\" scrolling=\"no\"><\/iframe>\n<\/div><\/figure>\n","protected":false},"excerpt":{"rendered":"<p>Fid\u00e8le \u00e0 sa tradition d\u2019ouvrir le bal avec de grands spectacles internationaux, comme ce fut le cas l\u2019ann\u00e9e derni\u00e8re avec l\u2019Op\u00e9ra A\u00efda, le Festival international de Carthage a donn\u00e9 le coup d\u2019envoi de sa 55e \u00e9dition, le soir du jeudi 11 juillet 2019, avec le Ballet russe de Saint-P\u00e9tersbourg, reprenant le c\u00e9l\u00e9brissime \u2018\u2018Le Lac des&#8230;<\/p>\n","protected":false},"author":8,"featured_media":224727,"comment_status":"open","ping_status":"open","sticky":false,"template":"","format":"standard","meta":{"footnotes":""},"categories":[992,994,2433],"tags":[2616],"class_list":["post-224722","post","type-post","status-publish","format-standard","has-post-thumbnail","hentry","category-a-la-une","category-culture","category-tunisie","tag-festival-international-de-carthage"],"yoast_head":"<!-- This site is optimized with the Yoast SEO plugin v26.6 - https:\/\/yoast.com\/wordpress\/plugins\/seo\/ -->\n<title>La 55e \u00e9dition du Festival de Carthage d\u00e9marre aux rythmes du Ballet de Saint-P\u00e9tersbourg - Kapitalis<\/title>\n<meta name=\"robots\" content=\"index, follow, max-snippet:-1, max-image-preview:large, max-video-preview:-1\" \/>\n<link rel=\"canonical\" href=\"https:\/\/kapitalis.com\/tunisie\/2019\/07\/12\/la-55e-edition-du-festival-de-carthage-demarre-aux-rythmes-du-ballet-de-saint-petersbourg\/\" \/>\n<meta property=\"og:locale\" content=\"fr_FR\" \/>\n<meta property=\"og:type\" content=\"article\" \/>\n<meta property=\"og:title\" content=\"La 55e \u00e9dition du Festival de Carthage d\u00e9marre aux rythmes du Ballet de Saint-P\u00e9tersbourg - Kapitalis\" \/>\n<meta property=\"og:description\" content=\"Fid\u00e8le \u00e0 sa tradition d\u2019ouvrir le bal avec de grands spectacles internationaux, comme ce fut le cas l\u2019ann\u00e9e derni\u00e8re avec l\u2019Op\u00e9ra A\u00efda, le Festival international de Carthage a donn\u00e9 le coup d\u2019envoi de sa 55e \u00e9dition, le soir du jeudi 11 juillet 2019, avec le Ballet russe de Saint-P\u00e9tersbourg, reprenant le c\u00e9l\u00e9brissime \u2018\u2018Le Lac des...\" \/>\n<meta property=\"og:url\" content=\"https:\/\/kapitalis.com\/tunisie\/2019\/07\/12\/la-55e-edition-du-festival-de-carthage-demarre-aux-rythmes-du-ballet-de-saint-petersbourg\/\" \/>\n<meta property=\"og:site_name\" content=\"Kapitalis\" \/>\n<meta property=\"article:publisher\" content=\"https:\/\/www.facebook.com\/KapitalisInfo\/\" \/>\n<meta property=\"article:published_time\" content=\"2019-07-12T16:45:28+00:00\" \/>\n<meta property=\"article:modified_time\" content=\"2019-07-12T17:05:21+00:00\" \/>\n<meta property=\"og:image\" content=\"https:\/\/kapitalis.com\/tunisie\/wp-content\/uploads\/2022\/05\/kapitalis-logo-fb.png\" \/>\n\t<meta property=\"og:image:width\" content=\"1200\" \/>\n\t<meta property=\"og:image:height\" content=\"630\" \/>\n\t<meta property=\"og:image:type\" content=\"image\/png\" \/>\n<meta name=\"author\" content=\"webmaster kapitalis\" \/>\n<meta name=\"twitter:card\" content=\"summary_large_image\" \/>\n<meta name=\"twitter:creator\" content=\"@KapitalisInfo\" \/>\n<meta name=\"twitter:site\" content=\"@KapitalisInfo\" \/>\n<meta name=\"twitter:label1\" content=\"\u00c9crit par\" \/>\n\t<meta name=\"twitter:data1\" content=\"webmaster kapitalis\" \/>\n\t<meta name=\"twitter:label2\" content=\"Dur\u00e9e de lecture estim\u00e9e\" \/>\n\t<meta name=\"twitter:data2\" content=\"4 minutes\" \/>\n<script type=\"application\/ld+json\" class=\"yoast-schema-graph\">{\"@context\":\"https:\/\/schema.org\",\"@graph\":[{\"@type\":\"Article\",\"@id\":\"https:\/\/kapitalis.com\/tunisie\/2019\/07\/12\/la-55e-edition-du-festival-de-carthage-demarre-aux-rythmes-du-ballet-de-saint-petersbourg\/#article\",\"isPartOf\":{\"@id\":\"https:\/\/kapitalis.com\/tunisie\/2019\/07\/12\/la-55e-edition-du-festival-de-carthage-demarre-aux-rythmes-du-ballet-de-saint-petersbourg\/\"},\"author\":{\"name\":\"webmaster kapitalis\",\"@id\":\"https:\/\/kapitalis.com\/tunisie\/#\/schema\/person\/d71f33a9ca44f7bad4698210b480c8e9\"},\"headline\":\"La 55e \u00e9dition du Festival de Carthage d\u00e9marre aux rythmes du Ballet de Saint-P\u00e9tersbourg\",\"datePublished\":\"2019-07-12T16:45:28+00:00\",\"dateModified\":\"2019-07-12T17:05:21+00:00\",\"mainEntityOfPage\":{\"@id\":\"https:\/\/kapitalis.com\/tunisie\/2019\/07\/12\/la-55e-edition-du-festival-de-carthage-demarre-aux-rythmes-du-ballet-de-saint-petersbourg\/\"},\"wordCount\":717,\"commentCount\":0,\"publisher\":{\"@id\":\"https:\/\/kapitalis.com\/tunisie\/#organization\"},\"image\":{\"@id\":\"https:\/\/kapitalis.com\/tunisie\/2019\/07\/12\/la-55e-edition-du-festival-de-carthage-demarre-aux-rythmes-du-ballet-de-saint-petersbourg\/#primaryimage\"},\"thumbnailUrl\":\"\",\"keywords\":[\"Festival international de Carthage\"],\"articleSection\":[\"A LA UNE\",\"CULTURE\",\"Tunisie\"],\"inLanguage\":\"fr-FR\",\"potentialAction\":[{\"@type\":\"CommentAction\",\"name\":\"Comment\",\"target\":[\"https:\/\/kapitalis.com\/tunisie\/2019\/07\/12\/la-55e-edition-du-festival-de-carthage-demarre-aux-rythmes-du-ballet-de-saint-petersbourg\/#respond\"]}]},{\"@type\":\"WebPage\",\"@id\":\"https:\/\/kapitalis.com\/tunisie\/2019\/07\/12\/la-55e-edition-du-festival-de-carthage-demarre-aux-rythmes-du-ballet-de-saint-petersbourg\/\",\"url\":\"https:\/\/kapitalis.com\/tunisie\/2019\/07\/12\/la-55e-edition-du-festival-de-carthage-demarre-aux-rythmes-du-ballet-de-saint-petersbourg\/\",\"name\":\"La 55e \u00e9dition du Festival de Carthage d\u00e9marre aux rythmes du Ballet de Saint-P\u00e9tersbourg - Kapitalis\",\"isPartOf\":{\"@id\":\"https:\/\/kapitalis.com\/tunisie\/#website\"},\"primaryImageOfPage\":{\"@id\":\"https:\/\/kapitalis.com\/tunisie\/2019\/07\/12\/la-55e-edition-du-festival-de-carthage-demarre-aux-rythmes-du-ballet-de-saint-petersbourg\/#primaryimage\"},\"image\":{\"@id\":\"https:\/\/kapitalis.com\/tunisie\/2019\/07\/12\/la-55e-edition-du-festival-de-carthage-demarre-aux-rythmes-du-ballet-de-saint-petersbourg\/#primaryimage\"},\"thumbnailUrl\":\"\",\"datePublished\":\"2019-07-12T16:45:28+00:00\",\"dateModified\":\"2019-07-12T17:05:21+00:00\",\"breadcrumb\":{\"@id\":\"https:\/\/kapitalis.com\/tunisie\/2019\/07\/12\/la-55e-edition-du-festival-de-carthage-demarre-aux-rythmes-du-ballet-de-saint-petersbourg\/#breadcrumb\"},\"inLanguage\":\"fr-FR\",\"potentialAction\":[{\"@type\":\"ReadAction\",\"target\":[\"https:\/\/kapitalis.com\/tunisie\/2019\/07\/12\/la-55e-edition-du-festival-de-carthage-demarre-aux-rythmes-du-ballet-de-saint-petersbourg\/\"]}]},{\"@type\":\"ImageObject\",\"inLanguage\":\"fr-FR\",\"@id\":\"https:\/\/kapitalis.com\/tunisie\/2019\/07\/12\/la-55e-edition-du-festival-de-carthage-demarre-aux-rythmes-du-ballet-de-saint-petersbourg\/#primaryimage\",\"url\":\"\",\"contentUrl\":\"\"},{\"@type\":\"BreadcrumbList\",\"@id\":\"https:\/\/kapitalis.com\/tunisie\/2019\/07\/12\/la-55e-edition-du-festival-de-carthage-demarre-aux-rythmes-du-ballet-de-saint-petersbourg\/#breadcrumb\",\"itemListElement\":[{\"@type\":\"ListItem\",\"position\":1,\"name\":\"Accueil\",\"item\":\"https:\/\/kapitalis.com\/tunisie\/\"},{\"@type\":\"ListItem\",\"position\":2,\"name\":\"La 55e \u00e9dition du Festival de Carthage d\u00e9marre aux rythmes du Ballet de Saint-P\u00e9tersbourg\"}]},{\"@type\":\"WebSite\",\"@id\":\"https:\/\/kapitalis.com\/tunisie\/#website\",\"url\":\"https:\/\/kapitalis.com\/tunisie\/\",\"name\":\"Kapitalis\",\"description\":\"L&#039;actualit\u00e9 en Tunisie et dans le monde\",\"publisher\":{\"@id\":\"https:\/\/kapitalis.com\/tunisie\/#organization\"},\"potentialAction\":[{\"@type\":\"SearchAction\",\"target\":{\"@type\":\"EntryPoint\",\"urlTemplate\":\"https:\/\/kapitalis.com\/tunisie\/?s={search_term_string}\"},\"query-input\":{\"@type\":\"PropertyValueSpecification\",\"valueRequired\":true,\"valueName\":\"search_term_string\"}}],\"inLanguage\":\"fr-FR\"},{\"@type\":\"Organization\",\"@id\":\"https:\/\/kapitalis.com\/tunisie\/#organization\",\"name\":\"Kapitalis\",\"url\":\"https:\/\/kapitalis.com\/tunisie\/\",\"logo\":{\"@type\":\"ImageObject\",\"inLanguage\":\"fr-FR\",\"@id\":\"https:\/\/kapitalis.com\/tunisie\/#\/schema\/logo\/image\/\",\"url\":\"https:\/\/kapitalis.com\/tunisie\/wp-content\/uploads\/2022\/05\/Kapitalis-big-size.png\",\"contentUrl\":\"https:\/\/kapitalis.com\/tunisie\/wp-content\/uploads\/2022\/05\/Kapitalis-big-size.png\",\"width\":5000,\"height\":1500,\"caption\":\"Kapitalis\"},\"image\":{\"@id\":\"https:\/\/kapitalis.com\/tunisie\/#\/schema\/logo\/image\/\"},\"sameAs\":[\"https:\/\/www.facebook.com\/KapitalisInfo\/\",\"https:\/\/x.com\/KapitalisInfo\",\"https:\/\/www.youtube.com\/channel\/UC-yDYrHyfFBWWZaOw3FPg9Q\"]},{\"@type\":\"Person\",\"@id\":\"https:\/\/kapitalis.com\/tunisie\/#\/schema\/person\/d71f33a9ca44f7bad4698210b480c8e9\",\"name\":\"webmaster kapitalis\",\"url\":\"https:\/\/kapitalis.com\/tunisie\/author\/webmaster-kapitalis\/\"}]}<\/script>\n<!-- \/ Yoast SEO plugin. -->","yoast_head_json":{"title":"La 55e \u00e9dition du Festival de Carthage d\u00e9marre aux rythmes du Ballet de Saint-P\u00e9tersbourg - Kapitalis","robots":{"index":"index","follow":"follow","max-snippet":"max-snippet:-1","max-image-preview":"max-image-preview:large","max-video-preview":"max-video-preview:-1"},"canonical":"https:\/\/kapitalis.com\/tunisie\/2019\/07\/12\/la-55e-edition-du-festival-de-carthage-demarre-aux-rythmes-du-ballet-de-saint-petersbourg\/","og_locale":"fr_FR","og_type":"article","og_title":"La 55e \u00e9dition du Festival de Carthage d\u00e9marre aux rythmes du Ballet de Saint-P\u00e9tersbourg - Kapitalis","og_description":"Fid\u00e8le \u00e0 sa tradition d\u2019ouvrir le bal avec de grands spectacles internationaux, comme ce fut le cas l\u2019ann\u00e9e derni\u00e8re avec l\u2019Op\u00e9ra A\u00efda, le Festival international de Carthage a donn\u00e9 le coup d\u2019envoi de sa 55e \u00e9dition, le soir du jeudi 11 juillet 2019, avec le Ballet russe de Saint-P\u00e9tersbourg, reprenant le c\u00e9l\u00e9brissime \u2018\u2018Le Lac des...","og_url":"https:\/\/kapitalis.com\/tunisie\/2019\/07\/12\/la-55e-edition-du-festival-de-carthage-demarre-aux-rythmes-du-ballet-de-saint-petersbourg\/","og_site_name":"Kapitalis","article_publisher":"https:\/\/www.facebook.com\/KapitalisInfo\/","article_published_time":"2019-07-12T16:45:28+00:00","article_modified_time":"2019-07-12T17:05:21+00:00","og_image":[{"width":1200,"height":630,"url":"https:\/\/kapitalis.com\/tunisie\/wp-content\/uploads\/2022\/05\/kapitalis-logo-fb.png","type":"image\/png"}],"author":"webmaster kapitalis","twitter_card":"summary_large_image","twitter_creator":"@KapitalisInfo","twitter_site":"@KapitalisInfo","twitter_misc":{"\u00c9crit par":"webmaster kapitalis","Dur\u00e9e de lecture estim\u00e9e":"4 minutes"},"schema":{"@context":"https:\/\/schema.org","@graph":[{"@type":"Article","@id":"https:\/\/kapitalis.com\/tunisie\/2019\/07\/12\/la-55e-edition-du-festival-de-carthage-demarre-aux-rythmes-du-ballet-de-saint-petersbourg\/#article","isPartOf":{"@id":"https:\/\/kapitalis.com\/tunisie\/2019\/07\/12\/la-55e-edition-du-festival-de-carthage-demarre-aux-rythmes-du-ballet-de-saint-petersbourg\/"},"author":{"name":"webmaster kapitalis","@id":"https:\/\/kapitalis.com\/tunisie\/#\/schema\/person\/d71f33a9ca44f7bad4698210b480c8e9"},"headline":"La 55e \u00e9dition du Festival de Carthage d\u00e9marre aux rythmes du Ballet de Saint-P\u00e9tersbourg","datePublished":"2019-07-12T16:45:28+00:00","dateModified":"2019-07-12T17:05:21+00:00","mainEntityOfPage":{"@id":"https:\/\/kapitalis.com\/tunisie\/2019\/07\/12\/la-55e-edition-du-festival-de-carthage-demarre-aux-rythmes-du-ballet-de-saint-petersbourg\/"},"wordCount":717,"commentCount":0,"publisher":{"@id":"https:\/\/kapitalis.com\/tunisie\/#organization"},"image":{"@id":"https:\/\/kapitalis.com\/tunisie\/2019\/07\/12\/la-55e-edition-du-festival-de-carthage-demarre-aux-rythmes-du-ballet-de-saint-petersbourg\/#primaryimage"},"thumbnailUrl":"","keywords":["Festival international de Carthage"],"articleSection":["A LA UNE","CULTURE","Tunisie"],"inLanguage":"fr-FR","potentialAction":[{"@type":"CommentAction","name":"Comment","target":["https:\/\/kapitalis.com\/tunisie\/2019\/07\/12\/la-55e-edition-du-festival-de-carthage-demarre-aux-rythmes-du-ballet-de-saint-petersbourg\/#respond"]}]},{"@type":"WebPage","@id":"https:\/\/kapitalis.com\/tunisie\/2019\/07\/12\/la-55e-edition-du-festival-de-carthage-demarre-aux-rythmes-du-ballet-de-saint-petersbourg\/","url":"https:\/\/kapitalis.com\/tunisie\/2019\/07\/12\/la-55e-edition-du-festival-de-carthage-demarre-aux-rythmes-du-ballet-de-saint-petersbourg\/","name":"La 55e \u00e9dition du Festival de Carthage d\u00e9marre aux rythmes du Ballet de Saint-P\u00e9tersbourg - Kapitalis","isPartOf":{"@id":"https:\/\/kapitalis.com\/tunisie\/#website"},"primaryImageOfPage":{"@id":"https:\/\/kapitalis.com\/tunisie\/2019\/07\/12\/la-55e-edition-du-festival-de-carthage-demarre-aux-rythmes-du-ballet-de-saint-petersbourg\/#primaryimage"},"image":{"@id":"https:\/\/kapitalis.com\/tunisie\/2019\/07\/12\/la-55e-edition-du-festival-de-carthage-demarre-aux-rythmes-du-ballet-de-saint-petersbourg\/#primaryimage"},"thumbnailUrl":"","datePublished":"2019-07-12T16:45:28+00:00","dateModified":"2019-07-12T17:05:21+00:00","breadcrumb":{"@id":"https:\/\/kapitalis.com\/tunisie\/2019\/07\/12\/la-55e-edition-du-festival-de-carthage-demarre-aux-rythmes-du-ballet-de-saint-petersbourg\/#breadcrumb"},"inLanguage":"fr-FR","potentialAction":[{"@type":"ReadAction","target":["https:\/\/kapitalis.com\/tunisie\/2019\/07\/12\/la-55e-edition-du-festival-de-carthage-demarre-aux-rythmes-du-ballet-de-saint-petersbourg\/"]}]},{"@type":"ImageObject","inLanguage":"fr-FR","@id":"https:\/\/kapitalis.com\/tunisie\/2019\/07\/12\/la-55e-edition-du-festival-de-carthage-demarre-aux-rythmes-du-ballet-de-saint-petersbourg\/#primaryimage","url":"","contentUrl":""},{"@type":"BreadcrumbList","@id":"https:\/\/kapitalis.com\/tunisie\/2019\/07\/12\/la-55e-edition-du-festival-de-carthage-demarre-aux-rythmes-du-ballet-de-saint-petersbourg\/#breadcrumb","itemListElement":[{"@type":"ListItem","position":1,"name":"Accueil","item":"https:\/\/kapitalis.com\/tunisie\/"},{"@type":"ListItem","position":2,"name":"La 55e \u00e9dition du Festival de Carthage d\u00e9marre aux rythmes du Ballet de Saint-P\u00e9tersbourg"}]},{"@type":"WebSite","@id":"https:\/\/kapitalis.com\/tunisie\/#website","url":"https:\/\/kapitalis.com\/tunisie\/","name":"Kapitalis","description":"L&#039;actualit\u00e9 en Tunisie et dans le monde","publisher":{"@id":"https:\/\/kapitalis.com\/tunisie\/#organization"},"potentialAction":[{"@type":"SearchAction","target":{"@type":"EntryPoint","urlTemplate":"https:\/\/kapitalis.com\/tunisie\/?s={search_term_string}"},"query-input":{"@type":"PropertyValueSpecification","valueRequired":true,"valueName":"search_term_string"}}],"inLanguage":"fr-FR"},{"@type":"Organization","@id":"https:\/\/kapitalis.com\/tunisie\/#organization","name":"Kapitalis","url":"https:\/\/kapitalis.com\/tunisie\/","logo":{"@type":"ImageObject","inLanguage":"fr-FR","@id":"https:\/\/kapitalis.com\/tunisie\/#\/schema\/logo\/image\/","url":"https:\/\/kapitalis.com\/tunisie\/wp-content\/uploads\/2022\/05\/Kapitalis-big-size.png","contentUrl":"https:\/\/kapitalis.com\/tunisie\/wp-content\/uploads\/2022\/05\/Kapitalis-big-size.png","width":5000,"height":1500,"caption":"Kapitalis"},"image":{"@id":"https:\/\/kapitalis.com\/tunisie\/#\/schema\/logo\/image\/"},"sameAs":["https:\/\/www.facebook.com\/KapitalisInfo\/","https:\/\/x.com\/KapitalisInfo","https:\/\/www.youtube.com\/channel\/UC-yDYrHyfFBWWZaOw3FPg9Q"]},{"@type":"Person","@id":"https:\/\/kapitalis.com\/tunisie\/#\/schema\/person\/d71f33a9ca44f7bad4698210b480c8e9","name":"webmaster kapitalis","url":"https:\/\/kapitalis.com\/tunisie\/author\/webmaster-kapitalis\/"}]}},"_links":{"self":[{"href":"https:\/\/kapitalis.com\/tunisie\/wp-json\/wp\/v2\/posts\/224722","targetHints":{"allow":["GET"]}}],"collection":[{"href":"https:\/\/kapitalis.com\/tunisie\/wp-json\/wp\/v2\/posts"}],"about":[{"href":"https:\/\/kapitalis.com\/tunisie\/wp-json\/wp\/v2\/types\/post"}],"author":[{"embeddable":true,"href":"https:\/\/kapitalis.com\/tunisie\/wp-json\/wp\/v2\/users\/8"}],"replies":[{"embeddable":true,"href":"https:\/\/kapitalis.com\/tunisie\/wp-json\/wp\/v2\/comments?post=224722"}],"version-history":[{"count":0,"href":"https:\/\/kapitalis.com\/tunisie\/wp-json\/wp\/v2\/posts\/224722\/revisions"}],"wp:featuredmedia":[{"embeddable":true,"href":"https:\/\/kapitalis.com\/tunisie\/wp-json\/wp\/v2\/media\/224727"}],"wp:attachment":[{"href":"https:\/\/kapitalis.com\/tunisie\/wp-json\/wp\/v2\/media?parent=224722"}],"wp:term":[{"taxonomy":"category","embeddable":true,"href":"https:\/\/kapitalis.com\/tunisie\/wp-json\/wp\/v2\/categories?post=224722"},{"taxonomy":"post_tag","embeddable":true,"href":"https:\/\/kapitalis.com\/tunisie\/wp-json\/wp\/v2\/tags?post=224722"}],"curies":[{"name":"wp","href":"https:\/\/api.w.org\/{rel}","templated":true}]}}