{"id":224803,"date":"2019-07-13T12:24:59","date_gmt":"2019-07-13T11:24:59","guid":{"rendered":"http:\/\/kapitalis.com\/tunisie\/?p=224803"},"modified":"2019-07-13T12:25:02","modified_gmt":"2019-07-13T11:25:02","slug":"sousse-2030-pour-une-ville-integratrice-attractive-et-creative","status":"publish","type":"post","link":"https:\/\/kapitalis.com\/tunisie\/2019\/07\/13\/sousse-2030-pour-une-ville-integratrice-attractive-et-creative\/","title":{"rendered":"\u00abSousse 2030\u00bb: Pour une ville int\u00e9gratrice, attractive, et cr\u00e9ative"},"content":{"rendered":"\n<figure class=\"wp-block-image\"><img decoding=\"async\" src=\"http:\/\/kapitalis.com\/tunisie\/wp-content\/uploads\/2019\/07\/Sousse-2030.jpg\" alt=\"\" class=\"wp-image-224842\"\/><\/figure>\n\n\n\n<p> \u00ab<strong><em>La strat\u00e9gie de d\u00e9veloppement de Sousse, ville int\u00e9gratrice, attractive, cr\u00e9ative en 2030<\/em><\/strong>\u00bb<strong><em>, est un projet ax\u00e9 sur l\u2019analyse en cours du plan strat\u00e9gique de d\u00e9veloppement de la ville, et sur la participation active de ses habitants, dans la vision d\u2019avenir.<\/em><\/strong>\u00a0<\/p>\n\n\n\n<!--more-->\n\n\n<div>Le projet est mis en \u0153uvre par la ville de Sousse, avec le soutien de l\u2019Union europ\u00e9enne (UE), de l\u2019Instrument europ\u00e9en de voisinage et de partenariat (IEVP), de l\u2019USUDS (<em>Urban Sustainable Development Strategies in the Mediterranean, Strat\u00e9gie de d\u00e9veloppement urbain durable en M\u00e9diterran\u00e9e<\/em>), une initiative de MedCities, lanc\u00e9e en 2014, et de la D\u00e9putation de Barcelone.<\/div>\n\n\n<p>La strat\u00e9gie de d\u00e9veloppement urbain pour 2030 de la ville de Sousse repose sur la cr\u00e9ation d&rsquo;un diagnostic participatif et une d\u00e9finition partag\u00e9e d&rsquo;une vision future de la ville. <\/p>\n\n\n\n<p>Cinq objectifs strat\u00e9giques communs ont \u00e9t\u00e9 d\u00e9finis: coh\u00e9sion sociale et territoriale, d\u00e9veloppement \u00e9conomique et comp\u00e9titivit\u00e9, am\u00e9nagement du territoire, gestion de l&rsquo;environnement et gouvernance; et un plan d&rsquo;action a \u00e9t\u00e9 cr\u00e9\u00e9 pour concr\u00e9tiser la vision de Sousse 2030. <\/p>\n\n\n\n<p>\u00ab<em>Sousse 2030<\/em>\u00bb s&rsquo;articule autour de 6 axes strat\u00e9giques. Il s&rsquo;agit en l&rsquo;occurrence des axes suivants : une ville inclusive et \u00e9galitaire, avec un territoire \u00e9quilibr\u00e9; un patrimoine prot\u00e9g\u00e9 et des aspects culturels  <br>renforc\u00e9s; un p\u00f4le d&rsquo;attraction avec un tourisme durable et diversifi\u00e9; une ville accessible avec un design bien planifi\u00e9 et esth\u00e9tique; une ville propre avec des ressources prot\u00e9g\u00e9es et entretenues; et, enfin, un mod\u00e8le de gouvernance locale avec une soci\u00e9t\u00e9 civile puissante.<\/p>\n\n\n\n<p>Les projets des 6 axes de \u00abSousse 2030\u00bb portent sur le programme de dynamisation sociale, culturelle, et communautaire des quartiers \u00e0 travers l\u2019\u00e9cole et la lutte contre l\u2019\u00e9chec scolaire (budget de 70.000 dinars par \u00e9tablissement\/an); l&rsquo;extension du Port de Sousse et la diversification de ses activit\u00e9s (mise en route des travaux en 2020); la cr\u00e9ation de centres communautaires dans les quartiers; la cr\u00e9ation d\u2019une agence de d\u00e9veloppement et de promotion du territoire \u00e9conomique; la cr\u00e9ation d\u2019une structure de gestion de la m\u00e9dina; l&rsquo;\u00e9laboration du PDU (plans de d\u00e9placement urbain) de l\u2019agglom\u00e9ration de Sousse, la r\u00e9alisation de la grande rocade entre Sahloul et la zone sud, la cr\u00e9ation d\u2019un comit\u00e9 des transports de l\u2019agglom\u00e9ration de Sousse; l&rsquo;\u00e9tude sur la restructuration de la desserte de la ville en transport en commun <em>(dont le fameux projet du m\u00e9tro de Sousse qui vient d&rsquo;\u00eatre approuv\u00e9 le 12 juillet 2019<\/em>); le programme de promotion du transport en mode \u00abdoux\u00bb; la d\u00e9pollution et l&rsquo;am\u00e9nagement de l\u2019oued Hamdoun; l&rsquo;am\u00e9nagement de la <em>\u00absebkha\u00bb<\/em> de Sousse en parc multith\u00e9matique; la construction d\u2019un nouvel h\u00f4tel de ville durable. le projet pilote de stockage et de r\u00e9utilisation des eaux pluviales dans le stade olympique; le bureau de d\u00e9veloppement local; et la cr\u00e9ation de l\u2019Observatoire de la ville. <\/p>\n\n\n\n<p>Notons que le projet USUDS a mis en place 3 Centres de transfert des connaissances (KTC) en M\u00e9diterran\u00e9e, dont un \u00e0 Sfax, qui travaille sur la diffusion et l\u2019augmentation des sensibilisations \u00e0 la planification urbaine strat\u00e9gique au Maghreb, et \u00e0 l&rsquo;identification des meilleures pratiques en mati\u00e8re de d\u00e9veloppement urbain.<\/p>\n\n\n\n<p><strong><em>Source:<\/em><\/strong> <a rel=\"noreferrer noopener\" aria-label=\"MedCities (s\u2019ouvre dans un nouvel onglet)\" href=\"http:\/\/www.medcities.org\/documents\" target=\"_blank\">MedCities<\/a><\/p>\n","protected":false},"excerpt":{"rendered":"<p>\u00abLa strat\u00e9gie de d\u00e9veloppement de Sousse, ville int\u00e9gratrice, attractive, cr\u00e9ative en 2030\u00bb, est un projet ax\u00e9 sur l\u2019analyse en cours du plan strat\u00e9gique de d\u00e9veloppement de la ville, et sur la participation active de ses habitants, dans la vision d\u2019avenir.\u00a0<\/p>\n","protected":false},"author":22,"featured_media":224842,"comment_status":"open","ping_status":"open","sticky":false,"template":"","format":"standard","meta":{"footnotes":""},"categories":[995,2433],"tags":[],"class_list":["post-224803","post","type-post","status-publish","format-standard","has-post-thumbnail","hentry","category-economie","category-tunisie"],"yoast_head":"<!-- This site is optimized with the Yoast SEO plugin v26.6 - https:\/\/yoast.com\/wordpress\/plugins\/seo\/ -->\n<title>\u00abSousse 2030\u00bb: Pour une ville int\u00e9gratrice, attractive, et cr\u00e9ative - Kapitalis<\/title>\n<meta name=\"robots\" content=\"index, follow, max-snippet:-1, max-image-preview:large, max-video-preview:-1\" \/>\n<link rel=\"canonical\" href=\"https:\/\/kapitalis.com\/tunisie\/2019\/07\/13\/sousse-2030-pour-une-ville-integratrice-attractive-et-creative\/\" \/>\n<meta property=\"og:locale\" content=\"fr_FR\" \/>\n<meta property=\"og:type\" content=\"article\" \/>\n<meta property=\"og:title\" content=\"\u00abSousse 2030\u00bb: Pour une ville int\u00e9gratrice, attractive, et cr\u00e9ative - Kapitalis\" \/>\n<meta property=\"og:description\" content=\"\u00abLa strat\u00e9gie de d\u00e9veloppement de Sousse, ville int\u00e9gratrice, attractive, cr\u00e9ative en 2030\u00bb, est un projet ax\u00e9 sur l\u2019analyse en cours du plan strat\u00e9gique de d\u00e9veloppement de la ville, et sur la participation active de ses habitants, dans la vision d\u2019avenir.\u00a0\" \/>\n<meta property=\"og:url\" content=\"https:\/\/kapitalis.com\/tunisie\/2019\/07\/13\/sousse-2030-pour-une-ville-integratrice-attractive-et-creative\/\" \/>\n<meta property=\"og:site_name\" content=\"Kapitalis\" \/>\n<meta property=\"article:publisher\" content=\"https:\/\/www.facebook.com\/KapitalisInfo\/\" \/>\n<meta property=\"article:published_time\" content=\"2019-07-13T11:24:59+00:00\" \/>\n<meta property=\"article:modified_time\" content=\"2019-07-13T11:25:02+00:00\" \/>\n<meta property=\"og:image\" content=\"https:\/\/kapitalis.com\/tunisie\/wp-content\/uploads\/2022\/05\/kapitalis-logo-fb.png\" \/>\n\t<meta property=\"og:image:width\" content=\"1200\" \/>\n\t<meta property=\"og:image:height\" content=\"630\" \/>\n\t<meta property=\"og:image:type\" content=\"image\/png\" \/>\n<meta name=\"author\" content=\"Amina Mkada\" \/>\n<meta name=\"twitter:card\" content=\"summary_large_image\" \/>\n<meta name=\"twitter:creator\" content=\"@KapitalisInfo\" \/>\n<meta name=\"twitter:site\" content=\"@KapitalisInfo\" \/>\n<meta name=\"twitter:label1\" content=\"\u00c9crit par\" \/>\n\t<meta name=\"twitter:data1\" content=\"Amina Mkada\" \/>\n\t<meta name=\"twitter:label2\" content=\"Dur\u00e9e de lecture estim\u00e9e\" \/>\n\t<meta name=\"twitter:data2\" content=\"3 minutes\" \/>\n<script type=\"application\/ld+json\" class=\"yoast-schema-graph\">{\"@context\":\"https:\/\/schema.org\",\"@graph\":[{\"@type\":\"Article\",\"@id\":\"https:\/\/kapitalis.com\/tunisie\/2019\/07\/13\/sousse-2030-pour-une-ville-integratrice-attractive-et-creative\/#article\",\"isPartOf\":{\"@id\":\"https:\/\/kapitalis.com\/tunisie\/2019\/07\/13\/sousse-2030-pour-une-ville-integratrice-attractive-et-creative\/\"},\"author\":{\"name\":\"Amina Mkada\",\"@id\":\"https:\/\/kapitalis.com\/tunisie\/#\/schema\/person\/093913313d3017554cb3ad077fff3fbd\"},\"headline\":\"\u00abSousse 2030\u00bb: Pour une ville int\u00e9gratrice, attractive, et cr\u00e9ative\",\"datePublished\":\"2019-07-13T11:24:59+00:00\",\"dateModified\":\"2019-07-13T11:25:02+00:00\",\"mainEntityOfPage\":{\"@id\":\"https:\/\/kapitalis.com\/tunisie\/2019\/07\/13\/sousse-2030-pour-une-ville-integratrice-attractive-et-creative\/\"},\"wordCount\":564,\"commentCount\":0,\"publisher\":{\"@id\":\"https:\/\/kapitalis.com\/tunisie\/#organization\"},\"image\":{\"@id\":\"https:\/\/kapitalis.com\/tunisie\/2019\/07\/13\/sousse-2030-pour-une-ville-integratrice-attractive-et-creative\/#primaryimage\"},\"thumbnailUrl\":\"\",\"articleSection\":[\"ECONOMIE\",\"Tunisie\"],\"inLanguage\":\"fr-FR\",\"potentialAction\":[{\"@type\":\"CommentAction\",\"name\":\"Comment\",\"target\":[\"https:\/\/kapitalis.com\/tunisie\/2019\/07\/13\/sousse-2030-pour-une-ville-integratrice-attractive-et-creative\/#respond\"]}]},{\"@type\":\"WebPage\",\"@id\":\"https:\/\/kapitalis.com\/tunisie\/2019\/07\/13\/sousse-2030-pour-une-ville-integratrice-attractive-et-creative\/\",\"url\":\"https:\/\/kapitalis.com\/tunisie\/2019\/07\/13\/sousse-2030-pour-une-ville-integratrice-attractive-et-creative\/\",\"name\":\"\u00abSousse 2030\u00bb: Pour une ville int\u00e9gratrice, attractive, et cr\u00e9ative - Kapitalis\",\"isPartOf\":{\"@id\":\"https:\/\/kapitalis.com\/tunisie\/#website\"},\"primaryImageOfPage\":{\"@id\":\"https:\/\/kapitalis.com\/tunisie\/2019\/07\/13\/sousse-2030-pour-une-ville-integratrice-attractive-et-creative\/#primaryimage\"},\"image\":{\"@id\":\"https:\/\/kapitalis.com\/tunisie\/2019\/07\/13\/sousse-2030-pour-une-ville-integratrice-attractive-et-creative\/#primaryimage\"},\"thumbnailUrl\":\"\",\"datePublished\":\"2019-07-13T11:24:59+00:00\",\"dateModified\":\"2019-07-13T11:25:02+00:00\",\"breadcrumb\":{\"@id\":\"https:\/\/kapitalis.com\/tunisie\/2019\/07\/13\/sousse-2030-pour-une-ville-integratrice-attractive-et-creative\/#breadcrumb\"},\"inLanguage\":\"fr-FR\",\"potentialAction\":[{\"@type\":\"ReadAction\",\"target\":[\"https:\/\/kapitalis.com\/tunisie\/2019\/07\/13\/sousse-2030-pour-une-ville-integratrice-attractive-et-creative\/\"]}]},{\"@type\":\"ImageObject\",\"inLanguage\":\"fr-FR\",\"@id\":\"https:\/\/kapitalis.com\/tunisie\/2019\/07\/13\/sousse-2030-pour-une-ville-integratrice-attractive-et-creative\/#primaryimage\",\"url\":\"\",\"contentUrl\":\"\"},{\"@type\":\"BreadcrumbList\",\"@id\":\"https:\/\/kapitalis.com\/tunisie\/2019\/07\/13\/sousse-2030-pour-une-ville-integratrice-attractive-et-creative\/#breadcrumb\",\"itemListElement\":[{\"@type\":\"ListItem\",\"position\":1,\"name\":\"Accueil\",\"item\":\"https:\/\/kapitalis.com\/tunisie\/\"},{\"@type\":\"ListItem\",\"position\":2,\"name\":\"\u00abSousse 2030\u00bb: Pour une ville int\u00e9gratrice, attractive, et cr\u00e9ative\"}]},{\"@type\":\"WebSite\",\"@id\":\"https:\/\/kapitalis.com\/tunisie\/#website\",\"url\":\"https:\/\/kapitalis.com\/tunisie\/\",\"name\":\"Kapitalis\",\"description\":\"L&#039;actualit\u00e9 en Tunisie et dans le monde\",\"publisher\":{\"@id\":\"https:\/\/kapitalis.com\/tunisie\/#organization\"},\"potentialAction\":[{\"@type\":\"SearchAction\",\"target\":{\"@type\":\"EntryPoint\",\"urlTemplate\":\"https:\/\/kapitalis.com\/tunisie\/?s={search_term_string}\"},\"query-input\":{\"@type\":\"PropertyValueSpecification\",\"valueRequired\":true,\"valueName\":\"search_term_string\"}}],\"inLanguage\":\"fr-FR\"},{\"@type\":\"Organization\",\"@id\":\"https:\/\/kapitalis.com\/tunisie\/#organization\",\"name\":\"Kapitalis\",\"url\":\"https:\/\/kapitalis.com\/tunisie\/\",\"logo\":{\"@type\":\"ImageObject\",\"inLanguage\":\"fr-FR\",\"@id\":\"https:\/\/kapitalis.com\/tunisie\/#\/schema\/logo\/image\/\",\"url\":\"https:\/\/kapitalis.com\/tunisie\/wp-content\/uploads\/2022\/05\/Kapitalis-big-size.png\",\"contentUrl\":\"https:\/\/kapitalis.com\/tunisie\/wp-content\/uploads\/2022\/05\/Kapitalis-big-size.png\",\"width\":5000,\"height\":1500,\"caption\":\"Kapitalis\"},\"image\":{\"@id\":\"https:\/\/kapitalis.com\/tunisie\/#\/schema\/logo\/image\/\"},\"sameAs\":[\"https:\/\/www.facebook.com\/KapitalisInfo\/\",\"https:\/\/x.com\/KapitalisInfo\",\"https:\/\/www.youtube.com\/channel\/UC-yDYrHyfFBWWZaOw3FPg9Q\"]},{\"@type\":\"Person\",\"@id\":\"https:\/\/kapitalis.com\/tunisie\/#\/schema\/person\/093913313d3017554cb3ad077fff3fbd\",\"name\":\"Amina Mkada\",\"url\":\"https:\/\/kapitalis.com\/tunisie\/author\/amina\/\"}]}<\/script>\n<!-- \/ Yoast SEO plugin. -->","yoast_head_json":{"title":"\u00abSousse 2030\u00bb: Pour une ville int\u00e9gratrice, attractive, et cr\u00e9ative - Kapitalis","robots":{"index":"index","follow":"follow","max-snippet":"max-snippet:-1","max-image-preview":"max-image-preview:large","max-video-preview":"max-video-preview:-1"},"canonical":"https:\/\/kapitalis.com\/tunisie\/2019\/07\/13\/sousse-2030-pour-une-ville-integratrice-attractive-et-creative\/","og_locale":"fr_FR","og_type":"article","og_title":"\u00abSousse 2030\u00bb: Pour une ville int\u00e9gratrice, attractive, et cr\u00e9ative - Kapitalis","og_description":"\u00abLa strat\u00e9gie de d\u00e9veloppement de Sousse, ville int\u00e9gratrice, attractive, cr\u00e9ative en 2030\u00bb, est un projet ax\u00e9 sur l\u2019analyse en cours du plan strat\u00e9gique de d\u00e9veloppement de la ville, et sur la participation active de ses habitants, dans la vision d\u2019avenir.\u00a0","og_url":"https:\/\/kapitalis.com\/tunisie\/2019\/07\/13\/sousse-2030-pour-une-ville-integratrice-attractive-et-creative\/","og_site_name":"Kapitalis","article_publisher":"https:\/\/www.facebook.com\/KapitalisInfo\/","article_published_time":"2019-07-13T11:24:59+00:00","article_modified_time":"2019-07-13T11:25:02+00:00","og_image":[{"width":1200,"height":630,"url":"https:\/\/kapitalis.com\/tunisie\/wp-content\/uploads\/2022\/05\/kapitalis-logo-fb.png","type":"image\/png"}],"author":"Amina Mkada","twitter_card":"summary_large_image","twitter_creator":"@KapitalisInfo","twitter_site":"@KapitalisInfo","twitter_misc":{"\u00c9crit par":"Amina Mkada","Dur\u00e9e de lecture estim\u00e9e":"3 minutes"},"schema":{"@context":"https:\/\/schema.org","@graph":[{"@type":"Article","@id":"https:\/\/kapitalis.com\/tunisie\/2019\/07\/13\/sousse-2030-pour-une-ville-integratrice-attractive-et-creative\/#article","isPartOf":{"@id":"https:\/\/kapitalis.com\/tunisie\/2019\/07\/13\/sousse-2030-pour-une-ville-integratrice-attractive-et-creative\/"},"author":{"name":"Amina Mkada","@id":"https:\/\/kapitalis.com\/tunisie\/#\/schema\/person\/093913313d3017554cb3ad077fff3fbd"},"headline":"\u00abSousse 2030\u00bb: Pour une ville int\u00e9gratrice, attractive, et cr\u00e9ative","datePublished":"2019-07-13T11:24:59+00:00","dateModified":"2019-07-13T11:25:02+00:00","mainEntityOfPage":{"@id":"https:\/\/kapitalis.com\/tunisie\/2019\/07\/13\/sousse-2030-pour-une-ville-integratrice-attractive-et-creative\/"},"wordCount":564,"commentCount":0,"publisher":{"@id":"https:\/\/kapitalis.com\/tunisie\/#organization"},"image":{"@id":"https:\/\/kapitalis.com\/tunisie\/2019\/07\/13\/sousse-2030-pour-une-ville-integratrice-attractive-et-creative\/#primaryimage"},"thumbnailUrl":"","articleSection":["ECONOMIE","Tunisie"],"inLanguage":"fr-FR","potentialAction":[{"@type":"CommentAction","name":"Comment","target":["https:\/\/kapitalis.com\/tunisie\/2019\/07\/13\/sousse-2030-pour-une-ville-integratrice-attractive-et-creative\/#respond"]}]},{"@type":"WebPage","@id":"https:\/\/kapitalis.com\/tunisie\/2019\/07\/13\/sousse-2030-pour-une-ville-integratrice-attractive-et-creative\/","url":"https:\/\/kapitalis.com\/tunisie\/2019\/07\/13\/sousse-2030-pour-une-ville-integratrice-attractive-et-creative\/","name":"\u00abSousse 2030\u00bb: Pour une ville int\u00e9gratrice, attractive, et cr\u00e9ative - Kapitalis","isPartOf":{"@id":"https:\/\/kapitalis.com\/tunisie\/#website"},"primaryImageOfPage":{"@id":"https:\/\/kapitalis.com\/tunisie\/2019\/07\/13\/sousse-2030-pour-une-ville-integratrice-attractive-et-creative\/#primaryimage"},"image":{"@id":"https:\/\/kapitalis.com\/tunisie\/2019\/07\/13\/sousse-2030-pour-une-ville-integratrice-attractive-et-creative\/#primaryimage"},"thumbnailUrl":"","datePublished":"2019-07-13T11:24:59+00:00","dateModified":"2019-07-13T11:25:02+00:00","breadcrumb":{"@id":"https:\/\/kapitalis.com\/tunisie\/2019\/07\/13\/sousse-2030-pour-une-ville-integratrice-attractive-et-creative\/#breadcrumb"},"inLanguage":"fr-FR","potentialAction":[{"@type":"ReadAction","target":["https:\/\/kapitalis.com\/tunisie\/2019\/07\/13\/sousse-2030-pour-une-ville-integratrice-attractive-et-creative\/"]}]},{"@type":"ImageObject","inLanguage":"fr-FR","@id":"https:\/\/kapitalis.com\/tunisie\/2019\/07\/13\/sousse-2030-pour-une-ville-integratrice-attractive-et-creative\/#primaryimage","url":"","contentUrl":""},{"@type":"BreadcrumbList","@id":"https:\/\/kapitalis.com\/tunisie\/2019\/07\/13\/sousse-2030-pour-une-ville-integratrice-attractive-et-creative\/#breadcrumb","itemListElement":[{"@type":"ListItem","position":1,"name":"Accueil","item":"https:\/\/kapitalis.com\/tunisie\/"},{"@type":"ListItem","position":2,"name":"\u00abSousse 2030\u00bb: Pour une ville int\u00e9gratrice, attractive, et cr\u00e9ative"}]},{"@type":"WebSite","@id":"https:\/\/kapitalis.com\/tunisie\/#website","url":"https:\/\/kapitalis.com\/tunisie\/","name":"Kapitalis","description":"L&#039;actualit\u00e9 en Tunisie et dans le monde","publisher":{"@id":"https:\/\/kapitalis.com\/tunisie\/#organization"},"potentialAction":[{"@type":"SearchAction","target":{"@type":"EntryPoint","urlTemplate":"https:\/\/kapitalis.com\/tunisie\/?s={search_term_string}"},"query-input":{"@type":"PropertyValueSpecification","valueRequired":true,"valueName":"search_term_string"}}],"inLanguage":"fr-FR"},{"@type":"Organization","@id":"https:\/\/kapitalis.com\/tunisie\/#organization","name":"Kapitalis","url":"https:\/\/kapitalis.com\/tunisie\/","logo":{"@type":"ImageObject","inLanguage":"fr-FR","@id":"https:\/\/kapitalis.com\/tunisie\/#\/schema\/logo\/image\/","url":"https:\/\/kapitalis.com\/tunisie\/wp-content\/uploads\/2022\/05\/Kapitalis-big-size.png","contentUrl":"https:\/\/kapitalis.com\/tunisie\/wp-content\/uploads\/2022\/05\/Kapitalis-big-size.png","width":5000,"height":1500,"caption":"Kapitalis"},"image":{"@id":"https:\/\/kapitalis.com\/tunisie\/#\/schema\/logo\/image\/"},"sameAs":["https:\/\/www.facebook.com\/KapitalisInfo\/","https:\/\/x.com\/KapitalisInfo","https:\/\/www.youtube.com\/channel\/UC-yDYrHyfFBWWZaOw3FPg9Q"]},{"@type":"Person","@id":"https:\/\/kapitalis.com\/tunisie\/#\/schema\/person\/093913313d3017554cb3ad077fff3fbd","name":"Amina Mkada","url":"https:\/\/kapitalis.com\/tunisie\/author\/amina\/"}]}},"_links":{"self":[{"href":"https:\/\/kapitalis.com\/tunisie\/wp-json\/wp\/v2\/posts\/224803","targetHints":{"allow":["GET"]}}],"collection":[{"href":"https:\/\/kapitalis.com\/tunisie\/wp-json\/wp\/v2\/posts"}],"about":[{"href":"https:\/\/kapitalis.com\/tunisie\/wp-json\/wp\/v2\/types\/post"}],"author":[{"embeddable":true,"href":"https:\/\/kapitalis.com\/tunisie\/wp-json\/wp\/v2\/users\/22"}],"replies":[{"embeddable":true,"href":"https:\/\/kapitalis.com\/tunisie\/wp-json\/wp\/v2\/comments?post=224803"}],"version-history":[{"count":0,"href":"https:\/\/kapitalis.com\/tunisie\/wp-json\/wp\/v2\/posts\/224803\/revisions"}],"wp:featuredmedia":[{"embeddable":true,"href":"https:\/\/kapitalis.com\/tunisie\/wp-json\/wp\/v2\/media\/224842"}],"wp:attachment":[{"href":"https:\/\/kapitalis.com\/tunisie\/wp-json\/wp\/v2\/media?parent=224803"}],"wp:term":[{"taxonomy":"category","embeddable":true,"href":"https:\/\/kapitalis.com\/tunisie\/wp-json\/wp\/v2\/categories?post=224803"},{"taxonomy":"post_tag","embeddable":true,"href":"https:\/\/kapitalis.com\/tunisie\/wp-json\/wp\/v2\/tags?post=224803"}],"curies":[{"name":"wp","href":"https:\/\/api.w.org\/{rel}","templated":true}]}}