{"id":224821,"date":"2019-07-13T11:11:10","date_gmt":"2019-07-13T10:11:10","guid":{"rendered":"http:\/\/kapitalis.com\/tunisie\/?p=224821"},"modified":"2019-07-13T11:29:08","modified_gmt":"2019-07-13T10:29:08","slug":"alertant-sur-un-conflit-dinteret-i-watch-appelle-la-bct-a-resilier-le-contrat-de-me-ben-messaoud-avocat-des-freres-karoui","status":"publish","type":"post","link":"https:\/\/kapitalis.com\/tunisie\/2019\/07\/13\/alertant-sur-un-conflit-dinteret-i-watch-appelle-la-bct-a-resilier-le-contrat-de-me-ben-messaoud-avocat-des-freres-karoui\/","title":{"rendered":"Alertant sur un conflit d\u2019int\u00e9r\u00eat, I Watch appelle la BCT \u00e0 r\u00e9silier le contrat de Me Ben Messaoud, avocat des fr\u00e8res Karoui"},"content":{"rendered":"\n<figure class=\"wp-block-image\"><img decoding=\"async\" src=\"http:\/\/kapitalis.com\/tunisie\/wp-content\/uploads\/2019\/07\/Karoui-Me-Ben-Messaoud.jpg\" alt=\"\" class=\"wp-image-224829\"\/><\/figure>\n\n\n\n<p><strong><em>L&rsquo;organisation I Watch a appel\u00e9 la Banque centrale de Tunisie (BCT) \u00e0 r\u00e9silier le contrat qui la lie avec son avocat Kamel Ben Messaoud, qui est \u00e9galement membre du collectif de d\u00e9fense des fr\u00e8res Ghazi et Nabil Karoui, objets d&rsquo;une enqu\u00eate du P\u00f4le judiciaire financier sur des suspicions de corruption et de blanchiment d&rsquo;argent.<\/em><\/strong><\/p>\n\n\n\n<!--more-->\n\n\n\n<p>I Watch a publi\u00e9 hier soir, vendredi 12 juillet 2019, un communiqu\u00e9 expliquant avoir \u00e9t\u00e9 surpris de d\u00e9couvrir que M. Ben Messaoud est avocat des fr\u00e8res Karoui et alerte sur ce qu&rsquo;elle a qualifi\u00e9 de \u00ab<em>conflit d\u2019int\u00e9r\u00eat<\/em>\u00bb, .<\/p>\n\n\n\n<p>L&rsquo;organisation, qui est avait port\u00e9 plainte, depuis ao\u00fbt 2016, contre Nabil Karoui, patron de Nessma TV et candidat \u00e0 la candidature \u00e0 la pr\u00e9sidentielle, pour corruption et blanchiment d&rsquo;argent, estime que, pour \u00ab<em>prot\u00e9ger et assurer la bonne conduite de l\u2019instruction de l\u2019affaire des fr\u00e8res Karoui et pour \u00e9viter tout soup\u00e7on, la BCT doit r\u00e9silier son contrat avec Me Ben Messaoud, dans les meilleurs d\u00e9lais<\/em>\u00bb.<\/p>\n\n\n\n<p>Rappelons que Nabil Karoui, interdit de voyage et dont les avoir sont gel\u00e9s, depuis la semaine derni\u00e8re, a comparu, hier, devant le juge d\u2019instruction aupr\u00e8s du P\u00f4le judiciaire financier et ses avocats ont demand\u00e9 le report de l&rsquo;audience. La prochaine audience a \u00e9t\u00e9 fix\u00e9e au 23 juillet courant.<\/p>\n\n\n\n<p style=\"text-align:right\"><strong>Y. N.<\/strong><\/p>\n\n\n\n<figure class=\"wp-block-embed is-type-rich is-provider-kapitalis\"><div class=\"wp-block-embed__wrapper\">\n<blockquote class=\"wp-embedded-content\" data-secret=\"4VZSHqyhpi\"><a href=\"https:\/\/kapitalis.com\/tunisie\/2019\/07\/12\/poursuivi-pour-corruption-nabil-karoui-fait-son-cinema-devant-le-pole-judiciaire-financier-de-tunis-video\/\">Poursuivi pour corruption, Nabil Karoui fait son cin\u00e9ma devant le P\u00f4le judiciaire financier de Tunis (vid\u00e9o)<\/a><\/blockquote><iframe loading=\"lazy\" class=\"wp-embedded-content\" sandbox=\"allow-scripts\" security=\"restricted\" style=\"position: absolute; clip: rect(1px, 1px, 1px, 1px);\" title=\"\u00ab\u00a0Poursuivi pour corruption, Nabil Karoui fait son cin\u00e9ma devant le P\u00f4le judiciaire financier de Tunis (vid\u00e9o)\u00a0\u00bb &#8212; Kapitalis\" src=\"https:\/\/kapitalis.com\/tunisie\/2019\/07\/12\/poursuivi-pour-corruption-nabil-karoui-fait-son-cinema-devant-le-pole-judiciaire-financier-de-tunis-video\/embed\/#?secret=LvYh0NbND1#?secret=4VZSHqyhpi\" data-secret=\"4VZSHqyhpi\" width=\"600\" height=\"338\" frameborder=\"0\" marginwidth=\"0\" marginheight=\"0\" scrolling=\"no\"><\/iframe>\n<\/div><\/figure>\n\n\n\n<figure class=\"wp-block-embed is-type-rich is-provider-kapitalis\"><div class=\"wp-block-embed__wrapper\">\n<blockquote class=\"wp-embedded-content\" data-secret=\"Yf0c1RxYTT\"><a href=\"https:\/\/kapitalis.com\/tunisie\/2019\/07\/08\/pole-judiciaire-financier-gel-des-avoirs-et-interdiction-de-voyage-de-nabil-karoui\/\">P\u00f4le judiciaire financier : Gel des avoirs et interdiction de voyage de Nabil Karoui<\/a><\/blockquote><iframe loading=\"lazy\" class=\"wp-embedded-content\" sandbox=\"allow-scripts\" security=\"restricted\" style=\"position: absolute; clip: rect(1px, 1px, 1px, 1px);\" title=\"\u00ab\u00a0P\u00f4le judiciaire financier : Gel des avoirs et interdiction de voyage de Nabil Karoui\u00a0\u00bb &#8212; Kapitalis\" src=\"https:\/\/kapitalis.com\/tunisie\/2019\/07\/08\/pole-judiciaire-financier-gel-des-avoirs-et-interdiction-de-voyage-de-nabil-karoui\/embed\/#?secret=gqVB58faWY#?secret=Yf0c1RxYTT\" data-secret=\"Yf0c1RxYTT\" width=\"600\" height=\"338\" frameborder=\"0\" marginwidth=\"0\" marginheight=\"0\" scrolling=\"no\"><\/iframe>\n<\/div><\/figure>\n","protected":false},"excerpt":{"rendered":"<p>L&rsquo;organisation I Watch a appel\u00e9 la Banque centrale de Tunisie (BCT) \u00e0 r\u00e9silier le contrat qui la lie avec son avocat Kamel Ben Messaoud, qui est \u00e9galement membre du collectif de d\u00e9fense des fr\u00e8res Ghazi et Nabil Karoui, objets d&rsquo;une enqu\u00eate du P\u00f4le judiciaire financier sur des suspicions de corruption et de blanchiment d&rsquo;argent.<\/p>\n","protected":false},"author":6,"featured_media":224829,"comment_status":"open","ping_status":"open","sticky":false,"template":"","format":"standard","meta":{"footnotes":""},"categories":[995,997,2433],"tags":[114,35272,135,33504,5183,651,3437],"class_list":["post-224821","post","type-post","status-publish","format-standard","has-post-thumbnail","hentry","category-economie","category-politique","category-tunisie","tag-avocat","tag-banque-centrale-tunisie","tag-bct","tag-blanchiment-argent","tag-i-watch","tag-nabil-karoui","tag-nessma"],"yoast_head":"<!-- This site is optimized with the Yoast SEO plugin v26.6 - https:\/\/yoast.com\/wordpress\/plugins\/seo\/ -->\n<title>Alertant sur un conflit d\u2019int\u00e9r\u00eat, I Watch appelle la BCT \u00e0 r\u00e9silier le contrat de Me Ben Messaoud, avocat des fr\u00e8res Karoui - Kapitalis<\/title>\n<meta name=\"robots\" content=\"index, follow, max-snippet:-1, max-image-preview:large, max-video-preview:-1\" \/>\n<link rel=\"canonical\" href=\"https:\/\/kapitalis.com\/tunisie\/2019\/07\/13\/alertant-sur-un-conflit-dinteret-i-watch-appelle-la-bct-a-resilier-le-contrat-de-me-ben-messaoud-avocat-des-freres-karoui\/\" \/>\n<meta property=\"og:locale\" content=\"fr_FR\" \/>\n<meta property=\"og:type\" content=\"article\" \/>\n<meta property=\"og:title\" content=\"Alertant sur un conflit d\u2019int\u00e9r\u00eat, I Watch appelle la BCT \u00e0 r\u00e9silier le contrat de Me Ben Messaoud, avocat des fr\u00e8res Karoui - Kapitalis\" \/>\n<meta property=\"og:description\" content=\"L&rsquo;organisation I Watch a appel\u00e9 la Banque centrale de Tunisie (BCT) \u00e0 r\u00e9silier le contrat qui la lie avec son avocat Kamel Ben Messaoud, qui est \u00e9galement membre du collectif de d\u00e9fense des fr\u00e8res Ghazi et Nabil Karoui, objets d&rsquo;une enqu\u00eate du P\u00f4le judiciaire financier sur des suspicions de corruption et de blanchiment d&rsquo;argent.\" \/>\n<meta property=\"og:url\" content=\"https:\/\/kapitalis.com\/tunisie\/2019\/07\/13\/alertant-sur-un-conflit-dinteret-i-watch-appelle-la-bct-a-resilier-le-contrat-de-me-ben-messaoud-avocat-des-freres-karoui\/\" \/>\n<meta property=\"og:site_name\" content=\"Kapitalis\" \/>\n<meta property=\"article:publisher\" content=\"https:\/\/www.facebook.com\/KapitalisInfo\/\" \/>\n<meta property=\"article:published_time\" content=\"2019-07-13T10:11:10+00:00\" \/>\n<meta property=\"article:modified_time\" content=\"2019-07-13T10:29:08+00:00\" \/>\n<meta property=\"og:image\" content=\"https:\/\/kapitalis.com\/tunisie\/wp-content\/uploads\/2022\/05\/kapitalis-logo-fb.png\" \/>\n\t<meta property=\"og:image:width\" content=\"1200\" \/>\n\t<meta property=\"og:image:height\" content=\"630\" \/>\n\t<meta property=\"og:image:type\" content=\"image\/png\" \/>\n<meta name=\"author\" content=\"Yusra NY\" \/>\n<meta name=\"twitter:card\" content=\"summary_large_image\" \/>\n<meta name=\"twitter:creator\" content=\"@KapitalisInfo\" \/>\n<meta name=\"twitter:site\" content=\"@KapitalisInfo\" \/>\n<meta name=\"twitter:label1\" content=\"\u00c9crit par\" \/>\n\t<meta name=\"twitter:data1\" content=\"Yusra NY\" \/>\n\t<meta name=\"twitter:label2\" content=\"Dur\u00e9e de lecture estim\u00e9e\" \/>\n\t<meta name=\"twitter:data2\" content=\"1 minute\" \/>\n<script type=\"application\/ld+json\" class=\"yoast-schema-graph\">{\"@context\":\"https:\/\/schema.org\",\"@graph\":[{\"@type\":\"Article\",\"@id\":\"https:\/\/kapitalis.com\/tunisie\/2019\/07\/13\/alertant-sur-un-conflit-dinteret-i-watch-appelle-la-bct-a-resilier-le-contrat-de-me-ben-messaoud-avocat-des-freres-karoui\/#article\",\"isPartOf\":{\"@id\":\"https:\/\/kapitalis.com\/tunisie\/2019\/07\/13\/alertant-sur-un-conflit-dinteret-i-watch-appelle-la-bct-a-resilier-le-contrat-de-me-ben-messaoud-avocat-des-freres-karoui\/\"},\"author\":{\"name\":\"Yusra NY\",\"@id\":\"https:\/\/kapitalis.com\/tunisie\/#\/schema\/person\/74bbde0154d49d790a92aaeac5bc01d5\"},\"headline\":\"Alertant sur un conflit d\u2019int\u00e9r\u00eat, I Watch appelle la BCT \u00e0 r\u00e9silier le contrat de Me Ben Messaoud, avocat des fr\u00e8res Karoui\",\"datePublished\":\"2019-07-13T10:11:10+00:00\",\"dateModified\":\"2019-07-13T10:29:08+00:00\",\"mainEntityOfPage\":{\"@id\":\"https:\/\/kapitalis.com\/tunisie\/2019\/07\/13\/alertant-sur-un-conflit-dinteret-i-watch-appelle-la-bct-a-resilier-le-contrat-de-me-ben-messaoud-avocat-des-freres-karoui\/\"},\"wordCount\":259,\"commentCount\":2,\"publisher\":{\"@id\":\"https:\/\/kapitalis.com\/tunisie\/#organization\"},\"image\":{\"@id\":\"https:\/\/kapitalis.com\/tunisie\/2019\/07\/13\/alertant-sur-un-conflit-dinteret-i-watch-appelle-la-bct-a-resilier-le-contrat-de-me-ben-messaoud-avocat-des-freres-karoui\/#primaryimage\"},\"thumbnailUrl\":\"\",\"keywords\":[\"avocat\",\"Banque centrale Tunisie\",\"BCT\",\"blanchiment argent\",\"I Watch\",\"Nabil Karoui\",\"Nessma\"],\"articleSection\":[\"ECONOMIE\",\"POLITIQUE\",\"Tunisie\"],\"inLanguage\":\"fr-FR\",\"potentialAction\":[{\"@type\":\"CommentAction\",\"name\":\"Comment\",\"target\":[\"https:\/\/kapitalis.com\/tunisie\/2019\/07\/13\/alertant-sur-un-conflit-dinteret-i-watch-appelle-la-bct-a-resilier-le-contrat-de-me-ben-messaoud-avocat-des-freres-karoui\/#respond\"]}]},{\"@type\":\"WebPage\",\"@id\":\"https:\/\/kapitalis.com\/tunisie\/2019\/07\/13\/alertant-sur-un-conflit-dinteret-i-watch-appelle-la-bct-a-resilier-le-contrat-de-me-ben-messaoud-avocat-des-freres-karoui\/\",\"url\":\"https:\/\/kapitalis.com\/tunisie\/2019\/07\/13\/alertant-sur-un-conflit-dinteret-i-watch-appelle-la-bct-a-resilier-le-contrat-de-me-ben-messaoud-avocat-des-freres-karoui\/\",\"name\":\"Alertant sur un conflit d\u2019int\u00e9r\u00eat, I Watch appelle la BCT \u00e0 r\u00e9silier le contrat de Me Ben Messaoud, avocat des fr\u00e8res Karoui - Kapitalis\",\"isPartOf\":{\"@id\":\"https:\/\/kapitalis.com\/tunisie\/#website\"},\"primaryImageOfPage\":{\"@id\":\"https:\/\/kapitalis.com\/tunisie\/2019\/07\/13\/alertant-sur-un-conflit-dinteret-i-watch-appelle-la-bct-a-resilier-le-contrat-de-me-ben-messaoud-avocat-des-freres-karoui\/#primaryimage\"},\"image\":{\"@id\":\"https:\/\/kapitalis.com\/tunisie\/2019\/07\/13\/alertant-sur-un-conflit-dinteret-i-watch-appelle-la-bct-a-resilier-le-contrat-de-me-ben-messaoud-avocat-des-freres-karoui\/#primaryimage\"},\"thumbnailUrl\":\"\",\"datePublished\":\"2019-07-13T10:11:10+00:00\",\"dateModified\":\"2019-07-13T10:29:08+00:00\",\"breadcrumb\":{\"@id\":\"https:\/\/kapitalis.com\/tunisie\/2019\/07\/13\/alertant-sur-un-conflit-dinteret-i-watch-appelle-la-bct-a-resilier-le-contrat-de-me-ben-messaoud-avocat-des-freres-karoui\/#breadcrumb\"},\"inLanguage\":\"fr-FR\",\"potentialAction\":[{\"@type\":\"ReadAction\",\"target\":[\"https:\/\/kapitalis.com\/tunisie\/2019\/07\/13\/alertant-sur-un-conflit-dinteret-i-watch-appelle-la-bct-a-resilier-le-contrat-de-me-ben-messaoud-avocat-des-freres-karoui\/\"]}]},{\"@type\":\"ImageObject\",\"inLanguage\":\"fr-FR\",\"@id\":\"https:\/\/kapitalis.com\/tunisie\/2019\/07\/13\/alertant-sur-un-conflit-dinteret-i-watch-appelle-la-bct-a-resilier-le-contrat-de-me-ben-messaoud-avocat-des-freres-karoui\/#primaryimage\",\"url\":\"\",\"contentUrl\":\"\"},{\"@type\":\"BreadcrumbList\",\"@id\":\"https:\/\/kapitalis.com\/tunisie\/2019\/07\/13\/alertant-sur-un-conflit-dinteret-i-watch-appelle-la-bct-a-resilier-le-contrat-de-me-ben-messaoud-avocat-des-freres-karoui\/#breadcrumb\",\"itemListElement\":[{\"@type\":\"ListItem\",\"position\":1,\"name\":\"Accueil\",\"item\":\"https:\/\/kapitalis.com\/tunisie\/\"},{\"@type\":\"ListItem\",\"position\":2,\"name\":\"Alertant sur un conflit d\u2019int\u00e9r\u00eat, I Watch appelle la BCT \u00e0 r\u00e9silier le contrat de Me Ben Messaoud, avocat des fr\u00e8res Karoui\"}]},{\"@type\":\"WebSite\",\"@id\":\"https:\/\/kapitalis.com\/tunisie\/#website\",\"url\":\"https:\/\/kapitalis.com\/tunisie\/\",\"name\":\"Kapitalis\",\"description\":\"L&#039;actualit\u00e9 en Tunisie et dans le monde\",\"publisher\":{\"@id\":\"https:\/\/kapitalis.com\/tunisie\/#organization\"},\"potentialAction\":[{\"@type\":\"SearchAction\",\"target\":{\"@type\":\"EntryPoint\",\"urlTemplate\":\"https:\/\/kapitalis.com\/tunisie\/?s={search_term_string}\"},\"query-input\":{\"@type\":\"PropertyValueSpecification\",\"valueRequired\":true,\"valueName\":\"search_term_string\"}}],\"inLanguage\":\"fr-FR\"},{\"@type\":\"Organization\",\"@id\":\"https:\/\/kapitalis.com\/tunisie\/#organization\",\"name\":\"Kapitalis\",\"url\":\"https:\/\/kapitalis.com\/tunisie\/\",\"logo\":{\"@type\":\"ImageObject\",\"inLanguage\":\"fr-FR\",\"@id\":\"https:\/\/kapitalis.com\/tunisie\/#\/schema\/logo\/image\/\",\"url\":\"https:\/\/kapitalis.com\/tunisie\/wp-content\/uploads\/2022\/05\/Kapitalis-big-size.png\",\"contentUrl\":\"https:\/\/kapitalis.com\/tunisie\/wp-content\/uploads\/2022\/05\/Kapitalis-big-size.png\",\"width\":5000,\"height\":1500,\"caption\":\"Kapitalis\"},\"image\":{\"@id\":\"https:\/\/kapitalis.com\/tunisie\/#\/schema\/logo\/image\/\"},\"sameAs\":[\"https:\/\/www.facebook.com\/KapitalisInfo\/\",\"https:\/\/x.com\/KapitalisInfo\",\"https:\/\/www.youtube.com\/channel\/UC-yDYrHyfFBWWZaOw3FPg9Q\"]},{\"@type\":\"Person\",\"@id\":\"https:\/\/kapitalis.com\/tunisie\/#\/schema\/person\/74bbde0154d49d790a92aaeac5bc01d5\",\"name\":\"Yusra NY\",\"url\":\"https:\/\/kapitalis.com\/tunisie\/author\/yuza_adam\/\"}]}<\/script>\n<!-- \/ Yoast SEO plugin. -->","yoast_head_json":{"title":"Alertant sur un conflit d\u2019int\u00e9r\u00eat, I Watch appelle la BCT \u00e0 r\u00e9silier le contrat de Me Ben Messaoud, avocat des fr\u00e8res Karoui - Kapitalis","robots":{"index":"index","follow":"follow","max-snippet":"max-snippet:-1","max-image-preview":"max-image-preview:large","max-video-preview":"max-video-preview:-1"},"canonical":"https:\/\/kapitalis.com\/tunisie\/2019\/07\/13\/alertant-sur-un-conflit-dinteret-i-watch-appelle-la-bct-a-resilier-le-contrat-de-me-ben-messaoud-avocat-des-freres-karoui\/","og_locale":"fr_FR","og_type":"article","og_title":"Alertant sur un conflit d\u2019int\u00e9r\u00eat, I Watch appelle la BCT \u00e0 r\u00e9silier le contrat de Me Ben Messaoud, avocat des fr\u00e8res Karoui - Kapitalis","og_description":"L&rsquo;organisation I Watch a appel\u00e9 la Banque centrale de Tunisie (BCT) \u00e0 r\u00e9silier le contrat qui la lie avec son avocat Kamel Ben Messaoud, qui est \u00e9galement membre du collectif de d\u00e9fense des fr\u00e8res Ghazi et Nabil Karoui, objets d&rsquo;une enqu\u00eate du P\u00f4le judiciaire financier sur des suspicions de corruption et de blanchiment d&rsquo;argent.","og_url":"https:\/\/kapitalis.com\/tunisie\/2019\/07\/13\/alertant-sur-un-conflit-dinteret-i-watch-appelle-la-bct-a-resilier-le-contrat-de-me-ben-messaoud-avocat-des-freres-karoui\/","og_site_name":"Kapitalis","article_publisher":"https:\/\/www.facebook.com\/KapitalisInfo\/","article_published_time":"2019-07-13T10:11:10+00:00","article_modified_time":"2019-07-13T10:29:08+00:00","og_image":[{"width":1200,"height":630,"url":"https:\/\/kapitalis.com\/tunisie\/wp-content\/uploads\/2022\/05\/kapitalis-logo-fb.png","type":"image\/png"}],"author":"Yusra NY","twitter_card":"summary_large_image","twitter_creator":"@KapitalisInfo","twitter_site":"@KapitalisInfo","twitter_misc":{"\u00c9crit par":"Yusra NY","Dur\u00e9e de lecture estim\u00e9e":"1 minute"},"schema":{"@context":"https:\/\/schema.org","@graph":[{"@type":"Article","@id":"https:\/\/kapitalis.com\/tunisie\/2019\/07\/13\/alertant-sur-un-conflit-dinteret-i-watch-appelle-la-bct-a-resilier-le-contrat-de-me-ben-messaoud-avocat-des-freres-karoui\/#article","isPartOf":{"@id":"https:\/\/kapitalis.com\/tunisie\/2019\/07\/13\/alertant-sur-un-conflit-dinteret-i-watch-appelle-la-bct-a-resilier-le-contrat-de-me-ben-messaoud-avocat-des-freres-karoui\/"},"author":{"name":"Yusra NY","@id":"https:\/\/kapitalis.com\/tunisie\/#\/schema\/person\/74bbde0154d49d790a92aaeac5bc01d5"},"headline":"Alertant sur un conflit d\u2019int\u00e9r\u00eat, I Watch appelle la BCT \u00e0 r\u00e9silier le contrat de Me Ben Messaoud, avocat des fr\u00e8res Karoui","datePublished":"2019-07-13T10:11:10+00:00","dateModified":"2019-07-13T10:29:08+00:00","mainEntityOfPage":{"@id":"https:\/\/kapitalis.com\/tunisie\/2019\/07\/13\/alertant-sur-un-conflit-dinteret-i-watch-appelle-la-bct-a-resilier-le-contrat-de-me-ben-messaoud-avocat-des-freres-karoui\/"},"wordCount":259,"commentCount":2,"publisher":{"@id":"https:\/\/kapitalis.com\/tunisie\/#organization"},"image":{"@id":"https:\/\/kapitalis.com\/tunisie\/2019\/07\/13\/alertant-sur-un-conflit-dinteret-i-watch-appelle-la-bct-a-resilier-le-contrat-de-me-ben-messaoud-avocat-des-freres-karoui\/#primaryimage"},"thumbnailUrl":"","keywords":["avocat","Banque centrale Tunisie","BCT","blanchiment argent","I Watch","Nabil Karoui","Nessma"],"articleSection":["ECONOMIE","POLITIQUE","Tunisie"],"inLanguage":"fr-FR","potentialAction":[{"@type":"CommentAction","name":"Comment","target":["https:\/\/kapitalis.com\/tunisie\/2019\/07\/13\/alertant-sur-un-conflit-dinteret-i-watch-appelle-la-bct-a-resilier-le-contrat-de-me-ben-messaoud-avocat-des-freres-karoui\/#respond"]}]},{"@type":"WebPage","@id":"https:\/\/kapitalis.com\/tunisie\/2019\/07\/13\/alertant-sur-un-conflit-dinteret-i-watch-appelle-la-bct-a-resilier-le-contrat-de-me-ben-messaoud-avocat-des-freres-karoui\/","url":"https:\/\/kapitalis.com\/tunisie\/2019\/07\/13\/alertant-sur-un-conflit-dinteret-i-watch-appelle-la-bct-a-resilier-le-contrat-de-me-ben-messaoud-avocat-des-freres-karoui\/","name":"Alertant sur un conflit d\u2019int\u00e9r\u00eat, I Watch appelle la BCT \u00e0 r\u00e9silier le contrat de Me Ben Messaoud, avocat des fr\u00e8res Karoui - Kapitalis","isPartOf":{"@id":"https:\/\/kapitalis.com\/tunisie\/#website"},"primaryImageOfPage":{"@id":"https:\/\/kapitalis.com\/tunisie\/2019\/07\/13\/alertant-sur-un-conflit-dinteret-i-watch-appelle-la-bct-a-resilier-le-contrat-de-me-ben-messaoud-avocat-des-freres-karoui\/#primaryimage"},"image":{"@id":"https:\/\/kapitalis.com\/tunisie\/2019\/07\/13\/alertant-sur-un-conflit-dinteret-i-watch-appelle-la-bct-a-resilier-le-contrat-de-me-ben-messaoud-avocat-des-freres-karoui\/#primaryimage"},"thumbnailUrl":"","datePublished":"2019-07-13T10:11:10+00:00","dateModified":"2019-07-13T10:29:08+00:00","breadcrumb":{"@id":"https:\/\/kapitalis.com\/tunisie\/2019\/07\/13\/alertant-sur-un-conflit-dinteret-i-watch-appelle-la-bct-a-resilier-le-contrat-de-me-ben-messaoud-avocat-des-freres-karoui\/#breadcrumb"},"inLanguage":"fr-FR","potentialAction":[{"@type":"ReadAction","target":["https:\/\/kapitalis.com\/tunisie\/2019\/07\/13\/alertant-sur-un-conflit-dinteret-i-watch-appelle-la-bct-a-resilier-le-contrat-de-me-ben-messaoud-avocat-des-freres-karoui\/"]}]},{"@type":"ImageObject","inLanguage":"fr-FR","@id":"https:\/\/kapitalis.com\/tunisie\/2019\/07\/13\/alertant-sur-un-conflit-dinteret-i-watch-appelle-la-bct-a-resilier-le-contrat-de-me-ben-messaoud-avocat-des-freres-karoui\/#primaryimage","url":"","contentUrl":""},{"@type":"BreadcrumbList","@id":"https:\/\/kapitalis.com\/tunisie\/2019\/07\/13\/alertant-sur-un-conflit-dinteret-i-watch-appelle-la-bct-a-resilier-le-contrat-de-me-ben-messaoud-avocat-des-freres-karoui\/#breadcrumb","itemListElement":[{"@type":"ListItem","position":1,"name":"Accueil","item":"https:\/\/kapitalis.com\/tunisie\/"},{"@type":"ListItem","position":2,"name":"Alertant sur un conflit d\u2019int\u00e9r\u00eat, I Watch appelle la BCT \u00e0 r\u00e9silier le contrat de Me Ben Messaoud, avocat des fr\u00e8res Karoui"}]},{"@type":"WebSite","@id":"https:\/\/kapitalis.com\/tunisie\/#website","url":"https:\/\/kapitalis.com\/tunisie\/","name":"Kapitalis","description":"L&#039;actualit\u00e9 en Tunisie et dans le monde","publisher":{"@id":"https:\/\/kapitalis.com\/tunisie\/#organization"},"potentialAction":[{"@type":"SearchAction","target":{"@type":"EntryPoint","urlTemplate":"https:\/\/kapitalis.com\/tunisie\/?s={search_term_string}"},"query-input":{"@type":"PropertyValueSpecification","valueRequired":true,"valueName":"search_term_string"}}],"inLanguage":"fr-FR"},{"@type":"Organization","@id":"https:\/\/kapitalis.com\/tunisie\/#organization","name":"Kapitalis","url":"https:\/\/kapitalis.com\/tunisie\/","logo":{"@type":"ImageObject","inLanguage":"fr-FR","@id":"https:\/\/kapitalis.com\/tunisie\/#\/schema\/logo\/image\/","url":"https:\/\/kapitalis.com\/tunisie\/wp-content\/uploads\/2022\/05\/Kapitalis-big-size.png","contentUrl":"https:\/\/kapitalis.com\/tunisie\/wp-content\/uploads\/2022\/05\/Kapitalis-big-size.png","width":5000,"height":1500,"caption":"Kapitalis"},"image":{"@id":"https:\/\/kapitalis.com\/tunisie\/#\/schema\/logo\/image\/"},"sameAs":["https:\/\/www.facebook.com\/KapitalisInfo\/","https:\/\/x.com\/KapitalisInfo","https:\/\/www.youtube.com\/channel\/UC-yDYrHyfFBWWZaOw3FPg9Q"]},{"@type":"Person","@id":"https:\/\/kapitalis.com\/tunisie\/#\/schema\/person\/74bbde0154d49d790a92aaeac5bc01d5","name":"Yusra NY","url":"https:\/\/kapitalis.com\/tunisie\/author\/yuza_adam\/"}]}},"_links":{"self":[{"href":"https:\/\/kapitalis.com\/tunisie\/wp-json\/wp\/v2\/posts\/224821","targetHints":{"allow":["GET"]}}],"collection":[{"href":"https:\/\/kapitalis.com\/tunisie\/wp-json\/wp\/v2\/posts"}],"about":[{"href":"https:\/\/kapitalis.com\/tunisie\/wp-json\/wp\/v2\/types\/post"}],"author":[{"embeddable":true,"href":"https:\/\/kapitalis.com\/tunisie\/wp-json\/wp\/v2\/users\/6"}],"replies":[{"embeddable":true,"href":"https:\/\/kapitalis.com\/tunisie\/wp-json\/wp\/v2\/comments?post=224821"}],"version-history":[{"count":0,"href":"https:\/\/kapitalis.com\/tunisie\/wp-json\/wp\/v2\/posts\/224821\/revisions"}],"wp:featuredmedia":[{"embeddable":true,"href":"https:\/\/kapitalis.com\/tunisie\/wp-json\/wp\/v2\/media\/224829"}],"wp:attachment":[{"href":"https:\/\/kapitalis.com\/tunisie\/wp-json\/wp\/v2\/media?parent=224821"}],"wp:term":[{"taxonomy":"category","embeddable":true,"href":"https:\/\/kapitalis.com\/tunisie\/wp-json\/wp\/v2\/categories?post=224821"},{"taxonomy":"post_tag","embeddable":true,"href":"https:\/\/kapitalis.com\/tunisie\/wp-json\/wp\/v2\/tags?post=224821"}],"curies":[{"name":"wp","href":"https:\/\/api.w.org\/{rel}","templated":true}]}}