{"id":224925,"date":"2019-07-14T10:50:01","date_gmt":"2019-07-14T09:50:01","guid":{"rendered":"http:\/\/kapitalis.com\/tunisie\/?p=224925"},"modified":"2019-07-14T10:52:49","modified_gmt":"2019-07-14T09:52:49","slug":"tunisie-ouverture-des-inscriptions-pour-beneficier-du-programme-une-nouvelle-generation-dentrepreneurs","status":"publish","type":"post","link":"https:\/\/kapitalis.com\/tunisie\/2019\/07\/14\/tunisie-ouverture-des-inscriptions-pour-beneficier-du-programme-une-nouvelle-generation-dentrepreneurs\/","title":{"rendered":"Tunisie : Ouverture des inscriptions pour b\u00e9n\u00e9ficier du programme \u00abUne nouvelle g\u00e9n\u00e9ration d&rsquo;entrepreneurs\u00bb"},"content":{"rendered":"\n<figure class=\"wp-block-image\"><img decoding=\"async\" src=\"http:\/\/kapitalis.com\/tunisie\/wp-content\/uploads\/2019\/07\/jeunes-entrepreneurs.jpg\" alt=\"\" class=\"wp-image-224944\"\/><\/figure>\n\n\n\n<p><strong><em>Le minist\u00e8re de la Formation professionnelle et de l&rsquo;Emploi, et le minist\u00e8re de l&rsquo;Education ouvrent les inscriptions pour b\u00e9n\u00e9ficier du programme \u00abUne nouvelle g\u00e9n\u00e9ration d&rsquo;entrepreneurs\u00bb. <\/em><\/strong><\/p>\n\n\n\n<!--more-->\n\n\n<div>Il s&rsquo;agit de s\u00e9lectionner des promoteurs de PME op\u00e9rant dans la restauration et la maintenance r\u00e9guli\u00e8re d\u2019\u00e9tablissements de l\u2019enseignement, ainsi que la maintenance des \u00e9quipements informatiques et des r\u00e9seaux.<\/div>\n\n\n<p>Le dernier d\u00e9lai d&rsquo;inscription Online est fix\u00e9 au 28 juillet 2019.<\/p>\n\n\n\n<p>Mais si l&rsquo;on choisit de d\u00e9poser un dossier de candidature aupr\u00e8s de la Commission r\u00e9gionale de l&rsquo;Education, le d\u00e9lai est fix\u00e9 au 31 juillet.<\/p>\n\n\n\n<p>Pour s&rsquo;inscrire, les candidats int\u00e9ress\u00e9s doivent cliquer sur le lien du <a rel=\"noreferrer noopener\" aria-label=\"minist\u00e8re de l'Emploi (s\u2019ouvre dans un nouvel onglet)\" href=\"http:\/\/concours.edunet.tn\/entreprises_maintenance\/2019\/choix_institutions_maint\/inscription\/menuconcours.php\" target=\"_blank\">minist\u00e8re de la Formation professionnelle et de l&rsquo;Emploi<\/a>.<\/p>\n\n\n\n<p style=\"text-align:right\"><strong>A. M. <\/strong><em>(avec <\/em><a rel=\"noreferrer noopener\" aria-label=\"minist\u00e8re de l'Emploi et de la Formation professionnelle (s\u2019ouvre dans un nouvel onglet)\" href=\"http:\/\/www.emploi.nat.tn\/fo\/Fr\/global.php?page=3&amp;id=3595\" target=\"_blank\"><em>minist\u00e8re de la Formation professionnelle et de l&rsquo;Emploi<\/em><\/a><em>).<\/em><\/p>\n","protected":false},"excerpt":{"rendered":"<p>Le minist\u00e8re de la Formation professionnelle et de l&rsquo;Emploi, et le minist\u00e8re de l&rsquo;Education ouvrent les inscriptions pour b\u00e9n\u00e9ficier du programme \u00abUne nouvelle g\u00e9n\u00e9ration d&rsquo;entrepreneurs\u00bb.<\/p>\n","protected":false},"author":22,"featured_media":224944,"comment_status":"open","ping_status":"open","sticky":false,"template":"","format":"standard","meta":{"footnotes":""},"categories":[995,2433],"tags":[5134],"class_list":["post-224925","post","type-post","status-publish","format-standard","has-post-thumbnail","hentry","category-economie","category-tunisie","tag-ministere-de-leducation"],"yoast_head":"<!-- This site is optimized with the Yoast SEO plugin v26.6 - https:\/\/yoast.com\/wordpress\/plugins\/seo\/ -->\n<title>Tunisie : Ouverture des inscriptions pour b\u00e9n\u00e9ficier du programme \u00abUne nouvelle g\u00e9n\u00e9ration d&#039;entrepreneurs\u00bb - Kapitalis<\/title>\n<meta name=\"robots\" content=\"index, follow, max-snippet:-1, max-image-preview:large, max-video-preview:-1\" \/>\n<link rel=\"canonical\" href=\"https:\/\/kapitalis.com\/tunisie\/2019\/07\/14\/tunisie-ouverture-des-inscriptions-pour-beneficier-du-programme-une-nouvelle-generation-dentrepreneurs\/\" \/>\n<meta property=\"og:locale\" content=\"fr_FR\" \/>\n<meta property=\"og:type\" content=\"article\" \/>\n<meta property=\"og:title\" content=\"Tunisie : Ouverture des inscriptions pour b\u00e9n\u00e9ficier du programme \u00abUne nouvelle g\u00e9n\u00e9ration d&#039;entrepreneurs\u00bb - Kapitalis\" \/>\n<meta property=\"og:description\" content=\"Le minist\u00e8re de la Formation professionnelle et de l&rsquo;Emploi, et le minist\u00e8re de l&rsquo;Education ouvrent les inscriptions pour b\u00e9n\u00e9ficier du programme \u00abUne nouvelle g\u00e9n\u00e9ration d&rsquo;entrepreneurs\u00bb.\" \/>\n<meta property=\"og:url\" content=\"https:\/\/kapitalis.com\/tunisie\/2019\/07\/14\/tunisie-ouverture-des-inscriptions-pour-beneficier-du-programme-une-nouvelle-generation-dentrepreneurs\/\" \/>\n<meta property=\"og:site_name\" content=\"Kapitalis\" \/>\n<meta property=\"article:publisher\" content=\"https:\/\/www.facebook.com\/KapitalisInfo\/\" \/>\n<meta property=\"article:published_time\" content=\"2019-07-14T09:50:01+00:00\" \/>\n<meta property=\"article:modified_time\" content=\"2019-07-14T09:52:49+00:00\" \/>\n<meta property=\"og:image\" content=\"https:\/\/kapitalis.com\/tunisie\/wp-content\/uploads\/2022\/05\/kapitalis-logo-fb.png\" \/>\n\t<meta property=\"og:image:width\" content=\"1200\" \/>\n\t<meta property=\"og:image:height\" content=\"630\" \/>\n\t<meta property=\"og:image:type\" content=\"image\/png\" \/>\n<meta name=\"author\" content=\"Amina Mkada\" \/>\n<meta name=\"twitter:card\" content=\"summary_large_image\" \/>\n<meta name=\"twitter:creator\" content=\"@KapitalisInfo\" \/>\n<meta name=\"twitter:site\" content=\"@KapitalisInfo\" \/>\n<meta name=\"twitter:label1\" content=\"\u00c9crit par\" \/>\n\t<meta name=\"twitter:data1\" content=\"Amina Mkada\" \/>\n\t<meta name=\"twitter:label2\" content=\"Dur\u00e9e de lecture estim\u00e9e\" \/>\n\t<meta name=\"twitter:data2\" content=\"1 minute\" \/>\n<script type=\"application\/ld+json\" class=\"yoast-schema-graph\">{\"@context\":\"https:\/\/schema.org\",\"@graph\":[{\"@type\":\"Article\",\"@id\":\"https:\/\/kapitalis.com\/tunisie\/2019\/07\/14\/tunisie-ouverture-des-inscriptions-pour-beneficier-du-programme-une-nouvelle-generation-dentrepreneurs\/#article\",\"isPartOf\":{\"@id\":\"https:\/\/kapitalis.com\/tunisie\/2019\/07\/14\/tunisie-ouverture-des-inscriptions-pour-beneficier-du-programme-une-nouvelle-generation-dentrepreneurs\/\"},\"author\":{\"name\":\"Amina Mkada\",\"@id\":\"https:\/\/kapitalis.com\/tunisie\/#\/schema\/person\/093913313d3017554cb3ad077fff3fbd\"},\"headline\":\"Tunisie : Ouverture des inscriptions pour b\u00e9n\u00e9ficier du programme \u00abUne nouvelle g\u00e9n\u00e9ration d&rsquo;entrepreneurs\u00bb\",\"datePublished\":\"2019-07-14T09:50:01+00:00\",\"dateModified\":\"2019-07-14T09:52:49+00:00\",\"mainEntityOfPage\":{\"@id\":\"https:\/\/kapitalis.com\/tunisie\/2019\/07\/14\/tunisie-ouverture-des-inscriptions-pour-beneficier-du-programme-une-nouvelle-generation-dentrepreneurs\/\"},\"wordCount\":154,\"commentCount\":0,\"publisher\":{\"@id\":\"https:\/\/kapitalis.com\/tunisie\/#organization\"},\"image\":{\"@id\":\"https:\/\/kapitalis.com\/tunisie\/2019\/07\/14\/tunisie-ouverture-des-inscriptions-pour-beneficier-du-programme-une-nouvelle-generation-dentrepreneurs\/#primaryimage\"},\"thumbnailUrl\":\"\",\"keywords\":[\"minist\u00e8re de l'Education\"],\"articleSection\":[\"ECONOMIE\",\"Tunisie\"],\"inLanguage\":\"fr-FR\",\"potentialAction\":[{\"@type\":\"CommentAction\",\"name\":\"Comment\",\"target\":[\"https:\/\/kapitalis.com\/tunisie\/2019\/07\/14\/tunisie-ouverture-des-inscriptions-pour-beneficier-du-programme-une-nouvelle-generation-dentrepreneurs\/#respond\"]}]},{\"@type\":\"WebPage\",\"@id\":\"https:\/\/kapitalis.com\/tunisie\/2019\/07\/14\/tunisie-ouverture-des-inscriptions-pour-beneficier-du-programme-une-nouvelle-generation-dentrepreneurs\/\",\"url\":\"https:\/\/kapitalis.com\/tunisie\/2019\/07\/14\/tunisie-ouverture-des-inscriptions-pour-beneficier-du-programme-une-nouvelle-generation-dentrepreneurs\/\",\"name\":\"Tunisie : Ouverture des inscriptions pour b\u00e9n\u00e9ficier du programme \u00abUne nouvelle g\u00e9n\u00e9ration d'entrepreneurs\u00bb - Kapitalis\",\"isPartOf\":{\"@id\":\"https:\/\/kapitalis.com\/tunisie\/#website\"},\"primaryImageOfPage\":{\"@id\":\"https:\/\/kapitalis.com\/tunisie\/2019\/07\/14\/tunisie-ouverture-des-inscriptions-pour-beneficier-du-programme-une-nouvelle-generation-dentrepreneurs\/#primaryimage\"},\"image\":{\"@id\":\"https:\/\/kapitalis.com\/tunisie\/2019\/07\/14\/tunisie-ouverture-des-inscriptions-pour-beneficier-du-programme-une-nouvelle-generation-dentrepreneurs\/#primaryimage\"},\"thumbnailUrl\":\"\",\"datePublished\":\"2019-07-14T09:50:01+00:00\",\"dateModified\":\"2019-07-14T09:52:49+00:00\",\"breadcrumb\":{\"@id\":\"https:\/\/kapitalis.com\/tunisie\/2019\/07\/14\/tunisie-ouverture-des-inscriptions-pour-beneficier-du-programme-une-nouvelle-generation-dentrepreneurs\/#breadcrumb\"},\"inLanguage\":\"fr-FR\",\"potentialAction\":[{\"@type\":\"ReadAction\",\"target\":[\"https:\/\/kapitalis.com\/tunisie\/2019\/07\/14\/tunisie-ouverture-des-inscriptions-pour-beneficier-du-programme-une-nouvelle-generation-dentrepreneurs\/\"]}]},{\"@type\":\"ImageObject\",\"inLanguage\":\"fr-FR\",\"@id\":\"https:\/\/kapitalis.com\/tunisie\/2019\/07\/14\/tunisie-ouverture-des-inscriptions-pour-beneficier-du-programme-une-nouvelle-generation-dentrepreneurs\/#primaryimage\",\"url\":\"\",\"contentUrl\":\"\"},{\"@type\":\"BreadcrumbList\",\"@id\":\"https:\/\/kapitalis.com\/tunisie\/2019\/07\/14\/tunisie-ouverture-des-inscriptions-pour-beneficier-du-programme-une-nouvelle-generation-dentrepreneurs\/#breadcrumb\",\"itemListElement\":[{\"@type\":\"ListItem\",\"position\":1,\"name\":\"Accueil\",\"item\":\"https:\/\/kapitalis.com\/tunisie\/\"},{\"@type\":\"ListItem\",\"position\":2,\"name\":\"Tunisie : Ouverture des inscriptions pour b\u00e9n\u00e9ficier du programme \u00abUne nouvelle g\u00e9n\u00e9ration d&rsquo;entrepreneurs\u00bb\"}]},{\"@type\":\"WebSite\",\"@id\":\"https:\/\/kapitalis.com\/tunisie\/#website\",\"url\":\"https:\/\/kapitalis.com\/tunisie\/\",\"name\":\"Kapitalis\",\"description\":\"L&#039;actualit\u00e9 en Tunisie et dans le monde\",\"publisher\":{\"@id\":\"https:\/\/kapitalis.com\/tunisie\/#organization\"},\"potentialAction\":[{\"@type\":\"SearchAction\",\"target\":{\"@type\":\"EntryPoint\",\"urlTemplate\":\"https:\/\/kapitalis.com\/tunisie\/?s={search_term_string}\"},\"query-input\":{\"@type\":\"PropertyValueSpecification\",\"valueRequired\":true,\"valueName\":\"search_term_string\"}}],\"inLanguage\":\"fr-FR\"},{\"@type\":\"Organization\",\"@id\":\"https:\/\/kapitalis.com\/tunisie\/#organization\",\"name\":\"Kapitalis\",\"url\":\"https:\/\/kapitalis.com\/tunisie\/\",\"logo\":{\"@type\":\"ImageObject\",\"inLanguage\":\"fr-FR\",\"@id\":\"https:\/\/kapitalis.com\/tunisie\/#\/schema\/logo\/image\/\",\"url\":\"https:\/\/kapitalis.com\/tunisie\/wp-content\/uploads\/2022\/05\/Kapitalis-big-size.png\",\"contentUrl\":\"https:\/\/kapitalis.com\/tunisie\/wp-content\/uploads\/2022\/05\/Kapitalis-big-size.png\",\"width\":5000,\"height\":1500,\"caption\":\"Kapitalis\"},\"image\":{\"@id\":\"https:\/\/kapitalis.com\/tunisie\/#\/schema\/logo\/image\/\"},\"sameAs\":[\"https:\/\/www.facebook.com\/KapitalisInfo\/\",\"https:\/\/x.com\/KapitalisInfo\",\"https:\/\/www.youtube.com\/channel\/UC-yDYrHyfFBWWZaOw3FPg9Q\"]},{\"@type\":\"Person\",\"@id\":\"https:\/\/kapitalis.com\/tunisie\/#\/schema\/person\/093913313d3017554cb3ad077fff3fbd\",\"name\":\"Amina Mkada\",\"url\":\"https:\/\/kapitalis.com\/tunisie\/author\/amina\/\"}]}<\/script>\n<!-- \/ Yoast SEO plugin. -->","yoast_head_json":{"title":"Tunisie : Ouverture des inscriptions pour b\u00e9n\u00e9ficier du programme \u00abUne nouvelle g\u00e9n\u00e9ration d'entrepreneurs\u00bb - Kapitalis","robots":{"index":"index","follow":"follow","max-snippet":"max-snippet:-1","max-image-preview":"max-image-preview:large","max-video-preview":"max-video-preview:-1"},"canonical":"https:\/\/kapitalis.com\/tunisie\/2019\/07\/14\/tunisie-ouverture-des-inscriptions-pour-beneficier-du-programme-une-nouvelle-generation-dentrepreneurs\/","og_locale":"fr_FR","og_type":"article","og_title":"Tunisie : Ouverture des inscriptions pour b\u00e9n\u00e9ficier du programme \u00abUne nouvelle g\u00e9n\u00e9ration d'entrepreneurs\u00bb - Kapitalis","og_description":"Le minist\u00e8re de la Formation professionnelle et de l&rsquo;Emploi, et le minist\u00e8re de l&rsquo;Education ouvrent les inscriptions pour b\u00e9n\u00e9ficier du programme \u00abUne nouvelle g\u00e9n\u00e9ration d&rsquo;entrepreneurs\u00bb.","og_url":"https:\/\/kapitalis.com\/tunisie\/2019\/07\/14\/tunisie-ouverture-des-inscriptions-pour-beneficier-du-programme-une-nouvelle-generation-dentrepreneurs\/","og_site_name":"Kapitalis","article_publisher":"https:\/\/www.facebook.com\/KapitalisInfo\/","article_published_time":"2019-07-14T09:50:01+00:00","article_modified_time":"2019-07-14T09:52:49+00:00","og_image":[{"width":1200,"height":630,"url":"https:\/\/kapitalis.com\/tunisie\/wp-content\/uploads\/2022\/05\/kapitalis-logo-fb.png","type":"image\/png"}],"author":"Amina Mkada","twitter_card":"summary_large_image","twitter_creator":"@KapitalisInfo","twitter_site":"@KapitalisInfo","twitter_misc":{"\u00c9crit par":"Amina Mkada","Dur\u00e9e de lecture estim\u00e9e":"1 minute"},"schema":{"@context":"https:\/\/schema.org","@graph":[{"@type":"Article","@id":"https:\/\/kapitalis.com\/tunisie\/2019\/07\/14\/tunisie-ouverture-des-inscriptions-pour-beneficier-du-programme-une-nouvelle-generation-dentrepreneurs\/#article","isPartOf":{"@id":"https:\/\/kapitalis.com\/tunisie\/2019\/07\/14\/tunisie-ouverture-des-inscriptions-pour-beneficier-du-programme-une-nouvelle-generation-dentrepreneurs\/"},"author":{"name":"Amina Mkada","@id":"https:\/\/kapitalis.com\/tunisie\/#\/schema\/person\/093913313d3017554cb3ad077fff3fbd"},"headline":"Tunisie : Ouverture des inscriptions pour b\u00e9n\u00e9ficier du programme \u00abUne nouvelle g\u00e9n\u00e9ration d&rsquo;entrepreneurs\u00bb","datePublished":"2019-07-14T09:50:01+00:00","dateModified":"2019-07-14T09:52:49+00:00","mainEntityOfPage":{"@id":"https:\/\/kapitalis.com\/tunisie\/2019\/07\/14\/tunisie-ouverture-des-inscriptions-pour-beneficier-du-programme-une-nouvelle-generation-dentrepreneurs\/"},"wordCount":154,"commentCount":0,"publisher":{"@id":"https:\/\/kapitalis.com\/tunisie\/#organization"},"image":{"@id":"https:\/\/kapitalis.com\/tunisie\/2019\/07\/14\/tunisie-ouverture-des-inscriptions-pour-beneficier-du-programme-une-nouvelle-generation-dentrepreneurs\/#primaryimage"},"thumbnailUrl":"","keywords":["minist\u00e8re de l'Education"],"articleSection":["ECONOMIE","Tunisie"],"inLanguage":"fr-FR","potentialAction":[{"@type":"CommentAction","name":"Comment","target":["https:\/\/kapitalis.com\/tunisie\/2019\/07\/14\/tunisie-ouverture-des-inscriptions-pour-beneficier-du-programme-une-nouvelle-generation-dentrepreneurs\/#respond"]}]},{"@type":"WebPage","@id":"https:\/\/kapitalis.com\/tunisie\/2019\/07\/14\/tunisie-ouverture-des-inscriptions-pour-beneficier-du-programme-une-nouvelle-generation-dentrepreneurs\/","url":"https:\/\/kapitalis.com\/tunisie\/2019\/07\/14\/tunisie-ouverture-des-inscriptions-pour-beneficier-du-programme-une-nouvelle-generation-dentrepreneurs\/","name":"Tunisie : Ouverture des inscriptions pour b\u00e9n\u00e9ficier du programme \u00abUne nouvelle g\u00e9n\u00e9ration d'entrepreneurs\u00bb - Kapitalis","isPartOf":{"@id":"https:\/\/kapitalis.com\/tunisie\/#website"},"primaryImageOfPage":{"@id":"https:\/\/kapitalis.com\/tunisie\/2019\/07\/14\/tunisie-ouverture-des-inscriptions-pour-beneficier-du-programme-une-nouvelle-generation-dentrepreneurs\/#primaryimage"},"image":{"@id":"https:\/\/kapitalis.com\/tunisie\/2019\/07\/14\/tunisie-ouverture-des-inscriptions-pour-beneficier-du-programme-une-nouvelle-generation-dentrepreneurs\/#primaryimage"},"thumbnailUrl":"","datePublished":"2019-07-14T09:50:01+00:00","dateModified":"2019-07-14T09:52:49+00:00","breadcrumb":{"@id":"https:\/\/kapitalis.com\/tunisie\/2019\/07\/14\/tunisie-ouverture-des-inscriptions-pour-beneficier-du-programme-une-nouvelle-generation-dentrepreneurs\/#breadcrumb"},"inLanguage":"fr-FR","potentialAction":[{"@type":"ReadAction","target":["https:\/\/kapitalis.com\/tunisie\/2019\/07\/14\/tunisie-ouverture-des-inscriptions-pour-beneficier-du-programme-une-nouvelle-generation-dentrepreneurs\/"]}]},{"@type":"ImageObject","inLanguage":"fr-FR","@id":"https:\/\/kapitalis.com\/tunisie\/2019\/07\/14\/tunisie-ouverture-des-inscriptions-pour-beneficier-du-programme-une-nouvelle-generation-dentrepreneurs\/#primaryimage","url":"","contentUrl":""},{"@type":"BreadcrumbList","@id":"https:\/\/kapitalis.com\/tunisie\/2019\/07\/14\/tunisie-ouverture-des-inscriptions-pour-beneficier-du-programme-une-nouvelle-generation-dentrepreneurs\/#breadcrumb","itemListElement":[{"@type":"ListItem","position":1,"name":"Accueil","item":"https:\/\/kapitalis.com\/tunisie\/"},{"@type":"ListItem","position":2,"name":"Tunisie : Ouverture des inscriptions pour b\u00e9n\u00e9ficier du programme \u00abUne nouvelle g\u00e9n\u00e9ration d&rsquo;entrepreneurs\u00bb"}]},{"@type":"WebSite","@id":"https:\/\/kapitalis.com\/tunisie\/#website","url":"https:\/\/kapitalis.com\/tunisie\/","name":"Kapitalis","description":"L&#039;actualit\u00e9 en Tunisie et dans le monde","publisher":{"@id":"https:\/\/kapitalis.com\/tunisie\/#organization"},"potentialAction":[{"@type":"SearchAction","target":{"@type":"EntryPoint","urlTemplate":"https:\/\/kapitalis.com\/tunisie\/?s={search_term_string}"},"query-input":{"@type":"PropertyValueSpecification","valueRequired":true,"valueName":"search_term_string"}}],"inLanguage":"fr-FR"},{"@type":"Organization","@id":"https:\/\/kapitalis.com\/tunisie\/#organization","name":"Kapitalis","url":"https:\/\/kapitalis.com\/tunisie\/","logo":{"@type":"ImageObject","inLanguage":"fr-FR","@id":"https:\/\/kapitalis.com\/tunisie\/#\/schema\/logo\/image\/","url":"https:\/\/kapitalis.com\/tunisie\/wp-content\/uploads\/2022\/05\/Kapitalis-big-size.png","contentUrl":"https:\/\/kapitalis.com\/tunisie\/wp-content\/uploads\/2022\/05\/Kapitalis-big-size.png","width":5000,"height":1500,"caption":"Kapitalis"},"image":{"@id":"https:\/\/kapitalis.com\/tunisie\/#\/schema\/logo\/image\/"},"sameAs":["https:\/\/www.facebook.com\/KapitalisInfo\/","https:\/\/x.com\/KapitalisInfo","https:\/\/www.youtube.com\/channel\/UC-yDYrHyfFBWWZaOw3FPg9Q"]},{"@type":"Person","@id":"https:\/\/kapitalis.com\/tunisie\/#\/schema\/person\/093913313d3017554cb3ad077fff3fbd","name":"Amina Mkada","url":"https:\/\/kapitalis.com\/tunisie\/author\/amina\/"}]}},"_links":{"self":[{"href":"https:\/\/kapitalis.com\/tunisie\/wp-json\/wp\/v2\/posts\/224925","targetHints":{"allow":["GET"]}}],"collection":[{"href":"https:\/\/kapitalis.com\/tunisie\/wp-json\/wp\/v2\/posts"}],"about":[{"href":"https:\/\/kapitalis.com\/tunisie\/wp-json\/wp\/v2\/types\/post"}],"author":[{"embeddable":true,"href":"https:\/\/kapitalis.com\/tunisie\/wp-json\/wp\/v2\/users\/22"}],"replies":[{"embeddable":true,"href":"https:\/\/kapitalis.com\/tunisie\/wp-json\/wp\/v2\/comments?post=224925"}],"version-history":[{"count":0,"href":"https:\/\/kapitalis.com\/tunisie\/wp-json\/wp\/v2\/posts\/224925\/revisions"}],"wp:featuredmedia":[{"embeddable":true,"href":"https:\/\/kapitalis.com\/tunisie\/wp-json\/wp\/v2\/media\/224944"}],"wp:attachment":[{"href":"https:\/\/kapitalis.com\/tunisie\/wp-json\/wp\/v2\/media?parent=224925"}],"wp:term":[{"taxonomy":"category","embeddable":true,"href":"https:\/\/kapitalis.com\/tunisie\/wp-json\/wp\/v2\/categories?post=224925"},{"taxonomy":"post_tag","embeddable":true,"href":"https:\/\/kapitalis.com\/tunisie\/wp-json\/wp\/v2\/tags?post=224925"}],"curies":[{"name":"wp","href":"https:\/\/api.w.org\/{rel}","templated":true}]}}