{"id":22516,"date":"2015-10-30T17:33:23","date_gmt":"2015-10-30T16:33:23","guid":{"rendered":"http:\/\/kapitalis.com\/tunisie\/?p=22516"},"modified":"2015-10-31T08:26:26","modified_gmt":"2015-10-31T07:26:26","slug":"municipales-consecration-du-principe-de-parite-horizontale-dans-la-loi","status":"publish","type":"post","link":"https:\/\/kapitalis.com\/tunisie\/2015\/10\/30\/municipales-consecration-du-principe-de-parite-horizontale-dans-la-loi\/","title":{"rendered":"Municipales : Cons\u00e9cration du principe de parit\u00e9 horizontale dans la loi"},"content":{"rendered":"<p><img loading=\"lazy\" decoding=\"async\" class=\"alignnone size-full wp-image-13179 aligncenter\" src=\"http:\/\/kapitalis.com\/tunisie\/wp-content\/uploads\/2015\/09\/municipales.jpg\" alt=\"municipales\" width=\"626\" height=\"380\" \/><\/p>\n<p><em><strong>La parit\u00e9 horizontale dans les listes de candidats sera consacr\u00e9e dans le projet de loi pour les \u00e9lections municipales.<\/strong> <\/em><br \/>\n<!--more--><\/p>\n<p>Le projet de loi relatif aux \u00e9lections municipales, qui sera soumis \u00e0 l&rsquo;Assembl\u00e9e des repr\u00e9sentants du peuple (ARP) au mois de d\u00e9cembre prochain, pr\u00e9voit le principe de parit\u00e9 horizontale dans les listes \u00e9lectorales, a indiqu\u00e9 la ministre de la Femme, Samira Merai Friaa.<\/p>\n<p>Dans une d\u00e9claration aux m\u00e9dias, en marge de la cl\u00f4ture d&rsquo;une conf\u00e9rence de la r\u00e9gion Mena organis\u00e9e sur le th\u00e8me: \u00ab<em>La route pour l&rsquo;\u00e9galit\u00e9 : vers la r\u00e9forme d&rsquo;un syst\u00e8me \u00e9lectoral r\u00e9gional bas\u00e9 sur le genre social<\/em>\u00bb, Mme Merai a soulign\u00e9 que le projet de loi en question, examin\u00e9 r\u00e9cemment lors d&rsquo;un Conseil minist\u00e9riel restreint (CMR), exige que les femmes soient \u00e0 la t\u00eate de 50% des listes candidates lors des prochaines \u00e9lections locales.<\/p>\n<p>Elle a fait savoir que son d\u00e9partement proc\u00e8dera \u00e0 la formation de 3400 femmes en milieu rural et dans les diff\u00e9rentes r\u00e9gions, \u00e0 raison de 10 femmes dans chaque municipalit\u00e9, en vue de renforcer les chances et les capacit\u00e9s de la femme lors de cette \u00e9ch\u00e9ance \u00e9lectorale.<\/p>\n<p style=\"text-align: right;\"><strong>A. B. M.<\/strong> <em>(avec Tap)<\/em><\/p>\n","protected":false},"excerpt":{"rendered":"<p>La parit\u00e9 horizontale dans les listes de candidats sera consacr\u00e9e dans le projet de loi pour les \u00e9lections municipales.<\/p>\n","protected":false},"author":11,"featured_media":0,"comment_status":"open","ping_status":"open","sticky":false,"template":"","format":"standard","meta":{"footnotes":""},"categories":[997,2433],"tags":[271,5846,1479,2328,2874,3741],"class_list":["post-22516","post","type-post","status-publish","format-standard","hentry","category-politique","category-tunisie","tag-democratie","tag-elections-municipales","tag-femmes","tag-listes-electorales","tag-ministere-de-la-femme","tag-projet-de-loi"],"yoast_head":"<!-- This site is optimized with the Yoast SEO plugin v26.6 - https:\/\/yoast.com\/wordpress\/plugins\/seo\/ -->\n<title>Municipales : Cons\u00e9cration du principe de parit\u00e9 horizontale dans la loi - Kapitalis<\/title>\n<meta name=\"robots\" content=\"index, follow, max-snippet:-1, max-image-preview:large, max-video-preview:-1\" \/>\n<link rel=\"canonical\" href=\"https:\/\/kapitalis.com\/tunisie\/2015\/10\/30\/municipales-consecration-du-principe-de-parite-horizontale-dans-la-loi\/\" \/>\n<meta property=\"og:locale\" content=\"fr_FR\" \/>\n<meta property=\"og:type\" content=\"article\" \/>\n<meta property=\"og:title\" content=\"Municipales : Cons\u00e9cration du principe de parit\u00e9 horizontale dans la loi - Kapitalis\" \/>\n<meta property=\"og:description\" content=\"La parit\u00e9 horizontale dans les listes de candidats sera consacr\u00e9e dans le projet de loi pour les \u00e9lections municipales.\" \/>\n<meta property=\"og:url\" content=\"https:\/\/kapitalis.com\/tunisie\/2015\/10\/30\/municipales-consecration-du-principe-de-parite-horizontale-dans-la-loi\/\" \/>\n<meta property=\"og:site_name\" content=\"Kapitalis\" \/>\n<meta property=\"article:publisher\" content=\"https:\/\/www.facebook.com\/KapitalisInfo\/\" \/>\n<meta property=\"article:published_time\" content=\"2015-10-30T16:33:23+00:00\" \/>\n<meta property=\"article:modified_time\" content=\"2015-10-31T07:26:26+00:00\" \/>\n<meta property=\"og:image\" content=\"http:\/\/kapitalis.com\/tunisie\/wp-content\/uploads\/2015\/09\/municipales.jpg\" \/>\n<meta name=\"author\" content=\"benmansour3 benmansour\" \/>\n<meta name=\"twitter:card\" content=\"summary_large_image\" \/>\n<meta name=\"twitter:creator\" content=\"@KapitalisInfo\" \/>\n<meta name=\"twitter:site\" content=\"@KapitalisInfo\" \/>\n<meta name=\"twitter:label1\" content=\"\u00c9crit par\" \/>\n\t<meta name=\"twitter:data1\" content=\"benmansour3 benmansour\" \/>\n\t<meta name=\"twitter:label2\" content=\"Dur\u00e9e de lecture estim\u00e9e\" \/>\n\t<meta name=\"twitter:data2\" content=\"1 minute\" \/>\n<script type=\"application\/ld+json\" class=\"yoast-schema-graph\">{\"@context\":\"https:\/\/schema.org\",\"@graph\":[{\"@type\":\"Article\",\"@id\":\"https:\/\/kapitalis.com\/tunisie\/2015\/10\/30\/municipales-consecration-du-principe-de-parite-horizontale-dans-la-loi\/#article\",\"isPartOf\":{\"@id\":\"https:\/\/kapitalis.com\/tunisie\/2015\/10\/30\/municipales-consecration-du-principe-de-parite-horizontale-dans-la-loi\/\"},\"author\":{\"name\":\"benmansour3 benmansour\",\"@id\":\"https:\/\/kapitalis.com\/tunisie\/#\/schema\/person\/035372e645ad321edc01006468cd4c8b\"},\"headline\":\"Municipales : Cons\u00e9cration du principe de parit\u00e9 horizontale dans la loi\",\"datePublished\":\"2015-10-30T16:33:23+00:00\",\"dateModified\":\"2015-10-31T07:26:26+00:00\",\"mainEntityOfPage\":{\"@id\":\"https:\/\/kapitalis.com\/tunisie\/2015\/10\/30\/municipales-consecration-du-principe-de-parite-horizontale-dans-la-loi\/\"},\"wordCount\":216,\"commentCount\":1,\"publisher\":{\"@id\":\"https:\/\/kapitalis.com\/tunisie\/#organization\"},\"image\":{\"@id\":\"https:\/\/kapitalis.com\/tunisie\/2015\/10\/30\/municipales-consecration-du-principe-de-parite-horizontale-dans-la-loi\/#primaryimage\"},\"thumbnailUrl\":\"http:\/\/kapitalis.com\/tunisie\/wp-content\/uploads\/2015\/09\/municipales.jpg\",\"keywords\":[\"d\u00e9mocratie\",\"elections municipales\",\"femmes\",\"listes \u00e9lectorales\",\"minist\u00e8re de la Femme\",\"projet de loi\"],\"articleSection\":[\"POLITIQUE\",\"Tunisie\"],\"inLanguage\":\"fr-FR\",\"potentialAction\":[{\"@type\":\"CommentAction\",\"name\":\"Comment\",\"target\":[\"https:\/\/kapitalis.com\/tunisie\/2015\/10\/30\/municipales-consecration-du-principe-de-parite-horizontale-dans-la-loi\/#respond\"]}]},{\"@type\":\"WebPage\",\"@id\":\"https:\/\/kapitalis.com\/tunisie\/2015\/10\/30\/municipales-consecration-du-principe-de-parite-horizontale-dans-la-loi\/\",\"url\":\"https:\/\/kapitalis.com\/tunisie\/2015\/10\/30\/municipales-consecration-du-principe-de-parite-horizontale-dans-la-loi\/\",\"name\":\"Municipales : Cons\u00e9cration du principe de parit\u00e9 horizontale dans la loi - Kapitalis\",\"isPartOf\":{\"@id\":\"https:\/\/kapitalis.com\/tunisie\/#website\"},\"primaryImageOfPage\":{\"@id\":\"https:\/\/kapitalis.com\/tunisie\/2015\/10\/30\/municipales-consecration-du-principe-de-parite-horizontale-dans-la-loi\/#primaryimage\"},\"image\":{\"@id\":\"https:\/\/kapitalis.com\/tunisie\/2015\/10\/30\/municipales-consecration-du-principe-de-parite-horizontale-dans-la-loi\/#primaryimage\"},\"thumbnailUrl\":\"http:\/\/kapitalis.com\/tunisie\/wp-content\/uploads\/2015\/09\/municipales.jpg\",\"datePublished\":\"2015-10-30T16:33:23+00:00\",\"dateModified\":\"2015-10-31T07:26:26+00:00\",\"breadcrumb\":{\"@id\":\"https:\/\/kapitalis.com\/tunisie\/2015\/10\/30\/municipales-consecration-du-principe-de-parite-horizontale-dans-la-loi\/#breadcrumb\"},\"inLanguage\":\"fr-FR\",\"potentialAction\":[{\"@type\":\"ReadAction\",\"target\":[\"https:\/\/kapitalis.com\/tunisie\/2015\/10\/30\/municipales-consecration-du-principe-de-parite-horizontale-dans-la-loi\/\"]}]},{\"@type\":\"ImageObject\",\"inLanguage\":\"fr-FR\",\"@id\":\"https:\/\/kapitalis.com\/tunisie\/2015\/10\/30\/municipales-consecration-du-principe-de-parite-horizontale-dans-la-loi\/#primaryimage\",\"url\":\"http:\/\/kapitalis.com\/tunisie\/wp-content\/uploads\/2015\/09\/municipales.jpg\",\"contentUrl\":\"http:\/\/kapitalis.com\/tunisie\/wp-content\/uploads\/2015\/09\/municipales.jpg\"},{\"@type\":\"BreadcrumbList\",\"@id\":\"https:\/\/kapitalis.com\/tunisie\/2015\/10\/30\/municipales-consecration-du-principe-de-parite-horizontale-dans-la-loi\/#breadcrumb\",\"itemListElement\":[{\"@type\":\"ListItem\",\"position\":1,\"name\":\"Accueil\",\"item\":\"https:\/\/kapitalis.com\/tunisie\/\"},{\"@type\":\"ListItem\",\"position\":2,\"name\":\"Municipales : Cons\u00e9cration du principe de parit\u00e9 horizontale dans la loi\"}]},{\"@type\":\"WebSite\",\"@id\":\"https:\/\/kapitalis.com\/tunisie\/#website\",\"url\":\"https:\/\/kapitalis.com\/tunisie\/\",\"name\":\"Kapitalis\",\"description\":\"L&#039;actualit\u00e9 en Tunisie et dans le monde\",\"publisher\":{\"@id\":\"https:\/\/kapitalis.com\/tunisie\/#organization\"},\"potentialAction\":[{\"@type\":\"SearchAction\",\"target\":{\"@type\":\"EntryPoint\",\"urlTemplate\":\"https:\/\/kapitalis.com\/tunisie\/?s={search_term_string}\"},\"query-input\":{\"@type\":\"PropertyValueSpecification\",\"valueRequired\":true,\"valueName\":\"search_term_string\"}}],\"inLanguage\":\"fr-FR\"},{\"@type\":\"Organization\",\"@id\":\"https:\/\/kapitalis.com\/tunisie\/#organization\",\"name\":\"Kapitalis\",\"url\":\"https:\/\/kapitalis.com\/tunisie\/\",\"logo\":{\"@type\":\"ImageObject\",\"inLanguage\":\"fr-FR\",\"@id\":\"https:\/\/kapitalis.com\/tunisie\/#\/schema\/logo\/image\/\",\"url\":\"https:\/\/kapitalis.com\/tunisie\/wp-content\/uploads\/2022\/05\/Kapitalis-big-size.png\",\"contentUrl\":\"https:\/\/kapitalis.com\/tunisie\/wp-content\/uploads\/2022\/05\/Kapitalis-big-size.png\",\"width\":5000,\"height\":1500,\"caption\":\"Kapitalis\"},\"image\":{\"@id\":\"https:\/\/kapitalis.com\/tunisie\/#\/schema\/logo\/image\/\"},\"sameAs\":[\"https:\/\/www.facebook.com\/KapitalisInfo\/\",\"https:\/\/x.com\/KapitalisInfo\",\"https:\/\/www.youtube.com\/channel\/UC-yDYrHyfFBWWZaOw3FPg9Q\"]},{\"@type\":\"Person\",\"@id\":\"https:\/\/kapitalis.com\/tunisie\/#\/schema\/person\/035372e645ad321edc01006468cd4c8b\",\"name\":\"benmansour3 benmansour\",\"url\":\"https:\/\/kapitalis.com\/tunisie\/author\/benmansour3\/\"}]}<\/script>\n<!-- \/ Yoast SEO plugin. -->","yoast_head_json":{"title":"Municipales : Cons\u00e9cration du principe de parit\u00e9 horizontale dans la loi - Kapitalis","robots":{"index":"index","follow":"follow","max-snippet":"max-snippet:-1","max-image-preview":"max-image-preview:large","max-video-preview":"max-video-preview:-1"},"canonical":"https:\/\/kapitalis.com\/tunisie\/2015\/10\/30\/municipales-consecration-du-principe-de-parite-horizontale-dans-la-loi\/","og_locale":"fr_FR","og_type":"article","og_title":"Municipales : Cons\u00e9cration du principe de parit\u00e9 horizontale dans la loi - Kapitalis","og_description":"La parit\u00e9 horizontale dans les listes de candidats sera consacr\u00e9e dans le projet de loi pour les \u00e9lections municipales.","og_url":"https:\/\/kapitalis.com\/tunisie\/2015\/10\/30\/municipales-consecration-du-principe-de-parite-horizontale-dans-la-loi\/","og_site_name":"Kapitalis","article_publisher":"https:\/\/www.facebook.com\/KapitalisInfo\/","article_published_time":"2015-10-30T16:33:23+00:00","article_modified_time":"2015-10-31T07:26:26+00:00","og_image":[{"url":"http:\/\/kapitalis.com\/tunisie\/wp-content\/uploads\/2015\/09\/municipales.jpg","type":"","width":"","height":""}],"author":"benmansour3 benmansour","twitter_card":"summary_large_image","twitter_creator":"@KapitalisInfo","twitter_site":"@KapitalisInfo","twitter_misc":{"\u00c9crit par":"benmansour3 benmansour","Dur\u00e9e de lecture estim\u00e9e":"1 minute"},"schema":{"@context":"https:\/\/schema.org","@graph":[{"@type":"Article","@id":"https:\/\/kapitalis.com\/tunisie\/2015\/10\/30\/municipales-consecration-du-principe-de-parite-horizontale-dans-la-loi\/#article","isPartOf":{"@id":"https:\/\/kapitalis.com\/tunisie\/2015\/10\/30\/municipales-consecration-du-principe-de-parite-horizontale-dans-la-loi\/"},"author":{"name":"benmansour3 benmansour","@id":"https:\/\/kapitalis.com\/tunisie\/#\/schema\/person\/035372e645ad321edc01006468cd4c8b"},"headline":"Municipales : Cons\u00e9cration du principe de parit\u00e9 horizontale dans la loi","datePublished":"2015-10-30T16:33:23+00:00","dateModified":"2015-10-31T07:26:26+00:00","mainEntityOfPage":{"@id":"https:\/\/kapitalis.com\/tunisie\/2015\/10\/30\/municipales-consecration-du-principe-de-parite-horizontale-dans-la-loi\/"},"wordCount":216,"commentCount":1,"publisher":{"@id":"https:\/\/kapitalis.com\/tunisie\/#organization"},"image":{"@id":"https:\/\/kapitalis.com\/tunisie\/2015\/10\/30\/municipales-consecration-du-principe-de-parite-horizontale-dans-la-loi\/#primaryimage"},"thumbnailUrl":"http:\/\/kapitalis.com\/tunisie\/wp-content\/uploads\/2015\/09\/municipales.jpg","keywords":["d\u00e9mocratie","elections municipales","femmes","listes \u00e9lectorales","minist\u00e8re de la Femme","projet de loi"],"articleSection":["POLITIQUE","Tunisie"],"inLanguage":"fr-FR","potentialAction":[{"@type":"CommentAction","name":"Comment","target":["https:\/\/kapitalis.com\/tunisie\/2015\/10\/30\/municipales-consecration-du-principe-de-parite-horizontale-dans-la-loi\/#respond"]}]},{"@type":"WebPage","@id":"https:\/\/kapitalis.com\/tunisie\/2015\/10\/30\/municipales-consecration-du-principe-de-parite-horizontale-dans-la-loi\/","url":"https:\/\/kapitalis.com\/tunisie\/2015\/10\/30\/municipales-consecration-du-principe-de-parite-horizontale-dans-la-loi\/","name":"Municipales : Cons\u00e9cration du principe de parit\u00e9 horizontale dans la loi - Kapitalis","isPartOf":{"@id":"https:\/\/kapitalis.com\/tunisie\/#website"},"primaryImageOfPage":{"@id":"https:\/\/kapitalis.com\/tunisie\/2015\/10\/30\/municipales-consecration-du-principe-de-parite-horizontale-dans-la-loi\/#primaryimage"},"image":{"@id":"https:\/\/kapitalis.com\/tunisie\/2015\/10\/30\/municipales-consecration-du-principe-de-parite-horizontale-dans-la-loi\/#primaryimage"},"thumbnailUrl":"http:\/\/kapitalis.com\/tunisie\/wp-content\/uploads\/2015\/09\/municipales.jpg","datePublished":"2015-10-30T16:33:23+00:00","dateModified":"2015-10-31T07:26:26+00:00","breadcrumb":{"@id":"https:\/\/kapitalis.com\/tunisie\/2015\/10\/30\/municipales-consecration-du-principe-de-parite-horizontale-dans-la-loi\/#breadcrumb"},"inLanguage":"fr-FR","potentialAction":[{"@type":"ReadAction","target":["https:\/\/kapitalis.com\/tunisie\/2015\/10\/30\/municipales-consecration-du-principe-de-parite-horizontale-dans-la-loi\/"]}]},{"@type":"ImageObject","inLanguage":"fr-FR","@id":"https:\/\/kapitalis.com\/tunisie\/2015\/10\/30\/municipales-consecration-du-principe-de-parite-horizontale-dans-la-loi\/#primaryimage","url":"http:\/\/kapitalis.com\/tunisie\/wp-content\/uploads\/2015\/09\/municipales.jpg","contentUrl":"http:\/\/kapitalis.com\/tunisie\/wp-content\/uploads\/2015\/09\/municipales.jpg"},{"@type":"BreadcrumbList","@id":"https:\/\/kapitalis.com\/tunisie\/2015\/10\/30\/municipales-consecration-du-principe-de-parite-horizontale-dans-la-loi\/#breadcrumb","itemListElement":[{"@type":"ListItem","position":1,"name":"Accueil","item":"https:\/\/kapitalis.com\/tunisie\/"},{"@type":"ListItem","position":2,"name":"Municipales : Cons\u00e9cration du principe de parit\u00e9 horizontale dans la loi"}]},{"@type":"WebSite","@id":"https:\/\/kapitalis.com\/tunisie\/#website","url":"https:\/\/kapitalis.com\/tunisie\/","name":"Kapitalis","description":"L&#039;actualit\u00e9 en Tunisie et dans le monde","publisher":{"@id":"https:\/\/kapitalis.com\/tunisie\/#organization"},"potentialAction":[{"@type":"SearchAction","target":{"@type":"EntryPoint","urlTemplate":"https:\/\/kapitalis.com\/tunisie\/?s={search_term_string}"},"query-input":{"@type":"PropertyValueSpecification","valueRequired":true,"valueName":"search_term_string"}}],"inLanguage":"fr-FR"},{"@type":"Organization","@id":"https:\/\/kapitalis.com\/tunisie\/#organization","name":"Kapitalis","url":"https:\/\/kapitalis.com\/tunisie\/","logo":{"@type":"ImageObject","inLanguage":"fr-FR","@id":"https:\/\/kapitalis.com\/tunisie\/#\/schema\/logo\/image\/","url":"https:\/\/kapitalis.com\/tunisie\/wp-content\/uploads\/2022\/05\/Kapitalis-big-size.png","contentUrl":"https:\/\/kapitalis.com\/tunisie\/wp-content\/uploads\/2022\/05\/Kapitalis-big-size.png","width":5000,"height":1500,"caption":"Kapitalis"},"image":{"@id":"https:\/\/kapitalis.com\/tunisie\/#\/schema\/logo\/image\/"},"sameAs":["https:\/\/www.facebook.com\/KapitalisInfo\/","https:\/\/x.com\/KapitalisInfo","https:\/\/www.youtube.com\/channel\/UC-yDYrHyfFBWWZaOw3FPg9Q"]},{"@type":"Person","@id":"https:\/\/kapitalis.com\/tunisie\/#\/schema\/person\/035372e645ad321edc01006468cd4c8b","name":"benmansour3 benmansour","url":"https:\/\/kapitalis.com\/tunisie\/author\/benmansour3\/"}]}},"_links":{"self":[{"href":"https:\/\/kapitalis.com\/tunisie\/wp-json\/wp\/v2\/posts\/22516","targetHints":{"allow":["GET"]}}],"collection":[{"href":"https:\/\/kapitalis.com\/tunisie\/wp-json\/wp\/v2\/posts"}],"about":[{"href":"https:\/\/kapitalis.com\/tunisie\/wp-json\/wp\/v2\/types\/post"}],"author":[{"embeddable":true,"href":"https:\/\/kapitalis.com\/tunisie\/wp-json\/wp\/v2\/users\/11"}],"replies":[{"embeddable":true,"href":"https:\/\/kapitalis.com\/tunisie\/wp-json\/wp\/v2\/comments?post=22516"}],"version-history":[{"count":0,"href":"https:\/\/kapitalis.com\/tunisie\/wp-json\/wp\/v2\/posts\/22516\/revisions"}],"wp:attachment":[{"href":"https:\/\/kapitalis.com\/tunisie\/wp-json\/wp\/v2\/media?parent=22516"}],"wp:term":[{"taxonomy":"category","embeddable":true,"href":"https:\/\/kapitalis.com\/tunisie\/wp-json\/wp\/v2\/categories?post=22516"},{"taxonomy":"post_tag","embeddable":true,"href":"https:\/\/kapitalis.com\/tunisie\/wp-json\/wp\/v2\/tags?post=22516"}],"curies":[{"name":"wp","href":"https:\/\/api.w.org\/{rel}","templated":true}]}}