{"id":225232,"date":"2019-07-15T16:14:12","date_gmt":"2019-07-15T15:14:12","guid":{"rendered":"http:\/\/kapitalis.com\/tunisie\/?p=225232"},"modified":"2019-07-15T16:14:14","modified_gmt":"2019-07-15T15:14:14","slug":"un-pavillon-tunisien-au-salon-international-archibat-2019-en-cote-divoire-1-5-octobre","status":"publish","type":"post","link":"https:\/\/kapitalis.com\/tunisie\/2019\/07\/15\/un-pavillon-tunisien-au-salon-international-archibat-2019-en-cote-divoire-1-5-octobre\/","title":{"rendered":"Un pavillon tunisien au salon international Archibat 2019, en C\u00f4te d\u2019Ivoire (1-5 octobre)"},"content":{"rendered":"\n<figure class=\"wp-block-image\"><img decoding=\"async\" src=\"http:\/\/kapitalis.com\/tunisie\/wp-content\/uploads\/2019\/07\/Archibat-2019-1.jpg\" alt=\"\" class=\"wp-image-225251\"\/><\/figure>\n\n\n\n<p><strong><em>Le Centre de promotion des exportations (Cepex) organise, <\/em><\/strong><strong><em>sous pavillon national,<\/em><\/strong><strong><em> la participation d&rsquo;hommes d&rsquo;affaires tunisiens \u00e0 <a rel=\"noreferrer noopener\" aria-label=\"Archibat 2019 (s\u2019ouvre dans un nouvel onglet)\" href=\"http:\/\/archibat.ci\/\" target=\"_blank\">Archibat 2019<\/a>, le Salon international de l\u2019architecture et du b\u00e2timent, \u00e0 Abidjan (C\u00f4te d&rsquo;Ivoire).<\/em><\/strong><\/p>\n\n\n\n<!--more Lire la suiTE-->\n\n\n\n<p>Le salon aura lieu sur le site du futur Parc d\u2019exposition, route de l\u2019a\u00e9roport F\u00e9lix Houphou\u00ebt-Boigny de Port-Bou\u00ebt. <\/p>\n\n\n<div>Le Cepex indique que seules les soci\u00e9t\u00e9s tunisiennes ayant des produits et des services tunisiens peuvent participer au sein du pavillon national.<\/div>\n\n<div style=\"text-align: left;\">La soci\u00e9t\u00e9 qui participe pour la 1e fois \u00e0 Archibat 2019, doit\u00a0 d\u00e9poser un dossier juridique, avec la demande de participation, tel qu&rsquo;indiqu\u00e9 dans le<a href=\"http:\/\/www.cepex.nat.tn\/actualites\/Archibat2019\" target=\"_blank\" rel=\"noreferrer noopener\" aria-label=\" site web du Cepex (s\u2019ouvre dans un nouvel onglet)\"> site web du Cepex<\/a>.<\/div>\n\n\n<p>L&rsquo;allocation des stands au sein du pavillon tunisien sera effectu\u00e9e selon la r\u00e8gle 1er venu 1er servi.<\/p>\n\n\n\n<p>La date limite d&rsquo;inscription est fix\u00e9e au 22 juillet 2019.<\/p>\n\n\n\n<p>Notons que l&rsquo;\u00e9dition d&rsquo;Archibat 2017 avait r\u00e9uni plus de 300 exposants, et re\u00e7u environ 25.000 visiteurs.  <\/p>\n\n\n\n<p style=\"text-align:right\"><strong>A. M.<\/strong><em> (avec<\/em><strong> <\/strong><a rel=\"noreferrer noopener\" aria-label=\"Cepex (s\u2019ouvre dans un nouvel onglet)\" href=\"http:\/\/www.cepex.nat.tn\/actualites\/Archibat2019\" target=\"_blank\"><em>Cepex<\/em><\/a><em>).<\/em><\/p>\n","protected":false},"excerpt":{"rendered":"<p>Le Centre de promotion des exportations (Cepex) organise, sous pavillon national, la participation d&rsquo;hommes d&rsquo;affaires tunisiens \u00e0 Archibat 2019, le Salon international de l\u2019architecture et du b\u00e2timent, \u00e0 Abidjan (C\u00f4te d&rsquo;Ivoire).<\/p>\n","protected":false},"author":22,"featured_media":225251,"comment_status":"open","ping_status":"open","sticky":false,"template":"","format":"standard","meta":{"footnotes":""},"categories":[995,2433],"tags":[22,1575],"class_list":["post-225232","post","type-post","status-publish","format-standard","has-post-thumbnail","hentry","category-economie","category-tunisie","tag-abidjan","tag-cepex"],"yoast_head":"<!-- This site is optimized with the Yoast SEO plugin v26.6 - https:\/\/yoast.com\/wordpress\/plugins\/seo\/ -->\n<title>Un pavillon tunisien au salon international Archibat 2019, en C\u00f4te d\u2019Ivoire (1-5 octobre) - Kapitalis<\/title>\n<meta name=\"robots\" content=\"index, follow, max-snippet:-1, max-image-preview:large, max-video-preview:-1\" \/>\n<link rel=\"canonical\" href=\"https:\/\/kapitalis.com\/tunisie\/2019\/07\/15\/un-pavillon-tunisien-au-salon-international-archibat-2019-en-cote-divoire-1-5-octobre\/\" \/>\n<meta property=\"og:locale\" content=\"fr_FR\" \/>\n<meta property=\"og:type\" content=\"article\" \/>\n<meta property=\"og:title\" content=\"Un pavillon tunisien au salon international Archibat 2019, en C\u00f4te d\u2019Ivoire (1-5 octobre) - Kapitalis\" \/>\n<meta property=\"og:description\" content=\"Le Centre de promotion des exportations (Cepex) organise, sous pavillon national, la participation d&rsquo;hommes d&rsquo;affaires tunisiens \u00e0 Archibat 2019, le Salon international de l\u2019architecture et du b\u00e2timent, \u00e0 Abidjan (C\u00f4te d&rsquo;Ivoire).\" \/>\n<meta property=\"og:url\" content=\"https:\/\/kapitalis.com\/tunisie\/2019\/07\/15\/un-pavillon-tunisien-au-salon-international-archibat-2019-en-cote-divoire-1-5-octobre\/\" \/>\n<meta property=\"og:site_name\" content=\"Kapitalis\" \/>\n<meta property=\"article:publisher\" content=\"https:\/\/www.facebook.com\/KapitalisInfo\/\" \/>\n<meta property=\"article:published_time\" content=\"2019-07-15T15:14:12+00:00\" \/>\n<meta property=\"article:modified_time\" content=\"2019-07-15T15:14:14+00:00\" \/>\n<meta property=\"og:image\" content=\"https:\/\/kapitalis.com\/tunisie\/wp-content\/uploads\/2022\/05\/kapitalis-logo-fb.png\" \/>\n\t<meta property=\"og:image:width\" content=\"1200\" \/>\n\t<meta property=\"og:image:height\" content=\"630\" \/>\n\t<meta property=\"og:image:type\" content=\"image\/png\" \/>\n<meta name=\"author\" content=\"Amina Mkada\" \/>\n<meta name=\"twitter:card\" content=\"summary_large_image\" \/>\n<meta name=\"twitter:creator\" content=\"@KapitalisInfo\" \/>\n<meta name=\"twitter:site\" content=\"@KapitalisInfo\" \/>\n<meta name=\"twitter:label1\" content=\"\u00c9crit par\" \/>\n\t<meta name=\"twitter:data1\" content=\"Amina Mkada\" \/>\n\t<meta name=\"twitter:label2\" content=\"Dur\u00e9e de lecture estim\u00e9e\" \/>\n\t<meta name=\"twitter:data2\" content=\"1 minute\" \/>\n<script type=\"application\/ld+json\" class=\"yoast-schema-graph\">{\"@context\":\"https:\/\/schema.org\",\"@graph\":[{\"@type\":\"Article\",\"@id\":\"https:\/\/kapitalis.com\/tunisie\/2019\/07\/15\/un-pavillon-tunisien-au-salon-international-archibat-2019-en-cote-divoire-1-5-octobre\/#article\",\"isPartOf\":{\"@id\":\"https:\/\/kapitalis.com\/tunisie\/2019\/07\/15\/un-pavillon-tunisien-au-salon-international-archibat-2019-en-cote-divoire-1-5-octobre\/\"},\"author\":{\"name\":\"Amina Mkada\",\"@id\":\"https:\/\/kapitalis.com\/tunisie\/#\/schema\/person\/093913313d3017554cb3ad077fff3fbd\"},\"headline\":\"Un pavillon tunisien au salon international Archibat 2019, en C\u00f4te d\u2019Ivoire (1-5 octobre)\",\"datePublished\":\"2019-07-15T15:14:12+00:00\",\"dateModified\":\"2019-07-15T15:14:14+00:00\",\"mainEntityOfPage\":{\"@id\":\"https:\/\/kapitalis.com\/tunisie\/2019\/07\/15\/un-pavillon-tunisien-au-salon-international-archibat-2019-en-cote-divoire-1-5-octobre\/\"},\"wordCount\":170,\"commentCount\":0,\"publisher\":{\"@id\":\"https:\/\/kapitalis.com\/tunisie\/#organization\"},\"image\":{\"@id\":\"https:\/\/kapitalis.com\/tunisie\/2019\/07\/15\/un-pavillon-tunisien-au-salon-international-archibat-2019-en-cote-divoire-1-5-octobre\/#primaryimage\"},\"thumbnailUrl\":\"\",\"keywords\":[\"Abidjan\",\"Cepex\"],\"articleSection\":[\"ECONOMIE\",\"Tunisie\"],\"inLanguage\":\"fr-FR\",\"potentialAction\":[{\"@type\":\"CommentAction\",\"name\":\"Comment\",\"target\":[\"https:\/\/kapitalis.com\/tunisie\/2019\/07\/15\/un-pavillon-tunisien-au-salon-international-archibat-2019-en-cote-divoire-1-5-octobre\/#respond\"]}]},{\"@type\":\"WebPage\",\"@id\":\"https:\/\/kapitalis.com\/tunisie\/2019\/07\/15\/un-pavillon-tunisien-au-salon-international-archibat-2019-en-cote-divoire-1-5-octobre\/\",\"url\":\"https:\/\/kapitalis.com\/tunisie\/2019\/07\/15\/un-pavillon-tunisien-au-salon-international-archibat-2019-en-cote-divoire-1-5-octobre\/\",\"name\":\"Un pavillon tunisien au salon international Archibat 2019, en C\u00f4te d\u2019Ivoire (1-5 octobre) - Kapitalis\",\"isPartOf\":{\"@id\":\"https:\/\/kapitalis.com\/tunisie\/#website\"},\"primaryImageOfPage\":{\"@id\":\"https:\/\/kapitalis.com\/tunisie\/2019\/07\/15\/un-pavillon-tunisien-au-salon-international-archibat-2019-en-cote-divoire-1-5-octobre\/#primaryimage\"},\"image\":{\"@id\":\"https:\/\/kapitalis.com\/tunisie\/2019\/07\/15\/un-pavillon-tunisien-au-salon-international-archibat-2019-en-cote-divoire-1-5-octobre\/#primaryimage\"},\"thumbnailUrl\":\"\",\"datePublished\":\"2019-07-15T15:14:12+00:00\",\"dateModified\":\"2019-07-15T15:14:14+00:00\",\"breadcrumb\":{\"@id\":\"https:\/\/kapitalis.com\/tunisie\/2019\/07\/15\/un-pavillon-tunisien-au-salon-international-archibat-2019-en-cote-divoire-1-5-octobre\/#breadcrumb\"},\"inLanguage\":\"fr-FR\",\"potentialAction\":[{\"@type\":\"ReadAction\",\"target\":[\"https:\/\/kapitalis.com\/tunisie\/2019\/07\/15\/un-pavillon-tunisien-au-salon-international-archibat-2019-en-cote-divoire-1-5-octobre\/\"]}]},{\"@type\":\"ImageObject\",\"inLanguage\":\"fr-FR\",\"@id\":\"https:\/\/kapitalis.com\/tunisie\/2019\/07\/15\/un-pavillon-tunisien-au-salon-international-archibat-2019-en-cote-divoire-1-5-octobre\/#primaryimage\",\"url\":\"\",\"contentUrl\":\"\"},{\"@type\":\"BreadcrumbList\",\"@id\":\"https:\/\/kapitalis.com\/tunisie\/2019\/07\/15\/un-pavillon-tunisien-au-salon-international-archibat-2019-en-cote-divoire-1-5-octobre\/#breadcrumb\",\"itemListElement\":[{\"@type\":\"ListItem\",\"position\":1,\"name\":\"Accueil\",\"item\":\"https:\/\/kapitalis.com\/tunisie\/\"},{\"@type\":\"ListItem\",\"position\":2,\"name\":\"Un pavillon tunisien au salon international Archibat 2019, en C\u00f4te d\u2019Ivoire (1-5 octobre)\"}]},{\"@type\":\"WebSite\",\"@id\":\"https:\/\/kapitalis.com\/tunisie\/#website\",\"url\":\"https:\/\/kapitalis.com\/tunisie\/\",\"name\":\"Kapitalis\",\"description\":\"L&#039;actualit\u00e9 en Tunisie et dans le monde\",\"publisher\":{\"@id\":\"https:\/\/kapitalis.com\/tunisie\/#organization\"},\"potentialAction\":[{\"@type\":\"SearchAction\",\"target\":{\"@type\":\"EntryPoint\",\"urlTemplate\":\"https:\/\/kapitalis.com\/tunisie\/?s={search_term_string}\"},\"query-input\":{\"@type\":\"PropertyValueSpecification\",\"valueRequired\":true,\"valueName\":\"search_term_string\"}}],\"inLanguage\":\"fr-FR\"},{\"@type\":\"Organization\",\"@id\":\"https:\/\/kapitalis.com\/tunisie\/#organization\",\"name\":\"Kapitalis\",\"url\":\"https:\/\/kapitalis.com\/tunisie\/\",\"logo\":{\"@type\":\"ImageObject\",\"inLanguage\":\"fr-FR\",\"@id\":\"https:\/\/kapitalis.com\/tunisie\/#\/schema\/logo\/image\/\",\"url\":\"https:\/\/kapitalis.com\/tunisie\/wp-content\/uploads\/2022\/05\/Kapitalis-big-size.png\",\"contentUrl\":\"https:\/\/kapitalis.com\/tunisie\/wp-content\/uploads\/2022\/05\/Kapitalis-big-size.png\",\"width\":5000,\"height\":1500,\"caption\":\"Kapitalis\"},\"image\":{\"@id\":\"https:\/\/kapitalis.com\/tunisie\/#\/schema\/logo\/image\/\"},\"sameAs\":[\"https:\/\/www.facebook.com\/KapitalisInfo\/\",\"https:\/\/x.com\/KapitalisInfo\",\"https:\/\/www.youtube.com\/channel\/UC-yDYrHyfFBWWZaOw3FPg9Q\"]},{\"@type\":\"Person\",\"@id\":\"https:\/\/kapitalis.com\/tunisie\/#\/schema\/person\/093913313d3017554cb3ad077fff3fbd\",\"name\":\"Amina Mkada\",\"url\":\"https:\/\/kapitalis.com\/tunisie\/author\/amina\/\"}]}<\/script>\n<!-- \/ Yoast SEO plugin. -->","yoast_head_json":{"title":"Un pavillon tunisien au salon international Archibat 2019, en C\u00f4te d\u2019Ivoire (1-5 octobre) - Kapitalis","robots":{"index":"index","follow":"follow","max-snippet":"max-snippet:-1","max-image-preview":"max-image-preview:large","max-video-preview":"max-video-preview:-1"},"canonical":"https:\/\/kapitalis.com\/tunisie\/2019\/07\/15\/un-pavillon-tunisien-au-salon-international-archibat-2019-en-cote-divoire-1-5-octobre\/","og_locale":"fr_FR","og_type":"article","og_title":"Un pavillon tunisien au salon international Archibat 2019, en C\u00f4te d\u2019Ivoire (1-5 octobre) - Kapitalis","og_description":"Le Centre de promotion des exportations (Cepex) organise, sous pavillon national, la participation d&rsquo;hommes d&rsquo;affaires tunisiens \u00e0 Archibat 2019, le Salon international de l\u2019architecture et du b\u00e2timent, \u00e0 Abidjan (C\u00f4te d&rsquo;Ivoire).","og_url":"https:\/\/kapitalis.com\/tunisie\/2019\/07\/15\/un-pavillon-tunisien-au-salon-international-archibat-2019-en-cote-divoire-1-5-octobre\/","og_site_name":"Kapitalis","article_publisher":"https:\/\/www.facebook.com\/KapitalisInfo\/","article_published_time":"2019-07-15T15:14:12+00:00","article_modified_time":"2019-07-15T15:14:14+00:00","og_image":[{"width":1200,"height":630,"url":"https:\/\/kapitalis.com\/tunisie\/wp-content\/uploads\/2022\/05\/kapitalis-logo-fb.png","type":"image\/png"}],"author":"Amina Mkada","twitter_card":"summary_large_image","twitter_creator":"@KapitalisInfo","twitter_site":"@KapitalisInfo","twitter_misc":{"\u00c9crit par":"Amina Mkada","Dur\u00e9e de lecture estim\u00e9e":"1 minute"},"schema":{"@context":"https:\/\/schema.org","@graph":[{"@type":"Article","@id":"https:\/\/kapitalis.com\/tunisie\/2019\/07\/15\/un-pavillon-tunisien-au-salon-international-archibat-2019-en-cote-divoire-1-5-octobre\/#article","isPartOf":{"@id":"https:\/\/kapitalis.com\/tunisie\/2019\/07\/15\/un-pavillon-tunisien-au-salon-international-archibat-2019-en-cote-divoire-1-5-octobre\/"},"author":{"name":"Amina Mkada","@id":"https:\/\/kapitalis.com\/tunisie\/#\/schema\/person\/093913313d3017554cb3ad077fff3fbd"},"headline":"Un pavillon tunisien au salon international Archibat 2019, en C\u00f4te d\u2019Ivoire (1-5 octobre)","datePublished":"2019-07-15T15:14:12+00:00","dateModified":"2019-07-15T15:14:14+00:00","mainEntityOfPage":{"@id":"https:\/\/kapitalis.com\/tunisie\/2019\/07\/15\/un-pavillon-tunisien-au-salon-international-archibat-2019-en-cote-divoire-1-5-octobre\/"},"wordCount":170,"commentCount":0,"publisher":{"@id":"https:\/\/kapitalis.com\/tunisie\/#organization"},"image":{"@id":"https:\/\/kapitalis.com\/tunisie\/2019\/07\/15\/un-pavillon-tunisien-au-salon-international-archibat-2019-en-cote-divoire-1-5-octobre\/#primaryimage"},"thumbnailUrl":"","keywords":["Abidjan","Cepex"],"articleSection":["ECONOMIE","Tunisie"],"inLanguage":"fr-FR","potentialAction":[{"@type":"CommentAction","name":"Comment","target":["https:\/\/kapitalis.com\/tunisie\/2019\/07\/15\/un-pavillon-tunisien-au-salon-international-archibat-2019-en-cote-divoire-1-5-octobre\/#respond"]}]},{"@type":"WebPage","@id":"https:\/\/kapitalis.com\/tunisie\/2019\/07\/15\/un-pavillon-tunisien-au-salon-international-archibat-2019-en-cote-divoire-1-5-octobre\/","url":"https:\/\/kapitalis.com\/tunisie\/2019\/07\/15\/un-pavillon-tunisien-au-salon-international-archibat-2019-en-cote-divoire-1-5-octobre\/","name":"Un pavillon tunisien au salon international Archibat 2019, en C\u00f4te d\u2019Ivoire (1-5 octobre) - Kapitalis","isPartOf":{"@id":"https:\/\/kapitalis.com\/tunisie\/#website"},"primaryImageOfPage":{"@id":"https:\/\/kapitalis.com\/tunisie\/2019\/07\/15\/un-pavillon-tunisien-au-salon-international-archibat-2019-en-cote-divoire-1-5-octobre\/#primaryimage"},"image":{"@id":"https:\/\/kapitalis.com\/tunisie\/2019\/07\/15\/un-pavillon-tunisien-au-salon-international-archibat-2019-en-cote-divoire-1-5-octobre\/#primaryimage"},"thumbnailUrl":"","datePublished":"2019-07-15T15:14:12+00:00","dateModified":"2019-07-15T15:14:14+00:00","breadcrumb":{"@id":"https:\/\/kapitalis.com\/tunisie\/2019\/07\/15\/un-pavillon-tunisien-au-salon-international-archibat-2019-en-cote-divoire-1-5-octobre\/#breadcrumb"},"inLanguage":"fr-FR","potentialAction":[{"@type":"ReadAction","target":["https:\/\/kapitalis.com\/tunisie\/2019\/07\/15\/un-pavillon-tunisien-au-salon-international-archibat-2019-en-cote-divoire-1-5-octobre\/"]}]},{"@type":"ImageObject","inLanguage":"fr-FR","@id":"https:\/\/kapitalis.com\/tunisie\/2019\/07\/15\/un-pavillon-tunisien-au-salon-international-archibat-2019-en-cote-divoire-1-5-octobre\/#primaryimage","url":"","contentUrl":""},{"@type":"BreadcrumbList","@id":"https:\/\/kapitalis.com\/tunisie\/2019\/07\/15\/un-pavillon-tunisien-au-salon-international-archibat-2019-en-cote-divoire-1-5-octobre\/#breadcrumb","itemListElement":[{"@type":"ListItem","position":1,"name":"Accueil","item":"https:\/\/kapitalis.com\/tunisie\/"},{"@type":"ListItem","position":2,"name":"Un pavillon tunisien au salon international Archibat 2019, en C\u00f4te d\u2019Ivoire (1-5 octobre)"}]},{"@type":"WebSite","@id":"https:\/\/kapitalis.com\/tunisie\/#website","url":"https:\/\/kapitalis.com\/tunisie\/","name":"Kapitalis","description":"L&#039;actualit\u00e9 en Tunisie et dans le monde","publisher":{"@id":"https:\/\/kapitalis.com\/tunisie\/#organization"},"potentialAction":[{"@type":"SearchAction","target":{"@type":"EntryPoint","urlTemplate":"https:\/\/kapitalis.com\/tunisie\/?s={search_term_string}"},"query-input":{"@type":"PropertyValueSpecification","valueRequired":true,"valueName":"search_term_string"}}],"inLanguage":"fr-FR"},{"@type":"Organization","@id":"https:\/\/kapitalis.com\/tunisie\/#organization","name":"Kapitalis","url":"https:\/\/kapitalis.com\/tunisie\/","logo":{"@type":"ImageObject","inLanguage":"fr-FR","@id":"https:\/\/kapitalis.com\/tunisie\/#\/schema\/logo\/image\/","url":"https:\/\/kapitalis.com\/tunisie\/wp-content\/uploads\/2022\/05\/Kapitalis-big-size.png","contentUrl":"https:\/\/kapitalis.com\/tunisie\/wp-content\/uploads\/2022\/05\/Kapitalis-big-size.png","width":5000,"height":1500,"caption":"Kapitalis"},"image":{"@id":"https:\/\/kapitalis.com\/tunisie\/#\/schema\/logo\/image\/"},"sameAs":["https:\/\/www.facebook.com\/KapitalisInfo\/","https:\/\/x.com\/KapitalisInfo","https:\/\/www.youtube.com\/channel\/UC-yDYrHyfFBWWZaOw3FPg9Q"]},{"@type":"Person","@id":"https:\/\/kapitalis.com\/tunisie\/#\/schema\/person\/093913313d3017554cb3ad077fff3fbd","name":"Amina Mkada","url":"https:\/\/kapitalis.com\/tunisie\/author\/amina\/"}]}},"_links":{"self":[{"href":"https:\/\/kapitalis.com\/tunisie\/wp-json\/wp\/v2\/posts\/225232","targetHints":{"allow":["GET"]}}],"collection":[{"href":"https:\/\/kapitalis.com\/tunisie\/wp-json\/wp\/v2\/posts"}],"about":[{"href":"https:\/\/kapitalis.com\/tunisie\/wp-json\/wp\/v2\/types\/post"}],"author":[{"embeddable":true,"href":"https:\/\/kapitalis.com\/tunisie\/wp-json\/wp\/v2\/users\/22"}],"replies":[{"embeddable":true,"href":"https:\/\/kapitalis.com\/tunisie\/wp-json\/wp\/v2\/comments?post=225232"}],"version-history":[{"count":0,"href":"https:\/\/kapitalis.com\/tunisie\/wp-json\/wp\/v2\/posts\/225232\/revisions"}],"wp:featuredmedia":[{"embeddable":true,"href":"https:\/\/kapitalis.com\/tunisie\/wp-json\/wp\/v2\/media\/225251"}],"wp:attachment":[{"href":"https:\/\/kapitalis.com\/tunisie\/wp-json\/wp\/v2\/media?parent=225232"}],"wp:term":[{"taxonomy":"category","embeddable":true,"href":"https:\/\/kapitalis.com\/tunisie\/wp-json\/wp\/v2\/categories?post=225232"},{"taxonomy":"post_tag","embeddable":true,"href":"https:\/\/kapitalis.com\/tunisie\/wp-json\/wp\/v2\/tags?post=225232"}],"curies":[{"name":"wp","href":"https:\/\/api.w.org\/{rel}","templated":true}]}}