{"id":225321,"date":"2019-07-16T08:40:58","date_gmt":"2019-07-16T07:40:58","guid":{"rendered":"http:\/\/kapitalis.com\/tunisie\/?p=225321"},"modified":"2019-07-16T08:41:01","modified_gmt":"2019-07-16T07:41:01","slug":"tunis-seminaire-de-lancement-du-projet-pepiniere-urbaine-ness-el-houma","status":"publish","type":"post","link":"https:\/\/kapitalis.com\/tunisie\/2019\/07\/16\/tunis-seminaire-de-lancement-du-projet-pepiniere-urbaine-ness-el-houma\/","title":{"rendered":"Tunis : S\u00e9minaire de lancement du projet \u00abP\u00e9pini\u00e8re Urbaine-Ness El Houma\u00bb"},"content":{"rendered":"\n<figure class=\"wp-block-image\"><img decoding=\"async\" src=\"http:\/\/kapitalis.com\/tunisie\/wp-content\/uploads\/2019\/07\/Ness-El-Houma.jpg\" alt=\"\" class=\"wp-image-225322\"\/><\/figure>\n\n\n\n<p><strong><em>Le s\u00e9minaire de lancement du projet \u00abP\u00e9pini\u00e8re Urbaine-Ness El Houma\u00bb se tient aujourd\u2019hui, mardi 16 Juillet 2019, \u00e0 l\u2019h\u00f4tel Le Diplomate, Belv\u00e9d\u00e8re, \u00e0 Tunis. <\/em><\/strong><br><\/p>\n\n\n\n<!--more-->\n\n\n\n<p> Dans le cadre du programme Proville, financ\u00e9 par l\u2019Agence fran\u00e7aise de d\u00e9veloppement (AFD), le groupement d\u2019Ong Humanit\u00e9 et Inclusion (le nouveau nom de Handicap International), le Laboratoire de l\u2019\u00e9conomie sociale et solidaire (Lab\u2019ess) et le bureau d\u2019\u00e9tudes Kandeel lancent le dispositif p\u00e9pini\u00e8re urbaine, sous son nom Ness El Houma. Il s\u2019agit d\u2019un programme d\u2019innovation urbaine qui vise \u00e0 faire \u00e9merger des initiatives urbaines innovantes et cr\u00e9atives adapt\u00e9es aux besoins de la population.<br><\/p>\n\n\n\n<p> Le s\u00e9minaire de lancement sera une occasion pour pr\u00e9senter le projet aux diff\u00e9rents acteurs communautaires, aux institutions publiques et aux organisations de la soci\u00e9t\u00e9 civile dans une perspective d\u2019\u00e9change et de r\u00e9flexion autour des enjeux de la participation citoyenne dans le d\u00e9veloppement urbain des territoires.<br><\/p>\n\n\n\n<p> Le dispositif P\u00e9pini\u00e8re Urbaine-Ness El Houma vise principalement \u00e0 promouvoir des villes inclusives favorisant la coh\u00e9sion sociale au sein des quartiers, le d\u00e9veloppement d\u2019innovations socio-\u00e9conomiques et la participation citoyenne des habitants.<br><\/p>\n\n\n\n<p> Plus sp\u00e9cifiquement, le dispositif appuiera l\u2019\u00e9mergence de 60 initiatives urbaines et accompagnera  la  mise  en  \u0153uvre  de  30  projets  urbains  innovants  et  cr\u00e9atifs port\u00e9s par les habitants ou acteurs de la soci\u00e9t\u00e9 civile intervenant au sein de 15 quartiers s\u00e9lectionn\u00e9s et r\u00e9pondant aux enjeux auxquels sont confront\u00e9s ces quartiers.<br><\/p>\n\n\n\n<p> Le groupement accompagnera \u00e9galement les habitants \u00e0 une meilleure compr\u00e9hension et prise en compte de leurs besoins et appuiera les porteur.ses de projets \u00e0 mettre en place des initiatives urbaines innovantes en r\u00e9ponse aux besoins identifi\u00e9s.<br><\/p>\n\n\n\n<p> Ce projet, d\u2019une dur\u00e9e de 40 mois, sera r\u00e9alis\u00e9 dans 3 zones diff\u00e9rentes du pays. Chaque ann\u00e9e, une zone d\u2019intervention et ses quartiers seront identifi\u00e9s en se basant sur un diagnostic et en corr\u00e9lation avec les r\u00e9alisations de l\u2019Agence de r\u00e9habilitation et de r\u00e9novation urbaine (ARRU) \u00e0 travers les programmes de r\u00e9habilitation et d\u2019int\u00e9gration des quartiers d\u2019habitation (PRIQH 1 et 2).<br><\/p>\n\n\n\n<p> <strong><em>Source<\/em><\/strong> : communiqu\u00e9. <\/p>\n","protected":false},"excerpt":{"rendered":"<p>Le s\u00e9minaire de lancement du projet \u00abP\u00e9pini\u00e8re Urbaine-Ness El Houma\u00bb se tient aujourd\u2019hui, mardi 16 Juillet 2019, \u00e0 l\u2019h\u00f4tel Le Diplomate, Belv\u00e9d\u00e8re, \u00e0 Tunis.<\/p>\n","protected":false},"author":8,"featured_media":225322,"comment_status":"open","ping_status":"open","sticky":false,"template":"","format":"standard","meta":{"footnotes":""},"categories":[998,2433],"tags":[4924,10127],"class_list":["post-225321","post","type-post","status-publish","format-standard","has-post-thumbnail","hentry","category-societe","category-tunisie","tag-afd","tag-labess"],"yoast_head":"<!-- This site is optimized with the Yoast SEO plugin v26.6 - https:\/\/yoast.com\/wordpress\/plugins\/seo\/ -->\n<title>Tunis : S\u00e9minaire de lancement du projet \u00abP\u00e9pini\u00e8re Urbaine-Ness El Houma\u00bb - Kapitalis<\/title>\n<meta name=\"robots\" content=\"index, follow, max-snippet:-1, max-image-preview:large, max-video-preview:-1\" \/>\n<link rel=\"canonical\" href=\"https:\/\/kapitalis.com\/tunisie\/2019\/07\/16\/tunis-seminaire-de-lancement-du-projet-pepiniere-urbaine-ness-el-houma\/\" \/>\n<meta property=\"og:locale\" content=\"fr_FR\" \/>\n<meta property=\"og:type\" content=\"article\" \/>\n<meta property=\"og:title\" content=\"Tunis : S\u00e9minaire de lancement du projet \u00abP\u00e9pini\u00e8re Urbaine-Ness El Houma\u00bb - Kapitalis\" \/>\n<meta property=\"og:description\" content=\"Le s\u00e9minaire de lancement du projet \u00abP\u00e9pini\u00e8re Urbaine-Ness El Houma\u00bb se tient aujourd\u2019hui, mardi 16 Juillet 2019, \u00e0 l\u2019h\u00f4tel Le Diplomate, Belv\u00e9d\u00e8re, \u00e0 Tunis.\" \/>\n<meta property=\"og:url\" content=\"https:\/\/kapitalis.com\/tunisie\/2019\/07\/16\/tunis-seminaire-de-lancement-du-projet-pepiniere-urbaine-ness-el-houma\/\" \/>\n<meta property=\"og:site_name\" content=\"Kapitalis\" \/>\n<meta property=\"article:publisher\" content=\"https:\/\/www.facebook.com\/KapitalisInfo\/\" \/>\n<meta property=\"article:published_time\" content=\"2019-07-16T07:40:58+00:00\" \/>\n<meta property=\"article:modified_time\" content=\"2019-07-16T07:41:01+00:00\" \/>\n<meta property=\"og:image\" content=\"https:\/\/kapitalis.com\/tunisie\/wp-content\/uploads\/2022\/05\/kapitalis-logo-fb.png\" \/>\n\t<meta property=\"og:image:width\" content=\"1200\" \/>\n\t<meta property=\"og:image:height\" content=\"630\" \/>\n\t<meta property=\"og:image:type\" content=\"image\/png\" \/>\n<meta name=\"author\" content=\"webmaster kapitalis\" \/>\n<meta name=\"twitter:card\" content=\"summary_large_image\" \/>\n<meta name=\"twitter:creator\" content=\"@KapitalisInfo\" \/>\n<meta name=\"twitter:site\" content=\"@KapitalisInfo\" \/>\n<meta name=\"twitter:label1\" content=\"\u00c9crit par\" \/>\n\t<meta name=\"twitter:data1\" content=\"webmaster kapitalis\" \/>\n\t<meta name=\"twitter:label2\" content=\"Dur\u00e9e de lecture estim\u00e9e\" \/>\n\t<meta name=\"twitter:data2\" content=\"2 minutes\" \/>\n<script type=\"application\/ld+json\" class=\"yoast-schema-graph\">{\"@context\":\"https:\/\/schema.org\",\"@graph\":[{\"@type\":\"Article\",\"@id\":\"https:\/\/kapitalis.com\/tunisie\/2019\/07\/16\/tunis-seminaire-de-lancement-du-projet-pepiniere-urbaine-ness-el-houma\/#article\",\"isPartOf\":{\"@id\":\"https:\/\/kapitalis.com\/tunisie\/2019\/07\/16\/tunis-seminaire-de-lancement-du-projet-pepiniere-urbaine-ness-el-houma\/\"},\"author\":{\"name\":\"webmaster kapitalis\",\"@id\":\"https:\/\/kapitalis.com\/tunisie\/#\/schema\/person\/d71f33a9ca44f7bad4698210b480c8e9\"},\"headline\":\"Tunis : S\u00e9minaire de lancement du projet \u00abP\u00e9pini\u00e8re Urbaine-Ness El Houma\u00bb\",\"datePublished\":\"2019-07-16T07:40:58+00:00\",\"dateModified\":\"2019-07-16T07:41:01+00:00\",\"mainEntityOfPage\":{\"@id\":\"https:\/\/kapitalis.com\/tunisie\/2019\/07\/16\/tunis-seminaire-de-lancement-du-projet-pepiniere-urbaine-ness-el-houma\/\"},\"wordCount\":381,\"commentCount\":0,\"publisher\":{\"@id\":\"https:\/\/kapitalis.com\/tunisie\/#organization\"},\"image\":{\"@id\":\"https:\/\/kapitalis.com\/tunisie\/2019\/07\/16\/tunis-seminaire-de-lancement-du-projet-pepiniere-urbaine-ness-el-houma\/#primaryimage\"},\"thumbnailUrl\":\"\",\"keywords\":[\"AFD\",\"LAB\u2019ESS\"],\"articleSection\":[\"SOCIETE\",\"Tunisie\"],\"inLanguage\":\"fr-FR\",\"potentialAction\":[{\"@type\":\"CommentAction\",\"name\":\"Comment\",\"target\":[\"https:\/\/kapitalis.com\/tunisie\/2019\/07\/16\/tunis-seminaire-de-lancement-du-projet-pepiniere-urbaine-ness-el-houma\/#respond\"]}]},{\"@type\":\"WebPage\",\"@id\":\"https:\/\/kapitalis.com\/tunisie\/2019\/07\/16\/tunis-seminaire-de-lancement-du-projet-pepiniere-urbaine-ness-el-houma\/\",\"url\":\"https:\/\/kapitalis.com\/tunisie\/2019\/07\/16\/tunis-seminaire-de-lancement-du-projet-pepiniere-urbaine-ness-el-houma\/\",\"name\":\"Tunis : S\u00e9minaire de lancement du projet \u00abP\u00e9pini\u00e8re Urbaine-Ness El Houma\u00bb - Kapitalis\",\"isPartOf\":{\"@id\":\"https:\/\/kapitalis.com\/tunisie\/#website\"},\"primaryImageOfPage\":{\"@id\":\"https:\/\/kapitalis.com\/tunisie\/2019\/07\/16\/tunis-seminaire-de-lancement-du-projet-pepiniere-urbaine-ness-el-houma\/#primaryimage\"},\"image\":{\"@id\":\"https:\/\/kapitalis.com\/tunisie\/2019\/07\/16\/tunis-seminaire-de-lancement-du-projet-pepiniere-urbaine-ness-el-houma\/#primaryimage\"},\"thumbnailUrl\":\"\",\"datePublished\":\"2019-07-16T07:40:58+00:00\",\"dateModified\":\"2019-07-16T07:41:01+00:00\",\"breadcrumb\":{\"@id\":\"https:\/\/kapitalis.com\/tunisie\/2019\/07\/16\/tunis-seminaire-de-lancement-du-projet-pepiniere-urbaine-ness-el-houma\/#breadcrumb\"},\"inLanguage\":\"fr-FR\",\"potentialAction\":[{\"@type\":\"ReadAction\",\"target\":[\"https:\/\/kapitalis.com\/tunisie\/2019\/07\/16\/tunis-seminaire-de-lancement-du-projet-pepiniere-urbaine-ness-el-houma\/\"]}]},{\"@type\":\"ImageObject\",\"inLanguage\":\"fr-FR\",\"@id\":\"https:\/\/kapitalis.com\/tunisie\/2019\/07\/16\/tunis-seminaire-de-lancement-du-projet-pepiniere-urbaine-ness-el-houma\/#primaryimage\",\"url\":\"\",\"contentUrl\":\"\"},{\"@type\":\"BreadcrumbList\",\"@id\":\"https:\/\/kapitalis.com\/tunisie\/2019\/07\/16\/tunis-seminaire-de-lancement-du-projet-pepiniere-urbaine-ness-el-houma\/#breadcrumb\",\"itemListElement\":[{\"@type\":\"ListItem\",\"position\":1,\"name\":\"Accueil\",\"item\":\"https:\/\/kapitalis.com\/tunisie\/\"},{\"@type\":\"ListItem\",\"position\":2,\"name\":\"Tunis : S\u00e9minaire de lancement du projet \u00abP\u00e9pini\u00e8re Urbaine-Ness El Houma\u00bb\"}]},{\"@type\":\"WebSite\",\"@id\":\"https:\/\/kapitalis.com\/tunisie\/#website\",\"url\":\"https:\/\/kapitalis.com\/tunisie\/\",\"name\":\"Kapitalis\",\"description\":\"L&#039;actualit\u00e9 en Tunisie et dans le monde\",\"publisher\":{\"@id\":\"https:\/\/kapitalis.com\/tunisie\/#organization\"},\"potentialAction\":[{\"@type\":\"SearchAction\",\"target\":{\"@type\":\"EntryPoint\",\"urlTemplate\":\"https:\/\/kapitalis.com\/tunisie\/?s={search_term_string}\"},\"query-input\":{\"@type\":\"PropertyValueSpecification\",\"valueRequired\":true,\"valueName\":\"search_term_string\"}}],\"inLanguage\":\"fr-FR\"},{\"@type\":\"Organization\",\"@id\":\"https:\/\/kapitalis.com\/tunisie\/#organization\",\"name\":\"Kapitalis\",\"url\":\"https:\/\/kapitalis.com\/tunisie\/\",\"logo\":{\"@type\":\"ImageObject\",\"inLanguage\":\"fr-FR\",\"@id\":\"https:\/\/kapitalis.com\/tunisie\/#\/schema\/logo\/image\/\",\"url\":\"https:\/\/kapitalis.com\/tunisie\/wp-content\/uploads\/2022\/05\/Kapitalis-big-size.png\",\"contentUrl\":\"https:\/\/kapitalis.com\/tunisie\/wp-content\/uploads\/2022\/05\/Kapitalis-big-size.png\",\"width\":5000,\"height\":1500,\"caption\":\"Kapitalis\"},\"image\":{\"@id\":\"https:\/\/kapitalis.com\/tunisie\/#\/schema\/logo\/image\/\"},\"sameAs\":[\"https:\/\/www.facebook.com\/KapitalisInfo\/\",\"https:\/\/x.com\/KapitalisInfo\",\"https:\/\/www.youtube.com\/channel\/UC-yDYrHyfFBWWZaOw3FPg9Q\"]},{\"@type\":\"Person\",\"@id\":\"https:\/\/kapitalis.com\/tunisie\/#\/schema\/person\/d71f33a9ca44f7bad4698210b480c8e9\",\"name\":\"webmaster kapitalis\",\"url\":\"https:\/\/kapitalis.com\/tunisie\/author\/webmaster-kapitalis\/\"}]}<\/script>\n<!-- \/ Yoast SEO plugin. -->","yoast_head_json":{"title":"Tunis : S\u00e9minaire de lancement du projet \u00abP\u00e9pini\u00e8re Urbaine-Ness El Houma\u00bb - Kapitalis","robots":{"index":"index","follow":"follow","max-snippet":"max-snippet:-1","max-image-preview":"max-image-preview:large","max-video-preview":"max-video-preview:-1"},"canonical":"https:\/\/kapitalis.com\/tunisie\/2019\/07\/16\/tunis-seminaire-de-lancement-du-projet-pepiniere-urbaine-ness-el-houma\/","og_locale":"fr_FR","og_type":"article","og_title":"Tunis : S\u00e9minaire de lancement du projet \u00abP\u00e9pini\u00e8re Urbaine-Ness El Houma\u00bb - Kapitalis","og_description":"Le s\u00e9minaire de lancement du projet \u00abP\u00e9pini\u00e8re Urbaine-Ness El Houma\u00bb se tient aujourd\u2019hui, mardi 16 Juillet 2019, \u00e0 l\u2019h\u00f4tel Le Diplomate, Belv\u00e9d\u00e8re, \u00e0 Tunis.","og_url":"https:\/\/kapitalis.com\/tunisie\/2019\/07\/16\/tunis-seminaire-de-lancement-du-projet-pepiniere-urbaine-ness-el-houma\/","og_site_name":"Kapitalis","article_publisher":"https:\/\/www.facebook.com\/KapitalisInfo\/","article_published_time":"2019-07-16T07:40:58+00:00","article_modified_time":"2019-07-16T07:41:01+00:00","og_image":[{"width":1200,"height":630,"url":"https:\/\/kapitalis.com\/tunisie\/wp-content\/uploads\/2022\/05\/kapitalis-logo-fb.png","type":"image\/png"}],"author":"webmaster kapitalis","twitter_card":"summary_large_image","twitter_creator":"@KapitalisInfo","twitter_site":"@KapitalisInfo","twitter_misc":{"\u00c9crit par":"webmaster kapitalis","Dur\u00e9e de lecture estim\u00e9e":"2 minutes"},"schema":{"@context":"https:\/\/schema.org","@graph":[{"@type":"Article","@id":"https:\/\/kapitalis.com\/tunisie\/2019\/07\/16\/tunis-seminaire-de-lancement-du-projet-pepiniere-urbaine-ness-el-houma\/#article","isPartOf":{"@id":"https:\/\/kapitalis.com\/tunisie\/2019\/07\/16\/tunis-seminaire-de-lancement-du-projet-pepiniere-urbaine-ness-el-houma\/"},"author":{"name":"webmaster kapitalis","@id":"https:\/\/kapitalis.com\/tunisie\/#\/schema\/person\/d71f33a9ca44f7bad4698210b480c8e9"},"headline":"Tunis : S\u00e9minaire de lancement du projet \u00abP\u00e9pini\u00e8re Urbaine-Ness El Houma\u00bb","datePublished":"2019-07-16T07:40:58+00:00","dateModified":"2019-07-16T07:41:01+00:00","mainEntityOfPage":{"@id":"https:\/\/kapitalis.com\/tunisie\/2019\/07\/16\/tunis-seminaire-de-lancement-du-projet-pepiniere-urbaine-ness-el-houma\/"},"wordCount":381,"commentCount":0,"publisher":{"@id":"https:\/\/kapitalis.com\/tunisie\/#organization"},"image":{"@id":"https:\/\/kapitalis.com\/tunisie\/2019\/07\/16\/tunis-seminaire-de-lancement-du-projet-pepiniere-urbaine-ness-el-houma\/#primaryimage"},"thumbnailUrl":"","keywords":["AFD","LAB\u2019ESS"],"articleSection":["SOCIETE","Tunisie"],"inLanguage":"fr-FR","potentialAction":[{"@type":"CommentAction","name":"Comment","target":["https:\/\/kapitalis.com\/tunisie\/2019\/07\/16\/tunis-seminaire-de-lancement-du-projet-pepiniere-urbaine-ness-el-houma\/#respond"]}]},{"@type":"WebPage","@id":"https:\/\/kapitalis.com\/tunisie\/2019\/07\/16\/tunis-seminaire-de-lancement-du-projet-pepiniere-urbaine-ness-el-houma\/","url":"https:\/\/kapitalis.com\/tunisie\/2019\/07\/16\/tunis-seminaire-de-lancement-du-projet-pepiniere-urbaine-ness-el-houma\/","name":"Tunis : S\u00e9minaire de lancement du projet \u00abP\u00e9pini\u00e8re Urbaine-Ness El Houma\u00bb - Kapitalis","isPartOf":{"@id":"https:\/\/kapitalis.com\/tunisie\/#website"},"primaryImageOfPage":{"@id":"https:\/\/kapitalis.com\/tunisie\/2019\/07\/16\/tunis-seminaire-de-lancement-du-projet-pepiniere-urbaine-ness-el-houma\/#primaryimage"},"image":{"@id":"https:\/\/kapitalis.com\/tunisie\/2019\/07\/16\/tunis-seminaire-de-lancement-du-projet-pepiniere-urbaine-ness-el-houma\/#primaryimage"},"thumbnailUrl":"","datePublished":"2019-07-16T07:40:58+00:00","dateModified":"2019-07-16T07:41:01+00:00","breadcrumb":{"@id":"https:\/\/kapitalis.com\/tunisie\/2019\/07\/16\/tunis-seminaire-de-lancement-du-projet-pepiniere-urbaine-ness-el-houma\/#breadcrumb"},"inLanguage":"fr-FR","potentialAction":[{"@type":"ReadAction","target":["https:\/\/kapitalis.com\/tunisie\/2019\/07\/16\/tunis-seminaire-de-lancement-du-projet-pepiniere-urbaine-ness-el-houma\/"]}]},{"@type":"ImageObject","inLanguage":"fr-FR","@id":"https:\/\/kapitalis.com\/tunisie\/2019\/07\/16\/tunis-seminaire-de-lancement-du-projet-pepiniere-urbaine-ness-el-houma\/#primaryimage","url":"","contentUrl":""},{"@type":"BreadcrumbList","@id":"https:\/\/kapitalis.com\/tunisie\/2019\/07\/16\/tunis-seminaire-de-lancement-du-projet-pepiniere-urbaine-ness-el-houma\/#breadcrumb","itemListElement":[{"@type":"ListItem","position":1,"name":"Accueil","item":"https:\/\/kapitalis.com\/tunisie\/"},{"@type":"ListItem","position":2,"name":"Tunis : S\u00e9minaire de lancement du projet \u00abP\u00e9pini\u00e8re Urbaine-Ness El Houma\u00bb"}]},{"@type":"WebSite","@id":"https:\/\/kapitalis.com\/tunisie\/#website","url":"https:\/\/kapitalis.com\/tunisie\/","name":"Kapitalis","description":"L&#039;actualit\u00e9 en Tunisie et dans le monde","publisher":{"@id":"https:\/\/kapitalis.com\/tunisie\/#organization"},"potentialAction":[{"@type":"SearchAction","target":{"@type":"EntryPoint","urlTemplate":"https:\/\/kapitalis.com\/tunisie\/?s={search_term_string}"},"query-input":{"@type":"PropertyValueSpecification","valueRequired":true,"valueName":"search_term_string"}}],"inLanguage":"fr-FR"},{"@type":"Organization","@id":"https:\/\/kapitalis.com\/tunisie\/#organization","name":"Kapitalis","url":"https:\/\/kapitalis.com\/tunisie\/","logo":{"@type":"ImageObject","inLanguage":"fr-FR","@id":"https:\/\/kapitalis.com\/tunisie\/#\/schema\/logo\/image\/","url":"https:\/\/kapitalis.com\/tunisie\/wp-content\/uploads\/2022\/05\/Kapitalis-big-size.png","contentUrl":"https:\/\/kapitalis.com\/tunisie\/wp-content\/uploads\/2022\/05\/Kapitalis-big-size.png","width":5000,"height":1500,"caption":"Kapitalis"},"image":{"@id":"https:\/\/kapitalis.com\/tunisie\/#\/schema\/logo\/image\/"},"sameAs":["https:\/\/www.facebook.com\/KapitalisInfo\/","https:\/\/x.com\/KapitalisInfo","https:\/\/www.youtube.com\/channel\/UC-yDYrHyfFBWWZaOw3FPg9Q"]},{"@type":"Person","@id":"https:\/\/kapitalis.com\/tunisie\/#\/schema\/person\/d71f33a9ca44f7bad4698210b480c8e9","name":"webmaster kapitalis","url":"https:\/\/kapitalis.com\/tunisie\/author\/webmaster-kapitalis\/"}]}},"_links":{"self":[{"href":"https:\/\/kapitalis.com\/tunisie\/wp-json\/wp\/v2\/posts\/225321","targetHints":{"allow":["GET"]}}],"collection":[{"href":"https:\/\/kapitalis.com\/tunisie\/wp-json\/wp\/v2\/posts"}],"about":[{"href":"https:\/\/kapitalis.com\/tunisie\/wp-json\/wp\/v2\/types\/post"}],"author":[{"embeddable":true,"href":"https:\/\/kapitalis.com\/tunisie\/wp-json\/wp\/v2\/users\/8"}],"replies":[{"embeddable":true,"href":"https:\/\/kapitalis.com\/tunisie\/wp-json\/wp\/v2\/comments?post=225321"}],"version-history":[{"count":0,"href":"https:\/\/kapitalis.com\/tunisie\/wp-json\/wp\/v2\/posts\/225321\/revisions"}],"wp:featuredmedia":[{"embeddable":true,"href":"https:\/\/kapitalis.com\/tunisie\/wp-json\/wp\/v2\/media\/225322"}],"wp:attachment":[{"href":"https:\/\/kapitalis.com\/tunisie\/wp-json\/wp\/v2\/media?parent=225321"}],"wp:term":[{"taxonomy":"category","embeddable":true,"href":"https:\/\/kapitalis.com\/tunisie\/wp-json\/wp\/v2\/categories?post=225321"},{"taxonomy":"post_tag","embeddable":true,"href":"https:\/\/kapitalis.com\/tunisie\/wp-json\/wp\/v2\/tags?post=225321"}],"curies":[{"name":"wp","href":"https:\/\/api.w.org\/{rel}","templated":true}]}}