{"id":225324,"date":"2019-07-16T08:48:29","date_gmt":"2019-07-16T07:48:29","guid":{"rendered":"http:\/\/kapitalis.com\/tunisie\/?p=225324"},"modified":"2019-07-16T08:48:31","modified_gmt":"2019-07-16T07:48:31","slug":"latifa-arfaoui-promet-une-soiree-exceptionnelle-au-theatre-romain-de-carthage","status":"publish","type":"post","link":"https:\/\/kapitalis.com\/tunisie\/2019\/07\/16\/latifa-arfaoui-promet-une-soiree-exceptionnelle-au-theatre-romain-de-carthage\/","title":{"rendered":"Latifa Arfaoui promet une \u00absoir\u00e9e exceptionnelle\u00bb au th\u00e9\u00e2tre romain de Carthage"},"content":{"rendered":"\n<figure class=\"wp-block-image\"><img decoding=\"async\" src=\"http:\/\/kapitalis.com\/tunisie\/wp-content\/uploads\/2019\/07\/Latifa-Arfaoui-Ban.jpg\" alt=\"\" class=\"wp-image-225325\"\/><\/figure>\n\n\n\n<p><strong><em>\u00abJe ne refuse aucune invitation \u00e0 me produire en Tunisie et il m\u2019arrive de tout annuler pour r\u00e9ponde \u00e0 l\u2019appel de mon pays.\u00bb C\u2019est avec ces mots que Latifa Arfaoui a d\u00e9crit les sentiments intenses d\u2019appartenance \u00e0 sa terre natale lors de la conf\u00e9rence de presse organis\u00e9e lundi 15 juillet 2019, au Th\u00e9\u00e2tre des Jeunes Cr\u00e9ateurs, \u00e0 la Cit\u00e9 de la culture de Tunis. <\/em><\/strong><br><\/p>\n\n\n\n<!--more-->\n\n\n\n<p> La diva tunisienne \u00e9tait venue parler de son spectacle programm\u00e9 pour le vendredi 19 juillet, au th\u00e9\u00e2tre romain de Carthage, dans le cadre de la 55e \u00e9dition du Festival international de Carthage.<br><\/p>\n\n\n\n<p> Au cours de cette conf\u00e9rence de presse \u00e0 laquelle plusieurs repr\u00e9sentants des m\u00e9dias tunisiens et arabe ont pris part, Latifa Arfaoui a r\u00e9pondu avec une grande sinc\u00e9rit\u00e9 \u00e0 toutes les questions qui lui ont \u00e9t\u00e9 pos\u00e9es dont certaines \u00e9taient en rapport avec sa vie personnelle. <br><\/p>\n\n\n\n<div class=\"wp-block-image\"><figure class=\"aligncenter is-resized\"><img loading=\"lazy\" decoding=\"async\" src=\"http:\/\/kapitalis.com\/tunisie\/wp-content\/uploads\/2019\/07\/Latifa-Arfaoui-3.jpg\" alt=\"\" class=\"wp-image-225326\" width=\"500\" height=\"352\"\/><\/figure><\/div>\n\n\n\n<p> Chaleureuse comme toujours, elle a longuement parl\u00e9 de cette soir\u00e9e qu\u2019elle a d\u00e9crit comme exceptionnelle, soulignant \u00e0 cet \u00e9gard qu\u2019elle va chanter plusieurs chansons de son ancien r\u00e9pertoire mais aussi plusieurs autres tir\u00e9es de ses nouveaux albums, tout en pr\u00e9cisant qu\u2019elle r\u00e9serve deux grandes surprises \u00e0 son public ador\u00e9.<br><\/p>\n\n\n\n<p> La chanteuse s\u2019est r\u00e9jouie des interventions des journalistes pr\u00e9sents qui lui ont m\u00eame sugg\u00e9r\u00e9 de chanter au cours de cette soir\u00e9e les premi\u00e8res chansons ayant fait sa notori\u00e9t\u00e9, des suggestions qu\u2019elle a promis d\u2019ajouter au programme de la soir\u00e9e.<br><\/p>\n\n\n\n<div class=\"wp-block-image\"><figure class=\"aligncenter is-resized\"><img loading=\"lazy\" decoding=\"async\" src=\"http:\/\/kapitalis.com\/tunisie\/wp-content\/uploads\/2019\/07\/Latifa-Arfaoui-4.jpg\" alt=\"\" class=\"wp-image-225327\" width=\"500\" height=\"352\"\/><\/figure><\/div>\n\n\n\n<p> Latifa Arfaoui sera accompagn\u00e9e par l\u2019Orchestre national de musique sous la direction du maestro Mohamed Lassoued  qui \u00e9tait pr\u00e9sent \u00e0 cette conf\u00e9rence.<br><\/p>\n\n\n\n<p> Notre artiste a r\u00e9it\u00e9r\u00e9 \u00e0 cette occasion sa d\u00e9termination \u00e0 assurer une soir\u00e9e d\u2019exception en offrant \u00e0 son public des titres issus de ses quatre albums produits durant les neuf derni\u00e8res ann\u00e9es en pr\u00e9cisant qu\u2019elle ne privera pas ses fid\u00e8les de ses anciens tubes dont<em> \u2018\u2018Hobbek Hadi\u2019\u2019, \u2018\u2018Baheb Fi Gharamek\u2019\u2019<\/em>\u2026<br><\/p>\n\n\n\n<div class=\"wp-block-image\"><figure class=\"aligncenter is-resized\"><img loading=\"lazy\" decoding=\"async\" src=\"http:\/\/kapitalis.com\/tunisie\/wp-content\/uploads\/2019\/07\/Latifa-Arfaoui-2.jpg\" alt=\"\" class=\"wp-image-225328\" width=\"500\" height=\"352\"\/><\/figure><\/div>\n\n\n\n<p> En r\u00e9ponse \u00e0 une question se rapportant \u00e0 sa cons\u00e9cration au BIAF dans sa 10 \u00e9dition, Latifa Afaoui a fait savoir qu\u2019elle doit beaucoup au Liban et aux journalistes libanais qui l\u2019adorent et la consid\u00e8rent comme la fille g\u00e2t\u00e9e du Liban tout en offrant ce prestigieux prix au public de Carthage.<br><\/p>\n\n\n\n<p> <strong><em>Source <\/em><\/strong>: communiqu\u00e9. <\/p>\n","protected":false},"excerpt":{"rendered":"<p>\u00abJe ne refuse aucune invitation \u00e0 me produire en Tunisie et il m\u2019arrive de tout annuler pour r\u00e9ponde \u00e0 l\u2019appel de mon pays.\u00bb C\u2019est avec ces mots que Latifa Arfaoui a d\u00e9crit les sentiments intenses d\u2019appartenance \u00e0 sa terre natale lors de la conf\u00e9rence de presse organis\u00e9e lundi 15 juillet 2019, au Th\u00e9\u00e2tre des Jeunes&#8230;<\/p>\n","protected":false},"author":8,"featured_media":225325,"comment_status":"open","ping_status":"open","sticky":false,"template":"","format":"standard","meta":{"footnotes":""},"categories":[994,2433],"tags":[2616,5871,19489,30206],"class_list":["post-225324","post","type-post","status-publish","format-standard","has-post-thumbnail","hentry","category-culture","category-tunisie","tag-festival-international-de-carthage","tag-latifa-arfaoui","tag-mohamed-lassoued","tag-theatre-romain-de-carthage"],"yoast_head":"<!-- This site is optimized with the Yoast SEO plugin v26.6 - https:\/\/yoast.com\/wordpress\/plugins\/seo\/ -->\n<title>Latifa Arfaoui promet une \u00absoir\u00e9e exceptionnelle\u00bb au th\u00e9\u00e2tre romain de Carthage - Kapitalis<\/title>\n<meta name=\"robots\" content=\"index, follow, max-snippet:-1, max-image-preview:large, max-video-preview:-1\" \/>\n<link rel=\"canonical\" href=\"https:\/\/kapitalis.com\/tunisie\/2019\/07\/16\/latifa-arfaoui-promet-une-soiree-exceptionnelle-au-theatre-romain-de-carthage\/\" \/>\n<meta property=\"og:locale\" content=\"fr_FR\" \/>\n<meta property=\"og:type\" content=\"article\" \/>\n<meta property=\"og:title\" content=\"Latifa Arfaoui promet une \u00absoir\u00e9e exceptionnelle\u00bb au th\u00e9\u00e2tre romain de Carthage - Kapitalis\" \/>\n<meta property=\"og:description\" content=\"\u00abJe ne refuse aucune invitation \u00e0 me produire en Tunisie et il m\u2019arrive de tout annuler pour r\u00e9ponde \u00e0 l\u2019appel de mon pays.\u00bb C\u2019est avec ces mots que Latifa Arfaoui a d\u00e9crit les sentiments intenses d\u2019appartenance \u00e0 sa terre natale lors de la conf\u00e9rence de presse organis\u00e9e lundi 15 juillet 2019, au Th\u00e9\u00e2tre des Jeunes...\" \/>\n<meta property=\"og:url\" content=\"https:\/\/kapitalis.com\/tunisie\/2019\/07\/16\/latifa-arfaoui-promet-une-soiree-exceptionnelle-au-theatre-romain-de-carthage\/\" \/>\n<meta property=\"og:site_name\" content=\"Kapitalis\" \/>\n<meta property=\"article:publisher\" content=\"https:\/\/www.facebook.com\/KapitalisInfo\/\" \/>\n<meta property=\"article:published_time\" content=\"2019-07-16T07:48:29+00:00\" \/>\n<meta property=\"article:modified_time\" content=\"2019-07-16T07:48:31+00:00\" \/>\n<meta property=\"og:image\" content=\"https:\/\/kapitalis.com\/tunisie\/wp-content\/uploads\/2022\/05\/kapitalis-logo-fb.png\" \/>\n\t<meta property=\"og:image:width\" content=\"1200\" \/>\n\t<meta property=\"og:image:height\" content=\"630\" \/>\n\t<meta property=\"og:image:type\" content=\"image\/png\" \/>\n<meta name=\"author\" content=\"webmaster kapitalis\" \/>\n<meta name=\"twitter:card\" content=\"summary_large_image\" \/>\n<meta name=\"twitter:creator\" content=\"@KapitalisInfo\" \/>\n<meta name=\"twitter:site\" content=\"@KapitalisInfo\" \/>\n<meta name=\"twitter:label1\" content=\"\u00c9crit par\" \/>\n\t<meta name=\"twitter:data1\" content=\"webmaster kapitalis\" \/>\n\t<meta name=\"twitter:label2\" content=\"Dur\u00e9e de lecture estim\u00e9e\" \/>\n\t<meta name=\"twitter:data2\" content=\"2 minutes\" \/>\n<script type=\"application\/ld+json\" class=\"yoast-schema-graph\">{\"@context\":\"https:\/\/schema.org\",\"@graph\":[{\"@type\":\"Article\",\"@id\":\"https:\/\/kapitalis.com\/tunisie\/2019\/07\/16\/latifa-arfaoui-promet-une-soiree-exceptionnelle-au-theatre-romain-de-carthage\/#article\",\"isPartOf\":{\"@id\":\"https:\/\/kapitalis.com\/tunisie\/2019\/07\/16\/latifa-arfaoui-promet-une-soiree-exceptionnelle-au-theatre-romain-de-carthage\/\"},\"author\":{\"name\":\"webmaster kapitalis\",\"@id\":\"https:\/\/kapitalis.com\/tunisie\/#\/schema\/person\/d71f33a9ca44f7bad4698210b480c8e9\"},\"headline\":\"Latifa Arfaoui promet une \u00absoir\u00e9e exceptionnelle\u00bb au th\u00e9\u00e2tre romain de Carthage\",\"datePublished\":\"2019-07-16T07:48:29+00:00\",\"dateModified\":\"2019-07-16T07:48:31+00:00\",\"mainEntityOfPage\":{\"@id\":\"https:\/\/kapitalis.com\/tunisie\/2019\/07\/16\/latifa-arfaoui-promet-une-soiree-exceptionnelle-au-theatre-romain-de-carthage\/\"},\"wordCount\":407,\"commentCount\":0,\"publisher\":{\"@id\":\"https:\/\/kapitalis.com\/tunisie\/#organization\"},\"image\":{\"@id\":\"https:\/\/kapitalis.com\/tunisie\/2019\/07\/16\/latifa-arfaoui-promet-une-soiree-exceptionnelle-au-theatre-romain-de-carthage\/#primaryimage\"},\"thumbnailUrl\":\"\",\"keywords\":[\"Festival international de Carthage\",\"Latifa Arfaoui\",\"Mohamed Lassoued\",\"th\u00e9\u00e2tre romain de Carthage\"],\"articleSection\":[\"CULTURE\",\"Tunisie\"],\"inLanguage\":\"fr-FR\",\"potentialAction\":[{\"@type\":\"CommentAction\",\"name\":\"Comment\",\"target\":[\"https:\/\/kapitalis.com\/tunisie\/2019\/07\/16\/latifa-arfaoui-promet-une-soiree-exceptionnelle-au-theatre-romain-de-carthage\/#respond\"]}]},{\"@type\":\"WebPage\",\"@id\":\"https:\/\/kapitalis.com\/tunisie\/2019\/07\/16\/latifa-arfaoui-promet-une-soiree-exceptionnelle-au-theatre-romain-de-carthage\/\",\"url\":\"https:\/\/kapitalis.com\/tunisie\/2019\/07\/16\/latifa-arfaoui-promet-une-soiree-exceptionnelle-au-theatre-romain-de-carthage\/\",\"name\":\"Latifa Arfaoui promet une \u00absoir\u00e9e exceptionnelle\u00bb au th\u00e9\u00e2tre romain de Carthage - Kapitalis\",\"isPartOf\":{\"@id\":\"https:\/\/kapitalis.com\/tunisie\/#website\"},\"primaryImageOfPage\":{\"@id\":\"https:\/\/kapitalis.com\/tunisie\/2019\/07\/16\/latifa-arfaoui-promet-une-soiree-exceptionnelle-au-theatre-romain-de-carthage\/#primaryimage\"},\"image\":{\"@id\":\"https:\/\/kapitalis.com\/tunisie\/2019\/07\/16\/latifa-arfaoui-promet-une-soiree-exceptionnelle-au-theatre-romain-de-carthage\/#primaryimage\"},\"thumbnailUrl\":\"\",\"datePublished\":\"2019-07-16T07:48:29+00:00\",\"dateModified\":\"2019-07-16T07:48:31+00:00\",\"breadcrumb\":{\"@id\":\"https:\/\/kapitalis.com\/tunisie\/2019\/07\/16\/latifa-arfaoui-promet-une-soiree-exceptionnelle-au-theatre-romain-de-carthage\/#breadcrumb\"},\"inLanguage\":\"fr-FR\",\"potentialAction\":[{\"@type\":\"ReadAction\",\"target\":[\"https:\/\/kapitalis.com\/tunisie\/2019\/07\/16\/latifa-arfaoui-promet-une-soiree-exceptionnelle-au-theatre-romain-de-carthage\/\"]}]},{\"@type\":\"ImageObject\",\"inLanguage\":\"fr-FR\",\"@id\":\"https:\/\/kapitalis.com\/tunisie\/2019\/07\/16\/latifa-arfaoui-promet-une-soiree-exceptionnelle-au-theatre-romain-de-carthage\/#primaryimage\",\"url\":\"\",\"contentUrl\":\"\"},{\"@type\":\"BreadcrumbList\",\"@id\":\"https:\/\/kapitalis.com\/tunisie\/2019\/07\/16\/latifa-arfaoui-promet-une-soiree-exceptionnelle-au-theatre-romain-de-carthage\/#breadcrumb\",\"itemListElement\":[{\"@type\":\"ListItem\",\"position\":1,\"name\":\"Accueil\",\"item\":\"https:\/\/kapitalis.com\/tunisie\/\"},{\"@type\":\"ListItem\",\"position\":2,\"name\":\"Latifa Arfaoui promet une \u00absoir\u00e9e exceptionnelle\u00bb au th\u00e9\u00e2tre romain de Carthage\"}]},{\"@type\":\"WebSite\",\"@id\":\"https:\/\/kapitalis.com\/tunisie\/#website\",\"url\":\"https:\/\/kapitalis.com\/tunisie\/\",\"name\":\"Kapitalis\",\"description\":\"L&#039;actualit\u00e9 en Tunisie et dans le monde\",\"publisher\":{\"@id\":\"https:\/\/kapitalis.com\/tunisie\/#organization\"},\"potentialAction\":[{\"@type\":\"SearchAction\",\"target\":{\"@type\":\"EntryPoint\",\"urlTemplate\":\"https:\/\/kapitalis.com\/tunisie\/?s={search_term_string}\"},\"query-input\":{\"@type\":\"PropertyValueSpecification\",\"valueRequired\":true,\"valueName\":\"search_term_string\"}}],\"inLanguage\":\"fr-FR\"},{\"@type\":\"Organization\",\"@id\":\"https:\/\/kapitalis.com\/tunisie\/#organization\",\"name\":\"Kapitalis\",\"url\":\"https:\/\/kapitalis.com\/tunisie\/\",\"logo\":{\"@type\":\"ImageObject\",\"inLanguage\":\"fr-FR\",\"@id\":\"https:\/\/kapitalis.com\/tunisie\/#\/schema\/logo\/image\/\",\"url\":\"https:\/\/kapitalis.com\/tunisie\/wp-content\/uploads\/2022\/05\/Kapitalis-big-size.png\",\"contentUrl\":\"https:\/\/kapitalis.com\/tunisie\/wp-content\/uploads\/2022\/05\/Kapitalis-big-size.png\",\"width\":5000,\"height\":1500,\"caption\":\"Kapitalis\"},\"image\":{\"@id\":\"https:\/\/kapitalis.com\/tunisie\/#\/schema\/logo\/image\/\"},\"sameAs\":[\"https:\/\/www.facebook.com\/KapitalisInfo\/\",\"https:\/\/x.com\/KapitalisInfo\",\"https:\/\/www.youtube.com\/channel\/UC-yDYrHyfFBWWZaOw3FPg9Q\"]},{\"@type\":\"Person\",\"@id\":\"https:\/\/kapitalis.com\/tunisie\/#\/schema\/person\/d71f33a9ca44f7bad4698210b480c8e9\",\"name\":\"webmaster kapitalis\",\"url\":\"https:\/\/kapitalis.com\/tunisie\/author\/webmaster-kapitalis\/\"}]}<\/script>\n<!-- \/ Yoast SEO plugin. -->","yoast_head_json":{"title":"Latifa Arfaoui promet une \u00absoir\u00e9e exceptionnelle\u00bb au th\u00e9\u00e2tre romain de Carthage - Kapitalis","robots":{"index":"index","follow":"follow","max-snippet":"max-snippet:-1","max-image-preview":"max-image-preview:large","max-video-preview":"max-video-preview:-1"},"canonical":"https:\/\/kapitalis.com\/tunisie\/2019\/07\/16\/latifa-arfaoui-promet-une-soiree-exceptionnelle-au-theatre-romain-de-carthage\/","og_locale":"fr_FR","og_type":"article","og_title":"Latifa Arfaoui promet une \u00absoir\u00e9e exceptionnelle\u00bb au th\u00e9\u00e2tre romain de Carthage - Kapitalis","og_description":"\u00abJe ne refuse aucune invitation \u00e0 me produire en Tunisie et il m\u2019arrive de tout annuler pour r\u00e9ponde \u00e0 l\u2019appel de mon pays.\u00bb C\u2019est avec ces mots que Latifa Arfaoui a d\u00e9crit les sentiments intenses d\u2019appartenance \u00e0 sa terre natale lors de la conf\u00e9rence de presse organis\u00e9e lundi 15 juillet 2019, au Th\u00e9\u00e2tre des Jeunes...","og_url":"https:\/\/kapitalis.com\/tunisie\/2019\/07\/16\/latifa-arfaoui-promet-une-soiree-exceptionnelle-au-theatre-romain-de-carthage\/","og_site_name":"Kapitalis","article_publisher":"https:\/\/www.facebook.com\/KapitalisInfo\/","article_published_time":"2019-07-16T07:48:29+00:00","article_modified_time":"2019-07-16T07:48:31+00:00","og_image":[{"width":1200,"height":630,"url":"https:\/\/kapitalis.com\/tunisie\/wp-content\/uploads\/2022\/05\/kapitalis-logo-fb.png","type":"image\/png"}],"author":"webmaster kapitalis","twitter_card":"summary_large_image","twitter_creator":"@KapitalisInfo","twitter_site":"@KapitalisInfo","twitter_misc":{"\u00c9crit par":"webmaster kapitalis","Dur\u00e9e de lecture estim\u00e9e":"2 minutes"},"schema":{"@context":"https:\/\/schema.org","@graph":[{"@type":"Article","@id":"https:\/\/kapitalis.com\/tunisie\/2019\/07\/16\/latifa-arfaoui-promet-une-soiree-exceptionnelle-au-theatre-romain-de-carthage\/#article","isPartOf":{"@id":"https:\/\/kapitalis.com\/tunisie\/2019\/07\/16\/latifa-arfaoui-promet-une-soiree-exceptionnelle-au-theatre-romain-de-carthage\/"},"author":{"name":"webmaster kapitalis","@id":"https:\/\/kapitalis.com\/tunisie\/#\/schema\/person\/d71f33a9ca44f7bad4698210b480c8e9"},"headline":"Latifa Arfaoui promet une \u00absoir\u00e9e exceptionnelle\u00bb au th\u00e9\u00e2tre romain de Carthage","datePublished":"2019-07-16T07:48:29+00:00","dateModified":"2019-07-16T07:48:31+00:00","mainEntityOfPage":{"@id":"https:\/\/kapitalis.com\/tunisie\/2019\/07\/16\/latifa-arfaoui-promet-une-soiree-exceptionnelle-au-theatre-romain-de-carthage\/"},"wordCount":407,"commentCount":0,"publisher":{"@id":"https:\/\/kapitalis.com\/tunisie\/#organization"},"image":{"@id":"https:\/\/kapitalis.com\/tunisie\/2019\/07\/16\/latifa-arfaoui-promet-une-soiree-exceptionnelle-au-theatre-romain-de-carthage\/#primaryimage"},"thumbnailUrl":"","keywords":["Festival international de Carthage","Latifa Arfaoui","Mohamed Lassoued","th\u00e9\u00e2tre romain de Carthage"],"articleSection":["CULTURE","Tunisie"],"inLanguage":"fr-FR","potentialAction":[{"@type":"CommentAction","name":"Comment","target":["https:\/\/kapitalis.com\/tunisie\/2019\/07\/16\/latifa-arfaoui-promet-une-soiree-exceptionnelle-au-theatre-romain-de-carthage\/#respond"]}]},{"@type":"WebPage","@id":"https:\/\/kapitalis.com\/tunisie\/2019\/07\/16\/latifa-arfaoui-promet-une-soiree-exceptionnelle-au-theatre-romain-de-carthage\/","url":"https:\/\/kapitalis.com\/tunisie\/2019\/07\/16\/latifa-arfaoui-promet-une-soiree-exceptionnelle-au-theatre-romain-de-carthage\/","name":"Latifa Arfaoui promet une \u00absoir\u00e9e exceptionnelle\u00bb au th\u00e9\u00e2tre romain de Carthage - Kapitalis","isPartOf":{"@id":"https:\/\/kapitalis.com\/tunisie\/#website"},"primaryImageOfPage":{"@id":"https:\/\/kapitalis.com\/tunisie\/2019\/07\/16\/latifa-arfaoui-promet-une-soiree-exceptionnelle-au-theatre-romain-de-carthage\/#primaryimage"},"image":{"@id":"https:\/\/kapitalis.com\/tunisie\/2019\/07\/16\/latifa-arfaoui-promet-une-soiree-exceptionnelle-au-theatre-romain-de-carthage\/#primaryimage"},"thumbnailUrl":"","datePublished":"2019-07-16T07:48:29+00:00","dateModified":"2019-07-16T07:48:31+00:00","breadcrumb":{"@id":"https:\/\/kapitalis.com\/tunisie\/2019\/07\/16\/latifa-arfaoui-promet-une-soiree-exceptionnelle-au-theatre-romain-de-carthage\/#breadcrumb"},"inLanguage":"fr-FR","potentialAction":[{"@type":"ReadAction","target":["https:\/\/kapitalis.com\/tunisie\/2019\/07\/16\/latifa-arfaoui-promet-une-soiree-exceptionnelle-au-theatre-romain-de-carthage\/"]}]},{"@type":"ImageObject","inLanguage":"fr-FR","@id":"https:\/\/kapitalis.com\/tunisie\/2019\/07\/16\/latifa-arfaoui-promet-une-soiree-exceptionnelle-au-theatre-romain-de-carthage\/#primaryimage","url":"","contentUrl":""},{"@type":"BreadcrumbList","@id":"https:\/\/kapitalis.com\/tunisie\/2019\/07\/16\/latifa-arfaoui-promet-une-soiree-exceptionnelle-au-theatre-romain-de-carthage\/#breadcrumb","itemListElement":[{"@type":"ListItem","position":1,"name":"Accueil","item":"https:\/\/kapitalis.com\/tunisie\/"},{"@type":"ListItem","position":2,"name":"Latifa Arfaoui promet une \u00absoir\u00e9e exceptionnelle\u00bb au th\u00e9\u00e2tre romain de Carthage"}]},{"@type":"WebSite","@id":"https:\/\/kapitalis.com\/tunisie\/#website","url":"https:\/\/kapitalis.com\/tunisie\/","name":"Kapitalis","description":"L&#039;actualit\u00e9 en Tunisie et dans le monde","publisher":{"@id":"https:\/\/kapitalis.com\/tunisie\/#organization"},"potentialAction":[{"@type":"SearchAction","target":{"@type":"EntryPoint","urlTemplate":"https:\/\/kapitalis.com\/tunisie\/?s={search_term_string}"},"query-input":{"@type":"PropertyValueSpecification","valueRequired":true,"valueName":"search_term_string"}}],"inLanguage":"fr-FR"},{"@type":"Organization","@id":"https:\/\/kapitalis.com\/tunisie\/#organization","name":"Kapitalis","url":"https:\/\/kapitalis.com\/tunisie\/","logo":{"@type":"ImageObject","inLanguage":"fr-FR","@id":"https:\/\/kapitalis.com\/tunisie\/#\/schema\/logo\/image\/","url":"https:\/\/kapitalis.com\/tunisie\/wp-content\/uploads\/2022\/05\/Kapitalis-big-size.png","contentUrl":"https:\/\/kapitalis.com\/tunisie\/wp-content\/uploads\/2022\/05\/Kapitalis-big-size.png","width":5000,"height":1500,"caption":"Kapitalis"},"image":{"@id":"https:\/\/kapitalis.com\/tunisie\/#\/schema\/logo\/image\/"},"sameAs":["https:\/\/www.facebook.com\/KapitalisInfo\/","https:\/\/x.com\/KapitalisInfo","https:\/\/www.youtube.com\/channel\/UC-yDYrHyfFBWWZaOw3FPg9Q"]},{"@type":"Person","@id":"https:\/\/kapitalis.com\/tunisie\/#\/schema\/person\/d71f33a9ca44f7bad4698210b480c8e9","name":"webmaster kapitalis","url":"https:\/\/kapitalis.com\/tunisie\/author\/webmaster-kapitalis\/"}]}},"_links":{"self":[{"href":"https:\/\/kapitalis.com\/tunisie\/wp-json\/wp\/v2\/posts\/225324","targetHints":{"allow":["GET"]}}],"collection":[{"href":"https:\/\/kapitalis.com\/tunisie\/wp-json\/wp\/v2\/posts"}],"about":[{"href":"https:\/\/kapitalis.com\/tunisie\/wp-json\/wp\/v2\/types\/post"}],"author":[{"embeddable":true,"href":"https:\/\/kapitalis.com\/tunisie\/wp-json\/wp\/v2\/users\/8"}],"replies":[{"embeddable":true,"href":"https:\/\/kapitalis.com\/tunisie\/wp-json\/wp\/v2\/comments?post=225324"}],"version-history":[{"count":0,"href":"https:\/\/kapitalis.com\/tunisie\/wp-json\/wp\/v2\/posts\/225324\/revisions"}],"wp:featuredmedia":[{"embeddable":true,"href":"https:\/\/kapitalis.com\/tunisie\/wp-json\/wp\/v2\/media\/225325"}],"wp:attachment":[{"href":"https:\/\/kapitalis.com\/tunisie\/wp-json\/wp\/v2\/media?parent=225324"}],"wp:term":[{"taxonomy":"category","embeddable":true,"href":"https:\/\/kapitalis.com\/tunisie\/wp-json\/wp\/v2\/categories?post=225324"},{"taxonomy":"post_tag","embeddable":true,"href":"https:\/\/kapitalis.com\/tunisie\/wp-json\/wp\/v2\/tags?post=225324"}],"curies":[{"name":"wp","href":"https:\/\/api.w.org\/{rel}","templated":true}]}}