{"id":225330,"date":"2019-07-16T08:53:33","date_gmt":"2019-07-16T07:53:33","guid":{"rendered":"http:\/\/kapitalis.com\/tunisie\/?p=225330"},"modified":"2019-07-16T08:53:36","modified_gmt":"2019-07-16T07:53:36","slug":"see-djerba-quand-lart-contemporain-illumine-houmt-souk","status":"publish","type":"post","link":"https:\/\/kapitalis.com\/tunisie\/2019\/07\/16\/see-djerba-quand-lart-contemporain-illumine-houmt-souk\/","title":{"rendered":"See Djerba : Quand l\u2019art contemporain illumine Houmt Souk"},"content":{"rendered":"\n<figure class=\"wp-block-image\"><img decoding=\"async\" src=\"http:\/\/kapitalis.com\/tunisie\/wp-content\/uploads\/2019\/07\/See-Djerba-Ban.jpg\" alt=\"\" class=\"wp-image-225331\"\/><\/figure>\n\n\n\n<p><strong><em>La deuxi\u00e8me \u00e9dition du projet artistique See Djerba se tiendra du 29 ao\u00fbt au 1e septembre 2019, dans diff\u00e9rents espaces publics de Houmt Souk, le chef lieu de l\u2019\u00eele de Djerba.<\/em><\/strong><br><\/p>\n\n\n\n<!--more-->\n\n\n\n<p> Apr\u00e8s le succ\u00e8s de sa premi\u00e8re \u00e9dition en 2017 o\u00f9 se sont mobilis\u00e9s artistes, \u00e9tudiants et communaut\u00e9 locale, See Djerba reprend l\u2019aventure deux ans apr\u00e8s, toujours dans l\u2019optique de valoriser le patrimoine culturel local en invitant des artistes internationaux.<br><\/p>\n\n\n\n<p> Le projet est une initiative de l\u2019association Collectif Cr\u00e9atif, faisant suite \u00e0 la r\u00e9ussite de l\u2019\u00e9v\u00e9nement Interf\u00e9rence (International Light  Art Project Tunis), lanc\u00e9 en 2016 \u00e0 la M\u00e9dina de Tunis. <br><\/p>\n\n\n\n<p> La 2e \u00e9dition de See Djerba sera plac\u00e9e sous le th\u00e8me <em>\u00abL\u2019art et son contexte\u00bb<\/em>, et verra la participation d\u2019une vingtaine d\u2019artistes tunisiens et \u00e9trangers comme Ingo Wendt, Luisa Eugeni, Marek Radke, Robert Sochacki, Aziz A\u00efssaoui\u2026 qui illumineront les espaces publics de l\u2019\u00eele des r\u00eaves. <br><\/p>\n\n\n\n<div class=\"wp-block-image\"><figure class=\"aligncenter is-resized\"><img loading=\"lazy\" decoding=\"async\" src=\"http:\/\/kapitalis.com\/tunisie\/wp-content\/uploads\/2019\/07\/See-Djerba-2.jpg\" alt=\"\" class=\"wp-image-225332\" width=\"500\" height=\"352\"\/><\/figure><\/div>\n\n\n\n<p> Durant quatre jours, la manifestation proposera des expositions d\u2019art contemporain, des r\u00e9sidences artistiques, des ateliers, des s\u00e9minaires, des conf\u00e9rences, des d\u00e9bats\u2026<br><\/p>\n\n\n\n<p> See Djerba se veut une initiative participative dans l\u2019engagement socioculturel et le dialogue interg\u00e9n\u00e9rationnel autour du d\u00e9veloppement durable, \u00e0 travers des outils technologiques innovateurs, tout en mettant l\u2019accent sur les questions environnementales. <\/p>\n\n\n\n<p style=\"text-align:right\"><strong>Fawz Ben Ali<\/strong><br> <\/p>\n","protected":false},"excerpt":{"rendered":"<p>La deuxi\u00e8me \u00e9dition du projet artistique See Djerba se tiendra du 29 ao\u00fbt au 1e septembre 2019, dans diff\u00e9rents espaces publics de Houmt Souk, le chef lieu de l\u2019\u00eele de Djerba.<\/p>\n","protected":false},"author":8,"featured_media":225331,"comment_status":"open","ping_status":"open","sticky":false,"template":"","format":"standard","meta":{"footnotes":""},"categories":[994,2433],"tags":[16096],"class_list":["post-225330","post","type-post","status-publish","format-standard","has-post-thumbnail","hentry","category-culture","category-tunisie","tag-houmt-souk"],"yoast_head":"<!-- This site is optimized with the Yoast SEO plugin v26.6 - https:\/\/yoast.com\/wordpress\/plugins\/seo\/ -->\n<title>See Djerba : Quand l\u2019art contemporain illumine Houmt Souk - Kapitalis<\/title>\n<meta name=\"robots\" content=\"index, follow, max-snippet:-1, max-image-preview:large, max-video-preview:-1\" \/>\n<link rel=\"canonical\" href=\"https:\/\/kapitalis.com\/tunisie\/2019\/07\/16\/see-djerba-quand-lart-contemporain-illumine-houmt-souk\/\" \/>\n<meta property=\"og:locale\" content=\"fr_FR\" \/>\n<meta property=\"og:type\" content=\"article\" \/>\n<meta property=\"og:title\" content=\"See Djerba : Quand l\u2019art contemporain illumine Houmt Souk - Kapitalis\" \/>\n<meta property=\"og:description\" content=\"La deuxi\u00e8me \u00e9dition du projet artistique See Djerba se tiendra du 29 ao\u00fbt au 1e septembre 2019, dans diff\u00e9rents espaces publics de Houmt Souk, le chef lieu de l\u2019\u00eele de Djerba.\" \/>\n<meta property=\"og:url\" content=\"https:\/\/kapitalis.com\/tunisie\/2019\/07\/16\/see-djerba-quand-lart-contemporain-illumine-houmt-souk\/\" \/>\n<meta property=\"og:site_name\" content=\"Kapitalis\" \/>\n<meta property=\"article:publisher\" content=\"https:\/\/www.facebook.com\/KapitalisInfo\/\" \/>\n<meta property=\"article:published_time\" content=\"2019-07-16T07:53:33+00:00\" \/>\n<meta property=\"article:modified_time\" content=\"2019-07-16T07:53:36+00:00\" \/>\n<meta property=\"og:image\" content=\"https:\/\/kapitalis.com\/tunisie\/wp-content\/uploads\/2022\/05\/kapitalis-logo-fb.png\" \/>\n\t<meta property=\"og:image:width\" content=\"1200\" \/>\n\t<meta property=\"og:image:height\" content=\"630\" \/>\n\t<meta property=\"og:image:type\" content=\"image\/png\" \/>\n<meta name=\"author\" content=\"webmaster kapitalis\" \/>\n<meta name=\"twitter:card\" content=\"summary_large_image\" \/>\n<meta name=\"twitter:creator\" content=\"@KapitalisInfo\" \/>\n<meta name=\"twitter:site\" content=\"@KapitalisInfo\" \/>\n<meta name=\"twitter:label1\" content=\"\u00c9crit par\" \/>\n\t<meta name=\"twitter:data1\" content=\"webmaster kapitalis\" \/>\n\t<meta name=\"twitter:label2\" content=\"Dur\u00e9e de lecture estim\u00e9e\" \/>\n\t<meta name=\"twitter:data2\" content=\"1 minute\" \/>\n<script type=\"application\/ld+json\" class=\"yoast-schema-graph\">{\"@context\":\"https:\/\/schema.org\",\"@graph\":[{\"@type\":\"Article\",\"@id\":\"https:\/\/kapitalis.com\/tunisie\/2019\/07\/16\/see-djerba-quand-lart-contemporain-illumine-houmt-souk\/#article\",\"isPartOf\":{\"@id\":\"https:\/\/kapitalis.com\/tunisie\/2019\/07\/16\/see-djerba-quand-lart-contemporain-illumine-houmt-souk\/\"},\"author\":{\"name\":\"webmaster kapitalis\",\"@id\":\"https:\/\/kapitalis.com\/tunisie\/#\/schema\/person\/d71f33a9ca44f7bad4698210b480c8e9\"},\"headline\":\"See Djerba : Quand l\u2019art contemporain illumine Houmt Souk\",\"datePublished\":\"2019-07-16T07:53:33+00:00\",\"dateModified\":\"2019-07-16T07:53:36+00:00\",\"mainEntityOfPage\":{\"@id\":\"https:\/\/kapitalis.com\/tunisie\/2019\/07\/16\/see-djerba-quand-lart-contemporain-illumine-houmt-souk\/\"},\"wordCount\":239,\"commentCount\":1,\"publisher\":{\"@id\":\"https:\/\/kapitalis.com\/tunisie\/#organization\"},\"image\":{\"@id\":\"https:\/\/kapitalis.com\/tunisie\/2019\/07\/16\/see-djerba-quand-lart-contemporain-illumine-houmt-souk\/#primaryimage\"},\"thumbnailUrl\":\"\",\"keywords\":[\"Houmt-Souk\"],\"articleSection\":[\"CULTURE\",\"Tunisie\"],\"inLanguage\":\"fr-FR\",\"potentialAction\":[{\"@type\":\"CommentAction\",\"name\":\"Comment\",\"target\":[\"https:\/\/kapitalis.com\/tunisie\/2019\/07\/16\/see-djerba-quand-lart-contemporain-illumine-houmt-souk\/#respond\"]}]},{\"@type\":\"WebPage\",\"@id\":\"https:\/\/kapitalis.com\/tunisie\/2019\/07\/16\/see-djerba-quand-lart-contemporain-illumine-houmt-souk\/\",\"url\":\"https:\/\/kapitalis.com\/tunisie\/2019\/07\/16\/see-djerba-quand-lart-contemporain-illumine-houmt-souk\/\",\"name\":\"See Djerba : Quand l\u2019art contemporain illumine Houmt Souk - Kapitalis\",\"isPartOf\":{\"@id\":\"https:\/\/kapitalis.com\/tunisie\/#website\"},\"primaryImageOfPage\":{\"@id\":\"https:\/\/kapitalis.com\/tunisie\/2019\/07\/16\/see-djerba-quand-lart-contemporain-illumine-houmt-souk\/#primaryimage\"},\"image\":{\"@id\":\"https:\/\/kapitalis.com\/tunisie\/2019\/07\/16\/see-djerba-quand-lart-contemporain-illumine-houmt-souk\/#primaryimage\"},\"thumbnailUrl\":\"\",\"datePublished\":\"2019-07-16T07:53:33+00:00\",\"dateModified\":\"2019-07-16T07:53:36+00:00\",\"breadcrumb\":{\"@id\":\"https:\/\/kapitalis.com\/tunisie\/2019\/07\/16\/see-djerba-quand-lart-contemporain-illumine-houmt-souk\/#breadcrumb\"},\"inLanguage\":\"fr-FR\",\"potentialAction\":[{\"@type\":\"ReadAction\",\"target\":[\"https:\/\/kapitalis.com\/tunisie\/2019\/07\/16\/see-djerba-quand-lart-contemporain-illumine-houmt-souk\/\"]}]},{\"@type\":\"ImageObject\",\"inLanguage\":\"fr-FR\",\"@id\":\"https:\/\/kapitalis.com\/tunisie\/2019\/07\/16\/see-djerba-quand-lart-contemporain-illumine-houmt-souk\/#primaryimage\",\"url\":\"\",\"contentUrl\":\"\"},{\"@type\":\"BreadcrumbList\",\"@id\":\"https:\/\/kapitalis.com\/tunisie\/2019\/07\/16\/see-djerba-quand-lart-contemporain-illumine-houmt-souk\/#breadcrumb\",\"itemListElement\":[{\"@type\":\"ListItem\",\"position\":1,\"name\":\"Accueil\",\"item\":\"https:\/\/kapitalis.com\/tunisie\/\"},{\"@type\":\"ListItem\",\"position\":2,\"name\":\"See Djerba : Quand l\u2019art contemporain illumine Houmt Souk\"}]},{\"@type\":\"WebSite\",\"@id\":\"https:\/\/kapitalis.com\/tunisie\/#website\",\"url\":\"https:\/\/kapitalis.com\/tunisie\/\",\"name\":\"Kapitalis\",\"description\":\"L&#039;actualit\u00e9 en Tunisie et dans le monde\",\"publisher\":{\"@id\":\"https:\/\/kapitalis.com\/tunisie\/#organization\"},\"potentialAction\":[{\"@type\":\"SearchAction\",\"target\":{\"@type\":\"EntryPoint\",\"urlTemplate\":\"https:\/\/kapitalis.com\/tunisie\/?s={search_term_string}\"},\"query-input\":{\"@type\":\"PropertyValueSpecification\",\"valueRequired\":true,\"valueName\":\"search_term_string\"}}],\"inLanguage\":\"fr-FR\"},{\"@type\":\"Organization\",\"@id\":\"https:\/\/kapitalis.com\/tunisie\/#organization\",\"name\":\"Kapitalis\",\"url\":\"https:\/\/kapitalis.com\/tunisie\/\",\"logo\":{\"@type\":\"ImageObject\",\"inLanguage\":\"fr-FR\",\"@id\":\"https:\/\/kapitalis.com\/tunisie\/#\/schema\/logo\/image\/\",\"url\":\"https:\/\/kapitalis.com\/tunisie\/wp-content\/uploads\/2022\/05\/Kapitalis-big-size.png\",\"contentUrl\":\"https:\/\/kapitalis.com\/tunisie\/wp-content\/uploads\/2022\/05\/Kapitalis-big-size.png\",\"width\":5000,\"height\":1500,\"caption\":\"Kapitalis\"},\"image\":{\"@id\":\"https:\/\/kapitalis.com\/tunisie\/#\/schema\/logo\/image\/\"},\"sameAs\":[\"https:\/\/www.facebook.com\/KapitalisInfo\/\",\"https:\/\/x.com\/KapitalisInfo\",\"https:\/\/www.youtube.com\/channel\/UC-yDYrHyfFBWWZaOw3FPg9Q\"]},{\"@type\":\"Person\",\"@id\":\"https:\/\/kapitalis.com\/tunisie\/#\/schema\/person\/d71f33a9ca44f7bad4698210b480c8e9\",\"name\":\"webmaster kapitalis\",\"url\":\"https:\/\/kapitalis.com\/tunisie\/author\/webmaster-kapitalis\/\"}]}<\/script>\n<!-- \/ Yoast SEO plugin. -->","yoast_head_json":{"title":"See Djerba : Quand l\u2019art contemporain illumine Houmt Souk - Kapitalis","robots":{"index":"index","follow":"follow","max-snippet":"max-snippet:-1","max-image-preview":"max-image-preview:large","max-video-preview":"max-video-preview:-1"},"canonical":"https:\/\/kapitalis.com\/tunisie\/2019\/07\/16\/see-djerba-quand-lart-contemporain-illumine-houmt-souk\/","og_locale":"fr_FR","og_type":"article","og_title":"See Djerba : Quand l\u2019art contemporain illumine Houmt Souk - Kapitalis","og_description":"La deuxi\u00e8me \u00e9dition du projet artistique See Djerba se tiendra du 29 ao\u00fbt au 1e septembre 2019, dans diff\u00e9rents espaces publics de Houmt Souk, le chef lieu de l\u2019\u00eele de Djerba.","og_url":"https:\/\/kapitalis.com\/tunisie\/2019\/07\/16\/see-djerba-quand-lart-contemporain-illumine-houmt-souk\/","og_site_name":"Kapitalis","article_publisher":"https:\/\/www.facebook.com\/KapitalisInfo\/","article_published_time":"2019-07-16T07:53:33+00:00","article_modified_time":"2019-07-16T07:53:36+00:00","og_image":[{"width":1200,"height":630,"url":"https:\/\/kapitalis.com\/tunisie\/wp-content\/uploads\/2022\/05\/kapitalis-logo-fb.png","type":"image\/png"}],"author":"webmaster kapitalis","twitter_card":"summary_large_image","twitter_creator":"@KapitalisInfo","twitter_site":"@KapitalisInfo","twitter_misc":{"\u00c9crit par":"webmaster kapitalis","Dur\u00e9e de lecture estim\u00e9e":"1 minute"},"schema":{"@context":"https:\/\/schema.org","@graph":[{"@type":"Article","@id":"https:\/\/kapitalis.com\/tunisie\/2019\/07\/16\/see-djerba-quand-lart-contemporain-illumine-houmt-souk\/#article","isPartOf":{"@id":"https:\/\/kapitalis.com\/tunisie\/2019\/07\/16\/see-djerba-quand-lart-contemporain-illumine-houmt-souk\/"},"author":{"name":"webmaster kapitalis","@id":"https:\/\/kapitalis.com\/tunisie\/#\/schema\/person\/d71f33a9ca44f7bad4698210b480c8e9"},"headline":"See Djerba : Quand l\u2019art contemporain illumine Houmt Souk","datePublished":"2019-07-16T07:53:33+00:00","dateModified":"2019-07-16T07:53:36+00:00","mainEntityOfPage":{"@id":"https:\/\/kapitalis.com\/tunisie\/2019\/07\/16\/see-djerba-quand-lart-contemporain-illumine-houmt-souk\/"},"wordCount":239,"commentCount":1,"publisher":{"@id":"https:\/\/kapitalis.com\/tunisie\/#organization"},"image":{"@id":"https:\/\/kapitalis.com\/tunisie\/2019\/07\/16\/see-djerba-quand-lart-contemporain-illumine-houmt-souk\/#primaryimage"},"thumbnailUrl":"","keywords":["Houmt-Souk"],"articleSection":["CULTURE","Tunisie"],"inLanguage":"fr-FR","potentialAction":[{"@type":"CommentAction","name":"Comment","target":["https:\/\/kapitalis.com\/tunisie\/2019\/07\/16\/see-djerba-quand-lart-contemporain-illumine-houmt-souk\/#respond"]}]},{"@type":"WebPage","@id":"https:\/\/kapitalis.com\/tunisie\/2019\/07\/16\/see-djerba-quand-lart-contemporain-illumine-houmt-souk\/","url":"https:\/\/kapitalis.com\/tunisie\/2019\/07\/16\/see-djerba-quand-lart-contemporain-illumine-houmt-souk\/","name":"See Djerba : Quand l\u2019art contemporain illumine Houmt Souk - Kapitalis","isPartOf":{"@id":"https:\/\/kapitalis.com\/tunisie\/#website"},"primaryImageOfPage":{"@id":"https:\/\/kapitalis.com\/tunisie\/2019\/07\/16\/see-djerba-quand-lart-contemporain-illumine-houmt-souk\/#primaryimage"},"image":{"@id":"https:\/\/kapitalis.com\/tunisie\/2019\/07\/16\/see-djerba-quand-lart-contemporain-illumine-houmt-souk\/#primaryimage"},"thumbnailUrl":"","datePublished":"2019-07-16T07:53:33+00:00","dateModified":"2019-07-16T07:53:36+00:00","breadcrumb":{"@id":"https:\/\/kapitalis.com\/tunisie\/2019\/07\/16\/see-djerba-quand-lart-contemporain-illumine-houmt-souk\/#breadcrumb"},"inLanguage":"fr-FR","potentialAction":[{"@type":"ReadAction","target":["https:\/\/kapitalis.com\/tunisie\/2019\/07\/16\/see-djerba-quand-lart-contemporain-illumine-houmt-souk\/"]}]},{"@type":"ImageObject","inLanguage":"fr-FR","@id":"https:\/\/kapitalis.com\/tunisie\/2019\/07\/16\/see-djerba-quand-lart-contemporain-illumine-houmt-souk\/#primaryimage","url":"","contentUrl":""},{"@type":"BreadcrumbList","@id":"https:\/\/kapitalis.com\/tunisie\/2019\/07\/16\/see-djerba-quand-lart-contemporain-illumine-houmt-souk\/#breadcrumb","itemListElement":[{"@type":"ListItem","position":1,"name":"Accueil","item":"https:\/\/kapitalis.com\/tunisie\/"},{"@type":"ListItem","position":2,"name":"See Djerba : Quand l\u2019art contemporain illumine Houmt Souk"}]},{"@type":"WebSite","@id":"https:\/\/kapitalis.com\/tunisie\/#website","url":"https:\/\/kapitalis.com\/tunisie\/","name":"Kapitalis","description":"L&#039;actualit\u00e9 en Tunisie et dans le monde","publisher":{"@id":"https:\/\/kapitalis.com\/tunisie\/#organization"},"potentialAction":[{"@type":"SearchAction","target":{"@type":"EntryPoint","urlTemplate":"https:\/\/kapitalis.com\/tunisie\/?s={search_term_string}"},"query-input":{"@type":"PropertyValueSpecification","valueRequired":true,"valueName":"search_term_string"}}],"inLanguage":"fr-FR"},{"@type":"Organization","@id":"https:\/\/kapitalis.com\/tunisie\/#organization","name":"Kapitalis","url":"https:\/\/kapitalis.com\/tunisie\/","logo":{"@type":"ImageObject","inLanguage":"fr-FR","@id":"https:\/\/kapitalis.com\/tunisie\/#\/schema\/logo\/image\/","url":"https:\/\/kapitalis.com\/tunisie\/wp-content\/uploads\/2022\/05\/Kapitalis-big-size.png","contentUrl":"https:\/\/kapitalis.com\/tunisie\/wp-content\/uploads\/2022\/05\/Kapitalis-big-size.png","width":5000,"height":1500,"caption":"Kapitalis"},"image":{"@id":"https:\/\/kapitalis.com\/tunisie\/#\/schema\/logo\/image\/"},"sameAs":["https:\/\/www.facebook.com\/KapitalisInfo\/","https:\/\/x.com\/KapitalisInfo","https:\/\/www.youtube.com\/channel\/UC-yDYrHyfFBWWZaOw3FPg9Q"]},{"@type":"Person","@id":"https:\/\/kapitalis.com\/tunisie\/#\/schema\/person\/d71f33a9ca44f7bad4698210b480c8e9","name":"webmaster kapitalis","url":"https:\/\/kapitalis.com\/tunisie\/author\/webmaster-kapitalis\/"}]}},"_links":{"self":[{"href":"https:\/\/kapitalis.com\/tunisie\/wp-json\/wp\/v2\/posts\/225330","targetHints":{"allow":["GET"]}}],"collection":[{"href":"https:\/\/kapitalis.com\/tunisie\/wp-json\/wp\/v2\/posts"}],"about":[{"href":"https:\/\/kapitalis.com\/tunisie\/wp-json\/wp\/v2\/types\/post"}],"author":[{"embeddable":true,"href":"https:\/\/kapitalis.com\/tunisie\/wp-json\/wp\/v2\/users\/8"}],"replies":[{"embeddable":true,"href":"https:\/\/kapitalis.com\/tunisie\/wp-json\/wp\/v2\/comments?post=225330"}],"version-history":[{"count":0,"href":"https:\/\/kapitalis.com\/tunisie\/wp-json\/wp\/v2\/posts\/225330\/revisions"}],"wp:featuredmedia":[{"embeddable":true,"href":"https:\/\/kapitalis.com\/tunisie\/wp-json\/wp\/v2\/media\/225331"}],"wp:attachment":[{"href":"https:\/\/kapitalis.com\/tunisie\/wp-json\/wp\/v2\/media?parent=225330"}],"wp:term":[{"taxonomy":"category","embeddable":true,"href":"https:\/\/kapitalis.com\/tunisie\/wp-json\/wp\/v2\/categories?post=225330"},{"taxonomy":"post_tag","embeddable":true,"href":"https:\/\/kapitalis.com\/tunisie\/wp-json\/wp\/v2\/tags?post=225330"}],"curies":[{"name":"wp","href":"https:\/\/api.w.org\/{rel}","templated":true}]}}