{"id":225377,"date":"2019-07-16T11:48:14","date_gmt":"2019-07-16T10:48:14","guid":{"rendered":"http:\/\/kapitalis.com\/tunisie\/?p=225377"},"modified":"2019-07-16T11:48:18","modified_gmt":"2019-07-16T10:48:18","slug":"iwpr-recrute-un-directeur-pour-la-tunisie-et-la-libye","status":"publish","type":"post","link":"https:\/\/kapitalis.com\/tunisie\/2019\/07\/16\/iwpr-recrute-un-directeur-pour-la-tunisie-et-la-libye\/","title":{"rendered":"IWPR recrute un directeur pour la Tunisie et la Libye"},"content":{"rendered":"\n<figure class=\"wp-block-image\"><img decoding=\"async\" src=\"http:\/\/kapitalis.com\/tunisie\/wp-content\/uploads\/2019\/07\/IWPR.jpg\" alt=\"\" class=\"wp-image-225393\"\/><\/figure>\n\n\n\n<p><strong><em>L&rsquo;Institut pour le reportage de guerre et de paix (<\/em><\/strong><strong><em>IWPR<\/em><\/strong><strong><em>) souhaite recruter un directeur du bureau de Tunis, charg\u00e9 de couvrir la Tunisie et la Libye, exp\u00e9riment\u00e9 en gestion de programmes de d\u00e9veloppement international, dans un environnement conflictuel ou post-conflictuel.<\/em><\/strong><\/p>\n\n\n\n<!--more-->\n\n\n\n<p>Le candidat au poste de directeur du bureau de Tunis doit avoir une connaissance de l\u2019Afrique du Nord, une familiarit\u00e9 avec les m\u00e9canismes de financement des \u00c9tats-Unis et de l&rsquo;Union europ\u00e9enne, ainsi qu&rsquo;une compr\u00e9hension profonde des m\u00e9dias et de la soci\u00e9t\u00e9 civile. <\/p>\n\n\n\n<p>Un sens de l&rsquo;humour, une sensibilit\u00e9 culturelle, une capacit\u00e9 d&rsquo;adaptation \u00e0 de nouveaux environnements et de solides comp\u00e9tences interpersonnelles et en communication sont \u00e9galement requis. <\/p>\n\n\n\n<p>Le r\u00f4le du futur directeur pour la Tunisie et la Libye sera de mettre en \u0153uvre et g\u00e9rer plusieurs programmes et bureaux en Tunisie et en Afrique du Nord. Il \u00e9laborera, surveillera et \u00e9valuera les programmes, en veillant \u00e0 la responsabilit\u00e9 financi\u00e8re. Il sera aussi responsable de l\u2019\u00e9laboration des propositions et de la coordination, du soutien et de l\u2019orientation strat\u00e9gique, en mati\u00e8re de d\u00e9veloppement commercial. <\/p>\n\n\n\n<p>Bas\u00e9 \u00e0 Tunis, le futur directeur g\u00e9rera le personnel local et les consultants internationaux, y compris les organisations partenaires de la r\u00e9gion. <\/p>\n\n\n\n<p>Entre autres conditions, le candidat doit avoir un ma\u00eetrise en gestion des affaires, en d\u00e9veloppement international, ou autre domaine pertinent, un minimum de 8 ans d&rsquo;exp\u00e9rience, et une combinaison \u00e9quivalente d&rsquo;\u00e9tudes et d&rsquo;exp\u00e9rience. Plus de d\u00e9tails sont indiqu\u00e9s dans le <a rel=\"noreferrer noopener\" aria-label=\"site web de IWPR (s\u2019ouvre dans un nouvel onglet)\" href=\"https:\/\/iwpr.net\/opportunities\/country-director-tunisialibya\" target=\"_blank\">site web de IWPR<\/a>.<\/p>\n\n\n\n<p>IWPR est dirig\u00e9 par des journalistes chevronn\u00e9s, des experts en consolidation de la paix, des sp\u00e9cialistes r\u00e9gionaux et des professionnels du monde des affaires. Ses bureaux sont aux Etats Unis, en Angleterre, et en Hollande. <\/p>\n\n\n\n<p>Tous les membres si\u00e8gent au conseil international de l&rsquo;IWPR, charg\u00e9s de fournir une assistance strat\u00e9gique, des conseils, une expertise r\u00e9gionale, une assistance au d\u00e9veloppement et \u00e0 la sensibilisation, ainsi qu&rsquo;un soutien direct.<\/p>\n\n\n\n<p>IWPR soutient les reporters locaux, les journalistes citoyens et les activistes de la soci\u00e9t\u00e9 civile, dans 3 douzaines de pays en conflit, en crise et en transition dans le monde. Il contribue \u00e0 la paix et \u00e0 la bonne gouvernance, en renfor\u00e7ant la capacit\u00e9 des m\u00e9dias et de la soci\u00e9t\u00e9 civile \u00e0 s&rsquo;exprimer. <\/p>\n\n\n\n<p style=\"text-align:right\"><strong>Amina Mkada<\/strong> <em>(avec <\/em><a rel=\"noreferrer noopener\" aria-label=\"IWPR (s\u2019ouvre dans un nouvel onglet)\" href=\"https:\/\/iwpr.net\/opportunities\/country-director-tunisialibya\" target=\"_blank\"><em>IWPR<\/em><\/a><em>).<\/em><\/p>\n","protected":false},"excerpt":{"rendered":"<p>L&rsquo;Institut pour le reportage de guerre et de paix (IWPR) souhaite recruter un directeur du bureau de Tunis, charg\u00e9 de couvrir la Tunisie et la Libye, exp\u00e9riment\u00e9 en gestion de programmes de d\u00e9veloppement international, dans un environnement conflictuel ou post-conflictuel.<\/p>\n","protected":false},"author":22,"featured_media":225393,"comment_status":"open","ping_status":"open","sticky":false,"template":"","format":"standard","meta":{"footnotes":""},"categories":[998,2433],"tags":[2051],"class_list":["post-225377","post","type-post","status-publish","format-standard","has-post-thumbnail","hentry","category-societe","category-tunisie","tag-recrutement"],"yoast_head":"<!-- This site is optimized with the Yoast SEO plugin v26.6 - https:\/\/yoast.com\/wordpress\/plugins\/seo\/ -->\n<title>IWPR recrute un directeur pour la Tunisie et la Libye - Kapitalis<\/title>\n<meta name=\"robots\" content=\"index, follow, max-snippet:-1, max-image-preview:large, max-video-preview:-1\" \/>\n<link rel=\"canonical\" href=\"https:\/\/kapitalis.com\/tunisie\/2019\/07\/16\/iwpr-recrute-un-directeur-pour-la-tunisie-et-la-libye\/\" \/>\n<meta property=\"og:locale\" content=\"fr_FR\" \/>\n<meta property=\"og:type\" content=\"article\" \/>\n<meta property=\"og:title\" content=\"IWPR recrute un directeur pour la Tunisie et la Libye - Kapitalis\" \/>\n<meta property=\"og:description\" content=\"L&rsquo;Institut pour le reportage de guerre et de paix (IWPR) souhaite recruter un directeur du bureau de Tunis, charg\u00e9 de couvrir la Tunisie et la Libye, exp\u00e9riment\u00e9 en gestion de programmes de d\u00e9veloppement international, dans un environnement conflictuel ou post-conflictuel.\" \/>\n<meta property=\"og:url\" content=\"https:\/\/kapitalis.com\/tunisie\/2019\/07\/16\/iwpr-recrute-un-directeur-pour-la-tunisie-et-la-libye\/\" \/>\n<meta property=\"og:site_name\" content=\"Kapitalis\" \/>\n<meta property=\"article:publisher\" content=\"https:\/\/www.facebook.com\/KapitalisInfo\/\" \/>\n<meta property=\"article:published_time\" content=\"2019-07-16T10:48:14+00:00\" \/>\n<meta property=\"article:modified_time\" content=\"2019-07-16T10:48:18+00:00\" \/>\n<meta property=\"og:image\" content=\"https:\/\/kapitalis.com\/tunisie\/wp-content\/uploads\/2022\/05\/kapitalis-logo-fb.png\" \/>\n\t<meta property=\"og:image:width\" content=\"1200\" \/>\n\t<meta property=\"og:image:height\" content=\"630\" \/>\n\t<meta property=\"og:image:type\" content=\"image\/png\" \/>\n<meta name=\"author\" content=\"Amina Mkada\" \/>\n<meta name=\"twitter:card\" content=\"summary_large_image\" \/>\n<meta name=\"twitter:creator\" content=\"@KapitalisInfo\" \/>\n<meta name=\"twitter:site\" content=\"@KapitalisInfo\" \/>\n<meta name=\"twitter:label1\" content=\"\u00c9crit par\" \/>\n\t<meta name=\"twitter:data1\" content=\"Amina Mkada\" \/>\n\t<meta name=\"twitter:label2\" content=\"Dur\u00e9e de lecture estim\u00e9e\" \/>\n\t<meta name=\"twitter:data2\" content=\"2 minutes\" \/>\n<script type=\"application\/ld+json\" class=\"yoast-schema-graph\">{\"@context\":\"https:\/\/schema.org\",\"@graph\":[{\"@type\":\"Article\",\"@id\":\"https:\/\/kapitalis.com\/tunisie\/2019\/07\/16\/iwpr-recrute-un-directeur-pour-la-tunisie-et-la-libye\/#article\",\"isPartOf\":{\"@id\":\"https:\/\/kapitalis.com\/tunisie\/2019\/07\/16\/iwpr-recrute-un-directeur-pour-la-tunisie-et-la-libye\/\"},\"author\":{\"name\":\"Amina Mkada\",\"@id\":\"https:\/\/kapitalis.com\/tunisie\/#\/schema\/person\/093913313d3017554cb3ad077fff3fbd\"},\"headline\":\"IWPR recrute un directeur pour la Tunisie et la Libye\",\"datePublished\":\"2019-07-16T10:48:14+00:00\",\"dateModified\":\"2019-07-16T10:48:18+00:00\",\"mainEntityOfPage\":{\"@id\":\"https:\/\/kapitalis.com\/tunisie\/2019\/07\/16\/iwpr-recrute-un-directeur-pour-la-tunisie-et-la-libye\/\"},\"wordCount\":401,\"commentCount\":0,\"publisher\":{\"@id\":\"https:\/\/kapitalis.com\/tunisie\/#organization\"},\"image\":{\"@id\":\"https:\/\/kapitalis.com\/tunisie\/2019\/07\/16\/iwpr-recrute-un-directeur-pour-la-tunisie-et-la-libye\/#primaryimage\"},\"thumbnailUrl\":\"\",\"keywords\":[\"recrutement\"],\"articleSection\":[\"SOCIETE\",\"Tunisie\"],\"inLanguage\":\"fr-FR\",\"potentialAction\":[{\"@type\":\"CommentAction\",\"name\":\"Comment\",\"target\":[\"https:\/\/kapitalis.com\/tunisie\/2019\/07\/16\/iwpr-recrute-un-directeur-pour-la-tunisie-et-la-libye\/#respond\"]}]},{\"@type\":\"WebPage\",\"@id\":\"https:\/\/kapitalis.com\/tunisie\/2019\/07\/16\/iwpr-recrute-un-directeur-pour-la-tunisie-et-la-libye\/\",\"url\":\"https:\/\/kapitalis.com\/tunisie\/2019\/07\/16\/iwpr-recrute-un-directeur-pour-la-tunisie-et-la-libye\/\",\"name\":\"IWPR recrute un directeur pour la Tunisie et la Libye - Kapitalis\",\"isPartOf\":{\"@id\":\"https:\/\/kapitalis.com\/tunisie\/#website\"},\"primaryImageOfPage\":{\"@id\":\"https:\/\/kapitalis.com\/tunisie\/2019\/07\/16\/iwpr-recrute-un-directeur-pour-la-tunisie-et-la-libye\/#primaryimage\"},\"image\":{\"@id\":\"https:\/\/kapitalis.com\/tunisie\/2019\/07\/16\/iwpr-recrute-un-directeur-pour-la-tunisie-et-la-libye\/#primaryimage\"},\"thumbnailUrl\":\"\",\"datePublished\":\"2019-07-16T10:48:14+00:00\",\"dateModified\":\"2019-07-16T10:48:18+00:00\",\"breadcrumb\":{\"@id\":\"https:\/\/kapitalis.com\/tunisie\/2019\/07\/16\/iwpr-recrute-un-directeur-pour-la-tunisie-et-la-libye\/#breadcrumb\"},\"inLanguage\":\"fr-FR\",\"potentialAction\":[{\"@type\":\"ReadAction\",\"target\":[\"https:\/\/kapitalis.com\/tunisie\/2019\/07\/16\/iwpr-recrute-un-directeur-pour-la-tunisie-et-la-libye\/\"]}]},{\"@type\":\"ImageObject\",\"inLanguage\":\"fr-FR\",\"@id\":\"https:\/\/kapitalis.com\/tunisie\/2019\/07\/16\/iwpr-recrute-un-directeur-pour-la-tunisie-et-la-libye\/#primaryimage\",\"url\":\"\",\"contentUrl\":\"\"},{\"@type\":\"BreadcrumbList\",\"@id\":\"https:\/\/kapitalis.com\/tunisie\/2019\/07\/16\/iwpr-recrute-un-directeur-pour-la-tunisie-et-la-libye\/#breadcrumb\",\"itemListElement\":[{\"@type\":\"ListItem\",\"position\":1,\"name\":\"Accueil\",\"item\":\"https:\/\/kapitalis.com\/tunisie\/\"},{\"@type\":\"ListItem\",\"position\":2,\"name\":\"IWPR recrute un directeur pour la Tunisie et la Libye\"}]},{\"@type\":\"WebSite\",\"@id\":\"https:\/\/kapitalis.com\/tunisie\/#website\",\"url\":\"https:\/\/kapitalis.com\/tunisie\/\",\"name\":\"Kapitalis\",\"description\":\"L&#039;actualit\u00e9 en Tunisie et dans le monde\",\"publisher\":{\"@id\":\"https:\/\/kapitalis.com\/tunisie\/#organization\"},\"potentialAction\":[{\"@type\":\"SearchAction\",\"target\":{\"@type\":\"EntryPoint\",\"urlTemplate\":\"https:\/\/kapitalis.com\/tunisie\/?s={search_term_string}\"},\"query-input\":{\"@type\":\"PropertyValueSpecification\",\"valueRequired\":true,\"valueName\":\"search_term_string\"}}],\"inLanguage\":\"fr-FR\"},{\"@type\":\"Organization\",\"@id\":\"https:\/\/kapitalis.com\/tunisie\/#organization\",\"name\":\"Kapitalis\",\"url\":\"https:\/\/kapitalis.com\/tunisie\/\",\"logo\":{\"@type\":\"ImageObject\",\"inLanguage\":\"fr-FR\",\"@id\":\"https:\/\/kapitalis.com\/tunisie\/#\/schema\/logo\/image\/\",\"url\":\"https:\/\/kapitalis.com\/tunisie\/wp-content\/uploads\/2022\/05\/Kapitalis-big-size.png\",\"contentUrl\":\"https:\/\/kapitalis.com\/tunisie\/wp-content\/uploads\/2022\/05\/Kapitalis-big-size.png\",\"width\":5000,\"height\":1500,\"caption\":\"Kapitalis\"},\"image\":{\"@id\":\"https:\/\/kapitalis.com\/tunisie\/#\/schema\/logo\/image\/\"},\"sameAs\":[\"https:\/\/www.facebook.com\/KapitalisInfo\/\",\"https:\/\/x.com\/KapitalisInfo\",\"https:\/\/www.youtube.com\/channel\/UC-yDYrHyfFBWWZaOw3FPg9Q\"]},{\"@type\":\"Person\",\"@id\":\"https:\/\/kapitalis.com\/tunisie\/#\/schema\/person\/093913313d3017554cb3ad077fff3fbd\",\"name\":\"Amina Mkada\",\"url\":\"https:\/\/kapitalis.com\/tunisie\/author\/amina\/\"}]}<\/script>\n<!-- \/ Yoast SEO plugin. -->","yoast_head_json":{"title":"IWPR recrute un directeur pour la Tunisie et la Libye - Kapitalis","robots":{"index":"index","follow":"follow","max-snippet":"max-snippet:-1","max-image-preview":"max-image-preview:large","max-video-preview":"max-video-preview:-1"},"canonical":"https:\/\/kapitalis.com\/tunisie\/2019\/07\/16\/iwpr-recrute-un-directeur-pour-la-tunisie-et-la-libye\/","og_locale":"fr_FR","og_type":"article","og_title":"IWPR recrute un directeur pour la Tunisie et la Libye - Kapitalis","og_description":"L&rsquo;Institut pour le reportage de guerre et de paix (IWPR) souhaite recruter un directeur du bureau de Tunis, charg\u00e9 de couvrir la Tunisie et la Libye, exp\u00e9riment\u00e9 en gestion de programmes de d\u00e9veloppement international, dans un environnement conflictuel ou post-conflictuel.","og_url":"https:\/\/kapitalis.com\/tunisie\/2019\/07\/16\/iwpr-recrute-un-directeur-pour-la-tunisie-et-la-libye\/","og_site_name":"Kapitalis","article_publisher":"https:\/\/www.facebook.com\/KapitalisInfo\/","article_published_time":"2019-07-16T10:48:14+00:00","article_modified_time":"2019-07-16T10:48:18+00:00","og_image":[{"width":1200,"height":630,"url":"https:\/\/kapitalis.com\/tunisie\/wp-content\/uploads\/2022\/05\/kapitalis-logo-fb.png","type":"image\/png"}],"author":"Amina Mkada","twitter_card":"summary_large_image","twitter_creator":"@KapitalisInfo","twitter_site":"@KapitalisInfo","twitter_misc":{"\u00c9crit par":"Amina Mkada","Dur\u00e9e de lecture estim\u00e9e":"2 minutes"},"schema":{"@context":"https:\/\/schema.org","@graph":[{"@type":"Article","@id":"https:\/\/kapitalis.com\/tunisie\/2019\/07\/16\/iwpr-recrute-un-directeur-pour-la-tunisie-et-la-libye\/#article","isPartOf":{"@id":"https:\/\/kapitalis.com\/tunisie\/2019\/07\/16\/iwpr-recrute-un-directeur-pour-la-tunisie-et-la-libye\/"},"author":{"name":"Amina Mkada","@id":"https:\/\/kapitalis.com\/tunisie\/#\/schema\/person\/093913313d3017554cb3ad077fff3fbd"},"headline":"IWPR recrute un directeur pour la Tunisie et la Libye","datePublished":"2019-07-16T10:48:14+00:00","dateModified":"2019-07-16T10:48:18+00:00","mainEntityOfPage":{"@id":"https:\/\/kapitalis.com\/tunisie\/2019\/07\/16\/iwpr-recrute-un-directeur-pour-la-tunisie-et-la-libye\/"},"wordCount":401,"commentCount":0,"publisher":{"@id":"https:\/\/kapitalis.com\/tunisie\/#organization"},"image":{"@id":"https:\/\/kapitalis.com\/tunisie\/2019\/07\/16\/iwpr-recrute-un-directeur-pour-la-tunisie-et-la-libye\/#primaryimage"},"thumbnailUrl":"","keywords":["recrutement"],"articleSection":["SOCIETE","Tunisie"],"inLanguage":"fr-FR","potentialAction":[{"@type":"CommentAction","name":"Comment","target":["https:\/\/kapitalis.com\/tunisie\/2019\/07\/16\/iwpr-recrute-un-directeur-pour-la-tunisie-et-la-libye\/#respond"]}]},{"@type":"WebPage","@id":"https:\/\/kapitalis.com\/tunisie\/2019\/07\/16\/iwpr-recrute-un-directeur-pour-la-tunisie-et-la-libye\/","url":"https:\/\/kapitalis.com\/tunisie\/2019\/07\/16\/iwpr-recrute-un-directeur-pour-la-tunisie-et-la-libye\/","name":"IWPR recrute un directeur pour la Tunisie et la Libye - Kapitalis","isPartOf":{"@id":"https:\/\/kapitalis.com\/tunisie\/#website"},"primaryImageOfPage":{"@id":"https:\/\/kapitalis.com\/tunisie\/2019\/07\/16\/iwpr-recrute-un-directeur-pour-la-tunisie-et-la-libye\/#primaryimage"},"image":{"@id":"https:\/\/kapitalis.com\/tunisie\/2019\/07\/16\/iwpr-recrute-un-directeur-pour-la-tunisie-et-la-libye\/#primaryimage"},"thumbnailUrl":"","datePublished":"2019-07-16T10:48:14+00:00","dateModified":"2019-07-16T10:48:18+00:00","breadcrumb":{"@id":"https:\/\/kapitalis.com\/tunisie\/2019\/07\/16\/iwpr-recrute-un-directeur-pour-la-tunisie-et-la-libye\/#breadcrumb"},"inLanguage":"fr-FR","potentialAction":[{"@type":"ReadAction","target":["https:\/\/kapitalis.com\/tunisie\/2019\/07\/16\/iwpr-recrute-un-directeur-pour-la-tunisie-et-la-libye\/"]}]},{"@type":"ImageObject","inLanguage":"fr-FR","@id":"https:\/\/kapitalis.com\/tunisie\/2019\/07\/16\/iwpr-recrute-un-directeur-pour-la-tunisie-et-la-libye\/#primaryimage","url":"","contentUrl":""},{"@type":"BreadcrumbList","@id":"https:\/\/kapitalis.com\/tunisie\/2019\/07\/16\/iwpr-recrute-un-directeur-pour-la-tunisie-et-la-libye\/#breadcrumb","itemListElement":[{"@type":"ListItem","position":1,"name":"Accueil","item":"https:\/\/kapitalis.com\/tunisie\/"},{"@type":"ListItem","position":2,"name":"IWPR recrute un directeur pour la Tunisie et la Libye"}]},{"@type":"WebSite","@id":"https:\/\/kapitalis.com\/tunisie\/#website","url":"https:\/\/kapitalis.com\/tunisie\/","name":"Kapitalis","description":"L&#039;actualit\u00e9 en Tunisie et dans le monde","publisher":{"@id":"https:\/\/kapitalis.com\/tunisie\/#organization"},"potentialAction":[{"@type":"SearchAction","target":{"@type":"EntryPoint","urlTemplate":"https:\/\/kapitalis.com\/tunisie\/?s={search_term_string}"},"query-input":{"@type":"PropertyValueSpecification","valueRequired":true,"valueName":"search_term_string"}}],"inLanguage":"fr-FR"},{"@type":"Organization","@id":"https:\/\/kapitalis.com\/tunisie\/#organization","name":"Kapitalis","url":"https:\/\/kapitalis.com\/tunisie\/","logo":{"@type":"ImageObject","inLanguage":"fr-FR","@id":"https:\/\/kapitalis.com\/tunisie\/#\/schema\/logo\/image\/","url":"https:\/\/kapitalis.com\/tunisie\/wp-content\/uploads\/2022\/05\/Kapitalis-big-size.png","contentUrl":"https:\/\/kapitalis.com\/tunisie\/wp-content\/uploads\/2022\/05\/Kapitalis-big-size.png","width":5000,"height":1500,"caption":"Kapitalis"},"image":{"@id":"https:\/\/kapitalis.com\/tunisie\/#\/schema\/logo\/image\/"},"sameAs":["https:\/\/www.facebook.com\/KapitalisInfo\/","https:\/\/x.com\/KapitalisInfo","https:\/\/www.youtube.com\/channel\/UC-yDYrHyfFBWWZaOw3FPg9Q"]},{"@type":"Person","@id":"https:\/\/kapitalis.com\/tunisie\/#\/schema\/person\/093913313d3017554cb3ad077fff3fbd","name":"Amina Mkada","url":"https:\/\/kapitalis.com\/tunisie\/author\/amina\/"}]}},"_links":{"self":[{"href":"https:\/\/kapitalis.com\/tunisie\/wp-json\/wp\/v2\/posts\/225377","targetHints":{"allow":["GET"]}}],"collection":[{"href":"https:\/\/kapitalis.com\/tunisie\/wp-json\/wp\/v2\/posts"}],"about":[{"href":"https:\/\/kapitalis.com\/tunisie\/wp-json\/wp\/v2\/types\/post"}],"author":[{"embeddable":true,"href":"https:\/\/kapitalis.com\/tunisie\/wp-json\/wp\/v2\/users\/22"}],"replies":[{"embeddable":true,"href":"https:\/\/kapitalis.com\/tunisie\/wp-json\/wp\/v2\/comments?post=225377"}],"version-history":[{"count":0,"href":"https:\/\/kapitalis.com\/tunisie\/wp-json\/wp\/v2\/posts\/225377\/revisions"}],"wp:featuredmedia":[{"embeddable":true,"href":"https:\/\/kapitalis.com\/tunisie\/wp-json\/wp\/v2\/media\/225393"}],"wp:attachment":[{"href":"https:\/\/kapitalis.com\/tunisie\/wp-json\/wp\/v2\/media?parent=225377"}],"wp:term":[{"taxonomy":"category","embeddable":true,"href":"https:\/\/kapitalis.com\/tunisie\/wp-json\/wp\/v2\/categories?post=225377"},{"taxonomy":"post_tag","embeddable":true,"href":"https:\/\/kapitalis.com\/tunisie\/wp-json\/wp\/v2\/tags?post=225377"}],"curies":[{"name":"wp","href":"https:\/\/api.w.org\/{rel}","templated":true}]}}