{"id":225636,"date":"2019-07-17T08:11:02","date_gmt":"2019-07-17T07:11:02","guid":{"rendered":"http:\/\/kapitalis.com\/tunisie\/?p=225636"},"modified":"2019-07-17T08:11:05","modified_gmt":"2019-07-17T07:11:05","slug":"elevage-creation-a-sidi-bouzid-dune-cooperative-socio-solidaire-pour-pres-de-3me","status":"publish","type":"post","link":"https:\/\/kapitalis.com\/tunisie\/2019\/07\/17\/elevage-creation-a-sidi-bouzid-dune-cooperative-socio-solidaire-pour-pres-de-3me\/","title":{"rendered":"Elevage : Cr\u00e9ation, \u00e0 Sidi Bouzid, d\u2019une coop\u00e9rative socio-solidaire pour pr\u00e8s de 3M\u20ac"},"content":{"rendered":"\n<figure class=\"wp-block-image\"><img decoding=\"async\" src=\"http:\/\/kapitalis.com\/tunisie\/wp-content\/uploads\/2019\/07\/Mouton-berbere.jpg\" alt=\"\" class=\"wp-image-225637\"\/><figcaption><em>Mouton berb\u00e8re (Ph. d&rsquo;archives).<\/em><\/figcaption><\/figure>\n\n\n\n<p><b><i>Les projets structurants dans le secteur agricole, particuli\u00e8rement, dans le monde rural, sont toujours les bienvenus, parce qu\u2019ils contribuent \u00e0 la s\u00e9curit\u00e9 alimentaire du pays, permettent \u00e0 l\u2019Etat de faire d\u2019importantes \u00e9conomies en devises et cr\u00e9ent des emplois permanents. <\/i><\/b><br><\/p>\n\n\n\n<!--more-->\n\n\n\n<p> Ces projets pr\u00e9sentent, \u00e9galement, l\u2019avantage de s\u00e9dentariser les ruraux et d\u2019impacter positivement l\u2019ensemble des exploitations agricoles des zone o\u00f9 ils ont \u00e9t\u00e9 cr\u00e9\u00e9s. <br><\/p>\n\n\n\n<p> C\u2019est le cas d\u2019une coop\u00e9rative d\u2019\u00e9levage ovin et bovin, projet du type d\u2019\u00e9conomie sociale et solidaire, qui vient d\u2019\u00eatre lanc\u00e9e, le 12 juillet 2019, dans la zone de Jammel, relevant de la d\u00e9l\u00e9gation de Sidi Bouzid-Est.<br><\/p>\n\n\n\n<p> Ce projet aura pour composantes l\u2019\u00e9levage, l\u2019engraissement, la commercialisation, la production de fourrage, une unit\u00e9 pour l\u2019am\u00e9lioration g\u00e9n\u00e9tique, un abattoir moderne. <br><\/p>\n\n\n\n<p> Ce projet dont le co\u00fbt est estim\u00e9 \u00e0 2,9 millions d\u2019euros, soit environ 9,4 millions de dinars tunisiens (MDT), est financ\u00e9 en partenariat entre l\u2019Agence italienne pour la coop\u00e9ration au d\u00e9veloppement (AICS) et l\u2019Office de l\u2019\u00e9levage et des p\u00e2turages (OEP) et d\u2019autres structures d\u2019appui \u00e0 l\u2019investissement agricole, tunisiennes et italiennes.<br><\/p>\n\n\n\n<p> Cette coop\u00e9rative qui compte d\u00e9j\u00e0 1000 ovins a \u00e9t\u00e9 mise \u00e0 la disposition de quelque 50 jeunes sans emploi dont 25 des jeunes filles. Une de ses sp\u00e9cificit\u00e9s consiste en sa sp\u00e9cialisation dans l\u2019\u00e9levage du mouton berb\u00e8re qui g\u00e8re 1000 b\u00eates de cette esp\u00e8ce bien adapt\u00e9e au climat de la r\u00e9gion semi aride du centre de Tunisie. <br><\/p>\n\n\n\n<p style=\"text-align:right\"> <strong>Kh\u00e9maies Krimi<\/strong><\/p>\n","protected":false},"excerpt":{"rendered":"<p>Les projets structurants dans le secteur agricole, particuli\u00e8rement, dans le monde rural, sont toujours les bienvenus, parce qu\u2019ils contribuent \u00e0 la s\u00e9curit\u00e9 alimentaire du pays, permettent \u00e0 l\u2019Etat de faire d\u2019importantes \u00e9conomies en devises et cr\u00e9ent des emplois permanents.<\/p>\n","protected":false},"author":8,"featured_media":225637,"comment_status":"open","ping_status":"open","sticky":false,"template":"","format":"standard","meta":{"footnotes":""},"categories":[995,2433],"tags":[828],"class_list":["post-225636","post","type-post","status-publish","format-standard","has-post-thumbnail","hentry","category-economie","category-tunisie","tag-sidi-bouzid"],"yoast_head":"<!-- This site is optimized with the Yoast SEO plugin v26.6 - https:\/\/yoast.com\/wordpress\/plugins\/seo\/ -->\n<title>Elevage : Cr\u00e9ation, \u00e0 Sidi Bouzid, d\u2019une coop\u00e9rative socio-solidaire pour pr\u00e8s de 3M\u20ac - Kapitalis<\/title>\n<meta name=\"robots\" content=\"index, follow, max-snippet:-1, max-image-preview:large, max-video-preview:-1\" \/>\n<link rel=\"canonical\" href=\"https:\/\/kapitalis.com\/tunisie\/2019\/07\/17\/elevage-creation-a-sidi-bouzid-dune-cooperative-socio-solidaire-pour-pres-de-3me\/\" \/>\n<meta property=\"og:locale\" content=\"fr_FR\" \/>\n<meta property=\"og:type\" content=\"article\" \/>\n<meta property=\"og:title\" content=\"Elevage : Cr\u00e9ation, \u00e0 Sidi Bouzid, d\u2019une coop\u00e9rative socio-solidaire pour pr\u00e8s de 3M\u20ac - Kapitalis\" \/>\n<meta property=\"og:description\" content=\"Les projets structurants dans le secteur agricole, particuli\u00e8rement, dans le monde rural, sont toujours les bienvenus, parce qu\u2019ils contribuent \u00e0 la s\u00e9curit\u00e9 alimentaire du pays, permettent \u00e0 l\u2019Etat de faire d\u2019importantes \u00e9conomies en devises et cr\u00e9ent des emplois permanents.\" \/>\n<meta property=\"og:url\" content=\"https:\/\/kapitalis.com\/tunisie\/2019\/07\/17\/elevage-creation-a-sidi-bouzid-dune-cooperative-socio-solidaire-pour-pres-de-3me\/\" \/>\n<meta property=\"og:site_name\" content=\"Kapitalis\" \/>\n<meta property=\"article:publisher\" content=\"https:\/\/www.facebook.com\/KapitalisInfo\/\" \/>\n<meta property=\"article:published_time\" content=\"2019-07-17T07:11:02+00:00\" \/>\n<meta property=\"article:modified_time\" content=\"2019-07-17T07:11:05+00:00\" \/>\n<meta property=\"og:image\" content=\"https:\/\/kapitalis.com\/tunisie\/wp-content\/uploads\/2022\/05\/kapitalis-logo-fb.png\" \/>\n\t<meta property=\"og:image:width\" content=\"1200\" \/>\n\t<meta property=\"og:image:height\" content=\"630\" \/>\n\t<meta property=\"og:image:type\" content=\"image\/png\" \/>\n<meta name=\"author\" content=\"webmaster kapitalis\" \/>\n<meta name=\"twitter:card\" content=\"summary_large_image\" \/>\n<meta name=\"twitter:creator\" content=\"@KapitalisInfo\" \/>\n<meta name=\"twitter:site\" content=\"@KapitalisInfo\" \/>\n<meta name=\"twitter:label1\" content=\"\u00c9crit par\" \/>\n\t<meta name=\"twitter:data1\" content=\"webmaster kapitalis\" \/>\n\t<meta name=\"twitter:label2\" content=\"Dur\u00e9e de lecture estim\u00e9e\" \/>\n\t<meta name=\"twitter:data2\" content=\"1 minute\" \/>\n<script type=\"application\/ld+json\" class=\"yoast-schema-graph\">{\"@context\":\"https:\/\/schema.org\",\"@graph\":[{\"@type\":\"Article\",\"@id\":\"https:\/\/kapitalis.com\/tunisie\/2019\/07\/17\/elevage-creation-a-sidi-bouzid-dune-cooperative-socio-solidaire-pour-pres-de-3me\/#article\",\"isPartOf\":{\"@id\":\"https:\/\/kapitalis.com\/tunisie\/2019\/07\/17\/elevage-creation-a-sidi-bouzid-dune-cooperative-socio-solidaire-pour-pres-de-3me\/\"},\"author\":{\"name\":\"webmaster kapitalis\",\"@id\":\"https:\/\/kapitalis.com\/tunisie\/#\/schema\/person\/d71f33a9ca44f7bad4698210b480c8e9\"},\"headline\":\"Elevage : Cr\u00e9ation, \u00e0 Sidi Bouzid, d\u2019une coop\u00e9rative socio-solidaire pour pr\u00e8s de 3M\u20ac\",\"datePublished\":\"2019-07-17T07:11:02+00:00\",\"dateModified\":\"2019-07-17T07:11:05+00:00\",\"mainEntityOfPage\":{\"@id\":\"https:\/\/kapitalis.com\/tunisie\/2019\/07\/17\/elevage-creation-a-sidi-bouzid-dune-cooperative-socio-solidaire-pour-pres-de-3me\/\"},\"wordCount\":286,\"commentCount\":1,\"publisher\":{\"@id\":\"https:\/\/kapitalis.com\/tunisie\/#organization\"},\"image\":{\"@id\":\"https:\/\/kapitalis.com\/tunisie\/2019\/07\/17\/elevage-creation-a-sidi-bouzid-dune-cooperative-socio-solidaire-pour-pres-de-3me\/#primaryimage\"},\"thumbnailUrl\":\"\",\"keywords\":[\"Sidi Bouzid\"],\"articleSection\":[\"ECONOMIE\",\"Tunisie\"],\"inLanguage\":\"fr-FR\",\"potentialAction\":[{\"@type\":\"CommentAction\",\"name\":\"Comment\",\"target\":[\"https:\/\/kapitalis.com\/tunisie\/2019\/07\/17\/elevage-creation-a-sidi-bouzid-dune-cooperative-socio-solidaire-pour-pres-de-3me\/#respond\"]}]},{\"@type\":\"WebPage\",\"@id\":\"https:\/\/kapitalis.com\/tunisie\/2019\/07\/17\/elevage-creation-a-sidi-bouzid-dune-cooperative-socio-solidaire-pour-pres-de-3me\/\",\"url\":\"https:\/\/kapitalis.com\/tunisie\/2019\/07\/17\/elevage-creation-a-sidi-bouzid-dune-cooperative-socio-solidaire-pour-pres-de-3me\/\",\"name\":\"Elevage : Cr\u00e9ation, \u00e0 Sidi Bouzid, d\u2019une coop\u00e9rative socio-solidaire pour pr\u00e8s de 3M\u20ac - Kapitalis\",\"isPartOf\":{\"@id\":\"https:\/\/kapitalis.com\/tunisie\/#website\"},\"primaryImageOfPage\":{\"@id\":\"https:\/\/kapitalis.com\/tunisie\/2019\/07\/17\/elevage-creation-a-sidi-bouzid-dune-cooperative-socio-solidaire-pour-pres-de-3me\/#primaryimage\"},\"image\":{\"@id\":\"https:\/\/kapitalis.com\/tunisie\/2019\/07\/17\/elevage-creation-a-sidi-bouzid-dune-cooperative-socio-solidaire-pour-pres-de-3me\/#primaryimage\"},\"thumbnailUrl\":\"\",\"datePublished\":\"2019-07-17T07:11:02+00:00\",\"dateModified\":\"2019-07-17T07:11:05+00:00\",\"breadcrumb\":{\"@id\":\"https:\/\/kapitalis.com\/tunisie\/2019\/07\/17\/elevage-creation-a-sidi-bouzid-dune-cooperative-socio-solidaire-pour-pres-de-3me\/#breadcrumb\"},\"inLanguage\":\"fr-FR\",\"potentialAction\":[{\"@type\":\"ReadAction\",\"target\":[\"https:\/\/kapitalis.com\/tunisie\/2019\/07\/17\/elevage-creation-a-sidi-bouzid-dune-cooperative-socio-solidaire-pour-pres-de-3me\/\"]}]},{\"@type\":\"ImageObject\",\"inLanguage\":\"fr-FR\",\"@id\":\"https:\/\/kapitalis.com\/tunisie\/2019\/07\/17\/elevage-creation-a-sidi-bouzid-dune-cooperative-socio-solidaire-pour-pres-de-3me\/#primaryimage\",\"url\":\"\",\"contentUrl\":\"\"},{\"@type\":\"BreadcrumbList\",\"@id\":\"https:\/\/kapitalis.com\/tunisie\/2019\/07\/17\/elevage-creation-a-sidi-bouzid-dune-cooperative-socio-solidaire-pour-pres-de-3me\/#breadcrumb\",\"itemListElement\":[{\"@type\":\"ListItem\",\"position\":1,\"name\":\"Accueil\",\"item\":\"https:\/\/kapitalis.com\/tunisie\/\"},{\"@type\":\"ListItem\",\"position\":2,\"name\":\"Elevage : Cr\u00e9ation, \u00e0 Sidi Bouzid, d\u2019une coop\u00e9rative socio-solidaire pour pr\u00e8s de 3M\u20ac\"}]},{\"@type\":\"WebSite\",\"@id\":\"https:\/\/kapitalis.com\/tunisie\/#website\",\"url\":\"https:\/\/kapitalis.com\/tunisie\/\",\"name\":\"Kapitalis\",\"description\":\"L&#039;actualit\u00e9 en Tunisie et dans le monde\",\"publisher\":{\"@id\":\"https:\/\/kapitalis.com\/tunisie\/#organization\"},\"potentialAction\":[{\"@type\":\"SearchAction\",\"target\":{\"@type\":\"EntryPoint\",\"urlTemplate\":\"https:\/\/kapitalis.com\/tunisie\/?s={search_term_string}\"},\"query-input\":{\"@type\":\"PropertyValueSpecification\",\"valueRequired\":true,\"valueName\":\"search_term_string\"}}],\"inLanguage\":\"fr-FR\"},{\"@type\":\"Organization\",\"@id\":\"https:\/\/kapitalis.com\/tunisie\/#organization\",\"name\":\"Kapitalis\",\"url\":\"https:\/\/kapitalis.com\/tunisie\/\",\"logo\":{\"@type\":\"ImageObject\",\"inLanguage\":\"fr-FR\",\"@id\":\"https:\/\/kapitalis.com\/tunisie\/#\/schema\/logo\/image\/\",\"url\":\"https:\/\/kapitalis.com\/tunisie\/wp-content\/uploads\/2022\/05\/Kapitalis-big-size.png\",\"contentUrl\":\"https:\/\/kapitalis.com\/tunisie\/wp-content\/uploads\/2022\/05\/Kapitalis-big-size.png\",\"width\":5000,\"height\":1500,\"caption\":\"Kapitalis\"},\"image\":{\"@id\":\"https:\/\/kapitalis.com\/tunisie\/#\/schema\/logo\/image\/\"},\"sameAs\":[\"https:\/\/www.facebook.com\/KapitalisInfo\/\",\"https:\/\/x.com\/KapitalisInfo\",\"https:\/\/www.youtube.com\/channel\/UC-yDYrHyfFBWWZaOw3FPg9Q\"]},{\"@type\":\"Person\",\"@id\":\"https:\/\/kapitalis.com\/tunisie\/#\/schema\/person\/d71f33a9ca44f7bad4698210b480c8e9\",\"name\":\"webmaster kapitalis\",\"url\":\"https:\/\/kapitalis.com\/tunisie\/author\/webmaster-kapitalis\/\"}]}<\/script>\n<!-- \/ Yoast SEO plugin. -->","yoast_head_json":{"title":"Elevage : Cr\u00e9ation, \u00e0 Sidi Bouzid, d\u2019une coop\u00e9rative socio-solidaire pour pr\u00e8s de 3M\u20ac - Kapitalis","robots":{"index":"index","follow":"follow","max-snippet":"max-snippet:-1","max-image-preview":"max-image-preview:large","max-video-preview":"max-video-preview:-1"},"canonical":"https:\/\/kapitalis.com\/tunisie\/2019\/07\/17\/elevage-creation-a-sidi-bouzid-dune-cooperative-socio-solidaire-pour-pres-de-3me\/","og_locale":"fr_FR","og_type":"article","og_title":"Elevage : Cr\u00e9ation, \u00e0 Sidi Bouzid, d\u2019une coop\u00e9rative socio-solidaire pour pr\u00e8s de 3M\u20ac - Kapitalis","og_description":"Les projets structurants dans le secteur agricole, particuli\u00e8rement, dans le monde rural, sont toujours les bienvenus, parce qu\u2019ils contribuent \u00e0 la s\u00e9curit\u00e9 alimentaire du pays, permettent \u00e0 l\u2019Etat de faire d\u2019importantes \u00e9conomies en devises et cr\u00e9ent des emplois permanents.","og_url":"https:\/\/kapitalis.com\/tunisie\/2019\/07\/17\/elevage-creation-a-sidi-bouzid-dune-cooperative-socio-solidaire-pour-pres-de-3me\/","og_site_name":"Kapitalis","article_publisher":"https:\/\/www.facebook.com\/KapitalisInfo\/","article_published_time":"2019-07-17T07:11:02+00:00","article_modified_time":"2019-07-17T07:11:05+00:00","og_image":[{"width":1200,"height":630,"url":"https:\/\/kapitalis.com\/tunisie\/wp-content\/uploads\/2022\/05\/kapitalis-logo-fb.png","type":"image\/png"}],"author":"webmaster kapitalis","twitter_card":"summary_large_image","twitter_creator":"@KapitalisInfo","twitter_site":"@KapitalisInfo","twitter_misc":{"\u00c9crit par":"webmaster kapitalis","Dur\u00e9e de lecture estim\u00e9e":"1 minute"},"schema":{"@context":"https:\/\/schema.org","@graph":[{"@type":"Article","@id":"https:\/\/kapitalis.com\/tunisie\/2019\/07\/17\/elevage-creation-a-sidi-bouzid-dune-cooperative-socio-solidaire-pour-pres-de-3me\/#article","isPartOf":{"@id":"https:\/\/kapitalis.com\/tunisie\/2019\/07\/17\/elevage-creation-a-sidi-bouzid-dune-cooperative-socio-solidaire-pour-pres-de-3me\/"},"author":{"name":"webmaster kapitalis","@id":"https:\/\/kapitalis.com\/tunisie\/#\/schema\/person\/d71f33a9ca44f7bad4698210b480c8e9"},"headline":"Elevage : Cr\u00e9ation, \u00e0 Sidi Bouzid, d\u2019une coop\u00e9rative socio-solidaire pour pr\u00e8s de 3M\u20ac","datePublished":"2019-07-17T07:11:02+00:00","dateModified":"2019-07-17T07:11:05+00:00","mainEntityOfPage":{"@id":"https:\/\/kapitalis.com\/tunisie\/2019\/07\/17\/elevage-creation-a-sidi-bouzid-dune-cooperative-socio-solidaire-pour-pres-de-3me\/"},"wordCount":286,"commentCount":1,"publisher":{"@id":"https:\/\/kapitalis.com\/tunisie\/#organization"},"image":{"@id":"https:\/\/kapitalis.com\/tunisie\/2019\/07\/17\/elevage-creation-a-sidi-bouzid-dune-cooperative-socio-solidaire-pour-pres-de-3me\/#primaryimage"},"thumbnailUrl":"","keywords":["Sidi Bouzid"],"articleSection":["ECONOMIE","Tunisie"],"inLanguage":"fr-FR","potentialAction":[{"@type":"CommentAction","name":"Comment","target":["https:\/\/kapitalis.com\/tunisie\/2019\/07\/17\/elevage-creation-a-sidi-bouzid-dune-cooperative-socio-solidaire-pour-pres-de-3me\/#respond"]}]},{"@type":"WebPage","@id":"https:\/\/kapitalis.com\/tunisie\/2019\/07\/17\/elevage-creation-a-sidi-bouzid-dune-cooperative-socio-solidaire-pour-pres-de-3me\/","url":"https:\/\/kapitalis.com\/tunisie\/2019\/07\/17\/elevage-creation-a-sidi-bouzid-dune-cooperative-socio-solidaire-pour-pres-de-3me\/","name":"Elevage : Cr\u00e9ation, \u00e0 Sidi Bouzid, d\u2019une coop\u00e9rative socio-solidaire pour pr\u00e8s de 3M\u20ac - Kapitalis","isPartOf":{"@id":"https:\/\/kapitalis.com\/tunisie\/#website"},"primaryImageOfPage":{"@id":"https:\/\/kapitalis.com\/tunisie\/2019\/07\/17\/elevage-creation-a-sidi-bouzid-dune-cooperative-socio-solidaire-pour-pres-de-3me\/#primaryimage"},"image":{"@id":"https:\/\/kapitalis.com\/tunisie\/2019\/07\/17\/elevage-creation-a-sidi-bouzid-dune-cooperative-socio-solidaire-pour-pres-de-3me\/#primaryimage"},"thumbnailUrl":"","datePublished":"2019-07-17T07:11:02+00:00","dateModified":"2019-07-17T07:11:05+00:00","breadcrumb":{"@id":"https:\/\/kapitalis.com\/tunisie\/2019\/07\/17\/elevage-creation-a-sidi-bouzid-dune-cooperative-socio-solidaire-pour-pres-de-3me\/#breadcrumb"},"inLanguage":"fr-FR","potentialAction":[{"@type":"ReadAction","target":["https:\/\/kapitalis.com\/tunisie\/2019\/07\/17\/elevage-creation-a-sidi-bouzid-dune-cooperative-socio-solidaire-pour-pres-de-3me\/"]}]},{"@type":"ImageObject","inLanguage":"fr-FR","@id":"https:\/\/kapitalis.com\/tunisie\/2019\/07\/17\/elevage-creation-a-sidi-bouzid-dune-cooperative-socio-solidaire-pour-pres-de-3me\/#primaryimage","url":"","contentUrl":""},{"@type":"BreadcrumbList","@id":"https:\/\/kapitalis.com\/tunisie\/2019\/07\/17\/elevage-creation-a-sidi-bouzid-dune-cooperative-socio-solidaire-pour-pres-de-3me\/#breadcrumb","itemListElement":[{"@type":"ListItem","position":1,"name":"Accueil","item":"https:\/\/kapitalis.com\/tunisie\/"},{"@type":"ListItem","position":2,"name":"Elevage : Cr\u00e9ation, \u00e0 Sidi Bouzid, d\u2019une coop\u00e9rative socio-solidaire pour pr\u00e8s de 3M\u20ac"}]},{"@type":"WebSite","@id":"https:\/\/kapitalis.com\/tunisie\/#website","url":"https:\/\/kapitalis.com\/tunisie\/","name":"Kapitalis","description":"L&#039;actualit\u00e9 en Tunisie et dans le monde","publisher":{"@id":"https:\/\/kapitalis.com\/tunisie\/#organization"},"potentialAction":[{"@type":"SearchAction","target":{"@type":"EntryPoint","urlTemplate":"https:\/\/kapitalis.com\/tunisie\/?s={search_term_string}"},"query-input":{"@type":"PropertyValueSpecification","valueRequired":true,"valueName":"search_term_string"}}],"inLanguage":"fr-FR"},{"@type":"Organization","@id":"https:\/\/kapitalis.com\/tunisie\/#organization","name":"Kapitalis","url":"https:\/\/kapitalis.com\/tunisie\/","logo":{"@type":"ImageObject","inLanguage":"fr-FR","@id":"https:\/\/kapitalis.com\/tunisie\/#\/schema\/logo\/image\/","url":"https:\/\/kapitalis.com\/tunisie\/wp-content\/uploads\/2022\/05\/Kapitalis-big-size.png","contentUrl":"https:\/\/kapitalis.com\/tunisie\/wp-content\/uploads\/2022\/05\/Kapitalis-big-size.png","width":5000,"height":1500,"caption":"Kapitalis"},"image":{"@id":"https:\/\/kapitalis.com\/tunisie\/#\/schema\/logo\/image\/"},"sameAs":["https:\/\/www.facebook.com\/KapitalisInfo\/","https:\/\/x.com\/KapitalisInfo","https:\/\/www.youtube.com\/channel\/UC-yDYrHyfFBWWZaOw3FPg9Q"]},{"@type":"Person","@id":"https:\/\/kapitalis.com\/tunisie\/#\/schema\/person\/d71f33a9ca44f7bad4698210b480c8e9","name":"webmaster kapitalis","url":"https:\/\/kapitalis.com\/tunisie\/author\/webmaster-kapitalis\/"}]}},"_links":{"self":[{"href":"https:\/\/kapitalis.com\/tunisie\/wp-json\/wp\/v2\/posts\/225636","targetHints":{"allow":["GET"]}}],"collection":[{"href":"https:\/\/kapitalis.com\/tunisie\/wp-json\/wp\/v2\/posts"}],"about":[{"href":"https:\/\/kapitalis.com\/tunisie\/wp-json\/wp\/v2\/types\/post"}],"author":[{"embeddable":true,"href":"https:\/\/kapitalis.com\/tunisie\/wp-json\/wp\/v2\/users\/8"}],"replies":[{"embeddable":true,"href":"https:\/\/kapitalis.com\/tunisie\/wp-json\/wp\/v2\/comments?post=225636"}],"version-history":[{"count":0,"href":"https:\/\/kapitalis.com\/tunisie\/wp-json\/wp\/v2\/posts\/225636\/revisions"}],"wp:featuredmedia":[{"embeddable":true,"href":"https:\/\/kapitalis.com\/tunisie\/wp-json\/wp\/v2\/media\/225637"}],"wp:attachment":[{"href":"https:\/\/kapitalis.com\/tunisie\/wp-json\/wp\/v2\/media?parent=225636"}],"wp:term":[{"taxonomy":"category","embeddable":true,"href":"https:\/\/kapitalis.com\/tunisie\/wp-json\/wp\/v2\/categories?post=225636"},{"taxonomy":"post_tag","embeddable":true,"href":"https:\/\/kapitalis.com\/tunisie\/wp-json\/wp\/v2\/tags?post=225636"}],"curies":[{"name":"wp","href":"https:\/\/api.w.org\/{rel}","templated":true}]}}