{"id":225639,"date":"2019-07-17T08:37:41","date_gmt":"2019-07-17T07:37:41","guid":{"rendered":"http:\/\/kapitalis.com\/tunisie\/?p=225639"},"modified":"2019-07-17T08:37:43","modified_gmt":"2019-07-17T07:37:43","slug":"agro-industrie-les-betteraviers-de-jendouba-inquiets-de-la-modicite-des-prix-de-leur-production","status":"publish","type":"post","link":"https:\/\/kapitalis.com\/tunisie\/2019\/07\/17\/agro-industrie-les-betteraviers-de-jendouba-inquiets-de-la-modicite-des-prix-de-leur-production\/","title":{"rendered":"Agro-industrie : Les betteraviers de Jendouba inquiets de la modicit\u00e9 des prix de leur production"},"content":{"rendered":"\n<figure class=\"wp-block-image\"><img decoding=\"async\" src=\"http:\/\/kapitalis.com\/tunisie\/wp-content\/uploads\/2019\/07\/Ginor.jpg\" alt=\"\" class=\"wp-image-225640\"\/><\/figure>\n\n\n\n<p><b><i>Les betteraviers de Jendouba, qui trouvent, d\u00e9j\u00e0, au d\u00e9but de chaque ann\u00e9e, d\u2019\u00e9normes difficult\u00e9s pour b\u00e9n\u00e9ficier des cr\u00e9dits requis pour financer, dans les d\u00e9lais, les emblavures, s\u2019inqui\u00e8tent, \u00e0 la veille du d\u00e9marrage d\u2019une bonne r\u00e9colte, de la modicit\u00e9 des prix de cession de leur production  \u00e0 l\u2019usine du sucre Ginor de Ben B\u2019chir.<\/i><\/b><br><\/p>\n\n\n\n<!--more-->\n\n\n\n<p> Pour eux, ce prix fix\u00e9 \u00e0 80 millimes le kilogramme ne couvre nullement les co\u00fbts de production augment\u00e9e cette ann\u00e9e par les frais des intrants de production et de  traitement des maladies et pourritures racinaires qui ont affect\u00e9 les cultures en raison des fortes pluies qui se sont abattues cette ann\u00e9e sur la r\u00e9gion.<br><\/p>\n\n\n\n<p> En d\u00e9pit de ces handicaps, la production est estim\u00e9e cette ann\u00e9e \u00e0 1,2 million de tonnes soit 80 tonnes \u00e0 l\u2019hectare, contre 51 tonnes en Europe. <br> Pour la campagne 2017-2018, les cultures de betterave \u00e0 sucre ont atteint 820 hectares, soit une couverture inf\u00e9rieure de 25% aux besoins de l\u2019usine de la G\u00e9n\u00e9rale Industrie du nord (Ginor) qui emploie 500 ouvriers titulaires et saisonniers.<br><\/p>\n\n\n\n<p> L\u2019introduction de la betterave \u00e0 sucre en Tunisie est cons\u00e9cutive au \u00abPlan directeur\u00bb \u00e9labor\u00e9 en 1959 en vue de d\u00e9velopper une fili\u00e8re nationale de production de sucre.<br><\/p>\n\n\n\n<p> Depuis 1962, la Tunisie assure, bon an mal an, une production de 10% de ses besoins en sucre avec un pic de 15% en 1987 et un taux de 9,7% en 1992.<br><\/p>\n\n\n\n<p> Fond\u00e9 sur la base d\u2019une strat\u00e9gie de s\u00e9curit\u00e9 alimentaire pour ce produit sensible, l\u2019objectif de production nationale est d\u2019assurer, \u00e0 terme, une couverture de 25% des besoins en sucre. <br><\/p>\n\n\n\n<p style=\"text-align:right\"> <strong>Kh\u00e9maies Krimi<\/strong><\/p>\n","protected":false},"excerpt":{"rendered":"<p>Les betteraviers de Jendouba, qui trouvent, d\u00e9j\u00e0, au d\u00e9but de chaque ann\u00e9e, d\u2019\u00e9normes difficult\u00e9s pour b\u00e9n\u00e9ficier des cr\u00e9dits requis pour financer, dans les d\u00e9lais, les emblavures, s\u2019inqui\u00e8tent, \u00e0 la veille du d\u00e9marrage d\u2019une bonne r\u00e9colte, de la modicit\u00e9 des prix de cession de leur production \u00e0 l\u2019usine du sucre Ginor de Ben B\u2019chir.<\/p>\n","protected":false},"author":8,"featured_media":225640,"comment_status":"open","ping_status":"open","sticky":false,"template":"","format":"standard","meta":{"footnotes":""},"categories":[995,2433],"tags":[],"class_list":["post-225639","post","type-post","status-publish","format-standard","has-post-thumbnail","hentry","category-economie","category-tunisie"],"yoast_head":"<!-- This site is optimized with the Yoast SEO plugin v26.6 - https:\/\/yoast.com\/wordpress\/plugins\/seo\/ -->\n<title>Agro-industrie : Les betteraviers de Jendouba inquiets de la modicit\u00e9 des prix de leur production - Kapitalis<\/title>\n<meta name=\"robots\" content=\"index, follow, max-snippet:-1, max-image-preview:large, max-video-preview:-1\" \/>\n<link rel=\"canonical\" href=\"https:\/\/kapitalis.com\/tunisie\/2019\/07\/17\/agro-industrie-les-betteraviers-de-jendouba-inquiets-de-la-modicite-des-prix-de-leur-production\/\" \/>\n<meta property=\"og:locale\" content=\"fr_FR\" \/>\n<meta property=\"og:type\" content=\"article\" \/>\n<meta property=\"og:title\" content=\"Agro-industrie : Les betteraviers de Jendouba inquiets de la modicit\u00e9 des prix de leur production - Kapitalis\" \/>\n<meta property=\"og:description\" content=\"Les betteraviers de Jendouba, qui trouvent, d\u00e9j\u00e0, au d\u00e9but de chaque ann\u00e9e, d\u2019\u00e9normes difficult\u00e9s pour b\u00e9n\u00e9ficier des cr\u00e9dits requis pour financer, dans les d\u00e9lais, les emblavures, s\u2019inqui\u00e8tent, \u00e0 la veille du d\u00e9marrage d\u2019une bonne r\u00e9colte, de la modicit\u00e9 des prix de cession de leur production \u00e0 l\u2019usine du sucre Ginor de Ben B\u2019chir.\" \/>\n<meta property=\"og:url\" content=\"https:\/\/kapitalis.com\/tunisie\/2019\/07\/17\/agro-industrie-les-betteraviers-de-jendouba-inquiets-de-la-modicite-des-prix-de-leur-production\/\" \/>\n<meta property=\"og:site_name\" content=\"Kapitalis\" \/>\n<meta property=\"article:publisher\" content=\"https:\/\/www.facebook.com\/KapitalisInfo\/\" \/>\n<meta property=\"article:published_time\" content=\"2019-07-17T07:37:41+00:00\" \/>\n<meta property=\"article:modified_time\" content=\"2019-07-17T07:37:43+00:00\" \/>\n<meta property=\"og:image\" content=\"https:\/\/kapitalis.com\/tunisie\/wp-content\/uploads\/2022\/05\/kapitalis-logo-fb.png\" \/>\n\t<meta property=\"og:image:width\" content=\"1200\" \/>\n\t<meta property=\"og:image:height\" content=\"630\" \/>\n\t<meta property=\"og:image:type\" content=\"image\/png\" \/>\n<meta name=\"author\" content=\"webmaster kapitalis\" \/>\n<meta name=\"twitter:card\" content=\"summary_large_image\" \/>\n<meta name=\"twitter:creator\" content=\"@KapitalisInfo\" \/>\n<meta name=\"twitter:site\" content=\"@KapitalisInfo\" \/>\n<meta name=\"twitter:label1\" content=\"\u00c9crit par\" \/>\n\t<meta name=\"twitter:data1\" content=\"webmaster kapitalis\" \/>\n\t<meta name=\"twitter:label2\" content=\"Dur\u00e9e de lecture estim\u00e9e\" \/>\n\t<meta name=\"twitter:data2\" content=\"1 minute\" \/>\n<script type=\"application\/ld+json\" class=\"yoast-schema-graph\">{\"@context\":\"https:\/\/schema.org\",\"@graph\":[{\"@type\":\"Article\",\"@id\":\"https:\/\/kapitalis.com\/tunisie\/2019\/07\/17\/agro-industrie-les-betteraviers-de-jendouba-inquiets-de-la-modicite-des-prix-de-leur-production\/#article\",\"isPartOf\":{\"@id\":\"https:\/\/kapitalis.com\/tunisie\/2019\/07\/17\/agro-industrie-les-betteraviers-de-jendouba-inquiets-de-la-modicite-des-prix-de-leur-production\/\"},\"author\":{\"name\":\"webmaster kapitalis\",\"@id\":\"https:\/\/kapitalis.com\/tunisie\/#\/schema\/person\/d71f33a9ca44f7bad4698210b480c8e9\"},\"headline\":\"Agro-industrie : Les betteraviers de Jendouba inquiets de la modicit\u00e9 des prix de leur production\",\"datePublished\":\"2019-07-17T07:37:41+00:00\",\"dateModified\":\"2019-07-17T07:37:43+00:00\",\"mainEntityOfPage\":{\"@id\":\"https:\/\/kapitalis.com\/tunisie\/2019\/07\/17\/agro-industrie-les-betteraviers-de-jendouba-inquiets-de-la-modicite-des-prix-de-leur-production\/\"},\"wordCount\":291,\"commentCount\":2,\"publisher\":{\"@id\":\"https:\/\/kapitalis.com\/tunisie\/#organization\"},\"image\":{\"@id\":\"https:\/\/kapitalis.com\/tunisie\/2019\/07\/17\/agro-industrie-les-betteraviers-de-jendouba-inquiets-de-la-modicite-des-prix-de-leur-production\/#primaryimage\"},\"thumbnailUrl\":\"\",\"articleSection\":[\"ECONOMIE\",\"Tunisie\"],\"inLanguage\":\"fr-FR\",\"potentialAction\":[{\"@type\":\"CommentAction\",\"name\":\"Comment\",\"target\":[\"https:\/\/kapitalis.com\/tunisie\/2019\/07\/17\/agro-industrie-les-betteraviers-de-jendouba-inquiets-de-la-modicite-des-prix-de-leur-production\/#respond\"]}]},{\"@type\":\"WebPage\",\"@id\":\"https:\/\/kapitalis.com\/tunisie\/2019\/07\/17\/agro-industrie-les-betteraviers-de-jendouba-inquiets-de-la-modicite-des-prix-de-leur-production\/\",\"url\":\"https:\/\/kapitalis.com\/tunisie\/2019\/07\/17\/agro-industrie-les-betteraviers-de-jendouba-inquiets-de-la-modicite-des-prix-de-leur-production\/\",\"name\":\"Agro-industrie : Les betteraviers de Jendouba inquiets de la modicit\u00e9 des prix de leur production - Kapitalis\",\"isPartOf\":{\"@id\":\"https:\/\/kapitalis.com\/tunisie\/#website\"},\"primaryImageOfPage\":{\"@id\":\"https:\/\/kapitalis.com\/tunisie\/2019\/07\/17\/agro-industrie-les-betteraviers-de-jendouba-inquiets-de-la-modicite-des-prix-de-leur-production\/#primaryimage\"},\"image\":{\"@id\":\"https:\/\/kapitalis.com\/tunisie\/2019\/07\/17\/agro-industrie-les-betteraviers-de-jendouba-inquiets-de-la-modicite-des-prix-de-leur-production\/#primaryimage\"},\"thumbnailUrl\":\"\",\"datePublished\":\"2019-07-17T07:37:41+00:00\",\"dateModified\":\"2019-07-17T07:37:43+00:00\",\"breadcrumb\":{\"@id\":\"https:\/\/kapitalis.com\/tunisie\/2019\/07\/17\/agro-industrie-les-betteraviers-de-jendouba-inquiets-de-la-modicite-des-prix-de-leur-production\/#breadcrumb\"},\"inLanguage\":\"fr-FR\",\"potentialAction\":[{\"@type\":\"ReadAction\",\"target\":[\"https:\/\/kapitalis.com\/tunisie\/2019\/07\/17\/agro-industrie-les-betteraviers-de-jendouba-inquiets-de-la-modicite-des-prix-de-leur-production\/\"]}]},{\"@type\":\"ImageObject\",\"inLanguage\":\"fr-FR\",\"@id\":\"https:\/\/kapitalis.com\/tunisie\/2019\/07\/17\/agro-industrie-les-betteraviers-de-jendouba-inquiets-de-la-modicite-des-prix-de-leur-production\/#primaryimage\",\"url\":\"\",\"contentUrl\":\"\"},{\"@type\":\"BreadcrumbList\",\"@id\":\"https:\/\/kapitalis.com\/tunisie\/2019\/07\/17\/agro-industrie-les-betteraviers-de-jendouba-inquiets-de-la-modicite-des-prix-de-leur-production\/#breadcrumb\",\"itemListElement\":[{\"@type\":\"ListItem\",\"position\":1,\"name\":\"Accueil\",\"item\":\"https:\/\/kapitalis.com\/tunisie\/\"},{\"@type\":\"ListItem\",\"position\":2,\"name\":\"Agro-industrie : Les betteraviers de Jendouba inquiets de la modicit\u00e9 des prix de leur production\"}]},{\"@type\":\"WebSite\",\"@id\":\"https:\/\/kapitalis.com\/tunisie\/#website\",\"url\":\"https:\/\/kapitalis.com\/tunisie\/\",\"name\":\"Kapitalis\",\"description\":\"L&#039;actualit\u00e9 en Tunisie et dans le monde\",\"publisher\":{\"@id\":\"https:\/\/kapitalis.com\/tunisie\/#organization\"},\"potentialAction\":[{\"@type\":\"SearchAction\",\"target\":{\"@type\":\"EntryPoint\",\"urlTemplate\":\"https:\/\/kapitalis.com\/tunisie\/?s={search_term_string}\"},\"query-input\":{\"@type\":\"PropertyValueSpecification\",\"valueRequired\":true,\"valueName\":\"search_term_string\"}}],\"inLanguage\":\"fr-FR\"},{\"@type\":\"Organization\",\"@id\":\"https:\/\/kapitalis.com\/tunisie\/#organization\",\"name\":\"Kapitalis\",\"url\":\"https:\/\/kapitalis.com\/tunisie\/\",\"logo\":{\"@type\":\"ImageObject\",\"inLanguage\":\"fr-FR\",\"@id\":\"https:\/\/kapitalis.com\/tunisie\/#\/schema\/logo\/image\/\",\"url\":\"https:\/\/kapitalis.com\/tunisie\/wp-content\/uploads\/2022\/05\/Kapitalis-big-size.png\",\"contentUrl\":\"https:\/\/kapitalis.com\/tunisie\/wp-content\/uploads\/2022\/05\/Kapitalis-big-size.png\",\"width\":5000,\"height\":1500,\"caption\":\"Kapitalis\"},\"image\":{\"@id\":\"https:\/\/kapitalis.com\/tunisie\/#\/schema\/logo\/image\/\"},\"sameAs\":[\"https:\/\/www.facebook.com\/KapitalisInfo\/\",\"https:\/\/x.com\/KapitalisInfo\",\"https:\/\/www.youtube.com\/channel\/UC-yDYrHyfFBWWZaOw3FPg9Q\"]},{\"@type\":\"Person\",\"@id\":\"https:\/\/kapitalis.com\/tunisie\/#\/schema\/person\/d71f33a9ca44f7bad4698210b480c8e9\",\"name\":\"webmaster kapitalis\",\"url\":\"https:\/\/kapitalis.com\/tunisie\/author\/webmaster-kapitalis\/\"}]}<\/script>\n<!-- \/ Yoast SEO plugin. -->","yoast_head_json":{"title":"Agro-industrie : Les betteraviers de Jendouba inquiets de la modicit\u00e9 des prix de leur production - Kapitalis","robots":{"index":"index","follow":"follow","max-snippet":"max-snippet:-1","max-image-preview":"max-image-preview:large","max-video-preview":"max-video-preview:-1"},"canonical":"https:\/\/kapitalis.com\/tunisie\/2019\/07\/17\/agro-industrie-les-betteraviers-de-jendouba-inquiets-de-la-modicite-des-prix-de-leur-production\/","og_locale":"fr_FR","og_type":"article","og_title":"Agro-industrie : Les betteraviers de Jendouba inquiets de la modicit\u00e9 des prix de leur production - Kapitalis","og_description":"Les betteraviers de Jendouba, qui trouvent, d\u00e9j\u00e0, au d\u00e9but de chaque ann\u00e9e, d\u2019\u00e9normes difficult\u00e9s pour b\u00e9n\u00e9ficier des cr\u00e9dits requis pour financer, dans les d\u00e9lais, les emblavures, s\u2019inqui\u00e8tent, \u00e0 la veille du d\u00e9marrage d\u2019une bonne r\u00e9colte, de la modicit\u00e9 des prix de cession de leur production \u00e0 l\u2019usine du sucre Ginor de Ben B\u2019chir.","og_url":"https:\/\/kapitalis.com\/tunisie\/2019\/07\/17\/agro-industrie-les-betteraviers-de-jendouba-inquiets-de-la-modicite-des-prix-de-leur-production\/","og_site_name":"Kapitalis","article_publisher":"https:\/\/www.facebook.com\/KapitalisInfo\/","article_published_time":"2019-07-17T07:37:41+00:00","article_modified_time":"2019-07-17T07:37:43+00:00","og_image":[{"width":1200,"height":630,"url":"https:\/\/kapitalis.com\/tunisie\/wp-content\/uploads\/2022\/05\/kapitalis-logo-fb.png","type":"image\/png"}],"author":"webmaster kapitalis","twitter_card":"summary_large_image","twitter_creator":"@KapitalisInfo","twitter_site":"@KapitalisInfo","twitter_misc":{"\u00c9crit par":"webmaster kapitalis","Dur\u00e9e de lecture estim\u00e9e":"1 minute"},"schema":{"@context":"https:\/\/schema.org","@graph":[{"@type":"Article","@id":"https:\/\/kapitalis.com\/tunisie\/2019\/07\/17\/agro-industrie-les-betteraviers-de-jendouba-inquiets-de-la-modicite-des-prix-de-leur-production\/#article","isPartOf":{"@id":"https:\/\/kapitalis.com\/tunisie\/2019\/07\/17\/agro-industrie-les-betteraviers-de-jendouba-inquiets-de-la-modicite-des-prix-de-leur-production\/"},"author":{"name":"webmaster kapitalis","@id":"https:\/\/kapitalis.com\/tunisie\/#\/schema\/person\/d71f33a9ca44f7bad4698210b480c8e9"},"headline":"Agro-industrie : Les betteraviers de Jendouba inquiets de la modicit\u00e9 des prix de leur production","datePublished":"2019-07-17T07:37:41+00:00","dateModified":"2019-07-17T07:37:43+00:00","mainEntityOfPage":{"@id":"https:\/\/kapitalis.com\/tunisie\/2019\/07\/17\/agro-industrie-les-betteraviers-de-jendouba-inquiets-de-la-modicite-des-prix-de-leur-production\/"},"wordCount":291,"commentCount":2,"publisher":{"@id":"https:\/\/kapitalis.com\/tunisie\/#organization"},"image":{"@id":"https:\/\/kapitalis.com\/tunisie\/2019\/07\/17\/agro-industrie-les-betteraviers-de-jendouba-inquiets-de-la-modicite-des-prix-de-leur-production\/#primaryimage"},"thumbnailUrl":"","articleSection":["ECONOMIE","Tunisie"],"inLanguage":"fr-FR","potentialAction":[{"@type":"CommentAction","name":"Comment","target":["https:\/\/kapitalis.com\/tunisie\/2019\/07\/17\/agro-industrie-les-betteraviers-de-jendouba-inquiets-de-la-modicite-des-prix-de-leur-production\/#respond"]}]},{"@type":"WebPage","@id":"https:\/\/kapitalis.com\/tunisie\/2019\/07\/17\/agro-industrie-les-betteraviers-de-jendouba-inquiets-de-la-modicite-des-prix-de-leur-production\/","url":"https:\/\/kapitalis.com\/tunisie\/2019\/07\/17\/agro-industrie-les-betteraviers-de-jendouba-inquiets-de-la-modicite-des-prix-de-leur-production\/","name":"Agro-industrie : Les betteraviers de Jendouba inquiets de la modicit\u00e9 des prix de leur production - Kapitalis","isPartOf":{"@id":"https:\/\/kapitalis.com\/tunisie\/#website"},"primaryImageOfPage":{"@id":"https:\/\/kapitalis.com\/tunisie\/2019\/07\/17\/agro-industrie-les-betteraviers-de-jendouba-inquiets-de-la-modicite-des-prix-de-leur-production\/#primaryimage"},"image":{"@id":"https:\/\/kapitalis.com\/tunisie\/2019\/07\/17\/agro-industrie-les-betteraviers-de-jendouba-inquiets-de-la-modicite-des-prix-de-leur-production\/#primaryimage"},"thumbnailUrl":"","datePublished":"2019-07-17T07:37:41+00:00","dateModified":"2019-07-17T07:37:43+00:00","breadcrumb":{"@id":"https:\/\/kapitalis.com\/tunisie\/2019\/07\/17\/agro-industrie-les-betteraviers-de-jendouba-inquiets-de-la-modicite-des-prix-de-leur-production\/#breadcrumb"},"inLanguage":"fr-FR","potentialAction":[{"@type":"ReadAction","target":["https:\/\/kapitalis.com\/tunisie\/2019\/07\/17\/agro-industrie-les-betteraviers-de-jendouba-inquiets-de-la-modicite-des-prix-de-leur-production\/"]}]},{"@type":"ImageObject","inLanguage":"fr-FR","@id":"https:\/\/kapitalis.com\/tunisie\/2019\/07\/17\/agro-industrie-les-betteraviers-de-jendouba-inquiets-de-la-modicite-des-prix-de-leur-production\/#primaryimage","url":"","contentUrl":""},{"@type":"BreadcrumbList","@id":"https:\/\/kapitalis.com\/tunisie\/2019\/07\/17\/agro-industrie-les-betteraviers-de-jendouba-inquiets-de-la-modicite-des-prix-de-leur-production\/#breadcrumb","itemListElement":[{"@type":"ListItem","position":1,"name":"Accueil","item":"https:\/\/kapitalis.com\/tunisie\/"},{"@type":"ListItem","position":2,"name":"Agro-industrie : Les betteraviers de Jendouba inquiets de la modicit\u00e9 des prix de leur production"}]},{"@type":"WebSite","@id":"https:\/\/kapitalis.com\/tunisie\/#website","url":"https:\/\/kapitalis.com\/tunisie\/","name":"Kapitalis","description":"L&#039;actualit\u00e9 en Tunisie et dans le monde","publisher":{"@id":"https:\/\/kapitalis.com\/tunisie\/#organization"},"potentialAction":[{"@type":"SearchAction","target":{"@type":"EntryPoint","urlTemplate":"https:\/\/kapitalis.com\/tunisie\/?s={search_term_string}"},"query-input":{"@type":"PropertyValueSpecification","valueRequired":true,"valueName":"search_term_string"}}],"inLanguage":"fr-FR"},{"@type":"Organization","@id":"https:\/\/kapitalis.com\/tunisie\/#organization","name":"Kapitalis","url":"https:\/\/kapitalis.com\/tunisie\/","logo":{"@type":"ImageObject","inLanguage":"fr-FR","@id":"https:\/\/kapitalis.com\/tunisie\/#\/schema\/logo\/image\/","url":"https:\/\/kapitalis.com\/tunisie\/wp-content\/uploads\/2022\/05\/Kapitalis-big-size.png","contentUrl":"https:\/\/kapitalis.com\/tunisie\/wp-content\/uploads\/2022\/05\/Kapitalis-big-size.png","width":5000,"height":1500,"caption":"Kapitalis"},"image":{"@id":"https:\/\/kapitalis.com\/tunisie\/#\/schema\/logo\/image\/"},"sameAs":["https:\/\/www.facebook.com\/KapitalisInfo\/","https:\/\/x.com\/KapitalisInfo","https:\/\/www.youtube.com\/channel\/UC-yDYrHyfFBWWZaOw3FPg9Q"]},{"@type":"Person","@id":"https:\/\/kapitalis.com\/tunisie\/#\/schema\/person\/d71f33a9ca44f7bad4698210b480c8e9","name":"webmaster kapitalis","url":"https:\/\/kapitalis.com\/tunisie\/author\/webmaster-kapitalis\/"}]}},"_links":{"self":[{"href":"https:\/\/kapitalis.com\/tunisie\/wp-json\/wp\/v2\/posts\/225639","targetHints":{"allow":["GET"]}}],"collection":[{"href":"https:\/\/kapitalis.com\/tunisie\/wp-json\/wp\/v2\/posts"}],"about":[{"href":"https:\/\/kapitalis.com\/tunisie\/wp-json\/wp\/v2\/types\/post"}],"author":[{"embeddable":true,"href":"https:\/\/kapitalis.com\/tunisie\/wp-json\/wp\/v2\/users\/8"}],"replies":[{"embeddable":true,"href":"https:\/\/kapitalis.com\/tunisie\/wp-json\/wp\/v2\/comments?post=225639"}],"version-history":[{"count":0,"href":"https:\/\/kapitalis.com\/tunisie\/wp-json\/wp\/v2\/posts\/225639\/revisions"}],"wp:featuredmedia":[{"embeddable":true,"href":"https:\/\/kapitalis.com\/tunisie\/wp-json\/wp\/v2\/media\/225640"}],"wp:attachment":[{"href":"https:\/\/kapitalis.com\/tunisie\/wp-json\/wp\/v2\/media?parent=225639"}],"wp:term":[{"taxonomy":"category","embeddable":true,"href":"https:\/\/kapitalis.com\/tunisie\/wp-json\/wp\/v2\/categories?post=225639"},{"taxonomy":"post_tag","embeddable":true,"href":"https:\/\/kapitalis.com\/tunisie\/wp-json\/wp\/v2\/tags?post=225639"}],"curies":[{"name":"wp","href":"https:\/\/api.w.org\/{rel}","templated":true}]}}