{"id":225795,"date":"2019-07-17T16:10:14","date_gmt":"2019-07-17T15:10:14","guid":{"rendered":"http:\/\/kapitalis.com\/tunisie\/?p=225795"},"modified":"2019-07-17T16:10:17","modified_gmt":"2019-07-17T15:10:17","slug":"tunisie-valeurs-va-creer-une-filiale-specialisee-dans-les-metiers-de-banque-daffaires","status":"publish","type":"post","link":"https:\/\/kapitalis.com\/tunisie\/2019\/07\/17\/tunisie-valeurs-va-creer-une-filiale-specialisee-dans-les-metiers-de-banque-daffaires\/","title":{"rendered":"Tunisie Valeurs va cr\u00e9er une filiale sp\u00e9cialis\u00e9e dans les m\u00e9tiers de banque d\u2019affaires"},"content":{"rendered":"\n<figure class=\"wp-block-image\"><img decoding=\"async\" src=\"http:\/\/kapitalis.com\/tunisie\/wp-content\/uploads\/2018\/08\/Tunisie-Valeurs.jpg\" alt=\"\" class=\"wp-image-171104\"\/><\/figure>\n\n\n\n<p><strong><em>La soci\u00e9t\u00e9 Tunisie Valeurs annonce dans un communiqu\u00e9 avoir d\u00e9pos\u00e9 une demande d&rsquo;agr\u00e9ment aupr\u00e8s de la Banque centrale de Tunisie (BCT) pour cr\u00e9er une banque d&rsquo;affaires.<\/em><\/strong><\/p>\n\n\n\n<!--more-->\n\n\n\n<p>Il s&rsquo;agit de cr\u00e9er une filiale d\u00e9tenue \u00e0 100% par Tunisie Valeurs, dot\u00e9e d\u2019un capital en num\u00e9raire de 10 millions de dinars tunisiens (MDT), sp\u00e9cialis\u00e9e dans les m\u00e9tiers de banque d\u2019affaires. <\/p>\n\n\n\n<p>Tunisie Valeurs avait obtenu, le 11 janvier 2019, un agr\u00e9ment de principe de la commission des agr\u00e9ments de la BCT, en vue de se transformer en banque d\u2019affaires. <\/p>\n\n\n\n<p>Cet agr\u00e9ment est assorti d\u2019un certain nombre de conditions, dont principalement l\u2019augmentation de capital social de Tunisie Valeurs 10 \u00e0 20 MDT, par incorporation de r\u00e9serves (effectu\u00e9e le 19 avril 2019), et l\u2019obtention des autorisations requises du Conseil du march\u00e9 financier (CMF), pour la filialisation des activit\u00e9s d\u2019interm\u00e9diation en bourse et de gestion d\u2019actifs. <\/p>\n\n\n\n<p>Apr\u00e8s \u00e9tude et discussion du montage juridique aupr\u00e8s des services du CMF en f\u00e9vrier 2019, la soci\u00e9t\u00e9 a d\u00e9cid\u00e9 de revoir le sch\u00e9ma juridique et organisationnel, pour lui donner plus de coh\u00e9rence et une plus grande efficacit\u00e9 op\u00e9rationnelle. <\/p>\n\n\n\n<p>Suite \u00e0 quoi, il a \u00e9t\u00e9 d\u00e9cid\u00e9 de d\u00e9poser \u00e0 nouveau un dossier d\u2019agr\u00e9ment avec la nouvelle organisation de la banque d\u2019affaires projet\u00e9e, aupr\u00e8s de la commission des agr\u00e9ments pour r\u00e9examen. Ce qui a \u00e9t\u00e9 fait le 8 juillet 2019. <\/p>\n\n\n<p style=\"text-align: right;\"><strong>A. M. <\/strong><em>(avec <strong><span style=\"color: #3366ff;\"><a style=\"color: #3366ff;\" href=\"https:\/\/www.cmf.tn\/sites\/default\/files\/pdfs\/emetteurs\/communiques\/comste_170719_tunisie_valeurs.pdf\" target=\"_blank\" rel=\"noopener noreferrer\">CMF<\/a>).<\/span><\/strong><\/em><\/p>\n\n\n<p> <br><\/p>\n","protected":false},"excerpt":{"rendered":"<p>La soci\u00e9t\u00e9 Tunisie Valeurs annonce dans un communiqu\u00e9 avoir d\u00e9pos\u00e9 une demande d&rsquo;agr\u00e9ment aupr\u00e8s de la Banque centrale de Tunisie (BCT) pour cr\u00e9er une banque d&rsquo;affaires.<\/p>\n","protected":false},"author":22,"featured_media":0,"comment_status":"open","ping_status":"open","sticky":false,"template":"","format":"standard","meta":{"footnotes":""},"categories":[995,2433],"tags":[8938,3843,8129],"class_list":["post-225795","post","type-post","status-publish","format-standard","hentry","category-economie","category-tunisie","tag-banque-centrale-de-tunisie","tag-cmf","tag-tunisie-valeurs"],"yoast_head":"<!-- This site is optimized with the Yoast SEO plugin v26.6 - https:\/\/yoast.com\/wordpress\/plugins\/seo\/ -->\n<title>Tunisie Valeurs va cr\u00e9er une filiale sp\u00e9cialis\u00e9e dans les m\u00e9tiers de banque d\u2019affaires - Kapitalis<\/title>\n<meta name=\"robots\" content=\"index, follow, max-snippet:-1, max-image-preview:large, max-video-preview:-1\" \/>\n<link rel=\"canonical\" href=\"https:\/\/kapitalis.com\/tunisie\/2019\/07\/17\/tunisie-valeurs-va-creer-une-filiale-specialisee-dans-les-metiers-de-banque-daffaires\/\" \/>\n<meta property=\"og:locale\" content=\"fr_FR\" \/>\n<meta property=\"og:type\" content=\"article\" \/>\n<meta property=\"og:title\" content=\"Tunisie Valeurs va cr\u00e9er une filiale sp\u00e9cialis\u00e9e dans les m\u00e9tiers de banque d\u2019affaires - Kapitalis\" \/>\n<meta property=\"og:description\" content=\"La soci\u00e9t\u00e9 Tunisie Valeurs annonce dans un communiqu\u00e9 avoir d\u00e9pos\u00e9 une demande d&rsquo;agr\u00e9ment aupr\u00e8s de la Banque centrale de Tunisie (BCT) pour cr\u00e9er une banque d&rsquo;affaires.\" \/>\n<meta property=\"og:url\" content=\"https:\/\/kapitalis.com\/tunisie\/2019\/07\/17\/tunisie-valeurs-va-creer-une-filiale-specialisee-dans-les-metiers-de-banque-daffaires\/\" \/>\n<meta property=\"og:site_name\" content=\"Kapitalis\" \/>\n<meta property=\"article:publisher\" content=\"https:\/\/www.facebook.com\/KapitalisInfo\/\" \/>\n<meta property=\"article:published_time\" content=\"2019-07-17T15:10:14+00:00\" \/>\n<meta property=\"article:modified_time\" content=\"2019-07-17T15:10:17+00:00\" \/>\n<meta property=\"og:image\" content=\"http:\/\/kapitalis.com\/tunisie\/wp-content\/uploads\/2018\/08\/Tunisie-Valeurs.jpg\" \/>\n<meta name=\"author\" content=\"Amina Mkada\" \/>\n<meta name=\"twitter:card\" content=\"summary_large_image\" \/>\n<meta name=\"twitter:creator\" content=\"@KapitalisInfo\" \/>\n<meta name=\"twitter:site\" content=\"@KapitalisInfo\" \/>\n<meta name=\"twitter:label1\" content=\"\u00c9crit par\" \/>\n\t<meta name=\"twitter:data1\" content=\"Amina Mkada\" \/>\n\t<meta name=\"twitter:label2\" content=\"Dur\u00e9e de lecture estim\u00e9e\" \/>\n\t<meta name=\"twitter:data2\" content=\"1 minute\" \/>\n<script type=\"application\/ld+json\" class=\"yoast-schema-graph\">{\"@context\":\"https:\/\/schema.org\",\"@graph\":[{\"@type\":\"Article\",\"@id\":\"https:\/\/kapitalis.com\/tunisie\/2019\/07\/17\/tunisie-valeurs-va-creer-une-filiale-specialisee-dans-les-metiers-de-banque-daffaires\/#article\",\"isPartOf\":{\"@id\":\"https:\/\/kapitalis.com\/tunisie\/2019\/07\/17\/tunisie-valeurs-va-creer-une-filiale-specialisee-dans-les-metiers-de-banque-daffaires\/\"},\"author\":{\"name\":\"Amina Mkada\",\"@id\":\"https:\/\/kapitalis.com\/tunisie\/#\/schema\/person\/093913313d3017554cb3ad077fff3fbd\"},\"headline\":\"Tunisie Valeurs va cr\u00e9er une filiale sp\u00e9cialis\u00e9e dans les m\u00e9tiers de banque d\u2019affaires\",\"datePublished\":\"2019-07-17T15:10:14+00:00\",\"dateModified\":\"2019-07-17T15:10:17+00:00\",\"mainEntityOfPage\":{\"@id\":\"https:\/\/kapitalis.com\/tunisie\/2019\/07\/17\/tunisie-valeurs-va-creer-une-filiale-specialisee-dans-les-metiers-de-banque-daffaires\/\"},\"wordCount\":268,\"commentCount\":0,\"publisher\":{\"@id\":\"https:\/\/kapitalis.com\/tunisie\/#organization\"},\"image\":{\"@id\":\"https:\/\/kapitalis.com\/tunisie\/2019\/07\/17\/tunisie-valeurs-va-creer-une-filiale-specialisee-dans-les-metiers-de-banque-daffaires\/#primaryimage\"},\"thumbnailUrl\":\"http:\/\/kapitalis.com\/tunisie\/wp-content\/uploads\/2018\/08\/Tunisie-Valeurs.jpg\",\"keywords\":[\"Banque centrale de Tunisie\",\"CMF\",\"Tunisie valeurs\"],\"articleSection\":[\"ECONOMIE\",\"Tunisie\"],\"inLanguage\":\"fr-FR\",\"potentialAction\":[{\"@type\":\"CommentAction\",\"name\":\"Comment\",\"target\":[\"https:\/\/kapitalis.com\/tunisie\/2019\/07\/17\/tunisie-valeurs-va-creer-une-filiale-specialisee-dans-les-metiers-de-banque-daffaires\/#respond\"]}]},{\"@type\":\"WebPage\",\"@id\":\"https:\/\/kapitalis.com\/tunisie\/2019\/07\/17\/tunisie-valeurs-va-creer-une-filiale-specialisee-dans-les-metiers-de-banque-daffaires\/\",\"url\":\"https:\/\/kapitalis.com\/tunisie\/2019\/07\/17\/tunisie-valeurs-va-creer-une-filiale-specialisee-dans-les-metiers-de-banque-daffaires\/\",\"name\":\"Tunisie Valeurs va cr\u00e9er une filiale sp\u00e9cialis\u00e9e dans les m\u00e9tiers de banque d\u2019affaires - Kapitalis\",\"isPartOf\":{\"@id\":\"https:\/\/kapitalis.com\/tunisie\/#website\"},\"primaryImageOfPage\":{\"@id\":\"https:\/\/kapitalis.com\/tunisie\/2019\/07\/17\/tunisie-valeurs-va-creer-une-filiale-specialisee-dans-les-metiers-de-banque-daffaires\/#primaryimage\"},\"image\":{\"@id\":\"https:\/\/kapitalis.com\/tunisie\/2019\/07\/17\/tunisie-valeurs-va-creer-une-filiale-specialisee-dans-les-metiers-de-banque-daffaires\/#primaryimage\"},\"thumbnailUrl\":\"http:\/\/kapitalis.com\/tunisie\/wp-content\/uploads\/2018\/08\/Tunisie-Valeurs.jpg\",\"datePublished\":\"2019-07-17T15:10:14+00:00\",\"dateModified\":\"2019-07-17T15:10:17+00:00\",\"breadcrumb\":{\"@id\":\"https:\/\/kapitalis.com\/tunisie\/2019\/07\/17\/tunisie-valeurs-va-creer-une-filiale-specialisee-dans-les-metiers-de-banque-daffaires\/#breadcrumb\"},\"inLanguage\":\"fr-FR\",\"potentialAction\":[{\"@type\":\"ReadAction\",\"target\":[\"https:\/\/kapitalis.com\/tunisie\/2019\/07\/17\/tunisie-valeurs-va-creer-une-filiale-specialisee-dans-les-metiers-de-banque-daffaires\/\"]}]},{\"@type\":\"ImageObject\",\"inLanguage\":\"fr-FR\",\"@id\":\"https:\/\/kapitalis.com\/tunisie\/2019\/07\/17\/tunisie-valeurs-va-creer-une-filiale-specialisee-dans-les-metiers-de-banque-daffaires\/#primaryimage\",\"url\":\"http:\/\/kapitalis.com\/tunisie\/wp-content\/uploads\/2018\/08\/Tunisie-Valeurs.jpg\",\"contentUrl\":\"http:\/\/kapitalis.com\/tunisie\/wp-content\/uploads\/2018\/08\/Tunisie-Valeurs.jpg\"},{\"@type\":\"BreadcrumbList\",\"@id\":\"https:\/\/kapitalis.com\/tunisie\/2019\/07\/17\/tunisie-valeurs-va-creer-une-filiale-specialisee-dans-les-metiers-de-banque-daffaires\/#breadcrumb\",\"itemListElement\":[{\"@type\":\"ListItem\",\"position\":1,\"name\":\"Accueil\",\"item\":\"https:\/\/kapitalis.com\/tunisie\/\"},{\"@type\":\"ListItem\",\"position\":2,\"name\":\"Tunisie Valeurs va cr\u00e9er une filiale sp\u00e9cialis\u00e9e dans les m\u00e9tiers de banque d\u2019affaires\"}]},{\"@type\":\"WebSite\",\"@id\":\"https:\/\/kapitalis.com\/tunisie\/#website\",\"url\":\"https:\/\/kapitalis.com\/tunisie\/\",\"name\":\"Kapitalis\",\"description\":\"L&#039;actualit\u00e9 en Tunisie et dans le monde\",\"publisher\":{\"@id\":\"https:\/\/kapitalis.com\/tunisie\/#organization\"},\"potentialAction\":[{\"@type\":\"SearchAction\",\"target\":{\"@type\":\"EntryPoint\",\"urlTemplate\":\"https:\/\/kapitalis.com\/tunisie\/?s={search_term_string}\"},\"query-input\":{\"@type\":\"PropertyValueSpecification\",\"valueRequired\":true,\"valueName\":\"search_term_string\"}}],\"inLanguage\":\"fr-FR\"},{\"@type\":\"Organization\",\"@id\":\"https:\/\/kapitalis.com\/tunisie\/#organization\",\"name\":\"Kapitalis\",\"url\":\"https:\/\/kapitalis.com\/tunisie\/\",\"logo\":{\"@type\":\"ImageObject\",\"inLanguage\":\"fr-FR\",\"@id\":\"https:\/\/kapitalis.com\/tunisie\/#\/schema\/logo\/image\/\",\"url\":\"https:\/\/kapitalis.com\/tunisie\/wp-content\/uploads\/2022\/05\/Kapitalis-big-size.png\",\"contentUrl\":\"https:\/\/kapitalis.com\/tunisie\/wp-content\/uploads\/2022\/05\/Kapitalis-big-size.png\",\"width\":5000,\"height\":1500,\"caption\":\"Kapitalis\"},\"image\":{\"@id\":\"https:\/\/kapitalis.com\/tunisie\/#\/schema\/logo\/image\/\"},\"sameAs\":[\"https:\/\/www.facebook.com\/KapitalisInfo\/\",\"https:\/\/x.com\/KapitalisInfo\",\"https:\/\/www.youtube.com\/channel\/UC-yDYrHyfFBWWZaOw3FPg9Q\"]},{\"@type\":\"Person\",\"@id\":\"https:\/\/kapitalis.com\/tunisie\/#\/schema\/person\/093913313d3017554cb3ad077fff3fbd\",\"name\":\"Amina Mkada\",\"url\":\"https:\/\/kapitalis.com\/tunisie\/author\/amina\/\"}]}<\/script>\n<!-- \/ Yoast SEO plugin. -->","yoast_head_json":{"title":"Tunisie Valeurs va cr\u00e9er une filiale sp\u00e9cialis\u00e9e dans les m\u00e9tiers de banque d\u2019affaires - Kapitalis","robots":{"index":"index","follow":"follow","max-snippet":"max-snippet:-1","max-image-preview":"max-image-preview:large","max-video-preview":"max-video-preview:-1"},"canonical":"https:\/\/kapitalis.com\/tunisie\/2019\/07\/17\/tunisie-valeurs-va-creer-une-filiale-specialisee-dans-les-metiers-de-banque-daffaires\/","og_locale":"fr_FR","og_type":"article","og_title":"Tunisie Valeurs va cr\u00e9er une filiale sp\u00e9cialis\u00e9e dans les m\u00e9tiers de banque d\u2019affaires - Kapitalis","og_description":"La soci\u00e9t\u00e9 Tunisie Valeurs annonce dans un communiqu\u00e9 avoir d\u00e9pos\u00e9 une demande d&rsquo;agr\u00e9ment aupr\u00e8s de la Banque centrale de Tunisie (BCT) pour cr\u00e9er une banque d&rsquo;affaires.","og_url":"https:\/\/kapitalis.com\/tunisie\/2019\/07\/17\/tunisie-valeurs-va-creer-une-filiale-specialisee-dans-les-metiers-de-banque-daffaires\/","og_site_name":"Kapitalis","article_publisher":"https:\/\/www.facebook.com\/KapitalisInfo\/","article_published_time":"2019-07-17T15:10:14+00:00","article_modified_time":"2019-07-17T15:10:17+00:00","og_image":[{"url":"http:\/\/kapitalis.com\/tunisie\/wp-content\/uploads\/2018\/08\/Tunisie-Valeurs.jpg","type":"","width":"","height":""}],"author":"Amina Mkada","twitter_card":"summary_large_image","twitter_creator":"@KapitalisInfo","twitter_site":"@KapitalisInfo","twitter_misc":{"\u00c9crit par":"Amina Mkada","Dur\u00e9e de lecture estim\u00e9e":"1 minute"},"schema":{"@context":"https:\/\/schema.org","@graph":[{"@type":"Article","@id":"https:\/\/kapitalis.com\/tunisie\/2019\/07\/17\/tunisie-valeurs-va-creer-une-filiale-specialisee-dans-les-metiers-de-banque-daffaires\/#article","isPartOf":{"@id":"https:\/\/kapitalis.com\/tunisie\/2019\/07\/17\/tunisie-valeurs-va-creer-une-filiale-specialisee-dans-les-metiers-de-banque-daffaires\/"},"author":{"name":"Amina Mkada","@id":"https:\/\/kapitalis.com\/tunisie\/#\/schema\/person\/093913313d3017554cb3ad077fff3fbd"},"headline":"Tunisie Valeurs va cr\u00e9er une filiale sp\u00e9cialis\u00e9e dans les m\u00e9tiers de banque d\u2019affaires","datePublished":"2019-07-17T15:10:14+00:00","dateModified":"2019-07-17T15:10:17+00:00","mainEntityOfPage":{"@id":"https:\/\/kapitalis.com\/tunisie\/2019\/07\/17\/tunisie-valeurs-va-creer-une-filiale-specialisee-dans-les-metiers-de-banque-daffaires\/"},"wordCount":268,"commentCount":0,"publisher":{"@id":"https:\/\/kapitalis.com\/tunisie\/#organization"},"image":{"@id":"https:\/\/kapitalis.com\/tunisie\/2019\/07\/17\/tunisie-valeurs-va-creer-une-filiale-specialisee-dans-les-metiers-de-banque-daffaires\/#primaryimage"},"thumbnailUrl":"http:\/\/kapitalis.com\/tunisie\/wp-content\/uploads\/2018\/08\/Tunisie-Valeurs.jpg","keywords":["Banque centrale de Tunisie","CMF","Tunisie valeurs"],"articleSection":["ECONOMIE","Tunisie"],"inLanguage":"fr-FR","potentialAction":[{"@type":"CommentAction","name":"Comment","target":["https:\/\/kapitalis.com\/tunisie\/2019\/07\/17\/tunisie-valeurs-va-creer-une-filiale-specialisee-dans-les-metiers-de-banque-daffaires\/#respond"]}]},{"@type":"WebPage","@id":"https:\/\/kapitalis.com\/tunisie\/2019\/07\/17\/tunisie-valeurs-va-creer-une-filiale-specialisee-dans-les-metiers-de-banque-daffaires\/","url":"https:\/\/kapitalis.com\/tunisie\/2019\/07\/17\/tunisie-valeurs-va-creer-une-filiale-specialisee-dans-les-metiers-de-banque-daffaires\/","name":"Tunisie Valeurs va cr\u00e9er une filiale sp\u00e9cialis\u00e9e dans les m\u00e9tiers de banque d\u2019affaires - Kapitalis","isPartOf":{"@id":"https:\/\/kapitalis.com\/tunisie\/#website"},"primaryImageOfPage":{"@id":"https:\/\/kapitalis.com\/tunisie\/2019\/07\/17\/tunisie-valeurs-va-creer-une-filiale-specialisee-dans-les-metiers-de-banque-daffaires\/#primaryimage"},"image":{"@id":"https:\/\/kapitalis.com\/tunisie\/2019\/07\/17\/tunisie-valeurs-va-creer-une-filiale-specialisee-dans-les-metiers-de-banque-daffaires\/#primaryimage"},"thumbnailUrl":"http:\/\/kapitalis.com\/tunisie\/wp-content\/uploads\/2018\/08\/Tunisie-Valeurs.jpg","datePublished":"2019-07-17T15:10:14+00:00","dateModified":"2019-07-17T15:10:17+00:00","breadcrumb":{"@id":"https:\/\/kapitalis.com\/tunisie\/2019\/07\/17\/tunisie-valeurs-va-creer-une-filiale-specialisee-dans-les-metiers-de-banque-daffaires\/#breadcrumb"},"inLanguage":"fr-FR","potentialAction":[{"@type":"ReadAction","target":["https:\/\/kapitalis.com\/tunisie\/2019\/07\/17\/tunisie-valeurs-va-creer-une-filiale-specialisee-dans-les-metiers-de-banque-daffaires\/"]}]},{"@type":"ImageObject","inLanguage":"fr-FR","@id":"https:\/\/kapitalis.com\/tunisie\/2019\/07\/17\/tunisie-valeurs-va-creer-une-filiale-specialisee-dans-les-metiers-de-banque-daffaires\/#primaryimage","url":"http:\/\/kapitalis.com\/tunisie\/wp-content\/uploads\/2018\/08\/Tunisie-Valeurs.jpg","contentUrl":"http:\/\/kapitalis.com\/tunisie\/wp-content\/uploads\/2018\/08\/Tunisie-Valeurs.jpg"},{"@type":"BreadcrumbList","@id":"https:\/\/kapitalis.com\/tunisie\/2019\/07\/17\/tunisie-valeurs-va-creer-une-filiale-specialisee-dans-les-metiers-de-banque-daffaires\/#breadcrumb","itemListElement":[{"@type":"ListItem","position":1,"name":"Accueil","item":"https:\/\/kapitalis.com\/tunisie\/"},{"@type":"ListItem","position":2,"name":"Tunisie Valeurs va cr\u00e9er une filiale sp\u00e9cialis\u00e9e dans les m\u00e9tiers de banque d\u2019affaires"}]},{"@type":"WebSite","@id":"https:\/\/kapitalis.com\/tunisie\/#website","url":"https:\/\/kapitalis.com\/tunisie\/","name":"Kapitalis","description":"L&#039;actualit\u00e9 en Tunisie et dans le monde","publisher":{"@id":"https:\/\/kapitalis.com\/tunisie\/#organization"},"potentialAction":[{"@type":"SearchAction","target":{"@type":"EntryPoint","urlTemplate":"https:\/\/kapitalis.com\/tunisie\/?s={search_term_string}"},"query-input":{"@type":"PropertyValueSpecification","valueRequired":true,"valueName":"search_term_string"}}],"inLanguage":"fr-FR"},{"@type":"Organization","@id":"https:\/\/kapitalis.com\/tunisie\/#organization","name":"Kapitalis","url":"https:\/\/kapitalis.com\/tunisie\/","logo":{"@type":"ImageObject","inLanguage":"fr-FR","@id":"https:\/\/kapitalis.com\/tunisie\/#\/schema\/logo\/image\/","url":"https:\/\/kapitalis.com\/tunisie\/wp-content\/uploads\/2022\/05\/Kapitalis-big-size.png","contentUrl":"https:\/\/kapitalis.com\/tunisie\/wp-content\/uploads\/2022\/05\/Kapitalis-big-size.png","width":5000,"height":1500,"caption":"Kapitalis"},"image":{"@id":"https:\/\/kapitalis.com\/tunisie\/#\/schema\/logo\/image\/"},"sameAs":["https:\/\/www.facebook.com\/KapitalisInfo\/","https:\/\/x.com\/KapitalisInfo","https:\/\/www.youtube.com\/channel\/UC-yDYrHyfFBWWZaOw3FPg9Q"]},{"@type":"Person","@id":"https:\/\/kapitalis.com\/tunisie\/#\/schema\/person\/093913313d3017554cb3ad077fff3fbd","name":"Amina Mkada","url":"https:\/\/kapitalis.com\/tunisie\/author\/amina\/"}]}},"_links":{"self":[{"href":"https:\/\/kapitalis.com\/tunisie\/wp-json\/wp\/v2\/posts\/225795","targetHints":{"allow":["GET"]}}],"collection":[{"href":"https:\/\/kapitalis.com\/tunisie\/wp-json\/wp\/v2\/posts"}],"about":[{"href":"https:\/\/kapitalis.com\/tunisie\/wp-json\/wp\/v2\/types\/post"}],"author":[{"embeddable":true,"href":"https:\/\/kapitalis.com\/tunisie\/wp-json\/wp\/v2\/users\/22"}],"replies":[{"embeddable":true,"href":"https:\/\/kapitalis.com\/tunisie\/wp-json\/wp\/v2\/comments?post=225795"}],"version-history":[{"count":0,"href":"https:\/\/kapitalis.com\/tunisie\/wp-json\/wp\/v2\/posts\/225795\/revisions"}],"wp:attachment":[{"href":"https:\/\/kapitalis.com\/tunisie\/wp-json\/wp\/v2\/media?parent=225795"}],"wp:term":[{"taxonomy":"category","embeddable":true,"href":"https:\/\/kapitalis.com\/tunisie\/wp-json\/wp\/v2\/categories?post=225795"},{"taxonomy":"post_tag","embeddable":true,"href":"https:\/\/kapitalis.com\/tunisie\/wp-json\/wp\/v2\/tags?post=225795"}],"curies":[{"name":"wp","href":"https:\/\/api.w.org\/{rel}","templated":true}]}}