{"id":2263923,"date":"2022-07-15T11:13:03","date_gmt":"2022-07-15T10:13:03","guid":{"rendered":"https:\/\/kapitalis.com\/tunisie\/?p=2263923"},"modified":"2022-07-15T11:21:06","modified_gmt":"2022-07-15T10:21:06","slug":"festival-de-carthage-2022-une-ouverture-eclatante-avec-ocheg-edenya-de-bouchnak-photos","status":"publish","type":"post","link":"https:\/\/kapitalis.com\/tunisie\/2022\/07\/15\/festival-de-carthage-2022-une-ouverture-eclatante-avec-ocheg-edenya-de-bouchnak-photos\/","title":{"rendered":"Festival de Carthage 2022\u00a0: Une ouverture \u00e9clatante avec Ocheg Edenya de Bouchnak (Photos)"},"content":{"rendered":"\n<p><em><strong>Le coup d\u2019envoi de la 56<sup>e<\/sup> \u00e9dition du festival international de Carthage a \u00e9t\u00e9 donn\u00e9 hier soir, jeudi 14 juillet, avec la com\u00e9die musicale tunisienne Ocheg Edenya d\u2019Abdelhamid Bouchnak. Le public de Carthage n\u2019est pas pr\u00e8s d\u2019oublier cette soir\u00e9e aux couleurs des ann\u00e9es 90.<\/strong><\/em><\/p>\n\n\n\n<!--more-->\n\n\n\n<p>Le Th\u00e9\u00e2tre romain de Carthage a de nouveau ouvert ses portes au public hier soir apr\u00e8s une longue absence caus\u00e9e par la pand\u00e9mie du Coronavirus qui avait mis le monde des arts et de la culture en arr\u00eat. <\/p>\n\n\n\n<p><strong>Une ouverte \u00e0 la hauteur des attentes<\/strong><\/p>\n\n\n\n<p>Le public de Carthage a r\u00e9pondu pr\u00e9sent hier \u00e0 l\u2019ouverture de la 56<sup>e<\/sup> \u00e9dition avec un spectacle hors normes, sign\u00e9 Abdelhamid Bouchnak, ayant affich\u00e9 complet quelques jours seulement apr\u00e8s la mise en vente des billets, ayant pour sponsor officiel <a href=\"https:\/\/l.facebook.com\/l.php?u=https%3A%2F%2Fwww.tunisietelecom.tn%2FFr%3Ffbclid%3DIwAR1xBC0VRwjkovYjN9zEhOU97FWvKqvRfdCTRe4-xQGr3ggk2o4OR49kC8M&amp;h=AT10rBQlO_5jLPe54WXPDDRaDSj9w8k8sVlOp-ebbG6kGI0SlbKjUzaFdUqkF4goUdisa0kZ1flhtzsHxepj671PThOyscGqADTk4qIXwzf9JRZA-7z44Nqw0Iw43BdvmQ\">Tunisie T\u00e9l\u00e9com<\/a>.<\/p>\n\n\n\n<p>\u00ab\u00a0Ocheg Edenya\u00a0\u00bb est l\u2019histoire d\u2019une s\u00e9rie t\u00e9l\u00e9vis\u00e9e \u00e0 succ\u00e8s adapt\u00e9e en une com\u00e9die musicale, une premi\u00e8re en Tunisie et un pari audacieux que Bouchnak a su relever car il sait cr\u00e9er de la magie aussi bien sur le grand \u00e9cran (avec \u00ab\u00a0Dachra\u00a0\u00bb et \u00ab\u00a0papillon d\u2019or\u00a0\u00bb), sur le petit-\u00e9cran (avec \u00ab\u00a0Nouba\u00a0\u00bb et \u00ab\u00a0Ken ya makench\u00a0\u00bb) et sur sc\u00e8ne avec ce merveilleux spectacle d\u2019Ocheg Edenya.<\/p>\n\n\n<div class=\"wp-block-image\">\n<figure class=\"aligncenter size-large\"><img loading=\"lazy\" decoding=\"async\" width=\"1024\" height=\"538\" src=\"https:\/\/kapitalis.com\/tunisie\/wp-content\/uploads\/2022\/07\/Ocheg-Edenya.-1024x538.jpg\" alt=\"\" class=\"wp-image-2265362\" srcset=\"https:\/\/kapitalis.com\/tunisie\/wp-content\/uploads\/2022\/07\/Ocheg-Edenya.-1024x538.jpg 1024w, https:\/\/kapitalis.com\/tunisie\/wp-content\/uploads\/2022\/07\/Ocheg-Edenya.-300x158.jpg 300w, https:\/\/kapitalis.com\/tunisie\/wp-content\/uploads\/2022\/07\/Ocheg-Edenya.-768x403.jpg 768w, https:\/\/kapitalis.com\/tunisie\/wp-content\/uploads\/2022\/07\/Ocheg-Edenya.-580x305.jpg 580w, https:\/\/kapitalis.com\/tunisie\/wp-content\/uploads\/2022\/07\/Ocheg-Edenya.-860x452.jpg 860w, https:\/\/kapitalis.com\/tunisie\/wp-content\/uploads\/2022\/07\/Ocheg-Edenya.-1160x609.jpg 1160w, https:\/\/kapitalis.com\/tunisie\/wp-content\/uploads\/2022\/07\/Ocheg-Edenya..jpg 1200w\" sizes=\"auto, (max-width: 1024px) 100vw, 1024px\" \/><\/figure>\n<\/div>\n\n\n<p>La soir\u00e9e d\u2019ouverture \u00e9tait \u00e9galement l\u2019occasion de rendre hommage \u00e0 la joueuse de Tennis tunisienne \u00e0 la renomm\u00e9e internationale Ons Jabeur qui a fait son apparition sur sc\u00e8ne avant le d\u00e9but du spectacle.<\/p>\n\n\n\n<p><strong>Un spectacle aux mille couleurs<\/strong><\/p>\n\n\n\n<p>Ocheg Edenya est une com\u00e9die musicale d\u00e9di\u00e9e \u00e0 la musique populaire tunisienne et ancr\u00e9e dans les ann\u00e9es 90 autour de laquelle se sont r\u00e9unis p\u00e8s de 100 artistes&nbsp;; il y a \u00e9videmment les personnages principaux de Nouba, \u00e0 commencer par le fameux couple Habiba et Meher (Amira Chebli et Bilel Briki), Bringa (Chedly Arfaoui), Baba el H\u00e9di (Bahri Rahali), Wassila (Hela Ayed), Wajdi (Aziz Jebali) \u2026 mais \u00e9galement plusieurs chanteurs qui ont fait leur apparition sur sc\u00e8ne pour interpr\u00e9ter leurs propres titres comme Lotfi Bouchnak, Slah Farzit, Samir Loussif, Hichem Salem, Tlili Gafsi, Habib Chankaoui ou encore Mahmoud Saidi, accompagn\u00e9s par des musiciens et des danseurs de musique populaire tunisienne.<\/p>\n\n\n<div class=\"wp-block-image\">\n<figure class=\"aligncenter size-large\"><img loading=\"lazy\" decoding=\"async\" width=\"1024\" height=\"538\" src=\"https:\/\/kapitalis.com\/tunisie\/wp-content\/uploads\/2022\/07\/Ocheg-Edenya..-1024x538.jpg\" alt=\"\" class=\"wp-image-2265384\" srcset=\"https:\/\/kapitalis.com\/tunisie\/wp-content\/uploads\/2022\/07\/Ocheg-Edenya..-1024x538.jpg 1024w, https:\/\/kapitalis.com\/tunisie\/wp-content\/uploads\/2022\/07\/Ocheg-Edenya..-300x158.jpg 300w, https:\/\/kapitalis.com\/tunisie\/wp-content\/uploads\/2022\/07\/Ocheg-Edenya..-768x403.jpg 768w, https:\/\/kapitalis.com\/tunisie\/wp-content\/uploads\/2022\/07\/Ocheg-Edenya..-580x305.jpg 580w, https:\/\/kapitalis.com\/tunisie\/wp-content\/uploads\/2022\/07\/Ocheg-Edenya..-860x452.jpg 860w, https:\/\/kapitalis.com\/tunisie\/wp-content\/uploads\/2022\/07\/Ocheg-Edenya..-1160x609.jpg 1160w, https:\/\/kapitalis.com\/tunisie\/wp-content\/uploads\/2022\/07\/Ocheg-Edenya...jpg 1200w\" sizes=\"auto, (max-width: 1024px) 100vw, 1024px\" \/><\/figure>\n<\/div>\n\n\n<p>Comme promis, Bouchnak a mis plein les yeux au public de Carthage avec un spectacle comme on en voit rarement o\u00f9 se r\u00e9unissent la danse, le chant et le th\u00e9\u00e2tre, le tout dans une mise en sc\u00e8ne intelligemment con\u00e7ue autour de plusieurs tableaux qui reviennent sur les \u00e9v\u00e9nements les plus marquants des deux saisons de la s\u00e9rie Nouba.<\/p>\n\n\n\n<p>Ocheg Edenya continue aussi ce soir \u00e0 Carthage avec un deuxi\u00e8me spectacle qui a \u00e9galement vite affich\u00e9 complet.<\/p>\n\n\n\n<p class=\"has-text-align-right\"><strong>F.B<\/strong><\/p>\n","protected":false},"excerpt":{"rendered":"<p>Le coup d\u2019envoi de la 56e \u00e9dition du festival international de Carthage a \u00e9t\u00e9 donn\u00e9 hier soir, jeudi 14 juillet, avec la com\u00e9die musicale tunisienne Ocheg Edenya d\u2019Abdelhamid Bouchnak. Le public de Carthage n\u2019est pas pr\u00e8s d\u2019oublier cette soir\u00e9e aux couleurs des ann\u00e9es 90.<\/p>\n","protected":false},"author":26,"featured_media":2265334,"comment_status":"open","ping_status":"open","sticky":false,"template":"","format":"standard","meta":{"footnotes":""},"categories":[992,994,2433],"tags":[34363,100711,101373,101393,62643],"class_list":["post-2263923","post","type-post","status-publish","format-standard","has-post-thumbnail","hentry","category-a-la-une","category-culture","category-tunisie","tag-abdelhamid-bouchnak","tag-festival-international-de-carthage-2022","tag-ocheg-edenya","tag-ons-jabeur-a-carthage","tag-tunisie"],"yoast_head":"<!-- This site is optimized with the Yoast SEO plugin v26.6 - https:\/\/yoast.com\/wordpress\/plugins\/seo\/ -->\n<title>Festival de Carthage 2022\u00a0: Une ouverture \u00e9clatante avec Ocheg Edenya de Bouchnak (Photos) - Kapitalis<\/title>\n<meta name=\"robots\" content=\"index, follow, max-snippet:-1, max-image-preview:large, max-video-preview:-1\" \/>\n<link rel=\"canonical\" href=\"https:\/\/kapitalis.com\/tunisie\/2022\/07\/15\/festival-de-carthage-2022-une-ouverture-eclatante-avec-ocheg-edenya-de-bouchnak-photos\/\" \/>\n<meta property=\"og:locale\" content=\"fr_FR\" \/>\n<meta property=\"og:type\" content=\"article\" \/>\n<meta property=\"og:title\" content=\"Festival de Carthage 2022\u00a0: Une ouverture \u00e9clatante avec Ocheg Edenya de Bouchnak (Photos) - Kapitalis\" \/>\n<meta property=\"og:description\" content=\"Le coup d\u2019envoi de la 56e \u00e9dition du festival international de Carthage a \u00e9t\u00e9 donn\u00e9 hier soir, jeudi 14 juillet, avec la com\u00e9die musicale tunisienne Ocheg Edenya d\u2019Abdelhamid Bouchnak. Le public de Carthage n\u2019est pas pr\u00e8s d\u2019oublier cette soir\u00e9e aux couleurs des ann\u00e9es 90.\" \/>\n<meta property=\"og:url\" content=\"https:\/\/kapitalis.com\/tunisie\/2022\/07\/15\/festival-de-carthage-2022-une-ouverture-eclatante-avec-ocheg-edenya-de-bouchnak-photos\/\" \/>\n<meta property=\"og:site_name\" content=\"Kapitalis\" \/>\n<meta property=\"article:publisher\" content=\"https:\/\/www.facebook.com\/KapitalisInfo\/\" \/>\n<meta property=\"article:published_time\" content=\"2022-07-15T10:13:03+00:00\" \/>\n<meta property=\"article:modified_time\" content=\"2022-07-15T10:21:06+00:00\" \/>\n<meta property=\"og:image\" content=\"https:\/\/kapitalis.com\/tunisie\/wp-content\/uploads\/2022\/07\/Ocheg-Edenya.jpg\" \/>\n\t<meta property=\"og:image:width\" content=\"1200\" \/>\n\t<meta property=\"og:image:height\" content=\"630\" \/>\n\t<meta property=\"og:image:type\" content=\"image\/jpeg\" \/>\n<meta name=\"author\" content=\"Fawz BenAli\" \/>\n<meta name=\"twitter:card\" content=\"summary_large_image\" \/>\n<meta name=\"twitter:creator\" content=\"@KapitalisInfo\" \/>\n<meta name=\"twitter:site\" content=\"@KapitalisInfo\" \/>\n<meta name=\"twitter:label1\" content=\"\u00c9crit par\" \/>\n\t<meta name=\"twitter:data1\" content=\"Fawz BenAli\" \/>\n\t<meta name=\"twitter:label2\" content=\"Dur\u00e9e de lecture estim\u00e9e\" \/>\n\t<meta name=\"twitter:data2\" content=\"3 minutes\" \/>\n<script type=\"application\/ld+json\" class=\"yoast-schema-graph\">{\"@context\":\"https:\/\/schema.org\",\"@graph\":[{\"@type\":\"Article\",\"@id\":\"https:\/\/kapitalis.com\/tunisie\/2022\/07\/15\/festival-de-carthage-2022-une-ouverture-eclatante-avec-ocheg-edenya-de-bouchnak-photos\/#article\",\"isPartOf\":{\"@id\":\"https:\/\/kapitalis.com\/tunisie\/2022\/07\/15\/festival-de-carthage-2022-une-ouverture-eclatante-avec-ocheg-edenya-de-bouchnak-photos\/\"},\"author\":{\"name\":\"Fawz BenAli\",\"@id\":\"https:\/\/kapitalis.com\/tunisie\/#\/schema\/person\/73a5ecc1f6ae540c6ed91342eadca948\"},\"headline\":\"Festival de Carthage 2022\u00a0: Une ouverture \u00e9clatante avec Ocheg Edenya de Bouchnak (Photos)\",\"datePublished\":\"2022-07-15T10:13:03+00:00\",\"dateModified\":\"2022-07-15T10:21:06+00:00\",\"mainEntityOfPage\":{\"@id\":\"https:\/\/kapitalis.com\/tunisie\/2022\/07\/15\/festival-de-carthage-2022-une-ouverture-eclatante-avec-ocheg-edenya-de-bouchnak-photos\/\"},\"wordCount\":477,\"commentCount\":0,\"publisher\":{\"@id\":\"https:\/\/kapitalis.com\/tunisie\/#organization\"},\"image\":{\"@id\":\"https:\/\/kapitalis.com\/tunisie\/2022\/07\/15\/festival-de-carthage-2022-une-ouverture-eclatante-avec-ocheg-edenya-de-bouchnak-photos\/#primaryimage\"},\"thumbnailUrl\":\"https:\/\/kapitalis.com\/tunisie\/wp-content\/uploads\/2022\/07\/Ocheg-Edenya.jpg\",\"keywords\":[\"Abdelhamid Bouchnak\",\"Festival international de Carthage 2022\",\"Ocheg Edenya\",\"Ons Jabeur \u00e0 Carthage\",\"Tunisie\"],\"articleSection\":[\"A LA UNE\",\"CULTURE\",\"Tunisie\"],\"inLanguage\":\"fr-FR\",\"potentialAction\":[{\"@type\":\"CommentAction\",\"name\":\"Comment\",\"target\":[\"https:\/\/kapitalis.com\/tunisie\/2022\/07\/15\/festival-de-carthage-2022-une-ouverture-eclatante-avec-ocheg-edenya-de-bouchnak-photos\/#respond\"]}]},{\"@type\":\"WebPage\",\"@id\":\"https:\/\/kapitalis.com\/tunisie\/2022\/07\/15\/festival-de-carthage-2022-une-ouverture-eclatante-avec-ocheg-edenya-de-bouchnak-photos\/\",\"url\":\"https:\/\/kapitalis.com\/tunisie\/2022\/07\/15\/festival-de-carthage-2022-une-ouverture-eclatante-avec-ocheg-edenya-de-bouchnak-photos\/\",\"name\":\"Festival de Carthage 2022\u00a0: Une ouverture \u00e9clatante avec Ocheg Edenya de Bouchnak (Photos) - Kapitalis\",\"isPartOf\":{\"@id\":\"https:\/\/kapitalis.com\/tunisie\/#website\"},\"primaryImageOfPage\":{\"@id\":\"https:\/\/kapitalis.com\/tunisie\/2022\/07\/15\/festival-de-carthage-2022-une-ouverture-eclatante-avec-ocheg-edenya-de-bouchnak-photos\/#primaryimage\"},\"image\":{\"@id\":\"https:\/\/kapitalis.com\/tunisie\/2022\/07\/15\/festival-de-carthage-2022-une-ouverture-eclatante-avec-ocheg-edenya-de-bouchnak-photos\/#primaryimage\"},\"thumbnailUrl\":\"https:\/\/kapitalis.com\/tunisie\/wp-content\/uploads\/2022\/07\/Ocheg-Edenya.jpg\",\"datePublished\":\"2022-07-15T10:13:03+00:00\",\"dateModified\":\"2022-07-15T10:21:06+00:00\",\"breadcrumb\":{\"@id\":\"https:\/\/kapitalis.com\/tunisie\/2022\/07\/15\/festival-de-carthage-2022-une-ouverture-eclatante-avec-ocheg-edenya-de-bouchnak-photos\/#breadcrumb\"},\"inLanguage\":\"fr-FR\",\"potentialAction\":[{\"@type\":\"ReadAction\",\"target\":[\"https:\/\/kapitalis.com\/tunisie\/2022\/07\/15\/festival-de-carthage-2022-une-ouverture-eclatante-avec-ocheg-edenya-de-bouchnak-photos\/\"]}]},{\"@type\":\"ImageObject\",\"inLanguage\":\"fr-FR\",\"@id\":\"https:\/\/kapitalis.com\/tunisie\/2022\/07\/15\/festival-de-carthage-2022-une-ouverture-eclatante-avec-ocheg-edenya-de-bouchnak-photos\/#primaryimage\",\"url\":\"https:\/\/kapitalis.com\/tunisie\/wp-content\/uploads\/2022\/07\/Ocheg-Edenya.jpg\",\"contentUrl\":\"https:\/\/kapitalis.com\/tunisie\/wp-content\/uploads\/2022\/07\/Ocheg-Edenya.jpg\",\"width\":1200,\"height\":630},{\"@type\":\"BreadcrumbList\",\"@id\":\"https:\/\/kapitalis.com\/tunisie\/2022\/07\/15\/festival-de-carthage-2022-une-ouverture-eclatante-avec-ocheg-edenya-de-bouchnak-photos\/#breadcrumb\",\"itemListElement\":[{\"@type\":\"ListItem\",\"position\":1,\"name\":\"Accueil\",\"item\":\"https:\/\/kapitalis.com\/tunisie\/\"},{\"@type\":\"ListItem\",\"position\":2,\"name\":\"Festival de Carthage 2022\u00a0: Une ouverture \u00e9clatante avec Ocheg Edenya de Bouchnak (Photos)\"}]},{\"@type\":\"WebSite\",\"@id\":\"https:\/\/kapitalis.com\/tunisie\/#website\",\"url\":\"https:\/\/kapitalis.com\/tunisie\/\",\"name\":\"Kapitalis\",\"description\":\"L&#039;actualit\u00e9 en Tunisie et dans le monde\",\"publisher\":{\"@id\":\"https:\/\/kapitalis.com\/tunisie\/#organization\"},\"potentialAction\":[{\"@type\":\"SearchAction\",\"target\":{\"@type\":\"EntryPoint\",\"urlTemplate\":\"https:\/\/kapitalis.com\/tunisie\/?s={search_term_string}\"},\"query-input\":{\"@type\":\"PropertyValueSpecification\",\"valueRequired\":true,\"valueName\":\"search_term_string\"}}],\"inLanguage\":\"fr-FR\"},{\"@type\":\"Organization\",\"@id\":\"https:\/\/kapitalis.com\/tunisie\/#organization\",\"name\":\"Kapitalis\",\"url\":\"https:\/\/kapitalis.com\/tunisie\/\",\"logo\":{\"@type\":\"ImageObject\",\"inLanguage\":\"fr-FR\",\"@id\":\"https:\/\/kapitalis.com\/tunisie\/#\/schema\/logo\/image\/\",\"url\":\"https:\/\/kapitalis.com\/tunisie\/wp-content\/uploads\/2022\/05\/Kapitalis-big-size.png\",\"contentUrl\":\"https:\/\/kapitalis.com\/tunisie\/wp-content\/uploads\/2022\/05\/Kapitalis-big-size.png\",\"width\":5000,\"height\":1500,\"caption\":\"Kapitalis\"},\"image\":{\"@id\":\"https:\/\/kapitalis.com\/tunisie\/#\/schema\/logo\/image\/\"},\"sameAs\":[\"https:\/\/www.facebook.com\/KapitalisInfo\/\",\"https:\/\/x.com\/KapitalisInfo\",\"https:\/\/www.youtube.com\/channel\/UC-yDYrHyfFBWWZaOw3FPg9Q\"]},{\"@type\":\"Person\",\"@id\":\"https:\/\/kapitalis.com\/tunisie\/#\/schema\/person\/73a5ecc1f6ae540c6ed91342eadca948\",\"name\":\"Fawz BenAli\",\"url\":\"https:\/\/kapitalis.com\/tunisie\/author\/fawz\/\"}]}<\/script>\n<!-- \/ Yoast SEO plugin. -->","yoast_head_json":{"title":"Festival de Carthage 2022\u00a0: Une ouverture \u00e9clatante avec Ocheg Edenya de Bouchnak (Photos) - Kapitalis","robots":{"index":"index","follow":"follow","max-snippet":"max-snippet:-1","max-image-preview":"max-image-preview:large","max-video-preview":"max-video-preview:-1"},"canonical":"https:\/\/kapitalis.com\/tunisie\/2022\/07\/15\/festival-de-carthage-2022-une-ouverture-eclatante-avec-ocheg-edenya-de-bouchnak-photos\/","og_locale":"fr_FR","og_type":"article","og_title":"Festival de Carthage 2022\u00a0: Une ouverture \u00e9clatante avec Ocheg Edenya de Bouchnak (Photos) - Kapitalis","og_description":"Le coup d\u2019envoi de la 56e \u00e9dition du festival international de Carthage a \u00e9t\u00e9 donn\u00e9 hier soir, jeudi 14 juillet, avec la com\u00e9die musicale tunisienne Ocheg Edenya d\u2019Abdelhamid Bouchnak. Le public de Carthage n\u2019est pas pr\u00e8s d\u2019oublier cette soir\u00e9e aux couleurs des ann\u00e9es 90.","og_url":"https:\/\/kapitalis.com\/tunisie\/2022\/07\/15\/festival-de-carthage-2022-une-ouverture-eclatante-avec-ocheg-edenya-de-bouchnak-photos\/","og_site_name":"Kapitalis","article_publisher":"https:\/\/www.facebook.com\/KapitalisInfo\/","article_published_time":"2022-07-15T10:13:03+00:00","article_modified_time":"2022-07-15T10:21:06+00:00","og_image":[{"width":1200,"height":630,"url":"https:\/\/kapitalis.com\/tunisie\/wp-content\/uploads\/2022\/07\/Ocheg-Edenya.jpg","type":"image\/jpeg"}],"author":"Fawz BenAli","twitter_card":"summary_large_image","twitter_creator":"@KapitalisInfo","twitter_site":"@KapitalisInfo","twitter_misc":{"\u00c9crit par":"Fawz BenAli","Dur\u00e9e de lecture estim\u00e9e":"3 minutes"},"schema":{"@context":"https:\/\/schema.org","@graph":[{"@type":"Article","@id":"https:\/\/kapitalis.com\/tunisie\/2022\/07\/15\/festival-de-carthage-2022-une-ouverture-eclatante-avec-ocheg-edenya-de-bouchnak-photos\/#article","isPartOf":{"@id":"https:\/\/kapitalis.com\/tunisie\/2022\/07\/15\/festival-de-carthage-2022-une-ouverture-eclatante-avec-ocheg-edenya-de-bouchnak-photos\/"},"author":{"name":"Fawz BenAli","@id":"https:\/\/kapitalis.com\/tunisie\/#\/schema\/person\/73a5ecc1f6ae540c6ed91342eadca948"},"headline":"Festival de Carthage 2022\u00a0: Une ouverture \u00e9clatante avec Ocheg Edenya de Bouchnak (Photos)","datePublished":"2022-07-15T10:13:03+00:00","dateModified":"2022-07-15T10:21:06+00:00","mainEntityOfPage":{"@id":"https:\/\/kapitalis.com\/tunisie\/2022\/07\/15\/festival-de-carthage-2022-une-ouverture-eclatante-avec-ocheg-edenya-de-bouchnak-photos\/"},"wordCount":477,"commentCount":0,"publisher":{"@id":"https:\/\/kapitalis.com\/tunisie\/#organization"},"image":{"@id":"https:\/\/kapitalis.com\/tunisie\/2022\/07\/15\/festival-de-carthage-2022-une-ouverture-eclatante-avec-ocheg-edenya-de-bouchnak-photos\/#primaryimage"},"thumbnailUrl":"https:\/\/kapitalis.com\/tunisie\/wp-content\/uploads\/2022\/07\/Ocheg-Edenya.jpg","keywords":["Abdelhamid Bouchnak","Festival international de Carthage 2022","Ocheg Edenya","Ons Jabeur \u00e0 Carthage","Tunisie"],"articleSection":["A LA UNE","CULTURE","Tunisie"],"inLanguage":"fr-FR","potentialAction":[{"@type":"CommentAction","name":"Comment","target":["https:\/\/kapitalis.com\/tunisie\/2022\/07\/15\/festival-de-carthage-2022-une-ouverture-eclatante-avec-ocheg-edenya-de-bouchnak-photos\/#respond"]}]},{"@type":"WebPage","@id":"https:\/\/kapitalis.com\/tunisie\/2022\/07\/15\/festival-de-carthage-2022-une-ouverture-eclatante-avec-ocheg-edenya-de-bouchnak-photos\/","url":"https:\/\/kapitalis.com\/tunisie\/2022\/07\/15\/festival-de-carthage-2022-une-ouverture-eclatante-avec-ocheg-edenya-de-bouchnak-photos\/","name":"Festival de Carthage 2022\u00a0: Une ouverture \u00e9clatante avec Ocheg Edenya de Bouchnak (Photos) - Kapitalis","isPartOf":{"@id":"https:\/\/kapitalis.com\/tunisie\/#website"},"primaryImageOfPage":{"@id":"https:\/\/kapitalis.com\/tunisie\/2022\/07\/15\/festival-de-carthage-2022-une-ouverture-eclatante-avec-ocheg-edenya-de-bouchnak-photos\/#primaryimage"},"image":{"@id":"https:\/\/kapitalis.com\/tunisie\/2022\/07\/15\/festival-de-carthage-2022-une-ouverture-eclatante-avec-ocheg-edenya-de-bouchnak-photos\/#primaryimage"},"thumbnailUrl":"https:\/\/kapitalis.com\/tunisie\/wp-content\/uploads\/2022\/07\/Ocheg-Edenya.jpg","datePublished":"2022-07-15T10:13:03+00:00","dateModified":"2022-07-15T10:21:06+00:00","breadcrumb":{"@id":"https:\/\/kapitalis.com\/tunisie\/2022\/07\/15\/festival-de-carthage-2022-une-ouverture-eclatante-avec-ocheg-edenya-de-bouchnak-photos\/#breadcrumb"},"inLanguage":"fr-FR","potentialAction":[{"@type":"ReadAction","target":["https:\/\/kapitalis.com\/tunisie\/2022\/07\/15\/festival-de-carthage-2022-une-ouverture-eclatante-avec-ocheg-edenya-de-bouchnak-photos\/"]}]},{"@type":"ImageObject","inLanguage":"fr-FR","@id":"https:\/\/kapitalis.com\/tunisie\/2022\/07\/15\/festival-de-carthage-2022-une-ouverture-eclatante-avec-ocheg-edenya-de-bouchnak-photos\/#primaryimage","url":"https:\/\/kapitalis.com\/tunisie\/wp-content\/uploads\/2022\/07\/Ocheg-Edenya.jpg","contentUrl":"https:\/\/kapitalis.com\/tunisie\/wp-content\/uploads\/2022\/07\/Ocheg-Edenya.jpg","width":1200,"height":630},{"@type":"BreadcrumbList","@id":"https:\/\/kapitalis.com\/tunisie\/2022\/07\/15\/festival-de-carthage-2022-une-ouverture-eclatante-avec-ocheg-edenya-de-bouchnak-photos\/#breadcrumb","itemListElement":[{"@type":"ListItem","position":1,"name":"Accueil","item":"https:\/\/kapitalis.com\/tunisie\/"},{"@type":"ListItem","position":2,"name":"Festival de Carthage 2022\u00a0: Une ouverture \u00e9clatante avec Ocheg Edenya de Bouchnak (Photos)"}]},{"@type":"WebSite","@id":"https:\/\/kapitalis.com\/tunisie\/#website","url":"https:\/\/kapitalis.com\/tunisie\/","name":"Kapitalis","description":"L&#039;actualit\u00e9 en Tunisie et dans le monde","publisher":{"@id":"https:\/\/kapitalis.com\/tunisie\/#organization"},"potentialAction":[{"@type":"SearchAction","target":{"@type":"EntryPoint","urlTemplate":"https:\/\/kapitalis.com\/tunisie\/?s={search_term_string}"},"query-input":{"@type":"PropertyValueSpecification","valueRequired":true,"valueName":"search_term_string"}}],"inLanguage":"fr-FR"},{"@type":"Organization","@id":"https:\/\/kapitalis.com\/tunisie\/#organization","name":"Kapitalis","url":"https:\/\/kapitalis.com\/tunisie\/","logo":{"@type":"ImageObject","inLanguage":"fr-FR","@id":"https:\/\/kapitalis.com\/tunisie\/#\/schema\/logo\/image\/","url":"https:\/\/kapitalis.com\/tunisie\/wp-content\/uploads\/2022\/05\/Kapitalis-big-size.png","contentUrl":"https:\/\/kapitalis.com\/tunisie\/wp-content\/uploads\/2022\/05\/Kapitalis-big-size.png","width":5000,"height":1500,"caption":"Kapitalis"},"image":{"@id":"https:\/\/kapitalis.com\/tunisie\/#\/schema\/logo\/image\/"},"sameAs":["https:\/\/www.facebook.com\/KapitalisInfo\/","https:\/\/x.com\/KapitalisInfo","https:\/\/www.youtube.com\/channel\/UC-yDYrHyfFBWWZaOw3FPg9Q"]},{"@type":"Person","@id":"https:\/\/kapitalis.com\/tunisie\/#\/schema\/person\/73a5ecc1f6ae540c6ed91342eadca948","name":"Fawz BenAli","url":"https:\/\/kapitalis.com\/tunisie\/author\/fawz\/"}]}},"_links":{"self":[{"href":"https:\/\/kapitalis.com\/tunisie\/wp-json\/wp\/v2\/posts\/2263923","targetHints":{"allow":["GET"]}}],"collection":[{"href":"https:\/\/kapitalis.com\/tunisie\/wp-json\/wp\/v2\/posts"}],"about":[{"href":"https:\/\/kapitalis.com\/tunisie\/wp-json\/wp\/v2\/types\/post"}],"author":[{"embeddable":true,"href":"https:\/\/kapitalis.com\/tunisie\/wp-json\/wp\/v2\/users\/26"}],"replies":[{"embeddable":true,"href":"https:\/\/kapitalis.com\/tunisie\/wp-json\/wp\/v2\/comments?post=2263923"}],"version-history":[{"count":0,"href":"https:\/\/kapitalis.com\/tunisie\/wp-json\/wp\/v2\/posts\/2263923\/revisions"}],"wp:featuredmedia":[{"embeddable":true,"href":"https:\/\/kapitalis.com\/tunisie\/wp-json\/wp\/v2\/media\/2265334"}],"wp:attachment":[{"href":"https:\/\/kapitalis.com\/tunisie\/wp-json\/wp\/v2\/media?parent=2263923"}],"wp:term":[{"taxonomy":"category","embeddable":true,"href":"https:\/\/kapitalis.com\/tunisie\/wp-json\/wp\/v2\/categories?post=2263923"},{"taxonomy":"post_tag","embeddable":true,"href":"https:\/\/kapitalis.com\/tunisie\/wp-json\/wp\/v2\/tags?post=2263923"}],"curies":[{"name":"wp","href":"https:\/\/api.w.org\/{rel}","templated":true}]}}