{"id":226421,"date":"2019-07-19T12:33:56","date_gmt":"2019-07-19T11:33:56","guid":{"rendered":"http:\/\/kapitalis.com\/tunisie\/?p=226421"},"modified":"2019-07-19T12:33:58","modified_gmt":"2019-07-19T11:33:58","slug":"concerto-malaga-au-festival-international-de-musique-symphonique-del-jem","status":"publish","type":"post","link":"https:\/\/kapitalis.com\/tunisie\/2019\/07\/19\/concerto-malaga-au-festival-international-de-musique-symphonique-del-jem\/","title":{"rendered":"Concerto Malaga au Festival international de musique symphonique d\u2019El-Jem"},"content":{"rendered":"\n<figure class=\"wp-block-image\"><img decoding=\"async\" src=\"http:\/\/kapitalis.com\/tunisie\/wp-content\/uploads\/2019\/07\/Concerto-Malaga-El-Jem.jpg\" alt=\"\" class=\"wp-image-226424\"\/><\/figure>\n\n\n\n<p><strong><em>L\u2019orchestre Concerto Malaga donnera un concert, samedi  20 juillet 2019, au th\u00e9\u00e2tre de plein air d\u2019El-Jem, dans le cadre du Festival international de musique symphonique. L\u2019orchestre de chambre espagnol, qui compte d\u2019illustres solistes, sera accompagn\u00e9 par le Choeur Tunisie88 form\u00e9 par de jeunes chanteurs tunisiens.<\/em><\/strong><br><\/p>\n\n\n\n<!--more-->\n\n\n\n<p> Venu directement d\u2019Andalousie, le Concerto M\u00e1laga est un orchestre de cordes compos\u00e9 de 14 musiciens fond\u00e9 en 1996 dans le but de pr\u00e9server et diffuser la musique classique occidentale d\u2019origine et  d\u2019inspiration espagnoles. <br><\/p>\n\n\n\n<p> Sous la direction du professeur et \u00e9minent violoniste Jos\u00e9 Manuel Gil de Galv\u00e9s et avec la pr\u00e9sence de solistes talentueux comme Kimball Gallagher (piano) et Ulrich H. Brunnhubber (saxophoniste et directeur artistique du projet Tunisia 88), l\u2019orchestre finit sa tourn\u00e9e mondiale de l\u2019\u00e9t\u00e9 2019 sur la sc\u00e8ne d\u2019El-Jem, apr\u00e8s la Finlande, l\u2019Espagne, la Cor\u00e9e du Sud\u2026<br><\/p>\n\n\n\n<p> La chorale du ch\u0153ur Tunisie 88 accompagnera l\u2019orchestre par les voix. C\u2019est notamment gr\u00e2ce  \u00e0 l\u2019engagement du saxophoniste Ulrich H. Brunnhuber que la chorale a vu le jour. Elle est compos\u00e9e de lyc\u00e9ens tunisiens form\u00e9s au sein du projet et des clubs de musique de leurs \u00e9tablissements. Le projet Tunisie88 est le fruit d\u2019une collaboration entre le minist\u00e8re de l\u2019Education nationale et l\u2019association Action et D\u00e9veloppement Solidaire, avec le soutien de l\u2019Institut de la Banque europ\u00e9enne d\u2019investissement, la banque de l\u2019UE et du projet 88 International, organisation fond\u00e9 par Kimball Gallagher, pianiste qui acompagne le Concerto Malaga.<br><\/p>\n\n\n\n<p> Au programme de ce concert un voyage musical, qui ira du 19e si\u00e8cle \u00e0 nos jours, passant de la musique classique, romantique et jusqu\u2019au jazz, avec une attention particuli\u00e8re \u00e0 la musique espagnole et andalouse. <br><\/p>\n\n\n\n<p> Au programme, des \u0153uvres de Joaqu\u00edn Turina, Fr\u00e9d\u00e9ric Chopin, Enric Granados, Joaquim Malats, Isaac Alb\u00e9niz, \u201cDuke\u201d Ellington. <br><\/p>\n\n\n\n<p style=\"text-align:right\"><strong> I. B.<\/strong> (avec communiqu\u00e9). <\/p>\n","protected":false},"excerpt":{"rendered":"<p>L\u2019orchestre Concerto Malaga donnera un concert, samedi 20 juillet 2019, au th\u00e9\u00e2tre de plein air d\u2019El-Jem, dans le cadre du Festival international de musique symphonique. L\u2019orchestre de chambre espagnol, qui compte d\u2019illustres solistes, sera accompagn\u00e9 par le Choeur Tunisie88 form\u00e9 par de jeunes chanteurs tunisiens.<\/p>\n","protected":false},"author":8,"featured_media":226424,"comment_status":"open","ping_status":"open","sticky":false,"template":"","format":"standard","meta":{"footnotes":""},"categories":[994,2433],"tags":[],"class_list":["post-226421","post","type-post","status-publish","format-standard","has-post-thumbnail","hentry","category-culture","category-tunisie"],"yoast_head":"<!-- This site is optimized with the Yoast SEO plugin v26.6 - https:\/\/yoast.com\/wordpress\/plugins\/seo\/ -->\n<title>Concerto Malaga au Festival international de musique symphonique d\u2019El-Jem - Kapitalis<\/title>\n<meta name=\"robots\" content=\"index, follow, max-snippet:-1, max-image-preview:large, max-video-preview:-1\" \/>\n<link rel=\"canonical\" href=\"https:\/\/kapitalis.com\/tunisie\/2019\/07\/19\/concerto-malaga-au-festival-international-de-musique-symphonique-del-jem\/\" \/>\n<meta property=\"og:locale\" content=\"fr_FR\" \/>\n<meta property=\"og:type\" content=\"article\" \/>\n<meta property=\"og:title\" content=\"Concerto Malaga au Festival international de musique symphonique d\u2019El-Jem - Kapitalis\" \/>\n<meta property=\"og:description\" content=\"L\u2019orchestre Concerto Malaga donnera un concert, samedi 20 juillet 2019, au th\u00e9\u00e2tre de plein air d\u2019El-Jem, dans le cadre du Festival international de musique symphonique. L\u2019orchestre de chambre espagnol, qui compte d\u2019illustres solistes, sera accompagn\u00e9 par le Choeur Tunisie88 form\u00e9 par de jeunes chanteurs tunisiens.\" \/>\n<meta property=\"og:url\" content=\"https:\/\/kapitalis.com\/tunisie\/2019\/07\/19\/concerto-malaga-au-festival-international-de-musique-symphonique-del-jem\/\" \/>\n<meta property=\"og:site_name\" content=\"Kapitalis\" \/>\n<meta property=\"article:publisher\" content=\"https:\/\/www.facebook.com\/KapitalisInfo\/\" \/>\n<meta property=\"article:published_time\" content=\"2019-07-19T11:33:56+00:00\" \/>\n<meta property=\"article:modified_time\" content=\"2019-07-19T11:33:58+00:00\" \/>\n<meta property=\"og:image\" content=\"https:\/\/kapitalis.com\/tunisie\/wp-content\/uploads\/2022\/05\/kapitalis-logo-fb.png\" \/>\n\t<meta property=\"og:image:width\" content=\"1200\" \/>\n\t<meta property=\"og:image:height\" content=\"630\" \/>\n\t<meta property=\"og:image:type\" content=\"image\/png\" \/>\n<meta name=\"author\" content=\"webmaster kapitalis\" \/>\n<meta name=\"twitter:card\" content=\"summary_large_image\" \/>\n<meta name=\"twitter:creator\" content=\"@KapitalisInfo\" \/>\n<meta name=\"twitter:site\" content=\"@KapitalisInfo\" \/>\n<meta name=\"twitter:label1\" content=\"\u00c9crit par\" \/>\n\t<meta name=\"twitter:data1\" content=\"webmaster kapitalis\" \/>\n\t<meta name=\"twitter:label2\" content=\"Dur\u00e9e de lecture estim\u00e9e\" \/>\n\t<meta name=\"twitter:data2\" content=\"2 minutes\" \/>\n<script type=\"application\/ld+json\" class=\"yoast-schema-graph\">{\"@context\":\"https:\/\/schema.org\",\"@graph\":[{\"@type\":\"Article\",\"@id\":\"https:\/\/kapitalis.com\/tunisie\/2019\/07\/19\/concerto-malaga-au-festival-international-de-musique-symphonique-del-jem\/#article\",\"isPartOf\":{\"@id\":\"https:\/\/kapitalis.com\/tunisie\/2019\/07\/19\/concerto-malaga-au-festival-international-de-musique-symphonique-del-jem\/\"},\"author\":{\"name\":\"webmaster kapitalis\",\"@id\":\"https:\/\/kapitalis.com\/tunisie\/#\/schema\/person\/d71f33a9ca44f7bad4698210b480c8e9\"},\"headline\":\"Concerto Malaga au Festival international de musique symphonique d\u2019El-Jem\",\"datePublished\":\"2019-07-19T11:33:56+00:00\",\"dateModified\":\"2019-07-19T11:33:58+00:00\",\"mainEntityOfPage\":{\"@id\":\"https:\/\/kapitalis.com\/tunisie\/2019\/07\/19\/concerto-malaga-au-festival-international-de-musique-symphonique-del-jem\/\"},\"wordCount\":330,\"commentCount\":0,\"publisher\":{\"@id\":\"https:\/\/kapitalis.com\/tunisie\/#organization\"},\"image\":{\"@id\":\"https:\/\/kapitalis.com\/tunisie\/2019\/07\/19\/concerto-malaga-au-festival-international-de-musique-symphonique-del-jem\/#primaryimage\"},\"thumbnailUrl\":\"\",\"articleSection\":[\"CULTURE\",\"Tunisie\"],\"inLanguage\":\"fr-FR\",\"potentialAction\":[{\"@type\":\"CommentAction\",\"name\":\"Comment\",\"target\":[\"https:\/\/kapitalis.com\/tunisie\/2019\/07\/19\/concerto-malaga-au-festival-international-de-musique-symphonique-del-jem\/#respond\"]}]},{\"@type\":\"WebPage\",\"@id\":\"https:\/\/kapitalis.com\/tunisie\/2019\/07\/19\/concerto-malaga-au-festival-international-de-musique-symphonique-del-jem\/\",\"url\":\"https:\/\/kapitalis.com\/tunisie\/2019\/07\/19\/concerto-malaga-au-festival-international-de-musique-symphonique-del-jem\/\",\"name\":\"Concerto Malaga au Festival international de musique symphonique d\u2019El-Jem - Kapitalis\",\"isPartOf\":{\"@id\":\"https:\/\/kapitalis.com\/tunisie\/#website\"},\"primaryImageOfPage\":{\"@id\":\"https:\/\/kapitalis.com\/tunisie\/2019\/07\/19\/concerto-malaga-au-festival-international-de-musique-symphonique-del-jem\/#primaryimage\"},\"image\":{\"@id\":\"https:\/\/kapitalis.com\/tunisie\/2019\/07\/19\/concerto-malaga-au-festival-international-de-musique-symphonique-del-jem\/#primaryimage\"},\"thumbnailUrl\":\"\",\"datePublished\":\"2019-07-19T11:33:56+00:00\",\"dateModified\":\"2019-07-19T11:33:58+00:00\",\"breadcrumb\":{\"@id\":\"https:\/\/kapitalis.com\/tunisie\/2019\/07\/19\/concerto-malaga-au-festival-international-de-musique-symphonique-del-jem\/#breadcrumb\"},\"inLanguage\":\"fr-FR\",\"potentialAction\":[{\"@type\":\"ReadAction\",\"target\":[\"https:\/\/kapitalis.com\/tunisie\/2019\/07\/19\/concerto-malaga-au-festival-international-de-musique-symphonique-del-jem\/\"]}]},{\"@type\":\"ImageObject\",\"inLanguage\":\"fr-FR\",\"@id\":\"https:\/\/kapitalis.com\/tunisie\/2019\/07\/19\/concerto-malaga-au-festival-international-de-musique-symphonique-del-jem\/#primaryimage\",\"url\":\"\",\"contentUrl\":\"\"},{\"@type\":\"BreadcrumbList\",\"@id\":\"https:\/\/kapitalis.com\/tunisie\/2019\/07\/19\/concerto-malaga-au-festival-international-de-musique-symphonique-del-jem\/#breadcrumb\",\"itemListElement\":[{\"@type\":\"ListItem\",\"position\":1,\"name\":\"Accueil\",\"item\":\"https:\/\/kapitalis.com\/tunisie\/\"},{\"@type\":\"ListItem\",\"position\":2,\"name\":\"Concerto Malaga au Festival international de musique symphonique d\u2019El-Jem\"}]},{\"@type\":\"WebSite\",\"@id\":\"https:\/\/kapitalis.com\/tunisie\/#website\",\"url\":\"https:\/\/kapitalis.com\/tunisie\/\",\"name\":\"Kapitalis\",\"description\":\"L&#039;actualit\u00e9 en Tunisie et dans le monde\",\"publisher\":{\"@id\":\"https:\/\/kapitalis.com\/tunisie\/#organization\"},\"potentialAction\":[{\"@type\":\"SearchAction\",\"target\":{\"@type\":\"EntryPoint\",\"urlTemplate\":\"https:\/\/kapitalis.com\/tunisie\/?s={search_term_string}\"},\"query-input\":{\"@type\":\"PropertyValueSpecification\",\"valueRequired\":true,\"valueName\":\"search_term_string\"}}],\"inLanguage\":\"fr-FR\"},{\"@type\":\"Organization\",\"@id\":\"https:\/\/kapitalis.com\/tunisie\/#organization\",\"name\":\"Kapitalis\",\"url\":\"https:\/\/kapitalis.com\/tunisie\/\",\"logo\":{\"@type\":\"ImageObject\",\"inLanguage\":\"fr-FR\",\"@id\":\"https:\/\/kapitalis.com\/tunisie\/#\/schema\/logo\/image\/\",\"url\":\"https:\/\/kapitalis.com\/tunisie\/wp-content\/uploads\/2022\/05\/Kapitalis-big-size.png\",\"contentUrl\":\"https:\/\/kapitalis.com\/tunisie\/wp-content\/uploads\/2022\/05\/Kapitalis-big-size.png\",\"width\":5000,\"height\":1500,\"caption\":\"Kapitalis\"},\"image\":{\"@id\":\"https:\/\/kapitalis.com\/tunisie\/#\/schema\/logo\/image\/\"},\"sameAs\":[\"https:\/\/www.facebook.com\/KapitalisInfo\/\",\"https:\/\/x.com\/KapitalisInfo\",\"https:\/\/www.youtube.com\/channel\/UC-yDYrHyfFBWWZaOw3FPg9Q\"]},{\"@type\":\"Person\",\"@id\":\"https:\/\/kapitalis.com\/tunisie\/#\/schema\/person\/d71f33a9ca44f7bad4698210b480c8e9\",\"name\":\"webmaster kapitalis\",\"url\":\"https:\/\/kapitalis.com\/tunisie\/author\/webmaster-kapitalis\/\"}]}<\/script>\n<!-- \/ Yoast SEO plugin. -->","yoast_head_json":{"title":"Concerto Malaga au Festival international de musique symphonique d\u2019El-Jem - Kapitalis","robots":{"index":"index","follow":"follow","max-snippet":"max-snippet:-1","max-image-preview":"max-image-preview:large","max-video-preview":"max-video-preview:-1"},"canonical":"https:\/\/kapitalis.com\/tunisie\/2019\/07\/19\/concerto-malaga-au-festival-international-de-musique-symphonique-del-jem\/","og_locale":"fr_FR","og_type":"article","og_title":"Concerto Malaga au Festival international de musique symphonique d\u2019El-Jem - Kapitalis","og_description":"L\u2019orchestre Concerto Malaga donnera un concert, samedi 20 juillet 2019, au th\u00e9\u00e2tre de plein air d\u2019El-Jem, dans le cadre du Festival international de musique symphonique. L\u2019orchestre de chambre espagnol, qui compte d\u2019illustres solistes, sera accompagn\u00e9 par le Choeur Tunisie88 form\u00e9 par de jeunes chanteurs tunisiens.","og_url":"https:\/\/kapitalis.com\/tunisie\/2019\/07\/19\/concerto-malaga-au-festival-international-de-musique-symphonique-del-jem\/","og_site_name":"Kapitalis","article_publisher":"https:\/\/www.facebook.com\/KapitalisInfo\/","article_published_time":"2019-07-19T11:33:56+00:00","article_modified_time":"2019-07-19T11:33:58+00:00","og_image":[{"width":1200,"height":630,"url":"https:\/\/kapitalis.com\/tunisie\/wp-content\/uploads\/2022\/05\/kapitalis-logo-fb.png","type":"image\/png"}],"author":"webmaster kapitalis","twitter_card":"summary_large_image","twitter_creator":"@KapitalisInfo","twitter_site":"@KapitalisInfo","twitter_misc":{"\u00c9crit par":"webmaster kapitalis","Dur\u00e9e de lecture estim\u00e9e":"2 minutes"},"schema":{"@context":"https:\/\/schema.org","@graph":[{"@type":"Article","@id":"https:\/\/kapitalis.com\/tunisie\/2019\/07\/19\/concerto-malaga-au-festival-international-de-musique-symphonique-del-jem\/#article","isPartOf":{"@id":"https:\/\/kapitalis.com\/tunisie\/2019\/07\/19\/concerto-malaga-au-festival-international-de-musique-symphonique-del-jem\/"},"author":{"name":"webmaster kapitalis","@id":"https:\/\/kapitalis.com\/tunisie\/#\/schema\/person\/d71f33a9ca44f7bad4698210b480c8e9"},"headline":"Concerto Malaga au Festival international de musique symphonique d\u2019El-Jem","datePublished":"2019-07-19T11:33:56+00:00","dateModified":"2019-07-19T11:33:58+00:00","mainEntityOfPage":{"@id":"https:\/\/kapitalis.com\/tunisie\/2019\/07\/19\/concerto-malaga-au-festival-international-de-musique-symphonique-del-jem\/"},"wordCount":330,"commentCount":0,"publisher":{"@id":"https:\/\/kapitalis.com\/tunisie\/#organization"},"image":{"@id":"https:\/\/kapitalis.com\/tunisie\/2019\/07\/19\/concerto-malaga-au-festival-international-de-musique-symphonique-del-jem\/#primaryimage"},"thumbnailUrl":"","articleSection":["CULTURE","Tunisie"],"inLanguage":"fr-FR","potentialAction":[{"@type":"CommentAction","name":"Comment","target":["https:\/\/kapitalis.com\/tunisie\/2019\/07\/19\/concerto-malaga-au-festival-international-de-musique-symphonique-del-jem\/#respond"]}]},{"@type":"WebPage","@id":"https:\/\/kapitalis.com\/tunisie\/2019\/07\/19\/concerto-malaga-au-festival-international-de-musique-symphonique-del-jem\/","url":"https:\/\/kapitalis.com\/tunisie\/2019\/07\/19\/concerto-malaga-au-festival-international-de-musique-symphonique-del-jem\/","name":"Concerto Malaga au Festival international de musique symphonique d\u2019El-Jem - Kapitalis","isPartOf":{"@id":"https:\/\/kapitalis.com\/tunisie\/#website"},"primaryImageOfPage":{"@id":"https:\/\/kapitalis.com\/tunisie\/2019\/07\/19\/concerto-malaga-au-festival-international-de-musique-symphonique-del-jem\/#primaryimage"},"image":{"@id":"https:\/\/kapitalis.com\/tunisie\/2019\/07\/19\/concerto-malaga-au-festival-international-de-musique-symphonique-del-jem\/#primaryimage"},"thumbnailUrl":"","datePublished":"2019-07-19T11:33:56+00:00","dateModified":"2019-07-19T11:33:58+00:00","breadcrumb":{"@id":"https:\/\/kapitalis.com\/tunisie\/2019\/07\/19\/concerto-malaga-au-festival-international-de-musique-symphonique-del-jem\/#breadcrumb"},"inLanguage":"fr-FR","potentialAction":[{"@type":"ReadAction","target":["https:\/\/kapitalis.com\/tunisie\/2019\/07\/19\/concerto-malaga-au-festival-international-de-musique-symphonique-del-jem\/"]}]},{"@type":"ImageObject","inLanguage":"fr-FR","@id":"https:\/\/kapitalis.com\/tunisie\/2019\/07\/19\/concerto-malaga-au-festival-international-de-musique-symphonique-del-jem\/#primaryimage","url":"","contentUrl":""},{"@type":"BreadcrumbList","@id":"https:\/\/kapitalis.com\/tunisie\/2019\/07\/19\/concerto-malaga-au-festival-international-de-musique-symphonique-del-jem\/#breadcrumb","itemListElement":[{"@type":"ListItem","position":1,"name":"Accueil","item":"https:\/\/kapitalis.com\/tunisie\/"},{"@type":"ListItem","position":2,"name":"Concerto Malaga au Festival international de musique symphonique d\u2019El-Jem"}]},{"@type":"WebSite","@id":"https:\/\/kapitalis.com\/tunisie\/#website","url":"https:\/\/kapitalis.com\/tunisie\/","name":"Kapitalis","description":"L&#039;actualit\u00e9 en Tunisie et dans le monde","publisher":{"@id":"https:\/\/kapitalis.com\/tunisie\/#organization"},"potentialAction":[{"@type":"SearchAction","target":{"@type":"EntryPoint","urlTemplate":"https:\/\/kapitalis.com\/tunisie\/?s={search_term_string}"},"query-input":{"@type":"PropertyValueSpecification","valueRequired":true,"valueName":"search_term_string"}}],"inLanguage":"fr-FR"},{"@type":"Organization","@id":"https:\/\/kapitalis.com\/tunisie\/#organization","name":"Kapitalis","url":"https:\/\/kapitalis.com\/tunisie\/","logo":{"@type":"ImageObject","inLanguage":"fr-FR","@id":"https:\/\/kapitalis.com\/tunisie\/#\/schema\/logo\/image\/","url":"https:\/\/kapitalis.com\/tunisie\/wp-content\/uploads\/2022\/05\/Kapitalis-big-size.png","contentUrl":"https:\/\/kapitalis.com\/tunisie\/wp-content\/uploads\/2022\/05\/Kapitalis-big-size.png","width":5000,"height":1500,"caption":"Kapitalis"},"image":{"@id":"https:\/\/kapitalis.com\/tunisie\/#\/schema\/logo\/image\/"},"sameAs":["https:\/\/www.facebook.com\/KapitalisInfo\/","https:\/\/x.com\/KapitalisInfo","https:\/\/www.youtube.com\/channel\/UC-yDYrHyfFBWWZaOw3FPg9Q"]},{"@type":"Person","@id":"https:\/\/kapitalis.com\/tunisie\/#\/schema\/person\/d71f33a9ca44f7bad4698210b480c8e9","name":"webmaster kapitalis","url":"https:\/\/kapitalis.com\/tunisie\/author\/webmaster-kapitalis\/"}]}},"_links":{"self":[{"href":"https:\/\/kapitalis.com\/tunisie\/wp-json\/wp\/v2\/posts\/226421","targetHints":{"allow":["GET"]}}],"collection":[{"href":"https:\/\/kapitalis.com\/tunisie\/wp-json\/wp\/v2\/posts"}],"about":[{"href":"https:\/\/kapitalis.com\/tunisie\/wp-json\/wp\/v2\/types\/post"}],"author":[{"embeddable":true,"href":"https:\/\/kapitalis.com\/tunisie\/wp-json\/wp\/v2\/users\/8"}],"replies":[{"embeddable":true,"href":"https:\/\/kapitalis.com\/tunisie\/wp-json\/wp\/v2\/comments?post=226421"}],"version-history":[{"count":0,"href":"https:\/\/kapitalis.com\/tunisie\/wp-json\/wp\/v2\/posts\/226421\/revisions"}],"wp:featuredmedia":[{"embeddable":true,"href":"https:\/\/kapitalis.com\/tunisie\/wp-json\/wp\/v2\/media\/226424"}],"wp:attachment":[{"href":"https:\/\/kapitalis.com\/tunisie\/wp-json\/wp\/v2\/media?parent=226421"}],"wp:term":[{"taxonomy":"category","embeddable":true,"href":"https:\/\/kapitalis.com\/tunisie\/wp-json\/wp\/v2\/categories?post=226421"},{"taxonomy":"post_tag","embeddable":true,"href":"https:\/\/kapitalis.com\/tunisie\/wp-json\/wp\/v2\/tags?post=226421"}],"curies":[{"name":"wp","href":"https:\/\/api.w.org\/{rel}","templated":true}]}}