{"id":226642,"date":"2019-07-19T17:48:49","date_gmt":"2019-07-19T16:48:49","guid":{"rendered":"http:\/\/kapitalis.com\/tunisie\/?p=226642"},"modified":"2019-07-19T17:48:53","modified_gmt":"2019-07-19T16:48:53","slug":"tunisie-signature-de-deux-chartes-nationales-pour-reduire-les-pertes-et-gaspillages-alimentaires","status":"publish","type":"post","link":"https:\/\/kapitalis.com\/tunisie\/2019\/07\/19\/tunisie-signature-de-deux-chartes-nationales-pour-reduire-les-pertes-et-gaspillages-alimentaires\/","title":{"rendered":"Tunisie : Signature de deux chartes nationales pour r\u00e9duire  les pertes et gaspillages alimentaires"},"content":{"rendered":"\n<figure class=\"wp-block-image\"><img decoding=\"async\" src=\"http:\/\/kapitalis.com\/tunisie\/wp-content\/uploads\/2019\/07\/FAO-Pertes-alimentaires.jpg\" alt=\"\" class=\"wp-image-226644\"\/><\/figure>\n\n\n\n<p><strong><em>L\u2019atelier de cl\u00f4ture du projet de \u00abR\u00e9duction des pertes et gaspillages alimentaires et d\u00e9veloppement des chaines de valeurs pour la s\u00e9curit\u00e9 alimentaire en Egypte et en Tunisie\u00bb s\u2019est tenu  aujourd\u2019hui, vendredi 19 juillet 2019, \u00e0 Tunis.  <\/em><\/strong><br><\/p>\n\n\n\n<!--more-->\n\n\n\n<p> Les repr\u00e9sentants institutionnels du minist\u00e8re de l\u2019Agriculture, des Ressources hydrauliques et de la P\u00eache, du minist\u00e8re du Commerce ainsi que les repr\u00e9sentants des organisations professionnelles et les diff\u00e9rents groupements professionnels impliqu\u00e9s dans la mise en \u0153uvre de ce projet de la FAO ont particip\u00e9 avec l\u2019organisation internationale \u00e0 l\u2019atelier de cl\u00f4ture, qui a \u00e9t\u00e9 marqu\u00e9 par la signature de deux chartes nationales pour lutter contre le gaspillage alimentaire. L\u2019une est port\u00e9e par l\u2019Institut national de la consommation (INC) qui a f\u00e9d\u00e9r\u00e9 18 partenaires et la deuxi\u00e8me avec le Groupement professionnel de lait (Givlait) avec lequel 9 partenaires ont adh\u00e9r\u00e9. <br><\/p>\n\n\n\n<p> Ces chartes constituent un r\u00e9sultat important de ce projet et repr\u00e9sentent une approche et un engagement in\u00e9dit en Tunisie et \u00e0 m\u00eame de contribuer \u00e0 assurer la p\u00e9rennit\u00e9 des actions de lutte contre les pertes et gaspillages. <br><\/p>\n\n\n\n<p> Dans son allocution \u00e0 l\u2019ouverture de l\u2019atelier, Flavio Lovisolo, repr\u00e9sentant du bureau r\u00e9gional de l\u2019Agence italienne pour la coop\u00e9ration au d\u00e9veloppement (AICS) \u00e0 Tunis, a affirm\u00e9 que <em>\u00abl\u2019Italie est fi\u00e8re d\u2019avoir financ\u00e9 ce projet, r\u00e9alis\u00e9 par la FAO, en collaboration avec le minist\u00e8re de l\u2019Agriculture, des Ressources hydrauliques et de la P\u00eache et le minist\u00e8re du Commerce, afin d\u2019am\u00e9liorer l\u2019efficacit\u00e9 \u00e9conomique et efficience sociale des chaines de valeurs dans le secteur alimentaire et de poser les bases pour r\u00e9duire les causes des pertes et gaspillages.\u00bb<\/em><br><\/p>\n\n\n\n<p> De son c\u00f4t\u00e9, Philippe Ankers, repr\u00e9sentant en Tunisie et coordinateur  de la FAO en Afrique du Nord a soulign\u00e9 l\u2019ampleur du ph\u00e9nom\u00e8ne en <em>\u00abAfrique du Nord, o\u00f9 les pertes et gaspillage sont estim\u00e9s \u00e0 210 kg par personne et par an. 85% est perdu et 15% est gaspill\u00e9. Ces pertes ont des r\u00e9percussions sociales, \u00e9conomiques et environnementales tr\u00e8s s\u00e9rieuses dans la r\u00e9gion. Celles-ci sont donc une tr\u00e8s mauvaise utilisation du travail, de l\u2019eau, de l\u2019\u00e9nergie, de la terre et des autres ressources naturelles utilis\u00e9es pour produire les aliments\u00bb. <\/em><br><\/p>\n\n\n\n<p> La mise en \u0153uvre de ce projet, qui s\u2019est \u00e9tal\u00e9e sur trois ann\u00e9es a permis de travailler sur la th\u00e9matique trop peu abord\u00e9e des pertes dans le secteur agricole en Tunisie. La question du gaspillage alimentaire au niveau du consommateur, d\u00e9j\u00e0 lanc\u00e9e par l\u2019INC et ses  partenaires a \u00e9t\u00e9 approfondie. <br> Le projet a \u00e9galement permis de d\u00e9velopper une m\u00e9thodologie d\u2019estimation des pertes et gaspillages alimentaires adapt\u00e9e au contexte et produits retenus \u00e0 savoir les c\u00e9r\u00e9ales et le lait. <br><\/p>\n\n\n\n<p> Diff\u00e9rents supports de formation et de sensibilisation en rapport avec tous les maillons des cha\u00eenes de valeur ont \u00e9t\u00e9 mis \u00e0 la disposition des acteurs. Un des r\u00e9sultats cl\u00e9 du projet est la consolidation du partenariat entre le secteur public, le secteur priv\u00e9 et la soci\u00e9t\u00e9 civile autour d\u2019une th\u00e9matique commune.<br><\/p>\n\n\n\n<p> <strong><em>Source<\/em><\/strong> : communiqu\u00e9. <\/p>\n","protected":false},"excerpt":{"rendered":"<p>L\u2019atelier de cl\u00f4ture du projet de \u00abR\u00e9duction des pertes et gaspillages alimentaires et d\u00e9veloppement des chaines de valeurs pour la s\u00e9curit\u00e9 alimentaire en Egypte et en Tunisie\u00bb s\u2019est tenu aujourd\u2019hui, vendredi 19 juillet 2019, \u00e0 Tunis.<\/p>\n","protected":false},"author":8,"featured_media":226644,"comment_status":"open","ping_status":"open","sticky":false,"template":"","format":"standard","meta":{"footnotes":""},"categories":[995,2433],"tags":[7310,5650,20261],"class_list":["post-226642","post","type-post","status-publish","format-standard","has-post-thumbnail","hentry","category-economie","category-tunisie","tag-fao","tag-institut-national-de-la-consommation","tag-securite-alimentaire"],"yoast_head":"<!-- This site is optimized with the Yoast SEO plugin v26.6 - https:\/\/yoast.com\/wordpress\/plugins\/seo\/ -->\n<title>Tunisie : Signature de deux chartes nationales pour r\u00e9duire les pertes et gaspillages alimentaires - Kapitalis<\/title>\n<meta name=\"robots\" content=\"index, follow, max-snippet:-1, max-image-preview:large, max-video-preview:-1\" \/>\n<link rel=\"canonical\" href=\"https:\/\/kapitalis.com\/tunisie\/2019\/07\/19\/tunisie-signature-de-deux-chartes-nationales-pour-reduire-les-pertes-et-gaspillages-alimentaires\/\" \/>\n<meta property=\"og:locale\" content=\"fr_FR\" \/>\n<meta property=\"og:type\" content=\"article\" \/>\n<meta property=\"og:title\" content=\"Tunisie : Signature de deux chartes nationales pour r\u00e9duire les pertes et gaspillages alimentaires - Kapitalis\" \/>\n<meta property=\"og:description\" content=\"L\u2019atelier de cl\u00f4ture du projet de \u00abR\u00e9duction des pertes et gaspillages alimentaires et d\u00e9veloppement des chaines de valeurs pour la s\u00e9curit\u00e9 alimentaire en Egypte et en Tunisie\u00bb s\u2019est tenu aujourd\u2019hui, vendredi 19 juillet 2019, \u00e0 Tunis.\" \/>\n<meta property=\"og:url\" content=\"https:\/\/kapitalis.com\/tunisie\/2019\/07\/19\/tunisie-signature-de-deux-chartes-nationales-pour-reduire-les-pertes-et-gaspillages-alimentaires\/\" \/>\n<meta property=\"og:site_name\" content=\"Kapitalis\" \/>\n<meta property=\"article:publisher\" content=\"https:\/\/www.facebook.com\/KapitalisInfo\/\" \/>\n<meta property=\"article:published_time\" content=\"2019-07-19T16:48:49+00:00\" \/>\n<meta property=\"article:modified_time\" content=\"2019-07-19T16:48:53+00:00\" \/>\n<meta property=\"og:image\" content=\"https:\/\/kapitalis.com\/tunisie\/wp-content\/uploads\/2022\/05\/kapitalis-logo-fb.png\" \/>\n\t<meta property=\"og:image:width\" content=\"1200\" \/>\n\t<meta property=\"og:image:height\" content=\"630\" \/>\n\t<meta property=\"og:image:type\" content=\"image\/png\" \/>\n<meta name=\"author\" content=\"webmaster kapitalis\" \/>\n<meta name=\"twitter:card\" content=\"summary_large_image\" \/>\n<meta name=\"twitter:creator\" content=\"@KapitalisInfo\" \/>\n<meta name=\"twitter:site\" content=\"@KapitalisInfo\" \/>\n<meta name=\"twitter:label1\" content=\"\u00c9crit par\" \/>\n\t<meta name=\"twitter:data1\" content=\"webmaster kapitalis\" \/>\n\t<meta name=\"twitter:label2\" content=\"Dur\u00e9e de lecture estim\u00e9e\" \/>\n\t<meta name=\"twitter:data2\" content=\"3 minutes\" \/>\n<script type=\"application\/ld+json\" class=\"yoast-schema-graph\">{\"@context\":\"https:\/\/schema.org\",\"@graph\":[{\"@type\":\"Article\",\"@id\":\"https:\/\/kapitalis.com\/tunisie\/2019\/07\/19\/tunisie-signature-de-deux-chartes-nationales-pour-reduire-les-pertes-et-gaspillages-alimentaires\/#article\",\"isPartOf\":{\"@id\":\"https:\/\/kapitalis.com\/tunisie\/2019\/07\/19\/tunisie-signature-de-deux-chartes-nationales-pour-reduire-les-pertes-et-gaspillages-alimentaires\/\"},\"author\":{\"name\":\"webmaster kapitalis\",\"@id\":\"https:\/\/kapitalis.com\/tunisie\/#\/schema\/person\/d71f33a9ca44f7bad4698210b480c8e9\"},\"headline\":\"Tunisie : Signature de deux chartes nationales pour r\u00e9duire les pertes et gaspillages alimentaires\",\"datePublished\":\"2019-07-19T16:48:49+00:00\",\"dateModified\":\"2019-07-19T16:48:53+00:00\",\"mainEntityOfPage\":{\"@id\":\"https:\/\/kapitalis.com\/tunisie\/2019\/07\/19\/tunisie-signature-de-deux-chartes-nationales-pour-reduire-les-pertes-et-gaspillages-alimentaires\/\"},\"wordCount\":557,\"commentCount\":0,\"publisher\":{\"@id\":\"https:\/\/kapitalis.com\/tunisie\/#organization\"},\"image\":{\"@id\":\"https:\/\/kapitalis.com\/tunisie\/2019\/07\/19\/tunisie-signature-de-deux-chartes-nationales-pour-reduire-les-pertes-et-gaspillages-alimentaires\/#primaryimage\"},\"thumbnailUrl\":\"\",\"keywords\":[\"FAO\",\"Institut national de la Consommation\",\"s\u00e9curit\u00e9 alimentaire\"],\"articleSection\":[\"ECONOMIE\",\"Tunisie\"],\"inLanguage\":\"fr-FR\",\"potentialAction\":[{\"@type\":\"CommentAction\",\"name\":\"Comment\",\"target\":[\"https:\/\/kapitalis.com\/tunisie\/2019\/07\/19\/tunisie-signature-de-deux-chartes-nationales-pour-reduire-les-pertes-et-gaspillages-alimentaires\/#respond\"]}]},{\"@type\":\"WebPage\",\"@id\":\"https:\/\/kapitalis.com\/tunisie\/2019\/07\/19\/tunisie-signature-de-deux-chartes-nationales-pour-reduire-les-pertes-et-gaspillages-alimentaires\/\",\"url\":\"https:\/\/kapitalis.com\/tunisie\/2019\/07\/19\/tunisie-signature-de-deux-chartes-nationales-pour-reduire-les-pertes-et-gaspillages-alimentaires\/\",\"name\":\"Tunisie : Signature de deux chartes nationales pour r\u00e9duire les pertes et gaspillages alimentaires - Kapitalis\",\"isPartOf\":{\"@id\":\"https:\/\/kapitalis.com\/tunisie\/#website\"},\"primaryImageOfPage\":{\"@id\":\"https:\/\/kapitalis.com\/tunisie\/2019\/07\/19\/tunisie-signature-de-deux-chartes-nationales-pour-reduire-les-pertes-et-gaspillages-alimentaires\/#primaryimage\"},\"image\":{\"@id\":\"https:\/\/kapitalis.com\/tunisie\/2019\/07\/19\/tunisie-signature-de-deux-chartes-nationales-pour-reduire-les-pertes-et-gaspillages-alimentaires\/#primaryimage\"},\"thumbnailUrl\":\"\",\"datePublished\":\"2019-07-19T16:48:49+00:00\",\"dateModified\":\"2019-07-19T16:48:53+00:00\",\"breadcrumb\":{\"@id\":\"https:\/\/kapitalis.com\/tunisie\/2019\/07\/19\/tunisie-signature-de-deux-chartes-nationales-pour-reduire-les-pertes-et-gaspillages-alimentaires\/#breadcrumb\"},\"inLanguage\":\"fr-FR\",\"potentialAction\":[{\"@type\":\"ReadAction\",\"target\":[\"https:\/\/kapitalis.com\/tunisie\/2019\/07\/19\/tunisie-signature-de-deux-chartes-nationales-pour-reduire-les-pertes-et-gaspillages-alimentaires\/\"]}]},{\"@type\":\"ImageObject\",\"inLanguage\":\"fr-FR\",\"@id\":\"https:\/\/kapitalis.com\/tunisie\/2019\/07\/19\/tunisie-signature-de-deux-chartes-nationales-pour-reduire-les-pertes-et-gaspillages-alimentaires\/#primaryimage\",\"url\":\"\",\"contentUrl\":\"\"},{\"@type\":\"BreadcrumbList\",\"@id\":\"https:\/\/kapitalis.com\/tunisie\/2019\/07\/19\/tunisie-signature-de-deux-chartes-nationales-pour-reduire-les-pertes-et-gaspillages-alimentaires\/#breadcrumb\",\"itemListElement\":[{\"@type\":\"ListItem\",\"position\":1,\"name\":\"Accueil\",\"item\":\"https:\/\/kapitalis.com\/tunisie\/\"},{\"@type\":\"ListItem\",\"position\":2,\"name\":\"Tunisie : Signature de deux chartes nationales pour r\u00e9duire les pertes et gaspillages alimentaires\"}]},{\"@type\":\"WebSite\",\"@id\":\"https:\/\/kapitalis.com\/tunisie\/#website\",\"url\":\"https:\/\/kapitalis.com\/tunisie\/\",\"name\":\"Kapitalis\",\"description\":\"L&#039;actualit\u00e9 en Tunisie et dans le monde\",\"publisher\":{\"@id\":\"https:\/\/kapitalis.com\/tunisie\/#organization\"},\"potentialAction\":[{\"@type\":\"SearchAction\",\"target\":{\"@type\":\"EntryPoint\",\"urlTemplate\":\"https:\/\/kapitalis.com\/tunisie\/?s={search_term_string}\"},\"query-input\":{\"@type\":\"PropertyValueSpecification\",\"valueRequired\":true,\"valueName\":\"search_term_string\"}}],\"inLanguage\":\"fr-FR\"},{\"@type\":\"Organization\",\"@id\":\"https:\/\/kapitalis.com\/tunisie\/#organization\",\"name\":\"Kapitalis\",\"url\":\"https:\/\/kapitalis.com\/tunisie\/\",\"logo\":{\"@type\":\"ImageObject\",\"inLanguage\":\"fr-FR\",\"@id\":\"https:\/\/kapitalis.com\/tunisie\/#\/schema\/logo\/image\/\",\"url\":\"https:\/\/kapitalis.com\/tunisie\/wp-content\/uploads\/2022\/05\/Kapitalis-big-size.png\",\"contentUrl\":\"https:\/\/kapitalis.com\/tunisie\/wp-content\/uploads\/2022\/05\/Kapitalis-big-size.png\",\"width\":5000,\"height\":1500,\"caption\":\"Kapitalis\"},\"image\":{\"@id\":\"https:\/\/kapitalis.com\/tunisie\/#\/schema\/logo\/image\/\"},\"sameAs\":[\"https:\/\/www.facebook.com\/KapitalisInfo\/\",\"https:\/\/x.com\/KapitalisInfo\",\"https:\/\/www.youtube.com\/channel\/UC-yDYrHyfFBWWZaOw3FPg9Q\"]},{\"@type\":\"Person\",\"@id\":\"https:\/\/kapitalis.com\/tunisie\/#\/schema\/person\/d71f33a9ca44f7bad4698210b480c8e9\",\"name\":\"webmaster kapitalis\",\"url\":\"https:\/\/kapitalis.com\/tunisie\/author\/webmaster-kapitalis\/\"}]}<\/script>\n<!-- \/ Yoast SEO plugin. -->","yoast_head_json":{"title":"Tunisie : Signature de deux chartes nationales pour r\u00e9duire les pertes et gaspillages alimentaires - Kapitalis","robots":{"index":"index","follow":"follow","max-snippet":"max-snippet:-1","max-image-preview":"max-image-preview:large","max-video-preview":"max-video-preview:-1"},"canonical":"https:\/\/kapitalis.com\/tunisie\/2019\/07\/19\/tunisie-signature-de-deux-chartes-nationales-pour-reduire-les-pertes-et-gaspillages-alimentaires\/","og_locale":"fr_FR","og_type":"article","og_title":"Tunisie : Signature de deux chartes nationales pour r\u00e9duire les pertes et gaspillages alimentaires - Kapitalis","og_description":"L\u2019atelier de cl\u00f4ture du projet de \u00abR\u00e9duction des pertes et gaspillages alimentaires et d\u00e9veloppement des chaines de valeurs pour la s\u00e9curit\u00e9 alimentaire en Egypte et en Tunisie\u00bb s\u2019est tenu aujourd\u2019hui, vendredi 19 juillet 2019, \u00e0 Tunis.","og_url":"https:\/\/kapitalis.com\/tunisie\/2019\/07\/19\/tunisie-signature-de-deux-chartes-nationales-pour-reduire-les-pertes-et-gaspillages-alimentaires\/","og_site_name":"Kapitalis","article_publisher":"https:\/\/www.facebook.com\/KapitalisInfo\/","article_published_time":"2019-07-19T16:48:49+00:00","article_modified_time":"2019-07-19T16:48:53+00:00","og_image":[{"width":1200,"height":630,"url":"https:\/\/kapitalis.com\/tunisie\/wp-content\/uploads\/2022\/05\/kapitalis-logo-fb.png","type":"image\/png"}],"author":"webmaster kapitalis","twitter_card":"summary_large_image","twitter_creator":"@KapitalisInfo","twitter_site":"@KapitalisInfo","twitter_misc":{"\u00c9crit par":"webmaster kapitalis","Dur\u00e9e de lecture estim\u00e9e":"3 minutes"},"schema":{"@context":"https:\/\/schema.org","@graph":[{"@type":"Article","@id":"https:\/\/kapitalis.com\/tunisie\/2019\/07\/19\/tunisie-signature-de-deux-chartes-nationales-pour-reduire-les-pertes-et-gaspillages-alimentaires\/#article","isPartOf":{"@id":"https:\/\/kapitalis.com\/tunisie\/2019\/07\/19\/tunisie-signature-de-deux-chartes-nationales-pour-reduire-les-pertes-et-gaspillages-alimentaires\/"},"author":{"name":"webmaster kapitalis","@id":"https:\/\/kapitalis.com\/tunisie\/#\/schema\/person\/d71f33a9ca44f7bad4698210b480c8e9"},"headline":"Tunisie : Signature de deux chartes nationales pour r\u00e9duire les pertes et gaspillages alimentaires","datePublished":"2019-07-19T16:48:49+00:00","dateModified":"2019-07-19T16:48:53+00:00","mainEntityOfPage":{"@id":"https:\/\/kapitalis.com\/tunisie\/2019\/07\/19\/tunisie-signature-de-deux-chartes-nationales-pour-reduire-les-pertes-et-gaspillages-alimentaires\/"},"wordCount":557,"commentCount":0,"publisher":{"@id":"https:\/\/kapitalis.com\/tunisie\/#organization"},"image":{"@id":"https:\/\/kapitalis.com\/tunisie\/2019\/07\/19\/tunisie-signature-de-deux-chartes-nationales-pour-reduire-les-pertes-et-gaspillages-alimentaires\/#primaryimage"},"thumbnailUrl":"","keywords":["FAO","Institut national de la Consommation","s\u00e9curit\u00e9 alimentaire"],"articleSection":["ECONOMIE","Tunisie"],"inLanguage":"fr-FR","potentialAction":[{"@type":"CommentAction","name":"Comment","target":["https:\/\/kapitalis.com\/tunisie\/2019\/07\/19\/tunisie-signature-de-deux-chartes-nationales-pour-reduire-les-pertes-et-gaspillages-alimentaires\/#respond"]}]},{"@type":"WebPage","@id":"https:\/\/kapitalis.com\/tunisie\/2019\/07\/19\/tunisie-signature-de-deux-chartes-nationales-pour-reduire-les-pertes-et-gaspillages-alimentaires\/","url":"https:\/\/kapitalis.com\/tunisie\/2019\/07\/19\/tunisie-signature-de-deux-chartes-nationales-pour-reduire-les-pertes-et-gaspillages-alimentaires\/","name":"Tunisie : Signature de deux chartes nationales pour r\u00e9duire les pertes et gaspillages alimentaires - Kapitalis","isPartOf":{"@id":"https:\/\/kapitalis.com\/tunisie\/#website"},"primaryImageOfPage":{"@id":"https:\/\/kapitalis.com\/tunisie\/2019\/07\/19\/tunisie-signature-de-deux-chartes-nationales-pour-reduire-les-pertes-et-gaspillages-alimentaires\/#primaryimage"},"image":{"@id":"https:\/\/kapitalis.com\/tunisie\/2019\/07\/19\/tunisie-signature-de-deux-chartes-nationales-pour-reduire-les-pertes-et-gaspillages-alimentaires\/#primaryimage"},"thumbnailUrl":"","datePublished":"2019-07-19T16:48:49+00:00","dateModified":"2019-07-19T16:48:53+00:00","breadcrumb":{"@id":"https:\/\/kapitalis.com\/tunisie\/2019\/07\/19\/tunisie-signature-de-deux-chartes-nationales-pour-reduire-les-pertes-et-gaspillages-alimentaires\/#breadcrumb"},"inLanguage":"fr-FR","potentialAction":[{"@type":"ReadAction","target":["https:\/\/kapitalis.com\/tunisie\/2019\/07\/19\/tunisie-signature-de-deux-chartes-nationales-pour-reduire-les-pertes-et-gaspillages-alimentaires\/"]}]},{"@type":"ImageObject","inLanguage":"fr-FR","@id":"https:\/\/kapitalis.com\/tunisie\/2019\/07\/19\/tunisie-signature-de-deux-chartes-nationales-pour-reduire-les-pertes-et-gaspillages-alimentaires\/#primaryimage","url":"","contentUrl":""},{"@type":"BreadcrumbList","@id":"https:\/\/kapitalis.com\/tunisie\/2019\/07\/19\/tunisie-signature-de-deux-chartes-nationales-pour-reduire-les-pertes-et-gaspillages-alimentaires\/#breadcrumb","itemListElement":[{"@type":"ListItem","position":1,"name":"Accueil","item":"https:\/\/kapitalis.com\/tunisie\/"},{"@type":"ListItem","position":2,"name":"Tunisie : Signature de deux chartes nationales pour r\u00e9duire les pertes et gaspillages alimentaires"}]},{"@type":"WebSite","@id":"https:\/\/kapitalis.com\/tunisie\/#website","url":"https:\/\/kapitalis.com\/tunisie\/","name":"Kapitalis","description":"L&#039;actualit\u00e9 en Tunisie et dans le monde","publisher":{"@id":"https:\/\/kapitalis.com\/tunisie\/#organization"},"potentialAction":[{"@type":"SearchAction","target":{"@type":"EntryPoint","urlTemplate":"https:\/\/kapitalis.com\/tunisie\/?s={search_term_string}"},"query-input":{"@type":"PropertyValueSpecification","valueRequired":true,"valueName":"search_term_string"}}],"inLanguage":"fr-FR"},{"@type":"Organization","@id":"https:\/\/kapitalis.com\/tunisie\/#organization","name":"Kapitalis","url":"https:\/\/kapitalis.com\/tunisie\/","logo":{"@type":"ImageObject","inLanguage":"fr-FR","@id":"https:\/\/kapitalis.com\/tunisie\/#\/schema\/logo\/image\/","url":"https:\/\/kapitalis.com\/tunisie\/wp-content\/uploads\/2022\/05\/Kapitalis-big-size.png","contentUrl":"https:\/\/kapitalis.com\/tunisie\/wp-content\/uploads\/2022\/05\/Kapitalis-big-size.png","width":5000,"height":1500,"caption":"Kapitalis"},"image":{"@id":"https:\/\/kapitalis.com\/tunisie\/#\/schema\/logo\/image\/"},"sameAs":["https:\/\/www.facebook.com\/KapitalisInfo\/","https:\/\/x.com\/KapitalisInfo","https:\/\/www.youtube.com\/channel\/UC-yDYrHyfFBWWZaOw3FPg9Q"]},{"@type":"Person","@id":"https:\/\/kapitalis.com\/tunisie\/#\/schema\/person\/d71f33a9ca44f7bad4698210b480c8e9","name":"webmaster kapitalis","url":"https:\/\/kapitalis.com\/tunisie\/author\/webmaster-kapitalis\/"}]}},"_links":{"self":[{"href":"https:\/\/kapitalis.com\/tunisie\/wp-json\/wp\/v2\/posts\/226642","targetHints":{"allow":["GET"]}}],"collection":[{"href":"https:\/\/kapitalis.com\/tunisie\/wp-json\/wp\/v2\/posts"}],"about":[{"href":"https:\/\/kapitalis.com\/tunisie\/wp-json\/wp\/v2\/types\/post"}],"author":[{"embeddable":true,"href":"https:\/\/kapitalis.com\/tunisie\/wp-json\/wp\/v2\/users\/8"}],"replies":[{"embeddable":true,"href":"https:\/\/kapitalis.com\/tunisie\/wp-json\/wp\/v2\/comments?post=226642"}],"version-history":[{"count":0,"href":"https:\/\/kapitalis.com\/tunisie\/wp-json\/wp\/v2\/posts\/226642\/revisions"}],"wp:featuredmedia":[{"embeddable":true,"href":"https:\/\/kapitalis.com\/tunisie\/wp-json\/wp\/v2\/media\/226644"}],"wp:attachment":[{"href":"https:\/\/kapitalis.com\/tunisie\/wp-json\/wp\/v2\/media?parent=226642"}],"wp:term":[{"taxonomy":"category","embeddable":true,"href":"https:\/\/kapitalis.com\/tunisie\/wp-json\/wp\/v2\/categories?post=226642"},{"taxonomy":"post_tag","embeddable":true,"href":"https:\/\/kapitalis.com\/tunisie\/wp-json\/wp\/v2\/tags?post=226642"}],"curies":[{"name":"wp","href":"https:\/\/api.w.org\/{rel}","templated":true}]}}