{"id":227141,"date":"2019-07-22T08:44:09","date_gmt":"2019-07-22T07:44:09","guid":{"rendered":"http:\/\/kapitalis.com\/tunisie\/?p=227141"},"modified":"2019-07-22T08:44:13","modified_gmt":"2019-07-22T07:44:13","slug":"programme-du-tabarka-jazz-festival-20-au-24-aout-2019","status":"publish","type":"post","link":"https:\/\/kapitalis.com\/tunisie\/2019\/07\/22\/programme-du-tabarka-jazz-festival-20-au-24-aout-2019\/","title":{"rendered":"Programme du Tabarka Jazz Festival (20 au 24 ao\u00fbt 2019)"},"content":{"rendered":"\n<figure class=\"wp-block-image\"><img decoding=\"async\" src=\"http:\/\/kapitalis.com\/tunisie\/wp-content\/uploads\/2019\/07\/Tabarka-Jazz-Festival.jpg\" alt=\"\" class=\"wp-image-227142\"\/><\/figure>\n\n\n\n<p><strong><em>Le Tabarka Jazz Festival r\u00e9siste aux difficult\u00e9s rencontr\u00e9es au cours des pr\u00e9c\u00e9dentes sessions, renouvelle l\u2019aventure et annonce une nouvelle \u00e9dition qui se tiendra du 20 au 24 ao\u00fbt 2019 \u00e0 la basilique de la ville c\u00f4ti\u00e8re de Tabarka.<\/em><\/strong><br><\/p>\n\n\n\n<!--more-->\n\n\n\n<p> Le Tabarka Jazz Festival est de retour pour une nouvelle \u00e9dition se voulant  exceptionnelle qui marquera les 47 ans de ce grand rendez-vous de musique, le doyen des festivals de jazz en Tunisie, caract\u00e9ris\u00e9 jusque par son parcours cahoteux, sem\u00e9 d\u2019emb\u00fbches. <br><\/p>\n\n\n\n<p> Fond\u00e9 en 1973 par Lotfi Ben Hassine, il a vu d\u00e9filer de tr\u00e8s grands noms de la musique internationale comme C\u00e9saria Evora, Miles Davis, Kool and the Gang, L\u00e9o Ferr\u00e9\u2026 avant de devoir faire face \u00e0 de s\u00e9rieuses complications administratives et financi\u00e8res causant sa suspension pendant plusieurs \u00e9ditions.<br><\/p>\n\n\n\n<p> Le festival a fait peau neuve avec une nouvelle organisation et de nouveaux partenariats, notamment l\u2019Association du d\u00e9veloppement culturel de Tabarka et Scoop Organisation avec le soutien des minist\u00e8res des Affaires culturelles et du Tourisme, ainsi que le gouvernorat de Jendouba.<br><\/p>\n\n\n\n<p> Un beau programme vient d\u2019\u00eatre annonc\u00e9 avec des concerts quotidiens, des afters, des concerts de rue : 12 artistes tunisiens et \u00e9trangers venus d\u2019horizons diff\u00e9rents seront pr\u00e9sents sur la sc\u00e8ne de la Basilique comme le groupe de m\u00e9tal oriental tunisien Myrath, la chanteuse de blues am\u00e9ricaine Marla Glen, le chanteur et guitariste guin\u00e9en Moh Kouyat\u00e9, la chanteuse jama\u00efcaine Diana King \u2026<br><\/p>\n\n\n\n<h3 class=\"wp-block-heading\"> Le programme :<br><\/h3>\n\n\n\n<p> \u2022 <strong><em>Mardi 20 ao\u00fbt<\/em><\/strong> : Moh Kouyat\u00e9 ;<br><\/p>\n\n\n\n<p> \u2022 <strong><em>Mercredi 21 ao\u00fbt<\/em><\/strong> : Alia Sellami Quartet &amp; Guest \/ Anduze &amp; The Parov Stelar Horns; <br><\/p>\n\n\n\n<p> \u2022 <strong><em>Jeudi 22 ao\u00fbt <\/em><\/strong>: Yacine Boulares <em>\u201cIfriqiya\u201d<\/em> \/ Marla Glen; <br><\/p>\n\n\n\n<p> \u2022 <strong><em>Vendredi 23 ao\u00fbt<\/em><\/strong> : Nawather \/ Myrath;<br><\/p>\n\n\n\n<p> \u2022 <strong><em>Samedi 24 ao\u00fbt <\/em><\/strong>: Diana King.<br><\/p>\n\n\n\n<p style=\"text-align:right\"><strong> Fawz Ben Ali<\/strong><\/p>\n\n\n\n<figure class=\"wp-block-embed is-type-rich is-provider-kapitalis\"><div class=\"wp-block-embed__wrapper\">\n<blockquote class=\"wp-embedded-content\" data-secret=\"Xnybd29uss\"><a href=\"https:\/\/kapitalis.com\/tunisie\/2018\/08\/28\/ouverture-du-tabarka-jazz-festival-une-alchimie-de-sons-inedits\/\">Ouverture du Tabarka Jazz Festival : Une alchimie de sons in\u00e9dits<\/a><\/blockquote><iframe loading=\"lazy\" class=\"wp-embedded-content\" sandbox=\"allow-scripts\" security=\"restricted\" style=\"position: absolute; clip: rect(1px, 1px, 1px, 1px);\" title=\"\u00ab\u00a0Ouverture du Tabarka Jazz Festival : Une alchimie de sons in\u00e9dits\u00a0\u00bb &#8212; Kapitalis\" src=\"https:\/\/kapitalis.com\/tunisie\/2018\/08\/28\/ouverture-du-tabarka-jazz-festival-une-alchimie-de-sons-inedits\/embed\/#?secret=JGyPkSG1g7#?secret=Xnybd29uss\" data-secret=\"Xnybd29uss\" width=\"600\" height=\"338\" frameborder=\"0\" marginwidth=\"0\" marginheight=\"0\" scrolling=\"no\"><\/iframe>\n<\/div><\/figure>\n\n\n\n<figure class=\"wp-block-embed is-type-rich is-provider-kapitalis\"><div class=\"wp-block-embed__wrapper\">\n<blockquote class=\"wp-embedded-content\" data-secret=\"4h0zHmP88j\"><a href=\"https:\/\/kapitalis.com\/tunisie\/2018\/07\/18\/tabarka-jazz-festival-reporte-deceptions-et-interrogations\/\">Tabarka Jazz Festival report\u00e9 : D\u00e9ceptions et interrogations<\/a><\/blockquote><iframe loading=\"lazy\" class=\"wp-embedded-content\" sandbox=\"allow-scripts\" security=\"restricted\" style=\"position: absolute; clip: rect(1px, 1px, 1px, 1px);\" title=\"\u00ab\u00a0Tabarka Jazz Festival report\u00e9 : D\u00e9ceptions et interrogations\u00a0\u00bb &#8212; Kapitalis\" src=\"https:\/\/kapitalis.com\/tunisie\/2018\/07\/18\/tabarka-jazz-festival-reporte-deceptions-et-interrogations\/embed\/#?secret=qHNXPUeNcd#?secret=4h0zHmP88j\" data-secret=\"4h0zHmP88j\" width=\"600\" height=\"338\" frameborder=\"0\" marginwidth=\"0\" marginheight=\"0\" scrolling=\"no\"><\/iframe>\n<\/div><\/figure>\n\n\n\n<figure class=\"wp-block-embed is-type-rich is-provider-kapitalis\"><div class=\"wp-block-embed__wrapper\">\n<blockquote class=\"wp-embedded-content\" data-secret=\"RaVLpTKFoW\"><a href=\"https:\/\/kapitalis.com\/tunisie\/2018\/07\/15\/programme-de-la-13e-edition-du-tabarka-jazz-festival\/\">Programme de la 13e \u00e9dition du Tabarka Jazz Festival<\/a><\/blockquote><iframe loading=\"lazy\" class=\"wp-embedded-content\" sandbox=\"allow-scripts\" security=\"restricted\" style=\"position: absolute; clip: rect(1px, 1px, 1px, 1px);\" title=\"\u00ab\u00a0Programme de la 13e \u00e9dition du Tabarka Jazz Festival\u00a0\u00bb &#8212; Kapitalis\" src=\"https:\/\/kapitalis.com\/tunisie\/2018\/07\/15\/programme-de-la-13e-edition-du-tabarka-jazz-festival\/embed\/#?secret=CS2x4HisKA#?secret=RaVLpTKFoW\" data-secret=\"RaVLpTKFoW\" width=\"600\" height=\"338\" frameborder=\"0\" marginwidth=\"0\" marginheight=\"0\" scrolling=\"no\"><\/iframe>\n<\/div><\/figure>\n","protected":false},"excerpt":{"rendered":"<p>Le Tabarka Jazz Festival r\u00e9siste aux difficult\u00e9s rencontr\u00e9es au cours des pr\u00e9c\u00e9dentes sessions, renouvelle l\u2019aventure et annonce une nouvelle \u00e9dition qui se tiendra du 20 au 24 ao\u00fbt 2019 \u00e0 la basilique de la ville c\u00f4ti\u00e8re de Tabarka.<\/p>\n","protected":false},"author":8,"featured_media":227142,"comment_status":"open","ping_status":"open","sticky":false,"template":"","format":"standard","meta":{"footnotes":""},"categories":[994,2433],"tags":[29530,28696,22041],"class_list":["post-227141","post","type-post","status-publish","format-standard","has-post-thumbnail","hentry","category-culture","category-tunisie","tag-myrath","tag-scoop-organisation","tag-tabarka-jazz-festival"],"yoast_head":"<!-- This site is optimized with the Yoast SEO plugin v26.6 - https:\/\/yoast.com\/wordpress\/plugins\/seo\/ -->\n<title>Programme du Tabarka Jazz Festival (20 au 24 ao\u00fbt 2019) - Kapitalis<\/title>\n<meta name=\"robots\" content=\"index, follow, max-snippet:-1, max-image-preview:large, max-video-preview:-1\" \/>\n<link rel=\"canonical\" href=\"https:\/\/kapitalis.com\/tunisie\/2019\/07\/22\/programme-du-tabarka-jazz-festival-20-au-24-aout-2019\/\" \/>\n<meta property=\"og:locale\" content=\"fr_FR\" \/>\n<meta property=\"og:type\" content=\"article\" \/>\n<meta property=\"og:title\" content=\"Programme du Tabarka Jazz Festival (20 au 24 ao\u00fbt 2019) - Kapitalis\" \/>\n<meta property=\"og:description\" content=\"Le Tabarka Jazz Festival r\u00e9siste aux difficult\u00e9s rencontr\u00e9es au cours des pr\u00e9c\u00e9dentes sessions, renouvelle l\u2019aventure et annonce une nouvelle \u00e9dition qui se tiendra du 20 au 24 ao\u00fbt 2019 \u00e0 la basilique de la ville c\u00f4ti\u00e8re de Tabarka.\" \/>\n<meta property=\"og:url\" content=\"https:\/\/kapitalis.com\/tunisie\/2019\/07\/22\/programme-du-tabarka-jazz-festival-20-au-24-aout-2019\/\" \/>\n<meta property=\"og:site_name\" content=\"Kapitalis\" \/>\n<meta property=\"article:publisher\" content=\"https:\/\/www.facebook.com\/KapitalisInfo\/\" \/>\n<meta property=\"article:published_time\" content=\"2019-07-22T07:44:09+00:00\" \/>\n<meta property=\"article:modified_time\" content=\"2019-07-22T07:44:13+00:00\" \/>\n<meta property=\"og:image\" content=\"https:\/\/kapitalis.com\/tunisie\/wp-content\/uploads\/2022\/05\/kapitalis-logo-fb.png\" \/>\n\t<meta property=\"og:image:width\" content=\"1200\" \/>\n\t<meta property=\"og:image:height\" content=\"630\" \/>\n\t<meta property=\"og:image:type\" content=\"image\/png\" \/>\n<meta name=\"author\" content=\"webmaster kapitalis\" \/>\n<meta name=\"twitter:card\" content=\"summary_large_image\" \/>\n<meta name=\"twitter:creator\" content=\"@KapitalisInfo\" \/>\n<meta name=\"twitter:site\" content=\"@KapitalisInfo\" \/>\n<meta name=\"twitter:label1\" content=\"\u00c9crit par\" \/>\n\t<meta name=\"twitter:data1\" content=\"webmaster kapitalis\" \/>\n\t<meta name=\"twitter:label2\" content=\"Dur\u00e9e de lecture estim\u00e9e\" \/>\n\t<meta name=\"twitter:data2\" content=\"2 minutes\" \/>\n<script type=\"application\/ld+json\" class=\"yoast-schema-graph\">{\"@context\":\"https:\/\/schema.org\",\"@graph\":[{\"@type\":\"Article\",\"@id\":\"https:\/\/kapitalis.com\/tunisie\/2019\/07\/22\/programme-du-tabarka-jazz-festival-20-au-24-aout-2019\/#article\",\"isPartOf\":{\"@id\":\"https:\/\/kapitalis.com\/tunisie\/2019\/07\/22\/programme-du-tabarka-jazz-festival-20-au-24-aout-2019\/\"},\"author\":{\"name\":\"webmaster kapitalis\",\"@id\":\"https:\/\/kapitalis.com\/tunisie\/#\/schema\/person\/d71f33a9ca44f7bad4698210b480c8e9\"},\"headline\":\"Programme du Tabarka Jazz Festival (20 au 24 ao\u00fbt 2019)\",\"datePublished\":\"2019-07-22T07:44:09+00:00\",\"dateModified\":\"2019-07-22T07:44:13+00:00\",\"mainEntityOfPage\":{\"@id\":\"https:\/\/kapitalis.com\/tunisie\/2019\/07\/22\/programme-du-tabarka-jazz-festival-20-au-24-aout-2019\/\"},\"wordCount\":315,\"commentCount\":0,\"publisher\":{\"@id\":\"https:\/\/kapitalis.com\/tunisie\/#organization\"},\"image\":{\"@id\":\"https:\/\/kapitalis.com\/tunisie\/2019\/07\/22\/programme-du-tabarka-jazz-festival-20-au-24-aout-2019\/#primaryimage\"},\"thumbnailUrl\":\"\",\"keywords\":[\"Myrath\",\"Scoop Organisation\",\"Tabarka Jazz Festival\"],\"articleSection\":[\"CULTURE\",\"Tunisie\"],\"inLanguage\":\"fr-FR\",\"potentialAction\":[{\"@type\":\"CommentAction\",\"name\":\"Comment\",\"target\":[\"https:\/\/kapitalis.com\/tunisie\/2019\/07\/22\/programme-du-tabarka-jazz-festival-20-au-24-aout-2019\/#respond\"]}]},{\"@type\":\"WebPage\",\"@id\":\"https:\/\/kapitalis.com\/tunisie\/2019\/07\/22\/programme-du-tabarka-jazz-festival-20-au-24-aout-2019\/\",\"url\":\"https:\/\/kapitalis.com\/tunisie\/2019\/07\/22\/programme-du-tabarka-jazz-festival-20-au-24-aout-2019\/\",\"name\":\"Programme du Tabarka Jazz Festival (20 au 24 ao\u00fbt 2019) - Kapitalis\",\"isPartOf\":{\"@id\":\"https:\/\/kapitalis.com\/tunisie\/#website\"},\"primaryImageOfPage\":{\"@id\":\"https:\/\/kapitalis.com\/tunisie\/2019\/07\/22\/programme-du-tabarka-jazz-festival-20-au-24-aout-2019\/#primaryimage\"},\"image\":{\"@id\":\"https:\/\/kapitalis.com\/tunisie\/2019\/07\/22\/programme-du-tabarka-jazz-festival-20-au-24-aout-2019\/#primaryimage\"},\"thumbnailUrl\":\"\",\"datePublished\":\"2019-07-22T07:44:09+00:00\",\"dateModified\":\"2019-07-22T07:44:13+00:00\",\"breadcrumb\":{\"@id\":\"https:\/\/kapitalis.com\/tunisie\/2019\/07\/22\/programme-du-tabarka-jazz-festival-20-au-24-aout-2019\/#breadcrumb\"},\"inLanguage\":\"fr-FR\",\"potentialAction\":[{\"@type\":\"ReadAction\",\"target\":[\"https:\/\/kapitalis.com\/tunisie\/2019\/07\/22\/programme-du-tabarka-jazz-festival-20-au-24-aout-2019\/\"]}]},{\"@type\":\"ImageObject\",\"inLanguage\":\"fr-FR\",\"@id\":\"https:\/\/kapitalis.com\/tunisie\/2019\/07\/22\/programme-du-tabarka-jazz-festival-20-au-24-aout-2019\/#primaryimage\",\"url\":\"\",\"contentUrl\":\"\"},{\"@type\":\"BreadcrumbList\",\"@id\":\"https:\/\/kapitalis.com\/tunisie\/2019\/07\/22\/programme-du-tabarka-jazz-festival-20-au-24-aout-2019\/#breadcrumb\",\"itemListElement\":[{\"@type\":\"ListItem\",\"position\":1,\"name\":\"Accueil\",\"item\":\"https:\/\/kapitalis.com\/tunisie\/\"},{\"@type\":\"ListItem\",\"position\":2,\"name\":\"Programme du Tabarka Jazz Festival (20 au 24 ao\u00fbt 2019)\"}]},{\"@type\":\"WebSite\",\"@id\":\"https:\/\/kapitalis.com\/tunisie\/#website\",\"url\":\"https:\/\/kapitalis.com\/tunisie\/\",\"name\":\"Kapitalis\",\"description\":\"L&#039;actualit\u00e9 en Tunisie et dans le monde\",\"publisher\":{\"@id\":\"https:\/\/kapitalis.com\/tunisie\/#organization\"},\"potentialAction\":[{\"@type\":\"SearchAction\",\"target\":{\"@type\":\"EntryPoint\",\"urlTemplate\":\"https:\/\/kapitalis.com\/tunisie\/?s={search_term_string}\"},\"query-input\":{\"@type\":\"PropertyValueSpecification\",\"valueRequired\":true,\"valueName\":\"search_term_string\"}}],\"inLanguage\":\"fr-FR\"},{\"@type\":\"Organization\",\"@id\":\"https:\/\/kapitalis.com\/tunisie\/#organization\",\"name\":\"Kapitalis\",\"url\":\"https:\/\/kapitalis.com\/tunisie\/\",\"logo\":{\"@type\":\"ImageObject\",\"inLanguage\":\"fr-FR\",\"@id\":\"https:\/\/kapitalis.com\/tunisie\/#\/schema\/logo\/image\/\",\"url\":\"https:\/\/kapitalis.com\/tunisie\/wp-content\/uploads\/2022\/05\/Kapitalis-big-size.png\",\"contentUrl\":\"https:\/\/kapitalis.com\/tunisie\/wp-content\/uploads\/2022\/05\/Kapitalis-big-size.png\",\"width\":5000,\"height\":1500,\"caption\":\"Kapitalis\"},\"image\":{\"@id\":\"https:\/\/kapitalis.com\/tunisie\/#\/schema\/logo\/image\/\"},\"sameAs\":[\"https:\/\/www.facebook.com\/KapitalisInfo\/\",\"https:\/\/x.com\/KapitalisInfo\",\"https:\/\/www.youtube.com\/channel\/UC-yDYrHyfFBWWZaOw3FPg9Q\"]},{\"@type\":\"Person\",\"@id\":\"https:\/\/kapitalis.com\/tunisie\/#\/schema\/person\/d71f33a9ca44f7bad4698210b480c8e9\",\"name\":\"webmaster kapitalis\",\"url\":\"https:\/\/kapitalis.com\/tunisie\/author\/webmaster-kapitalis\/\"}]}<\/script>\n<!-- \/ Yoast SEO plugin. -->","yoast_head_json":{"title":"Programme du Tabarka Jazz Festival (20 au 24 ao\u00fbt 2019) - Kapitalis","robots":{"index":"index","follow":"follow","max-snippet":"max-snippet:-1","max-image-preview":"max-image-preview:large","max-video-preview":"max-video-preview:-1"},"canonical":"https:\/\/kapitalis.com\/tunisie\/2019\/07\/22\/programme-du-tabarka-jazz-festival-20-au-24-aout-2019\/","og_locale":"fr_FR","og_type":"article","og_title":"Programme du Tabarka Jazz Festival (20 au 24 ao\u00fbt 2019) - Kapitalis","og_description":"Le Tabarka Jazz Festival r\u00e9siste aux difficult\u00e9s rencontr\u00e9es au cours des pr\u00e9c\u00e9dentes sessions, renouvelle l\u2019aventure et annonce une nouvelle \u00e9dition qui se tiendra du 20 au 24 ao\u00fbt 2019 \u00e0 la basilique de la ville c\u00f4ti\u00e8re de Tabarka.","og_url":"https:\/\/kapitalis.com\/tunisie\/2019\/07\/22\/programme-du-tabarka-jazz-festival-20-au-24-aout-2019\/","og_site_name":"Kapitalis","article_publisher":"https:\/\/www.facebook.com\/KapitalisInfo\/","article_published_time":"2019-07-22T07:44:09+00:00","article_modified_time":"2019-07-22T07:44:13+00:00","og_image":[{"width":1200,"height":630,"url":"https:\/\/kapitalis.com\/tunisie\/wp-content\/uploads\/2022\/05\/kapitalis-logo-fb.png","type":"image\/png"}],"author":"webmaster kapitalis","twitter_card":"summary_large_image","twitter_creator":"@KapitalisInfo","twitter_site":"@KapitalisInfo","twitter_misc":{"\u00c9crit par":"webmaster kapitalis","Dur\u00e9e de lecture estim\u00e9e":"2 minutes"},"schema":{"@context":"https:\/\/schema.org","@graph":[{"@type":"Article","@id":"https:\/\/kapitalis.com\/tunisie\/2019\/07\/22\/programme-du-tabarka-jazz-festival-20-au-24-aout-2019\/#article","isPartOf":{"@id":"https:\/\/kapitalis.com\/tunisie\/2019\/07\/22\/programme-du-tabarka-jazz-festival-20-au-24-aout-2019\/"},"author":{"name":"webmaster kapitalis","@id":"https:\/\/kapitalis.com\/tunisie\/#\/schema\/person\/d71f33a9ca44f7bad4698210b480c8e9"},"headline":"Programme du Tabarka Jazz Festival (20 au 24 ao\u00fbt 2019)","datePublished":"2019-07-22T07:44:09+00:00","dateModified":"2019-07-22T07:44:13+00:00","mainEntityOfPage":{"@id":"https:\/\/kapitalis.com\/tunisie\/2019\/07\/22\/programme-du-tabarka-jazz-festival-20-au-24-aout-2019\/"},"wordCount":315,"commentCount":0,"publisher":{"@id":"https:\/\/kapitalis.com\/tunisie\/#organization"},"image":{"@id":"https:\/\/kapitalis.com\/tunisie\/2019\/07\/22\/programme-du-tabarka-jazz-festival-20-au-24-aout-2019\/#primaryimage"},"thumbnailUrl":"","keywords":["Myrath","Scoop Organisation","Tabarka Jazz Festival"],"articleSection":["CULTURE","Tunisie"],"inLanguage":"fr-FR","potentialAction":[{"@type":"CommentAction","name":"Comment","target":["https:\/\/kapitalis.com\/tunisie\/2019\/07\/22\/programme-du-tabarka-jazz-festival-20-au-24-aout-2019\/#respond"]}]},{"@type":"WebPage","@id":"https:\/\/kapitalis.com\/tunisie\/2019\/07\/22\/programme-du-tabarka-jazz-festival-20-au-24-aout-2019\/","url":"https:\/\/kapitalis.com\/tunisie\/2019\/07\/22\/programme-du-tabarka-jazz-festival-20-au-24-aout-2019\/","name":"Programme du Tabarka Jazz Festival (20 au 24 ao\u00fbt 2019) - Kapitalis","isPartOf":{"@id":"https:\/\/kapitalis.com\/tunisie\/#website"},"primaryImageOfPage":{"@id":"https:\/\/kapitalis.com\/tunisie\/2019\/07\/22\/programme-du-tabarka-jazz-festival-20-au-24-aout-2019\/#primaryimage"},"image":{"@id":"https:\/\/kapitalis.com\/tunisie\/2019\/07\/22\/programme-du-tabarka-jazz-festival-20-au-24-aout-2019\/#primaryimage"},"thumbnailUrl":"","datePublished":"2019-07-22T07:44:09+00:00","dateModified":"2019-07-22T07:44:13+00:00","breadcrumb":{"@id":"https:\/\/kapitalis.com\/tunisie\/2019\/07\/22\/programme-du-tabarka-jazz-festival-20-au-24-aout-2019\/#breadcrumb"},"inLanguage":"fr-FR","potentialAction":[{"@type":"ReadAction","target":["https:\/\/kapitalis.com\/tunisie\/2019\/07\/22\/programme-du-tabarka-jazz-festival-20-au-24-aout-2019\/"]}]},{"@type":"ImageObject","inLanguage":"fr-FR","@id":"https:\/\/kapitalis.com\/tunisie\/2019\/07\/22\/programme-du-tabarka-jazz-festival-20-au-24-aout-2019\/#primaryimage","url":"","contentUrl":""},{"@type":"BreadcrumbList","@id":"https:\/\/kapitalis.com\/tunisie\/2019\/07\/22\/programme-du-tabarka-jazz-festival-20-au-24-aout-2019\/#breadcrumb","itemListElement":[{"@type":"ListItem","position":1,"name":"Accueil","item":"https:\/\/kapitalis.com\/tunisie\/"},{"@type":"ListItem","position":2,"name":"Programme du Tabarka Jazz Festival (20 au 24 ao\u00fbt 2019)"}]},{"@type":"WebSite","@id":"https:\/\/kapitalis.com\/tunisie\/#website","url":"https:\/\/kapitalis.com\/tunisie\/","name":"Kapitalis","description":"L&#039;actualit\u00e9 en Tunisie et dans le monde","publisher":{"@id":"https:\/\/kapitalis.com\/tunisie\/#organization"},"potentialAction":[{"@type":"SearchAction","target":{"@type":"EntryPoint","urlTemplate":"https:\/\/kapitalis.com\/tunisie\/?s={search_term_string}"},"query-input":{"@type":"PropertyValueSpecification","valueRequired":true,"valueName":"search_term_string"}}],"inLanguage":"fr-FR"},{"@type":"Organization","@id":"https:\/\/kapitalis.com\/tunisie\/#organization","name":"Kapitalis","url":"https:\/\/kapitalis.com\/tunisie\/","logo":{"@type":"ImageObject","inLanguage":"fr-FR","@id":"https:\/\/kapitalis.com\/tunisie\/#\/schema\/logo\/image\/","url":"https:\/\/kapitalis.com\/tunisie\/wp-content\/uploads\/2022\/05\/Kapitalis-big-size.png","contentUrl":"https:\/\/kapitalis.com\/tunisie\/wp-content\/uploads\/2022\/05\/Kapitalis-big-size.png","width":5000,"height":1500,"caption":"Kapitalis"},"image":{"@id":"https:\/\/kapitalis.com\/tunisie\/#\/schema\/logo\/image\/"},"sameAs":["https:\/\/www.facebook.com\/KapitalisInfo\/","https:\/\/x.com\/KapitalisInfo","https:\/\/www.youtube.com\/channel\/UC-yDYrHyfFBWWZaOw3FPg9Q"]},{"@type":"Person","@id":"https:\/\/kapitalis.com\/tunisie\/#\/schema\/person\/d71f33a9ca44f7bad4698210b480c8e9","name":"webmaster kapitalis","url":"https:\/\/kapitalis.com\/tunisie\/author\/webmaster-kapitalis\/"}]}},"_links":{"self":[{"href":"https:\/\/kapitalis.com\/tunisie\/wp-json\/wp\/v2\/posts\/227141","targetHints":{"allow":["GET"]}}],"collection":[{"href":"https:\/\/kapitalis.com\/tunisie\/wp-json\/wp\/v2\/posts"}],"about":[{"href":"https:\/\/kapitalis.com\/tunisie\/wp-json\/wp\/v2\/types\/post"}],"author":[{"embeddable":true,"href":"https:\/\/kapitalis.com\/tunisie\/wp-json\/wp\/v2\/users\/8"}],"replies":[{"embeddable":true,"href":"https:\/\/kapitalis.com\/tunisie\/wp-json\/wp\/v2\/comments?post=227141"}],"version-history":[{"count":0,"href":"https:\/\/kapitalis.com\/tunisie\/wp-json\/wp\/v2\/posts\/227141\/revisions"}],"wp:featuredmedia":[{"embeddable":true,"href":"https:\/\/kapitalis.com\/tunisie\/wp-json\/wp\/v2\/media\/227142"}],"wp:attachment":[{"href":"https:\/\/kapitalis.com\/tunisie\/wp-json\/wp\/v2\/media?parent=227141"}],"wp:term":[{"taxonomy":"category","embeddable":true,"href":"https:\/\/kapitalis.com\/tunisie\/wp-json\/wp\/v2\/categories?post=227141"},{"taxonomy":"post_tag","embeddable":true,"href":"https:\/\/kapitalis.com\/tunisie\/wp-json\/wp\/v2\/tags?post=227141"}],"curies":[{"name":"wp","href":"https:\/\/api.w.org\/{rel}","templated":true}]}}