{"id":227166,"date":"2019-07-22T16:53:23","date_gmt":"2019-07-22T15:53:23","guid":{"rendered":"http:\/\/kapitalis.com\/tunisie\/?p=227166"},"modified":"2019-07-22T16:56:36","modified_gmt":"2019-07-22T15:56:36","slug":"mediterranee-le-fort-taux-de-chomage-est-ne-dune-formation-inadaptee-au-marche-de-lemploi","status":"publish","type":"post","link":"https:\/\/kapitalis.com\/tunisie\/2019\/07\/22\/mediterranee-le-fort-taux-de-chomage-est-ne-dune-formation-inadaptee-au-marche-de-lemploi\/","title":{"rendered":"M\u00e9diterran\u00e9e : Le fort taux de ch\u00f4mage est n\u00e9 d&rsquo;une formation inadapt\u00e9e au march\u00e9 de l&#8217;emploi"},"content":{"rendered":"\n<figure class=\"wp-block-image\"><img decoding=\"async\" src=\"http:\/\/kapitalis.com\/tunisie\/wp-content\/uploads\/2015\/08\/ch\u00f4mage.jpeg\" alt=\"\" class=\"wp-image-9949\"\/><\/figure>\n\n\n\n<p><strong><em>Dans les pays du Sud de la M\u00e9diterran\u00e9e, dont la Tunisie, une formation inadapt\u00e9e au march\u00e9 de l&#8217;emploi se traduit par un fort taux de ch\u00f4mage. Elle pousse les dipl\u00f4m\u00e9s \u00e0 choisir la fonction publique, ou \u00e0 \u00e9migrer.<\/em><\/strong><\/p>\n\n\n\n<!--more-->\n\n\n\n<p>L&rsquo;inad\u00e9quation entre formation et offres d&#8217;emploi, constat\u00e9e dans les pays du Sud de la M\u00e9diterran\u00e9e, dont la Tunisie, s&rsquo;explique par un ch\u00f4mage \u00e9lev\u00e9 chronique, sp\u00e9cifiquement chez les jeunes adultes, de faibles taux d&#8217;emploi, des changements dans les syst\u00e8mes \u00e9ducatifs, des frictions sur le march\u00e9 du travail et des \u00e9checs des gouvernements \u00e0 les aplanir, l&rsquo;immigration fonctionnant comme une soupape de s\u00e9curit\u00e9, etc.&nbsp; <\/p>\n\n\n\n<p>Les frictions sur le march\u00e9 du travail sont bien la cons\u00e9quence de l&rsquo;inad\u00e9quation des comp\u00e9tences, confort\u00e9e par le constat que les \u00e9tudes sup\u00e9rieures sont orient\u00e9es vers la fonction publique. Malgr\u00e9 une augmentation de la scolarisation, la mauvaise qualit\u00e9 de l&rsquo;enseignement persiste dans le sud m\u00e9diterran\u00e9en.\u00a0 <\/p>\n\n\n\n<h3 class=\"wp-block-heading\">\u00ab<em>Le taux de ch\u00f4mage des tr\u00e8s \u00e9duqu\u00e9s a atteint 40% en Tunisie, et m\u00eame 50% pour les femmes dans ce pays<\/em>\u00bb <\/h3>\n\n\n\n<p>Amer constat de Cinzia Alcidi, chercheuse principale et cheffe de la politique \u00e9conomique du CEPS (Centre d&rsquo;\u00e9tude des politiques europ\u00e9ennes). La formation ne correspond donc pas aux emplois disponibles. <\/p>\n\n\n\n<p>L&rsquo;importance du secteur public et son attractivit\u00e9 (salaires plus \u00e9lev\u00e9s, meilleure protection sociale, garantie de l&#8217;emploi et statut), affecte les choix d&rsquo;\u00e9ducation, et absorbe les plus talentueux, quand ils ne sont pas tent\u00e9s par l&rsquo;\u00e9migration. <\/p>\n\n\n\n<p>Selon Eurostat (chiffres 2017), sur le million de jeunes de 18 \u00e0 34 ans (Alg\u00e9riens, Egyptiens, Marocains et Tunisiens) pr\u00e9sents en Europe, 40% ont un emploi, 42% restent inactifs et 18% se trouvent au ch\u00f4mage. Preuve encore que leur formation ne correspond pas aux besoins des entreprises \u00e0 l&rsquo;\u00e9tranger. <\/p>\n\n\n\n<h3 class=\"wp-block-heading\">\u00abC<em>onnecter les dipl\u00f4m\u00e9s avec les entreprises<\/em>\u00bb <\/h3>\n\n\n\n<p>\u00ab<em>Sans coop\u00e9ration entre les 2 rives, nous n&rsquo;y arriverons pas<\/em>\u00bb, d&rsquo;o\u00f9 l&rsquo;int\u00e9r\u00eat d&rsquo;un programme comme HOMERe (Haute opportunit\u00e9 en M\u00e9diterran\u00e9e pour le recrutement de cadres d&rsquo;excellence). Son pr\u00e9sident, L\u00e9o Vincent, veut connecter les dipl\u00f4m\u00e9s avec les entreprises, en leur proposant des stages de 6 mois.<\/p>\n\n\n\n<p>L&rsquo;appel \u00e0 projets de la Direction g\u00e9n\u00e9rale Migration et Affaires int\u00e9rieures de la Commission europ\u00e9enne qu&rsquo;il vient de d\u00e9crocher va lui permettre de renforcer l&#8217;employabilit\u00e9 des jeunes m\u00e9diterran\u00e9ens du Maroc, de Tunisie et d&rsquo;\u00c9gypte. \u00ab<em>Le flot des migrations va se poursuivre, il est crucial d&rsquo;assurer sa gestion<\/em>\u00bb, lance Cinzia Alcidi. <\/p>\n\n\n<p><em><strong>Source:<\/strong><\/em> <a href=\"https:\/\/www.econostrum.info\/L-education-au-Sud-de-la-Mediterranee-comme-responsable-des-frictions-sur-le-marche-du-travail_a25820.html\" target=\"_blank\" rel=\"noopener noreferrer\"><span style=\"color: #0000ff;\">Econostrum<\/span><\/a><\/p>","protected":false},"excerpt":{"rendered":"<p>Dans les pays du Sud de la M\u00e9diterran\u00e9e, dont la Tunisie, une formation inadapt\u00e9e au march\u00e9 de l&#8217;emploi se traduit par un fort taux de ch\u00f4mage. Elle pousse les dipl\u00f4m\u00e9s \u00e0 choisir la fonction publique, ou \u00e0 \u00e9migrer.<\/p>\n","protected":false},"author":22,"featured_media":0,"comment_status":"open","ping_status":"open","sticky":false,"template":"","format":"standard","meta":{"footnotes":""},"categories":[998,2433],"tags":[306],"class_list":["post-227166","post","type-post","status-publish","format-standard","hentry","category-societe","category-tunisie","tag-education"],"yoast_head":"<!-- This site is optimized with the Yoast SEO plugin v26.6 - https:\/\/yoast.com\/wordpress\/plugins\/seo\/ -->\n<title>M\u00e9diterran\u00e9e : Le fort taux de ch\u00f4mage est n\u00e9 d&#039;une formation inadapt\u00e9e au march\u00e9 de l&#039;emploi - Kapitalis<\/title>\n<meta name=\"robots\" content=\"index, follow, max-snippet:-1, max-image-preview:large, max-video-preview:-1\" \/>\n<link rel=\"canonical\" href=\"https:\/\/kapitalis.com\/tunisie\/2019\/07\/22\/mediterranee-le-fort-taux-de-chomage-est-ne-dune-formation-inadaptee-au-marche-de-lemploi\/\" \/>\n<meta property=\"og:locale\" content=\"fr_FR\" \/>\n<meta property=\"og:type\" content=\"article\" \/>\n<meta property=\"og:title\" content=\"M\u00e9diterran\u00e9e : Le fort taux de ch\u00f4mage est n\u00e9 d&#039;une formation inadapt\u00e9e au march\u00e9 de l&#039;emploi - Kapitalis\" \/>\n<meta property=\"og:description\" content=\"Dans les pays du Sud de la M\u00e9diterran\u00e9e, dont la Tunisie, une formation inadapt\u00e9e au march\u00e9 de l&#8217;emploi se traduit par un fort taux de ch\u00f4mage. Elle pousse les dipl\u00f4m\u00e9s \u00e0 choisir la fonction publique, ou \u00e0 \u00e9migrer.\" \/>\n<meta property=\"og:url\" content=\"https:\/\/kapitalis.com\/tunisie\/2019\/07\/22\/mediterranee-le-fort-taux-de-chomage-est-ne-dune-formation-inadaptee-au-marche-de-lemploi\/\" \/>\n<meta property=\"og:site_name\" content=\"Kapitalis\" \/>\n<meta property=\"article:publisher\" content=\"https:\/\/www.facebook.com\/KapitalisInfo\/\" \/>\n<meta property=\"article:published_time\" content=\"2019-07-22T15:53:23+00:00\" \/>\n<meta property=\"article:modified_time\" content=\"2019-07-22T15:56:36+00:00\" \/>\n<meta property=\"og:image\" content=\"https:\/\/kapitalis.com\/tunisie\/wp-content\/uploads\/2022\/05\/kapitalis-logo-fb.png\" \/>\n\t<meta property=\"og:image:width\" content=\"1200\" \/>\n\t<meta property=\"og:image:height\" content=\"630\" \/>\n\t<meta property=\"og:image:type\" content=\"image\/png\" \/>\n<meta name=\"author\" content=\"Amina Mkada\" \/>\n<meta name=\"twitter:card\" content=\"summary_large_image\" \/>\n<meta name=\"twitter:creator\" content=\"@KapitalisInfo\" \/>\n<meta name=\"twitter:site\" content=\"@KapitalisInfo\" \/>\n<meta name=\"twitter:label1\" content=\"\u00c9crit par\" \/>\n\t<meta name=\"twitter:data1\" content=\"Amina Mkada\" \/>\n\t<meta name=\"twitter:label2\" content=\"Dur\u00e9e de lecture estim\u00e9e\" \/>\n\t<meta name=\"twitter:data2\" content=\"2 minutes\" \/>\n<script type=\"application\/ld+json\" class=\"yoast-schema-graph\">{\"@context\":\"https:\/\/schema.org\",\"@graph\":[{\"@type\":\"Article\",\"@id\":\"https:\/\/kapitalis.com\/tunisie\/2019\/07\/22\/mediterranee-le-fort-taux-de-chomage-est-ne-dune-formation-inadaptee-au-marche-de-lemploi\/#article\",\"isPartOf\":{\"@id\":\"https:\/\/kapitalis.com\/tunisie\/2019\/07\/22\/mediterranee-le-fort-taux-de-chomage-est-ne-dune-formation-inadaptee-au-marche-de-lemploi\/\"},\"author\":{\"name\":\"Amina Mkada\",\"@id\":\"https:\/\/kapitalis.com\/tunisie\/#\/schema\/person\/093913313d3017554cb3ad077fff3fbd\"},\"headline\":\"M\u00e9diterran\u00e9e : Le fort taux de ch\u00f4mage est n\u00e9 d&rsquo;une formation inadapt\u00e9e au march\u00e9 de l&#8217;emploi\",\"datePublished\":\"2019-07-22T15:53:23+00:00\",\"dateModified\":\"2019-07-22T15:56:36+00:00\",\"mainEntityOfPage\":{\"@id\":\"https:\/\/kapitalis.com\/tunisie\/2019\/07\/22\/mediterranee-le-fort-taux-de-chomage-est-ne-dune-formation-inadaptee-au-marche-de-lemploi\/\"},\"wordCount\":441,\"commentCount\":2,\"publisher\":{\"@id\":\"https:\/\/kapitalis.com\/tunisie\/#organization\"},\"keywords\":[\"\u00e9ducation\"],\"articleSection\":[\"SOCIETE\",\"Tunisie\"],\"inLanguage\":\"fr-FR\",\"potentialAction\":[{\"@type\":\"CommentAction\",\"name\":\"Comment\",\"target\":[\"https:\/\/kapitalis.com\/tunisie\/2019\/07\/22\/mediterranee-le-fort-taux-de-chomage-est-ne-dune-formation-inadaptee-au-marche-de-lemploi\/#respond\"]}]},{\"@type\":\"WebPage\",\"@id\":\"https:\/\/kapitalis.com\/tunisie\/2019\/07\/22\/mediterranee-le-fort-taux-de-chomage-est-ne-dune-formation-inadaptee-au-marche-de-lemploi\/\",\"url\":\"https:\/\/kapitalis.com\/tunisie\/2019\/07\/22\/mediterranee-le-fort-taux-de-chomage-est-ne-dune-formation-inadaptee-au-marche-de-lemploi\/\",\"name\":\"M\u00e9diterran\u00e9e : Le fort taux de ch\u00f4mage est n\u00e9 d'une formation inadapt\u00e9e au march\u00e9 de l'emploi - Kapitalis\",\"isPartOf\":{\"@id\":\"https:\/\/kapitalis.com\/tunisie\/#website\"},\"datePublished\":\"2019-07-22T15:53:23+00:00\",\"dateModified\":\"2019-07-22T15:56:36+00:00\",\"breadcrumb\":{\"@id\":\"https:\/\/kapitalis.com\/tunisie\/2019\/07\/22\/mediterranee-le-fort-taux-de-chomage-est-ne-dune-formation-inadaptee-au-marche-de-lemploi\/#breadcrumb\"},\"inLanguage\":\"fr-FR\",\"potentialAction\":[{\"@type\":\"ReadAction\",\"target\":[\"https:\/\/kapitalis.com\/tunisie\/2019\/07\/22\/mediterranee-le-fort-taux-de-chomage-est-ne-dune-formation-inadaptee-au-marche-de-lemploi\/\"]}]},{\"@type\":\"BreadcrumbList\",\"@id\":\"https:\/\/kapitalis.com\/tunisie\/2019\/07\/22\/mediterranee-le-fort-taux-de-chomage-est-ne-dune-formation-inadaptee-au-marche-de-lemploi\/#breadcrumb\",\"itemListElement\":[{\"@type\":\"ListItem\",\"position\":1,\"name\":\"Accueil\",\"item\":\"https:\/\/kapitalis.com\/tunisie\/\"},{\"@type\":\"ListItem\",\"position\":2,\"name\":\"M\u00e9diterran\u00e9e : Le fort taux de ch\u00f4mage est n\u00e9 d&rsquo;une formation inadapt\u00e9e au march\u00e9 de l&#8217;emploi\"}]},{\"@type\":\"WebSite\",\"@id\":\"https:\/\/kapitalis.com\/tunisie\/#website\",\"url\":\"https:\/\/kapitalis.com\/tunisie\/\",\"name\":\"Kapitalis\",\"description\":\"L&#039;actualit\u00e9 en Tunisie et dans le monde\",\"publisher\":{\"@id\":\"https:\/\/kapitalis.com\/tunisie\/#organization\"},\"potentialAction\":[{\"@type\":\"SearchAction\",\"target\":{\"@type\":\"EntryPoint\",\"urlTemplate\":\"https:\/\/kapitalis.com\/tunisie\/?s={search_term_string}\"},\"query-input\":{\"@type\":\"PropertyValueSpecification\",\"valueRequired\":true,\"valueName\":\"search_term_string\"}}],\"inLanguage\":\"fr-FR\"},{\"@type\":\"Organization\",\"@id\":\"https:\/\/kapitalis.com\/tunisie\/#organization\",\"name\":\"Kapitalis\",\"url\":\"https:\/\/kapitalis.com\/tunisie\/\",\"logo\":{\"@type\":\"ImageObject\",\"inLanguage\":\"fr-FR\",\"@id\":\"https:\/\/kapitalis.com\/tunisie\/#\/schema\/logo\/image\/\",\"url\":\"https:\/\/kapitalis.com\/tunisie\/wp-content\/uploads\/2022\/05\/Kapitalis-big-size.png\",\"contentUrl\":\"https:\/\/kapitalis.com\/tunisie\/wp-content\/uploads\/2022\/05\/Kapitalis-big-size.png\",\"width\":5000,\"height\":1500,\"caption\":\"Kapitalis\"},\"image\":{\"@id\":\"https:\/\/kapitalis.com\/tunisie\/#\/schema\/logo\/image\/\"},\"sameAs\":[\"https:\/\/www.facebook.com\/KapitalisInfo\/\",\"https:\/\/x.com\/KapitalisInfo\",\"https:\/\/www.youtube.com\/channel\/UC-yDYrHyfFBWWZaOw3FPg9Q\"]},{\"@type\":\"Person\",\"@id\":\"https:\/\/kapitalis.com\/tunisie\/#\/schema\/person\/093913313d3017554cb3ad077fff3fbd\",\"name\":\"Amina Mkada\",\"url\":\"https:\/\/kapitalis.com\/tunisie\/author\/amina\/\"}]}<\/script>\n<!-- \/ Yoast SEO plugin. -->","yoast_head_json":{"title":"M\u00e9diterran\u00e9e : Le fort taux de ch\u00f4mage est n\u00e9 d'une formation inadapt\u00e9e au march\u00e9 de l'emploi - Kapitalis","robots":{"index":"index","follow":"follow","max-snippet":"max-snippet:-1","max-image-preview":"max-image-preview:large","max-video-preview":"max-video-preview:-1"},"canonical":"https:\/\/kapitalis.com\/tunisie\/2019\/07\/22\/mediterranee-le-fort-taux-de-chomage-est-ne-dune-formation-inadaptee-au-marche-de-lemploi\/","og_locale":"fr_FR","og_type":"article","og_title":"M\u00e9diterran\u00e9e : Le fort taux de ch\u00f4mage est n\u00e9 d'une formation inadapt\u00e9e au march\u00e9 de l'emploi - Kapitalis","og_description":"Dans les pays du Sud de la M\u00e9diterran\u00e9e, dont la Tunisie, une formation inadapt\u00e9e au march\u00e9 de l&#8217;emploi se traduit par un fort taux de ch\u00f4mage. Elle pousse les dipl\u00f4m\u00e9s \u00e0 choisir la fonction publique, ou \u00e0 \u00e9migrer.","og_url":"https:\/\/kapitalis.com\/tunisie\/2019\/07\/22\/mediterranee-le-fort-taux-de-chomage-est-ne-dune-formation-inadaptee-au-marche-de-lemploi\/","og_site_name":"Kapitalis","article_publisher":"https:\/\/www.facebook.com\/KapitalisInfo\/","article_published_time":"2019-07-22T15:53:23+00:00","article_modified_time":"2019-07-22T15:56:36+00:00","og_image":[{"width":1200,"height":630,"url":"https:\/\/kapitalis.com\/tunisie\/wp-content\/uploads\/2022\/05\/kapitalis-logo-fb.png","type":"image\/png"}],"author":"Amina Mkada","twitter_card":"summary_large_image","twitter_creator":"@KapitalisInfo","twitter_site":"@KapitalisInfo","twitter_misc":{"\u00c9crit par":"Amina Mkada","Dur\u00e9e de lecture estim\u00e9e":"2 minutes"},"schema":{"@context":"https:\/\/schema.org","@graph":[{"@type":"Article","@id":"https:\/\/kapitalis.com\/tunisie\/2019\/07\/22\/mediterranee-le-fort-taux-de-chomage-est-ne-dune-formation-inadaptee-au-marche-de-lemploi\/#article","isPartOf":{"@id":"https:\/\/kapitalis.com\/tunisie\/2019\/07\/22\/mediterranee-le-fort-taux-de-chomage-est-ne-dune-formation-inadaptee-au-marche-de-lemploi\/"},"author":{"name":"Amina Mkada","@id":"https:\/\/kapitalis.com\/tunisie\/#\/schema\/person\/093913313d3017554cb3ad077fff3fbd"},"headline":"M\u00e9diterran\u00e9e : Le fort taux de ch\u00f4mage est n\u00e9 d&rsquo;une formation inadapt\u00e9e au march\u00e9 de l&#8217;emploi","datePublished":"2019-07-22T15:53:23+00:00","dateModified":"2019-07-22T15:56:36+00:00","mainEntityOfPage":{"@id":"https:\/\/kapitalis.com\/tunisie\/2019\/07\/22\/mediterranee-le-fort-taux-de-chomage-est-ne-dune-formation-inadaptee-au-marche-de-lemploi\/"},"wordCount":441,"commentCount":2,"publisher":{"@id":"https:\/\/kapitalis.com\/tunisie\/#organization"},"keywords":["\u00e9ducation"],"articleSection":["SOCIETE","Tunisie"],"inLanguage":"fr-FR","potentialAction":[{"@type":"CommentAction","name":"Comment","target":["https:\/\/kapitalis.com\/tunisie\/2019\/07\/22\/mediterranee-le-fort-taux-de-chomage-est-ne-dune-formation-inadaptee-au-marche-de-lemploi\/#respond"]}]},{"@type":"WebPage","@id":"https:\/\/kapitalis.com\/tunisie\/2019\/07\/22\/mediterranee-le-fort-taux-de-chomage-est-ne-dune-formation-inadaptee-au-marche-de-lemploi\/","url":"https:\/\/kapitalis.com\/tunisie\/2019\/07\/22\/mediterranee-le-fort-taux-de-chomage-est-ne-dune-formation-inadaptee-au-marche-de-lemploi\/","name":"M\u00e9diterran\u00e9e : Le fort taux de ch\u00f4mage est n\u00e9 d'une formation inadapt\u00e9e au march\u00e9 de l'emploi - Kapitalis","isPartOf":{"@id":"https:\/\/kapitalis.com\/tunisie\/#website"},"datePublished":"2019-07-22T15:53:23+00:00","dateModified":"2019-07-22T15:56:36+00:00","breadcrumb":{"@id":"https:\/\/kapitalis.com\/tunisie\/2019\/07\/22\/mediterranee-le-fort-taux-de-chomage-est-ne-dune-formation-inadaptee-au-marche-de-lemploi\/#breadcrumb"},"inLanguage":"fr-FR","potentialAction":[{"@type":"ReadAction","target":["https:\/\/kapitalis.com\/tunisie\/2019\/07\/22\/mediterranee-le-fort-taux-de-chomage-est-ne-dune-formation-inadaptee-au-marche-de-lemploi\/"]}]},{"@type":"BreadcrumbList","@id":"https:\/\/kapitalis.com\/tunisie\/2019\/07\/22\/mediterranee-le-fort-taux-de-chomage-est-ne-dune-formation-inadaptee-au-marche-de-lemploi\/#breadcrumb","itemListElement":[{"@type":"ListItem","position":1,"name":"Accueil","item":"https:\/\/kapitalis.com\/tunisie\/"},{"@type":"ListItem","position":2,"name":"M\u00e9diterran\u00e9e : Le fort taux de ch\u00f4mage est n\u00e9 d&rsquo;une formation inadapt\u00e9e au march\u00e9 de l&#8217;emploi"}]},{"@type":"WebSite","@id":"https:\/\/kapitalis.com\/tunisie\/#website","url":"https:\/\/kapitalis.com\/tunisie\/","name":"Kapitalis","description":"L&#039;actualit\u00e9 en Tunisie et dans le monde","publisher":{"@id":"https:\/\/kapitalis.com\/tunisie\/#organization"},"potentialAction":[{"@type":"SearchAction","target":{"@type":"EntryPoint","urlTemplate":"https:\/\/kapitalis.com\/tunisie\/?s={search_term_string}"},"query-input":{"@type":"PropertyValueSpecification","valueRequired":true,"valueName":"search_term_string"}}],"inLanguage":"fr-FR"},{"@type":"Organization","@id":"https:\/\/kapitalis.com\/tunisie\/#organization","name":"Kapitalis","url":"https:\/\/kapitalis.com\/tunisie\/","logo":{"@type":"ImageObject","inLanguage":"fr-FR","@id":"https:\/\/kapitalis.com\/tunisie\/#\/schema\/logo\/image\/","url":"https:\/\/kapitalis.com\/tunisie\/wp-content\/uploads\/2022\/05\/Kapitalis-big-size.png","contentUrl":"https:\/\/kapitalis.com\/tunisie\/wp-content\/uploads\/2022\/05\/Kapitalis-big-size.png","width":5000,"height":1500,"caption":"Kapitalis"},"image":{"@id":"https:\/\/kapitalis.com\/tunisie\/#\/schema\/logo\/image\/"},"sameAs":["https:\/\/www.facebook.com\/KapitalisInfo\/","https:\/\/x.com\/KapitalisInfo","https:\/\/www.youtube.com\/channel\/UC-yDYrHyfFBWWZaOw3FPg9Q"]},{"@type":"Person","@id":"https:\/\/kapitalis.com\/tunisie\/#\/schema\/person\/093913313d3017554cb3ad077fff3fbd","name":"Amina Mkada","url":"https:\/\/kapitalis.com\/tunisie\/author\/amina\/"}]}},"_links":{"self":[{"href":"https:\/\/kapitalis.com\/tunisie\/wp-json\/wp\/v2\/posts\/227166","targetHints":{"allow":["GET"]}}],"collection":[{"href":"https:\/\/kapitalis.com\/tunisie\/wp-json\/wp\/v2\/posts"}],"about":[{"href":"https:\/\/kapitalis.com\/tunisie\/wp-json\/wp\/v2\/types\/post"}],"author":[{"embeddable":true,"href":"https:\/\/kapitalis.com\/tunisie\/wp-json\/wp\/v2\/users\/22"}],"replies":[{"embeddable":true,"href":"https:\/\/kapitalis.com\/tunisie\/wp-json\/wp\/v2\/comments?post=227166"}],"version-history":[{"count":0,"href":"https:\/\/kapitalis.com\/tunisie\/wp-json\/wp\/v2\/posts\/227166\/revisions"}],"wp:attachment":[{"href":"https:\/\/kapitalis.com\/tunisie\/wp-json\/wp\/v2\/media?parent=227166"}],"wp:term":[{"taxonomy":"category","embeddable":true,"href":"https:\/\/kapitalis.com\/tunisie\/wp-json\/wp\/v2\/categories?post=227166"},{"taxonomy":"post_tag","embeddable":true,"href":"https:\/\/kapitalis.com\/tunisie\/wp-json\/wp\/v2\/tags?post=227166"}],"curies":[{"name":"wp","href":"https:\/\/api.w.org\/{rel}","templated":true}]}}