{"id":227208,"date":"2019-07-22T10:58:08","date_gmt":"2019-07-22T09:58:08","guid":{"rendered":"http:\/\/kapitalis.com\/tunisie\/?p=227208"},"modified":"2019-07-22T10:58:11","modified_gmt":"2019-07-22T09:58:11","slug":"festival-de-hammamet-charlotte-cardin-le-coup-de-coeur-de-cette-edition","status":"publish","type":"post","link":"https:\/\/kapitalis.com\/tunisie\/2019\/07\/22\/festival-de-hammamet-charlotte-cardin-le-coup-de-coeur-de-cette-edition\/","title":{"rendered":"Festival de Hammamet : Charlotte Cardin, le coup de c\u0153ur de cette \u00e9dition"},"content":{"rendered":"\n<figure class=\"wp-block-image\"><img decoding=\"async\" src=\"http:\/\/kapitalis.com\/tunisie\/wp-content\/uploads\/2019\/07\/Charlotte-Cardin-Hammamet-Ban.jpg\" alt=\"\" class=\"wp-image-227212\"\/><\/figure>\n\n\n\n<p><strong><em>La jeune chanteuse canadienne Charlotte Cardin a illumin\u00e9 la sc\u00e8ne du Festival international de Hammamet, le soir du samedi 20 juillet 2019, devant un public ravi et conquis. <\/em><\/strong><br><\/p>\n\n\n\n<p> Par <strong>Fawz Ben Ali<\/strong><br><\/p>\n\n\n\n<!--more-->\n\n\n\n<p> C\u2019est certainement l\u2019une des plus belles d\u00e9couvertes de la 55e \u00e9dition du Festival international de Hammamet qui a d\u00e9marr\u00e9 le 10 juillet et qui se poursuit jusqu\u2019au 17 ao\u00fbt, un coup de c\u0153ur r\u00e9ciproque entre le public tunisien et l\u2019\u00e9toile montante de la pop canadienne.<br><\/p>\n\n\n\n<h3 class=\"wp-block-heading\"> Une rencontre \u00e9tincelante<br><\/h3>\n\n\n\n<p> Auteure, compositrice, interpr\u00e8te et musicienne de grand talent, Charlotte Cardin s\u2019est produite pour la premi\u00e8re fois en Tunisie, avant-hier soir, et ce fut une rencontre \u00e9tincelante avec ses nombreux fans tunisiens, venus en masse \u00e0 ce concert qui avait affich\u00e9 complet tr\u00e8s vite apr\u00e8s la mise en vente des billets.<br><\/p>\n\n\n\n<p> C\u2019est donc devant un th\u00e9\u00e2tre bond\u00e9 que la jeune artiste de 24 ans a fait son apparition sur sc\u00e8ne accompagn\u00e9e du bassiste Mathieu S\u00e9n\u00e9chal et du batteur Benjamin Courcy, sur<em> \u2018\u2018Les \u00e9chardes\u2019\u2019,<\/em> l\u2019une des rares chansons en fran\u00e7ais de son r\u00e9pertoire majoritairement anglophone, normal pour une artiste qui vise \u00e0 conqu\u00e9rir le monde.<br><\/p>\n\n\n\n<div class=\"wp-block-image\"><figure class=\"aligncenter is-resized\"><img loading=\"lazy\" decoding=\"async\" src=\"http:\/\/kapitalis.com\/tunisie\/wp-content\/uploads\/2019\/07\/Charlotte-Cardin-Hammamet-2.jpg\" alt=\"\" class=\"wp-image-227214\" width=\"500\" height=\"385\"\/><figcaption><em>Le feeling est vite pass\u00e9 entre la chanteuse canadienne et le le public hammam\u00e9tois.<\/em><\/figcaption><\/figure><\/div>\n\n\n\n<p> Apr\u00e8s une br\u00e8ve carri\u00e8re dans le mannequinat, Charlotte Cardin s\u2019est lanc\u00e9e corps et \u00e2me dans l\u2019univers de la musique; son passage au t\u00e9l\u00e9-crochet canadien <em>\u2018\u2018La Voix\u2019\u2019 <\/em>en 2013, o\u00f9 elle avait fini troisi\u00e8me, a d\u00e9clench\u00e9 sa carri\u00e8re, qui est depuis, mont\u00e9 en fl\u00e8che : des tubes, des tourn\u00e9es mondiales, des collaborations et une reconnaissance de la part des professionnels de la musique comme le crooner canadien  Garou qui l\u2019a invit\u00e9e \u00e0 un duo, ou encore la vedette anglaise Elton John qui a avou\u00e9 que <em>\u2018\u2018Main girl\u2019\u2019<\/em> faisait partie de sa playlist coup de c\u0153ur.<br><\/p>\n\n\n\n<p><em> \u00abOn m\u2019a longtemps habill\u00e9e, maquill\u00e9e, coiff\u00e9e \u2026 et j\u2019avais h\u00e2te de redevenir moi-m\u00eame apr\u00e8s avoir quitt\u00e9 le mannequinat\u00bb<\/em>, explique Charlotte Cardin dans un point de presse donn\u00e9 \u00e0 l\u2019occasion de son passage \u00e0 Hammamet. En effet, la jeune artiste s\u2019est pr\u00e9sent\u00e9e dans une tenue on ne peut plus d\u00e9contract\u00e9e, cheveux dans l\u2019air\u2026 un naturel et une fra\u00eecheur qui se manifestent aussi bien dans sa musique sans artifices.<br><\/p>\n\n\n\n<h3 class=\"wp-block-heading\"> Un public conquis et une artiste combl\u00e9e<br><\/h3>\n\n\n\n<p> Peu de temps apr\u00e8s avoir ouvert la 40e du prestigieux Festival de jazz de Montr\u00e9al, Charlotte Cardin est arriv\u00e9e chez nous quelques jours avant la date de son concert pour les r\u00e9p\u00e9titions mais aussi pour profiter du soleil et des belles plages de Hammamet, une tourn\u00e9e qui a ressembl\u00e9 \u00e0 des vacances et que la jeune artiste n\u2019a pas h\u00e9sit\u00e9 \u00e0 partager sur son compte Instagram.  <em>\u00abOn passe une soir\u00e9e d\u00e9mente avec vous ! (\u2026) C\u2019est le paradis ici !\u00bb,<\/em> a-t-elle r\u00e9p\u00e9t\u00e9 durant sa performance pour exprimer son enthousiasme d\u2019\u00eatre en Tunisie, face \u00e0 des fans qui lui ont r\u00e9serv\u00e9 un accueil des plus chaleureux, dans le cadre intimiste du Th\u00e9\u00e2tre plein-air de Hammamet, permettant une proximit\u00e9 in\u00e9dite entre les artistes et le public.<br><\/p>\n\n\n\n<div class=\"wp-block-image\"><figure class=\"aligncenter is-resized\"><img loading=\"lazy\" decoding=\"async\" src=\"http:\/\/kapitalis.com\/tunisie\/wp-content\/uploads\/2019\/07\/Charlotte-Cardin-Hammamet.jpg\" alt=\"\" class=\"wp-image-227215\" width=\"500\" height=\"352\"\/><figcaption> <em>\u00abOn passe une soir\u00e9e d\u00e9mente avec vous ! (\u2026) C\u2019est le paradis ici !\u00bb<\/em> <\/figcaption><\/figure><\/div>\n\n\n\n<p> De <em>\u2018\u2018Big boy\u2019\u2019<\/em>, \u00e0 <em>\u2018\u2018Double shifts\u2019\u2019, <\/em>en passant par <em>\u2018\u2018Like it doesn\u2019t hurt \u2019\u2019, \u2018\u2018Talk Talk\u2019\u2019, \u2018\u2018Paradise motion\u2019\u2019<\/em>\u2026 Charlotte Cardin a altern\u00e9 entre ballades, chansons un peu plus rythm\u00e9es, tubes bien connus, reprises ou encore quelques exclusivit\u00e9s de son nouvel album qui devrait sortir vers la fin de l\u2019ann\u00e9e. <\/p>\n\n\n\n<p>Entra\u00een\u00e9 dans cet univers aux multiples influences allant de C\u00e9line Dion jusqu\u2019\u00e0 Radiohead, le public \u00e9tait compl\u00e8tement sous le charme du talent et du charisme de la nouvelle star canadienne. <\/p>\n\n\n\n<p><em>\u2018\u2018Dirty dirty\u2019\u2019 <\/em>et <em>\u2018\u2018Main girl\u2019\u2019 <\/em>\u00e9taient parmi les moments forts de la soir\u00e9e, avec un public connaissant parfaitement les paroles et une artiste combl\u00e9e. <\/p>\n\n\n\n<p>Le concert s\u2019est prolong\u00e9 avec une reprise magistrale de <em>\u2018\u2018Wicked game\u2019\u2019<\/em> de Chris Isaak et de<em> \u2018\u2018Faufile\u2019\u2019,<\/em> extrait de l\u2019EP<em> \u2018\u2018Main Girl\u2019\u2019,<\/em> sorti en 2017.<\/p>\n","protected":false},"excerpt":{"rendered":"<p>La jeune chanteuse canadienne Charlotte Cardin a illumin\u00e9 la sc\u00e8ne du Festival international de Hammamet, le soir du samedi 20 juillet 2019, devant un public ravi et conquis. Par Fawz Ben Ali<\/p>\n","protected":false},"author":8,"featured_media":227212,"comment_status":"open","ping_status":"open","sticky":false,"template":"","format":"standard","meta":{"footnotes":""},"categories":[992,994,2433],"tags":[19897],"class_list":["post-227208","post","type-post","status-publish","format-standard","has-post-thumbnail","hentry","category-a-la-une","category-culture","category-tunisie","tag-festival-international-de-hammamet"],"yoast_head":"<!-- This site is optimized with the Yoast SEO plugin v26.6 - https:\/\/yoast.com\/wordpress\/plugins\/seo\/ -->\n<title>Festival de Hammamet : Charlotte Cardin, le coup de c\u0153ur de cette \u00e9dition - Kapitalis<\/title>\n<meta name=\"robots\" content=\"index, follow, max-snippet:-1, max-image-preview:large, max-video-preview:-1\" \/>\n<link rel=\"canonical\" href=\"https:\/\/kapitalis.com\/tunisie\/2019\/07\/22\/festival-de-hammamet-charlotte-cardin-le-coup-de-coeur-de-cette-edition\/\" \/>\n<meta property=\"og:locale\" content=\"fr_FR\" \/>\n<meta property=\"og:type\" content=\"article\" \/>\n<meta property=\"og:title\" content=\"Festival de Hammamet : Charlotte Cardin, le coup de c\u0153ur de cette \u00e9dition - Kapitalis\" \/>\n<meta property=\"og:description\" content=\"La jeune chanteuse canadienne Charlotte Cardin a illumin\u00e9 la sc\u00e8ne du Festival international de Hammamet, le soir du samedi 20 juillet 2019, devant un public ravi et conquis. Par Fawz Ben Ali\" \/>\n<meta property=\"og:url\" content=\"https:\/\/kapitalis.com\/tunisie\/2019\/07\/22\/festival-de-hammamet-charlotte-cardin-le-coup-de-coeur-de-cette-edition\/\" \/>\n<meta property=\"og:site_name\" content=\"Kapitalis\" \/>\n<meta property=\"article:publisher\" content=\"https:\/\/www.facebook.com\/KapitalisInfo\/\" \/>\n<meta property=\"article:published_time\" content=\"2019-07-22T09:58:08+00:00\" \/>\n<meta property=\"article:modified_time\" content=\"2019-07-22T09:58:11+00:00\" \/>\n<meta property=\"og:image\" content=\"https:\/\/kapitalis.com\/tunisie\/wp-content\/uploads\/2022\/05\/kapitalis-logo-fb.png\" \/>\n\t<meta property=\"og:image:width\" content=\"1200\" \/>\n\t<meta property=\"og:image:height\" content=\"630\" \/>\n\t<meta property=\"og:image:type\" content=\"image\/png\" \/>\n<meta name=\"author\" content=\"webmaster kapitalis\" \/>\n<meta name=\"twitter:card\" content=\"summary_large_image\" \/>\n<meta name=\"twitter:creator\" content=\"@KapitalisInfo\" \/>\n<meta name=\"twitter:site\" content=\"@KapitalisInfo\" \/>\n<meta name=\"twitter:label1\" content=\"\u00c9crit par\" \/>\n\t<meta name=\"twitter:data1\" content=\"webmaster kapitalis\" \/>\n\t<meta name=\"twitter:label2\" content=\"Dur\u00e9e de lecture estim\u00e9e\" \/>\n\t<meta name=\"twitter:data2\" content=\"3 minutes\" \/>\n<script type=\"application\/ld+json\" class=\"yoast-schema-graph\">{\"@context\":\"https:\/\/schema.org\",\"@graph\":[{\"@type\":\"Article\",\"@id\":\"https:\/\/kapitalis.com\/tunisie\/2019\/07\/22\/festival-de-hammamet-charlotte-cardin-le-coup-de-coeur-de-cette-edition\/#article\",\"isPartOf\":{\"@id\":\"https:\/\/kapitalis.com\/tunisie\/2019\/07\/22\/festival-de-hammamet-charlotte-cardin-le-coup-de-coeur-de-cette-edition\/\"},\"author\":{\"name\":\"webmaster kapitalis\",\"@id\":\"https:\/\/kapitalis.com\/tunisie\/#\/schema\/person\/d71f33a9ca44f7bad4698210b480c8e9\"},\"headline\":\"Festival de Hammamet : Charlotte Cardin, le coup de c\u0153ur de cette \u00e9dition\",\"datePublished\":\"2019-07-22T09:58:08+00:00\",\"dateModified\":\"2019-07-22T09:58:11+00:00\",\"mainEntityOfPage\":{\"@id\":\"https:\/\/kapitalis.com\/tunisie\/2019\/07\/22\/festival-de-hammamet-charlotte-cardin-le-coup-de-coeur-de-cette-edition\/\"},\"wordCount\":710,\"commentCount\":0,\"publisher\":{\"@id\":\"https:\/\/kapitalis.com\/tunisie\/#organization\"},\"image\":{\"@id\":\"https:\/\/kapitalis.com\/tunisie\/2019\/07\/22\/festival-de-hammamet-charlotte-cardin-le-coup-de-coeur-de-cette-edition\/#primaryimage\"},\"thumbnailUrl\":\"\",\"keywords\":[\"Festival international de Hammamet\"],\"articleSection\":[\"A LA UNE\",\"CULTURE\",\"Tunisie\"],\"inLanguage\":\"fr-FR\",\"potentialAction\":[{\"@type\":\"CommentAction\",\"name\":\"Comment\",\"target\":[\"https:\/\/kapitalis.com\/tunisie\/2019\/07\/22\/festival-de-hammamet-charlotte-cardin-le-coup-de-coeur-de-cette-edition\/#respond\"]}]},{\"@type\":\"WebPage\",\"@id\":\"https:\/\/kapitalis.com\/tunisie\/2019\/07\/22\/festival-de-hammamet-charlotte-cardin-le-coup-de-coeur-de-cette-edition\/\",\"url\":\"https:\/\/kapitalis.com\/tunisie\/2019\/07\/22\/festival-de-hammamet-charlotte-cardin-le-coup-de-coeur-de-cette-edition\/\",\"name\":\"Festival de Hammamet : Charlotte Cardin, le coup de c\u0153ur de cette \u00e9dition - Kapitalis\",\"isPartOf\":{\"@id\":\"https:\/\/kapitalis.com\/tunisie\/#website\"},\"primaryImageOfPage\":{\"@id\":\"https:\/\/kapitalis.com\/tunisie\/2019\/07\/22\/festival-de-hammamet-charlotte-cardin-le-coup-de-coeur-de-cette-edition\/#primaryimage\"},\"image\":{\"@id\":\"https:\/\/kapitalis.com\/tunisie\/2019\/07\/22\/festival-de-hammamet-charlotte-cardin-le-coup-de-coeur-de-cette-edition\/#primaryimage\"},\"thumbnailUrl\":\"\",\"datePublished\":\"2019-07-22T09:58:08+00:00\",\"dateModified\":\"2019-07-22T09:58:11+00:00\",\"breadcrumb\":{\"@id\":\"https:\/\/kapitalis.com\/tunisie\/2019\/07\/22\/festival-de-hammamet-charlotte-cardin-le-coup-de-coeur-de-cette-edition\/#breadcrumb\"},\"inLanguage\":\"fr-FR\",\"potentialAction\":[{\"@type\":\"ReadAction\",\"target\":[\"https:\/\/kapitalis.com\/tunisie\/2019\/07\/22\/festival-de-hammamet-charlotte-cardin-le-coup-de-coeur-de-cette-edition\/\"]}]},{\"@type\":\"ImageObject\",\"inLanguage\":\"fr-FR\",\"@id\":\"https:\/\/kapitalis.com\/tunisie\/2019\/07\/22\/festival-de-hammamet-charlotte-cardin-le-coup-de-coeur-de-cette-edition\/#primaryimage\",\"url\":\"\",\"contentUrl\":\"\"},{\"@type\":\"BreadcrumbList\",\"@id\":\"https:\/\/kapitalis.com\/tunisie\/2019\/07\/22\/festival-de-hammamet-charlotte-cardin-le-coup-de-coeur-de-cette-edition\/#breadcrumb\",\"itemListElement\":[{\"@type\":\"ListItem\",\"position\":1,\"name\":\"Accueil\",\"item\":\"https:\/\/kapitalis.com\/tunisie\/\"},{\"@type\":\"ListItem\",\"position\":2,\"name\":\"Festival de Hammamet : Charlotte Cardin, le coup de c\u0153ur de cette \u00e9dition\"}]},{\"@type\":\"WebSite\",\"@id\":\"https:\/\/kapitalis.com\/tunisie\/#website\",\"url\":\"https:\/\/kapitalis.com\/tunisie\/\",\"name\":\"Kapitalis\",\"description\":\"L&#039;actualit\u00e9 en Tunisie et dans le monde\",\"publisher\":{\"@id\":\"https:\/\/kapitalis.com\/tunisie\/#organization\"},\"potentialAction\":[{\"@type\":\"SearchAction\",\"target\":{\"@type\":\"EntryPoint\",\"urlTemplate\":\"https:\/\/kapitalis.com\/tunisie\/?s={search_term_string}\"},\"query-input\":{\"@type\":\"PropertyValueSpecification\",\"valueRequired\":true,\"valueName\":\"search_term_string\"}}],\"inLanguage\":\"fr-FR\"},{\"@type\":\"Organization\",\"@id\":\"https:\/\/kapitalis.com\/tunisie\/#organization\",\"name\":\"Kapitalis\",\"url\":\"https:\/\/kapitalis.com\/tunisie\/\",\"logo\":{\"@type\":\"ImageObject\",\"inLanguage\":\"fr-FR\",\"@id\":\"https:\/\/kapitalis.com\/tunisie\/#\/schema\/logo\/image\/\",\"url\":\"https:\/\/kapitalis.com\/tunisie\/wp-content\/uploads\/2022\/05\/Kapitalis-big-size.png\",\"contentUrl\":\"https:\/\/kapitalis.com\/tunisie\/wp-content\/uploads\/2022\/05\/Kapitalis-big-size.png\",\"width\":5000,\"height\":1500,\"caption\":\"Kapitalis\"},\"image\":{\"@id\":\"https:\/\/kapitalis.com\/tunisie\/#\/schema\/logo\/image\/\"},\"sameAs\":[\"https:\/\/www.facebook.com\/KapitalisInfo\/\",\"https:\/\/x.com\/KapitalisInfo\",\"https:\/\/www.youtube.com\/channel\/UC-yDYrHyfFBWWZaOw3FPg9Q\"]},{\"@type\":\"Person\",\"@id\":\"https:\/\/kapitalis.com\/tunisie\/#\/schema\/person\/d71f33a9ca44f7bad4698210b480c8e9\",\"name\":\"webmaster kapitalis\",\"url\":\"https:\/\/kapitalis.com\/tunisie\/author\/webmaster-kapitalis\/\"}]}<\/script>\n<!-- \/ Yoast SEO plugin. -->","yoast_head_json":{"title":"Festival de Hammamet : Charlotte Cardin, le coup de c\u0153ur de cette \u00e9dition - Kapitalis","robots":{"index":"index","follow":"follow","max-snippet":"max-snippet:-1","max-image-preview":"max-image-preview:large","max-video-preview":"max-video-preview:-1"},"canonical":"https:\/\/kapitalis.com\/tunisie\/2019\/07\/22\/festival-de-hammamet-charlotte-cardin-le-coup-de-coeur-de-cette-edition\/","og_locale":"fr_FR","og_type":"article","og_title":"Festival de Hammamet : Charlotte Cardin, le coup de c\u0153ur de cette \u00e9dition - Kapitalis","og_description":"La jeune chanteuse canadienne Charlotte Cardin a illumin\u00e9 la sc\u00e8ne du Festival international de Hammamet, le soir du samedi 20 juillet 2019, devant un public ravi et conquis. Par Fawz Ben Ali","og_url":"https:\/\/kapitalis.com\/tunisie\/2019\/07\/22\/festival-de-hammamet-charlotte-cardin-le-coup-de-coeur-de-cette-edition\/","og_site_name":"Kapitalis","article_publisher":"https:\/\/www.facebook.com\/KapitalisInfo\/","article_published_time":"2019-07-22T09:58:08+00:00","article_modified_time":"2019-07-22T09:58:11+00:00","og_image":[{"width":1200,"height":630,"url":"https:\/\/kapitalis.com\/tunisie\/wp-content\/uploads\/2022\/05\/kapitalis-logo-fb.png","type":"image\/png"}],"author":"webmaster kapitalis","twitter_card":"summary_large_image","twitter_creator":"@KapitalisInfo","twitter_site":"@KapitalisInfo","twitter_misc":{"\u00c9crit par":"webmaster kapitalis","Dur\u00e9e de lecture estim\u00e9e":"3 minutes"},"schema":{"@context":"https:\/\/schema.org","@graph":[{"@type":"Article","@id":"https:\/\/kapitalis.com\/tunisie\/2019\/07\/22\/festival-de-hammamet-charlotte-cardin-le-coup-de-coeur-de-cette-edition\/#article","isPartOf":{"@id":"https:\/\/kapitalis.com\/tunisie\/2019\/07\/22\/festival-de-hammamet-charlotte-cardin-le-coup-de-coeur-de-cette-edition\/"},"author":{"name":"webmaster kapitalis","@id":"https:\/\/kapitalis.com\/tunisie\/#\/schema\/person\/d71f33a9ca44f7bad4698210b480c8e9"},"headline":"Festival de Hammamet : Charlotte Cardin, le coup de c\u0153ur de cette \u00e9dition","datePublished":"2019-07-22T09:58:08+00:00","dateModified":"2019-07-22T09:58:11+00:00","mainEntityOfPage":{"@id":"https:\/\/kapitalis.com\/tunisie\/2019\/07\/22\/festival-de-hammamet-charlotte-cardin-le-coup-de-coeur-de-cette-edition\/"},"wordCount":710,"commentCount":0,"publisher":{"@id":"https:\/\/kapitalis.com\/tunisie\/#organization"},"image":{"@id":"https:\/\/kapitalis.com\/tunisie\/2019\/07\/22\/festival-de-hammamet-charlotte-cardin-le-coup-de-coeur-de-cette-edition\/#primaryimage"},"thumbnailUrl":"","keywords":["Festival international de Hammamet"],"articleSection":["A LA UNE","CULTURE","Tunisie"],"inLanguage":"fr-FR","potentialAction":[{"@type":"CommentAction","name":"Comment","target":["https:\/\/kapitalis.com\/tunisie\/2019\/07\/22\/festival-de-hammamet-charlotte-cardin-le-coup-de-coeur-de-cette-edition\/#respond"]}]},{"@type":"WebPage","@id":"https:\/\/kapitalis.com\/tunisie\/2019\/07\/22\/festival-de-hammamet-charlotte-cardin-le-coup-de-coeur-de-cette-edition\/","url":"https:\/\/kapitalis.com\/tunisie\/2019\/07\/22\/festival-de-hammamet-charlotte-cardin-le-coup-de-coeur-de-cette-edition\/","name":"Festival de Hammamet : Charlotte Cardin, le coup de c\u0153ur de cette \u00e9dition - Kapitalis","isPartOf":{"@id":"https:\/\/kapitalis.com\/tunisie\/#website"},"primaryImageOfPage":{"@id":"https:\/\/kapitalis.com\/tunisie\/2019\/07\/22\/festival-de-hammamet-charlotte-cardin-le-coup-de-coeur-de-cette-edition\/#primaryimage"},"image":{"@id":"https:\/\/kapitalis.com\/tunisie\/2019\/07\/22\/festival-de-hammamet-charlotte-cardin-le-coup-de-coeur-de-cette-edition\/#primaryimage"},"thumbnailUrl":"","datePublished":"2019-07-22T09:58:08+00:00","dateModified":"2019-07-22T09:58:11+00:00","breadcrumb":{"@id":"https:\/\/kapitalis.com\/tunisie\/2019\/07\/22\/festival-de-hammamet-charlotte-cardin-le-coup-de-coeur-de-cette-edition\/#breadcrumb"},"inLanguage":"fr-FR","potentialAction":[{"@type":"ReadAction","target":["https:\/\/kapitalis.com\/tunisie\/2019\/07\/22\/festival-de-hammamet-charlotte-cardin-le-coup-de-coeur-de-cette-edition\/"]}]},{"@type":"ImageObject","inLanguage":"fr-FR","@id":"https:\/\/kapitalis.com\/tunisie\/2019\/07\/22\/festival-de-hammamet-charlotte-cardin-le-coup-de-coeur-de-cette-edition\/#primaryimage","url":"","contentUrl":""},{"@type":"BreadcrumbList","@id":"https:\/\/kapitalis.com\/tunisie\/2019\/07\/22\/festival-de-hammamet-charlotte-cardin-le-coup-de-coeur-de-cette-edition\/#breadcrumb","itemListElement":[{"@type":"ListItem","position":1,"name":"Accueil","item":"https:\/\/kapitalis.com\/tunisie\/"},{"@type":"ListItem","position":2,"name":"Festival de Hammamet : Charlotte Cardin, le coup de c\u0153ur de cette \u00e9dition"}]},{"@type":"WebSite","@id":"https:\/\/kapitalis.com\/tunisie\/#website","url":"https:\/\/kapitalis.com\/tunisie\/","name":"Kapitalis","description":"L&#039;actualit\u00e9 en Tunisie et dans le monde","publisher":{"@id":"https:\/\/kapitalis.com\/tunisie\/#organization"},"potentialAction":[{"@type":"SearchAction","target":{"@type":"EntryPoint","urlTemplate":"https:\/\/kapitalis.com\/tunisie\/?s={search_term_string}"},"query-input":{"@type":"PropertyValueSpecification","valueRequired":true,"valueName":"search_term_string"}}],"inLanguage":"fr-FR"},{"@type":"Organization","@id":"https:\/\/kapitalis.com\/tunisie\/#organization","name":"Kapitalis","url":"https:\/\/kapitalis.com\/tunisie\/","logo":{"@type":"ImageObject","inLanguage":"fr-FR","@id":"https:\/\/kapitalis.com\/tunisie\/#\/schema\/logo\/image\/","url":"https:\/\/kapitalis.com\/tunisie\/wp-content\/uploads\/2022\/05\/Kapitalis-big-size.png","contentUrl":"https:\/\/kapitalis.com\/tunisie\/wp-content\/uploads\/2022\/05\/Kapitalis-big-size.png","width":5000,"height":1500,"caption":"Kapitalis"},"image":{"@id":"https:\/\/kapitalis.com\/tunisie\/#\/schema\/logo\/image\/"},"sameAs":["https:\/\/www.facebook.com\/KapitalisInfo\/","https:\/\/x.com\/KapitalisInfo","https:\/\/www.youtube.com\/channel\/UC-yDYrHyfFBWWZaOw3FPg9Q"]},{"@type":"Person","@id":"https:\/\/kapitalis.com\/tunisie\/#\/schema\/person\/d71f33a9ca44f7bad4698210b480c8e9","name":"webmaster kapitalis","url":"https:\/\/kapitalis.com\/tunisie\/author\/webmaster-kapitalis\/"}]}},"_links":{"self":[{"href":"https:\/\/kapitalis.com\/tunisie\/wp-json\/wp\/v2\/posts\/227208","targetHints":{"allow":["GET"]}}],"collection":[{"href":"https:\/\/kapitalis.com\/tunisie\/wp-json\/wp\/v2\/posts"}],"about":[{"href":"https:\/\/kapitalis.com\/tunisie\/wp-json\/wp\/v2\/types\/post"}],"author":[{"embeddable":true,"href":"https:\/\/kapitalis.com\/tunisie\/wp-json\/wp\/v2\/users\/8"}],"replies":[{"embeddable":true,"href":"https:\/\/kapitalis.com\/tunisie\/wp-json\/wp\/v2\/comments?post=227208"}],"version-history":[{"count":0,"href":"https:\/\/kapitalis.com\/tunisie\/wp-json\/wp\/v2\/posts\/227208\/revisions"}],"wp:featuredmedia":[{"embeddable":true,"href":"https:\/\/kapitalis.com\/tunisie\/wp-json\/wp\/v2\/media\/227212"}],"wp:attachment":[{"href":"https:\/\/kapitalis.com\/tunisie\/wp-json\/wp\/v2\/media?parent=227208"}],"wp:term":[{"taxonomy":"category","embeddable":true,"href":"https:\/\/kapitalis.com\/tunisie\/wp-json\/wp\/v2\/categories?post=227208"},{"taxonomy":"post_tag","embeddable":true,"href":"https:\/\/kapitalis.com\/tunisie\/wp-json\/wp\/v2\/tags?post=227208"}],"curies":[{"name":"wp","href":"https:\/\/api.w.org\/{rel}","templated":true}]}}