{"id":2274806,"date":"2022-07-15T21:47:13","date_gmt":"2022-07-15T20:47:13","guid":{"rendered":"https:\/\/kapitalis.com\/tunisie\/?p=2274806"},"modified":"2022-07-16T13:01:06","modified_gmt":"2022-07-16T12:01:06","slug":"campagne-referendaire-afek-tounes-denonce-des-pressions-exercees-par-les-organes-de-letat","status":"publish","type":"post","link":"https:\/\/kapitalis.com\/tunisie\/2022\/07\/15\/campagne-referendaire-afek-tounes-denonce-des-pressions-exercees-par-les-organes-de-letat\/","title":{"rendered":"Campagne r\u00e9f\u00e9rendaire : Afek Tounes d\u00e9nonce des pressions exerc\u00e9es par les organes de l\u2019Etat"},"content":{"rendered":"\n<p><strong><em>Dans un communiqu\u00e9 publi\u00e9 ce vendredi 15 juillet 2022, le parti Afek Tounes a affirm\u00e9 que la police a emp\u00each\u00e9 ses partisans d&rsquo;installer une tente au Bardo dans le cadre de la campagne r\u00e9f\u00e9rendaire, tout en d\u00e9non\u00e7ant des pressions exerc\u00e9es par les organes de l\u2019Etat.<\/em><\/strong><\/p>\n\n\n\n<!--more-->\n\n\n\n<p>Dans un premier temps les forces de l\u2019ordre ont emp\u00each\u00e9 l&rsquo;\u00e9quipe de mener son activit\u00e9 terrain, affirmant ne pas en avoir \u00e9t\u00e9 inform\u00e9es par l&rsquo;Instance sup\u00e9rieure pour les \u00e9lections (Isie) comme l&rsquo;exige la proc\u00e9dure : <em>\u00abLe parti a pourtant suivi les proc\u00e9dures et ce n&rsquo;est qu&rsquo;apr\u00e8s des n\u00e9gociations ayant dur\u00e9 plus d&rsquo;une heure, qu&rsquo;une correspondance prouvant la l\u00e9galit\u00e9 de l&rsquo;activit\u00e9 a \u00e9t\u00e9 envoy\u00e9e\u00bb.<\/em><\/p>\n\n\n\n<p><em>\u00abBien que l&rsquo;autorisation stipulait la possibilit\u00e9 de mettre en place une tente pour mener \u00e0 bien la campagne r\u00e9f\u00e9rendaire, les forces de s\u00e9curit\u00e9 ont emp\u00each\u00e9 l&rsquo;\u00e9quipe de monter une tente et leur ont demand\u00e9 de se limiter \u00e0 la distribution de tracts<\/em>\u00bb, a d\u00e9plor\u00e9 Afek Tounes.<\/p>\n\n\n\n<p>Le parti pr\u00e9sid\u00e9 par Fadhel Abdelkefi a de ce fait d\u00e9nonc\u00e9 des pressions exerc\u00e9es par les organes de l\u2019Etat ainsi que le manque de s\u00e9rieux de l&rsquo;Isie pour faire face \u00e0 ces abus d&rsquo;une part et pour remplir son r\u00f4le d&rsquo;autre part, lit-on encore dans le communiqu\u00e9.<\/p>\n\n\n\n<p>Rappelons qu&rsquo;Afek Tounes a appel\u00e9 \u00e0 participer en masse au r\u00e9f\u00e9rendum et \u00e0 voter contre le projet de la nouvelle constitution estimant que celui-ci <em>\u00abrepr\u00e9sente un danger, par son contenu obscurantiste qui conduira \u00e0 la suppression du caract\u00e8re civil de l\u2019Etat, \u00e0 la propagation de l\u2019extr\u00e9misme et \u00e0 l\u2019isolement, ainsi qu\u2019\u00e0 la modification de l\u2019identit\u00e9 du peuple tunisien<\/em>\u00bb. tout en exprimant son opposition <em>\u00ab\u00e0 la politique totalitaire et unilat\u00e9rale du pr\u00e9sident Sa\u00efed\u00bb.<\/em><\/p>\n\n\n\n<p class=\"has-text-align-right\"><strong>Y. N.<\/strong><\/p>\n\n\n\n<figure class=\"wp-block-embed is-type-wp-embed is-provider-kapitalis wp-block-embed-kapitalis\"><div class=\"wp-block-embed__wrapper\">\n<blockquote class=\"wp-embedded-content\" data-secret=\"DoQoGFLiPu\"><a href=\"https:\/\/kapitalis.com\/tunisie\/2022\/07\/02\/tunisie-afek-tounes-dit-non-a-la-nouvelle-constitution\/\">Tunisie : Afek Tounes dit non \u00e0 la nouvelle constitution<\/a><\/blockquote><iframe loading=\"lazy\" class=\"wp-embedded-content\" sandbox=\"allow-scripts\" security=\"restricted\" style=\"position: absolute; clip: rect(1px, 1px, 1px, 1px);\" title=\"\u00ab\u00a0Tunisie : Afek Tounes dit non \u00e0 la nouvelle constitution\u00a0\u00bb &#8212; Kapitalis\" src=\"https:\/\/kapitalis.com\/tunisie\/2022\/07\/02\/tunisie-afek-tounes-dit-non-a-la-nouvelle-constitution\/embed\/#?secret=jVUFDmOJlZ#?secret=DoQoGFLiPu\" data-secret=\"DoQoGFLiPu\" width=\"600\" height=\"338\" frameborder=\"0\" marginwidth=\"0\" marginheight=\"0\" scrolling=\"no\"><\/iframe>\n<\/div><\/figure>\n\n\n\n<figure class=\"wp-block-embed is-type-wp-embed is-provider-kapitalis wp-block-embed-kapitalis\"><div class=\"wp-block-embed__wrapper\">\n<blockquote class=\"wp-embedded-content\" data-secret=\"Zcmmb7grwB\"><a href=\"https:\/\/kapitalis.com\/tunisie\/2022\/07\/13\/tunisie-une-campagne-referendaire-modeste-et-mitigee\/\">Tunisie\u00a0: une campagne r\u00e9f\u00e9rendaire modeste et mitig\u00e9e<\/a><\/blockquote><iframe loading=\"lazy\" class=\"wp-embedded-content\" sandbox=\"allow-scripts\" security=\"restricted\" style=\"position: absolute; clip: rect(1px, 1px, 1px, 1px);\" title=\"\u00ab\u00a0Tunisie\u00a0: une campagne r\u00e9f\u00e9rendaire modeste et mitig\u00e9e\u00a0\u00bb &#8212; Kapitalis\" src=\"https:\/\/kapitalis.com\/tunisie\/2022\/07\/13\/tunisie-une-campagne-referendaire-modeste-et-mitigee\/embed\/#?secret=eb8AM9jUYb#?secret=Zcmmb7grwB\" data-secret=\"Zcmmb7grwB\" width=\"600\" height=\"338\" frameborder=\"0\" marginwidth=\"0\" marginheight=\"0\" scrolling=\"no\"><\/iframe>\n<\/div><\/figure>\n","protected":false},"excerpt":{"rendered":"<p>Campagne r\u00e9f\u00e9rendaire : Afek Tounes d\u00e9nonce des pressions exerc\u00e9es par les organes de l\u2019Etat<\/p>\n","protected":false},"author":6,"featured_media":1953221,"comment_status":"open","ping_status":"open","sticky":false,"template":"","format":"standard","meta":{"footnotes":""},"categories":[997,2433],"tags":[4568,132,100819,15773,499,64624,2889,62643],"class_list":["post-2274806","post","type-post","status-publish","format-standard","has-post-thumbnail","hentry","category-politique","category-tunisie","tag-afek-tounes","tag-bardo","tag-campagne-referendaire","tag-fadhel-abdelkefi","tag-isie","tag-police","tag-referendum","tag-tunisie"],"yoast_head":"<!-- This site is optimized with the Yoast SEO plugin v26.6 - https:\/\/yoast.com\/wordpress\/plugins\/seo\/ -->\n<title>Campagne r\u00e9f\u00e9rendaire : Afek Tounes d\u00e9nonce des pressions exerc\u00e9es par les organes de l\u2019Etat - Kapitalis<\/title>\n<meta name=\"description\" content=\"Dans un communiqu\u00e9 publi\u00e9 ce vendredi 15 juillet 2022, le parti Afek Tounes a affirm\u00e9 que la police a emp\u00each\u00e9 ses partisans d&#039;installer une tente au Bardo dans le cadre de la campagne r\u00e9f\u00e9rendaire, tout en d\u00e9non\u00e7ant des pressions exerc\u00e9es par les organes de l\u2019Etat.\" \/>\n<meta name=\"robots\" content=\"index, follow, max-snippet:-1, max-image-preview:large, max-video-preview:-1\" \/>\n<link rel=\"canonical\" href=\"https:\/\/kapitalis.com\/tunisie\/2022\/07\/15\/campagne-referendaire-afek-tounes-denonce-des-pressions-exercees-par-les-organes-de-letat\/\" \/>\n<meta property=\"og:locale\" content=\"fr_FR\" \/>\n<meta property=\"og:type\" content=\"article\" \/>\n<meta property=\"og:title\" content=\"Campagne r\u00e9f\u00e9rendaire : Afek Tounes d\u00e9nonce des pressions exerc\u00e9es par les organes de l\u2019Etat - Kapitalis\" \/>\n<meta property=\"og:description\" content=\"Dans un communiqu\u00e9 publi\u00e9 ce vendredi 15 juillet 2022, le parti Afek Tounes a affirm\u00e9 que la police a emp\u00each\u00e9 ses partisans d&#039;installer une tente au Bardo dans le cadre de la campagne r\u00e9f\u00e9rendaire, tout en d\u00e9non\u00e7ant des pressions exerc\u00e9es par les organes de l\u2019Etat.\" \/>\n<meta property=\"og:url\" content=\"https:\/\/kapitalis.com\/tunisie\/2022\/07\/15\/campagne-referendaire-afek-tounes-denonce-des-pressions-exercees-par-les-organes-de-letat\/\" \/>\n<meta property=\"og:site_name\" content=\"Kapitalis\" \/>\n<meta property=\"article:publisher\" content=\"https:\/\/www.facebook.com\/KapitalisInfo\/\" \/>\n<meta property=\"article:published_time\" content=\"2022-07-15T20:47:13+00:00\" \/>\n<meta property=\"article:modified_time\" content=\"2022-07-16T12:01:06+00:00\" \/>\n<meta property=\"og:image\" content=\"https:\/\/kapitalis.com\/tunisie\/wp-content\/uploads\/2022\/07\/Fadhel-Abdelkefi.jpg\" \/>\n\t<meta property=\"og:image:width\" content=\"1200\" \/>\n\t<meta property=\"og:image:height\" content=\"630\" \/>\n\t<meta property=\"og:image:type\" content=\"image\/jpeg\" \/>\n<meta name=\"author\" content=\"Yusra NY\" \/>\n<meta name=\"twitter:card\" content=\"summary_large_image\" \/>\n<meta name=\"twitter:creator\" content=\"@KapitalisInfo\" \/>\n<meta name=\"twitter:site\" content=\"@KapitalisInfo\" \/>\n<meta name=\"twitter:label1\" content=\"\u00c9crit par\" \/>\n\t<meta name=\"twitter:data1\" content=\"Yusra NY\" \/>\n\t<meta name=\"twitter:label2\" content=\"Dur\u00e9e de lecture estim\u00e9e\" \/>\n\t<meta name=\"twitter:data2\" content=\"2 minutes\" \/>\n<script type=\"application\/ld+json\" class=\"yoast-schema-graph\">{\"@context\":\"https:\/\/schema.org\",\"@graph\":[{\"@type\":\"Article\",\"@id\":\"https:\/\/kapitalis.com\/tunisie\/2022\/07\/15\/campagne-referendaire-afek-tounes-denonce-des-pressions-exercees-par-les-organes-de-letat\/#article\",\"isPartOf\":{\"@id\":\"https:\/\/kapitalis.com\/tunisie\/2022\/07\/15\/campagne-referendaire-afek-tounes-denonce-des-pressions-exercees-par-les-organes-de-letat\/\"},\"author\":{\"name\":\"Yusra NY\",\"@id\":\"https:\/\/kapitalis.com\/tunisie\/#\/schema\/person\/74bbde0154d49d790a92aaeac5bc01d5\"},\"headline\":\"Campagne r\u00e9f\u00e9rendaire : Afek Tounes d\u00e9nonce des pressions exerc\u00e9es par les organes de l\u2019Etat\",\"datePublished\":\"2022-07-15T20:47:13+00:00\",\"dateModified\":\"2022-07-16T12:01:06+00:00\",\"mainEntityOfPage\":{\"@id\":\"https:\/\/kapitalis.com\/tunisie\/2022\/07\/15\/campagne-referendaire-afek-tounes-denonce-des-pressions-exercees-par-les-organes-de-letat\/\"},\"wordCount\":333,\"commentCount\":0,\"publisher\":{\"@id\":\"https:\/\/kapitalis.com\/tunisie\/#organization\"},\"image\":{\"@id\":\"https:\/\/kapitalis.com\/tunisie\/2022\/07\/15\/campagne-referendaire-afek-tounes-denonce-des-pressions-exercees-par-les-organes-de-letat\/#primaryimage\"},\"thumbnailUrl\":\"https:\/\/kapitalis.com\/tunisie\/wp-content\/uploads\/2022\/07\/Fadhel-Abdelkefi.jpg\",\"keywords\":[\"Afek Tounes\",\"Bardo\",\"campagne r\u00e9f\u00e9rendaire\",\"Fadhel Abdelkefi\",\"Isie\",\"police\",\"r\u00e9f\u00e9rendum\",\"Tunisie\"],\"articleSection\":[\"POLITIQUE\",\"Tunisie\"],\"inLanguage\":\"fr-FR\",\"potentialAction\":[{\"@type\":\"CommentAction\",\"name\":\"Comment\",\"target\":[\"https:\/\/kapitalis.com\/tunisie\/2022\/07\/15\/campagne-referendaire-afek-tounes-denonce-des-pressions-exercees-par-les-organes-de-letat\/#respond\"]}]},{\"@type\":\"WebPage\",\"@id\":\"https:\/\/kapitalis.com\/tunisie\/2022\/07\/15\/campagne-referendaire-afek-tounes-denonce-des-pressions-exercees-par-les-organes-de-letat\/\",\"url\":\"https:\/\/kapitalis.com\/tunisie\/2022\/07\/15\/campagne-referendaire-afek-tounes-denonce-des-pressions-exercees-par-les-organes-de-letat\/\",\"name\":\"Campagne r\u00e9f\u00e9rendaire : Afek Tounes d\u00e9nonce des pressions exerc\u00e9es par les organes de l\u2019Etat - Kapitalis\",\"isPartOf\":{\"@id\":\"https:\/\/kapitalis.com\/tunisie\/#website\"},\"primaryImageOfPage\":{\"@id\":\"https:\/\/kapitalis.com\/tunisie\/2022\/07\/15\/campagne-referendaire-afek-tounes-denonce-des-pressions-exercees-par-les-organes-de-letat\/#primaryimage\"},\"image\":{\"@id\":\"https:\/\/kapitalis.com\/tunisie\/2022\/07\/15\/campagne-referendaire-afek-tounes-denonce-des-pressions-exercees-par-les-organes-de-letat\/#primaryimage\"},\"thumbnailUrl\":\"https:\/\/kapitalis.com\/tunisie\/wp-content\/uploads\/2022\/07\/Fadhel-Abdelkefi.jpg\",\"datePublished\":\"2022-07-15T20:47:13+00:00\",\"dateModified\":\"2022-07-16T12:01:06+00:00\",\"description\":\"Dans un communiqu\u00e9 publi\u00e9 ce vendredi 15 juillet 2022, le parti Afek Tounes a affirm\u00e9 que la police a emp\u00each\u00e9 ses partisans d'installer une tente au Bardo dans le cadre de la campagne r\u00e9f\u00e9rendaire, tout en d\u00e9non\u00e7ant des pressions exerc\u00e9es par les organes de l\u2019Etat.\",\"breadcrumb\":{\"@id\":\"https:\/\/kapitalis.com\/tunisie\/2022\/07\/15\/campagne-referendaire-afek-tounes-denonce-des-pressions-exercees-par-les-organes-de-letat\/#breadcrumb\"},\"inLanguage\":\"fr-FR\",\"potentialAction\":[{\"@type\":\"ReadAction\",\"target\":[\"https:\/\/kapitalis.com\/tunisie\/2022\/07\/15\/campagne-referendaire-afek-tounes-denonce-des-pressions-exercees-par-les-organes-de-letat\/\"]}]},{\"@type\":\"ImageObject\",\"inLanguage\":\"fr-FR\",\"@id\":\"https:\/\/kapitalis.com\/tunisie\/2022\/07\/15\/campagne-referendaire-afek-tounes-denonce-des-pressions-exercees-par-les-organes-de-letat\/#primaryimage\",\"url\":\"https:\/\/kapitalis.com\/tunisie\/wp-content\/uploads\/2022\/07\/Fadhel-Abdelkefi.jpg\",\"contentUrl\":\"https:\/\/kapitalis.com\/tunisie\/wp-content\/uploads\/2022\/07\/Fadhel-Abdelkefi.jpg\",\"width\":1200,\"height\":630},{\"@type\":\"BreadcrumbList\",\"@id\":\"https:\/\/kapitalis.com\/tunisie\/2022\/07\/15\/campagne-referendaire-afek-tounes-denonce-des-pressions-exercees-par-les-organes-de-letat\/#breadcrumb\",\"itemListElement\":[{\"@type\":\"ListItem\",\"position\":1,\"name\":\"Accueil\",\"item\":\"https:\/\/kapitalis.com\/tunisie\/\"},{\"@type\":\"ListItem\",\"position\":2,\"name\":\"Campagne r\u00e9f\u00e9rendaire : Afek Tounes d\u00e9nonce des pressions exerc\u00e9es par les organes de l\u2019Etat\"}]},{\"@type\":\"WebSite\",\"@id\":\"https:\/\/kapitalis.com\/tunisie\/#website\",\"url\":\"https:\/\/kapitalis.com\/tunisie\/\",\"name\":\"Kapitalis\",\"description\":\"L&#039;actualit\u00e9 en Tunisie et dans le monde\",\"publisher\":{\"@id\":\"https:\/\/kapitalis.com\/tunisie\/#organization\"},\"potentialAction\":[{\"@type\":\"SearchAction\",\"target\":{\"@type\":\"EntryPoint\",\"urlTemplate\":\"https:\/\/kapitalis.com\/tunisie\/?s={search_term_string}\"},\"query-input\":{\"@type\":\"PropertyValueSpecification\",\"valueRequired\":true,\"valueName\":\"search_term_string\"}}],\"inLanguage\":\"fr-FR\"},{\"@type\":\"Organization\",\"@id\":\"https:\/\/kapitalis.com\/tunisie\/#organization\",\"name\":\"Kapitalis\",\"url\":\"https:\/\/kapitalis.com\/tunisie\/\",\"logo\":{\"@type\":\"ImageObject\",\"inLanguage\":\"fr-FR\",\"@id\":\"https:\/\/kapitalis.com\/tunisie\/#\/schema\/logo\/image\/\",\"url\":\"https:\/\/kapitalis.com\/tunisie\/wp-content\/uploads\/2022\/05\/Kapitalis-big-size.png\",\"contentUrl\":\"https:\/\/kapitalis.com\/tunisie\/wp-content\/uploads\/2022\/05\/Kapitalis-big-size.png\",\"width\":5000,\"height\":1500,\"caption\":\"Kapitalis\"},\"image\":{\"@id\":\"https:\/\/kapitalis.com\/tunisie\/#\/schema\/logo\/image\/\"},\"sameAs\":[\"https:\/\/www.facebook.com\/KapitalisInfo\/\",\"https:\/\/x.com\/KapitalisInfo\",\"https:\/\/www.youtube.com\/channel\/UC-yDYrHyfFBWWZaOw3FPg9Q\"]},{\"@type\":\"Person\",\"@id\":\"https:\/\/kapitalis.com\/tunisie\/#\/schema\/person\/74bbde0154d49d790a92aaeac5bc01d5\",\"name\":\"Yusra NY\",\"url\":\"https:\/\/kapitalis.com\/tunisie\/author\/yuza_adam\/\"}]}<\/script>\n<!-- \/ Yoast SEO plugin. -->","yoast_head_json":{"title":"Campagne r\u00e9f\u00e9rendaire : Afek Tounes d\u00e9nonce des pressions exerc\u00e9es par les organes de l\u2019Etat - Kapitalis","description":"Dans un communiqu\u00e9 publi\u00e9 ce vendredi 15 juillet 2022, le parti Afek Tounes a affirm\u00e9 que la police a emp\u00each\u00e9 ses partisans d'installer une tente au Bardo dans le cadre de la campagne r\u00e9f\u00e9rendaire, tout en d\u00e9non\u00e7ant des pressions exerc\u00e9es par les organes de l\u2019Etat.","robots":{"index":"index","follow":"follow","max-snippet":"max-snippet:-1","max-image-preview":"max-image-preview:large","max-video-preview":"max-video-preview:-1"},"canonical":"https:\/\/kapitalis.com\/tunisie\/2022\/07\/15\/campagne-referendaire-afek-tounes-denonce-des-pressions-exercees-par-les-organes-de-letat\/","og_locale":"fr_FR","og_type":"article","og_title":"Campagne r\u00e9f\u00e9rendaire : Afek Tounes d\u00e9nonce des pressions exerc\u00e9es par les organes de l\u2019Etat - Kapitalis","og_description":"Dans un communiqu\u00e9 publi\u00e9 ce vendredi 15 juillet 2022, le parti Afek Tounes a affirm\u00e9 que la police a emp\u00each\u00e9 ses partisans d'installer une tente au Bardo dans le cadre de la campagne r\u00e9f\u00e9rendaire, tout en d\u00e9non\u00e7ant des pressions exerc\u00e9es par les organes de l\u2019Etat.","og_url":"https:\/\/kapitalis.com\/tunisie\/2022\/07\/15\/campagne-referendaire-afek-tounes-denonce-des-pressions-exercees-par-les-organes-de-letat\/","og_site_name":"Kapitalis","article_publisher":"https:\/\/www.facebook.com\/KapitalisInfo\/","article_published_time":"2022-07-15T20:47:13+00:00","article_modified_time":"2022-07-16T12:01:06+00:00","og_image":[{"width":1200,"height":630,"url":"https:\/\/kapitalis.com\/tunisie\/wp-content\/uploads\/2022\/07\/Fadhel-Abdelkefi.jpg","type":"image\/jpeg"}],"author":"Yusra NY","twitter_card":"summary_large_image","twitter_creator":"@KapitalisInfo","twitter_site":"@KapitalisInfo","twitter_misc":{"\u00c9crit par":"Yusra NY","Dur\u00e9e de lecture estim\u00e9e":"2 minutes"},"schema":{"@context":"https:\/\/schema.org","@graph":[{"@type":"Article","@id":"https:\/\/kapitalis.com\/tunisie\/2022\/07\/15\/campagne-referendaire-afek-tounes-denonce-des-pressions-exercees-par-les-organes-de-letat\/#article","isPartOf":{"@id":"https:\/\/kapitalis.com\/tunisie\/2022\/07\/15\/campagne-referendaire-afek-tounes-denonce-des-pressions-exercees-par-les-organes-de-letat\/"},"author":{"name":"Yusra NY","@id":"https:\/\/kapitalis.com\/tunisie\/#\/schema\/person\/74bbde0154d49d790a92aaeac5bc01d5"},"headline":"Campagne r\u00e9f\u00e9rendaire : Afek Tounes d\u00e9nonce des pressions exerc\u00e9es par les organes de l\u2019Etat","datePublished":"2022-07-15T20:47:13+00:00","dateModified":"2022-07-16T12:01:06+00:00","mainEntityOfPage":{"@id":"https:\/\/kapitalis.com\/tunisie\/2022\/07\/15\/campagne-referendaire-afek-tounes-denonce-des-pressions-exercees-par-les-organes-de-letat\/"},"wordCount":333,"commentCount":0,"publisher":{"@id":"https:\/\/kapitalis.com\/tunisie\/#organization"},"image":{"@id":"https:\/\/kapitalis.com\/tunisie\/2022\/07\/15\/campagne-referendaire-afek-tounes-denonce-des-pressions-exercees-par-les-organes-de-letat\/#primaryimage"},"thumbnailUrl":"https:\/\/kapitalis.com\/tunisie\/wp-content\/uploads\/2022\/07\/Fadhel-Abdelkefi.jpg","keywords":["Afek Tounes","Bardo","campagne r\u00e9f\u00e9rendaire","Fadhel Abdelkefi","Isie","police","r\u00e9f\u00e9rendum","Tunisie"],"articleSection":["POLITIQUE","Tunisie"],"inLanguage":"fr-FR","potentialAction":[{"@type":"CommentAction","name":"Comment","target":["https:\/\/kapitalis.com\/tunisie\/2022\/07\/15\/campagne-referendaire-afek-tounes-denonce-des-pressions-exercees-par-les-organes-de-letat\/#respond"]}]},{"@type":"WebPage","@id":"https:\/\/kapitalis.com\/tunisie\/2022\/07\/15\/campagne-referendaire-afek-tounes-denonce-des-pressions-exercees-par-les-organes-de-letat\/","url":"https:\/\/kapitalis.com\/tunisie\/2022\/07\/15\/campagne-referendaire-afek-tounes-denonce-des-pressions-exercees-par-les-organes-de-letat\/","name":"Campagne r\u00e9f\u00e9rendaire : Afek Tounes d\u00e9nonce des pressions exerc\u00e9es par les organes de l\u2019Etat - Kapitalis","isPartOf":{"@id":"https:\/\/kapitalis.com\/tunisie\/#website"},"primaryImageOfPage":{"@id":"https:\/\/kapitalis.com\/tunisie\/2022\/07\/15\/campagne-referendaire-afek-tounes-denonce-des-pressions-exercees-par-les-organes-de-letat\/#primaryimage"},"image":{"@id":"https:\/\/kapitalis.com\/tunisie\/2022\/07\/15\/campagne-referendaire-afek-tounes-denonce-des-pressions-exercees-par-les-organes-de-letat\/#primaryimage"},"thumbnailUrl":"https:\/\/kapitalis.com\/tunisie\/wp-content\/uploads\/2022\/07\/Fadhel-Abdelkefi.jpg","datePublished":"2022-07-15T20:47:13+00:00","dateModified":"2022-07-16T12:01:06+00:00","description":"Dans un communiqu\u00e9 publi\u00e9 ce vendredi 15 juillet 2022, le parti Afek Tounes a affirm\u00e9 que la police a emp\u00each\u00e9 ses partisans d'installer une tente au Bardo dans le cadre de la campagne r\u00e9f\u00e9rendaire, tout en d\u00e9non\u00e7ant des pressions exerc\u00e9es par les organes de l\u2019Etat.","breadcrumb":{"@id":"https:\/\/kapitalis.com\/tunisie\/2022\/07\/15\/campagne-referendaire-afek-tounes-denonce-des-pressions-exercees-par-les-organes-de-letat\/#breadcrumb"},"inLanguage":"fr-FR","potentialAction":[{"@type":"ReadAction","target":["https:\/\/kapitalis.com\/tunisie\/2022\/07\/15\/campagne-referendaire-afek-tounes-denonce-des-pressions-exercees-par-les-organes-de-letat\/"]}]},{"@type":"ImageObject","inLanguage":"fr-FR","@id":"https:\/\/kapitalis.com\/tunisie\/2022\/07\/15\/campagne-referendaire-afek-tounes-denonce-des-pressions-exercees-par-les-organes-de-letat\/#primaryimage","url":"https:\/\/kapitalis.com\/tunisie\/wp-content\/uploads\/2022\/07\/Fadhel-Abdelkefi.jpg","contentUrl":"https:\/\/kapitalis.com\/tunisie\/wp-content\/uploads\/2022\/07\/Fadhel-Abdelkefi.jpg","width":1200,"height":630},{"@type":"BreadcrumbList","@id":"https:\/\/kapitalis.com\/tunisie\/2022\/07\/15\/campagne-referendaire-afek-tounes-denonce-des-pressions-exercees-par-les-organes-de-letat\/#breadcrumb","itemListElement":[{"@type":"ListItem","position":1,"name":"Accueil","item":"https:\/\/kapitalis.com\/tunisie\/"},{"@type":"ListItem","position":2,"name":"Campagne r\u00e9f\u00e9rendaire : Afek Tounes d\u00e9nonce des pressions exerc\u00e9es par les organes de l\u2019Etat"}]},{"@type":"WebSite","@id":"https:\/\/kapitalis.com\/tunisie\/#website","url":"https:\/\/kapitalis.com\/tunisie\/","name":"Kapitalis","description":"L&#039;actualit\u00e9 en Tunisie et dans le monde","publisher":{"@id":"https:\/\/kapitalis.com\/tunisie\/#organization"},"potentialAction":[{"@type":"SearchAction","target":{"@type":"EntryPoint","urlTemplate":"https:\/\/kapitalis.com\/tunisie\/?s={search_term_string}"},"query-input":{"@type":"PropertyValueSpecification","valueRequired":true,"valueName":"search_term_string"}}],"inLanguage":"fr-FR"},{"@type":"Organization","@id":"https:\/\/kapitalis.com\/tunisie\/#organization","name":"Kapitalis","url":"https:\/\/kapitalis.com\/tunisie\/","logo":{"@type":"ImageObject","inLanguage":"fr-FR","@id":"https:\/\/kapitalis.com\/tunisie\/#\/schema\/logo\/image\/","url":"https:\/\/kapitalis.com\/tunisie\/wp-content\/uploads\/2022\/05\/Kapitalis-big-size.png","contentUrl":"https:\/\/kapitalis.com\/tunisie\/wp-content\/uploads\/2022\/05\/Kapitalis-big-size.png","width":5000,"height":1500,"caption":"Kapitalis"},"image":{"@id":"https:\/\/kapitalis.com\/tunisie\/#\/schema\/logo\/image\/"},"sameAs":["https:\/\/www.facebook.com\/KapitalisInfo\/","https:\/\/x.com\/KapitalisInfo","https:\/\/www.youtube.com\/channel\/UC-yDYrHyfFBWWZaOw3FPg9Q"]},{"@type":"Person","@id":"https:\/\/kapitalis.com\/tunisie\/#\/schema\/person\/74bbde0154d49d790a92aaeac5bc01d5","name":"Yusra NY","url":"https:\/\/kapitalis.com\/tunisie\/author\/yuza_adam\/"}]}},"_links":{"self":[{"href":"https:\/\/kapitalis.com\/tunisie\/wp-json\/wp\/v2\/posts\/2274806","targetHints":{"allow":["GET"]}}],"collection":[{"href":"https:\/\/kapitalis.com\/tunisie\/wp-json\/wp\/v2\/posts"}],"about":[{"href":"https:\/\/kapitalis.com\/tunisie\/wp-json\/wp\/v2\/types\/post"}],"author":[{"embeddable":true,"href":"https:\/\/kapitalis.com\/tunisie\/wp-json\/wp\/v2\/users\/6"}],"replies":[{"embeddable":true,"href":"https:\/\/kapitalis.com\/tunisie\/wp-json\/wp\/v2\/comments?post=2274806"}],"version-history":[{"count":0,"href":"https:\/\/kapitalis.com\/tunisie\/wp-json\/wp\/v2\/posts\/2274806\/revisions"}],"wp:featuredmedia":[{"embeddable":true,"href":"https:\/\/kapitalis.com\/tunisie\/wp-json\/wp\/v2\/media\/1953221"}],"wp:attachment":[{"href":"https:\/\/kapitalis.com\/tunisie\/wp-json\/wp\/v2\/media?parent=2274806"}],"wp:term":[{"taxonomy":"category","embeddable":true,"href":"https:\/\/kapitalis.com\/tunisie\/wp-json\/wp\/v2\/categories?post=2274806"},{"taxonomy":"post_tag","embeddable":true,"href":"https:\/\/kapitalis.com\/tunisie\/wp-json\/wp\/v2\/tags?post=2274806"}],"curies":[{"name":"wp","href":"https:\/\/api.w.org\/{rel}","templated":true}]}}