{"id":227758,"date":"2019-07-23T18:31:21","date_gmt":"2019-07-23T17:31:21","guid":{"rendered":"http:\/\/kapitalis.com\/tunisie\/?p=227758"},"modified":"2019-07-23T19:26:40","modified_gmt":"2019-07-23T18:26:40","slug":"laudience-de-nabil-karoui-au-pole-judiciaire-financier-reprendra-demain","status":"publish","type":"post","link":"https:\/\/kapitalis.com\/tunisie\/2019\/07\/23\/laudience-de-nabil-karoui-au-pole-judiciaire-financier-reprendra-demain\/","title":{"rendered":"L&rsquo;audience de Nabil Karoui au P\u00f4le judiciaire financier reprendra demain"},"content":{"rendered":"\n<figure class=\"wp-block-image\"><img decoding=\"async\" src=\"http:\/\/kapitalis.com\/tunisie\/wp-content\/uploads\/2019\/07\/Nabil-Karoui-sortie-du-pole-judiciaire.jpg\" alt=\"\" class=\"wp-image-227776\"\/><\/figure>\n\n\n\n<p><strong><em>Le procureur de la r\u00e9publique aupr\u00e8s du p\u00f4le judiciaire financier \u00e0 Tunis a d\u00e9cid\u00e9 de suspendre l&rsquo;audience de Nabil Karoui, entendu depuis ce matin, mardi 23 juillet 2019, \u00e0 9 heures. L&rsquo;audience reprendra demain, annonce la d\u00e9fense du patron de Nessma TV.<\/em><\/strong><\/p>\n\n\n\n<!--more-->\n\n\n\n<p>Le pr\u00e9sident du parti Qalb Tounes (C\u0153ur de la Tunisie), candidat \u00e0 la candidature \u00e0 la pr\u00e9sidentielle, a \u00e9t\u00e9 entendu pendant plus de 8 heures au P\u00f4le judiciaire financier, lors de cette 2e audience, dans des affaires de blanchiment d&rsquo;argent, suite \u00e0 une plainte d\u00e9pos\u00e9e contre lui en 2016 par l&rsquo;organisation I Watch.<\/p>\n\n\n\n<p>Me Haykel Mekki, membre du comit\u00e9 de d\u00e9fense de M. Karoui, a d\u00e9clar\u00e9 sur Nessma TV que l&rsquo;audience s&rsquo;est tr\u00e8s bien d\u00e9roul\u00e9e et son client a r\u00e9pondu \u00e0 toutes les questions du procureur de la r\u00e9publique. Ce dernier a cependant d\u00e9cid\u00e9 de suspendre l&rsquo;audience et de la poursuivre demain. <\/p>\n\n\n\n<p>\u00ab<em>La fatigue s&rsquo;est fait sentir de tous les c\u00f4t\u00e9s et monsieur le procureur a d\u00e9cid\u00e9 de reprendre l&rsquo;audience demain<\/em>\u00bb, pr\u00e9cise l&rsquo;avocat, en assurant que le comit\u00e9 de d\u00e9fense est optimiste, parce que l&rsquo;enqu\u00eate va dans le bon sens.<\/p>\n\n\n\n<p><em>\u00abLe comit\u00e9 de d\u00e9fense estime que la justice va cl\u00f4turer le dossier et innocenter Nabil Karoui. Nous avons confiance en la justice<\/em>\u00bb, a-t-il dit.<\/p>\n\n\n\n<p>Accueilli par des youyous lanc\u00e9s par les quelques fans qui l&rsquo;attendait \u00e0 la sortie du P\u00f4le, Nabil Karoui, un peu bl\u00eame, s&rsquo;exprimera rapidement en r\u00e9affirmant sa confiance en la justice, avant de parler des\u2026 \u00e9lections.<\/p>\n\n\n\n<p>Il quittera les lieux escort\u00e9 et sous les youyous des siens criant : <em>\u00abLe peuple est avec vous, que dieu vous prot\u00e8ge<\/em>\u00bb&#8230; <\/p>\n\n\n\n<p style=\"text-align:right\"><strong>Y. N.<\/strong><\/p>\n\n\n\n<figure class=\"wp-block-embed is-type-rich is-provider-kapitalis\"><div class=\"wp-block-embed__wrapper\">\n<blockquote class=\"wp-embedded-content\" data-secret=\"piKXrkTuep\"><a href=\"https:\/\/kapitalis.com\/tunisie\/2019\/07\/23\/nabil-karoui-de-nouveau-devant-le-pole-judiciaire-financier-pour-repondre-daccusations-de-blanchiment-dargent\/\">Nabil Karoui de nouveau devant le P\u00f4le judiciaire financier pour r\u00e9pondre d&rsquo;accusations de blanchiment d&rsquo;argent<\/a><\/blockquote><iframe loading=\"lazy\" class=\"wp-embedded-content\" sandbox=\"allow-scripts\" security=\"restricted\" style=\"position: absolute; clip: rect(1px, 1px, 1px, 1px);\" title=\"\u00ab\u00a0Nabil Karoui de nouveau devant le P\u00f4le judiciaire financier pour r\u00e9pondre d&rsquo;accusations de blanchiment d&rsquo;argent\u00a0\u00bb &#8212; Kapitalis\" src=\"https:\/\/kapitalis.com\/tunisie\/2019\/07\/23\/nabil-karoui-de-nouveau-devant-le-pole-judiciaire-financier-pour-repondre-daccusations-de-blanchiment-dargent\/embed\/#?secret=J5iM09Sjrt#?secret=piKXrkTuep\" data-secret=\"piKXrkTuep\" width=\"600\" height=\"338\" frameborder=\"0\" marginwidth=\"0\" marginheight=\"0\" scrolling=\"no\"><\/iframe>\n<\/div><\/figure>\n\n\n\n<figure class=\"wp-block-embed is-type-rich is-provider-kapitalis\"><div class=\"wp-block-embed__wrapper\">\n<blockquote class=\"wp-embedded-content\" data-secret=\"J0HKmDeuyj\"><a href=\"https:\/\/kapitalis.com\/tunisie\/2019\/07\/12\/poursuivi-pour-corruption-nabil-karoui-fait-son-cinema-devant-le-pole-judiciaire-financier-de-tunis-video\/\">Poursuivi pour corruption, Nabil Karoui fait son cin\u00e9ma devant le P\u00f4le judiciaire financier de Tunis (vid\u00e9o)<\/a><\/blockquote><iframe loading=\"lazy\" class=\"wp-embedded-content\" sandbox=\"allow-scripts\" security=\"restricted\" style=\"position: absolute; clip: rect(1px, 1px, 1px, 1px);\" title=\"\u00ab\u00a0Poursuivi pour corruption, Nabil Karoui fait son cin\u00e9ma devant le P\u00f4le judiciaire financier de Tunis (vid\u00e9o)\u00a0\u00bb &#8212; Kapitalis\" src=\"https:\/\/kapitalis.com\/tunisie\/2019\/07\/12\/poursuivi-pour-corruption-nabil-karoui-fait-son-cinema-devant-le-pole-judiciaire-financier-de-tunis-video\/embed\/#?secret=KdIIX9igbY#?secret=J0HKmDeuyj\" data-secret=\"J0HKmDeuyj\" width=\"600\" height=\"338\" frameborder=\"0\" marginwidth=\"0\" marginheight=\"0\" scrolling=\"no\"><\/iframe>\n<\/div><\/figure>\n","protected":false},"excerpt":{"rendered":"<p>Le procureur de la r\u00e9publique aupr\u00e8s du p\u00f4le judiciaire financier \u00e0 Tunis a d\u00e9cid\u00e9 de suspendre l&rsquo;audience de Nabil Karoui, entendu depuis ce matin, mardi 23 juillet 2019, \u00e0 9 heures. L&rsquo;audience reprendra demain, annonce la d\u00e9fense du patron de Nessma TV.<\/p>\n","protected":false},"author":6,"featured_media":227776,"comment_status":"open","ping_status":"open","sticky":false,"template":"","format":"standard","meta":{"footnotes":""},"categories":[997,2433],"tags":[3724,7386,5183,651,17298,61989],"class_list":["post-227758","post","type-post","status-publish","format-standard","has-post-thumbnail","hentry","category-politique","category-tunisie","tag-blanchiment-dargent","tag-comite-defense","tag-i-watch","tag-nabil-karoui","tag-pole-judiciaire-financier","tag-qalb-tounes"],"yoast_head":"<!-- This site is optimized with the Yoast SEO plugin v26.6 - https:\/\/yoast.com\/wordpress\/plugins\/seo\/ -->\n<title>L&#039;audience de Nabil Karoui au P\u00f4le judiciaire financier reprendra demain - Kapitalis<\/title>\n<meta name=\"robots\" content=\"index, follow, max-snippet:-1, max-image-preview:large, max-video-preview:-1\" \/>\n<link rel=\"canonical\" href=\"https:\/\/kapitalis.com\/tunisie\/2019\/07\/23\/laudience-de-nabil-karoui-au-pole-judiciaire-financier-reprendra-demain\/\" \/>\n<meta property=\"og:locale\" content=\"fr_FR\" \/>\n<meta property=\"og:type\" content=\"article\" \/>\n<meta property=\"og:title\" content=\"L&#039;audience de Nabil Karoui au P\u00f4le judiciaire financier reprendra demain - Kapitalis\" \/>\n<meta property=\"og:description\" content=\"Le procureur de la r\u00e9publique aupr\u00e8s du p\u00f4le judiciaire financier \u00e0 Tunis a d\u00e9cid\u00e9 de suspendre l&rsquo;audience de Nabil Karoui, entendu depuis ce matin, mardi 23 juillet 2019, \u00e0 9 heures. L&rsquo;audience reprendra demain, annonce la d\u00e9fense du patron de Nessma TV.\" \/>\n<meta property=\"og:url\" content=\"https:\/\/kapitalis.com\/tunisie\/2019\/07\/23\/laudience-de-nabil-karoui-au-pole-judiciaire-financier-reprendra-demain\/\" \/>\n<meta property=\"og:site_name\" content=\"Kapitalis\" \/>\n<meta property=\"article:publisher\" content=\"https:\/\/www.facebook.com\/KapitalisInfo\/\" \/>\n<meta property=\"article:published_time\" content=\"2019-07-23T17:31:21+00:00\" \/>\n<meta property=\"article:modified_time\" content=\"2019-07-23T18:26:40+00:00\" \/>\n<meta property=\"og:image\" content=\"https:\/\/kapitalis.com\/tunisie\/wp-content\/uploads\/2022\/05\/kapitalis-logo-fb.png\" \/>\n\t<meta property=\"og:image:width\" content=\"1200\" \/>\n\t<meta property=\"og:image:height\" content=\"630\" \/>\n\t<meta property=\"og:image:type\" content=\"image\/png\" \/>\n<meta name=\"author\" content=\"Yusra NY\" \/>\n<meta name=\"twitter:card\" content=\"summary_large_image\" \/>\n<meta name=\"twitter:creator\" content=\"@KapitalisInfo\" \/>\n<meta name=\"twitter:site\" content=\"@KapitalisInfo\" \/>\n<meta name=\"twitter:label1\" content=\"\u00c9crit par\" \/>\n\t<meta name=\"twitter:data1\" content=\"Yusra NY\" \/>\n\t<meta name=\"twitter:label2\" content=\"Dur\u00e9e de lecture estim\u00e9e\" \/>\n\t<meta name=\"twitter:data2\" content=\"1 minute\" \/>\n<script type=\"application\/ld+json\" class=\"yoast-schema-graph\">{\"@context\":\"https:\/\/schema.org\",\"@graph\":[{\"@type\":\"Article\",\"@id\":\"https:\/\/kapitalis.com\/tunisie\/2019\/07\/23\/laudience-de-nabil-karoui-au-pole-judiciaire-financier-reprendra-demain\/#article\",\"isPartOf\":{\"@id\":\"https:\/\/kapitalis.com\/tunisie\/2019\/07\/23\/laudience-de-nabil-karoui-au-pole-judiciaire-financier-reprendra-demain\/\"},\"author\":{\"name\":\"Yusra NY\",\"@id\":\"https:\/\/kapitalis.com\/tunisie\/#\/schema\/person\/74bbde0154d49d790a92aaeac5bc01d5\"},\"headline\":\"L&rsquo;audience de Nabil Karoui au P\u00f4le judiciaire financier reprendra demain\",\"datePublished\":\"2019-07-23T17:31:21+00:00\",\"dateModified\":\"2019-07-23T18:26:40+00:00\",\"mainEntityOfPage\":{\"@id\":\"https:\/\/kapitalis.com\/tunisie\/2019\/07\/23\/laudience-de-nabil-karoui-au-pole-judiciaire-financier-reprendra-demain\/\"},\"wordCount\":305,\"commentCount\":0,\"publisher\":{\"@id\":\"https:\/\/kapitalis.com\/tunisie\/#organization\"},\"image\":{\"@id\":\"https:\/\/kapitalis.com\/tunisie\/2019\/07\/23\/laudience-de-nabil-karoui-au-pole-judiciaire-financier-reprendra-demain\/#primaryimage\"},\"thumbnailUrl\":\"\",\"keywords\":[\"blanchiment d'argent\",\"Comit\u00e9 d\u00e9fense\",\"I Watch\",\"Nabil Karoui\",\"P\u00f4le judiciaire financier\",\"Qalb Tounes\"],\"articleSection\":[\"POLITIQUE\",\"Tunisie\"],\"inLanguage\":\"fr-FR\",\"potentialAction\":[{\"@type\":\"CommentAction\",\"name\":\"Comment\",\"target\":[\"https:\/\/kapitalis.com\/tunisie\/2019\/07\/23\/laudience-de-nabil-karoui-au-pole-judiciaire-financier-reprendra-demain\/#respond\"]}]},{\"@type\":\"WebPage\",\"@id\":\"https:\/\/kapitalis.com\/tunisie\/2019\/07\/23\/laudience-de-nabil-karoui-au-pole-judiciaire-financier-reprendra-demain\/\",\"url\":\"https:\/\/kapitalis.com\/tunisie\/2019\/07\/23\/laudience-de-nabil-karoui-au-pole-judiciaire-financier-reprendra-demain\/\",\"name\":\"L'audience de Nabil Karoui au P\u00f4le judiciaire financier reprendra demain - Kapitalis\",\"isPartOf\":{\"@id\":\"https:\/\/kapitalis.com\/tunisie\/#website\"},\"primaryImageOfPage\":{\"@id\":\"https:\/\/kapitalis.com\/tunisie\/2019\/07\/23\/laudience-de-nabil-karoui-au-pole-judiciaire-financier-reprendra-demain\/#primaryimage\"},\"image\":{\"@id\":\"https:\/\/kapitalis.com\/tunisie\/2019\/07\/23\/laudience-de-nabil-karoui-au-pole-judiciaire-financier-reprendra-demain\/#primaryimage\"},\"thumbnailUrl\":\"\",\"datePublished\":\"2019-07-23T17:31:21+00:00\",\"dateModified\":\"2019-07-23T18:26:40+00:00\",\"breadcrumb\":{\"@id\":\"https:\/\/kapitalis.com\/tunisie\/2019\/07\/23\/laudience-de-nabil-karoui-au-pole-judiciaire-financier-reprendra-demain\/#breadcrumb\"},\"inLanguage\":\"fr-FR\",\"potentialAction\":[{\"@type\":\"ReadAction\",\"target\":[\"https:\/\/kapitalis.com\/tunisie\/2019\/07\/23\/laudience-de-nabil-karoui-au-pole-judiciaire-financier-reprendra-demain\/\"]}]},{\"@type\":\"ImageObject\",\"inLanguage\":\"fr-FR\",\"@id\":\"https:\/\/kapitalis.com\/tunisie\/2019\/07\/23\/laudience-de-nabil-karoui-au-pole-judiciaire-financier-reprendra-demain\/#primaryimage\",\"url\":\"\",\"contentUrl\":\"\"},{\"@type\":\"BreadcrumbList\",\"@id\":\"https:\/\/kapitalis.com\/tunisie\/2019\/07\/23\/laudience-de-nabil-karoui-au-pole-judiciaire-financier-reprendra-demain\/#breadcrumb\",\"itemListElement\":[{\"@type\":\"ListItem\",\"position\":1,\"name\":\"Accueil\",\"item\":\"https:\/\/kapitalis.com\/tunisie\/\"},{\"@type\":\"ListItem\",\"position\":2,\"name\":\"L&rsquo;audience de Nabil Karoui au P\u00f4le judiciaire financier reprendra demain\"}]},{\"@type\":\"WebSite\",\"@id\":\"https:\/\/kapitalis.com\/tunisie\/#website\",\"url\":\"https:\/\/kapitalis.com\/tunisie\/\",\"name\":\"Kapitalis\",\"description\":\"L&#039;actualit\u00e9 en Tunisie et dans le monde\",\"publisher\":{\"@id\":\"https:\/\/kapitalis.com\/tunisie\/#organization\"},\"potentialAction\":[{\"@type\":\"SearchAction\",\"target\":{\"@type\":\"EntryPoint\",\"urlTemplate\":\"https:\/\/kapitalis.com\/tunisie\/?s={search_term_string}\"},\"query-input\":{\"@type\":\"PropertyValueSpecification\",\"valueRequired\":true,\"valueName\":\"search_term_string\"}}],\"inLanguage\":\"fr-FR\"},{\"@type\":\"Organization\",\"@id\":\"https:\/\/kapitalis.com\/tunisie\/#organization\",\"name\":\"Kapitalis\",\"url\":\"https:\/\/kapitalis.com\/tunisie\/\",\"logo\":{\"@type\":\"ImageObject\",\"inLanguage\":\"fr-FR\",\"@id\":\"https:\/\/kapitalis.com\/tunisie\/#\/schema\/logo\/image\/\",\"url\":\"https:\/\/kapitalis.com\/tunisie\/wp-content\/uploads\/2022\/05\/Kapitalis-big-size.png\",\"contentUrl\":\"https:\/\/kapitalis.com\/tunisie\/wp-content\/uploads\/2022\/05\/Kapitalis-big-size.png\",\"width\":5000,\"height\":1500,\"caption\":\"Kapitalis\"},\"image\":{\"@id\":\"https:\/\/kapitalis.com\/tunisie\/#\/schema\/logo\/image\/\"},\"sameAs\":[\"https:\/\/www.facebook.com\/KapitalisInfo\/\",\"https:\/\/x.com\/KapitalisInfo\",\"https:\/\/www.youtube.com\/channel\/UC-yDYrHyfFBWWZaOw3FPg9Q\"]},{\"@type\":\"Person\",\"@id\":\"https:\/\/kapitalis.com\/tunisie\/#\/schema\/person\/74bbde0154d49d790a92aaeac5bc01d5\",\"name\":\"Yusra NY\",\"url\":\"https:\/\/kapitalis.com\/tunisie\/author\/yuza_adam\/\"}]}<\/script>\n<!-- \/ Yoast SEO plugin. -->","yoast_head_json":{"title":"L'audience de Nabil Karoui au P\u00f4le judiciaire financier reprendra demain - Kapitalis","robots":{"index":"index","follow":"follow","max-snippet":"max-snippet:-1","max-image-preview":"max-image-preview:large","max-video-preview":"max-video-preview:-1"},"canonical":"https:\/\/kapitalis.com\/tunisie\/2019\/07\/23\/laudience-de-nabil-karoui-au-pole-judiciaire-financier-reprendra-demain\/","og_locale":"fr_FR","og_type":"article","og_title":"L'audience de Nabil Karoui au P\u00f4le judiciaire financier reprendra demain - Kapitalis","og_description":"Le procureur de la r\u00e9publique aupr\u00e8s du p\u00f4le judiciaire financier \u00e0 Tunis a d\u00e9cid\u00e9 de suspendre l&rsquo;audience de Nabil Karoui, entendu depuis ce matin, mardi 23 juillet 2019, \u00e0 9 heures. L&rsquo;audience reprendra demain, annonce la d\u00e9fense du patron de Nessma TV.","og_url":"https:\/\/kapitalis.com\/tunisie\/2019\/07\/23\/laudience-de-nabil-karoui-au-pole-judiciaire-financier-reprendra-demain\/","og_site_name":"Kapitalis","article_publisher":"https:\/\/www.facebook.com\/KapitalisInfo\/","article_published_time":"2019-07-23T17:31:21+00:00","article_modified_time":"2019-07-23T18:26:40+00:00","og_image":[{"width":1200,"height":630,"url":"https:\/\/kapitalis.com\/tunisie\/wp-content\/uploads\/2022\/05\/kapitalis-logo-fb.png","type":"image\/png"}],"author":"Yusra NY","twitter_card":"summary_large_image","twitter_creator":"@KapitalisInfo","twitter_site":"@KapitalisInfo","twitter_misc":{"\u00c9crit par":"Yusra NY","Dur\u00e9e de lecture estim\u00e9e":"1 minute"},"schema":{"@context":"https:\/\/schema.org","@graph":[{"@type":"Article","@id":"https:\/\/kapitalis.com\/tunisie\/2019\/07\/23\/laudience-de-nabil-karoui-au-pole-judiciaire-financier-reprendra-demain\/#article","isPartOf":{"@id":"https:\/\/kapitalis.com\/tunisie\/2019\/07\/23\/laudience-de-nabil-karoui-au-pole-judiciaire-financier-reprendra-demain\/"},"author":{"name":"Yusra NY","@id":"https:\/\/kapitalis.com\/tunisie\/#\/schema\/person\/74bbde0154d49d790a92aaeac5bc01d5"},"headline":"L&rsquo;audience de Nabil Karoui au P\u00f4le judiciaire financier reprendra demain","datePublished":"2019-07-23T17:31:21+00:00","dateModified":"2019-07-23T18:26:40+00:00","mainEntityOfPage":{"@id":"https:\/\/kapitalis.com\/tunisie\/2019\/07\/23\/laudience-de-nabil-karoui-au-pole-judiciaire-financier-reprendra-demain\/"},"wordCount":305,"commentCount":0,"publisher":{"@id":"https:\/\/kapitalis.com\/tunisie\/#organization"},"image":{"@id":"https:\/\/kapitalis.com\/tunisie\/2019\/07\/23\/laudience-de-nabil-karoui-au-pole-judiciaire-financier-reprendra-demain\/#primaryimage"},"thumbnailUrl":"","keywords":["blanchiment d'argent","Comit\u00e9 d\u00e9fense","I Watch","Nabil Karoui","P\u00f4le judiciaire financier","Qalb Tounes"],"articleSection":["POLITIQUE","Tunisie"],"inLanguage":"fr-FR","potentialAction":[{"@type":"CommentAction","name":"Comment","target":["https:\/\/kapitalis.com\/tunisie\/2019\/07\/23\/laudience-de-nabil-karoui-au-pole-judiciaire-financier-reprendra-demain\/#respond"]}]},{"@type":"WebPage","@id":"https:\/\/kapitalis.com\/tunisie\/2019\/07\/23\/laudience-de-nabil-karoui-au-pole-judiciaire-financier-reprendra-demain\/","url":"https:\/\/kapitalis.com\/tunisie\/2019\/07\/23\/laudience-de-nabil-karoui-au-pole-judiciaire-financier-reprendra-demain\/","name":"L'audience de Nabil Karoui au P\u00f4le judiciaire financier reprendra demain - Kapitalis","isPartOf":{"@id":"https:\/\/kapitalis.com\/tunisie\/#website"},"primaryImageOfPage":{"@id":"https:\/\/kapitalis.com\/tunisie\/2019\/07\/23\/laudience-de-nabil-karoui-au-pole-judiciaire-financier-reprendra-demain\/#primaryimage"},"image":{"@id":"https:\/\/kapitalis.com\/tunisie\/2019\/07\/23\/laudience-de-nabil-karoui-au-pole-judiciaire-financier-reprendra-demain\/#primaryimage"},"thumbnailUrl":"","datePublished":"2019-07-23T17:31:21+00:00","dateModified":"2019-07-23T18:26:40+00:00","breadcrumb":{"@id":"https:\/\/kapitalis.com\/tunisie\/2019\/07\/23\/laudience-de-nabil-karoui-au-pole-judiciaire-financier-reprendra-demain\/#breadcrumb"},"inLanguage":"fr-FR","potentialAction":[{"@type":"ReadAction","target":["https:\/\/kapitalis.com\/tunisie\/2019\/07\/23\/laudience-de-nabil-karoui-au-pole-judiciaire-financier-reprendra-demain\/"]}]},{"@type":"ImageObject","inLanguage":"fr-FR","@id":"https:\/\/kapitalis.com\/tunisie\/2019\/07\/23\/laudience-de-nabil-karoui-au-pole-judiciaire-financier-reprendra-demain\/#primaryimage","url":"","contentUrl":""},{"@type":"BreadcrumbList","@id":"https:\/\/kapitalis.com\/tunisie\/2019\/07\/23\/laudience-de-nabil-karoui-au-pole-judiciaire-financier-reprendra-demain\/#breadcrumb","itemListElement":[{"@type":"ListItem","position":1,"name":"Accueil","item":"https:\/\/kapitalis.com\/tunisie\/"},{"@type":"ListItem","position":2,"name":"L&rsquo;audience de Nabil Karoui au P\u00f4le judiciaire financier reprendra demain"}]},{"@type":"WebSite","@id":"https:\/\/kapitalis.com\/tunisie\/#website","url":"https:\/\/kapitalis.com\/tunisie\/","name":"Kapitalis","description":"L&#039;actualit\u00e9 en Tunisie et dans le monde","publisher":{"@id":"https:\/\/kapitalis.com\/tunisie\/#organization"},"potentialAction":[{"@type":"SearchAction","target":{"@type":"EntryPoint","urlTemplate":"https:\/\/kapitalis.com\/tunisie\/?s={search_term_string}"},"query-input":{"@type":"PropertyValueSpecification","valueRequired":true,"valueName":"search_term_string"}}],"inLanguage":"fr-FR"},{"@type":"Organization","@id":"https:\/\/kapitalis.com\/tunisie\/#organization","name":"Kapitalis","url":"https:\/\/kapitalis.com\/tunisie\/","logo":{"@type":"ImageObject","inLanguage":"fr-FR","@id":"https:\/\/kapitalis.com\/tunisie\/#\/schema\/logo\/image\/","url":"https:\/\/kapitalis.com\/tunisie\/wp-content\/uploads\/2022\/05\/Kapitalis-big-size.png","contentUrl":"https:\/\/kapitalis.com\/tunisie\/wp-content\/uploads\/2022\/05\/Kapitalis-big-size.png","width":5000,"height":1500,"caption":"Kapitalis"},"image":{"@id":"https:\/\/kapitalis.com\/tunisie\/#\/schema\/logo\/image\/"},"sameAs":["https:\/\/www.facebook.com\/KapitalisInfo\/","https:\/\/x.com\/KapitalisInfo","https:\/\/www.youtube.com\/channel\/UC-yDYrHyfFBWWZaOw3FPg9Q"]},{"@type":"Person","@id":"https:\/\/kapitalis.com\/tunisie\/#\/schema\/person\/74bbde0154d49d790a92aaeac5bc01d5","name":"Yusra NY","url":"https:\/\/kapitalis.com\/tunisie\/author\/yuza_adam\/"}]}},"_links":{"self":[{"href":"https:\/\/kapitalis.com\/tunisie\/wp-json\/wp\/v2\/posts\/227758","targetHints":{"allow":["GET"]}}],"collection":[{"href":"https:\/\/kapitalis.com\/tunisie\/wp-json\/wp\/v2\/posts"}],"about":[{"href":"https:\/\/kapitalis.com\/tunisie\/wp-json\/wp\/v2\/types\/post"}],"author":[{"embeddable":true,"href":"https:\/\/kapitalis.com\/tunisie\/wp-json\/wp\/v2\/users\/6"}],"replies":[{"embeddable":true,"href":"https:\/\/kapitalis.com\/tunisie\/wp-json\/wp\/v2\/comments?post=227758"}],"version-history":[{"count":0,"href":"https:\/\/kapitalis.com\/tunisie\/wp-json\/wp\/v2\/posts\/227758\/revisions"}],"wp:featuredmedia":[{"embeddable":true,"href":"https:\/\/kapitalis.com\/tunisie\/wp-json\/wp\/v2\/media\/227776"}],"wp:attachment":[{"href":"https:\/\/kapitalis.com\/tunisie\/wp-json\/wp\/v2\/media?parent=227758"}],"wp:term":[{"taxonomy":"category","embeddable":true,"href":"https:\/\/kapitalis.com\/tunisie\/wp-json\/wp\/v2\/categories?post=227758"},{"taxonomy":"post_tag","embeddable":true,"href":"https:\/\/kapitalis.com\/tunisie\/wp-json\/wp\/v2\/tags?post=227758"}],"curies":[{"name":"wp","href":"https:\/\/api.w.org\/{rel}","templated":true}]}}