{"id":227804,"date":"2019-07-23T20:05:23","date_gmt":"2019-07-23T19:05:23","guid":{"rendered":"http:\/\/kapitalis.com\/tunisie\/?p=227804"},"modified":"2019-07-23T20:05:24","modified_gmt":"2019-07-23T19:05:24","slug":"adnane-chaouachi-retrouvera-la-scene-du-theatre-romain-de-carthage-20-ans-apres","status":"publish","type":"post","link":"https:\/\/kapitalis.com\/tunisie\/2019\/07\/23\/adnane-chaouachi-retrouvera-la-scene-du-theatre-romain-de-carthage-20-ans-apres\/","title":{"rendered":"Adnane Chaouachi retrouvera la sc\u00e8ne du Th\u00e9\u00e2tre romain de Carthage 20 ans apr\u00e8s"},"content":{"rendered":"\n<figure class=\"wp-block-image\"><img decoding=\"async\" src=\"http:\/\/kapitalis.com\/tunisie\/wp-content\/uploads\/2019\/07\/Adnane-Chaouachi-Ban.jpg\" alt=\"\" class=\"wp-image-227805\"\/><\/figure>\n\n\n\n<p><strong><em>La m\u00eame \u00e9l\u00e9gance de toujours, la m\u00eame finesse dans les propos et la m\u00eame humilit\u00e9 que seuls les vrais artistes d\u00e9tiennent le secret, c\u2019est ainsi que le grand Adnane Chaouachi a rencontr\u00e9 les m\u00e9dias lors de sa conf\u00e9rence de presse qui s\u2019est tenue hier, lundi 22 juillet 2019, au m\u00e9dia center du Th\u00e9\u00e2tre romain de Carthage. <\/em><\/strong><br><\/p>\n\n\n\n<!--more-->\n\n\n\n<p> C\u2019est en compagnie du chef d\u2019orchestre Abderrahmane Ayadi et des meilleurs instrumentistes de la place qu\u2019Adnane Chaouachi rencontrera son public sur la sc\u00e8ne du prestigieux Festival international de Carthage. Une longue absence qui a dur\u00e9 plus de 20 ann\u00e9es a rendu ce retour encore plus attendu, encore plus intense. <br><\/p>\n\n\n\n<p> <em>\u00abJe pense que j\u2019ai manqu\u00e9 au festival de Carthage autant qu\u2019il m\u2019a manqu\u00e9\u00bb<\/em>, dit-t-il avec de l\u2019\u00e9motion dans la voix.<em> Et pour ce retour j\u2019ai d\u00fb faire un grand travail de s\u00e9lection avec Abderrahmane Ayadi pour concocter le programme que vous allez \u00e9couter le mercredi soir\u00bb<\/em>, d\u00e9clare-t-il. <br><\/p>\n\n\n\n<p> Ce concert est une invitation \u00e0 tous, toutes g\u00e9n\u00e9rations confondues \u00abet m\u00eame si la plupart de mes chansons sont anciennes, nous avons travaill\u00e9 sur une mise en forme plus modernes, plus dans l\u2019air du temps qui pourrait s\u00e9duire les jeunes\u00bb, ajoute-t-il. <br><\/p>\n\n\n\n<p> La soir\u00e9e d\u2019Adnane Chaouachi co\u00efncide avec la f\u00eate de la r\u00e9publique (la veille du 25 juillet) : <em>\u00ab\u00c0 cette occasion, nous avons pens\u00e9 \u00e0 offrir au public une chanson patriotique et j\u2019invite \u00e0 la chanter Rihab Seghaier, une chanteuse et musicienne que j\u2019appr\u00e9cie et dont la voix saura donner un beau rendu de ce travail. Je lui ai propos\u00e9 aussi une autre chanson \u00e9crite et compos\u00e9e par feu Ridha Kalai que nous chanterons en duo\u00bb<\/em>, dira le crooner \u00e0 la voix tendre et amicale. <br><\/p>\n\n\n\n<ul class=\"wp-block-gallery columns-3 is-cropped wp-block-gallery-1 is-layout-flex wp-block-gallery-is-layout-flex\"><li class=\"blocks-gallery-item\"><figure><img decoding=\"async\" src=\"http:\/\/kapitalis.com\/tunisie\/wp-content\/uploads\/2019\/07\/Adnane-Chaouachi-1-1024x683.jpg\" alt=\"\" data-id=\"227806\" data-link=\"http:\/\/kapitalis.com\/tunisie\/?attachment_id=227806\" class=\"wp-image-227806\"\/><\/figure><\/li><li class=\"blocks-gallery-item\"><figure><img decoding=\"async\" src=\"http:\/\/kapitalis.com\/tunisie\/wp-content\/uploads\/2019\/07\/Adnane-Chaouachi-3-1024x683.jpg\" alt=\"\" data-id=\"227807\" data-link=\"http:\/\/kapitalis.com\/tunisie\/?attachment_id=227807\" class=\"wp-image-227807\"\/><\/figure><\/li><li class=\"blocks-gallery-item\"><figure><img decoding=\"async\" src=\"http:\/\/kapitalis.com\/tunisie\/wp-content\/uploads\/2019\/07\/Adnane-Chaouachi-5-1024x683.jpg\" alt=\"\" data-id=\"227808\" data-link=\"http:\/\/kapitalis.com\/tunisie\/?attachment_id=227808\" class=\"wp-image-227808\"\/><\/figure><\/li><li class=\"blocks-gallery-item\"><figure><img decoding=\"async\" src=\"http:\/\/kapitalis.com\/tunisie\/wp-content\/uploads\/2019\/07\/Adnane-Chaouachi-1024x683.jpg\" alt=\"\" data-id=\"227809\" data-link=\"http:\/\/kapitalis.com\/tunisie\/?attachment_id=227809\" class=\"wp-image-227809\"\/><\/figure><\/li><\/ul>\n\n\n\n<p> Pour cette soir\u00e9e du grand retour,  Adnane Chaouachi a r\u00e9serv\u00e9 quelques surprises dont un titre qui sera accompagn\u00e9 par un tableau de danse de la Troupe nationale des arts populaires et aussi la l\u00e9gendaire<em> \u2018\u2018Ahkili aliha ya baba\u2019\u2019 <\/em>qui sera interpr\u00e9t\u00e9e par 40 enfants de la Chorale Al Bouhaira. <br><\/p>\n\n\n\n<p><em> \u00abJe suis serein et apais\u00e9; j\u2019attends ce concert comme un rendez-vous galant et je suis pr\u00eat \u00e0 retrouver aussi bien ceux qui me connaissent et m\u2019accompagnent depuis mes d\u00e9buts autant que ceux qui viendront me voir pour la premi\u00e8re fois\u00bb<\/em>. conclut-il. <br><\/p>\n\n\n\n<p><strong><em> Source<\/em><\/strong> : communiqu\u00e9. <\/p>\n","protected":false},"excerpt":{"rendered":"<p>La m\u00eame \u00e9l\u00e9gance de toujours, la m\u00eame finesse dans les propos et la m\u00eame humilit\u00e9 que seuls les vrais artistes d\u00e9tiennent le secret, c\u2019est ainsi que le grand Adnane Chaouachi a rencontr\u00e9 les m\u00e9dias lors de sa conf\u00e9rence de presse qui s\u2019est tenue hier, lundi 22 juillet 2019, au m\u00e9dia center du Th\u00e9\u00e2tre romain de&#8230;<\/p>\n","protected":false},"author":8,"featured_media":227805,"comment_status":"open","ping_status":"open","sticky":false,"template":"","format":"standard","meta":{"footnotes":""},"categories":[994,2433],"tags":[30206],"class_list":["post-227804","post","type-post","status-publish","format-standard","has-post-thumbnail","hentry","category-culture","category-tunisie","tag-theatre-romain-de-carthage"],"yoast_head":"<!-- This site is optimized with the Yoast SEO plugin v26.6 - https:\/\/yoast.com\/wordpress\/plugins\/seo\/ -->\n<title>Adnane Chaouachi retrouvera la sc\u00e8ne du Th\u00e9\u00e2tre romain de Carthage 20 ans apr\u00e8s - Kapitalis<\/title>\n<meta name=\"robots\" content=\"index, follow, max-snippet:-1, max-image-preview:large, max-video-preview:-1\" \/>\n<link rel=\"canonical\" href=\"https:\/\/kapitalis.com\/tunisie\/2019\/07\/23\/adnane-chaouachi-retrouvera-la-scene-du-theatre-romain-de-carthage-20-ans-apres\/\" \/>\n<meta property=\"og:locale\" content=\"fr_FR\" \/>\n<meta property=\"og:type\" content=\"article\" \/>\n<meta property=\"og:title\" content=\"Adnane Chaouachi retrouvera la sc\u00e8ne du Th\u00e9\u00e2tre romain de Carthage 20 ans apr\u00e8s - Kapitalis\" \/>\n<meta property=\"og:description\" content=\"La m\u00eame \u00e9l\u00e9gance de toujours, la m\u00eame finesse dans les propos et la m\u00eame humilit\u00e9 que seuls les vrais artistes d\u00e9tiennent le secret, c\u2019est ainsi que le grand Adnane Chaouachi a rencontr\u00e9 les m\u00e9dias lors de sa conf\u00e9rence de presse qui s\u2019est tenue hier, lundi 22 juillet 2019, au m\u00e9dia center du Th\u00e9\u00e2tre romain de...\" \/>\n<meta property=\"og:url\" content=\"https:\/\/kapitalis.com\/tunisie\/2019\/07\/23\/adnane-chaouachi-retrouvera-la-scene-du-theatre-romain-de-carthage-20-ans-apres\/\" \/>\n<meta property=\"og:site_name\" content=\"Kapitalis\" \/>\n<meta property=\"article:publisher\" content=\"https:\/\/www.facebook.com\/KapitalisInfo\/\" \/>\n<meta property=\"article:published_time\" content=\"2019-07-23T19:05:23+00:00\" \/>\n<meta property=\"article:modified_time\" content=\"2019-07-23T19:05:24+00:00\" \/>\n<meta property=\"og:image\" content=\"https:\/\/kapitalis.com\/tunisie\/wp-content\/uploads\/2022\/05\/kapitalis-logo-fb.png\" \/>\n\t<meta property=\"og:image:width\" content=\"1200\" \/>\n\t<meta property=\"og:image:height\" content=\"630\" \/>\n\t<meta property=\"og:image:type\" content=\"image\/png\" \/>\n<meta name=\"author\" content=\"webmaster kapitalis\" \/>\n<meta name=\"twitter:card\" content=\"summary_large_image\" \/>\n<meta name=\"twitter:creator\" content=\"@KapitalisInfo\" \/>\n<meta name=\"twitter:site\" content=\"@KapitalisInfo\" \/>\n<meta name=\"twitter:label1\" content=\"\u00c9crit par\" \/>\n\t<meta name=\"twitter:data1\" content=\"webmaster kapitalis\" \/>\n\t<meta name=\"twitter:label2\" content=\"Dur\u00e9e de lecture estim\u00e9e\" \/>\n\t<meta name=\"twitter:data2\" content=\"2 minutes\" \/>\n<script type=\"application\/ld+json\" class=\"yoast-schema-graph\">{\"@context\":\"https:\/\/schema.org\",\"@graph\":[{\"@type\":\"Article\",\"@id\":\"https:\/\/kapitalis.com\/tunisie\/2019\/07\/23\/adnane-chaouachi-retrouvera-la-scene-du-theatre-romain-de-carthage-20-ans-apres\/#article\",\"isPartOf\":{\"@id\":\"https:\/\/kapitalis.com\/tunisie\/2019\/07\/23\/adnane-chaouachi-retrouvera-la-scene-du-theatre-romain-de-carthage-20-ans-apres\/\"},\"author\":{\"name\":\"webmaster kapitalis\",\"@id\":\"https:\/\/kapitalis.com\/tunisie\/#\/schema\/person\/d71f33a9ca44f7bad4698210b480c8e9\"},\"headline\":\"Adnane Chaouachi retrouvera la sc\u00e8ne du Th\u00e9\u00e2tre romain de Carthage 20 ans apr\u00e8s\",\"datePublished\":\"2019-07-23T19:05:23+00:00\",\"dateModified\":\"2019-07-23T19:05:24+00:00\",\"mainEntityOfPage\":{\"@id\":\"https:\/\/kapitalis.com\/tunisie\/2019\/07\/23\/adnane-chaouachi-retrouvera-la-scene-du-theatre-romain-de-carthage-20-ans-apres\/\"},\"wordCount\":419,\"commentCount\":0,\"publisher\":{\"@id\":\"https:\/\/kapitalis.com\/tunisie\/#organization\"},\"image\":{\"@id\":\"https:\/\/kapitalis.com\/tunisie\/2019\/07\/23\/adnane-chaouachi-retrouvera-la-scene-du-theatre-romain-de-carthage-20-ans-apres\/#primaryimage\"},\"thumbnailUrl\":\"\",\"keywords\":[\"th\u00e9\u00e2tre romain de Carthage\"],\"articleSection\":[\"CULTURE\",\"Tunisie\"],\"inLanguage\":\"fr-FR\",\"potentialAction\":[{\"@type\":\"CommentAction\",\"name\":\"Comment\",\"target\":[\"https:\/\/kapitalis.com\/tunisie\/2019\/07\/23\/adnane-chaouachi-retrouvera-la-scene-du-theatre-romain-de-carthage-20-ans-apres\/#respond\"]}]},{\"@type\":\"WebPage\",\"@id\":\"https:\/\/kapitalis.com\/tunisie\/2019\/07\/23\/adnane-chaouachi-retrouvera-la-scene-du-theatre-romain-de-carthage-20-ans-apres\/\",\"url\":\"https:\/\/kapitalis.com\/tunisie\/2019\/07\/23\/adnane-chaouachi-retrouvera-la-scene-du-theatre-romain-de-carthage-20-ans-apres\/\",\"name\":\"Adnane Chaouachi retrouvera la sc\u00e8ne du Th\u00e9\u00e2tre romain de Carthage 20 ans apr\u00e8s - Kapitalis\",\"isPartOf\":{\"@id\":\"https:\/\/kapitalis.com\/tunisie\/#website\"},\"primaryImageOfPage\":{\"@id\":\"https:\/\/kapitalis.com\/tunisie\/2019\/07\/23\/adnane-chaouachi-retrouvera-la-scene-du-theatre-romain-de-carthage-20-ans-apres\/#primaryimage\"},\"image\":{\"@id\":\"https:\/\/kapitalis.com\/tunisie\/2019\/07\/23\/adnane-chaouachi-retrouvera-la-scene-du-theatre-romain-de-carthage-20-ans-apres\/#primaryimage\"},\"thumbnailUrl\":\"\",\"datePublished\":\"2019-07-23T19:05:23+00:00\",\"dateModified\":\"2019-07-23T19:05:24+00:00\",\"breadcrumb\":{\"@id\":\"https:\/\/kapitalis.com\/tunisie\/2019\/07\/23\/adnane-chaouachi-retrouvera-la-scene-du-theatre-romain-de-carthage-20-ans-apres\/#breadcrumb\"},\"inLanguage\":\"fr-FR\",\"potentialAction\":[{\"@type\":\"ReadAction\",\"target\":[\"https:\/\/kapitalis.com\/tunisie\/2019\/07\/23\/adnane-chaouachi-retrouvera-la-scene-du-theatre-romain-de-carthage-20-ans-apres\/\"]}]},{\"@type\":\"ImageObject\",\"inLanguage\":\"fr-FR\",\"@id\":\"https:\/\/kapitalis.com\/tunisie\/2019\/07\/23\/adnane-chaouachi-retrouvera-la-scene-du-theatre-romain-de-carthage-20-ans-apres\/#primaryimage\",\"url\":\"\",\"contentUrl\":\"\"},{\"@type\":\"BreadcrumbList\",\"@id\":\"https:\/\/kapitalis.com\/tunisie\/2019\/07\/23\/adnane-chaouachi-retrouvera-la-scene-du-theatre-romain-de-carthage-20-ans-apres\/#breadcrumb\",\"itemListElement\":[{\"@type\":\"ListItem\",\"position\":1,\"name\":\"Accueil\",\"item\":\"https:\/\/kapitalis.com\/tunisie\/\"},{\"@type\":\"ListItem\",\"position\":2,\"name\":\"Adnane Chaouachi retrouvera la sc\u00e8ne du Th\u00e9\u00e2tre romain de Carthage 20 ans apr\u00e8s\"}]},{\"@type\":\"WebSite\",\"@id\":\"https:\/\/kapitalis.com\/tunisie\/#website\",\"url\":\"https:\/\/kapitalis.com\/tunisie\/\",\"name\":\"Kapitalis\",\"description\":\"L&#039;actualit\u00e9 en Tunisie et dans le monde\",\"publisher\":{\"@id\":\"https:\/\/kapitalis.com\/tunisie\/#organization\"},\"potentialAction\":[{\"@type\":\"SearchAction\",\"target\":{\"@type\":\"EntryPoint\",\"urlTemplate\":\"https:\/\/kapitalis.com\/tunisie\/?s={search_term_string}\"},\"query-input\":{\"@type\":\"PropertyValueSpecification\",\"valueRequired\":true,\"valueName\":\"search_term_string\"}}],\"inLanguage\":\"fr-FR\"},{\"@type\":\"Organization\",\"@id\":\"https:\/\/kapitalis.com\/tunisie\/#organization\",\"name\":\"Kapitalis\",\"url\":\"https:\/\/kapitalis.com\/tunisie\/\",\"logo\":{\"@type\":\"ImageObject\",\"inLanguage\":\"fr-FR\",\"@id\":\"https:\/\/kapitalis.com\/tunisie\/#\/schema\/logo\/image\/\",\"url\":\"https:\/\/kapitalis.com\/tunisie\/wp-content\/uploads\/2022\/05\/Kapitalis-big-size.png\",\"contentUrl\":\"https:\/\/kapitalis.com\/tunisie\/wp-content\/uploads\/2022\/05\/Kapitalis-big-size.png\",\"width\":5000,\"height\":1500,\"caption\":\"Kapitalis\"},\"image\":{\"@id\":\"https:\/\/kapitalis.com\/tunisie\/#\/schema\/logo\/image\/\"},\"sameAs\":[\"https:\/\/www.facebook.com\/KapitalisInfo\/\",\"https:\/\/x.com\/KapitalisInfo\",\"https:\/\/www.youtube.com\/channel\/UC-yDYrHyfFBWWZaOw3FPg9Q\"]},{\"@type\":\"Person\",\"@id\":\"https:\/\/kapitalis.com\/tunisie\/#\/schema\/person\/d71f33a9ca44f7bad4698210b480c8e9\",\"name\":\"webmaster kapitalis\",\"url\":\"https:\/\/kapitalis.com\/tunisie\/author\/webmaster-kapitalis\/\"}]}<\/script>\n<!-- \/ Yoast SEO plugin. -->","yoast_head_json":{"title":"Adnane Chaouachi retrouvera la sc\u00e8ne du Th\u00e9\u00e2tre romain de Carthage 20 ans apr\u00e8s - Kapitalis","robots":{"index":"index","follow":"follow","max-snippet":"max-snippet:-1","max-image-preview":"max-image-preview:large","max-video-preview":"max-video-preview:-1"},"canonical":"https:\/\/kapitalis.com\/tunisie\/2019\/07\/23\/adnane-chaouachi-retrouvera-la-scene-du-theatre-romain-de-carthage-20-ans-apres\/","og_locale":"fr_FR","og_type":"article","og_title":"Adnane Chaouachi retrouvera la sc\u00e8ne du Th\u00e9\u00e2tre romain de Carthage 20 ans apr\u00e8s - Kapitalis","og_description":"La m\u00eame \u00e9l\u00e9gance de toujours, la m\u00eame finesse dans les propos et la m\u00eame humilit\u00e9 que seuls les vrais artistes d\u00e9tiennent le secret, c\u2019est ainsi que le grand Adnane Chaouachi a rencontr\u00e9 les m\u00e9dias lors de sa conf\u00e9rence de presse qui s\u2019est tenue hier, lundi 22 juillet 2019, au m\u00e9dia center du Th\u00e9\u00e2tre romain de...","og_url":"https:\/\/kapitalis.com\/tunisie\/2019\/07\/23\/adnane-chaouachi-retrouvera-la-scene-du-theatre-romain-de-carthage-20-ans-apres\/","og_site_name":"Kapitalis","article_publisher":"https:\/\/www.facebook.com\/KapitalisInfo\/","article_published_time":"2019-07-23T19:05:23+00:00","article_modified_time":"2019-07-23T19:05:24+00:00","og_image":[{"width":1200,"height":630,"url":"https:\/\/kapitalis.com\/tunisie\/wp-content\/uploads\/2022\/05\/kapitalis-logo-fb.png","type":"image\/png"}],"author":"webmaster kapitalis","twitter_card":"summary_large_image","twitter_creator":"@KapitalisInfo","twitter_site":"@KapitalisInfo","twitter_misc":{"\u00c9crit par":"webmaster kapitalis","Dur\u00e9e de lecture estim\u00e9e":"2 minutes"},"schema":{"@context":"https:\/\/schema.org","@graph":[{"@type":"Article","@id":"https:\/\/kapitalis.com\/tunisie\/2019\/07\/23\/adnane-chaouachi-retrouvera-la-scene-du-theatre-romain-de-carthage-20-ans-apres\/#article","isPartOf":{"@id":"https:\/\/kapitalis.com\/tunisie\/2019\/07\/23\/adnane-chaouachi-retrouvera-la-scene-du-theatre-romain-de-carthage-20-ans-apres\/"},"author":{"name":"webmaster kapitalis","@id":"https:\/\/kapitalis.com\/tunisie\/#\/schema\/person\/d71f33a9ca44f7bad4698210b480c8e9"},"headline":"Adnane Chaouachi retrouvera la sc\u00e8ne du Th\u00e9\u00e2tre romain de Carthage 20 ans apr\u00e8s","datePublished":"2019-07-23T19:05:23+00:00","dateModified":"2019-07-23T19:05:24+00:00","mainEntityOfPage":{"@id":"https:\/\/kapitalis.com\/tunisie\/2019\/07\/23\/adnane-chaouachi-retrouvera-la-scene-du-theatre-romain-de-carthage-20-ans-apres\/"},"wordCount":419,"commentCount":0,"publisher":{"@id":"https:\/\/kapitalis.com\/tunisie\/#organization"},"image":{"@id":"https:\/\/kapitalis.com\/tunisie\/2019\/07\/23\/adnane-chaouachi-retrouvera-la-scene-du-theatre-romain-de-carthage-20-ans-apres\/#primaryimage"},"thumbnailUrl":"","keywords":["th\u00e9\u00e2tre romain de Carthage"],"articleSection":["CULTURE","Tunisie"],"inLanguage":"fr-FR","potentialAction":[{"@type":"CommentAction","name":"Comment","target":["https:\/\/kapitalis.com\/tunisie\/2019\/07\/23\/adnane-chaouachi-retrouvera-la-scene-du-theatre-romain-de-carthage-20-ans-apres\/#respond"]}]},{"@type":"WebPage","@id":"https:\/\/kapitalis.com\/tunisie\/2019\/07\/23\/adnane-chaouachi-retrouvera-la-scene-du-theatre-romain-de-carthage-20-ans-apres\/","url":"https:\/\/kapitalis.com\/tunisie\/2019\/07\/23\/adnane-chaouachi-retrouvera-la-scene-du-theatre-romain-de-carthage-20-ans-apres\/","name":"Adnane Chaouachi retrouvera la sc\u00e8ne du Th\u00e9\u00e2tre romain de Carthage 20 ans apr\u00e8s - Kapitalis","isPartOf":{"@id":"https:\/\/kapitalis.com\/tunisie\/#website"},"primaryImageOfPage":{"@id":"https:\/\/kapitalis.com\/tunisie\/2019\/07\/23\/adnane-chaouachi-retrouvera-la-scene-du-theatre-romain-de-carthage-20-ans-apres\/#primaryimage"},"image":{"@id":"https:\/\/kapitalis.com\/tunisie\/2019\/07\/23\/adnane-chaouachi-retrouvera-la-scene-du-theatre-romain-de-carthage-20-ans-apres\/#primaryimage"},"thumbnailUrl":"","datePublished":"2019-07-23T19:05:23+00:00","dateModified":"2019-07-23T19:05:24+00:00","breadcrumb":{"@id":"https:\/\/kapitalis.com\/tunisie\/2019\/07\/23\/adnane-chaouachi-retrouvera-la-scene-du-theatre-romain-de-carthage-20-ans-apres\/#breadcrumb"},"inLanguage":"fr-FR","potentialAction":[{"@type":"ReadAction","target":["https:\/\/kapitalis.com\/tunisie\/2019\/07\/23\/adnane-chaouachi-retrouvera-la-scene-du-theatre-romain-de-carthage-20-ans-apres\/"]}]},{"@type":"ImageObject","inLanguage":"fr-FR","@id":"https:\/\/kapitalis.com\/tunisie\/2019\/07\/23\/adnane-chaouachi-retrouvera-la-scene-du-theatre-romain-de-carthage-20-ans-apres\/#primaryimage","url":"","contentUrl":""},{"@type":"BreadcrumbList","@id":"https:\/\/kapitalis.com\/tunisie\/2019\/07\/23\/adnane-chaouachi-retrouvera-la-scene-du-theatre-romain-de-carthage-20-ans-apres\/#breadcrumb","itemListElement":[{"@type":"ListItem","position":1,"name":"Accueil","item":"https:\/\/kapitalis.com\/tunisie\/"},{"@type":"ListItem","position":2,"name":"Adnane Chaouachi retrouvera la sc\u00e8ne du Th\u00e9\u00e2tre romain de Carthage 20 ans apr\u00e8s"}]},{"@type":"WebSite","@id":"https:\/\/kapitalis.com\/tunisie\/#website","url":"https:\/\/kapitalis.com\/tunisie\/","name":"Kapitalis","description":"L&#039;actualit\u00e9 en Tunisie et dans le monde","publisher":{"@id":"https:\/\/kapitalis.com\/tunisie\/#organization"},"potentialAction":[{"@type":"SearchAction","target":{"@type":"EntryPoint","urlTemplate":"https:\/\/kapitalis.com\/tunisie\/?s={search_term_string}"},"query-input":{"@type":"PropertyValueSpecification","valueRequired":true,"valueName":"search_term_string"}}],"inLanguage":"fr-FR"},{"@type":"Organization","@id":"https:\/\/kapitalis.com\/tunisie\/#organization","name":"Kapitalis","url":"https:\/\/kapitalis.com\/tunisie\/","logo":{"@type":"ImageObject","inLanguage":"fr-FR","@id":"https:\/\/kapitalis.com\/tunisie\/#\/schema\/logo\/image\/","url":"https:\/\/kapitalis.com\/tunisie\/wp-content\/uploads\/2022\/05\/Kapitalis-big-size.png","contentUrl":"https:\/\/kapitalis.com\/tunisie\/wp-content\/uploads\/2022\/05\/Kapitalis-big-size.png","width":5000,"height":1500,"caption":"Kapitalis"},"image":{"@id":"https:\/\/kapitalis.com\/tunisie\/#\/schema\/logo\/image\/"},"sameAs":["https:\/\/www.facebook.com\/KapitalisInfo\/","https:\/\/x.com\/KapitalisInfo","https:\/\/www.youtube.com\/channel\/UC-yDYrHyfFBWWZaOw3FPg9Q"]},{"@type":"Person","@id":"https:\/\/kapitalis.com\/tunisie\/#\/schema\/person\/d71f33a9ca44f7bad4698210b480c8e9","name":"webmaster kapitalis","url":"https:\/\/kapitalis.com\/tunisie\/author\/webmaster-kapitalis\/"}]}},"_links":{"self":[{"href":"https:\/\/kapitalis.com\/tunisie\/wp-json\/wp\/v2\/posts\/227804","targetHints":{"allow":["GET"]}}],"collection":[{"href":"https:\/\/kapitalis.com\/tunisie\/wp-json\/wp\/v2\/posts"}],"about":[{"href":"https:\/\/kapitalis.com\/tunisie\/wp-json\/wp\/v2\/types\/post"}],"author":[{"embeddable":true,"href":"https:\/\/kapitalis.com\/tunisie\/wp-json\/wp\/v2\/users\/8"}],"replies":[{"embeddable":true,"href":"https:\/\/kapitalis.com\/tunisie\/wp-json\/wp\/v2\/comments?post=227804"}],"version-history":[{"count":0,"href":"https:\/\/kapitalis.com\/tunisie\/wp-json\/wp\/v2\/posts\/227804\/revisions"}],"wp:featuredmedia":[{"embeddable":true,"href":"https:\/\/kapitalis.com\/tunisie\/wp-json\/wp\/v2\/media\/227805"}],"wp:attachment":[{"href":"https:\/\/kapitalis.com\/tunisie\/wp-json\/wp\/v2\/media?parent=227804"}],"wp:term":[{"taxonomy":"category","embeddable":true,"href":"https:\/\/kapitalis.com\/tunisie\/wp-json\/wp\/v2\/categories?post=227804"},{"taxonomy":"post_tag","embeddable":true,"href":"https:\/\/kapitalis.com\/tunisie\/wp-json\/wp\/v2\/tags?post=227804"}],"curies":[{"name":"wp","href":"https:\/\/api.w.org\/{rel}","templated":true}]}}