{"id":228009,"date":"2019-07-24T18:45:47","date_gmt":"2019-07-24T17:45:47","guid":{"rendered":"http:\/\/kapitalis.com\/tunisie\/?p=228009"},"modified":"2019-07-24T18:45:49","modified_gmt":"2019-07-24T17:45:49","slug":"tunisie-les-olympiades-de-la-propriete-intellectuelle-reportees-au-31-juillet-2019","status":"publish","type":"post","link":"https:\/\/kapitalis.com\/tunisie\/2019\/07\/24\/tunisie-les-olympiades-de-la-propriete-intellectuelle-reportees-au-31-juillet-2019\/","title":{"rendered":"Tunisie : \u00abLes olympiades de la propri\u00e9t\u00e9 intellectuelle\u00bb report\u00e9es au 31 juillet 2019"},"content":{"rendered":"\n<figure class=\"wp-block-image\"><img decoding=\"async\" src=\"http:\/\/kapitalis.com\/tunisie\/wp-content\/uploads\/2019\/07\/Innorpi.jpg\" alt=\"\" class=\"wp-image-228142\"\/><\/figure>\n\n\n\n<p><strong><em>L&rsquo;Institut national de la normalisation et de la propri\u00e9t\u00e9 industrielle (Innorpi) annonce le report au 31 juillet 2019, du d\u00e9lai de remise des propositions de logos pour son concours \u00abLes olympiades de la propri\u00e9t\u00e9 intellectuelle\u00bb.<\/em><\/strong><\/p>\n\n\n\n<!--more-->\n\n\n\n<p>Ce concours s&rsquo;adresse aux designers, graphistes, agences de communication, amateurs, \u00e9tudiants, en individuel ou en collectif, etc.<\/p>\n\n\n\n<p>Le projet d&rsquo;olympiade concerne le d\u00e9veloppement durable d&rsquo;une mani\u00e8re g\u00e9n\u00e9rale, et la diss\u00e9mination de la culture de la propri\u00e9t\u00e9 intellectuelle en particulier.<\/p>\n\n\n\n<p>Il vise l&rsquo;entra\u00eenement \u00e9ducatif, qui consiste \u00e0 d\u00e9velopper les habilet\u00e9s mentales et cognitives afin d&rsquo;optimiser la performance personnelle (ou collective) de la r\u00e9flexion et du savoir, tout en favorisant le plaisir de l&rsquo;innovation et de la cr\u00e9ation.<\/p>\n\n\n\n<p>Le logo figurera sur toute la documentation imprim\u00e9e, \u00e9lectronique ou vid\u00e9o concernant l&rsquo;Institut. Un seul sera choisi par la comit\u00e9 de s\u00e9lection, et un prix sera attribu\u00e9 au concepteur du logo gagnant.<\/p>\n\n\n\n<p>Le candidat du logo gagnant recevra une r\u00e9compense de 2.000 dinars.<\/p>\n\n\n<p><em><strong>Source:<\/strong><\/em> <span style=\"color: #0000ff;\"><a style=\"color: #0000ff;\" href=\"http:\/\/www.innorpi.tn\/fr\/actualites\/avis-de-prolongation-de-la-date-limite-de-reception-des-propositions-de-logo-relatives\" target=\"_blank\" rel=\"noopener noreferrer\">Innorpi<\/a><\/span><\/p>","protected":false},"excerpt":{"rendered":"<p>L&rsquo;Institut national de la normalisation et de la propri\u00e9t\u00e9 industrielle (Innorpi) annonce le report au 31 juillet 2019, du d\u00e9lai de remise des propositions de logos pour son concours \u00abLes olympiades de la propri\u00e9t\u00e9 intellectuelle\u00bb.<\/p>\n","protected":false},"author":22,"featured_media":228142,"comment_status":"open","ping_status":"open","sticky":false,"template":"","format":"standard","meta":{"footnotes":""},"categories":[995,2433],"tags":[1332,7382],"class_list":["post-228009","post","type-post","status-publish","format-standard","has-post-thumbnail","hentry","category-economie","category-tunisie","tag-concours","tag-innorpi"],"yoast_head":"<!-- This site is optimized with the Yoast SEO plugin v26.6 - https:\/\/yoast.com\/wordpress\/plugins\/seo\/ -->\n<title>Tunisie : \u00abLes olympiades de la propri\u00e9t\u00e9 intellectuelle\u00bb report\u00e9es au 31 juillet 2019 - Kapitalis<\/title>\n<meta name=\"robots\" content=\"index, follow, max-snippet:-1, max-image-preview:large, max-video-preview:-1\" \/>\n<link rel=\"canonical\" href=\"https:\/\/kapitalis.com\/tunisie\/2019\/07\/24\/tunisie-les-olympiades-de-la-propriete-intellectuelle-reportees-au-31-juillet-2019\/\" \/>\n<meta property=\"og:locale\" content=\"fr_FR\" \/>\n<meta property=\"og:type\" content=\"article\" \/>\n<meta property=\"og:title\" content=\"Tunisie : \u00abLes olympiades de la propri\u00e9t\u00e9 intellectuelle\u00bb report\u00e9es au 31 juillet 2019 - Kapitalis\" \/>\n<meta property=\"og:description\" content=\"L&rsquo;Institut national de la normalisation et de la propri\u00e9t\u00e9 industrielle (Innorpi) annonce le report au 31 juillet 2019, du d\u00e9lai de remise des propositions de logos pour son concours \u00abLes olympiades de la propri\u00e9t\u00e9 intellectuelle\u00bb.\" \/>\n<meta property=\"og:url\" content=\"https:\/\/kapitalis.com\/tunisie\/2019\/07\/24\/tunisie-les-olympiades-de-la-propriete-intellectuelle-reportees-au-31-juillet-2019\/\" \/>\n<meta property=\"og:site_name\" content=\"Kapitalis\" \/>\n<meta property=\"article:publisher\" content=\"https:\/\/www.facebook.com\/KapitalisInfo\/\" \/>\n<meta property=\"article:published_time\" content=\"2019-07-24T17:45:47+00:00\" \/>\n<meta property=\"article:modified_time\" content=\"2019-07-24T17:45:49+00:00\" \/>\n<meta property=\"og:image\" content=\"https:\/\/kapitalis.com\/tunisie\/wp-content\/uploads\/2022\/05\/kapitalis-logo-fb.png\" \/>\n\t<meta property=\"og:image:width\" content=\"1200\" \/>\n\t<meta property=\"og:image:height\" content=\"630\" \/>\n\t<meta property=\"og:image:type\" content=\"image\/png\" \/>\n<meta name=\"author\" content=\"Amina Mkada\" \/>\n<meta name=\"twitter:card\" content=\"summary_large_image\" \/>\n<meta name=\"twitter:creator\" content=\"@KapitalisInfo\" \/>\n<meta name=\"twitter:site\" content=\"@KapitalisInfo\" \/>\n<meta name=\"twitter:label1\" content=\"\u00c9crit par\" \/>\n\t<meta name=\"twitter:data1\" content=\"Amina Mkada\" \/>\n\t<meta name=\"twitter:label2\" content=\"Dur\u00e9e de lecture estim\u00e9e\" \/>\n\t<meta name=\"twitter:data2\" content=\"1 minute\" \/>\n<script type=\"application\/ld+json\" class=\"yoast-schema-graph\">{\"@context\":\"https:\/\/schema.org\",\"@graph\":[{\"@type\":\"Article\",\"@id\":\"https:\/\/kapitalis.com\/tunisie\/2019\/07\/24\/tunisie-les-olympiades-de-la-propriete-intellectuelle-reportees-au-31-juillet-2019\/#article\",\"isPartOf\":{\"@id\":\"https:\/\/kapitalis.com\/tunisie\/2019\/07\/24\/tunisie-les-olympiades-de-la-propriete-intellectuelle-reportees-au-31-juillet-2019\/\"},\"author\":{\"name\":\"Amina Mkada\",\"@id\":\"https:\/\/kapitalis.com\/tunisie\/#\/schema\/person\/093913313d3017554cb3ad077fff3fbd\"},\"headline\":\"Tunisie : \u00abLes olympiades de la propri\u00e9t\u00e9 intellectuelle\u00bb report\u00e9es au 31 juillet 2019\",\"datePublished\":\"2019-07-24T17:45:47+00:00\",\"dateModified\":\"2019-07-24T17:45:49+00:00\",\"mainEntityOfPage\":{\"@id\":\"https:\/\/kapitalis.com\/tunisie\/2019\/07\/24\/tunisie-les-olympiades-de-la-propriete-intellectuelle-reportees-au-31-juillet-2019\/\"},\"wordCount\":182,\"commentCount\":0,\"publisher\":{\"@id\":\"https:\/\/kapitalis.com\/tunisie\/#organization\"},\"image\":{\"@id\":\"https:\/\/kapitalis.com\/tunisie\/2019\/07\/24\/tunisie-les-olympiades-de-la-propriete-intellectuelle-reportees-au-31-juillet-2019\/#primaryimage\"},\"thumbnailUrl\":\"\",\"keywords\":[\"concours\",\"Innorpi\"],\"articleSection\":[\"ECONOMIE\",\"Tunisie\"],\"inLanguage\":\"fr-FR\",\"potentialAction\":[{\"@type\":\"CommentAction\",\"name\":\"Comment\",\"target\":[\"https:\/\/kapitalis.com\/tunisie\/2019\/07\/24\/tunisie-les-olympiades-de-la-propriete-intellectuelle-reportees-au-31-juillet-2019\/#respond\"]}]},{\"@type\":\"WebPage\",\"@id\":\"https:\/\/kapitalis.com\/tunisie\/2019\/07\/24\/tunisie-les-olympiades-de-la-propriete-intellectuelle-reportees-au-31-juillet-2019\/\",\"url\":\"https:\/\/kapitalis.com\/tunisie\/2019\/07\/24\/tunisie-les-olympiades-de-la-propriete-intellectuelle-reportees-au-31-juillet-2019\/\",\"name\":\"Tunisie : \u00abLes olympiades de la propri\u00e9t\u00e9 intellectuelle\u00bb report\u00e9es au 31 juillet 2019 - Kapitalis\",\"isPartOf\":{\"@id\":\"https:\/\/kapitalis.com\/tunisie\/#website\"},\"primaryImageOfPage\":{\"@id\":\"https:\/\/kapitalis.com\/tunisie\/2019\/07\/24\/tunisie-les-olympiades-de-la-propriete-intellectuelle-reportees-au-31-juillet-2019\/#primaryimage\"},\"image\":{\"@id\":\"https:\/\/kapitalis.com\/tunisie\/2019\/07\/24\/tunisie-les-olympiades-de-la-propriete-intellectuelle-reportees-au-31-juillet-2019\/#primaryimage\"},\"thumbnailUrl\":\"\",\"datePublished\":\"2019-07-24T17:45:47+00:00\",\"dateModified\":\"2019-07-24T17:45:49+00:00\",\"breadcrumb\":{\"@id\":\"https:\/\/kapitalis.com\/tunisie\/2019\/07\/24\/tunisie-les-olympiades-de-la-propriete-intellectuelle-reportees-au-31-juillet-2019\/#breadcrumb\"},\"inLanguage\":\"fr-FR\",\"potentialAction\":[{\"@type\":\"ReadAction\",\"target\":[\"https:\/\/kapitalis.com\/tunisie\/2019\/07\/24\/tunisie-les-olympiades-de-la-propriete-intellectuelle-reportees-au-31-juillet-2019\/\"]}]},{\"@type\":\"ImageObject\",\"inLanguage\":\"fr-FR\",\"@id\":\"https:\/\/kapitalis.com\/tunisie\/2019\/07\/24\/tunisie-les-olympiades-de-la-propriete-intellectuelle-reportees-au-31-juillet-2019\/#primaryimage\",\"url\":\"\",\"contentUrl\":\"\"},{\"@type\":\"BreadcrumbList\",\"@id\":\"https:\/\/kapitalis.com\/tunisie\/2019\/07\/24\/tunisie-les-olympiades-de-la-propriete-intellectuelle-reportees-au-31-juillet-2019\/#breadcrumb\",\"itemListElement\":[{\"@type\":\"ListItem\",\"position\":1,\"name\":\"Accueil\",\"item\":\"https:\/\/kapitalis.com\/tunisie\/\"},{\"@type\":\"ListItem\",\"position\":2,\"name\":\"Tunisie : \u00abLes olympiades de la propri\u00e9t\u00e9 intellectuelle\u00bb report\u00e9es au 31 juillet 2019\"}]},{\"@type\":\"WebSite\",\"@id\":\"https:\/\/kapitalis.com\/tunisie\/#website\",\"url\":\"https:\/\/kapitalis.com\/tunisie\/\",\"name\":\"Kapitalis\",\"description\":\"L&#039;actualit\u00e9 en Tunisie et dans le monde\",\"publisher\":{\"@id\":\"https:\/\/kapitalis.com\/tunisie\/#organization\"},\"potentialAction\":[{\"@type\":\"SearchAction\",\"target\":{\"@type\":\"EntryPoint\",\"urlTemplate\":\"https:\/\/kapitalis.com\/tunisie\/?s={search_term_string}\"},\"query-input\":{\"@type\":\"PropertyValueSpecification\",\"valueRequired\":true,\"valueName\":\"search_term_string\"}}],\"inLanguage\":\"fr-FR\"},{\"@type\":\"Organization\",\"@id\":\"https:\/\/kapitalis.com\/tunisie\/#organization\",\"name\":\"Kapitalis\",\"url\":\"https:\/\/kapitalis.com\/tunisie\/\",\"logo\":{\"@type\":\"ImageObject\",\"inLanguage\":\"fr-FR\",\"@id\":\"https:\/\/kapitalis.com\/tunisie\/#\/schema\/logo\/image\/\",\"url\":\"https:\/\/kapitalis.com\/tunisie\/wp-content\/uploads\/2022\/05\/Kapitalis-big-size.png\",\"contentUrl\":\"https:\/\/kapitalis.com\/tunisie\/wp-content\/uploads\/2022\/05\/Kapitalis-big-size.png\",\"width\":5000,\"height\":1500,\"caption\":\"Kapitalis\"},\"image\":{\"@id\":\"https:\/\/kapitalis.com\/tunisie\/#\/schema\/logo\/image\/\"},\"sameAs\":[\"https:\/\/www.facebook.com\/KapitalisInfo\/\",\"https:\/\/x.com\/KapitalisInfo\",\"https:\/\/www.youtube.com\/channel\/UC-yDYrHyfFBWWZaOw3FPg9Q\"]},{\"@type\":\"Person\",\"@id\":\"https:\/\/kapitalis.com\/tunisie\/#\/schema\/person\/093913313d3017554cb3ad077fff3fbd\",\"name\":\"Amina Mkada\",\"url\":\"https:\/\/kapitalis.com\/tunisie\/author\/amina\/\"}]}<\/script>\n<!-- \/ Yoast SEO plugin. -->","yoast_head_json":{"title":"Tunisie : \u00abLes olympiades de la propri\u00e9t\u00e9 intellectuelle\u00bb report\u00e9es au 31 juillet 2019 - Kapitalis","robots":{"index":"index","follow":"follow","max-snippet":"max-snippet:-1","max-image-preview":"max-image-preview:large","max-video-preview":"max-video-preview:-1"},"canonical":"https:\/\/kapitalis.com\/tunisie\/2019\/07\/24\/tunisie-les-olympiades-de-la-propriete-intellectuelle-reportees-au-31-juillet-2019\/","og_locale":"fr_FR","og_type":"article","og_title":"Tunisie : \u00abLes olympiades de la propri\u00e9t\u00e9 intellectuelle\u00bb report\u00e9es au 31 juillet 2019 - Kapitalis","og_description":"L&rsquo;Institut national de la normalisation et de la propri\u00e9t\u00e9 industrielle (Innorpi) annonce le report au 31 juillet 2019, du d\u00e9lai de remise des propositions de logos pour son concours \u00abLes olympiades de la propri\u00e9t\u00e9 intellectuelle\u00bb.","og_url":"https:\/\/kapitalis.com\/tunisie\/2019\/07\/24\/tunisie-les-olympiades-de-la-propriete-intellectuelle-reportees-au-31-juillet-2019\/","og_site_name":"Kapitalis","article_publisher":"https:\/\/www.facebook.com\/KapitalisInfo\/","article_published_time":"2019-07-24T17:45:47+00:00","article_modified_time":"2019-07-24T17:45:49+00:00","og_image":[{"width":1200,"height":630,"url":"https:\/\/kapitalis.com\/tunisie\/wp-content\/uploads\/2022\/05\/kapitalis-logo-fb.png","type":"image\/png"}],"author":"Amina Mkada","twitter_card":"summary_large_image","twitter_creator":"@KapitalisInfo","twitter_site":"@KapitalisInfo","twitter_misc":{"\u00c9crit par":"Amina Mkada","Dur\u00e9e de lecture estim\u00e9e":"1 minute"},"schema":{"@context":"https:\/\/schema.org","@graph":[{"@type":"Article","@id":"https:\/\/kapitalis.com\/tunisie\/2019\/07\/24\/tunisie-les-olympiades-de-la-propriete-intellectuelle-reportees-au-31-juillet-2019\/#article","isPartOf":{"@id":"https:\/\/kapitalis.com\/tunisie\/2019\/07\/24\/tunisie-les-olympiades-de-la-propriete-intellectuelle-reportees-au-31-juillet-2019\/"},"author":{"name":"Amina Mkada","@id":"https:\/\/kapitalis.com\/tunisie\/#\/schema\/person\/093913313d3017554cb3ad077fff3fbd"},"headline":"Tunisie : \u00abLes olympiades de la propri\u00e9t\u00e9 intellectuelle\u00bb report\u00e9es au 31 juillet 2019","datePublished":"2019-07-24T17:45:47+00:00","dateModified":"2019-07-24T17:45:49+00:00","mainEntityOfPage":{"@id":"https:\/\/kapitalis.com\/tunisie\/2019\/07\/24\/tunisie-les-olympiades-de-la-propriete-intellectuelle-reportees-au-31-juillet-2019\/"},"wordCount":182,"commentCount":0,"publisher":{"@id":"https:\/\/kapitalis.com\/tunisie\/#organization"},"image":{"@id":"https:\/\/kapitalis.com\/tunisie\/2019\/07\/24\/tunisie-les-olympiades-de-la-propriete-intellectuelle-reportees-au-31-juillet-2019\/#primaryimage"},"thumbnailUrl":"","keywords":["concours","Innorpi"],"articleSection":["ECONOMIE","Tunisie"],"inLanguage":"fr-FR","potentialAction":[{"@type":"CommentAction","name":"Comment","target":["https:\/\/kapitalis.com\/tunisie\/2019\/07\/24\/tunisie-les-olympiades-de-la-propriete-intellectuelle-reportees-au-31-juillet-2019\/#respond"]}]},{"@type":"WebPage","@id":"https:\/\/kapitalis.com\/tunisie\/2019\/07\/24\/tunisie-les-olympiades-de-la-propriete-intellectuelle-reportees-au-31-juillet-2019\/","url":"https:\/\/kapitalis.com\/tunisie\/2019\/07\/24\/tunisie-les-olympiades-de-la-propriete-intellectuelle-reportees-au-31-juillet-2019\/","name":"Tunisie : \u00abLes olympiades de la propri\u00e9t\u00e9 intellectuelle\u00bb report\u00e9es au 31 juillet 2019 - Kapitalis","isPartOf":{"@id":"https:\/\/kapitalis.com\/tunisie\/#website"},"primaryImageOfPage":{"@id":"https:\/\/kapitalis.com\/tunisie\/2019\/07\/24\/tunisie-les-olympiades-de-la-propriete-intellectuelle-reportees-au-31-juillet-2019\/#primaryimage"},"image":{"@id":"https:\/\/kapitalis.com\/tunisie\/2019\/07\/24\/tunisie-les-olympiades-de-la-propriete-intellectuelle-reportees-au-31-juillet-2019\/#primaryimage"},"thumbnailUrl":"","datePublished":"2019-07-24T17:45:47+00:00","dateModified":"2019-07-24T17:45:49+00:00","breadcrumb":{"@id":"https:\/\/kapitalis.com\/tunisie\/2019\/07\/24\/tunisie-les-olympiades-de-la-propriete-intellectuelle-reportees-au-31-juillet-2019\/#breadcrumb"},"inLanguage":"fr-FR","potentialAction":[{"@type":"ReadAction","target":["https:\/\/kapitalis.com\/tunisie\/2019\/07\/24\/tunisie-les-olympiades-de-la-propriete-intellectuelle-reportees-au-31-juillet-2019\/"]}]},{"@type":"ImageObject","inLanguage":"fr-FR","@id":"https:\/\/kapitalis.com\/tunisie\/2019\/07\/24\/tunisie-les-olympiades-de-la-propriete-intellectuelle-reportees-au-31-juillet-2019\/#primaryimage","url":"","contentUrl":""},{"@type":"BreadcrumbList","@id":"https:\/\/kapitalis.com\/tunisie\/2019\/07\/24\/tunisie-les-olympiades-de-la-propriete-intellectuelle-reportees-au-31-juillet-2019\/#breadcrumb","itemListElement":[{"@type":"ListItem","position":1,"name":"Accueil","item":"https:\/\/kapitalis.com\/tunisie\/"},{"@type":"ListItem","position":2,"name":"Tunisie : \u00abLes olympiades de la propri\u00e9t\u00e9 intellectuelle\u00bb report\u00e9es au 31 juillet 2019"}]},{"@type":"WebSite","@id":"https:\/\/kapitalis.com\/tunisie\/#website","url":"https:\/\/kapitalis.com\/tunisie\/","name":"Kapitalis","description":"L&#039;actualit\u00e9 en Tunisie et dans le monde","publisher":{"@id":"https:\/\/kapitalis.com\/tunisie\/#organization"},"potentialAction":[{"@type":"SearchAction","target":{"@type":"EntryPoint","urlTemplate":"https:\/\/kapitalis.com\/tunisie\/?s={search_term_string}"},"query-input":{"@type":"PropertyValueSpecification","valueRequired":true,"valueName":"search_term_string"}}],"inLanguage":"fr-FR"},{"@type":"Organization","@id":"https:\/\/kapitalis.com\/tunisie\/#organization","name":"Kapitalis","url":"https:\/\/kapitalis.com\/tunisie\/","logo":{"@type":"ImageObject","inLanguage":"fr-FR","@id":"https:\/\/kapitalis.com\/tunisie\/#\/schema\/logo\/image\/","url":"https:\/\/kapitalis.com\/tunisie\/wp-content\/uploads\/2022\/05\/Kapitalis-big-size.png","contentUrl":"https:\/\/kapitalis.com\/tunisie\/wp-content\/uploads\/2022\/05\/Kapitalis-big-size.png","width":5000,"height":1500,"caption":"Kapitalis"},"image":{"@id":"https:\/\/kapitalis.com\/tunisie\/#\/schema\/logo\/image\/"},"sameAs":["https:\/\/www.facebook.com\/KapitalisInfo\/","https:\/\/x.com\/KapitalisInfo","https:\/\/www.youtube.com\/channel\/UC-yDYrHyfFBWWZaOw3FPg9Q"]},{"@type":"Person","@id":"https:\/\/kapitalis.com\/tunisie\/#\/schema\/person\/093913313d3017554cb3ad077fff3fbd","name":"Amina Mkada","url":"https:\/\/kapitalis.com\/tunisie\/author\/amina\/"}]}},"_links":{"self":[{"href":"https:\/\/kapitalis.com\/tunisie\/wp-json\/wp\/v2\/posts\/228009","targetHints":{"allow":["GET"]}}],"collection":[{"href":"https:\/\/kapitalis.com\/tunisie\/wp-json\/wp\/v2\/posts"}],"about":[{"href":"https:\/\/kapitalis.com\/tunisie\/wp-json\/wp\/v2\/types\/post"}],"author":[{"embeddable":true,"href":"https:\/\/kapitalis.com\/tunisie\/wp-json\/wp\/v2\/users\/22"}],"replies":[{"embeddable":true,"href":"https:\/\/kapitalis.com\/tunisie\/wp-json\/wp\/v2\/comments?post=228009"}],"version-history":[{"count":0,"href":"https:\/\/kapitalis.com\/tunisie\/wp-json\/wp\/v2\/posts\/228009\/revisions"}],"wp:featuredmedia":[{"embeddable":true,"href":"https:\/\/kapitalis.com\/tunisie\/wp-json\/wp\/v2\/media\/228142"}],"wp:attachment":[{"href":"https:\/\/kapitalis.com\/tunisie\/wp-json\/wp\/v2\/media?parent=228009"}],"wp:term":[{"taxonomy":"category","embeddable":true,"href":"https:\/\/kapitalis.com\/tunisie\/wp-json\/wp\/v2\/categories?post=228009"},{"taxonomy":"post_tag","embeddable":true,"href":"https:\/\/kapitalis.com\/tunisie\/wp-json\/wp\/v2\/tags?post=228009"}],"curies":[{"name":"wp","href":"https:\/\/api.w.org\/{rel}","templated":true}]}}