{"id":228383,"date":"2019-07-25T18:17:10","date_gmt":"2019-07-25T17:17:10","guid":{"rendered":"http:\/\/kapitalis.com\/tunisie\/?p=228383"},"modified":"2019-07-25T18:17:13","modified_gmt":"2019-07-25T17:17:13","slug":"bbc-caid-essebsi-a-largement-contribue-au-maintien-de-la-stabilite-en-tunisie-mais-il-etait-trop-autoritaire-face-aux-problemes-de-securite","status":"publish","type":"post","link":"https:\/\/kapitalis.com\/tunisie\/2019\/07\/25\/bbc-caid-essebsi-a-largement-contribue-au-maintien-de-la-stabilite-en-tunisie-mais-il-etait-trop-autoritaire-face-aux-problemes-de-securite\/","title":{"rendered":"BBC : \u00abCaid Essebsi a largement contribu\u00e9 au maintien de la stabilit\u00e9 en Tunisie, mais il \u00e9tait trop autoritaire face aux probl\u00e8mes de s\u00e9curit\u00e9\u00bb"},"content":{"rendered":"\n<figure class=\"wp-block-image\"><img decoding=\"async\" src=\"http:\/\/kapitalis.com\/tunisie\/wp-content\/uploads\/2019\/07\/BBC-Beji-Caid-Essebsi.jpg\" alt=\"\" class=\"wp-image-228492\"\/><\/figure>\n\n\n\n<p>\u00ab<strong><em>B\u00e9ji Ca\u00efd Essebsi a \u00e9t\u00e9 le 1er pr\u00e9sident librement \u00e9lu de la Tunisie, et le plus \u00e2g\u00e9 au monde. S&rsquo;il a largement maintenu la stabilit\u00e9 en Tunisie, les critiques affirment que son gouvernement \u00e9tait trop autoritaire face aux probl\u00e8mes de s\u00e9curit\u00e9.<\/em><\/strong>\u00bb <\/p>\n\n\n\n<!--more-->\n\n\n\n<p> C&rsquo;est en ces termes que la BBC a rendu compte du d\u00e9c\u00e8s aujourd&rsquo;hui, jeudi 25 juillet 2019, du pr\u00e9sident tunisien B\u00e9ji Ca\u00efd Essebsi, ajoutant  <br>que le d\u00e9funt<em> \u00aba jou\u00e9 un r\u00f4le de premier plan en politique, pendant plus d&rsquo;un d&rsquo;un demi-si\u00e8cle et \u00e9tait affable, jovial et confiant.\u00bb   <\/em><\/p>\n\n\n\n<p> <em>\u00abIl a exerc\u00e9 ses fonctions sous 2 dirigeants autocratiques (Bourguiba puis Ben Ali), avant de devenir le 1er pr\u00e9sident librement \u00e9lu de cet \u00c9tat nord-africain en 2014. <\/em><\/p>\n\n\n<div><em>Pour un homme ayant largement d\u00e9pass\u00e9 l&rsquo;\u00e2ge de la retraite, Caid Essebsi, qui \u00e9tait un la\u00efc dans une r\u00e9gion o\u00f9 les islamistes sont une force puissante, se vantait d&rsquo;une \u00e9nergie et d&rsquo;une ambition politique surprenantes, pour remporter un second tour \u00e0 88 ans.<\/em><\/div>\n\n\n<p><em>Aux yeux de ses adversaires, Ca\u00efd Essebsi a repr\u00e9sent\u00e9 un retour subtil de la vieille garde, et un affaiblissement des acquis de la r\u00e9volution qui a renvers\u00e9 Zine El-Abidine Ben Ali.<\/em><\/p>\n\n\n\n<p><em>Mais beaucoup de ses partisans le consid\u00e9raient, comme \u00ab\u00a0une paire de mains s\u00fbre\u00a0\u00bb qui maintiendrait la forte tradition la\u00efque tunisienne, une r\u00e9putation \u00e0 la hauteur de laquelle son gouvernement s&rsquo;est rendu, en annon\u00e7ant, plus t\u00f4t ce mois-ci, l&rsquo;interdiction faite aux femmes de porter le niqab dans les bureaux publics, invoquant des raisons de s\u00e9curit\u00e9.<\/em><\/p>\n\n\n\n<p><em>On lui attribue de vastes r\u00e9formes sociales et \u00e9conomiques, mais on l&rsquo;accuse \u00e9galement d&rsquo;avoir contribu\u00e9 \u00e0 la mise en place, avant la r\u00e9volution, un r\u00e9gime r\u00e9pressif qui avait \u00e9cras\u00e9 l&rsquo;opposition et garanti la domination d&rsquo;un parti unique, le Rassemblement constitutionnel d\u00e9mocratique (RCD), jusqu&rsquo;\u00e0 la r\u00e9volution de 2011.<\/em><\/p>\n\n\n\n<p><em>Les critiques de Caid Essebsi ont d\u00e9clar\u00e9 qu&rsquo;il avait supervis\u00e9 la cr\u00e9ation d&rsquo;un \u00c9tat policier pendant son mandat de ministre de l&rsquo;Int\u00e9rieur, et qu&rsquo;il \u00e9tait responsable de la r\u00e9pression et de la torture observ\u00e9es en Tunisie \u00e0 l&rsquo;\u00e8re de Bourguiba. <\/em><\/p>\n\n\n\n<p><em>Une fois devenu pr\u00e9sident, Ca\u00efd Essebsi a largement maintenu la stabilit\u00e9 en Tunisie. Une grande partie de la violence observ\u00e9e ailleurs en Afrique du Nord et au Moyen-Orient depuis le soul\u00e8vement arabe de 2011 a \u00e9t\u00e9 \u00e9pargn\u00e9e, m\u00eame si elle a \u00e9t\u00e9 la cible de militants islamistes au fil des ans. <\/em><\/p>\n\n\n\n<p><em>Certains consid\u00e9raient que le gouvernement de Caid Essebsi \u00e9tait trop autoritaire, dans sa r\u00e9ponse aux probl\u00e8mes de s\u00e9curit\u00e9, et trop pr\u00eat \u00e0 passer sous silence les crimes du pass\u00e9.\u00bb <\/em> <\/p>\n\n\n<p style=\"text-align: right;\"><em>Traduit de l&rsquo;anglais par <\/em><strong>Amina Mkada<\/strong> <em>(avec <span style=\"color: #0000ff;\"><a style=\"color: #0000ff;\" href=\"https:\/\/www.bbc.com\/news\/world-africa-30641935\" target=\"_blank\" rel=\"noopener noreferrer\">BBC<\/a><\/span>).<\/em><\/p>","protected":false},"excerpt":{"rendered":"<p>\u00abB\u00e9ji Ca\u00efd Essebsi a \u00e9t\u00e9 le 1er pr\u00e9sident librement \u00e9lu de la Tunisie, et le plus \u00e2g\u00e9 au monde. S&rsquo;il a largement maintenu la stabilit\u00e9 en Tunisie, les critiques affirment que son gouvernement \u00e9tait trop autoritaire face aux probl\u00e8mes de s\u00e9curit\u00e9.\u00bb<\/p>\n","protected":false},"author":22,"featured_media":228492,"comment_status":"open","ping_status":"open","sticky":false,"template":"","format":"standard","meta":{"footnotes":""},"categories":[996,997,2433],"tags":[10108,1108],"class_list":["post-228383","post","type-post","status-publish","format-standard","has-post-thumbnail","hentry","category-media","category-politique","category-tunisie","tag-bbc","tag-beji-caid-essebsi"],"yoast_head":"<!-- This site is optimized with the Yoast SEO plugin v26.6 - https:\/\/yoast.com\/wordpress\/plugins\/seo\/ -->\n<title>BBC : \u00abCaid Essebsi a largement contribu\u00e9 au maintien de la stabilit\u00e9 en Tunisie, mais il \u00e9tait trop autoritaire face aux probl\u00e8mes de s\u00e9curit\u00e9\u00bb - Kapitalis<\/title>\n<meta name=\"robots\" content=\"index, follow, max-snippet:-1, max-image-preview:large, max-video-preview:-1\" \/>\n<link rel=\"canonical\" href=\"https:\/\/kapitalis.com\/tunisie\/2019\/07\/25\/bbc-caid-essebsi-a-largement-contribue-au-maintien-de-la-stabilite-en-tunisie-mais-il-etait-trop-autoritaire-face-aux-problemes-de-securite\/\" \/>\n<meta property=\"og:locale\" content=\"fr_FR\" \/>\n<meta property=\"og:type\" content=\"article\" \/>\n<meta property=\"og:title\" content=\"BBC : \u00abCaid Essebsi a largement contribu\u00e9 au maintien de la stabilit\u00e9 en Tunisie, mais il \u00e9tait trop autoritaire face aux probl\u00e8mes de s\u00e9curit\u00e9\u00bb - Kapitalis\" \/>\n<meta property=\"og:description\" content=\"\u00abB\u00e9ji Ca\u00efd Essebsi a \u00e9t\u00e9 le 1er pr\u00e9sident librement \u00e9lu de la Tunisie, et le plus \u00e2g\u00e9 au monde. S&rsquo;il a largement maintenu la stabilit\u00e9 en Tunisie, les critiques affirment que son gouvernement \u00e9tait trop autoritaire face aux probl\u00e8mes de s\u00e9curit\u00e9.\u00bb\" \/>\n<meta property=\"og:url\" content=\"https:\/\/kapitalis.com\/tunisie\/2019\/07\/25\/bbc-caid-essebsi-a-largement-contribue-au-maintien-de-la-stabilite-en-tunisie-mais-il-etait-trop-autoritaire-face-aux-problemes-de-securite\/\" \/>\n<meta property=\"og:site_name\" content=\"Kapitalis\" \/>\n<meta property=\"article:publisher\" content=\"https:\/\/www.facebook.com\/KapitalisInfo\/\" \/>\n<meta property=\"article:published_time\" content=\"2019-07-25T17:17:10+00:00\" \/>\n<meta property=\"article:modified_time\" content=\"2019-07-25T17:17:13+00:00\" \/>\n<meta property=\"og:image\" content=\"https:\/\/kapitalis.com\/tunisie\/wp-content\/uploads\/2022\/05\/kapitalis-logo-fb.png\" \/>\n\t<meta property=\"og:image:width\" content=\"1200\" \/>\n\t<meta property=\"og:image:height\" content=\"630\" \/>\n\t<meta property=\"og:image:type\" content=\"image\/png\" \/>\n<meta name=\"author\" content=\"Amina Mkada\" \/>\n<meta name=\"twitter:card\" content=\"summary_large_image\" \/>\n<meta name=\"twitter:creator\" content=\"@KapitalisInfo\" \/>\n<meta name=\"twitter:site\" content=\"@KapitalisInfo\" \/>\n<meta name=\"twitter:label1\" content=\"\u00c9crit par\" \/>\n\t<meta name=\"twitter:data1\" content=\"Amina Mkada\" \/>\n\t<meta name=\"twitter:label2\" content=\"Dur\u00e9e de lecture estim\u00e9e\" \/>\n\t<meta name=\"twitter:data2\" content=\"2 minutes\" \/>\n<script type=\"application\/ld+json\" class=\"yoast-schema-graph\">{\"@context\":\"https:\/\/schema.org\",\"@graph\":[{\"@type\":\"Article\",\"@id\":\"https:\/\/kapitalis.com\/tunisie\/2019\/07\/25\/bbc-caid-essebsi-a-largement-contribue-au-maintien-de-la-stabilite-en-tunisie-mais-il-etait-trop-autoritaire-face-aux-problemes-de-securite\/#article\",\"isPartOf\":{\"@id\":\"https:\/\/kapitalis.com\/tunisie\/2019\/07\/25\/bbc-caid-essebsi-a-largement-contribue-au-maintien-de-la-stabilite-en-tunisie-mais-il-etait-trop-autoritaire-face-aux-problemes-de-securite\/\"},\"author\":{\"name\":\"Amina Mkada\",\"@id\":\"https:\/\/kapitalis.com\/tunisie\/#\/schema\/person\/093913313d3017554cb3ad077fff3fbd\"},\"headline\":\"BBC : \u00abCaid Essebsi a largement contribu\u00e9 au maintien de la stabilit\u00e9 en Tunisie, mais il \u00e9tait trop autoritaire face aux probl\u00e8mes de s\u00e9curit\u00e9\u00bb\",\"datePublished\":\"2019-07-25T17:17:10+00:00\",\"dateModified\":\"2019-07-25T17:17:13+00:00\",\"mainEntityOfPage\":{\"@id\":\"https:\/\/kapitalis.com\/tunisie\/2019\/07\/25\/bbc-caid-essebsi-a-largement-contribue-au-maintien-de-la-stabilite-en-tunisie-mais-il-etait-trop-autoritaire-face-aux-problemes-de-securite\/\"},\"wordCount\":482,\"commentCount\":0,\"publisher\":{\"@id\":\"https:\/\/kapitalis.com\/tunisie\/#organization\"},\"image\":{\"@id\":\"https:\/\/kapitalis.com\/tunisie\/2019\/07\/25\/bbc-caid-essebsi-a-largement-contribue-au-maintien-de-la-stabilite-en-tunisie-mais-il-etait-trop-autoritaire-face-aux-problemes-de-securite\/#primaryimage\"},\"thumbnailUrl\":\"\",\"keywords\":[\"BBC\",\"B\u00e9ji Ca\u00efd Essebsi\"],\"articleSection\":[\"MEDIA\",\"POLITIQUE\",\"Tunisie\"],\"inLanguage\":\"fr-FR\",\"potentialAction\":[{\"@type\":\"CommentAction\",\"name\":\"Comment\",\"target\":[\"https:\/\/kapitalis.com\/tunisie\/2019\/07\/25\/bbc-caid-essebsi-a-largement-contribue-au-maintien-de-la-stabilite-en-tunisie-mais-il-etait-trop-autoritaire-face-aux-problemes-de-securite\/#respond\"]}]},{\"@type\":\"WebPage\",\"@id\":\"https:\/\/kapitalis.com\/tunisie\/2019\/07\/25\/bbc-caid-essebsi-a-largement-contribue-au-maintien-de-la-stabilite-en-tunisie-mais-il-etait-trop-autoritaire-face-aux-problemes-de-securite\/\",\"url\":\"https:\/\/kapitalis.com\/tunisie\/2019\/07\/25\/bbc-caid-essebsi-a-largement-contribue-au-maintien-de-la-stabilite-en-tunisie-mais-il-etait-trop-autoritaire-face-aux-problemes-de-securite\/\",\"name\":\"BBC : \u00abCaid Essebsi a largement contribu\u00e9 au maintien de la stabilit\u00e9 en Tunisie, mais il \u00e9tait trop autoritaire face aux probl\u00e8mes de s\u00e9curit\u00e9\u00bb - Kapitalis\",\"isPartOf\":{\"@id\":\"https:\/\/kapitalis.com\/tunisie\/#website\"},\"primaryImageOfPage\":{\"@id\":\"https:\/\/kapitalis.com\/tunisie\/2019\/07\/25\/bbc-caid-essebsi-a-largement-contribue-au-maintien-de-la-stabilite-en-tunisie-mais-il-etait-trop-autoritaire-face-aux-problemes-de-securite\/#primaryimage\"},\"image\":{\"@id\":\"https:\/\/kapitalis.com\/tunisie\/2019\/07\/25\/bbc-caid-essebsi-a-largement-contribue-au-maintien-de-la-stabilite-en-tunisie-mais-il-etait-trop-autoritaire-face-aux-problemes-de-securite\/#primaryimage\"},\"thumbnailUrl\":\"\",\"datePublished\":\"2019-07-25T17:17:10+00:00\",\"dateModified\":\"2019-07-25T17:17:13+00:00\",\"breadcrumb\":{\"@id\":\"https:\/\/kapitalis.com\/tunisie\/2019\/07\/25\/bbc-caid-essebsi-a-largement-contribue-au-maintien-de-la-stabilite-en-tunisie-mais-il-etait-trop-autoritaire-face-aux-problemes-de-securite\/#breadcrumb\"},\"inLanguage\":\"fr-FR\",\"potentialAction\":[{\"@type\":\"ReadAction\",\"target\":[\"https:\/\/kapitalis.com\/tunisie\/2019\/07\/25\/bbc-caid-essebsi-a-largement-contribue-au-maintien-de-la-stabilite-en-tunisie-mais-il-etait-trop-autoritaire-face-aux-problemes-de-securite\/\"]}]},{\"@type\":\"ImageObject\",\"inLanguage\":\"fr-FR\",\"@id\":\"https:\/\/kapitalis.com\/tunisie\/2019\/07\/25\/bbc-caid-essebsi-a-largement-contribue-au-maintien-de-la-stabilite-en-tunisie-mais-il-etait-trop-autoritaire-face-aux-problemes-de-securite\/#primaryimage\",\"url\":\"\",\"contentUrl\":\"\"},{\"@type\":\"BreadcrumbList\",\"@id\":\"https:\/\/kapitalis.com\/tunisie\/2019\/07\/25\/bbc-caid-essebsi-a-largement-contribue-au-maintien-de-la-stabilite-en-tunisie-mais-il-etait-trop-autoritaire-face-aux-problemes-de-securite\/#breadcrumb\",\"itemListElement\":[{\"@type\":\"ListItem\",\"position\":1,\"name\":\"Accueil\",\"item\":\"https:\/\/kapitalis.com\/tunisie\/\"},{\"@type\":\"ListItem\",\"position\":2,\"name\":\"BBC : \u00abCaid Essebsi a largement contribu\u00e9 au maintien de la stabilit\u00e9 en Tunisie, mais il \u00e9tait trop autoritaire face aux probl\u00e8mes de s\u00e9curit\u00e9\u00bb\"}]},{\"@type\":\"WebSite\",\"@id\":\"https:\/\/kapitalis.com\/tunisie\/#website\",\"url\":\"https:\/\/kapitalis.com\/tunisie\/\",\"name\":\"Kapitalis\",\"description\":\"L&#039;actualit\u00e9 en Tunisie et dans le monde\",\"publisher\":{\"@id\":\"https:\/\/kapitalis.com\/tunisie\/#organization\"},\"potentialAction\":[{\"@type\":\"SearchAction\",\"target\":{\"@type\":\"EntryPoint\",\"urlTemplate\":\"https:\/\/kapitalis.com\/tunisie\/?s={search_term_string}\"},\"query-input\":{\"@type\":\"PropertyValueSpecification\",\"valueRequired\":true,\"valueName\":\"search_term_string\"}}],\"inLanguage\":\"fr-FR\"},{\"@type\":\"Organization\",\"@id\":\"https:\/\/kapitalis.com\/tunisie\/#organization\",\"name\":\"Kapitalis\",\"url\":\"https:\/\/kapitalis.com\/tunisie\/\",\"logo\":{\"@type\":\"ImageObject\",\"inLanguage\":\"fr-FR\",\"@id\":\"https:\/\/kapitalis.com\/tunisie\/#\/schema\/logo\/image\/\",\"url\":\"https:\/\/kapitalis.com\/tunisie\/wp-content\/uploads\/2022\/05\/Kapitalis-big-size.png\",\"contentUrl\":\"https:\/\/kapitalis.com\/tunisie\/wp-content\/uploads\/2022\/05\/Kapitalis-big-size.png\",\"width\":5000,\"height\":1500,\"caption\":\"Kapitalis\"},\"image\":{\"@id\":\"https:\/\/kapitalis.com\/tunisie\/#\/schema\/logo\/image\/\"},\"sameAs\":[\"https:\/\/www.facebook.com\/KapitalisInfo\/\",\"https:\/\/x.com\/KapitalisInfo\",\"https:\/\/www.youtube.com\/channel\/UC-yDYrHyfFBWWZaOw3FPg9Q\"]},{\"@type\":\"Person\",\"@id\":\"https:\/\/kapitalis.com\/tunisie\/#\/schema\/person\/093913313d3017554cb3ad077fff3fbd\",\"name\":\"Amina Mkada\",\"url\":\"https:\/\/kapitalis.com\/tunisie\/author\/amina\/\"}]}<\/script>\n<!-- \/ Yoast SEO plugin. -->","yoast_head_json":{"title":"BBC : \u00abCaid Essebsi a largement contribu\u00e9 au maintien de la stabilit\u00e9 en Tunisie, mais il \u00e9tait trop autoritaire face aux probl\u00e8mes de s\u00e9curit\u00e9\u00bb - Kapitalis","robots":{"index":"index","follow":"follow","max-snippet":"max-snippet:-1","max-image-preview":"max-image-preview:large","max-video-preview":"max-video-preview:-1"},"canonical":"https:\/\/kapitalis.com\/tunisie\/2019\/07\/25\/bbc-caid-essebsi-a-largement-contribue-au-maintien-de-la-stabilite-en-tunisie-mais-il-etait-trop-autoritaire-face-aux-problemes-de-securite\/","og_locale":"fr_FR","og_type":"article","og_title":"BBC : \u00abCaid Essebsi a largement contribu\u00e9 au maintien de la stabilit\u00e9 en Tunisie, mais il \u00e9tait trop autoritaire face aux probl\u00e8mes de s\u00e9curit\u00e9\u00bb - Kapitalis","og_description":"\u00abB\u00e9ji Ca\u00efd Essebsi a \u00e9t\u00e9 le 1er pr\u00e9sident librement \u00e9lu de la Tunisie, et le plus \u00e2g\u00e9 au monde. S&rsquo;il a largement maintenu la stabilit\u00e9 en Tunisie, les critiques affirment que son gouvernement \u00e9tait trop autoritaire face aux probl\u00e8mes de s\u00e9curit\u00e9.\u00bb","og_url":"https:\/\/kapitalis.com\/tunisie\/2019\/07\/25\/bbc-caid-essebsi-a-largement-contribue-au-maintien-de-la-stabilite-en-tunisie-mais-il-etait-trop-autoritaire-face-aux-problemes-de-securite\/","og_site_name":"Kapitalis","article_publisher":"https:\/\/www.facebook.com\/KapitalisInfo\/","article_published_time":"2019-07-25T17:17:10+00:00","article_modified_time":"2019-07-25T17:17:13+00:00","og_image":[{"width":1200,"height":630,"url":"https:\/\/kapitalis.com\/tunisie\/wp-content\/uploads\/2022\/05\/kapitalis-logo-fb.png","type":"image\/png"}],"author":"Amina Mkada","twitter_card":"summary_large_image","twitter_creator":"@KapitalisInfo","twitter_site":"@KapitalisInfo","twitter_misc":{"\u00c9crit par":"Amina Mkada","Dur\u00e9e de lecture estim\u00e9e":"2 minutes"},"schema":{"@context":"https:\/\/schema.org","@graph":[{"@type":"Article","@id":"https:\/\/kapitalis.com\/tunisie\/2019\/07\/25\/bbc-caid-essebsi-a-largement-contribue-au-maintien-de-la-stabilite-en-tunisie-mais-il-etait-trop-autoritaire-face-aux-problemes-de-securite\/#article","isPartOf":{"@id":"https:\/\/kapitalis.com\/tunisie\/2019\/07\/25\/bbc-caid-essebsi-a-largement-contribue-au-maintien-de-la-stabilite-en-tunisie-mais-il-etait-trop-autoritaire-face-aux-problemes-de-securite\/"},"author":{"name":"Amina Mkada","@id":"https:\/\/kapitalis.com\/tunisie\/#\/schema\/person\/093913313d3017554cb3ad077fff3fbd"},"headline":"BBC : \u00abCaid Essebsi a largement contribu\u00e9 au maintien de la stabilit\u00e9 en Tunisie, mais il \u00e9tait trop autoritaire face aux probl\u00e8mes de s\u00e9curit\u00e9\u00bb","datePublished":"2019-07-25T17:17:10+00:00","dateModified":"2019-07-25T17:17:13+00:00","mainEntityOfPage":{"@id":"https:\/\/kapitalis.com\/tunisie\/2019\/07\/25\/bbc-caid-essebsi-a-largement-contribue-au-maintien-de-la-stabilite-en-tunisie-mais-il-etait-trop-autoritaire-face-aux-problemes-de-securite\/"},"wordCount":482,"commentCount":0,"publisher":{"@id":"https:\/\/kapitalis.com\/tunisie\/#organization"},"image":{"@id":"https:\/\/kapitalis.com\/tunisie\/2019\/07\/25\/bbc-caid-essebsi-a-largement-contribue-au-maintien-de-la-stabilite-en-tunisie-mais-il-etait-trop-autoritaire-face-aux-problemes-de-securite\/#primaryimage"},"thumbnailUrl":"","keywords":["BBC","B\u00e9ji Ca\u00efd Essebsi"],"articleSection":["MEDIA","POLITIQUE","Tunisie"],"inLanguage":"fr-FR","potentialAction":[{"@type":"CommentAction","name":"Comment","target":["https:\/\/kapitalis.com\/tunisie\/2019\/07\/25\/bbc-caid-essebsi-a-largement-contribue-au-maintien-de-la-stabilite-en-tunisie-mais-il-etait-trop-autoritaire-face-aux-problemes-de-securite\/#respond"]}]},{"@type":"WebPage","@id":"https:\/\/kapitalis.com\/tunisie\/2019\/07\/25\/bbc-caid-essebsi-a-largement-contribue-au-maintien-de-la-stabilite-en-tunisie-mais-il-etait-trop-autoritaire-face-aux-problemes-de-securite\/","url":"https:\/\/kapitalis.com\/tunisie\/2019\/07\/25\/bbc-caid-essebsi-a-largement-contribue-au-maintien-de-la-stabilite-en-tunisie-mais-il-etait-trop-autoritaire-face-aux-problemes-de-securite\/","name":"BBC : \u00abCaid Essebsi a largement contribu\u00e9 au maintien de la stabilit\u00e9 en Tunisie, mais il \u00e9tait trop autoritaire face aux probl\u00e8mes de s\u00e9curit\u00e9\u00bb - Kapitalis","isPartOf":{"@id":"https:\/\/kapitalis.com\/tunisie\/#website"},"primaryImageOfPage":{"@id":"https:\/\/kapitalis.com\/tunisie\/2019\/07\/25\/bbc-caid-essebsi-a-largement-contribue-au-maintien-de-la-stabilite-en-tunisie-mais-il-etait-trop-autoritaire-face-aux-problemes-de-securite\/#primaryimage"},"image":{"@id":"https:\/\/kapitalis.com\/tunisie\/2019\/07\/25\/bbc-caid-essebsi-a-largement-contribue-au-maintien-de-la-stabilite-en-tunisie-mais-il-etait-trop-autoritaire-face-aux-problemes-de-securite\/#primaryimage"},"thumbnailUrl":"","datePublished":"2019-07-25T17:17:10+00:00","dateModified":"2019-07-25T17:17:13+00:00","breadcrumb":{"@id":"https:\/\/kapitalis.com\/tunisie\/2019\/07\/25\/bbc-caid-essebsi-a-largement-contribue-au-maintien-de-la-stabilite-en-tunisie-mais-il-etait-trop-autoritaire-face-aux-problemes-de-securite\/#breadcrumb"},"inLanguage":"fr-FR","potentialAction":[{"@type":"ReadAction","target":["https:\/\/kapitalis.com\/tunisie\/2019\/07\/25\/bbc-caid-essebsi-a-largement-contribue-au-maintien-de-la-stabilite-en-tunisie-mais-il-etait-trop-autoritaire-face-aux-problemes-de-securite\/"]}]},{"@type":"ImageObject","inLanguage":"fr-FR","@id":"https:\/\/kapitalis.com\/tunisie\/2019\/07\/25\/bbc-caid-essebsi-a-largement-contribue-au-maintien-de-la-stabilite-en-tunisie-mais-il-etait-trop-autoritaire-face-aux-problemes-de-securite\/#primaryimage","url":"","contentUrl":""},{"@type":"BreadcrumbList","@id":"https:\/\/kapitalis.com\/tunisie\/2019\/07\/25\/bbc-caid-essebsi-a-largement-contribue-au-maintien-de-la-stabilite-en-tunisie-mais-il-etait-trop-autoritaire-face-aux-problemes-de-securite\/#breadcrumb","itemListElement":[{"@type":"ListItem","position":1,"name":"Accueil","item":"https:\/\/kapitalis.com\/tunisie\/"},{"@type":"ListItem","position":2,"name":"BBC : \u00abCaid Essebsi a largement contribu\u00e9 au maintien de la stabilit\u00e9 en Tunisie, mais il \u00e9tait trop autoritaire face aux probl\u00e8mes de s\u00e9curit\u00e9\u00bb"}]},{"@type":"WebSite","@id":"https:\/\/kapitalis.com\/tunisie\/#website","url":"https:\/\/kapitalis.com\/tunisie\/","name":"Kapitalis","description":"L&#039;actualit\u00e9 en Tunisie et dans le monde","publisher":{"@id":"https:\/\/kapitalis.com\/tunisie\/#organization"},"potentialAction":[{"@type":"SearchAction","target":{"@type":"EntryPoint","urlTemplate":"https:\/\/kapitalis.com\/tunisie\/?s={search_term_string}"},"query-input":{"@type":"PropertyValueSpecification","valueRequired":true,"valueName":"search_term_string"}}],"inLanguage":"fr-FR"},{"@type":"Organization","@id":"https:\/\/kapitalis.com\/tunisie\/#organization","name":"Kapitalis","url":"https:\/\/kapitalis.com\/tunisie\/","logo":{"@type":"ImageObject","inLanguage":"fr-FR","@id":"https:\/\/kapitalis.com\/tunisie\/#\/schema\/logo\/image\/","url":"https:\/\/kapitalis.com\/tunisie\/wp-content\/uploads\/2022\/05\/Kapitalis-big-size.png","contentUrl":"https:\/\/kapitalis.com\/tunisie\/wp-content\/uploads\/2022\/05\/Kapitalis-big-size.png","width":5000,"height":1500,"caption":"Kapitalis"},"image":{"@id":"https:\/\/kapitalis.com\/tunisie\/#\/schema\/logo\/image\/"},"sameAs":["https:\/\/www.facebook.com\/KapitalisInfo\/","https:\/\/x.com\/KapitalisInfo","https:\/\/www.youtube.com\/channel\/UC-yDYrHyfFBWWZaOw3FPg9Q"]},{"@type":"Person","@id":"https:\/\/kapitalis.com\/tunisie\/#\/schema\/person\/093913313d3017554cb3ad077fff3fbd","name":"Amina Mkada","url":"https:\/\/kapitalis.com\/tunisie\/author\/amina\/"}]}},"_links":{"self":[{"href":"https:\/\/kapitalis.com\/tunisie\/wp-json\/wp\/v2\/posts\/228383","targetHints":{"allow":["GET"]}}],"collection":[{"href":"https:\/\/kapitalis.com\/tunisie\/wp-json\/wp\/v2\/posts"}],"about":[{"href":"https:\/\/kapitalis.com\/tunisie\/wp-json\/wp\/v2\/types\/post"}],"author":[{"embeddable":true,"href":"https:\/\/kapitalis.com\/tunisie\/wp-json\/wp\/v2\/users\/22"}],"replies":[{"embeddable":true,"href":"https:\/\/kapitalis.com\/tunisie\/wp-json\/wp\/v2\/comments?post=228383"}],"version-history":[{"count":0,"href":"https:\/\/kapitalis.com\/tunisie\/wp-json\/wp\/v2\/posts\/228383\/revisions"}],"wp:featuredmedia":[{"embeddable":true,"href":"https:\/\/kapitalis.com\/tunisie\/wp-json\/wp\/v2\/media\/228492"}],"wp:attachment":[{"href":"https:\/\/kapitalis.com\/tunisie\/wp-json\/wp\/v2\/media?parent=228383"}],"wp:term":[{"taxonomy":"category","embeddable":true,"href":"https:\/\/kapitalis.com\/tunisie\/wp-json\/wp\/v2\/categories?post=228383"},{"taxonomy":"post_tag","embeddable":true,"href":"https:\/\/kapitalis.com\/tunisie\/wp-json\/wp\/v2\/tags?post=228383"}],"curies":[{"name":"wp","href":"https:\/\/api.w.org\/{rel}","templated":true}]}}