{"id":228439,"date":"2019-07-25T17:17:38","date_gmt":"2019-07-25T16:17:38","guid":{"rendered":"http:\/\/kapitalis.com\/tunisie\/?p=228439"},"modified":"2019-07-25T18:54:36","modified_gmt":"2019-07-25T17:54:36","slug":"deces-du-president-beji-caid-essebsi-reactions-dans-le-monde","status":"publish","type":"post","link":"https:\/\/kapitalis.com\/tunisie\/2019\/07\/25\/deces-du-president-beji-caid-essebsi-reactions-dans-le-monde\/","title":{"rendered":"D\u00e9c\u00e8s du pr\u00e9sident B\u00e9ji Ca\u00efd Essebsi : R\u00e9actions dans le monde"},"content":{"rendered":"\n<figure class=\"wp-block-image\"><img decoding=\"async\" src=\"http:\/\/kapitalis.com\/tunisie\/wp-content\/uploads\/2019\/07\/Beji-Ca\u00efd-Essesbsi-condol\u00e9ances.jpg\" alt=\"\" class=\"wp-image-228450\"\/><\/figure>\n\n\n\n<p><strong><em>Le d\u00e9c\u00e8s ce matin, jeudi 25 juillet 2019, du pr\u00e9sident de la r\u00e9publique, B\u00e9ji Ca\u00efd Essebsi, a suscit\u00e9 de nombreuses r\u00e9actions c<\/em><\/strong><strong><em>hefs d&rsquo;Etats et de personnalit\u00e9s politiques \u00e0 travers le monde. <\/em><\/strong><\/p>\n\n\n\n<!--more-->\n\n\n\n<p>Les pr\u00e9sidents irakien, Barham Salih, burkinab\u00e9 Roch Marc Christian Kabor\u00e9, et s\u00e9n\u00e9galais Macky Sall ont pr\u00e9sent\u00e9 leurs condol\u00e9ances \u00e0 la famille du d\u00e9funt et au peuple tunisien. <\/p>\n\n\n\n<p>Le pr\u00e9sident \u00e9gyptien, Abdelfattah Sissi a d\u00e9clar\u00e9, de son c\u00f4t\u00e9, que M. Ca\u00efd Essebsi, qui a assur\u00e9 la stabilit\u00e9 de la Tunisie et son progr\u00e8s<em>\u00abrestera vivant dans le c\u0153ur des Tunisiens et celui des peuples arabes\u00bb<\/em>.<\/p>\n\n\n\n<p>De son c\u00f4t\u00e9, l&rsquo;ancien pr\u00e9sident fran\u00e7ais, Fran\u00e7ois Hollande a indiqu\u00e9, dans un tweet, que <em>\u00abLa Tunisie perd aujourd\u2019hui un d\u00e9fenseur de la d\u00e9mocratie et un acteur infatigable de la lutte contre le terrorisme.\u00bb<\/em>  <\/p>\n\n\n\n<p><em>\u00abJ\u2019ai le regret d\u2019apprendre le d\u00e9c\u00e8s du Pr\u00e9sident Tunisien, B\u00e9ji Ca\u00efd Essebsi. Mes sentiments de sympathie et de compassion \u00e0 sa famille, au gouvernement et au peuple tunisiens<\/em>\u00bb, \u00e9crit, pour sa part, Ibrahima Kassory Fofana, Premier ministre de la R\u00e9publique de Guin\u00e9e, sur son compte twitter.<\/p>\n\n\n\n<p>Plusieurs ambassades \u00e9trang\u00e8res en Tunisie ont \u00e9galement post\u00e9 un message sur leurs comptes Twitter et facebook \u00e0 la m\u00e9moire du regrett\u00e9 pr\u00e9sident, \u00e0 l&rsquo;instar de l&rsquo;Allemagne, des Etats-unis, du Japon, de la Hongrie et du Canada, qui a annonc\u00e9 avoir mis en berne le drapeau canadien,  <br><em>\u00aben hommage au pr\u00e9sident de la r\u00e9publique et en signe de solidarit\u00e9 avec le peuple tunisien.\u00bb  <\/em><\/p>\n\n\n\n<div class=\"wp-block-image\"><figure class=\"aligncenter is-resized\"><img loading=\"lazy\" decoding=\"async\" src=\"http:\/\/kapitalis.com\/tunisie\/wp-content\/uploads\/2019\/07\/BCE-ambassade-US.jpg\" alt=\"\" class=\"wp-image-228454\" width=\"500\" height=\"352\"\/><figcaption><em>Photo publi\u00e9e par l&rsquo;ambassade des Etats-unis \u00e0 Tunis, \u00e0 la m\u00e9moire de B\u00e9ji Ca\u00efd Essebsi.<\/em><\/figcaption><\/figure><\/div>\n\n\n\n<p>De son c\u00f4t\u00e9, la haute repr\u00e9sentante de l&rsquo;Union europ\u00e9enne pour les Affaires \u00e9trang\u00e8res, Federica Mogherini, a publi\u00e9 un communiqu\u00e9, o\u00f9 elle affirme : <em>\u00abL&rsquo;Union europ\u00e9enne est en deuil au c\u00f4t\u00e9 de la Tunisie, notre partenaire, ami et voisin en M\u00e9diterran\u00e9e. \u00c0 travers les ann\u00e9es, le pr\u00e9sident B\u00e9ji Ca\u00efd Essebsi a \u00e9t\u00e9 un protagoniste courageux et respect\u00e9 de la vie d\u00e9mocratique tunisienne, convaincu de l&rsquo;importance d&rsquo;un partenariat \u00e9troit avec l&rsquo;Union europ\u00e9enne. Avec son d\u00e9c\u00e8s, la Tunisie a perdu l&rsquo;un de ses dirigeants les plus comp\u00e9tents et pers\u00e9v\u00e9rants dans l&rsquo;\u00e9dification d&rsquo;une Tunisie d\u00e9mocratique et prosp\u00e8re, capable d&rsquo;offrir un avenir meilleur \u00e0 son peuple et un mod\u00e8le pour la r\u00e9gion<\/em>\u00bb.<\/p>\n\n\n\n<p>La Jordanie a annonc\u00e9 trois jours de deuil, en pr\u00e9cisant que les drapeaux du royaume seront en berne durant ces trois jours, selon Jordan News Agency.<\/p>\n\n\n\n<p>De son exil en Arabie saoudite, l&rsquo;ancien pr\u00e9sident tunisien Zine El Abidine Ben Ali s&rsquo;est rappel\u00e9 au souvenir des Tunisiens, en leur pr\u00e9sentant ses condol\u00e9ances attrist\u00e9es et en les exhortant \u00e0 rester unis et solidaires.<\/p>\n\n\n\n<p>En Tunisie, le gouvernement a annonc\u00e9 un deuil de 7 jours et l&rsquo;annulation, durant cette p\u00e9riode, de toutes les festivit\u00e9s. Le ministre des Affaires \u00e9trang\u00e8res a assur\u00e9, de son c\u00f4t\u00e9, que son d\u00e9partement a re\u00e7u plusieurs messages de condol\u00e9ances de la part des amis de la Tunisie \u00e0 travers le monde, en indiquant que  le d\u00e9funt pr\u00e9sident sera accompagn\u00e9 \u00e0 sa derni\u00e8re demeure, samedi 27 juillet 2019.<\/p>\n\n\n\n<p style=\"text-align:right\"><strong>Y. N.<\/strong><\/p>\n\n\n\n<figure class=\"wp-block-embed is-type-rich is-provider-kapitalis\"><div class=\"wp-block-embed__wrapper\">\n<blockquote class=\"wp-embedded-content\" data-secret=\"4BiwX5oLjV\"><a href=\"https:\/\/kapitalis.com\/tunisie\/2019\/07\/25\/the-washington-post-sous-caid-essebsi-la-tunisie-a-largement-evite-le-sort-des-pays-arabes-plonges-dans-la-guerre-civile\/\">\u00ab\u00a0The Washington Post\u00a0\u00bb: \u00abSous Caid Essebsi, la Tunisie a largement \u00e9vit\u00e9 le sort des pays arabes plong\u00e9s dans la guerre civile\u00bb<\/a><\/blockquote><iframe loading=\"lazy\" class=\"wp-embedded-content\" sandbox=\"allow-scripts\" security=\"restricted\" style=\"position: absolute; clip: rect(1px, 1px, 1px, 1px);\" title=\"\u00ab\u00a0\u00ab\u00a0The Washington Post\u00a0\u00bb: \u00abSous Caid Essebsi, la Tunisie a largement \u00e9vit\u00e9 le sort des pays arabes plong\u00e9s dans la guerre civile\u00bb\u00a0\u00bb &#8212; Kapitalis\" src=\"https:\/\/kapitalis.com\/tunisie\/2019\/07\/25\/the-washington-post-sous-caid-essebsi-la-tunisie-a-largement-evite-le-sort-des-pays-arabes-plonges-dans-la-guerre-civile\/embed\/#?secret=FfB4E7OwGh#?secret=4BiwX5oLjV\" data-secret=\"4BiwX5oLjV\" width=\"600\" height=\"338\" frameborder=\"0\" marginwidth=\"0\" marginheight=\"0\" scrolling=\"no\"><\/iframe>\n<\/div><\/figure>\n\n\n\n<p><\/p>\n","protected":false},"excerpt":{"rendered":"<p>Le d\u00e9c\u00e8s ce matin, jeudi 25 juillet 2019, du pr\u00e9sident de la r\u00e9publique, B\u00e9ji Ca\u00efd Essebsi, a suscit\u00e9 de nombreuses r\u00e9actions chefs d&rsquo;Etats et de personnalit\u00e9s politiques \u00e0 travers le monde.<\/p>\n","protected":false},"author":6,"featured_media":228450,"comment_status":"open","ping_status":"open","sticky":false,"template":"","format":"standard","meta":{"footnotes":""},"categories":[997,2433],"tags":[1108,2886,61019,356,5053,3662,937],"class_list":["post-228439","post","type-post","status-publish","format-standard","has-post-thumbnail","hentry","category-politique","category-tunisie","tag-beji-caid-essebsi","tag-condoleances","tag-deces-president","tag-europe","tag-francois-hollande","tag-jordanie","tag-union-europeenne"],"yoast_head":"<!-- This site is optimized with the Yoast SEO plugin v26.6 - https:\/\/yoast.com\/wordpress\/plugins\/seo\/ -->\n<title>D\u00e9c\u00e8s du pr\u00e9sident B\u00e9ji Ca\u00efd Essebsi : R\u00e9actions dans le monde - Kapitalis<\/title>\n<meta name=\"robots\" content=\"index, follow, max-snippet:-1, max-image-preview:large, max-video-preview:-1\" \/>\n<link rel=\"canonical\" href=\"https:\/\/kapitalis.com\/tunisie\/2019\/07\/25\/deces-du-president-beji-caid-essebsi-reactions-dans-le-monde\/\" \/>\n<meta property=\"og:locale\" content=\"fr_FR\" \/>\n<meta property=\"og:type\" content=\"article\" \/>\n<meta property=\"og:title\" content=\"D\u00e9c\u00e8s du pr\u00e9sident B\u00e9ji Ca\u00efd Essebsi : R\u00e9actions dans le monde - Kapitalis\" \/>\n<meta property=\"og:description\" content=\"Le d\u00e9c\u00e8s ce matin, jeudi 25 juillet 2019, du pr\u00e9sident de la r\u00e9publique, B\u00e9ji Ca\u00efd Essebsi, a suscit\u00e9 de nombreuses r\u00e9actions chefs d&rsquo;Etats et de personnalit\u00e9s politiques \u00e0 travers le monde.\" \/>\n<meta property=\"og:url\" content=\"https:\/\/kapitalis.com\/tunisie\/2019\/07\/25\/deces-du-president-beji-caid-essebsi-reactions-dans-le-monde\/\" \/>\n<meta property=\"og:site_name\" content=\"Kapitalis\" \/>\n<meta property=\"article:publisher\" content=\"https:\/\/www.facebook.com\/KapitalisInfo\/\" \/>\n<meta property=\"article:published_time\" content=\"2019-07-25T16:17:38+00:00\" \/>\n<meta property=\"article:modified_time\" content=\"2019-07-25T17:54:36+00:00\" \/>\n<meta property=\"og:image\" content=\"https:\/\/kapitalis.com\/tunisie\/wp-content\/uploads\/2022\/05\/kapitalis-logo-fb.png\" \/>\n\t<meta property=\"og:image:width\" content=\"1200\" \/>\n\t<meta property=\"og:image:height\" content=\"630\" \/>\n\t<meta property=\"og:image:type\" content=\"image\/png\" \/>\n<meta name=\"author\" content=\"Yusra NY\" \/>\n<meta name=\"twitter:card\" content=\"summary_large_image\" \/>\n<meta name=\"twitter:creator\" content=\"@KapitalisInfo\" \/>\n<meta name=\"twitter:site\" content=\"@KapitalisInfo\" \/>\n<meta name=\"twitter:label1\" content=\"\u00c9crit par\" \/>\n\t<meta name=\"twitter:data1\" content=\"Yusra NY\" \/>\n\t<meta name=\"twitter:label2\" content=\"Dur\u00e9e de lecture estim\u00e9e\" \/>\n\t<meta name=\"twitter:data2\" content=\"3 minutes\" \/>\n<script type=\"application\/ld+json\" class=\"yoast-schema-graph\">{\"@context\":\"https:\/\/schema.org\",\"@graph\":[{\"@type\":\"Article\",\"@id\":\"https:\/\/kapitalis.com\/tunisie\/2019\/07\/25\/deces-du-president-beji-caid-essebsi-reactions-dans-le-monde\/#article\",\"isPartOf\":{\"@id\":\"https:\/\/kapitalis.com\/tunisie\/2019\/07\/25\/deces-du-president-beji-caid-essebsi-reactions-dans-le-monde\/\"},\"author\":{\"name\":\"Yusra NY\",\"@id\":\"https:\/\/kapitalis.com\/tunisie\/#\/schema\/person\/74bbde0154d49d790a92aaeac5bc01d5\"},\"headline\":\"D\u00e9c\u00e8s du pr\u00e9sident B\u00e9ji Ca\u00efd Essebsi : R\u00e9actions dans le monde\",\"datePublished\":\"2019-07-25T16:17:38+00:00\",\"dateModified\":\"2019-07-25T17:54:36+00:00\",\"mainEntityOfPage\":{\"@id\":\"https:\/\/kapitalis.com\/tunisie\/2019\/07\/25\/deces-du-president-beji-caid-essebsi-reactions-dans-le-monde\/\"},\"wordCount\":576,\"commentCount\":2,\"publisher\":{\"@id\":\"https:\/\/kapitalis.com\/tunisie\/#organization\"},\"image\":{\"@id\":\"https:\/\/kapitalis.com\/tunisie\/2019\/07\/25\/deces-du-president-beji-caid-essebsi-reactions-dans-le-monde\/#primaryimage\"},\"thumbnailUrl\":\"\",\"keywords\":[\"B\u00e9ji Ca\u00efd Essebsi\",\"condol\u00e9ances\",\"D\u00e9c\u00e8s pr\u00e9sident\",\"Europe\",\"Fran\u00e7ois Hollande\",\"Jordanie\",\"Union europ\u00e9enne\"],\"articleSection\":[\"POLITIQUE\",\"Tunisie\"],\"inLanguage\":\"fr-FR\",\"potentialAction\":[{\"@type\":\"CommentAction\",\"name\":\"Comment\",\"target\":[\"https:\/\/kapitalis.com\/tunisie\/2019\/07\/25\/deces-du-president-beji-caid-essebsi-reactions-dans-le-monde\/#respond\"]}]},{\"@type\":\"WebPage\",\"@id\":\"https:\/\/kapitalis.com\/tunisie\/2019\/07\/25\/deces-du-president-beji-caid-essebsi-reactions-dans-le-monde\/\",\"url\":\"https:\/\/kapitalis.com\/tunisie\/2019\/07\/25\/deces-du-president-beji-caid-essebsi-reactions-dans-le-monde\/\",\"name\":\"D\u00e9c\u00e8s du pr\u00e9sident B\u00e9ji Ca\u00efd Essebsi : R\u00e9actions dans le monde - Kapitalis\",\"isPartOf\":{\"@id\":\"https:\/\/kapitalis.com\/tunisie\/#website\"},\"primaryImageOfPage\":{\"@id\":\"https:\/\/kapitalis.com\/tunisie\/2019\/07\/25\/deces-du-president-beji-caid-essebsi-reactions-dans-le-monde\/#primaryimage\"},\"image\":{\"@id\":\"https:\/\/kapitalis.com\/tunisie\/2019\/07\/25\/deces-du-president-beji-caid-essebsi-reactions-dans-le-monde\/#primaryimage\"},\"thumbnailUrl\":\"\",\"datePublished\":\"2019-07-25T16:17:38+00:00\",\"dateModified\":\"2019-07-25T17:54:36+00:00\",\"breadcrumb\":{\"@id\":\"https:\/\/kapitalis.com\/tunisie\/2019\/07\/25\/deces-du-president-beji-caid-essebsi-reactions-dans-le-monde\/#breadcrumb\"},\"inLanguage\":\"fr-FR\",\"potentialAction\":[{\"@type\":\"ReadAction\",\"target\":[\"https:\/\/kapitalis.com\/tunisie\/2019\/07\/25\/deces-du-president-beji-caid-essebsi-reactions-dans-le-monde\/\"]}]},{\"@type\":\"ImageObject\",\"inLanguage\":\"fr-FR\",\"@id\":\"https:\/\/kapitalis.com\/tunisie\/2019\/07\/25\/deces-du-president-beji-caid-essebsi-reactions-dans-le-monde\/#primaryimage\",\"url\":\"\",\"contentUrl\":\"\"},{\"@type\":\"BreadcrumbList\",\"@id\":\"https:\/\/kapitalis.com\/tunisie\/2019\/07\/25\/deces-du-president-beji-caid-essebsi-reactions-dans-le-monde\/#breadcrumb\",\"itemListElement\":[{\"@type\":\"ListItem\",\"position\":1,\"name\":\"Accueil\",\"item\":\"https:\/\/kapitalis.com\/tunisie\/\"},{\"@type\":\"ListItem\",\"position\":2,\"name\":\"D\u00e9c\u00e8s du pr\u00e9sident B\u00e9ji Ca\u00efd Essebsi : R\u00e9actions dans le monde\"}]},{\"@type\":\"WebSite\",\"@id\":\"https:\/\/kapitalis.com\/tunisie\/#website\",\"url\":\"https:\/\/kapitalis.com\/tunisie\/\",\"name\":\"Kapitalis\",\"description\":\"L&#039;actualit\u00e9 en Tunisie et dans le monde\",\"publisher\":{\"@id\":\"https:\/\/kapitalis.com\/tunisie\/#organization\"},\"potentialAction\":[{\"@type\":\"SearchAction\",\"target\":{\"@type\":\"EntryPoint\",\"urlTemplate\":\"https:\/\/kapitalis.com\/tunisie\/?s={search_term_string}\"},\"query-input\":{\"@type\":\"PropertyValueSpecification\",\"valueRequired\":true,\"valueName\":\"search_term_string\"}}],\"inLanguage\":\"fr-FR\"},{\"@type\":\"Organization\",\"@id\":\"https:\/\/kapitalis.com\/tunisie\/#organization\",\"name\":\"Kapitalis\",\"url\":\"https:\/\/kapitalis.com\/tunisie\/\",\"logo\":{\"@type\":\"ImageObject\",\"inLanguage\":\"fr-FR\",\"@id\":\"https:\/\/kapitalis.com\/tunisie\/#\/schema\/logo\/image\/\",\"url\":\"https:\/\/kapitalis.com\/tunisie\/wp-content\/uploads\/2022\/05\/Kapitalis-big-size.png\",\"contentUrl\":\"https:\/\/kapitalis.com\/tunisie\/wp-content\/uploads\/2022\/05\/Kapitalis-big-size.png\",\"width\":5000,\"height\":1500,\"caption\":\"Kapitalis\"},\"image\":{\"@id\":\"https:\/\/kapitalis.com\/tunisie\/#\/schema\/logo\/image\/\"},\"sameAs\":[\"https:\/\/www.facebook.com\/KapitalisInfo\/\",\"https:\/\/x.com\/KapitalisInfo\",\"https:\/\/www.youtube.com\/channel\/UC-yDYrHyfFBWWZaOw3FPg9Q\"]},{\"@type\":\"Person\",\"@id\":\"https:\/\/kapitalis.com\/tunisie\/#\/schema\/person\/74bbde0154d49d790a92aaeac5bc01d5\",\"name\":\"Yusra NY\",\"url\":\"https:\/\/kapitalis.com\/tunisie\/author\/yuza_adam\/\"}]}<\/script>\n<!-- \/ Yoast SEO plugin. -->","yoast_head_json":{"title":"D\u00e9c\u00e8s du pr\u00e9sident B\u00e9ji Ca\u00efd Essebsi : R\u00e9actions dans le monde - Kapitalis","robots":{"index":"index","follow":"follow","max-snippet":"max-snippet:-1","max-image-preview":"max-image-preview:large","max-video-preview":"max-video-preview:-1"},"canonical":"https:\/\/kapitalis.com\/tunisie\/2019\/07\/25\/deces-du-president-beji-caid-essebsi-reactions-dans-le-monde\/","og_locale":"fr_FR","og_type":"article","og_title":"D\u00e9c\u00e8s du pr\u00e9sident B\u00e9ji Ca\u00efd Essebsi : R\u00e9actions dans le monde - Kapitalis","og_description":"Le d\u00e9c\u00e8s ce matin, jeudi 25 juillet 2019, du pr\u00e9sident de la r\u00e9publique, B\u00e9ji Ca\u00efd Essebsi, a suscit\u00e9 de nombreuses r\u00e9actions chefs d&rsquo;Etats et de personnalit\u00e9s politiques \u00e0 travers le monde.","og_url":"https:\/\/kapitalis.com\/tunisie\/2019\/07\/25\/deces-du-president-beji-caid-essebsi-reactions-dans-le-monde\/","og_site_name":"Kapitalis","article_publisher":"https:\/\/www.facebook.com\/KapitalisInfo\/","article_published_time":"2019-07-25T16:17:38+00:00","article_modified_time":"2019-07-25T17:54:36+00:00","og_image":[{"width":1200,"height":630,"url":"https:\/\/kapitalis.com\/tunisie\/wp-content\/uploads\/2022\/05\/kapitalis-logo-fb.png","type":"image\/png"}],"author":"Yusra NY","twitter_card":"summary_large_image","twitter_creator":"@KapitalisInfo","twitter_site":"@KapitalisInfo","twitter_misc":{"\u00c9crit par":"Yusra NY","Dur\u00e9e de lecture estim\u00e9e":"3 minutes"},"schema":{"@context":"https:\/\/schema.org","@graph":[{"@type":"Article","@id":"https:\/\/kapitalis.com\/tunisie\/2019\/07\/25\/deces-du-president-beji-caid-essebsi-reactions-dans-le-monde\/#article","isPartOf":{"@id":"https:\/\/kapitalis.com\/tunisie\/2019\/07\/25\/deces-du-president-beji-caid-essebsi-reactions-dans-le-monde\/"},"author":{"name":"Yusra NY","@id":"https:\/\/kapitalis.com\/tunisie\/#\/schema\/person\/74bbde0154d49d790a92aaeac5bc01d5"},"headline":"D\u00e9c\u00e8s du pr\u00e9sident B\u00e9ji Ca\u00efd Essebsi : R\u00e9actions dans le monde","datePublished":"2019-07-25T16:17:38+00:00","dateModified":"2019-07-25T17:54:36+00:00","mainEntityOfPage":{"@id":"https:\/\/kapitalis.com\/tunisie\/2019\/07\/25\/deces-du-president-beji-caid-essebsi-reactions-dans-le-monde\/"},"wordCount":576,"commentCount":2,"publisher":{"@id":"https:\/\/kapitalis.com\/tunisie\/#organization"},"image":{"@id":"https:\/\/kapitalis.com\/tunisie\/2019\/07\/25\/deces-du-president-beji-caid-essebsi-reactions-dans-le-monde\/#primaryimage"},"thumbnailUrl":"","keywords":["B\u00e9ji Ca\u00efd Essebsi","condol\u00e9ances","D\u00e9c\u00e8s pr\u00e9sident","Europe","Fran\u00e7ois Hollande","Jordanie","Union europ\u00e9enne"],"articleSection":["POLITIQUE","Tunisie"],"inLanguage":"fr-FR","potentialAction":[{"@type":"CommentAction","name":"Comment","target":["https:\/\/kapitalis.com\/tunisie\/2019\/07\/25\/deces-du-president-beji-caid-essebsi-reactions-dans-le-monde\/#respond"]}]},{"@type":"WebPage","@id":"https:\/\/kapitalis.com\/tunisie\/2019\/07\/25\/deces-du-president-beji-caid-essebsi-reactions-dans-le-monde\/","url":"https:\/\/kapitalis.com\/tunisie\/2019\/07\/25\/deces-du-president-beji-caid-essebsi-reactions-dans-le-monde\/","name":"D\u00e9c\u00e8s du pr\u00e9sident B\u00e9ji Ca\u00efd Essebsi : R\u00e9actions dans le monde - Kapitalis","isPartOf":{"@id":"https:\/\/kapitalis.com\/tunisie\/#website"},"primaryImageOfPage":{"@id":"https:\/\/kapitalis.com\/tunisie\/2019\/07\/25\/deces-du-president-beji-caid-essebsi-reactions-dans-le-monde\/#primaryimage"},"image":{"@id":"https:\/\/kapitalis.com\/tunisie\/2019\/07\/25\/deces-du-president-beji-caid-essebsi-reactions-dans-le-monde\/#primaryimage"},"thumbnailUrl":"","datePublished":"2019-07-25T16:17:38+00:00","dateModified":"2019-07-25T17:54:36+00:00","breadcrumb":{"@id":"https:\/\/kapitalis.com\/tunisie\/2019\/07\/25\/deces-du-president-beji-caid-essebsi-reactions-dans-le-monde\/#breadcrumb"},"inLanguage":"fr-FR","potentialAction":[{"@type":"ReadAction","target":["https:\/\/kapitalis.com\/tunisie\/2019\/07\/25\/deces-du-president-beji-caid-essebsi-reactions-dans-le-monde\/"]}]},{"@type":"ImageObject","inLanguage":"fr-FR","@id":"https:\/\/kapitalis.com\/tunisie\/2019\/07\/25\/deces-du-president-beji-caid-essebsi-reactions-dans-le-monde\/#primaryimage","url":"","contentUrl":""},{"@type":"BreadcrumbList","@id":"https:\/\/kapitalis.com\/tunisie\/2019\/07\/25\/deces-du-president-beji-caid-essebsi-reactions-dans-le-monde\/#breadcrumb","itemListElement":[{"@type":"ListItem","position":1,"name":"Accueil","item":"https:\/\/kapitalis.com\/tunisie\/"},{"@type":"ListItem","position":2,"name":"D\u00e9c\u00e8s du pr\u00e9sident B\u00e9ji Ca\u00efd Essebsi : R\u00e9actions dans le monde"}]},{"@type":"WebSite","@id":"https:\/\/kapitalis.com\/tunisie\/#website","url":"https:\/\/kapitalis.com\/tunisie\/","name":"Kapitalis","description":"L&#039;actualit\u00e9 en Tunisie et dans le monde","publisher":{"@id":"https:\/\/kapitalis.com\/tunisie\/#organization"},"potentialAction":[{"@type":"SearchAction","target":{"@type":"EntryPoint","urlTemplate":"https:\/\/kapitalis.com\/tunisie\/?s={search_term_string}"},"query-input":{"@type":"PropertyValueSpecification","valueRequired":true,"valueName":"search_term_string"}}],"inLanguage":"fr-FR"},{"@type":"Organization","@id":"https:\/\/kapitalis.com\/tunisie\/#organization","name":"Kapitalis","url":"https:\/\/kapitalis.com\/tunisie\/","logo":{"@type":"ImageObject","inLanguage":"fr-FR","@id":"https:\/\/kapitalis.com\/tunisie\/#\/schema\/logo\/image\/","url":"https:\/\/kapitalis.com\/tunisie\/wp-content\/uploads\/2022\/05\/Kapitalis-big-size.png","contentUrl":"https:\/\/kapitalis.com\/tunisie\/wp-content\/uploads\/2022\/05\/Kapitalis-big-size.png","width":5000,"height":1500,"caption":"Kapitalis"},"image":{"@id":"https:\/\/kapitalis.com\/tunisie\/#\/schema\/logo\/image\/"},"sameAs":["https:\/\/www.facebook.com\/KapitalisInfo\/","https:\/\/x.com\/KapitalisInfo","https:\/\/www.youtube.com\/channel\/UC-yDYrHyfFBWWZaOw3FPg9Q"]},{"@type":"Person","@id":"https:\/\/kapitalis.com\/tunisie\/#\/schema\/person\/74bbde0154d49d790a92aaeac5bc01d5","name":"Yusra NY","url":"https:\/\/kapitalis.com\/tunisie\/author\/yuza_adam\/"}]}},"_links":{"self":[{"href":"https:\/\/kapitalis.com\/tunisie\/wp-json\/wp\/v2\/posts\/228439","targetHints":{"allow":["GET"]}}],"collection":[{"href":"https:\/\/kapitalis.com\/tunisie\/wp-json\/wp\/v2\/posts"}],"about":[{"href":"https:\/\/kapitalis.com\/tunisie\/wp-json\/wp\/v2\/types\/post"}],"author":[{"embeddable":true,"href":"https:\/\/kapitalis.com\/tunisie\/wp-json\/wp\/v2\/users\/6"}],"replies":[{"embeddable":true,"href":"https:\/\/kapitalis.com\/tunisie\/wp-json\/wp\/v2\/comments?post=228439"}],"version-history":[{"count":0,"href":"https:\/\/kapitalis.com\/tunisie\/wp-json\/wp\/v2\/posts\/228439\/revisions"}],"wp:featuredmedia":[{"embeddable":true,"href":"https:\/\/kapitalis.com\/tunisie\/wp-json\/wp\/v2\/media\/228450"}],"wp:attachment":[{"href":"https:\/\/kapitalis.com\/tunisie\/wp-json\/wp\/v2\/media?parent=228439"}],"wp:term":[{"taxonomy":"category","embeddable":true,"href":"https:\/\/kapitalis.com\/tunisie\/wp-json\/wp\/v2\/categories?post=228439"},{"taxonomy":"post_tag","embeddable":true,"href":"https:\/\/kapitalis.com\/tunisie\/wp-json\/wp\/v2\/tags?post=228439"}],"curies":[{"name":"wp","href":"https:\/\/api.w.org\/{rel}","templated":true}]}}