{"id":228730,"date":"2019-07-29T09:56:49","date_gmt":"2019-07-29T08:56:49","guid":{"rendered":"http:\/\/kapitalis.com\/tunisie\/?p=228730"},"modified":"2019-07-29T10:04:28","modified_gmt":"2019-07-29T09:04:28","slug":"forum-semed-de-la-berd-le-17-septembre-2019-a-tunis-investir-pour-la-croissance-et-lemploi","status":"publish","type":"post","link":"https:\/\/kapitalis.com\/tunisie\/2019\/07\/29\/forum-semed-de-la-berd-le-17-septembre-2019-a-tunis-investir-pour-la-croissance-et-lemploi\/","title":{"rendered":"Forum Semed de la Berd le 17 septembre 2019 \u00e0 Tunis : \u00abInvestir pour la croissance et l&#8217;emploi\u00bb"},"content":{"rendered":"\n<figure class=\"wp-block-image\"><img decoding=\"async\" src=\"http:\/\/kapitalis.com\/tunisie\/wp-content\/uploads\/2019\/07\/BERD-semed-2019-4.jpg\" alt=\"\" class=\"wp-image-228749\"\/><\/figure>\n\n\n\n<p><strong><em>Le 3e forum r\u00e9gional des affaires de la Banque europ\u00e9enne pour la reconstruction et le d\u00e9veloppement (Berd) pour la r\u00e9gion du sud et de l&rsquo;est de la M\u00e9diterran\u00e9e (Semed ) se tiendra le 17 septembre 2019 \u00e0 Tunis, sur le th\u00e8me <\/em><\/strong><strong><em>\u00abInvestir pour la croissance et l\u2019emploi\u00bb<\/em><\/strong><strong><em>.<\/em><\/strong><\/p>\n\n\n\n<!--more-->\n\n\n\n<p>Le forum est organis\u00e9 par la Berd, en coop\u00e9ration avec les autorit\u00e9s tunisiennes, qui y seront repr\u00e9sent\u00e9es par le chef du gouvernement, Youssef Chahed, et le ministre du D\u00e9veloppement, de l&rsquo;Investissement et de la Coop\u00e9ration internationale, Zied Ladhari.<\/p>\n\n\n\n<p>Cet \u00e9v\u00e9nement d&rsquo;une journ\u00e9e rassemblera des repr\u00e9sentants des gouvernements, des d\u00e9cideurs, des entrepreneurs et des investisseurs. <\/p>\n\n\n\n<p>C&rsquo;est \u00e9galement une opportunit\u00e9 pour explorer les d\u00e9fis d&rsquo;investissement, et les opportunit\u00e9s commerciales, en Egypte, en Jordanie, au Liban, au Maroc, en Tunisie, en Cisjordanie, et \u00e0 Gaza.<\/p>\n\n\n\n<p>La Berd est une institution supranationale, d\u00e9tenue par 67 pays ainsi que par l\u2019Union europ\u00e9enne et la Banque europ\u00e9enne d\u2019investissement. Sa mission est de promouvoir la transition vers l\u2019\u00e9conomie de march\u00e9 de plus de 30 pays, de l\u2019Europe centrale et orientale \u00e0 l\u2019Asie centrale, et la partie m\u00e9ridionale et orientale du bassin m\u00e9diterran\u00e9en. <\/p>\n\n\n<p style=\"text-align: right;\"><strong>Amina Mkada<\/strong> <em>(avec <span style=\"color: #0000ff;\"><a style=\"color: #0000ff;\" href=\"https:\/\/www.ebrd.com\" target=\"_blank\" rel=\"noopener noreferrer\">Berd<\/a><\/span>).<\/em><\/p>","protected":false},"excerpt":{"rendered":"<p>Le 3e forum r\u00e9gional des affaires de la Banque europ\u00e9enne pour la reconstruction et le d\u00e9veloppement (Berd) pour la r\u00e9gion du sud et de l&rsquo;est de la M\u00e9diterran\u00e9e (Semed ) se tiendra le 17 septembre 2019 \u00e0 Tunis, sur le th\u00e8me \u00abInvestir pour la croissance et l\u2019emploi\u00bb.<\/p>\n","protected":false},"author":22,"featured_media":228749,"comment_status":"open","ping_status":"open","sticky":false,"template":"","format":"standard","meta":{"footnotes":""},"categories":[995,2433],"tags":[1952],"class_list":["post-228730","post","type-post","status-publish","format-standard","has-post-thumbnail","hentry","category-economie","category-tunisie","tag-berd"],"yoast_head":"<!-- This site is optimized with the Yoast SEO plugin v26.6 - https:\/\/yoast.com\/wordpress\/plugins\/seo\/ -->\n<title>Forum Semed de la Berd le 17 septembre 2019 \u00e0 Tunis : \u00abInvestir pour la croissance et l&#039;emploi\u00bb - Kapitalis<\/title>\n<meta name=\"robots\" content=\"index, follow, max-snippet:-1, max-image-preview:large, max-video-preview:-1\" \/>\n<link rel=\"canonical\" href=\"https:\/\/kapitalis.com\/tunisie\/2019\/07\/29\/forum-semed-de-la-berd-le-17-septembre-2019-a-tunis-investir-pour-la-croissance-et-lemploi\/\" \/>\n<meta property=\"og:locale\" content=\"fr_FR\" \/>\n<meta property=\"og:type\" content=\"article\" \/>\n<meta property=\"og:title\" content=\"Forum Semed de la Berd le 17 septembre 2019 \u00e0 Tunis : \u00abInvestir pour la croissance et l&#039;emploi\u00bb - Kapitalis\" \/>\n<meta property=\"og:description\" content=\"Le 3e forum r\u00e9gional des affaires de la Banque europ\u00e9enne pour la reconstruction et le d\u00e9veloppement (Berd) pour la r\u00e9gion du sud et de l&rsquo;est de la M\u00e9diterran\u00e9e (Semed ) se tiendra le 17 septembre 2019 \u00e0 Tunis, sur le th\u00e8me \u00abInvestir pour la croissance et l\u2019emploi\u00bb.\" \/>\n<meta property=\"og:url\" content=\"https:\/\/kapitalis.com\/tunisie\/2019\/07\/29\/forum-semed-de-la-berd-le-17-septembre-2019-a-tunis-investir-pour-la-croissance-et-lemploi\/\" \/>\n<meta property=\"og:site_name\" content=\"Kapitalis\" \/>\n<meta property=\"article:publisher\" content=\"https:\/\/www.facebook.com\/KapitalisInfo\/\" \/>\n<meta property=\"article:published_time\" content=\"2019-07-29T08:56:49+00:00\" \/>\n<meta property=\"article:modified_time\" content=\"2019-07-29T09:04:28+00:00\" \/>\n<meta property=\"og:image\" content=\"https:\/\/kapitalis.com\/tunisie\/wp-content\/uploads\/2022\/05\/kapitalis-logo-fb.png\" \/>\n\t<meta property=\"og:image:width\" content=\"1200\" \/>\n\t<meta property=\"og:image:height\" content=\"630\" \/>\n\t<meta property=\"og:image:type\" content=\"image\/png\" \/>\n<meta name=\"author\" content=\"Amina Mkada\" \/>\n<meta name=\"twitter:card\" content=\"summary_large_image\" \/>\n<meta name=\"twitter:creator\" content=\"@KapitalisInfo\" \/>\n<meta name=\"twitter:site\" content=\"@KapitalisInfo\" \/>\n<meta name=\"twitter:label1\" content=\"\u00c9crit par\" \/>\n\t<meta name=\"twitter:data1\" content=\"Amina Mkada\" \/>\n\t<meta name=\"twitter:label2\" content=\"Dur\u00e9e de lecture estim\u00e9e\" \/>\n\t<meta name=\"twitter:data2\" content=\"1 minute\" \/>\n<script type=\"application\/ld+json\" class=\"yoast-schema-graph\">{\"@context\":\"https:\/\/schema.org\",\"@graph\":[{\"@type\":\"Article\",\"@id\":\"https:\/\/kapitalis.com\/tunisie\/2019\/07\/29\/forum-semed-de-la-berd-le-17-septembre-2019-a-tunis-investir-pour-la-croissance-et-lemploi\/#article\",\"isPartOf\":{\"@id\":\"https:\/\/kapitalis.com\/tunisie\/2019\/07\/29\/forum-semed-de-la-berd-le-17-septembre-2019-a-tunis-investir-pour-la-croissance-et-lemploi\/\"},\"author\":{\"name\":\"Amina Mkada\",\"@id\":\"https:\/\/kapitalis.com\/tunisie\/#\/schema\/person\/093913313d3017554cb3ad077fff3fbd\"},\"headline\":\"Forum Semed de la Berd le 17 septembre 2019 \u00e0 Tunis : \u00abInvestir pour la croissance et l&#8217;emploi\u00bb\",\"datePublished\":\"2019-07-29T08:56:49+00:00\",\"dateModified\":\"2019-07-29T09:04:28+00:00\",\"mainEntityOfPage\":{\"@id\":\"https:\/\/kapitalis.com\/tunisie\/2019\/07\/29\/forum-semed-de-la-berd-le-17-septembre-2019-a-tunis-investir-pour-la-croissance-et-lemploi\/\"},\"wordCount\":223,\"commentCount\":0,\"publisher\":{\"@id\":\"https:\/\/kapitalis.com\/tunisie\/#organization\"},\"image\":{\"@id\":\"https:\/\/kapitalis.com\/tunisie\/2019\/07\/29\/forum-semed-de-la-berd-le-17-septembre-2019-a-tunis-investir-pour-la-croissance-et-lemploi\/#primaryimage\"},\"thumbnailUrl\":\"\",\"keywords\":[\"Berd\"],\"articleSection\":[\"ECONOMIE\",\"Tunisie\"],\"inLanguage\":\"fr-FR\",\"potentialAction\":[{\"@type\":\"CommentAction\",\"name\":\"Comment\",\"target\":[\"https:\/\/kapitalis.com\/tunisie\/2019\/07\/29\/forum-semed-de-la-berd-le-17-septembre-2019-a-tunis-investir-pour-la-croissance-et-lemploi\/#respond\"]}]},{\"@type\":\"WebPage\",\"@id\":\"https:\/\/kapitalis.com\/tunisie\/2019\/07\/29\/forum-semed-de-la-berd-le-17-septembre-2019-a-tunis-investir-pour-la-croissance-et-lemploi\/\",\"url\":\"https:\/\/kapitalis.com\/tunisie\/2019\/07\/29\/forum-semed-de-la-berd-le-17-septembre-2019-a-tunis-investir-pour-la-croissance-et-lemploi\/\",\"name\":\"Forum Semed de la Berd le 17 septembre 2019 \u00e0 Tunis : \u00abInvestir pour la croissance et l'emploi\u00bb - Kapitalis\",\"isPartOf\":{\"@id\":\"https:\/\/kapitalis.com\/tunisie\/#website\"},\"primaryImageOfPage\":{\"@id\":\"https:\/\/kapitalis.com\/tunisie\/2019\/07\/29\/forum-semed-de-la-berd-le-17-septembre-2019-a-tunis-investir-pour-la-croissance-et-lemploi\/#primaryimage\"},\"image\":{\"@id\":\"https:\/\/kapitalis.com\/tunisie\/2019\/07\/29\/forum-semed-de-la-berd-le-17-septembre-2019-a-tunis-investir-pour-la-croissance-et-lemploi\/#primaryimage\"},\"thumbnailUrl\":\"\",\"datePublished\":\"2019-07-29T08:56:49+00:00\",\"dateModified\":\"2019-07-29T09:04:28+00:00\",\"breadcrumb\":{\"@id\":\"https:\/\/kapitalis.com\/tunisie\/2019\/07\/29\/forum-semed-de-la-berd-le-17-septembre-2019-a-tunis-investir-pour-la-croissance-et-lemploi\/#breadcrumb\"},\"inLanguage\":\"fr-FR\",\"potentialAction\":[{\"@type\":\"ReadAction\",\"target\":[\"https:\/\/kapitalis.com\/tunisie\/2019\/07\/29\/forum-semed-de-la-berd-le-17-septembre-2019-a-tunis-investir-pour-la-croissance-et-lemploi\/\"]}]},{\"@type\":\"ImageObject\",\"inLanguage\":\"fr-FR\",\"@id\":\"https:\/\/kapitalis.com\/tunisie\/2019\/07\/29\/forum-semed-de-la-berd-le-17-septembre-2019-a-tunis-investir-pour-la-croissance-et-lemploi\/#primaryimage\",\"url\":\"\",\"contentUrl\":\"\"},{\"@type\":\"BreadcrumbList\",\"@id\":\"https:\/\/kapitalis.com\/tunisie\/2019\/07\/29\/forum-semed-de-la-berd-le-17-septembre-2019-a-tunis-investir-pour-la-croissance-et-lemploi\/#breadcrumb\",\"itemListElement\":[{\"@type\":\"ListItem\",\"position\":1,\"name\":\"Accueil\",\"item\":\"https:\/\/kapitalis.com\/tunisie\/\"},{\"@type\":\"ListItem\",\"position\":2,\"name\":\"Forum Semed de la Berd le 17 septembre 2019 \u00e0 Tunis : \u00abInvestir pour la croissance et l&#8217;emploi\u00bb\"}]},{\"@type\":\"WebSite\",\"@id\":\"https:\/\/kapitalis.com\/tunisie\/#website\",\"url\":\"https:\/\/kapitalis.com\/tunisie\/\",\"name\":\"Kapitalis\",\"description\":\"L&#039;actualit\u00e9 en Tunisie et dans le monde\",\"publisher\":{\"@id\":\"https:\/\/kapitalis.com\/tunisie\/#organization\"},\"potentialAction\":[{\"@type\":\"SearchAction\",\"target\":{\"@type\":\"EntryPoint\",\"urlTemplate\":\"https:\/\/kapitalis.com\/tunisie\/?s={search_term_string}\"},\"query-input\":{\"@type\":\"PropertyValueSpecification\",\"valueRequired\":true,\"valueName\":\"search_term_string\"}}],\"inLanguage\":\"fr-FR\"},{\"@type\":\"Organization\",\"@id\":\"https:\/\/kapitalis.com\/tunisie\/#organization\",\"name\":\"Kapitalis\",\"url\":\"https:\/\/kapitalis.com\/tunisie\/\",\"logo\":{\"@type\":\"ImageObject\",\"inLanguage\":\"fr-FR\",\"@id\":\"https:\/\/kapitalis.com\/tunisie\/#\/schema\/logo\/image\/\",\"url\":\"https:\/\/kapitalis.com\/tunisie\/wp-content\/uploads\/2022\/05\/Kapitalis-big-size.png\",\"contentUrl\":\"https:\/\/kapitalis.com\/tunisie\/wp-content\/uploads\/2022\/05\/Kapitalis-big-size.png\",\"width\":5000,\"height\":1500,\"caption\":\"Kapitalis\"},\"image\":{\"@id\":\"https:\/\/kapitalis.com\/tunisie\/#\/schema\/logo\/image\/\"},\"sameAs\":[\"https:\/\/www.facebook.com\/KapitalisInfo\/\",\"https:\/\/x.com\/KapitalisInfo\",\"https:\/\/www.youtube.com\/channel\/UC-yDYrHyfFBWWZaOw3FPg9Q\"]},{\"@type\":\"Person\",\"@id\":\"https:\/\/kapitalis.com\/tunisie\/#\/schema\/person\/093913313d3017554cb3ad077fff3fbd\",\"name\":\"Amina Mkada\",\"url\":\"https:\/\/kapitalis.com\/tunisie\/author\/amina\/\"}]}<\/script>\n<!-- \/ Yoast SEO plugin. -->","yoast_head_json":{"title":"Forum Semed de la Berd le 17 septembre 2019 \u00e0 Tunis : \u00abInvestir pour la croissance et l'emploi\u00bb - Kapitalis","robots":{"index":"index","follow":"follow","max-snippet":"max-snippet:-1","max-image-preview":"max-image-preview:large","max-video-preview":"max-video-preview:-1"},"canonical":"https:\/\/kapitalis.com\/tunisie\/2019\/07\/29\/forum-semed-de-la-berd-le-17-septembre-2019-a-tunis-investir-pour-la-croissance-et-lemploi\/","og_locale":"fr_FR","og_type":"article","og_title":"Forum Semed de la Berd le 17 septembre 2019 \u00e0 Tunis : \u00abInvestir pour la croissance et l'emploi\u00bb - Kapitalis","og_description":"Le 3e forum r\u00e9gional des affaires de la Banque europ\u00e9enne pour la reconstruction et le d\u00e9veloppement (Berd) pour la r\u00e9gion du sud et de l&rsquo;est de la M\u00e9diterran\u00e9e (Semed ) se tiendra le 17 septembre 2019 \u00e0 Tunis, sur le th\u00e8me \u00abInvestir pour la croissance et l\u2019emploi\u00bb.","og_url":"https:\/\/kapitalis.com\/tunisie\/2019\/07\/29\/forum-semed-de-la-berd-le-17-septembre-2019-a-tunis-investir-pour-la-croissance-et-lemploi\/","og_site_name":"Kapitalis","article_publisher":"https:\/\/www.facebook.com\/KapitalisInfo\/","article_published_time":"2019-07-29T08:56:49+00:00","article_modified_time":"2019-07-29T09:04:28+00:00","og_image":[{"width":1200,"height":630,"url":"https:\/\/kapitalis.com\/tunisie\/wp-content\/uploads\/2022\/05\/kapitalis-logo-fb.png","type":"image\/png"}],"author":"Amina Mkada","twitter_card":"summary_large_image","twitter_creator":"@KapitalisInfo","twitter_site":"@KapitalisInfo","twitter_misc":{"\u00c9crit par":"Amina Mkada","Dur\u00e9e de lecture estim\u00e9e":"1 minute"},"schema":{"@context":"https:\/\/schema.org","@graph":[{"@type":"Article","@id":"https:\/\/kapitalis.com\/tunisie\/2019\/07\/29\/forum-semed-de-la-berd-le-17-septembre-2019-a-tunis-investir-pour-la-croissance-et-lemploi\/#article","isPartOf":{"@id":"https:\/\/kapitalis.com\/tunisie\/2019\/07\/29\/forum-semed-de-la-berd-le-17-septembre-2019-a-tunis-investir-pour-la-croissance-et-lemploi\/"},"author":{"name":"Amina Mkada","@id":"https:\/\/kapitalis.com\/tunisie\/#\/schema\/person\/093913313d3017554cb3ad077fff3fbd"},"headline":"Forum Semed de la Berd le 17 septembre 2019 \u00e0 Tunis : \u00abInvestir pour la croissance et l&#8217;emploi\u00bb","datePublished":"2019-07-29T08:56:49+00:00","dateModified":"2019-07-29T09:04:28+00:00","mainEntityOfPage":{"@id":"https:\/\/kapitalis.com\/tunisie\/2019\/07\/29\/forum-semed-de-la-berd-le-17-septembre-2019-a-tunis-investir-pour-la-croissance-et-lemploi\/"},"wordCount":223,"commentCount":0,"publisher":{"@id":"https:\/\/kapitalis.com\/tunisie\/#organization"},"image":{"@id":"https:\/\/kapitalis.com\/tunisie\/2019\/07\/29\/forum-semed-de-la-berd-le-17-septembre-2019-a-tunis-investir-pour-la-croissance-et-lemploi\/#primaryimage"},"thumbnailUrl":"","keywords":["Berd"],"articleSection":["ECONOMIE","Tunisie"],"inLanguage":"fr-FR","potentialAction":[{"@type":"CommentAction","name":"Comment","target":["https:\/\/kapitalis.com\/tunisie\/2019\/07\/29\/forum-semed-de-la-berd-le-17-septembre-2019-a-tunis-investir-pour-la-croissance-et-lemploi\/#respond"]}]},{"@type":"WebPage","@id":"https:\/\/kapitalis.com\/tunisie\/2019\/07\/29\/forum-semed-de-la-berd-le-17-septembre-2019-a-tunis-investir-pour-la-croissance-et-lemploi\/","url":"https:\/\/kapitalis.com\/tunisie\/2019\/07\/29\/forum-semed-de-la-berd-le-17-septembre-2019-a-tunis-investir-pour-la-croissance-et-lemploi\/","name":"Forum Semed de la Berd le 17 septembre 2019 \u00e0 Tunis : \u00abInvestir pour la croissance et l'emploi\u00bb - Kapitalis","isPartOf":{"@id":"https:\/\/kapitalis.com\/tunisie\/#website"},"primaryImageOfPage":{"@id":"https:\/\/kapitalis.com\/tunisie\/2019\/07\/29\/forum-semed-de-la-berd-le-17-septembre-2019-a-tunis-investir-pour-la-croissance-et-lemploi\/#primaryimage"},"image":{"@id":"https:\/\/kapitalis.com\/tunisie\/2019\/07\/29\/forum-semed-de-la-berd-le-17-septembre-2019-a-tunis-investir-pour-la-croissance-et-lemploi\/#primaryimage"},"thumbnailUrl":"","datePublished":"2019-07-29T08:56:49+00:00","dateModified":"2019-07-29T09:04:28+00:00","breadcrumb":{"@id":"https:\/\/kapitalis.com\/tunisie\/2019\/07\/29\/forum-semed-de-la-berd-le-17-septembre-2019-a-tunis-investir-pour-la-croissance-et-lemploi\/#breadcrumb"},"inLanguage":"fr-FR","potentialAction":[{"@type":"ReadAction","target":["https:\/\/kapitalis.com\/tunisie\/2019\/07\/29\/forum-semed-de-la-berd-le-17-septembre-2019-a-tunis-investir-pour-la-croissance-et-lemploi\/"]}]},{"@type":"ImageObject","inLanguage":"fr-FR","@id":"https:\/\/kapitalis.com\/tunisie\/2019\/07\/29\/forum-semed-de-la-berd-le-17-septembre-2019-a-tunis-investir-pour-la-croissance-et-lemploi\/#primaryimage","url":"","contentUrl":""},{"@type":"BreadcrumbList","@id":"https:\/\/kapitalis.com\/tunisie\/2019\/07\/29\/forum-semed-de-la-berd-le-17-septembre-2019-a-tunis-investir-pour-la-croissance-et-lemploi\/#breadcrumb","itemListElement":[{"@type":"ListItem","position":1,"name":"Accueil","item":"https:\/\/kapitalis.com\/tunisie\/"},{"@type":"ListItem","position":2,"name":"Forum Semed de la Berd le 17 septembre 2019 \u00e0 Tunis : \u00abInvestir pour la croissance et l&#8217;emploi\u00bb"}]},{"@type":"WebSite","@id":"https:\/\/kapitalis.com\/tunisie\/#website","url":"https:\/\/kapitalis.com\/tunisie\/","name":"Kapitalis","description":"L&#039;actualit\u00e9 en Tunisie et dans le monde","publisher":{"@id":"https:\/\/kapitalis.com\/tunisie\/#organization"},"potentialAction":[{"@type":"SearchAction","target":{"@type":"EntryPoint","urlTemplate":"https:\/\/kapitalis.com\/tunisie\/?s={search_term_string}"},"query-input":{"@type":"PropertyValueSpecification","valueRequired":true,"valueName":"search_term_string"}}],"inLanguage":"fr-FR"},{"@type":"Organization","@id":"https:\/\/kapitalis.com\/tunisie\/#organization","name":"Kapitalis","url":"https:\/\/kapitalis.com\/tunisie\/","logo":{"@type":"ImageObject","inLanguage":"fr-FR","@id":"https:\/\/kapitalis.com\/tunisie\/#\/schema\/logo\/image\/","url":"https:\/\/kapitalis.com\/tunisie\/wp-content\/uploads\/2022\/05\/Kapitalis-big-size.png","contentUrl":"https:\/\/kapitalis.com\/tunisie\/wp-content\/uploads\/2022\/05\/Kapitalis-big-size.png","width":5000,"height":1500,"caption":"Kapitalis"},"image":{"@id":"https:\/\/kapitalis.com\/tunisie\/#\/schema\/logo\/image\/"},"sameAs":["https:\/\/www.facebook.com\/KapitalisInfo\/","https:\/\/x.com\/KapitalisInfo","https:\/\/www.youtube.com\/channel\/UC-yDYrHyfFBWWZaOw3FPg9Q"]},{"@type":"Person","@id":"https:\/\/kapitalis.com\/tunisie\/#\/schema\/person\/093913313d3017554cb3ad077fff3fbd","name":"Amina Mkada","url":"https:\/\/kapitalis.com\/tunisie\/author\/amina\/"}]}},"_links":{"self":[{"href":"https:\/\/kapitalis.com\/tunisie\/wp-json\/wp\/v2\/posts\/228730","targetHints":{"allow":["GET"]}}],"collection":[{"href":"https:\/\/kapitalis.com\/tunisie\/wp-json\/wp\/v2\/posts"}],"about":[{"href":"https:\/\/kapitalis.com\/tunisie\/wp-json\/wp\/v2\/types\/post"}],"author":[{"embeddable":true,"href":"https:\/\/kapitalis.com\/tunisie\/wp-json\/wp\/v2\/users\/22"}],"replies":[{"embeddable":true,"href":"https:\/\/kapitalis.com\/tunisie\/wp-json\/wp\/v2\/comments?post=228730"}],"version-history":[{"count":0,"href":"https:\/\/kapitalis.com\/tunisie\/wp-json\/wp\/v2\/posts\/228730\/revisions"}],"wp:featuredmedia":[{"embeddable":true,"href":"https:\/\/kapitalis.com\/tunisie\/wp-json\/wp\/v2\/media\/228749"}],"wp:attachment":[{"href":"https:\/\/kapitalis.com\/tunisie\/wp-json\/wp\/v2\/media?parent=228730"}],"wp:term":[{"taxonomy":"category","embeddable":true,"href":"https:\/\/kapitalis.com\/tunisie\/wp-json\/wp\/v2\/categories?post=228730"},{"taxonomy":"post_tag","embeddable":true,"href":"https:\/\/kapitalis.com\/tunisie\/wp-json\/wp\/v2\/tags?post=228730"}],"curies":[{"name":"wp","href":"https:\/\/api.w.org\/{rel}","templated":true}]}}