{"id":229349,"date":"2019-08-27T07:45:26","date_gmt":"2019-08-27T06:45:26","guid":{"rendered":"http:\/\/kapitalis.com\/tunisie\/?p=229349"},"modified":"2019-08-27T07:45:29","modified_gmt":"2019-08-27T06:45:29","slug":"conference-saferafrica-sur-la-securite-routiere-en-afrique-le-18-septembre-2019-a-gammarth","status":"publish","type":"post","link":"https:\/\/kapitalis.com\/tunisie\/2019\/08\/27\/conference-saferafrica-sur-la-securite-routiere-en-afrique-le-18-septembre-2019-a-gammarth\/","title":{"rendered":"Conf\u00e9rence SaferAfrica sur la s\u00e9curit\u00e9 routi\u00e8re en Afrique, le 18 septembre 2019 \u00e0 Gammarth"},"content":{"rendered":"\n<figure class=\"wp-block-image\"><img decoding=\"async\" src=\"http:\/\/kapitalis.com\/tunisie\/wp-content\/uploads\/2019\/07\/SaferAfrica.jpg\" alt=\"\" class=\"wp-image-229368\"\/><\/figure>\n\n\n\n<p><strong><em>La conf\u00e9rence SaferAfrica <\/em><\/strong><em><strong>qui<\/strong><\/em> <strong><em>aura lieu le 18 septembre 2019, \u00e0 l&rsquo;h\u00f4tel Ramada Plaza, \u00e0 Gammarth<\/em><\/strong>, <strong><em>en Tunisie,<\/em><\/strong> <strong><em>d\u00e9battra de la meilleure gestion de la s\u00e9curit\u00e9 routi\u00e8re sur l&rsquo;ensemble du continent africain et  des perspectives d&rsquo;avenir.<\/em><\/strong> <strong><em>  <\/em><\/strong><\/p>\n\n\n\n<!--more-->\n\n\n\n<p>SaferAfrica (<em>Une Afrique plus s\u00fbre<\/em>) est une plateforme euro-africaine de dialogue sur la s\u00e9curit\u00e9 routi\u00e8re. <\/p>\n\n\n\n<p>La conf\u00e9rence de Tunis r\u00e9unira des institutions internationales de premier plan, des repr\u00e9sentants d\u2019organismes r\u00e9gionaux et nationaux africains, des d\u00e9cideurs, des chercheurs et des organisations de la soci\u00e9t\u00e9 civile.<\/p>\n\n\n\n<p>Coordonn\u00e9e par le Centre de recherche sur le transport et la logistique de Sapienza, de l&rsquo;Universit\u00e9 de Rome (CTL), SaferAfrica s&rsquo;appuie sur un consortium compos\u00e9 de 17 partenaires europ\u00e9ens et africains, travaillant en \u00e9troite collaboration avec plus de 200 parties prenantes africaines, originaires de 41 pays du continent dont la Tunisie, \u00e9troitement li\u00e9es au comit\u00e9 de gestion de la conf\u00e9rence.<\/p>\n\n\n<p>Parmi les r\u00e9sultats les plus innovants du projet SaferAfrica figurent l&rsquo;<span style=\"color: #0000ff;\"><a style=\"color: #0000ff;\" href=\"http:\/\/www.africanroadsafetyobservatory.org\" target=\"_blank\" rel=\"noopener noreferrer\">Observatoire africain de la s\u00e9curit\u00e9 routi\u00e8re<\/a><\/span> et la plate-forme de dialogue afro-europ\u00e9en sur la s\u00e9curit\u00e9 routi\u00e8re, qui relie les d\u00e9cideurs, les donateurs et les professionnels de la s\u00e9curit\u00e9 routi\u00e8re \u00e0 la planification et \u00e0 la conception d&rsquo;actions dans ce secteur.<\/p>\n<p style=\"text-align: right;\">Au c\u0153ur du dialogue, un conseil de direction compos\u00e9 de membres de haut niveau, comprenant 10 institutions internationales actives dans le domaine de la s\u00e9curit\u00e9 routi\u00e8re.<\/p>\n\n\n<p style=\"text-align:left\">Les revues et le renforcement de capacit\u00e9s, les programmes de formation, les fiches th\u00e9matiques, les \u00e9tudes socioculturelles, la collecte de bonnes pratiques, et l&rsquo;analyse, figurent parmi les principaux r\u00e9sultats, que SaferAfrica tient \u00e0 pr\u00e9senter et \u00e0 d\u00e9battre \u00e0 Tunis le 18 septembre. <\/p>\n\n\n<p style=\"text-align: right;\"><strong>Amina Mkada<\/strong><em> (avec <span style=\"color: #0000ff;\"><a style=\"color: #0000ff;\" href=\"http:\/\/www.saferafrica.eu\" target=\"_blank\" rel=\"noopener noreferrer\">SaferAfrica).<\/a><\/span><\/em><\/p>\n\n\n<figure class=\"wp-block-embed is-type-rich is-provider-kapitalis\"><div class=\"wp-block-embed__wrapper\">\n<blockquote class=\"wp-embedded-content\" data-secret=\"sNNmJyYtFR\"><a href=\"https:\/\/kapitalis.com\/tunisie\/2019\/07\/08\/forum-sur-la-jeunesse-et-la-securite-routiere-a-monastir-en-2020\/\">Forum sur \u00abLa jeunesse et la s\u00e9curit\u00e9 routi\u00e8re\u00bb \u00e0 Monastir, en 2020<\/a><\/blockquote><iframe loading=\"lazy\" class=\"wp-embedded-content\" sandbox=\"allow-scripts\" security=\"restricted\" style=\"position: absolute; clip: rect(1px, 1px, 1px, 1px);\" title=\"\u00ab\u00a0Forum sur \u00abLa jeunesse et la s\u00e9curit\u00e9 routi\u00e8re\u00bb \u00e0 Monastir, en 2020\u00a0\u00bb &#8212; Kapitalis\" src=\"https:\/\/kapitalis.com\/tunisie\/2019\/07\/08\/forum-sur-la-jeunesse-et-la-securite-routiere-a-monastir-en-2020\/embed\/#?secret=42rByhQThC#?secret=sNNmJyYtFR\" data-secret=\"sNNmJyYtFR\" width=\"600\" height=\"338\" frameborder=\"0\" marginwidth=\"0\" marginheight=\"0\" scrolling=\"no\"><\/iframe>\n<\/div><\/figure>\n","protected":false},"excerpt":{"rendered":"<p>La conf\u00e9rence SaferAfrica qui aura lieu le 18 septembre 2019, \u00e0 l&rsquo;h\u00f4tel Ramada Plaza, \u00e0 Gammarth, en Tunisie, d\u00e9battra de la meilleure gestion de la s\u00e9curit\u00e9 routi\u00e8re sur l&rsquo;ensemble du continent africain et des perspectives d&rsquo;avenir.<\/p>\n","protected":false},"author":22,"featured_media":229368,"comment_status":"open","ping_status":"open","sticky":false,"template":"","format":"standard","meta":{"footnotes":""},"categories":[998,2433],"tags":[3849],"class_list":["post-229349","post","type-post","status-publish","format-standard","has-post-thumbnail","hentry","category-societe","category-tunisie","tag-conference"],"yoast_head":"<!-- This site is optimized with the Yoast SEO plugin v26.6 - https:\/\/yoast.com\/wordpress\/plugins\/seo\/ -->\n<title>Conf\u00e9rence SaferAfrica sur la s\u00e9curit\u00e9 routi\u00e8re en Afrique, le 18 septembre 2019 \u00e0 Gammarth - Kapitalis<\/title>\n<meta name=\"robots\" content=\"index, follow, max-snippet:-1, max-image-preview:large, max-video-preview:-1\" \/>\n<link rel=\"canonical\" href=\"https:\/\/kapitalis.com\/tunisie\/2019\/08\/27\/conference-saferafrica-sur-la-securite-routiere-en-afrique-le-18-septembre-2019-a-gammarth\/\" \/>\n<meta property=\"og:locale\" content=\"fr_FR\" \/>\n<meta property=\"og:type\" content=\"article\" \/>\n<meta property=\"og:title\" content=\"Conf\u00e9rence SaferAfrica sur la s\u00e9curit\u00e9 routi\u00e8re en Afrique, le 18 septembre 2019 \u00e0 Gammarth - Kapitalis\" \/>\n<meta property=\"og:description\" content=\"La conf\u00e9rence SaferAfrica qui aura lieu le 18 septembre 2019, \u00e0 l&rsquo;h\u00f4tel Ramada Plaza, \u00e0 Gammarth, en Tunisie, d\u00e9battra de la meilleure gestion de la s\u00e9curit\u00e9 routi\u00e8re sur l&rsquo;ensemble du continent africain et des perspectives d&rsquo;avenir.\" \/>\n<meta property=\"og:url\" content=\"https:\/\/kapitalis.com\/tunisie\/2019\/08\/27\/conference-saferafrica-sur-la-securite-routiere-en-afrique-le-18-septembre-2019-a-gammarth\/\" \/>\n<meta property=\"og:site_name\" content=\"Kapitalis\" \/>\n<meta property=\"article:publisher\" content=\"https:\/\/www.facebook.com\/KapitalisInfo\/\" \/>\n<meta property=\"article:published_time\" content=\"2019-08-27T06:45:26+00:00\" \/>\n<meta property=\"article:modified_time\" content=\"2019-08-27T06:45:29+00:00\" \/>\n<meta property=\"og:image\" content=\"https:\/\/kapitalis.com\/tunisie\/wp-content\/uploads\/2022\/05\/kapitalis-logo-fb.png\" \/>\n\t<meta property=\"og:image:width\" content=\"1200\" \/>\n\t<meta property=\"og:image:height\" content=\"630\" \/>\n\t<meta property=\"og:image:type\" content=\"image\/png\" \/>\n<meta name=\"author\" content=\"Amina Mkada\" \/>\n<meta name=\"twitter:card\" content=\"summary_large_image\" \/>\n<meta name=\"twitter:creator\" content=\"@KapitalisInfo\" \/>\n<meta name=\"twitter:site\" content=\"@KapitalisInfo\" \/>\n<meta name=\"twitter:label1\" content=\"\u00c9crit par\" \/>\n\t<meta name=\"twitter:data1\" content=\"Amina Mkada\" \/>\n\t<meta name=\"twitter:label2\" content=\"Dur\u00e9e de lecture estim\u00e9e\" \/>\n\t<meta name=\"twitter:data2\" content=\"1 minute\" \/>\n<script type=\"application\/ld+json\" class=\"yoast-schema-graph\">{\"@context\":\"https:\/\/schema.org\",\"@graph\":[{\"@type\":\"Article\",\"@id\":\"https:\/\/kapitalis.com\/tunisie\/2019\/08\/27\/conference-saferafrica-sur-la-securite-routiere-en-afrique-le-18-septembre-2019-a-gammarth\/#article\",\"isPartOf\":{\"@id\":\"https:\/\/kapitalis.com\/tunisie\/2019\/08\/27\/conference-saferafrica-sur-la-securite-routiere-en-afrique-le-18-septembre-2019-a-gammarth\/\"},\"author\":{\"name\":\"Amina Mkada\",\"@id\":\"https:\/\/kapitalis.com\/tunisie\/#\/schema\/person\/093913313d3017554cb3ad077fff3fbd\"},\"headline\":\"Conf\u00e9rence SaferAfrica sur la s\u00e9curit\u00e9 routi\u00e8re en Afrique, le 18 septembre 2019 \u00e0 Gammarth\",\"datePublished\":\"2019-08-27T06:45:26+00:00\",\"dateModified\":\"2019-08-27T06:45:29+00:00\",\"mainEntityOfPage\":{\"@id\":\"https:\/\/kapitalis.com\/tunisie\/2019\/08\/27\/conference-saferafrica-sur-la-securite-routiere-en-afrique-le-18-septembre-2019-a-gammarth\/\"},\"wordCount\":304,\"commentCount\":2,\"publisher\":{\"@id\":\"https:\/\/kapitalis.com\/tunisie\/#organization\"},\"image\":{\"@id\":\"https:\/\/kapitalis.com\/tunisie\/2019\/08\/27\/conference-saferafrica-sur-la-securite-routiere-en-afrique-le-18-septembre-2019-a-gammarth\/#primaryimage\"},\"thumbnailUrl\":\"\",\"keywords\":[\"conf\u00e9rence\"],\"articleSection\":[\"SOCIETE\",\"Tunisie\"],\"inLanguage\":\"fr-FR\",\"potentialAction\":[{\"@type\":\"CommentAction\",\"name\":\"Comment\",\"target\":[\"https:\/\/kapitalis.com\/tunisie\/2019\/08\/27\/conference-saferafrica-sur-la-securite-routiere-en-afrique-le-18-septembre-2019-a-gammarth\/#respond\"]}]},{\"@type\":\"WebPage\",\"@id\":\"https:\/\/kapitalis.com\/tunisie\/2019\/08\/27\/conference-saferafrica-sur-la-securite-routiere-en-afrique-le-18-septembre-2019-a-gammarth\/\",\"url\":\"https:\/\/kapitalis.com\/tunisie\/2019\/08\/27\/conference-saferafrica-sur-la-securite-routiere-en-afrique-le-18-septembre-2019-a-gammarth\/\",\"name\":\"Conf\u00e9rence SaferAfrica sur la s\u00e9curit\u00e9 routi\u00e8re en Afrique, le 18 septembre 2019 \u00e0 Gammarth - Kapitalis\",\"isPartOf\":{\"@id\":\"https:\/\/kapitalis.com\/tunisie\/#website\"},\"primaryImageOfPage\":{\"@id\":\"https:\/\/kapitalis.com\/tunisie\/2019\/08\/27\/conference-saferafrica-sur-la-securite-routiere-en-afrique-le-18-septembre-2019-a-gammarth\/#primaryimage\"},\"image\":{\"@id\":\"https:\/\/kapitalis.com\/tunisie\/2019\/08\/27\/conference-saferafrica-sur-la-securite-routiere-en-afrique-le-18-septembre-2019-a-gammarth\/#primaryimage\"},\"thumbnailUrl\":\"\",\"datePublished\":\"2019-08-27T06:45:26+00:00\",\"dateModified\":\"2019-08-27T06:45:29+00:00\",\"breadcrumb\":{\"@id\":\"https:\/\/kapitalis.com\/tunisie\/2019\/08\/27\/conference-saferafrica-sur-la-securite-routiere-en-afrique-le-18-septembre-2019-a-gammarth\/#breadcrumb\"},\"inLanguage\":\"fr-FR\",\"potentialAction\":[{\"@type\":\"ReadAction\",\"target\":[\"https:\/\/kapitalis.com\/tunisie\/2019\/08\/27\/conference-saferafrica-sur-la-securite-routiere-en-afrique-le-18-septembre-2019-a-gammarth\/\"]}]},{\"@type\":\"ImageObject\",\"inLanguage\":\"fr-FR\",\"@id\":\"https:\/\/kapitalis.com\/tunisie\/2019\/08\/27\/conference-saferafrica-sur-la-securite-routiere-en-afrique-le-18-septembre-2019-a-gammarth\/#primaryimage\",\"url\":\"\",\"contentUrl\":\"\"},{\"@type\":\"BreadcrumbList\",\"@id\":\"https:\/\/kapitalis.com\/tunisie\/2019\/08\/27\/conference-saferafrica-sur-la-securite-routiere-en-afrique-le-18-septembre-2019-a-gammarth\/#breadcrumb\",\"itemListElement\":[{\"@type\":\"ListItem\",\"position\":1,\"name\":\"Accueil\",\"item\":\"https:\/\/kapitalis.com\/tunisie\/\"},{\"@type\":\"ListItem\",\"position\":2,\"name\":\"Conf\u00e9rence SaferAfrica sur la s\u00e9curit\u00e9 routi\u00e8re en Afrique, le 18 septembre 2019 \u00e0 Gammarth\"}]},{\"@type\":\"WebSite\",\"@id\":\"https:\/\/kapitalis.com\/tunisie\/#website\",\"url\":\"https:\/\/kapitalis.com\/tunisie\/\",\"name\":\"Kapitalis\",\"description\":\"L&#039;actualit\u00e9 en Tunisie et dans le monde\",\"publisher\":{\"@id\":\"https:\/\/kapitalis.com\/tunisie\/#organization\"},\"potentialAction\":[{\"@type\":\"SearchAction\",\"target\":{\"@type\":\"EntryPoint\",\"urlTemplate\":\"https:\/\/kapitalis.com\/tunisie\/?s={search_term_string}\"},\"query-input\":{\"@type\":\"PropertyValueSpecification\",\"valueRequired\":true,\"valueName\":\"search_term_string\"}}],\"inLanguage\":\"fr-FR\"},{\"@type\":\"Organization\",\"@id\":\"https:\/\/kapitalis.com\/tunisie\/#organization\",\"name\":\"Kapitalis\",\"url\":\"https:\/\/kapitalis.com\/tunisie\/\",\"logo\":{\"@type\":\"ImageObject\",\"inLanguage\":\"fr-FR\",\"@id\":\"https:\/\/kapitalis.com\/tunisie\/#\/schema\/logo\/image\/\",\"url\":\"https:\/\/kapitalis.com\/tunisie\/wp-content\/uploads\/2022\/05\/Kapitalis-big-size.png\",\"contentUrl\":\"https:\/\/kapitalis.com\/tunisie\/wp-content\/uploads\/2022\/05\/Kapitalis-big-size.png\",\"width\":5000,\"height\":1500,\"caption\":\"Kapitalis\"},\"image\":{\"@id\":\"https:\/\/kapitalis.com\/tunisie\/#\/schema\/logo\/image\/\"},\"sameAs\":[\"https:\/\/www.facebook.com\/KapitalisInfo\/\",\"https:\/\/x.com\/KapitalisInfo\",\"https:\/\/www.youtube.com\/channel\/UC-yDYrHyfFBWWZaOw3FPg9Q\"]},{\"@type\":\"Person\",\"@id\":\"https:\/\/kapitalis.com\/tunisie\/#\/schema\/person\/093913313d3017554cb3ad077fff3fbd\",\"name\":\"Amina Mkada\",\"url\":\"https:\/\/kapitalis.com\/tunisie\/author\/amina\/\"}]}<\/script>\n<!-- \/ Yoast SEO plugin. -->","yoast_head_json":{"title":"Conf\u00e9rence SaferAfrica sur la s\u00e9curit\u00e9 routi\u00e8re en Afrique, le 18 septembre 2019 \u00e0 Gammarth - Kapitalis","robots":{"index":"index","follow":"follow","max-snippet":"max-snippet:-1","max-image-preview":"max-image-preview:large","max-video-preview":"max-video-preview:-1"},"canonical":"https:\/\/kapitalis.com\/tunisie\/2019\/08\/27\/conference-saferafrica-sur-la-securite-routiere-en-afrique-le-18-septembre-2019-a-gammarth\/","og_locale":"fr_FR","og_type":"article","og_title":"Conf\u00e9rence SaferAfrica sur la s\u00e9curit\u00e9 routi\u00e8re en Afrique, le 18 septembre 2019 \u00e0 Gammarth - Kapitalis","og_description":"La conf\u00e9rence SaferAfrica qui aura lieu le 18 septembre 2019, \u00e0 l&rsquo;h\u00f4tel Ramada Plaza, \u00e0 Gammarth, en Tunisie, d\u00e9battra de la meilleure gestion de la s\u00e9curit\u00e9 routi\u00e8re sur l&rsquo;ensemble du continent africain et des perspectives d&rsquo;avenir.","og_url":"https:\/\/kapitalis.com\/tunisie\/2019\/08\/27\/conference-saferafrica-sur-la-securite-routiere-en-afrique-le-18-septembre-2019-a-gammarth\/","og_site_name":"Kapitalis","article_publisher":"https:\/\/www.facebook.com\/KapitalisInfo\/","article_published_time":"2019-08-27T06:45:26+00:00","article_modified_time":"2019-08-27T06:45:29+00:00","og_image":[{"width":1200,"height":630,"url":"https:\/\/kapitalis.com\/tunisie\/wp-content\/uploads\/2022\/05\/kapitalis-logo-fb.png","type":"image\/png"}],"author":"Amina Mkada","twitter_card":"summary_large_image","twitter_creator":"@KapitalisInfo","twitter_site":"@KapitalisInfo","twitter_misc":{"\u00c9crit par":"Amina Mkada","Dur\u00e9e de lecture estim\u00e9e":"1 minute"},"schema":{"@context":"https:\/\/schema.org","@graph":[{"@type":"Article","@id":"https:\/\/kapitalis.com\/tunisie\/2019\/08\/27\/conference-saferafrica-sur-la-securite-routiere-en-afrique-le-18-septembre-2019-a-gammarth\/#article","isPartOf":{"@id":"https:\/\/kapitalis.com\/tunisie\/2019\/08\/27\/conference-saferafrica-sur-la-securite-routiere-en-afrique-le-18-septembre-2019-a-gammarth\/"},"author":{"name":"Amina Mkada","@id":"https:\/\/kapitalis.com\/tunisie\/#\/schema\/person\/093913313d3017554cb3ad077fff3fbd"},"headline":"Conf\u00e9rence SaferAfrica sur la s\u00e9curit\u00e9 routi\u00e8re en Afrique, le 18 septembre 2019 \u00e0 Gammarth","datePublished":"2019-08-27T06:45:26+00:00","dateModified":"2019-08-27T06:45:29+00:00","mainEntityOfPage":{"@id":"https:\/\/kapitalis.com\/tunisie\/2019\/08\/27\/conference-saferafrica-sur-la-securite-routiere-en-afrique-le-18-septembre-2019-a-gammarth\/"},"wordCount":304,"commentCount":2,"publisher":{"@id":"https:\/\/kapitalis.com\/tunisie\/#organization"},"image":{"@id":"https:\/\/kapitalis.com\/tunisie\/2019\/08\/27\/conference-saferafrica-sur-la-securite-routiere-en-afrique-le-18-septembre-2019-a-gammarth\/#primaryimage"},"thumbnailUrl":"","keywords":["conf\u00e9rence"],"articleSection":["SOCIETE","Tunisie"],"inLanguage":"fr-FR","potentialAction":[{"@type":"CommentAction","name":"Comment","target":["https:\/\/kapitalis.com\/tunisie\/2019\/08\/27\/conference-saferafrica-sur-la-securite-routiere-en-afrique-le-18-septembre-2019-a-gammarth\/#respond"]}]},{"@type":"WebPage","@id":"https:\/\/kapitalis.com\/tunisie\/2019\/08\/27\/conference-saferafrica-sur-la-securite-routiere-en-afrique-le-18-septembre-2019-a-gammarth\/","url":"https:\/\/kapitalis.com\/tunisie\/2019\/08\/27\/conference-saferafrica-sur-la-securite-routiere-en-afrique-le-18-septembre-2019-a-gammarth\/","name":"Conf\u00e9rence SaferAfrica sur la s\u00e9curit\u00e9 routi\u00e8re en Afrique, le 18 septembre 2019 \u00e0 Gammarth - Kapitalis","isPartOf":{"@id":"https:\/\/kapitalis.com\/tunisie\/#website"},"primaryImageOfPage":{"@id":"https:\/\/kapitalis.com\/tunisie\/2019\/08\/27\/conference-saferafrica-sur-la-securite-routiere-en-afrique-le-18-septembre-2019-a-gammarth\/#primaryimage"},"image":{"@id":"https:\/\/kapitalis.com\/tunisie\/2019\/08\/27\/conference-saferafrica-sur-la-securite-routiere-en-afrique-le-18-septembre-2019-a-gammarth\/#primaryimage"},"thumbnailUrl":"","datePublished":"2019-08-27T06:45:26+00:00","dateModified":"2019-08-27T06:45:29+00:00","breadcrumb":{"@id":"https:\/\/kapitalis.com\/tunisie\/2019\/08\/27\/conference-saferafrica-sur-la-securite-routiere-en-afrique-le-18-septembre-2019-a-gammarth\/#breadcrumb"},"inLanguage":"fr-FR","potentialAction":[{"@type":"ReadAction","target":["https:\/\/kapitalis.com\/tunisie\/2019\/08\/27\/conference-saferafrica-sur-la-securite-routiere-en-afrique-le-18-septembre-2019-a-gammarth\/"]}]},{"@type":"ImageObject","inLanguage":"fr-FR","@id":"https:\/\/kapitalis.com\/tunisie\/2019\/08\/27\/conference-saferafrica-sur-la-securite-routiere-en-afrique-le-18-septembre-2019-a-gammarth\/#primaryimage","url":"","contentUrl":""},{"@type":"BreadcrumbList","@id":"https:\/\/kapitalis.com\/tunisie\/2019\/08\/27\/conference-saferafrica-sur-la-securite-routiere-en-afrique-le-18-septembre-2019-a-gammarth\/#breadcrumb","itemListElement":[{"@type":"ListItem","position":1,"name":"Accueil","item":"https:\/\/kapitalis.com\/tunisie\/"},{"@type":"ListItem","position":2,"name":"Conf\u00e9rence SaferAfrica sur la s\u00e9curit\u00e9 routi\u00e8re en Afrique, le 18 septembre 2019 \u00e0 Gammarth"}]},{"@type":"WebSite","@id":"https:\/\/kapitalis.com\/tunisie\/#website","url":"https:\/\/kapitalis.com\/tunisie\/","name":"Kapitalis","description":"L&#039;actualit\u00e9 en Tunisie et dans le monde","publisher":{"@id":"https:\/\/kapitalis.com\/tunisie\/#organization"},"potentialAction":[{"@type":"SearchAction","target":{"@type":"EntryPoint","urlTemplate":"https:\/\/kapitalis.com\/tunisie\/?s={search_term_string}"},"query-input":{"@type":"PropertyValueSpecification","valueRequired":true,"valueName":"search_term_string"}}],"inLanguage":"fr-FR"},{"@type":"Organization","@id":"https:\/\/kapitalis.com\/tunisie\/#organization","name":"Kapitalis","url":"https:\/\/kapitalis.com\/tunisie\/","logo":{"@type":"ImageObject","inLanguage":"fr-FR","@id":"https:\/\/kapitalis.com\/tunisie\/#\/schema\/logo\/image\/","url":"https:\/\/kapitalis.com\/tunisie\/wp-content\/uploads\/2022\/05\/Kapitalis-big-size.png","contentUrl":"https:\/\/kapitalis.com\/tunisie\/wp-content\/uploads\/2022\/05\/Kapitalis-big-size.png","width":5000,"height":1500,"caption":"Kapitalis"},"image":{"@id":"https:\/\/kapitalis.com\/tunisie\/#\/schema\/logo\/image\/"},"sameAs":["https:\/\/www.facebook.com\/KapitalisInfo\/","https:\/\/x.com\/KapitalisInfo","https:\/\/www.youtube.com\/channel\/UC-yDYrHyfFBWWZaOw3FPg9Q"]},{"@type":"Person","@id":"https:\/\/kapitalis.com\/tunisie\/#\/schema\/person\/093913313d3017554cb3ad077fff3fbd","name":"Amina Mkada","url":"https:\/\/kapitalis.com\/tunisie\/author\/amina\/"}]}},"_links":{"self":[{"href":"https:\/\/kapitalis.com\/tunisie\/wp-json\/wp\/v2\/posts\/229349","targetHints":{"allow":["GET"]}}],"collection":[{"href":"https:\/\/kapitalis.com\/tunisie\/wp-json\/wp\/v2\/posts"}],"about":[{"href":"https:\/\/kapitalis.com\/tunisie\/wp-json\/wp\/v2\/types\/post"}],"author":[{"embeddable":true,"href":"https:\/\/kapitalis.com\/tunisie\/wp-json\/wp\/v2\/users\/22"}],"replies":[{"embeddable":true,"href":"https:\/\/kapitalis.com\/tunisie\/wp-json\/wp\/v2\/comments?post=229349"}],"version-history":[{"count":0,"href":"https:\/\/kapitalis.com\/tunisie\/wp-json\/wp\/v2\/posts\/229349\/revisions"}],"wp:featuredmedia":[{"embeddable":true,"href":"https:\/\/kapitalis.com\/tunisie\/wp-json\/wp\/v2\/media\/229368"}],"wp:attachment":[{"href":"https:\/\/kapitalis.com\/tunisie\/wp-json\/wp\/v2\/media?parent=229349"}],"wp:term":[{"taxonomy":"category","embeddable":true,"href":"https:\/\/kapitalis.com\/tunisie\/wp-json\/wp\/v2\/categories?post=229349"},{"taxonomy":"post_tag","embeddable":true,"href":"https:\/\/kapitalis.com\/tunisie\/wp-json\/wp\/v2\/tags?post=229349"}],"curies":[{"name":"wp","href":"https:\/\/api.w.org\/{rel}","templated":true}]}}