{"id":229605,"date":"2019-07-30T14:03:56","date_gmt":"2019-07-30T13:03:56","guid":{"rendered":"http:\/\/kapitalis.com\/tunisie\/?p=229605"},"modified":"2019-07-30T14:18:40","modified_gmt":"2019-07-30T13:18:40","slug":"en-sa-qualite-de-president-de-la-republique-par-interim-mohamed-ennaceur-declare-ses-biens-et-interets","status":"publish","type":"post","link":"https:\/\/kapitalis.com\/tunisie\/2019\/07\/30\/en-sa-qualite-de-president-de-la-republique-par-interim-mohamed-ennaceur-declare-ses-biens-et-interets\/","title":{"rendered":"En sa qualit\u00e9 de pr\u00e9sident de la r\u00e9publique par int\u00e9rim, Mohamed Ennaceur d\u00e9clare ses biens et int\u00e9r\u00eats"},"content":{"rendered":"\n<figure class=\"wp-block-image\"><img decoding=\"async\" src=\"http:\/\/kapitalis.com\/tunisie\/wp-content\/uploads\/2019\/07\/Mohamed-Ennaceur-Inlucc.jpg\" alt=\"\" class=\"wp-image-229610\"\/><\/figure>\n\n\n\n<p><em><strong>Le pr\u00e9sident de la r\u00e9publique par int\u00e9rim, Mohamed Ennaceur, a d\u00e9clar\u00e9 ses biens et int\u00e9r\u00eats, aujourd&rsquo;hui, mardi 30 juillet 2019, aupr\u00e8s de l\u2019Instance nationale de lutte contre la corruption (INLUCC).<\/strong><\/em><\/p>\n\n\n\n<!--more-->\n\n\n\n<p>Cette d\u00e9claration a \u00e9t\u00e9 effectu\u00e9e conform\u00e9ment \u00e0 l\u2019article 10 de la loi 46 de 2018, apr\u00e8s que M. Ennaceur ait quitt\u00e9 son poste de pr\u00e9sident de l\u2019Assembl\u00e9e des repr\u00e9sentants du peuple (ARP) et pris ses fonctions provisoires \u00e0 la t\u00eate de la pr\u00e9sidence de la r\u00e9publique, en vertu de l\u2019article 31 de la m\u00eame loi, indique un communiqu\u00e9 de l&rsquo;INLUCC.<\/p>\n\n\n\n<div class=\"wp-block-image\"><figure class=\"aligncenter is-resized\"><img loading=\"lazy\" decoding=\"async\" src=\"http:\/\/kapitalis.com\/tunisie\/wp-content\/uploads\/2019\/07\/Chawki-Tabib-Ennaceur-INLUCC.jpg\" alt=\"\" class=\"wp-image-229612\" width=\"500\" height=\"352\"\/><\/figure><\/div>\n\n\n\n<p>Rappelons que M. Ennaceur a pr\u00eat\u00e9 serment, jeudi 25 juillet 2019, pour prendre officiellement ses fonctions de pr\u00e9sident de la r\u00e9publique par int\u00e9rim, suite au d\u00e9c\u00e8s, constat\u00e9 et annonc\u00e9 le matin-m\u00eame, du regrett\u00e9 pr\u00e9sident B\u00e9ji Ca\u00efd Essebsi.<\/p>\n\n\n\n<p>Cette succession a \u00e9t\u00e9 effectu\u00e9e en vertu des articles 84 et 85 de la constitution, stipulant qu&rsquo;en cas de vacance d\u00e9finitive \u00e0 au Palais de Carthage, le pr\u00e9sident de l&rsquo;ARP assure automatiquement la pr\u00e9sidence de la r\u00e9publique. L&rsquo;int\u00e9rim dure de 45 \u00e0 90 jours, p\u00e9riode durant laquelle M. Ennaceur doit veiller \u00e0 la pr\u00e9paration et \u00e0 l&rsquo;organiser les \u00e9lections pr\u00e9sidentielles.<\/p>\n\n\n\n<p>D&rsquo;ailleurs, apr\u00e8s le d\u00e9c\u00e8s de M. Ca\u00efd Essebsi, celles-ci, initialement pr\u00e9vues le 17 novembre 2019, ont \u00e9t\u00e9 avanc\u00e9es, par l&rsquo;Instance sup\u00e9rieure ind\u00e9pendante des \u00e9lections (Isie), au 15 septembre.<\/p>\n\n\n\n<p style=\"text-align:right\"><strong>Y. N.<\/strong><\/p>\n\n\n\n<figure class=\"wp-block-embed is-type-rich is-provider-kapitalis\"><div class=\"wp-block-embed__wrapper\">\n<blockquote class=\"wp-embedded-content\" data-secret=\"myPFAKYtMt\"><a href=\"https:\/\/kapitalis.com\/tunisie\/2019\/07\/25\/president-de-la-republique-par-interim-mohamed-ennaceur-prete-serment-a-lassemblee-video\/\">Pr\u00e9sident de la r\u00e9publique par int\u00e9rim, Mohamed Ennaceur pr\u00eate serment \u00e0 l&rsquo;Assembl\u00e9e (vid\u00e9o)<\/a><\/blockquote><iframe loading=\"lazy\" class=\"wp-embedded-content\" sandbox=\"allow-scripts\" security=\"restricted\" style=\"position: absolute; clip: rect(1px, 1px, 1px, 1px);\" title=\"\u00ab\u00a0Pr\u00e9sident de la r\u00e9publique par int\u00e9rim, Mohamed Ennaceur pr\u00eate serment \u00e0 l&rsquo;Assembl\u00e9e (vid\u00e9o)\u00a0\u00bb &#8212; Kapitalis\" src=\"https:\/\/kapitalis.com\/tunisie\/2019\/07\/25\/president-de-la-republique-par-interim-mohamed-ennaceur-prete-serment-a-lassemblee-video\/embed\/#?secret=xDffpqfC6p#?secret=myPFAKYtMt\" data-secret=\"myPFAKYtMt\" width=\"600\" height=\"338\" frameborder=\"0\" marginwidth=\"0\" marginheight=\"0\" scrolling=\"no\"><\/iframe>\n<\/div><\/figure>\n\n\n\n<figure class=\"wp-block-embed is-type-rich is-provider-kapitalis\"><div class=\"wp-block-embed__wrapper\">\n<blockquote class=\"wp-embedded-content\" data-secret=\"mYK6PHp0gh\"><a href=\"https:\/\/kapitalis.com\/tunisie\/2019\/07\/25\/apres-le-deces-de-beji-caid-essebsi-mohamed-ennaceur-president-de-la-republique-par-interim-video\/\">Apr\u00e8s le d\u00e9c\u00e8s de B\u00e9ji Ca\u00efd Essebsi, Mohamed Ennaceur pr\u00e9sident de la r\u00e9publique par int\u00e9rim (vid\u00e9o)<\/a><\/blockquote><iframe loading=\"lazy\" class=\"wp-embedded-content\" sandbox=\"allow-scripts\" security=\"restricted\" style=\"position: absolute; clip: rect(1px, 1px, 1px, 1px);\" title=\"\u00ab\u00a0Apr\u00e8s le d\u00e9c\u00e8s de B\u00e9ji Ca\u00efd Essebsi, Mohamed Ennaceur pr\u00e9sident de la r\u00e9publique par int\u00e9rim (vid\u00e9o)\u00a0\u00bb &#8212; Kapitalis\" src=\"https:\/\/kapitalis.com\/tunisie\/2019\/07\/25\/apres-le-deces-de-beji-caid-essebsi-mohamed-ennaceur-president-de-la-republique-par-interim-video\/embed\/#?secret=aoj7Gok7pM#?secret=mYK6PHp0gh\" data-secret=\"mYK6PHp0gh\" width=\"600\" height=\"338\" frameborder=\"0\" marginwidth=\"0\" marginheight=\"0\" scrolling=\"no\"><\/iframe>\n<\/div><\/figure>\n","protected":false},"excerpt":{"rendered":"<p>Le pr\u00e9sident de la r\u00e9publique par int\u00e9rim, Mohamed Ennaceur, a d\u00e9clar\u00e9 ses biens et int\u00e9r\u00eats, aujourd&rsquo;hui, mardi 30 juillet 2019, aupr\u00e8s de l\u2019Instance nationale de lutte contre la corruption (INLUCC).<\/p>\n","protected":false},"author":6,"featured_media":229610,"comment_status":"open","ping_status":"open","sticky":false,"template":"","format":"standard","meta":{"footnotes":""},"categories":[997,2433],"tags":[84,93,61019,1710],"class_list":["post-229605","post","type-post","status-publish","format-standard","has-post-thumbnail","hentry","category-politique","category-tunisie","tag-arp","tag-assemblee","tag-deces-president","tag-mohamed-ennaceur"],"yoast_head":"<!-- This site is optimized with the Yoast SEO plugin v26.6 - https:\/\/yoast.com\/wordpress\/plugins\/seo\/ -->\n<title>En sa qualit\u00e9 de pr\u00e9sident de la r\u00e9publique par int\u00e9rim, Mohamed Ennaceur d\u00e9clare ses biens et int\u00e9r\u00eats - Kapitalis<\/title>\n<meta name=\"robots\" content=\"index, follow, max-snippet:-1, max-image-preview:large, max-video-preview:-1\" \/>\n<link rel=\"canonical\" href=\"https:\/\/kapitalis.com\/tunisie\/2019\/07\/30\/en-sa-qualite-de-president-de-la-republique-par-interim-mohamed-ennaceur-declare-ses-biens-et-interets\/\" \/>\n<meta property=\"og:locale\" content=\"fr_FR\" \/>\n<meta property=\"og:type\" content=\"article\" \/>\n<meta property=\"og:title\" content=\"En sa qualit\u00e9 de pr\u00e9sident de la r\u00e9publique par int\u00e9rim, Mohamed Ennaceur d\u00e9clare ses biens et int\u00e9r\u00eats - Kapitalis\" \/>\n<meta property=\"og:description\" content=\"Le pr\u00e9sident de la r\u00e9publique par int\u00e9rim, Mohamed Ennaceur, a d\u00e9clar\u00e9 ses biens et int\u00e9r\u00eats, aujourd&rsquo;hui, mardi 30 juillet 2019, aupr\u00e8s de l\u2019Instance nationale de lutte contre la corruption (INLUCC).\" \/>\n<meta property=\"og:url\" content=\"https:\/\/kapitalis.com\/tunisie\/2019\/07\/30\/en-sa-qualite-de-president-de-la-republique-par-interim-mohamed-ennaceur-declare-ses-biens-et-interets\/\" \/>\n<meta property=\"og:site_name\" content=\"Kapitalis\" \/>\n<meta property=\"article:publisher\" content=\"https:\/\/www.facebook.com\/KapitalisInfo\/\" \/>\n<meta property=\"article:published_time\" content=\"2019-07-30T13:03:56+00:00\" \/>\n<meta property=\"article:modified_time\" content=\"2019-07-30T13:18:40+00:00\" \/>\n<meta property=\"og:image\" content=\"https:\/\/kapitalis.com\/tunisie\/wp-content\/uploads\/2022\/05\/kapitalis-logo-fb.png\" \/>\n\t<meta property=\"og:image:width\" content=\"1200\" \/>\n\t<meta property=\"og:image:height\" content=\"630\" \/>\n\t<meta property=\"og:image:type\" content=\"image\/png\" \/>\n<meta name=\"author\" content=\"Yusra NY\" \/>\n<meta name=\"twitter:card\" content=\"summary_large_image\" \/>\n<meta name=\"twitter:creator\" content=\"@KapitalisInfo\" \/>\n<meta name=\"twitter:site\" content=\"@KapitalisInfo\" \/>\n<meta name=\"twitter:label1\" content=\"\u00c9crit par\" \/>\n\t<meta name=\"twitter:data1\" content=\"Yusra NY\" \/>\n\t<meta name=\"twitter:label2\" content=\"Dur\u00e9e de lecture estim\u00e9e\" \/>\n\t<meta name=\"twitter:data2\" content=\"1 minute\" \/>\n<script type=\"application\/ld+json\" class=\"yoast-schema-graph\">{\"@context\":\"https:\/\/schema.org\",\"@graph\":[{\"@type\":\"Article\",\"@id\":\"https:\/\/kapitalis.com\/tunisie\/2019\/07\/30\/en-sa-qualite-de-president-de-la-republique-par-interim-mohamed-ennaceur-declare-ses-biens-et-interets\/#article\",\"isPartOf\":{\"@id\":\"https:\/\/kapitalis.com\/tunisie\/2019\/07\/30\/en-sa-qualite-de-president-de-la-republique-par-interim-mohamed-ennaceur-declare-ses-biens-et-interets\/\"},\"author\":{\"name\":\"Yusra NY\",\"@id\":\"https:\/\/kapitalis.com\/tunisie\/#\/schema\/person\/74bbde0154d49d790a92aaeac5bc01d5\"},\"headline\":\"En sa qualit\u00e9 de pr\u00e9sident de la r\u00e9publique par int\u00e9rim, Mohamed Ennaceur d\u00e9clare ses biens et int\u00e9r\u00eats\",\"datePublished\":\"2019-07-30T13:03:56+00:00\",\"dateModified\":\"2019-07-30T13:18:40+00:00\",\"mainEntityOfPage\":{\"@id\":\"https:\/\/kapitalis.com\/tunisie\/2019\/07\/30\/en-sa-qualite-de-president-de-la-republique-par-interim-mohamed-ennaceur-declare-ses-biens-et-interets\/\"},\"wordCount\":278,\"commentCount\":0,\"publisher\":{\"@id\":\"https:\/\/kapitalis.com\/tunisie\/#organization\"},\"image\":{\"@id\":\"https:\/\/kapitalis.com\/tunisie\/2019\/07\/30\/en-sa-qualite-de-president-de-la-republique-par-interim-mohamed-ennaceur-declare-ses-biens-et-interets\/#primaryimage\"},\"thumbnailUrl\":\"\",\"keywords\":[\"ARP\",\"Assembl\u00e9e\",\"D\u00e9c\u00e8s pr\u00e9sident\",\"Mohamed Ennaceur\"],\"articleSection\":[\"POLITIQUE\",\"Tunisie\"],\"inLanguage\":\"fr-FR\",\"potentialAction\":[{\"@type\":\"CommentAction\",\"name\":\"Comment\",\"target\":[\"https:\/\/kapitalis.com\/tunisie\/2019\/07\/30\/en-sa-qualite-de-president-de-la-republique-par-interim-mohamed-ennaceur-declare-ses-biens-et-interets\/#respond\"]}]},{\"@type\":\"WebPage\",\"@id\":\"https:\/\/kapitalis.com\/tunisie\/2019\/07\/30\/en-sa-qualite-de-president-de-la-republique-par-interim-mohamed-ennaceur-declare-ses-biens-et-interets\/\",\"url\":\"https:\/\/kapitalis.com\/tunisie\/2019\/07\/30\/en-sa-qualite-de-president-de-la-republique-par-interim-mohamed-ennaceur-declare-ses-biens-et-interets\/\",\"name\":\"En sa qualit\u00e9 de pr\u00e9sident de la r\u00e9publique par int\u00e9rim, Mohamed Ennaceur d\u00e9clare ses biens et int\u00e9r\u00eats - Kapitalis\",\"isPartOf\":{\"@id\":\"https:\/\/kapitalis.com\/tunisie\/#website\"},\"primaryImageOfPage\":{\"@id\":\"https:\/\/kapitalis.com\/tunisie\/2019\/07\/30\/en-sa-qualite-de-president-de-la-republique-par-interim-mohamed-ennaceur-declare-ses-biens-et-interets\/#primaryimage\"},\"image\":{\"@id\":\"https:\/\/kapitalis.com\/tunisie\/2019\/07\/30\/en-sa-qualite-de-president-de-la-republique-par-interim-mohamed-ennaceur-declare-ses-biens-et-interets\/#primaryimage\"},\"thumbnailUrl\":\"\",\"datePublished\":\"2019-07-30T13:03:56+00:00\",\"dateModified\":\"2019-07-30T13:18:40+00:00\",\"breadcrumb\":{\"@id\":\"https:\/\/kapitalis.com\/tunisie\/2019\/07\/30\/en-sa-qualite-de-president-de-la-republique-par-interim-mohamed-ennaceur-declare-ses-biens-et-interets\/#breadcrumb\"},\"inLanguage\":\"fr-FR\",\"potentialAction\":[{\"@type\":\"ReadAction\",\"target\":[\"https:\/\/kapitalis.com\/tunisie\/2019\/07\/30\/en-sa-qualite-de-president-de-la-republique-par-interim-mohamed-ennaceur-declare-ses-biens-et-interets\/\"]}]},{\"@type\":\"ImageObject\",\"inLanguage\":\"fr-FR\",\"@id\":\"https:\/\/kapitalis.com\/tunisie\/2019\/07\/30\/en-sa-qualite-de-president-de-la-republique-par-interim-mohamed-ennaceur-declare-ses-biens-et-interets\/#primaryimage\",\"url\":\"\",\"contentUrl\":\"\"},{\"@type\":\"BreadcrumbList\",\"@id\":\"https:\/\/kapitalis.com\/tunisie\/2019\/07\/30\/en-sa-qualite-de-president-de-la-republique-par-interim-mohamed-ennaceur-declare-ses-biens-et-interets\/#breadcrumb\",\"itemListElement\":[{\"@type\":\"ListItem\",\"position\":1,\"name\":\"Accueil\",\"item\":\"https:\/\/kapitalis.com\/tunisie\/\"},{\"@type\":\"ListItem\",\"position\":2,\"name\":\"En sa qualit\u00e9 de pr\u00e9sident de la r\u00e9publique par int\u00e9rim, Mohamed Ennaceur d\u00e9clare ses biens et int\u00e9r\u00eats\"}]},{\"@type\":\"WebSite\",\"@id\":\"https:\/\/kapitalis.com\/tunisie\/#website\",\"url\":\"https:\/\/kapitalis.com\/tunisie\/\",\"name\":\"Kapitalis\",\"description\":\"L&#039;actualit\u00e9 en Tunisie et dans le monde\",\"publisher\":{\"@id\":\"https:\/\/kapitalis.com\/tunisie\/#organization\"},\"potentialAction\":[{\"@type\":\"SearchAction\",\"target\":{\"@type\":\"EntryPoint\",\"urlTemplate\":\"https:\/\/kapitalis.com\/tunisie\/?s={search_term_string}\"},\"query-input\":{\"@type\":\"PropertyValueSpecification\",\"valueRequired\":true,\"valueName\":\"search_term_string\"}}],\"inLanguage\":\"fr-FR\"},{\"@type\":\"Organization\",\"@id\":\"https:\/\/kapitalis.com\/tunisie\/#organization\",\"name\":\"Kapitalis\",\"url\":\"https:\/\/kapitalis.com\/tunisie\/\",\"logo\":{\"@type\":\"ImageObject\",\"inLanguage\":\"fr-FR\",\"@id\":\"https:\/\/kapitalis.com\/tunisie\/#\/schema\/logo\/image\/\",\"url\":\"https:\/\/kapitalis.com\/tunisie\/wp-content\/uploads\/2022\/05\/Kapitalis-big-size.png\",\"contentUrl\":\"https:\/\/kapitalis.com\/tunisie\/wp-content\/uploads\/2022\/05\/Kapitalis-big-size.png\",\"width\":5000,\"height\":1500,\"caption\":\"Kapitalis\"},\"image\":{\"@id\":\"https:\/\/kapitalis.com\/tunisie\/#\/schema\/logo\/image\/\"},\"sameAs\":[\"https:\/\/www.facebook.com\/KapitalisInfo\/\",\"https:\/\/x.com\/KapitalisInfo\",\"https:\/\/www.youtube.com\/channel\/UC-yDYrHyfFBWWZaOw3FPg9Q\"]},{\"@type\":\"Person\",\"@id\":\"https:\/\/kapitalis.com\/tunisie\/#\/schema\/person\/74bbde0154d49d790a92aaeac5bc01d5\",\"name\":\"Yusra NY\",\"url\":\"https:\/\/kapitalis.com\/tunisie\/author\/yuza_adam\/\"}]}<\/script>\n<!-- \/ Yoast SEO plugin. -->","yoast_head_json":{"title":"En sa qualit\u00e9 de pr\u00e9sident de la r\u00e9publique par int\u00e9rim, Mohamed Ennaceur d\u00e9clare ses biens et int\u00e9r\u00eats - Kapitalis","robots":{"index":"index","follow":"follow","max-snippet":"max-snippet:-1","max-image-preview":"max-image-preview:large","max-video-preview":"max-video-preview:-1"},"canonical":"https:\/\/kapitalis.com\/tunisie\/2019\/07\/30\/en-sa-qualite-de-president-de-la-republique-par-interim-mohamed-ennaceur-declare-ses-biens-et-interets\/","og_locale":"fr_FR","og_type":"article","og_title":"En sa qualit\u00e9 de pr\u00e9sident de la r\u00e9publique par int\u00e9rim, Mohamed Ennaceur d\u00e9clare ses biens et int\u00e9r\u00eats - Kapitalis","og_description":"Le pr\u00e9sident de la r\u00e9publique par int\u00e9rim, Mohamed Ennaceur, a d\u00e9clar\u00e9 ses biens et int\u00e9r\u00eats, aujourd&rsquo;hui, mardi 30 juillet 2019, aupr\u00e8s de l\u2019Instance nationale de lutte contre la corruption (INLUCC).","og_url":"https:\/\/kapitalis.com\/tunisie\/2019\/07\/30\/en-sa-qualite-de-president-de-la-republique-par-interim-mohamed-ennaceur-declare-ses-biens-et-interets\/","og_site_name":"Kapitalis","article_publisher":"https:\/\/www.facebook.com\/KapitalisInfo\/","article_published_time":"2019-07-30T13:03:56+00:00","article_modified_time":"2019-07-30T13:18:40+00:00","og_image":[{"width":1200,"height":630,"url":"https:\/\/kapitalis.com\/tunisie\/wp-content\/uploads\/2022\/05\/kapitalis-logo-fb.png","type":"image\/png"}],"author":"Yusra NY","twitter_card":"summary_large_image","twitter_creator":"@KapitalisInfo","twitter_site":"@KapitalisInfo","twitter_misc":{"\u00c9crit par":"Yusra NY","Dur\u00e9e de lecture estim\u00e9e":"1 minute"},"schema":{"@context":"https:\/\/schema.org","@graph":[{"@type":"Article","@id":"https:\/\/kapitalis.com\/tunisie\/2019\/07\/30\/en-sa-qualite-de-president-de-la-republique-par-interim-mohamed-ennaceur-declare-ses-biens-et-interets\/#article","isPartOf":{"@id":"https:\/\/kapitalis.com\/tunisie\/2019\/07\/30\/en-sa-qualite-de-president-de-la-republique-par-interim-mohamed-ennaceur-declare-ses-biens-et-interets\/"},"author":{"name":"Yusra NY","@id":"https:\/\/kapitalis.com\/tunisie\/#\/schema\/person\/74bbde0154d49d790a92aaeac5bc01d5"},"headline":"En sa qualit\u00e9 de pr\u00e9sident de la r\u00e9publique par int\u00e9rim, Mohamed Ennaceur d\u00e9clare ses biens et int\u00e9r\u00eats","datePublished":"2019-07-30T13:03:56+00:00","dateModified":"2019-07-30T13:18:40+00:00","mainEntityOfPage":{"@id":"https:\/\/kapitalis.com\/tunisie\/2019\/07\/30\/en-sa-qualite-de-president-de-la-republique-par-interim-mohamed-ennaceur-declare-ses-biens-et-interets\/"},"wordCount":278,"commentCount":0,"publisher":{"@id":"https:\/\/kapitalis.com\/tunisie\/#organization"},"image":{"@id":"https:\/\/kapitalis.com\/tunisie\/2019\/07\/30\/en-sa-qualite-de-president-de-la-republique-par-interim-mohamed-ennaceur-declare-ses-biens-et-interets\/#primaryimage"},"thumbnailUrl":"","keywords":["ARP","Assembl\u00e9e","D\u00e9c\u00e8s pr\u00e9sident","Mohamed Ennaceur"],"articleSection":["POLITIQUE","Tunisie"],"inLanguage":"fr-FR","potentialAction":[{"@type":"CommentAction","name":"Comment","target":["https:\/\/kapitalis.com\/tunisie\/2019\/07\/30\/en-sa-qualite-de-president-de-la-republique-par-interim-mohamed-ennaceur-declare-ses-biens-et-interets\/#respond"]}]},{"@type":"WebPage","@id":"https:\/\/kapitalis.com\/tunisie\/2019\/07\/30\/en-sa-qualite-de-president-de-la-republique-par-interim-mohamed-ennaceur-declare-ses-biens-et-interets\/","url":"https:\/\/kapitalis.com\/tunisie\/2019\/07\/30\/en-sa-qualite-de-president-de-la-republique-par-interim-mohamed-ennaceur-declare-ses-biens-et-interets\/","name":"En sa qualit\u00e9 de pr\u00e9sident de la r\u00e9publique par int\u00e9rim, Mohamed Ennaceur d\u00e9clare ses biens et int\u00e9r\u00eats - Kapitalis","isPartOf":{"@id":"https:\/\/kapitalis.com\/tunisie\/#website"},"primaryImageOfPage":{"@id":"https:\/\/kapitalis.com\/tunisie\/2019\/07\/30\/en-sa-qualite-de-president-de-la-republique-par-interim-mohamed-ennaceur-declare-ses-biens-et-interets\/#primaryimage"},"image":{"@id":"https:\/\/kapitalis.com\/tunisie\/2019\/07\/30\/en-sa-qualite-de-president-de-la-republique-par-interim-mohamed-ennaceur-declare-ses-biens-et-interets\/#primaryimage"},"thumbnailUrl":"","datePublished":"2019-07-30T13:03:56+00:00","dateModified":"2019-07-30T13:18:40+00:00","breadcrumb":{"@id":"https:\/\/kapitalis.com\/tunisie\/2019\/07\/30\/en-sa-qualite-de-president-de-la-republique-par-interim-mohamed-ennaceur-declare-ses-biens-et-interets\/#breadcrumb"},"inLanguage":"fr-FR","potentialAction":[{"@type":"ReadAction","target":["https:\/\/kapitalis.com\/tunisie\/2019\/07\/30\/en-sa-qualite-de-president-de-la-republique-par-interim-mohamed-ennaceur-declare-ses-biens-et-interets\/"]}]},{"@type":"ImageObject","inLanguage":"fr-FR","@id":"https:\/\/kapitalis.com\/tunisie\/2019\/07\/30\/en-sa-qualite-de-president-de-la-republique-par-interim-mohamed-ennaceur-declare-ses-biens-et-interets\/#primaryimage","url":"","contentUrl":""},{"@type":"BreadcrumbList","@id":"https:\/\/kapitalis.com\/tunisie\/2019\/07\/30\/en-sa-qualite-de-president-de-la-republique-par-interim-mohamed-ennaceur-declare-ses-biens-et-interets\/#breadcrumb","itemListElement":[{"@type":"ListItem","position":1,"name":"Accueil","item":"https:\/\/kapitalis.com\/tunisie\/"},{"@type":"ListItem","position":2,"name":"En sa qualit\u00e9 de pr\u00e9sident de la r\u00e9publique par int\u00e9rim, Mohamed Ennaceur d\u00e9clare ses biens et int\u00e9r\u00eats"}]},{"@type":"WebSite","@id":"https:\/\/kapitalis.com\/tunisie\/#website","url":"https:\/\/kapitalis.com\/tunisie\/","name":"Kapitalis","description":"L&#039;actualit\u00e9 en Tunisie et dans le monde","publisher":{"@id":"https:\/\/kapitalis.com\/tunisie\/#organization"},"potentialAction":[{"@type":"SearchAction","target":{"@type":"EntryPoint","urlTemplate":"https:\/\/kapitalis.com\/tunisie\/?s={search_term_string}"},"query-input":{"@type":"PropertyValueSpecification","valueRequired":true,"valueName":"search_term_string"}}],"inLanguage":"fr-FR"},{"@type":"Organization","@id":"https:\/\/kapitalis.com\/tunisie\/#organization","name":"Kapitalis","url":"https:\/\/kapitalis.com\/tunisie\/","logo":{"@type":"ImageObject","inLanguage":"fr-FR","@id":"https:\/\/kapitalis.com\/tunisie\/#\/schema\/logo\/image\/","url":"https:\/\/kapitalis.com\/tunisie\/wp-content\/uploads\/2022\/05\/Kapitalis-big-size.png","contentUrl":"https:\/\/kapitalis.com\/tunisie\/wp-content\/uploads\/2022\/05\/Kapitalis-big-size.png","width":5000,"height":1500,"caption":"Kapitalis"},"image":{"@id":"https:\/\/kapitalis.com\/tunisie\/#\/schema\/logo\/image\/"},"sameAs":["https:\/\/www.facebook.com\/KapitalisInfo\/","https:\/\/x.com\/KapitalisInfo","https:\/\/www.youtube.com\/channel\/UC-yDYrHyfFBWWZaOw3FPg9Q"]},{"@type":"Person","@id":"https:\/\/kapitalis.com\/tunisie\/#\/schema\/person\/74bbde0154d49d790a92aaeac5bc01d5","name":"Yusra NY","url":"https:\/\/kapitalis.com\/tunisie\/author\/yuza_adam\/"}]}},"_links":{"self":[{"href":"https:\/\/kapitalis.com\/tunisie\/wp-json\/wp\/v2\/posts\/229605","targetHints":{"allow":["GET"]}}],"collection":[{"href":"https:\/\/kapitalis.com\/tunisie\/wp-json\/wp\/v2\/posts"}],"about":[{"href":"https:\/\/kapitalis.com\/tunisie\/wp-json\/wp\/v2\/types\/post"}],"author":[{"embeddable":true,"href":"https:\/\/kapitalis.com\/tunisie\/wp-json\/wp\/v2\/users\/6"}],"replies":[{"embeddable":true,"href":"https:\/\/kapitalis.com\/tunisie\/wp-json\/wp\/v2\/comments?post=229605"}],"version-history":[{"count":0,"href":"https:\/\/kapitalis.com\/tunisie\/wp-json\/wp\/v2\/posts\/229605\/revisions"}],"wp:featuredmedia":[{"embeddable":true,"href":"https:\/\/kapitalis.com\/tunisie\/wp-json\/wp\/v2\/media\/229610"}],"wp:attachment":[{"href":"https:\/\/kapitalis.com\/tunisie\/wp-json\/wp\/v2\/media?parent=229605"}],"wp:term":[{"taxonomy":"category","embeddable":true,"href":"https:\/\/kapitalis.com\/tunisie\/wp-json\/wp\/v2\/categories?post=229605"},{"taxonomy":"post_tag","embeddable":true,"href":"https:\/\/kapitalis.com\/tunisie\/wp-json\/wp\/v2\/tags?post=229605"}],"curies":[{"name":"wp","href":"https:\/\/api.w.org\/{rel}","templated":true}]}}