{"id":230136,"date":"2019-08-01T14:45:34","date_gmt":"2019-08-01T13:45:34","guid":{"rendered":"http:\/\/kapitalis.com\/tunisie\/?p=230136"},"modified":"2019-08-01T14:50:21","modified_gmt":"2019-08-01T13:50:21","slug":"ceremonie-dinvestiture-de-mohamed-ennaceur-au-palais-de-carthage-photos-video","status":"publish","type":"post","link":"https:\/\/kapitalis.com\/tunisie\/2019\/08\/01\/ceremonie-dinvestiture-de-mohamed-ennaceur-au-palais-de-carthage-photos-video\/","title":{"rendered":"C\u00e9r\u00e9monie d\u2019investiture de Mohamed Ennaceur au Palais de Carthage (Photos-vid\u00e9o)"},"content":{"rendered":"\n<figure class=\"wp-block-image\"><img decoding=\"async\" src=\"http:\/\/kapitalis.com\/tunisie\/wp-content\/uploads\/2019\/08\/Mohamed-Ennaceur-Carthage-c\u00e9r\u00e9monie.jpg\" alt=\"\" class=\"wp-image-230144\"\/><\/figure>\n\n\n\n<p><strong><em>Mohamed Ennaceur, pr\u00e9sident de la r\u00e9publique par int\u00e9rim depuis le d\u00e9c\u00e8s, jeudi 25 juillet 2019, du regrett\u00e9 pr\u00e9sident B\u00e9ji Ca\u00efd Essebsi, a eu le droit aujourd&rsquo;hui, jeudi 1er ao\u00fbt, \u00e0 une c\u00e9r\u00e9monie d&rsquo;investiture officielle au Palais de Carthage.<\/em><\/strong><\/p>\n\n\n\n<!--more-->\n\n\n\n<p>Comme le veut la coutume, Mohamed Ennaceur, a en sa qualit\u00e9 de pr\u00e9sident de la r\u00e9publique, a salu\u00e9 le drapeau national et les trois arm\u00e9es, au son de l\u2019hymne national.<\/p>\n\n\n\n<ul class=\"wp-block-gallery columns-2 is-cropped wp-block-gallery-1 is-layout-flex wp-block-gallery-is-layout-flex\"><li class=\"blocks-gallery-item\"><figure><img decoding=\"async\" src=\"http:\/\/kapitalis.com\/tunisie\/wp-content\/uploads\/2019\/08\/Ennaceur4.jpg\" alt=\"\" data-id=\"230145\" data-link=\"http:\/\/kapitalis.com\/tunisie\/?attachment_id=230145\" class=\"wp-image-230145\"\/><\/figure><\/li><li class=\"blocks-gallery-item\"><figure><img decoding=\"async\" src=\"http:\/\/kapitalis.com\/tunisie\/wp-content\/uploads\/2019\/08\/Ennaceur3.jpg\" alt=\"\" data-id=\"230146\" data-link=\"http:\/\/kapitalis.com\/tunisie\/?attachment_id=230146\" class=\"wp-image-230146\"\/><\/figure><\/li><li class=\"blocks-gallery-item\"><figure><img decoding=\"async\" src=\"http:\/\/kapitalis.com\/tunisie\/wp-content\/uploads\/2019\/08\/Ennaceur-2.jpg\" alt=\"\" data-id=\"230147\" data-link=\"http:\/\/kapitalis.com\/tunisie\/?attachment_id=230147\" class=\"wp-image-230147\"\/><\/figure><\/li><\/ul>\n\n\n\n<p>Ancien pr\u00e9sident de l&rsquo;Assembl\u00e9e des repr\u00e9sentant du peuple (ARP), il assurera l&rsquo;int\u00e9rim de la pr\u00e9sidence de la r\u00e9publique pour une p\u00e9riode de 45 \u00e0 90 jours, en vertu des articles 84 et 85 de la constitution. <\/p>\n\n\n\n<figure class=\"wp-block-embed-facebook wp-block-embed is-type-video is-provider-facebook\"><div class=\"wp-block-embed__wrapper\">\nhttps:\/\/www.facebook.com\/Presidence.tn\/videos\/841592606212318\/\n<\/div><\/figure>\n\n\n\n<p>Il devra organiser les \u00e9lections pr\u00e9sidentielles anticip\u00e9es, initialement pr\u00e9vues le 17 novembre prochain et qui ont \u00e9t\u00e9 avanc\u00e9es au 15 septembre, suite au d\u00e9c\u00e8s du <a rel=\"noreferrer noopener\" aria-label=\"regrett\u00e9 pr\u00e9sident de la r\u00e9publique (s\u2019ouvre dans un nouvel onglet)\" href=\"http:\/\/kapitalis.com\/tunisie\/2019\/07\/25\/in-memorian-beji-caid-essebsi-lhomme-des-transitions\/\" target=\"_blank\">regrett\u00e9 pr\u00e9sident de la r\u00e9publique<\/a> et apr\u00e8s consultation de l&rsquo;Instance sup\u00e9rieure ind\u00e9pendante pour les \u00e9lections (Isie).<\/p>\n\n\n\n<p style=\"text-align:right\"><strong>Y. N.<\/strong><\/p>\n\n\n\n<figure class=\"wp-block-embed is-type-rich is-provider-kapitalis\"><div class=\"wp-block-embed__wrapper\">\n<blockquote class=\"wp-embedded-content\" data-secret=\"ZOY0TSLYfB\"><a href=\"https:\/\/kapitalis.com\/tunisie\/2019\/07\/25\/president-de-la-republique-par-interim-mohamed-ennaceur-prete-serment-a-lassemblee-video\/\">Pr\u00e9sident de la r\u00e9publique par int\u00e9rim, Mohamed Ennaceur pr\u00eate serment \u00e0 l&rsquo;Assembl\u00e9e (vid\u00e9o)<\/a><\/blockquote><iframe loading=\"lazy\" class=\"wp-embedded-content\" sandbox=\"allow-scripts\" security=\"restricted\" style=\"position: absolute; clip: rect(1px, 1px, 1px, 1px);\" title=\"\u00ab\u00a0Pr\u00e9sident de la r\u00e9publique par int\u00e9rim, Mohamed Ennaceur pr\u00eate serment \u00e0 l&rsquo;Assembl\u00e9e (vid\u00e9o)\u00a0\u00bb &#8212; Kapitalis\" src=\"https:\/\/kapitalis.com\/tunisie\/2019\/07\/25\/president-de-la-republique-par-interim-mohamed-ennaceur-prete-serment-a-lassemblee-video\/embed\/#?secret=0HLohtMFUQ#?secret=ZOY0TSLYfB\" data-secret=\"ZOY0TSLYfB\" width=\"600\" height=\"338\" frameborder=\"0\" marginwidth=\"0\" marginheight=\"0\" scrolling=\"no\"><\/iframe>\n<\/div><\/figure>\n\n\n\n<figure class=\"wp-block-embed is-type-rich is-provider-kapitalis\"><div class=\"wp-block-embed__wrapper\">\n<blockquote class=\"wp-embedded-content\" data-secret=\"KwCy1eIjDo\"><a href=\"https:\/\/kapitalis.com\/tunisie\/2019\/07\/25\/apres-le-deces-de-beji-caid-essebsi-mohamed-ennaceur-president-de-la-republique-par-interim-video\/\">Apr\u00e8s le d\u00e9c\u00e8s de B\u00e9ji Ca\u00efd Essebsi, Mohamed Ennaceur pr\u00e9sident de la r\u00e9publique par int\u00e9rim (vid\u00e9o)<\/a><\/blockquote><iframe loading=\"lazy\" class=\"wp-embedded-content\" sandbox=\"allow-scripts\" security=\"restricted\" style=\"position: absolute; clip: rect(1px, 1px, 1px, 1px);\" title=\"\u00ab\u00a0Apr\u00e8s le d\u00e9c\u00e8s de B\u00e9ji Ca\u00efd Essebsi, Mohamed Ennaceur pr\u00e9sident de la r\u00e9publique par int\u00e9rim (vid\u00e9o)\u00a0\u00bb &#8212; Kapitalis\" src=\"https:\/\/kapitalis.com\/tunisie\/2019\/07\/25\/apres-le-deces-de-beji-caid-essebsi-mohamed-ennaceur-president-de-la-republique-par-interim-video\/embed\/#?secret=hCC4NDA3jw#?secret=KwCy1eIjDo\" data-secret=\"KwCy1eIjDo\" width=\"600\" height=\"338\" frameborder=\"0\" marginwidth=\"0\" marginheight=\"0\" scrolling=\"no\"><\/iframe>\n<\/div><\/figure>\n","protected":false},"excerpt":{"rendered":"<p>Mohamed Ennaceur, pr\u00e9sident de la r\u00e9publique par int\u00e9rim depuis le d\u00e9c\u00e8s, jeudi 25 juillet 2019, du regrett\u00e9 pr\u00e9sident B\u00e9ji Ca\u00efd Essebsi, a eu le droit aujourd&rsquo;hui, jeudi 1er ao\u00fbt, \u00e0 une c\u00e9r\u00e9monie d&rsquo;investiture officielle au Palais de Carthage.<\/p>\n","protected":false},"author":6,"featured_media":230144,"comment_status":"open","ping_status":"open","sticky":false,"template":"","format":"standard","meta":{"footnotes":""},"categories":[997,2433,4806],"tags":[93,1108,9314,1710,2225,2645],"class_list":["post-230136","post","type-post","status-publish","format-standard","has-post-thumbnail","hentry","category-politique","category-tunisie","category-videos","tag-assemblee","tag-beji-caid-essebsi","tag-elections-presidentielles","tag-mohamed-ennaceur","tag-palais-de-carthage","tag-president-de-la-republique"],"yoast_head":"<!-- This site is optimized with the Yoast SEO plugin v26.6 - https:\/\/yoast.com\/wordpress\/plugins\/seo\/ -->\n<title>C\u00e9r\u00e9monie d\u2019investiture de Mohamed Ennaceur au Palais de Carthage (Photos-vid\u00e9o) - Kapitalis<\/title>\n<meta name=\"robots\" content=\"index, follow, max-snippet:-1, max-image-preview:large, max-video-preview:-1\" \/>\n<link rel=\"canonical\" href=\"https:\/\/kapitalis.com\/tunisie\/2019\/08\/01\/ceremonie-dinvestiture-de-mohamed-ennaceur-au-palais-de-carthage-photos-video\/\" \/>\n<meta property=\"og:locale\" content=\"fr_FR\" \/>\n<meta property=\"og:type\" content=\"article\" \/>\n<meta property=\"og:title\" content=\"C\u00e9r\u00e9monie d\u2019investiture de Mohamed Ennaceur au Palais de Carthage (Photos-vid\u00e9o) - Kapitalis\" \/>\n<meta property=\"og:description\" content=\"Mohamed Ennaceur, pr\u00e9sident de la r\u00e9publique par int\u00e9rim depuis le d\u00e9c\u00e8s, jeudi 25 juillet 2019, du regrett\u00e9 pr\u00e9sident B\u00e9ji Ca\u00efd Essebsi, a eu le droit aujourd&rsquo;hui, jeudi 1er ao\u00fbt, \u00e0 une c\u00e9r\u00e9monie d&rsquo;investiture officielle au Palais de Carthage.\" \/>\n<meta property=\"og:url\" content=\"https:\/\/kapitalis.com\/tunisie\/2019\/08\/01\/ceremonie-dinvestiture-de-mohamed-ennaceur-au-palais-de-carthage-photos-video\/\" \/>\n<meta property=\"og:site_name\" content=\"Kapitalis\" \/>\n<meta property=\"article:publisher\" content=\"https:\/\/www.facebook.com\/KapitalisInfo\/\" \/>\n<meta property=\"article:published_time\" content=\"2019-08-01T13:45:34+00:00\" \/>\n<meta property=\"article:modified_time\" content=\"2019-08-01T13:50:21+00:00\" \/>\n<meta property=\"og:image\" content=\"https:\/\/kapitalis.com\/tunisie\/wp-content\/uploads\/2022\/05\/kapitalis-logo-fb.png\" \/>\n\t<meta property=\"og:image:width\" content=\"1200\" \/>\n\t<meta property=\"og:image:height\" content=\"630\" \/>\n\t<meta property=\"og:image:type\" content=\"image\/png\" \/>\n<meta name=\"author\" content=\"Yusra NY\" \/>\n<meta name=\"twitter:card\" content=\"summary_large_image\" \/>\n<meta name=\"twitter:creator\" content=\"@KapitalisInfo\" \/>\n<meta name=\"twitter:site\" content=\"@KapitalisInfo\" \/>\n<meta name=\"twitter:label1\" content=\"\u00c9crit par\" \/>\n\t<meta name=\"twitter:data1\" content=\"Yusra NY\" \/>\n\t<meta name=\"twitter:label2\" content=\"Dur\u00e9e de lecture estim\u00e9e\" \/>\n\t<meta name=\"twitter:data2\" content=\"1 minute\" \/>\n<script type=\"application\/ld+json\" class=\"yoast-schema-graph\">{\"@context\":\"https:\/\/schema.org\",\"@graph\":[{\"@type\":\"Article\",\"@id\":\"https:\/\/kapitalis.com\/tunisie\/2019\/08\/01\/ceremonie-dinvestiture-de-mohamed-ennaceur-au-palais-de-carthage-photos-video\/#article\",\"isPartOf\":{\"@id\":\"https:\/\/kapitalis.com\/tunisie\/2019\/08\/01\/ceremonie-dinvestiture-de-mohamed-ennaceur-au-palais-de-carthage-photos-video\/\"},\"author\":{\"name\":\"Yusra NY\",\"@id\":\"https:\/\/kapitalis.com\/tunisie\/#\/schema\/person\/74bbde0154d49d790a92aaeac5bc01d5\"},\"headline\":\"C\u00e9r\u00e9monie d\u2019investiture de Mohamed Ennaceur au Palais de Carthage (Photos-vid\u00e9o)\",\"datePublished\":\"2019-08-01T13:45:34+00:00\",\"dateModified\":\"2019-08-01T13:50:21+00:00\",\"mainEntityOfPage\":{\"@id\":\"https:\/\/kapitalis.com\/tunisie\/2019\/08\/01\/ceremonie-dinvestiture-de-mohamed-ennaceur-au-palais-de-carthage-photos-video\/\"},\"wordCount\":201,\"commentCount\":0,\"publisher\":{\"@id\":\"https:\/\/kapitalis.com\/tunisie\/#organization\"},\"image\":{\"@id\":\"https:\/\/kapitalis.com\/tunisie\/2019\/08\/01\/ceremonie-dinvestiture-de-mohamed-ennaceur-au-palais-de-carthage-photos-video\/#primaryimage\"},\"thumbnailUrl\":\"\",\"keywords\":[\"Assembl\u00e9e\",\"B\u00e9ji Ca\u00efd Essebsi\",\"\u00e9lections pr\u00e9sidentielles\",\"Mohamed Ennaceur\",\"palais de Carthage\",\"pr\u00e9sident de la r\u00e9publique\"],\"articleSection\":[\"POLITIQUE\",\"Tunisie\",\"VIDEOS\"],\"inLanguage\":\"fr-FR\",\"potentialAction\":[{\"@type\":\"CommentAction\",\"name\":\"Comment\",\"target\":[\"https:\/\/kapitalis.com\/tunisie\/2019\/08\/01\/ceremonie-dinvestiture-de-mohamed-ennaceur-au-palais-de-carthage-photos-video\/#respond\"]}]},{\"@type\":\"WebPage\",\"@id\":\"https:\/\/kapitalis.com\/tunisie\/2019\/08\/01\/ceremonie-dinvestiture-de-mohamed-ennaceur-au-palais-de-carthage-photos-video\/\",\"url\":\"https:\/\/kapitalis.com\/tunisie\/2019\/08\/01\/ceremonie-dinvestiture-de-mohamed-ennaceur-au-palais-de-carthage-photos-video\/\",\"name\":\"C\u00e9r\u00e9monie d\u2019investiture de Mohamed Ennaceur au Palais de Carthage (Photos-vid\u00e9o) - Kapitalis\",\"isPartOf\":{\"@id\":\"https:\/\/kapitalis.com\/tunisie\/#website\"},\"primaryImageOfPage\":{\"@id\":\"https:\/\/kapitalis.com\/tunisie\/2019\/08\/01\/ceremonie-dinvestiture-de-mohamed-ennaceur-au-palais-de-carthage-photos-video\/#primaryimage\"},\"image\":{\"@id\":\"https:\/\/kapitalis.com\/tunisie\/2019\/08\/01\/ceremonie-dinvestiture-de-mohamed-ennaceur-au-palais-de-carthage-photos-video\/#primaryimage\"},\"thumbnailUrl\":\"\",\"datePublished\":\"2019-08-01T13:45:34+00:00\",\"dateModified\":\"2019-08-01T13:50:21+00:00\",\"breadcrumb\":{\"@id\":\"https:\/\/kapitalis.com\/tunisie\/2019\/08\/01\/ceremonie-dinvestiture-de-mohamed-ennaceur-au-palais-de-carthage-photos-video\/#breadcrumb\"},\"inLanguage\":\"fr-FR\",\"potentialAction\":[{\"@type\":\"ReadAction\",\"target\":[\"https:\/\/kapitalis.com\/tunisie\/2019\/08\/01\/ceremonie-dinvestiture-de-mohamed-ennaceur-au-palais-de-carthage-photos-video\/\"]}]},{\"@type\":\"ImageObject\",\"inLanguage\":\"fr-FR\",\"@id\":\"https:\/\/kapitalis.com\/tunisie\/2019\/08\/01\/ceremonie-dinvestiture-de-mohamed-ennaceur-au-palais-de-carthage-photos-video\/#primaryimage\",\"url\":\"\",\"contentUrl\":\"\"},{\"@type\":\"BreadcrumbList\",\"@id\":\"https:\/\/kapitalis.com\/tunisie\/2019\/08\/01\/ceremonie-dinvestiture-de-mohamed-ennaceur-au-palais-de-carthage-photos-video\/#breadcrumb\",\"itemListElement\":[{\"@type\":\"ListItem\",\"position\":1,\"name\":\"Accueil\",\"item\":\"https:\/\/kapitalis.com\/tunisie\/\"},{\"@type\":\"ListItem\",\"position\":2,\"name\":\"C\u00e9r\u00e9monie d\u2019investiture de Mohamed Ennaceur au Palais de Carthage (Photos-vid\u00e9o)\"}]},{\"@type\":\"WebSite\",\"@id\":\"https:\/\/kapitalis.com\/tunisie\/#website\",\"url\":\"https:\/\/kapitalis.com\/tunisie\/\",\"name\":\"Kapitalis\",\"description\":\"L&#039;actualit\u00e9 en Tunisie et dans le monde\",\"publisher\":{\"@id\":\"https:\/\/kapitalis.com\/tunisie\/#organization\"},\"potentialAction\":[{\"@type\":\"SearchAction\",\"target\":{\"@type\":\"EntryPoint\",\"urlTemplate\":\"https:\/\/kapitalis.com\/tunisie\/?s={search_term_string}\"},\"query-input\":{\"@type\":\"PropertyValueSpecification\",\"valueRequired\":true,\"valueName\":\"search_term_string\"}}],\"inLanguage\":\"fr-FR\"},{\"@type\":\"Organization\",\"@id\":\"https:\/\/kapitalis.com\/tunisie\/#organization\",\"name\":\"Kapitalis\",\"url\":\"https:\/\/kapitalis.com\/tunisie\/\",\"logo\":{\"@type\":\"ImageObject\",\"inLanguage\":\"fr-FR\",\"@id\":\"https:\/\/kapitalis.com\/tunisie\/#\/schema\/logo\/image\/\",\"url\":\"https:\/\/kapitalis.com\/tunisie\/wp-content\/uploads\/2022\/05\/Kapitalis-big-size.png\",\"contentUrl\":\"https:\/\/kapitalis.com\/tunisie\/wp-content\/uploads\/2022\/05\/Kapitalis-big-size.png\",\"width\":5000,\"height\":1500,\"caption\":\"Kapitalis\"},\"image\":{\"@id\":\"https:\/\/kapitalis.com\/tunisie\/#\/schema\/logo\/image\/\"},\"sameAs\":[\"https:\/\/www.facebook.com\/KapitalisInfo\/\",\"https:\/\/x.com\/KapitalisInfo\",\"https:\/\/www.youtube.com\/channel\/UC-yDYrHyfFBWWZaOw3FPg9Q\"]},{\"@type\":\"Person\",\"@id\":\"https:\/\/kapitalis.com\/tunisie\/#\/schema\/person\/74bbde0154d49d790a92aaeac5bc01d5\",\"name\":\"Yusra NY\",\"url\":\"https:\/\/kapitalis.com\/tunisie\/author\/yuza_adam\/\"}]}<\/script>\n<!-- \/ Yoast SEO plugin. -->","yoast_head_json":{"title":"C\u00e9r\u00e9monie d\u2019investiture de Mohamed Ennaceur au Palais de Carthage (Photos-vid\u00e9o) - Kapitalis","robots":{"index":"index","follow":"follow","max-snippet":"max-snippet:-1","max-image-preview":"max-image-preview:large","max-video-preview":"max-video-preview:-1"},"canonical":"https:\/\/kapitalis.com\/tunisie\/2019\/08\/01\/ceremonie-dinvestiture-de-mohamed-ennaceur-au-palais-de-carthage-photos-video\/","og_locale":"fr_FR","og_type":"article","og_title":"C\u00e9r\u00e9monie d\u2019investiture de Mohamed Ennaceur au Palais de Carthage (Photos-vid\u00e9o) - Kapitalis","og_description":"Mohamed Ennaceur, pr\u00e9sident de la r\u00e9publique par int\u00e9rim depuis le d\u00e9c\u00e8s, jeudi 25 juillet 2019, du regrett\u00e9 pr\u00e9sident B\u00e9ji Ca\u00efd Essebsi, a eu le droit aujourd&rsquo;hui, jeudi 1er ao\u00fbt, \u00e0 une c\u00e9r\u00e9monie d&rsquo;investiture officielle au Palais de Carthage.","og_url":"https:\/\/kapitalis.com\/tunisie\/2019\/08\/01\/ceremonie-dinvestiture-de-mohamed-ennaceur-au-palais-de-carthage-photos-video\/","og_site_name":"Kapitalis","article_publisher":"https:\/\/www.facebook.com\/KapitalisInfo\/","article_published_time":"2019-08-01T13:45:34+00:00","article_modified_time":"2019-08-01T13:50:21+00:00","og_image":[{"width":1200,"height":630,"url":"https:\/\/kapitalis.com\/tunisie\/wp-content\/uploads\/2022\/05\/kapitalis-logo-fb.png","type":"image\/png"}],"author":"Yusra NY","twitter_card":"summary_large_image","twitter_creator":"@KapitalisInfo","twitter_site":"@KapitalisInfo","twitter_misc":{"\u00c9crit par":"Yusra NY","Dur\u00e9e de lecture estim\u00e9e":"1 minute"},"schema":{"@context":"https:\/\/schema.org","@graph":[{"@type":"Article","@id":"https:\/\/kapitalis.com\/tunisie\/2019\/08\/01\/ceremonie-dinvestiture-de-mohamed-ennaceur-au-palais-de-carthage-photos-video\/#article","isPartOf":{"@id":"https:\/\/kapitalis.com\/tunisie\/2019\/08\/01\/ceremonie-dinvestiture-de-mohamed-ennaceur-au-palais-de-carthage-photos-video\/"},"author":{"name":"Yusra NY","@id":"https:\/\/kapitalis.com\/tunisie\/#\/schema\/person\/74bbde0154d49d790a92aaeac5bc01d5"},"headline":"C\u00e9r\u00e9monie d\u2019investiture de Mohamed Ennaceur au Palais de Carthage (Photos-vid\u00e9o)","datePublished":"2019-08-01T13:45:34+00:00","dateModified":"2019-08-01T13:50:21+00:00","mainEntityOfPage":{"@id":"https:\/\/kapitalis.com\/tunisie\/2019\/08\/01\/ceremonie-dinvestiture-de-mohamed-ennaceur-au-palais-de-carthage-photos-video\/"},"wordCount":201,"commentCount":0,"publisher":{"@id":"https:\/\/kapitalis.com\/tunisie\/#organization"},"image":{"@id":"https:\/\/kapitalis.com\/tunisie\/2019\/08\/01\/ceremonie-dinvestiture-de-mohamed-ennaceur-au-palais-de-carthage-photos-video\/#primaryimage"},"thumbnailUrl":"","keywords":["Assembl\u00e9e","B\u00e9ji Ca\u00efd Essebsi","\u00e9lections pr\u00e9sidentielles","Mohamed Ennaceur","palais de Carthage","pr\u00e9sident de la r\u00e9publique"],"articleSection":["POLITIQUE","Tunisie","VIDEOS"],"inLanguage":"fr-FR","potentialAction":[{"@type":"CommentAction","name":"Comment","target":["https:\/\/kapitalis.com\/tunisie\/2019\/08\/01\/ceremonie-dinvestiture-de-mohamed-ennaceur-au-palais-de-carthage-photos-video\/#respond"]}]},{"@type":"WebPage","@id":"https:\/\/kapitalis.com\/tunisie\/2019\/08\/01\/ceremonie-dinvestiture-de-mohamed-ennaceur-au-palais-de-carthage-photos-video\/","url":"https:\/\/kapitalis.com\/tunisie\/2019\/08\/01\/ceremonie-dinvestiture-de-mohamed-ennaceur-au-palais-de-carthage-photos-video\/","name":"C\u00e9r\u00e9monie d\u2019investiture de Mohamed Ennaceur au Palais de Carthage (Photos-vid\u00e9o) - Kapitalis","isPartOf":{"@id":"https:\/\/kapitalis.com\/tunisie\/#website"},"primaryImageOfPage":{"@id":"https:\/\/kapitalis.com\/tunisie\/2019\/08\/01\/ceremonie-dinvestiture-de-mohamed-ennaceur-au-palais-de-carthage-photos-video\/#primaryimage"},"image":{"@id":"https:\/\/kapitalis.com\/tunisie\/2019\/08\/01\/ceremonie-dinvestiture-de-mohamed-ennaceur-au-palais-de-carthage-photos-video\/#primaryimage"},"thumbnailUrl":"","datePublished":"2019-08-01T13:45:34+00:00","dateModified":"2019-08-01T13:50:21+00:00","breadcrumb":{"@id":"https:\/\/kapitalis.com\/tunisie\/2019\/08\/01\/ceremonie-dinvestiture-de-mohamed-ennaceur-au-palais-de-carthage-photos-video\/#breadcrumb"},"inLanguage":"fr-FR","potentialAction":[{"@type":"ReadAction","target":["https:\/\/kapitalis.com\/tunisie\/2019\/08\/01\/ceremonie-dinvestiture-de-mohamed-ennaceur-au-palais-de-carthage-photos-video\/"]}]},{"@type":"ImageObject","inLanguage":"fr-FR","@id":"https:\/\/kapitalis.com\/tunisie\/2019\/08\/01\/ceremonie-dinvestiture-de-mohamed-ennaceur-au-palais-de-carthage-photos-video\/#primaryimage","url":"","contentUrl":""},{"@type":"BreadcrumbList","@id":"https:\/\/kapitalis.com\/tunisie\/2019\/08\/01\/ceremonie-dinvestiture-de-mohamed-ennaceur-au-palais-de-carthage-photos-video\/#breadcrumb","itemListElement":[{"@type":"ListItem","position":1,"name":"Accueil","item":"https:\/\/kapitalis.com\/tunisie\/"},{"@type":"ListItem","position":2,"name":"C\u00e9r\u00e9monie d\u2019investiture de Mohamed Ennaceur au Palais de Carthage (Photos-vid\u00e9o)"}]},{"@type":"WebSite","@id":"https:\/\/kapitalis.com\/tunisie\/#website","url":"https:\/\/kapitalis.com\/tunisie\/","name":"Kapitalis","description":"L&#039;actualit\u00e9 en Tunisie et dans le monde","publisher":{"@id":"https:\/\/kapitalis.com\/tunisie\/#organization"},"potentialAction":[{"@type":"SearchAction","target":{"@type":"EntryPoint","urlTemplate":"https:\/\/kapitalis.com\/tunisie\/?s={search_term_string}"},"query-input":{"@type":"PropertyValueSpecification","valueRequired":true,"valueName":"search_term_string"}}],"inLanguage":"fr-FR"},{"@type":"Organization","@id":"https:\/\/kapitalis.com\/tunisie\/#organization","name":"Kapitalis","url":"https:\/\/kapitalis.com\/tunisie\/","logo":{"@type":"ImageObject","inLanguage":"fr-FR","@id":"https:\/\/kapitalis.com\/tunisie\/#\/schema\/logo\/image\/","url":"https:\/\/kapitalis.com\/tunisie\/wp-content\/uploads\/2022\/05\/Kapitalis-big-size.png","contentUrl":"https:\/\/kapitalis.com\/tunisie\/wp-content\/uploads\/2022\/05\/Kapitalis-big-size.png","width":5000,"height":1500,"caption":"Kapitalis"},"image":{"@id":"https:\/\/kapitalis.com\/tunisie\/#\/schema\/logo\/image\/"},"sameAs":["https:\/\/www.facebook.com\/KapitalisInfo\/","https:\/\/x.com\/KapitalisInfo","https:\/\/www.youtube.com\/channel\/UC-yDYrHyfFBWWZaOw3FPg9Q"]},{"@type":"Person","@id":"https:\/\/kapitalis.com\/tunisie\/#\/schema\/person\/74bbde0154d49d790a92aaeac5bc01d5","name":"Yusra NY","url":"https:\/\/kapitalis.com\/tunisie\/author\/yuza_adam\/"}]}},"_links":{"self":[{"href":"https:\/\/kapitalis.com\/tunisie\/wp-json\/wp\/v2\/posts\/230136","targetHints":{"allow":["GET"]}}],"collection":[{"href":"https:\/\/kapitalis.com\/tunisie\/wp-json\/wp\/v2\/posts"}],"about":[{"href":"https:\/\/kapitalis.com\/tunisie\/wp-json\/wp\/v2\/types\/post"}],"author":[{"embeddable":true,"href":"https:\/\/kapitalis.com\/tunisie\/wp-json\/wp\/v2\/users\/6"}],"replies":[{"embeddable":true,"href":"https:\/\/kapitalis.com\/tunisie\/wp-json\/wp\/v2\/comments?post=230136"}],"version-history":[{"count":0,"href":"https:\/\/kapitalis.com\/tunisie\/wp-json\/wp\/v2\/posts\/230136\/revisions"}],"wp:featuredmedia":[{"embeddable":true,"href":"https:\/\/kapitalis.com\/tunisie\/wp-json\/wp\/v2\/media\/230144"}],"wp:attachment":[{"href":"https:\/\/kapitalis.com\/tunisie\/wp-json\/wp\/v2\/media?parent=230136"}],"wp:term":[{"taxonomy":"category","embeddable":true,"href":"https:\/\/kapitalis.com\/tunisie\/wp-json\/wp\/v2\/categories?post=230136"},{"taxonomy":"post_tag","embeddable":true,"href":"https:\/\/kapitalis.com\/tunisie\/wp-json\/wp\/v2\/tags?post=230136"}],"curies":[{"name":"wp","href":"https:\/\/api.w.org\/{rel}","templated":true}]}}