{"id":230237,"date":"2019-08-01T17:56:04","date_gmt":"2019-08-01T16:56:04","guid":{"rendered":"http:\/\/kapitalis.com\/tunisie\/?p=230237"},"modified":"2019-08-01T18:07:03","modified_gmt":"2019-08-01T17:07:03","slug":"ce-soir-sur-watania-1-interview-du-chef-du-gouvernement-youssef-chahed","status":"publish","type":"post","link":"https:\/\/kapitalis.com\/tunisie\/2019\/08\/01\/ce-soir-sur-watania-1-interview-du-chef-du-gouvernement-youssef-chahed\/","title":{"rendered":"Ce soir sur Watania 1, interview du chef du gouvernement Youssef Chahed"},"content":{"rendered":"\n<figure class=\"wp-block-image\"><img decoding=\"async\" src=\"http:\/\/kapitalis.com\/tunisie\/wp-content\/uploads\/2019\/08\/Youssef-Chahed-Watania-1.jpg\" alt=\"\" class=\"wp-image-230239\"\/><figcaption><em>Affiche publi\u00e9e par la pr\u00e9sidence du gouvernement.<\/em><\/figcaption><\/figure>\n\n\n\n<p><strong><em>Une interview du chef du gouvernement, Youssef Chahed, sera diffus\u00e9e ce soir, apr\u00e8s le 20 heures, sur la cha\u00eene nationale Wataniya 1. Elle sera diffus\u00e9e en simultan\u00e9e sur Hannibal TV et sur les ondes de Shems FM.<\/em><\/strong><\/p>\n\n\n\n<!--more-->\n\n\n\n<p>C&rsquo;est ce qu&rsquo;a indiqu\u00e9 la pr\u00e9sidence du gouvernement, dans un communiqu\u00e9 publi\u00e9 cet apr\u00e8s-midi, sans pr\u00e9ciser les sujets qui seront \u00e9voqu\u00e9s par M. Chahed lors de cette interview, diffus\u00e9e apr\u00e8s les 7 jours de deuil d\u00e9cr\u00e9t\u00e9s par le gouvernement suite au d\u00e9c\u00e8s du regrett\u00e9 pr\u00e9sident de la r\u00e9publique B\u00e9ji Ca\u00efd Essebsi (25 juillet).<\/p>\n\n\n\n<p>Elle est diffus\u00e9e, \u00e9galement, la veille du d\u00e9marrage des d\u00e9p\u00f4ts des candidatures \u00e0 la pr\u00e9sidentielle du 15 septembre 2019, un scrutin auquel le chef du gouvernement pourrait prendre part, mais s&rsquo;il ne s&rsquo;est pas encore exprim\u00e9 sur ce sujet.<\/p>\n\n\n\n<p>On sait cependant que Youssef Chahed ne voulait pas \u00e9voquer le sujet de son \u00e9ventuelle candidature pour le Palais de Carthage, avant la fin du deuil national, selon une d\u00e9claration, hier, de Selim Azzabi, coordinateur g\u00e9n\u00e9ral de Tahya Tounes. Sera-t-il candidat au palais de Carthage ? C&rsquo;est, on l&rsquo;imagine, la question \u00e0 laquelle la majorit\u00e9 des Tunisiens voudraient le voir r\u00e9pondre ce soir. <\/p>\n\n\n\n<p style=\"text-align:right\"><strong>Y. N.<\/strong><\/p>\n\n\n\n<figure class=\"wp-block-embed is-type-rich is-provider-kapitalis\"><div class=\"wp-block-embed__wrapper\">\n<blockquote class=\"wp-embedded-content\" data-secret=\"hqiF2VYK7g\"><a href=\"https:\/\/kapitalis.com\/tunisie\/2019\/07\/31\/selim-azzabi-tahya-tounes-soutient-la-candidature-de-youssef-chahed-a-la-presidentielle\/\">Selim Azzabi : \u00abTahya Tounes soutient la candidature de Youssef Chahed \u00e0 la pr\u00e9sidentielle\u00bb<\/a><\/blockquote><iframe loading=\"lazy\" class=\"wp-embedded-content\" sandbox=\"allow-scripts\" security=\"restricted\" style=\"position: absolute; clip: rect(1px, 1px, 1px, 1px);\" title=\"\u00ab\u00a0Selim Azzabi : \u00abTahya Tounes soutient la candidature de Youssef Chahed \u00e0 la pr\u00e9sidentielle\u00bb\u00a0\u00bb &#8212; Kapitalis\" src=\"https:\/\/kapitalis.com\/tunisie\/2019\/07\/31\/selim-azzabi-tahya-tounes-soutient-la-candidature-de-youssef-chahed-a-la-presidentielle\/embed\/#?secret=gofRJZmaxL#?secret=hqiF2VYK7g\" data-secret=\"hqiF2VYK7g\" width=\"600\" height=\"338\" frameborder=\"0\" marginwidth=\"0\" marginheight=\"0\" scrolling=\"no\"><\/iframe>\n<\/div><\/figure>\n","protected":false},"excerpt":{"rendered":"<p>Une interview du chef du gouvernement, Youssef Chahed, sera diffus\u00e9e ce soir, apr\u00e8s le 20 heures, sur la cha\u00eene nationale Wataniya 1. Elle sera diffus\u00e9e en simultan\u00e9e sur Hannibal TV et sur les ondes de Shems FM.<\/p>\n","protected":false},"author":6,"featured_media":230239,"comment_status":"open","ping_status":"open","sticky":false,"template":"","format":"standard","meta":{"footnotes":""},"categories":[997,2433],"tags":[1108,13242,5287,2691,5734,4375,2104,11246],"class_list":["post-230237","post","type-post","status-publish","format-standard","has-post-thumbnail","hentry","category-politique","category-tunisie","tag-beji-caid-essebsi","tag-chaine-nationale","tag-chef-du-gouvernement","tag-hannibal-tv","tag-interview","tag-presidentielles","tag-shems-fm","tag-youssef-chahed"],"yoast_head":"<!-- This site is optimized with the Yoast SEO plugin v26.6 - https:\/\/yoast.com\/wordpress\/plugins\/seo\/ -->\n<title>Ce soir sur Watania 1, interview du chef du gouvernement Youssef Chahed - Kapitalis<\/title>\n<meta name=\"robots\" content=\"index, follow, max-snippet:-1, max-image-preview:large, max-video-preview:-1\" \/>\n<link rel=\"canonical\" href=\"https:\/\/kapitalis.com\/tunisie\/2019\/08\/01\/ce-soir-sur-watania-1-interview-du-chef-du-gouvernement-youssef-chahed\/\" \/>\n<meta property=\"og:locale\" content=\"fr_FR\" \/>\n<meta property=\"og:type\" content=\"article\" \/>\n<meta property=\"og:title\" content=\"Ce soir sur Watania 1, interview du chef du gouvernement Youssef Chahed - Kapitalis\" \/>\n<meta property=\"og:description\" content=\"Une interview du chef du gouvernement, Youssef Chahed, sera diffus\u00e9e ce soir, apr\u00e8s le 20 heures, sur la cha\u00eene nationale Wataniya 1. Elle sera diffus\u00e9e en simultan\u00e9e sur Hannibal TV et sur les ondes de Shems FM.\" \/>\n<meta property=\"og:url\" content=\"https:\/\/kapitalis.com\/tunisie\/2019\/08\/01\/ce-soir-sur-watania-1-interview-du-chef-du-gouvernement-youssef-chahed\/\" \/>\n<meta property=\"og:site_name\" content=\"Kapitalis\" \/>\n<meta property=\"article:publisher\" content=\"https:\/\/www.facebook.com\/KapitalisInfo\/\" \/>\n<meta property=\"article:published_time\" content=\"2019-08-01T16:56:04+00:00\" \/>\n<meta property=\"article:modified_time\" content=\"2019-08-01T17:07:03+00:00\" \/>\n<meta property=\"og:image\" content=\"https:\/\/kapitalis.com\/tunisie\/wp-content\/uploads\/2022\/05\/kapitalis-logo-fb.png\" \/>\n\t<meta property=\"og:image:width\" content=\"1200\" \/>\n\t<meta property=\"og:image:height\" content=\"630\" \/>\n\t<meta property=\"og:image:type\" content=\"image\/png\" \/>\n<meta name=\"author\" content=\"Yusra NY\" \/>\n<meta name=\"twitter:card\" content=\"summary_large_image\" \/>\n<meta name=\"twitter:creator\" content=\"@KapitalisInfo\" \/>\n<meta name=\"twitter:site\" content=\"@KapitalisInfo\" \/>\n<meta name=\"twitter:label1\" content=\"\u00c9crit par\" \/>\n\t<meta name=\"twitter:data1\" content=\"Yusra NY\" \/>\n\t<meta name=\"twitter:label2\" content=\"Dur\u00e9e de lecture estim\u00e9e\" \/>\n\t<meta name=\"twitter:data2\" content=\"1 minute\" \/>\n<script type=\"application\/ld+json\" class=\"yoast-schema-graph\">{\"@context\":\"https:\/\/schema.org\",\"@graph\":[{\"@type\":\"Article\",\"@id\":\"https:\/\/kapitalis.com\/tunisie\/2019\/08\/01\/ce-soir-sur-watania-1-interview-du-chef-du-gouvernement-youssef-chahed\/#article\",\"isPartOf\":{\"@id\":\"https:\/\/kapitalis.com\/tunisie\/2019\/08\/01\/ce-soir-sur-watania-1-interview-du-chef-du-gouvernement-youssef-chahed\/\"},\"author\":{\"name\":\"Yusra NY\",\"@id\":\"https:\/\/kapitalis.com\/tunisie\/#\/schema\/person\/74bbde0154d49d790a92aaeac5bc01d5\"},\"headline\":\"Ce soir sur Watania 1, interview du chef du gouvernement Youssef Chahed\",\"datePublished\":\"2019-08-01T16:56:04+00:00\",\"dateModified\":\"2019-08-01T17:07:03+00:00\",\"mainEntityOfPage\":{\"@id\":\"https:\/\/kapitalis.com\/tunisie\/2019\/08\/01\/ce-soir-sur-watania-1-interview-du-chef-du-gouvernement-youssef-chahed\/\"},\"wordCount\":239,\"commentCount\":2,\"publisher\":{\"@id\":\"https:\/\/kapitalis.com\/tunisie\/#organization\"},\"image\":{\"@id\":\"https:\/\/kapitalis.com\/tunisie\/2019\/08\/01\/ce-soir-sur-watania-1-interview-du-chef-du-gouvernement-youssef-chahed\/#primaryimage\"},\"thumbnailUrl\":\"\",\"keywords\":[\"B\u00e9ji Ca\u00efd Essebsi\",\"chaine nationale\",\"chef du gouvernement\",\"Hannibal TV\",\"Interview\",\"pr\u00e9sidentielles\",\"Shems FM\",\"Youssef Chahed\"],\"articleSection\":[\"POLITIQUE\",\"Tunisie\"],\"inLanguage\":\"fr-FR\",\"potentialAction\":[{\"@type\":\"CommentAction\",\"name\":\"Comment\",\"target\":[\"https:\/\/kapitalis.com\/tunisie\/2019\/08\/01\/ce-soir-sur-watania-1-interview-du-chef-du-gouvernement-youssef-chahed\/#respond\"]}]},{\"@type\":\"WebPage\",\"@id\":\"https:\/\/kapitalis.com\/tunisie\/2019\/08\/01\/ce-soir-sur-watania-1-interview-du-chef-du-gouvernement-youssef-chahed\/\",\"url\":\"https:\/\/kapitalis.com\/tunisie\/2019\/08\/01\/ce-soir-sur-watania-1-interview-du-chef-du-gouvernement-youssef-chahed\/\",\"name\":\"Ce soir sur Watania 1, interview du chef du gouvernement Youssef Chahed - Kapitalis\",\"isPartOf\":{\"@id\":\"https:\/\/kapitalis.com\/tunisie\/#website\"},\"primaryImageOfPage\":{\"@id\":\"https:\/\/kapitalis.com\/tunisie\/2019\/08\/01\/ce-soir-sur-watania-1-interview-du-chef-du-gouvernement-youssef-chahed\/#primaryimage\"},\"image\":{\"@id\":\"https:\/\/kapitalis.com\/tunisie\/2019\/08\/01\/ce-soir-sur-watania-1-interview-du-chef-du-gouvernement-youssef-chahed\/#primaryimage\"},\"thumbnailUrl\":\"\",\"datePublished\":\"2019-08-01T16:56:04+00:00\",\"dateModified\":\"2019-08-01T17:07:03+00:00\",\"breadcrumb\":{\"@id\":\"https:\/\/kapitalis.com\/tunisie\/2019\/08\/01\/ce-soir-sur-watania-1-interview-du-chef-du-gouvernement-youssef-chahed\/#breadcrumb\"},\"inLanguage\":\"fr-FR\",\"potentialAction\":[{\"@type\":\"ReadAction\",\"target\":[\"https:\/\/kapitalis.com\/tunisie\/2019\/08\/01\/ce-soir-sur-watania-1-interview-du-chef-du-gouvernement-youssef-chahed\/\"]}]},{\"@type\":\"ImageObject\",\"inLanguage\":\"fr-FR\",\"@id\":\"https:\/\/kapitalis.com\/tunisie\/2019\/08\/01\/ce-soir-sur-watania-1-interview-du-chef-du-gouvernement-youssef-chahed\/#primaryimage\",\"url\":\"\",\"contentUrl\":\"\"},{\"@type\":\"BreadcrumbList\",\"@id\":\"https:\/\/kapitalis.com\/tunisie\/2019\/08\/01\/ce-soir-sur-watania-1-interview-du-chef-du-gouvernement-youssef-chahed\/#breadcrumb\",\"itemListElement\":[{\"@type\":\"ListItem\",\"position\":1,\"name\":\"Accueil\",\"item\":\"https:\/\/kapitalis.com\/tunisie\/\"},{\"@type\":\"ListItem\",\"position\":2,\"name\":\"Ce soir sur Watania 1, interview du chef du gouvernement Youssef Chahed\"}]},{\"@type\":\"WebSite\",\"@id\":\"https:\/\/kapitalis.com\/tunisie\/#website\",\"url\":\"https:\/\/kapitalis.com\/tunisie\/\",\"name\":\"Kapitalis\",\"description\":\"L&#039;actualit\u00e9 en Tunisie et dans le monde\",\"publisher\":{\"@id\":\"https:\/\/kapitalis.com\/tunisie\/#organization\"},\"potentialAction\":[{\"@type\":\"SearchAction\",\"target\":{\"@type\":\"EntryPoint\",\"urlTemplate\":\"https:\/\/kapitalis.com\/tunisie\/?s={search_term_string}\"},\"query-input\":{\"@type\":\"PropertyValueSpecification\",\"valueRequired\":true,\"valueName\":\"search_term_string\"}}],\"inLanguage\":\"fr-FR\"},{\"@type\":\"Organization\",\"@id\":\"https:\/\/kapitalis.com\/tunisie\/#organization\",\"name\":\"Kapitalis\",\"url\":\"https:\/\/kapitalis.com\/tunisie\/\",\"logo\":{\"@type\":\"ImageObject\",\"inLanguage\":\"fr-FR\",\"@id\":\"https:\/\/kapitalis.com\/tunisie\/#\/schema\/logo\/image\/\",\"url\":\"https:\/\/kapitalis.com\/tunisie\/wp-content\/uploads\/2022\/05\/Kapitalis-big-size.png\",\"contentUrl\":\"https:\/\/kapitalis.com\/tunisie\/wp-content\/uploads\/2022\/05\/Kapitalis-big-size.png\",\"width\":5000,\"height\":1500,\"caption\":\"Kapitalis\"},\"image\":{\"@id\":\"https:\/\/kapitalis.com\/tunisie\/#\/schema\/logo\/image\/\"},\"sameAs\":[\"https:\/\/www.facebook.com\/KapitalisInfo\/\",\"https:\/\/x.com\/KapitalisInfo\",\"https:\/\/www.youtube.com\/channel\/UC-yDYrHyfFBWWZaOw3FPg9Q\"]},{\"@type\":\"Person\",\"@id\":\"https:\/\/kapitalis.com\/tunisie\/#\/schema\/person\/74bbde0154d49d790a92aaeac5bc01d5\",\"name\":\"Yusra NY\",\"url\":\"https:\/\/kapitalis.com\/tunisie\/author\/yuza_adam\/\"}]}<\/script>\n<!-- \/ Yoast SEO plugin. -->","yoast_head_json":{"title":"Ce soir sur Watania 1, interview du chef du gouvernement Youssef Chahed - Kapitalis","robots":{"index":"index","follow":"follow","max-snippet":"max-snippet:-1","max-image-preview":"max-image-preview:large","max-video-preview":"max-video-preview:-1"},"canonical":"https:\/\/kapitalis.com\/tunisie\/2019\/08\/01\/ce-soir-sur-watania-1-interview-du-chef-du-gouvernement-youssef-chahed\/","og_locale":"fr_FR","og_type":"article","og_title":"Ce soir sur Watania 1, interview du chef du gouvernement Youssef Chahed - Kapitalis","og_description":"Une interview du chef du gouvernement, Youssef Chahed, sera diffus\u00e9e ce soir, apr\u00e8s le 20 heures, sur la cha\u00eene nationale Wataniya 1. Elle sera diffus\u00e9e en simultan\u00e9e sur Hannibal TV et sur les ondes de Shems FM.","og_url":"https:\/\/kapitalis.com\/tunisie\/2019\/08\/01\/ce-soir-sur-watania-1-interview-du-chef-du-gouvernement-youssef-chahed\/","og_site_name":"Kapitalis","article_publisher":"https:\/\/www.facebook.com\/KapitalisInfo\/","article_published_time":"2019-08-01T16:56:04+00:00","article_modified_time":"2019-08-01T17:07:03+00:00","og_image":[{"width":1200,"height":630,"url":"https:\/\/kapitalis.com\/tunisie\/wp-content\/uploads\/2022\/05\/kapitalis-logo-fb.png","type":"image\/png"}],"author":"Yusra NY","twitter_card":"summary_large_image","twitter_creator":"@KapitalisInfo","twitter_site":"@KapitalisInfo","twitter_misc":{"\u00c9crit par":"Yusra NY","Dur\u00e9e de lecture estim\u00e9e":"1 minute"},"schema":{"@context":"https:\/\/schema.org","@graph":[{"@type":"Article","@id":"https:\/\/kapitalis.com\/tunisie\/2019\/08\/01\/ce-soir-sur-watania-1-interview-du-chef-du-gouvernement-youssef-chahed\/#article","isPartOf":{"@id":"https:\/\/kapitalis.com\/tunisie\/2019\/08\/01\/ce-soir-sur-watania-1-interview-du-chef-du-gouvernement-youssef-chahed\/"},"author":{"name":"Yusra NY","@id":"https:\/\/kapitalis.com\/tunisie\/#\/schema\/person\/74bbde0154d49d790a92aaeac5bc01d5"},"headline":"Ce soir sur Watania 1, interview du chef du gouvernement Youssef Chahed","datePublished":"2019-08-01T16:56:04+00:00","dateModified":"2019-08-01T17:07:03+00:00","mainEntityOfPage":{"@id":"https:\/\/kapitalis.com\/tunisie\/2019\/08\/01\/ce-soir-sur-watania-1-interview-du-chef-du-gouvernement-youssef-chahed\/"},"wordCount":239,"commentCount":2,"publisher":{"@id":"https:\/\/kapitalis.com\/tunisie\/#organization"},"image":{"@id":"https:\/\/kapitalis.com\/tunisie\/2019\/08\/01\/ce-soir-sur-watania-1-interview-du-chef-du-gouvernement-youssef-chahed\/#primaryimage"},"thumbnailUrl":"","keywords":["B\u00e9ji Ca\u00efd Essebsi","chaine nationale","chef du gouvernement","Hannibal TV","Interview","pr\u00e9sidentielles","Shems FM","Youssef Chahed"],"articleSection":["POLITIQUE","Tunisie"],"inLanguage":"fr-FR","potentialAction":[{"@type":"CommentAction","name":"Comment","target":["https:\/\/kapitalis.com\/tunisie\/2019\/08\/01\/ce-soir-sur-watania-1-interview-du-chef-du-gouvernement-youssef-chahed\/#respond"]}]},{"@type":"WebPage","@id":"https:\/\/kapitalis.com\/tunisie\/2019\/08\/01\/ce-soir-sur-watania-1-interview-du-chef-du-gouvernement-youssef-chahed\/","url":"https:\/\/kapitalis.com\/tunisie\/2019\/08\/01\/ce-soir-sur-watania-1-interview-du-chef-du-gouvernement-youssef-chahed\/","name":"Ce soir sur Watania 1, interview du chef du gouvernement Youssef Chahed - Kapitalis","isPartOf":{"@id":"https:\/\/kapitalis.com\/tunisie\/#website"},"primaryImageOfPage":{"@id":"https:\/\/kapitalis.com\/tunisie\/2019\/08\/01\/ce-soir-sur-watania-1-interview-du-chef-du-gouvernement-youssef-chahed\/#primaryimage"},"image":{"@id":"https:\/\/kapitalis.com\/tunisie\/2019\/08\/01\/ce-soir-sur-watania-1-interview-du-chef-du-gouvernement-youssef-chahed\/#primaryimage"},"thumbnailUrl":"","datePublished":"2019-08-01T16:56:04+00:00","dateModified":"2019-08-01T17:07:03+00:00","breadcrumb":{"@id":"https:\/\/kapitalis.com\/tunisie\/2019\/08\/01\/ce-soir-sur-watania-1-interview-du-chef-du-gouvernement-youssef-chahed\/#breadcrumb"},"inLanguage":"fr-FR","potentialAction":[{"@type":"ReadAction","target":["https:\/\/kapitalis.com\/tunisie\/2019\/08\/01\/ce-soir-sur-watania-1-interview-du-chef-du-gouvernement-youssef-chahed\/"]}]},{"@type":"ImageObject","inLanguage":"fr-FR","@id":"https:\/\/kapitalis.com\/tunisie\/2019\/08\/01\/ce-soir-sur-watania-1-interview-du-chef-du-gouvernement-youssef-chahed\/#primaryimage","url":"","contentUrl":""},{"@type":"BreadcrumbList","@id":"https:\/\/kapitalis.com\/tunisie\/2019\/08\/01\/ce-soir-sur-watania-1-interview-du-chef-du-gouvernement-youssef-chahed\/#breadcrumb","itemListElement":[{"@type":"ListItem","position":1,"name":"Accueil","item":"https:\/\/kapitalis.com\/tunisie\/"},{"@type":"ListItem","position":2,"name":"Ce soir sur Watania 1, interview du chef du gouvernement Youssef Chahed"}]},{"@type":"WebSite","@id":"https:\/\/kapitalis.com\/tunisie\/#website","url":"https:\/\/kapitalis.com\/tunisie\/","name":"Kapitalis","description":"L&#039;actualit\u00e9 en Tunisie et dans le monde","publisher":{"@id":"https:\/\/kapitalis.com\/tunisie\/#organization"},"potentialAction":[{"@type":"SearchAction","target":{"@type":"EntryPoint","urlTemplate":"https:\/\/kapitalis.com\/tunisie\/?s={search_term_string}"},"query-input":{"@type":"PropertyValueSpecification","valueRequired":true,"valueName":"search_term_string"}}],"inLanguage":"fr-FR"},{"@type":"Organization","@id":"https:\/\/kapitalis.com\/tunisie\/#organization","name":"Kapitalis","url":"https:\/\/kapitalis.com\/tunisie\/","logo":{"@type":"ImageObject","inLanguage":"fr-FR","@id":"https:\/\/kapitalis.com\/tunisie\/#\/schema\/logo\/image\/","url":"https:\/\/kapitalis.com\/tunisie\/wp-content\/uploads\/2022\/05\/Kapitalis-big-size.png","contentUrl":"https:\/\/kapitalis.com\/tunisie\/wp-content\/uploads\/2022\/05\/Kapitalis-big-size.png","width":5000,"height":1500,"caption":"Kapitalis"},"image":{"@id":"https:\/\/kapitalis.com\/tunisie\/#\/schema\/logo\/image\/"},"sameAs":["https:\/\/www.facebook.com\/KapitalisInfo\/","https:\/\/x.com\/KapitalisInfo","https:\/\/www.youtube.com\/channel\/UC-yDYrHyfFBWWZaOw3FPg9Q"]},{"@type":"Person","@id":"https:\/\/kapitalis.com\/tunisie\/#\/schema\/person\/74bbde0154d49d790a92aaeac5bc01d5","name":"Yusra NY","url":"https:\/\/kapitalis.com\/tunisie\/author\/yuza_adam\/"}]}},"_links":{"self":[{"href":"https:\/\/kapitalis.com\/tunisie\/wp-json\/wp\/v2\/posts\/230237","targetHints":{"allow":["GET"]}}],"collection":[{"href":"https:\/\/kapitalis.com\/tunisie\/wp-json\/wp\/v2\/posts"}],"about":[{"href":"https:\/\/kapitalis.com\/tunisie\/wp-json\/wp\/v2\/types\/post"}],"author":[{"embeddable":true,"href":"https:\/\/kapitalis.com\/tunisie\/wp-json\/wp\/v2\/users\/6"}],"replies":[{"embeddable":true,"href":"https:\/\/kapitalis.com\/tunisie\/wp-json\/wp\/v2\/comments?post=230237"}],"version-history":[{"count":0,"href":"https:\/\/kapitalis.com\/tunisie\/wp-json\/wp\/v2\/posts\/230237\/revisions"}],"wp:featuredmedia":[{"embeddable":true,"href":"https:\/\/kapitalis.com\/tunisie\/wp-json\/wp\/v2\/media\/230239"}],"wp:attachment":[{"href":"https:\/\/kapitalis.com\/tunisie\/wp-json\/wp\/v2\/media?parent=230237"}],"wp:term":[{"taxonomy":"category","embeddable":true,"href":"https:\/\/kapitalis.com\/tunisie\/wp-json\/wp\/v2\/categories?post=230237"},{"taxonomy":"post_tag","embeddable":true,"href":"https:\/\/kapitalis.com\/tunisie\/wp-json\/wp\/v2\/tags?post=230237"}],"curies":[{"name":"wp","href":"https:\/\/api.w.org\/{rel}","templated":true}]}}