{"id":2302654,"date":"2022-07-16T23:30:02","date_gmt":"2022-07-16T22:30:02","guid":{"rendered":"https:\/\/kapitalis.com\/tunisie\/?p=2302654"},"modified":"2022-07-16T23:30:04","modified_gmt":"2022-07-16T22:30:04","slug":"le-pdl-denonce-linterdiction-de-sa-reunion-a-siliana-et-appelle-le-gouvernement-a-prendre-les-mesures-necessaires","status":"publish","type":"post","link":"https:\/\/kapitalis.com\/tunisie\/2022\/07\/16\/le-pdl-denonce-linterdiction-de-sa-reunion-a-siliana-et-appelle-le-gouvernement-a-prendre-les-mesures-necessaires\/","title":{"rendered":"Le PDL d\u00e9nonce l\u2019interdiction de sa r\u00e9union \u00e0 Siliana et appelle le gouvernement \u00e0 prendre les mesures n\u00e9cessaires"},"content":{"rendered":"\n<p><strong><em>Le Parti destourien libre (PDL) a condamn\u00e9 l\u2019interdiction, <strong><em>par les autorit\u00e9s r\u00e9gionales<\/em><\/strong><\/em><\/strong>,<strong><em> de sa r\u00e9union pr\u00e9vue aujourd&rsquo;hui \u00e0 Siliana et appelle le gouvernement \u00e0 prendre les mesures n\u00e9cessaires, tout en d\u00e9non\u00e7ant une violation de son droit et de l&rsquo;engagement de l&rsquo;Etat \u00e0 ne pas entraver le travail partisan.<\/em><\/strong><\/p>\n\n\n\n<!--more-->\n\n\n\n<p>Dans un communiqu\u00e9, publi\u00e9 ce samedi 16 juillet 2022, le PDL \u00e9voque des <em>\u00abd\u00e9passements dangereux\u00bb<\/em> et tient le gouvernement pour responsable, en l&rsquo;appelant \u00e0 demander des comptes aux paries ayant interdit cette <a href=\"https:\/\/www.facebook.com\/100044198567905\/videos\/pcb.611810280302252\/1106024033600324\" target=\"_blank\" rel=\"noreferrer noopener\">r\u00e9union<\/a> autoris\u00e9e.<\/p>\n\n\n\n<p>Le parti pr\u00e9sid\u00e9 par Abir Moussi a \u00e9galement mis en garde le chef de l&rsquo;Etat contre de telles <em>\u00abpratiques r\u00e9pressives ainsi que des attaques perp\u00e9tr\u00e9es contre le parti de l&rsquo;opposition, qui repr\u00e9sente une large cat\u00e9gorie du peuple tunisien, tout en d\u00e9non\u00e7ant des atteintes r\u00e9p\u00e9t\u00e9es et syst\u00e9matiques aux droits des citoyens\u00bb<\/em><\/p>\n\n\n\n<p>D&rsquo;autre part, le PDL a soulign\u00e9<em> \u00abla persistance de ses dirigeants et de ses partisans \u00e0 aller de l&rsquo;avant pour \u00e9clairer le peuple tunisien et faire face au syst\u00e8me de la deuxi\u00e8me version du printemps de destruction\u00bb,<\/em> tout en exprimant sa <em>\u00abd\u00e9termination \u00e0 d\u00e9fendre le concept d&rsquo;Etat de droit et promouvoir le mod\u00e8le soci\u00e9tal bourguibien pour \u00e9viter l\u2019effondrement de la R\u00e9publique civile\u00bb<\/em><\/p>\n\n\n\n<p class=\"has-text-align-right\"><strong>Y. N.<\/strong><\/p>\n","protected":false},"excerpt":{"rendered":"<p>Le PDL d\u00e9nonce l\u2019interdiction de sa r\u00e9union \u00e0 Siliana et appelle le gouvernement \u00e0 prendre les mesures n\u00e9cessaires<\/p>\n","protected":false},"author":6,"featured_media":2302886,"comment_status":"open","ping_status":"open","sticky":false,"template":"","format":"standard","meta":{"footnotes":""},"categories":[997,2433],"tags":[15144,93733,3345,33536,2763,62643,101432],"class_list":["post-2302654","post","type-post","status-publish","format-standard","has-post-thumbnail","hentry","category-politique","category-tunisie","tag-abir-moussi","tag-bouden","tag-destouriens","tag-pdl","tag-siliana","tag-tunisie","tag-violation-droits"],"yoast_head":"<!-- This site is optimized with the Yoast SEO plugin v26.6 - https:\/\/yoast.com\/wordpress\/plugins\/seo\/ -->\n<title>Le PDL d\u00e9nonce l\u2019interdiction de sa r\u00e9union \u00e0 Siliana et appelle le gouvernement \u00e0 prendre les mesures n\u00e9cessaires - Kapitalis<\/title>\n<meta name=\"description\" content=\"Le Parti destourien libre (PDL) a condamn\u00e9 l\u2019interdiction de sa r\u00e9union pr\u00e9vue, aujourd&#039;hui, \u00e0 Siliana par les autorit\u00e9s r\u00e9gionales et appelle le gouvernement \u00e0 prendre les mesures n\u00e9cessaires, tout en d\u00e9non\u00e7ant une violation de son droit et de l&#039;engagement de l&#039;Etat \u00e0 ne pas entraver le travail partisan.\" \/>\n<meta name=\"robots\" content=\"index, follow, max-snippet:-1, max-image-preview:large, max-video-preview:-1\" \/>\n<link rel=\"canonical\" href=\"https:\/\/kapitalis.com\/tunisie\/2022\/07\/16\/le-pdl-denonce-linterdiction-de-sa-reunion-a-siliana-et-appelle-le-gouvernement-a-prendre-les-mesures-necessaires\/\" \/>\n<meta property=\"og:locale\" content=\"fr_FR\" \/>\n<meta property=\"og:type\" content=\"article\" \/>\n<meta property=\"og:title\" content=\"Le PDL d\u00e9nonce l\u2019interdiction de sa r\u00e9union \u00e0 Siliana et appelle le gouvernement \u00e0 prendre les mesures n\u00e9cessaires - Kapitalis\" \/>\n<meta property=\"og:description\" content=\"Le Parti destourien libre (PDL) a condamn\u00e9 l\u2019interdiction de sa r\u00e9union pr\u00e9vue, aujourd&#039;hui, \u00e0 Siliana par les autorit\u00e9s r\u00e9gionales et appelle le gouvernement \u00e0 prendre les mesures n\u00e9cessaires, tout en d\u00e9non\u00e7ant une violation de son droit et de l&#039;engagement de l&#039;Etat \u00e0 ne pas entraver le travail partisan.\" \/>\n<meta property=\"og:url\" content=\"https:\/\/kapitalis.com\/tunisie\/2022\/07\/16\/le-pdl-denonce-linterdiction-de-sa-reunion-a-siliana-et-appelle-le-gouvernement-a-prendre-les-mesures-necessaires\/\" \/>\n<meta property=\"og:site_name\" content=\"Kapitalis\" \/>\n<meta property=\"article:publisher\" content=\"https:\/\/www.facebook.com\/KapitalisInfo\/\" \/>\n<meta property=\"article:published_time\" content=\"2022-07-16T22:30:02+00:00\" \/>\n<meta property=\"article:modified_time\" content=\"2022-07-16T22:30:04+00:00\" \/>\n<meta property=\"og:image\" content=\"https:\/\/kapitalis.com\/tunisie\/wp-content\/uploads\/2022\/07\/PDL-Siliana.jpg\" \/>\n\t<meta property=\"og:image:width\" content=\"1200\" \/>\n\t<meta property=\"og:image:height\" content=\"630\" \/>\n\t<meta property=\"og:image:type\" content=\"image\/jpeg\" \/>\n<meta name=\"author\" content=\"Yusra NY\" \/>\n<meta name=\"twitter:card\" content=\"summary_large_image\" \/>\n<meta name=\"twitter:creator\" content=\"@KapitalisInfo\" \/>\n<meta name=\"twitter:site\" content=\"@KapitalisInfo\" \/>\n<meta name=\"twitter:label1\" content=\"\u00c9crit par\" \/>\n\t<meta name=\"twitter:data1\" content=\"Yusra NY\" \/>\n\t<meta name=\"twitter:label2\" content=\"Dur\u00e9e de lecture estim\u00e9e\" \/>\n\t<meta name=\"twitter:data2\" content=\"2 minutes\" \/>\n<script type=\"application\/ld+json\" class=\"yoast-schema-graph\">{\"@context\":\"https:\/\/schema.org\",\"@graph\":[{\"@type\":\"Article\",\"@id\":\"https:\/\/kapitalis.com\/tunisie\/2022\/07\/16\/le-pdl-denonce-linterdiction-de-sa-reunion-a-siliana-et-appelle-le-gouvernement-a-prendre-les-mesures-necessaires\/#article\",\"isPartOf\":{\"@id\":\"https:\/\/kapitalis.com\/tunisie\/2022\/07\/16\/le-pdl-denonce-linterdiction-de-sa-reunion-a-siliana-et-appelle-le-gouvernement-a-prendre-les-mesures-necessaires\/\"},\"author\":{\"name\":\"Yusra NY\",\"@id\":\"https:\/\/kapitalis.com\/tunisie\/#\/schema\/person\/74bbde0154d49d790a92aaeac5bc01d5\"},\"headline\":\"Le PDL d\u00e9nonce l\u2019interdiction de sa r\u00e9union \u00e0 Siliana et appelle le gouvernement \u00e0 prendre les mesures n\u00e9cessaires\",\"datePublished\":\"2022-07-16T22:30:02+00:00\",\"dateModified\":\"2022-07-16T22:30:04+00:00\",\"mainEntityOfPage\":{\"@id\":\"https:\/\/kapitalis.com\/tunisie\/2022\/07\/16\/le-pdl-denonce-linterdiction-de-sa-reunion-a-siliana-et-appelle-le-gouvernement-a-prendre-les-mesures-necessaires\/\"},\"wordCount\":239,\"commentCount\":0,\"publisher\":{\"@id\":\"https:\/\/kapitalis.com\/tunisie\/#organization\"},\"image\":{\"@id\":\"https:\/\/kapitalis.com\/tunisie\/2022\/07\/16\/le-pdl-denonce-linterdiction-de-sa-reunion-a-siliana-et-appelle-le-gouvernement-a-prendre-les-mesures-necessaires\/#primaryimage\"},\"thumbnailUrl\":\"https:\/\/kapitalis.com\/tunisie\/wp-content\/uploads\/2022\/07\/PDL-Siliana.jpg\",\"keywords\":[\"Abir Moussi\",\"Bouden\",\"destouriens\",\"PDL\",\"Siliana\",\"Tunisie\",\"violation droits\"],\"articleSection\":[\"POLITIQUE\",\"Tunisie\"],\"inLanguage\":\"fr-FR\",\"potentialAction\":[{\"@type\":\"CommentAction\",\"name\":\"Comment\",\"target\":[\"https:\/\/kapitalis.com\/tunisie\/2022\/07\/16\/le-pdl-denonce-linterdiction-de-sa-reunion-a-siliana-et-appelle-le-gouvernement-a-prendre-les-mesures-necessaires\/#respond\"]}]},{\"@type\":\"WebPage\",\"@id\":\"https:\/\/kapitalis.com\/tunisie\/2022\/07\/16\/le-pdl-denonce-linterdiction-de-sa-reunion-a-siliana-et-appelle-le-gouvernement-a-prendre-les-mesures-necessaires\/\",\"url\":\"https:\/\/kapitalis.com\/tunisie\/2022\/07\/16\/le-pdl-denonce-linterdiction-de-sa-reunion-a-siliana-et-appelle-le-gouvernement-a-prendre-les-mesures-necessaires\/\",\"name\":\"Le PDL d\u00e9nonce l\u2019interdiction de sa r\u00e9union \u00e0 Siliana et appelle le gouvernement \u00e0 prendre les mesures n\u00e9cessaires - Kapitalis\",\"isPartOf\":{\"@id\":\"https:\/\/kapitalis.com\/tunisie\/#website\"},\"primaryImageOfPage\":{\"@id\":\"https:\/\/kapitalis.com\/tunisie\/2022\/07\/16\/le-pdl-denonce-linterdiction-de-sa-reunion-a-siliana-et-appelle-le-gouvernement-a-prendre-les-mesures-necessaires\/#primaryimage\"},\"image\":{\"@id\":\"https:\/\/kapitalis.com\/tunisie\/2022\/07\/16\/le-pdl-denonce-linterdiction-de-sa-reunion-a-siliana-et-appelle-le-gouvernement-a-prendre-les-mesures-necessaires\/#primaryimage\"},\"thumbnailUrl\":\"https:\/\/kapitalis.com\/tunisie\/wp-content\/uploads\/2022\/07\/PDL-Siliana.jpg\",\"datePublished\":\"2022-07-16T22:30:02+00:00\",\"dateModified\":\"2022-07-16T22:30:04+00:00\",\"description\":\"Le Parti destourien libre (PDL) a condamn\u00e9 l\u2019interdiction de sa r\u00e9union pr\u00e9vue, aujourd'hui, \u00e0 Siliana par les autorit\u00e9s r\u00e9gionales et appelle le gouvernement \u00e0 prendre les mesures n\u00e9cessaires, tout en d\u00e9non\u00e7ant une violation de son droit et de l'engagement de l'Etat \u00e0 ne pas entraver le travail partisan.\",\"breadcrumb\":{\"@id\":\"https:\/\/kapitalis.com\/tunisie\/2022\/07\/16\/le-pdl-denonce-linterdiction-de-sa-reunion-a-siliana-et-appelle-le-gouvernement-a-prendre-les-mesures-necessaires\/#breadcrumb\"},\"inLanguage\":\"fr-FR\",\"potentialAction\":[{\"@type\":\"ReadAction\",\"target\":[\"https:\/\/kapitalis.com\/tunisie\/2022\/07\/16\/le-pdl-denonce-linterdiction-de-sa-reunion-a-siliana-et-appelle-le-gouvernement-a-prendre-les-mesures-necessaires\/\"]}]},{\"@type\":\"ImageObject\",\"inLanguage\":\"fr-FR\",\"@id\":\"https:\/\/kapitalis.com\/tunisie\/2022\/07\/16\/le-pdl-denonce-linterdiction-de-sa-reunion-a-siliana-et-appelle-le-gouvernement-a-prendre-les-mesures-necessaires\/#primaryimage\",\"url\":\"https:\/\/kapitalis.com\/tunisie\/wp-content\/uploads\/2022\/07\/PDL-Siliana.jpg\",\"contentUrl\":\"https:\/\/kapitalis.com\/tunisie\/wp-content\/uploads\/2022\/07\/PDL-Siliana.jpg\",\"width\":1200,\"height\":630},{\"@type\":\"BreadcrumbList\",\"@id\":\"https:\/\/kapitalis.com\/tunisie\/2022\/07\/16\/le-pdl-denonce-linterdiction-de-sa-reunion-a-siliana-et-appelle-le-gouvernement-a-prendre-les-mesures-necessaires\/#breadcrumb\",\"itemListElement\":[{\"@type\":\"ListItem\",\"position\":1,\"name\":\"Accueil\",\"item\":\"https:\/\/kapitalis.com\/tunisie\/\"},{\"@type\":\"ListItem\",\"position\":2,\"name\":\"Le PDL d\u00e9nonce l\u2019interdiction de sa r\u00e9union \u00e0 Siliana et appelle le gouvernement \u00e0 prendre les mesures n\u00e9cessaires\"}]},{\"@type\":\"WebSite\",\"@id\":\"https:\/\/kapitalis.com\/tunisie\/#website\",\"url\":\"https:\/\/kapitalis.com\/tunisie\/\",\"name\":\"Kapitalis\",\"description\":\"L&#039;actualit\u00e9 en Tunisie et dans le monde\",\"publisher\":{\"@id\":\"https:\/\/kapitalis.com\/tunisie\/#organization\"},\"potentialAction\":[{\"@type\":\"SearchAction\",\"target\":{\"@type\":\"EntryPoint\",\"urlTemplate\":\"https:\/\/kapitalis.com\/tunisie\/?s={search_term_string}\"},\"query-input\":{\"@type\":\"PropertyValueSpecification\",\"valueRequired\":true,\"valueName\":\"search_term_string\"}}],\"inLanguage\":\"fr-FR\"},{\"@type\":\"Organization\",\"@id\":\"https:\/\/kapitalis.com\/tunisie\/#organization\",\"name\":\"Kapitalis\",\"url\":\"https:\/\/kapitalis.com\/tunisie\/\",\"logo\":{\"@type\":\"ImageObject\",\"inLanguage\":\"fr-FR\",\"@id\":\"https:\/\/kapitalis.com\/tunisie\/#\/schema\/logo\/image\/\",\"url\":\"https:\/\/kapitalis.com\/tunisie\/wp-content\/uploads\/2022\/05\/Kapitalis-big-size.png\",\"contentUrl\":\"https:\/\/kapitalis.com\/tunisie\/wp-content\/uploads\/2022\/05\/Kapitalis-big-size.png\",\"width\":5000,\"height\":1500,\"caption\":\"Kapitalis\"},\"image\":{\"@id\":\"https:\/\/kapitalis.com\/tunisie\/#\/schema\/logo\/image\/\"},\"sameAs\":[\"https:\/\/www.facebook.com\/KapitalisInfo\/\",\"https:\/\/x.com\/KapitalisInfo\",\"https:\/\/www.youtube.com\/channel\/UC-yDYrHyfFBWWZaOw3FPg9Q\"]},{\"@type\":\"Person\",\"@id\":\"https:\/\/kapitalis.com\/tunisie\/#\/schema\/person\/74bbde0154d49d790a92aaeac5bc01d5\",\"name\":\"Yusra NY\",\"url\":\"https:\/\/kapitalis.com\/tunisie\/author\/yuza_adam\/\"}]}<\/script>\n<!-- \/ Yoast SEO plugin. -->","yoast_head_json":{"title":"Le PDL d\u00e9nonce l\u2019interdiction de sa r\u00e9union \u00e0 Siliana et appelle le gouvernement \u00e0 prendre les mesures n\u00e9cessaires - Kapitalis","description":"Le Parti destourien libre (PDL) a condamn\u00e9 l\u2019interdiction de sa r\u00e9union pr\u00e9vue, aujourd'hui, \u00e0 Siliana par les autorit\u00e9s r\u00e9gionales et appelle le gouvernement \u00e0 prendre les mesures n\u00e9cessaires, tout en d\u00e9non\u00e7ant une violation de son droit et de l'engagement de l'Etat \u00e0 ne pas entraver le travail partisan.","robots":{"index":"index","follow":"follow","max-snippet":"max-snippet:-1","max-image-preview":"max-image-preview:large","max-video-preview":"max-video-preview:-1"},"canonical":"https:\/\/kapitalis.com\/tunisie\/2022\/07\/16\/le-pdl-denonce-linterdiction-de-sa-reunion-a-siliana-et-appelle-le-gouvernement-a-prendre-les-mesures-necessaires\/","og_locale":"fr_FR","og_type":"article","og_title":"Le PDL d\u00e9nonce l\u2019interdiction de sa r\u00e9union \u00e0 Siliana et appelle le gouvernement \u00e0 prendre les mesures n\u00e9cessaires - Kapitalis","og_description":"Le Parti destourien libre (PDL) a condamn\u00e9 l\u2019interdiction de sa r\u00e9union pr\u00e9vue, aujourd'hui, \u00e0 Siliana par les autorit\u00e9s r\u00e9gionales et appelle le gouvernement \u00e0 prendre les mesures n\u00e9cessaires, tout en d\u00e9non\u00e7ant une violation de son droit et de l'engagement de l'Etat \u00e0 ne pas entraver le travail partisan.","og_url":"https:\/\/kapitalis.com\/tunisie\/2022\/07\/16\/le-pdl-denonce-linterdiction-de-sa-reunion-a-siliana-et-appelle-le-gouvernement-a-prendre-les-mesures-necessaires\/","og_site_name":"Kapitalis","article_publisher":"https:\/\/www.facebook.com\/KapitalisInfo\/","article_published_time":"2022-07-16T22:30:02+00:00","article_modified_time":"2022-07-16T22:30:04+00:00","og_image":[{"width":1200,"height":630,"url":"https:\/\/kapitalis.com\/tunisie\/wp-content\/uploads\/2022\/07\/PDL-Siliana.jpg","type":"image\/jpeg"}],"author":"Yusra NY","twitter_card":"summary_large_image","twitter_creator":"@KapitalisInfo","twitter_site":"@KapitalisInfo","twitter_misc":{"\u00c9crit par":"Yusra NY","Dur\u00e9e de lecture estim\u00e9e":"2 minutes"},"schema":{"@context":"https:\/\/schema.org","@graph":[{"@type":"Article","@id":"https:\/\/kapitalis.com\/tunisie\/2022\/07\/16\/le-pdl-denonce-linterdiction-de-sa-reunion-a-siliana-et-appelle-le-gouvernement-a-prendre-les-mesures-necessaires\/#article","isPartOf":{"@id":"https:\/\/kapitalis.com\/tunisie\/2022\/07\/16\/le-pdl-denonce-linterdiction-de-sa-reunion-a-siliana-et-appelle-le-gouvernement-a-prendre-les-mesures-necessaires\/"},"author":{"name":"Yusra NY","@id":"https:\/\/kapitalis.com\/tunisie\/#\/schema\/person\/74bbde0154d49d790a92aaeac5bc01d5"},"headline":"Le PDL d\u00e9nonce l\u2019interdiction de sa r\u00e9union \u00e0 Siliana et appelle le gouvernement \u00e0 prendre les mesures n\u00e9cessaires","datePublished":"2022-07-16T22:30:02+00:00","dateModified":"2022-07-16T22:30:04+00:00","mainEntityOfPage":{"@id":"https:\/\/kapitalis.com\/tunisie\/2022\/07\/16\/le-pdl-denonce-linterdiction-de-sa-reunion-a-siliana-et-appelle-le-gouvernement-a-prendre-les-mesures-necessaires\/"},"wordCount":239,"commentCount":0,"publisher":{"@id":"https:\/\/kapitalis.com\/tunisie\/#organization"},"image":{"@id":"https:\/\/kapitalis.com\/tunisie\/2022\/07\/16\/le-pdl-denonce-linterdiction-de-sa-reunion-a-siliana-et-appelle-le-gouvernement-a-prendre-les-mesures-necessaires\/#primaryimage"},"thumbnailUrl":"https:\/\/kapitalis.com\/tunisie\/wp-content\/uploads\/2022\/07\/PDL-Siliana.jpg","keywords":["Abir Moussi","Bouden","destouriens","PDL","Siliana","Tunisie","violation droits"],"articleSection":["POLITIQUE","Tunisie"],"inLanguage":"fr-FR","potentialAction":[{"@type":"CommentAction","name":"Comment","target":["https:\/\/kapitalis.com\/tunisie\/2022\/07\/16\/le-pdl-denonce-linterdiction-de-sa-reunion-a-siliana-et-appelle-le-gouvernement-a-prendre-les-mesures-necessaires\/#respond"]}]},{"@type":"WebPage","@id":"https:\/\/kapitalis.com\/tunisie\/2022\/07\/16\/le-pdl-denonce-linterdiction-de-sa-reunion-a-siliana-et-appelle-le-gouvernement-a-prendre-les-mesures-necessaires\/","url":"https:\/\/kapitalis.com\/tunisie\/2022\/07\/16\/le-pdl-denonce-linterdiction-de-sa-reunion-a-siliana-et-appelle-le-gouvernement-a-prendre-les-mesures-necessaires\/","name":"Le PDL d\u00e9nonce l\u2019interdiction de sa r\u00e9union \u00e0 Siliana et appelle le gouvernement \u00e0 prendre les mesures n\u00e9cessaires - Kapitalis","isPartOf":{"@id":"https:\/\/kapitalis.com\/tunisie\/#website"},"primaryImageOfPage":{"@id":"https:\/\/kapitalis.com\/tunisie\/2022\/07\/16\/le-pdl-denonce-linterdiction-de-sa-reunion-a-siliana-et-appelle-le-gouvernement-a-prendre-les-mesures-necessaires\/#primaryimage"},"image":{"@id":"https:\/\/kapitalis.com\/tunisie\/2022\/07\/16\/le-pdl-denonce-linterdiction-de-sa-reunion-a-siliana-et-appelle-le-gouvernement-a-prendre-les-mesures-necessaires\/#primaryimage"},"thumbnailUrl":"https:\/\/kapitalis.com\/tunisie\/wp-content\/uploads\/2022\/07\/PDL-Siliana.jpg","datePublished":"2022-07-16T22:30:02+00:00","dateModified":"2022-07-16T22:30:04+00:00","description":"Le Parti destourien libre (PDL) a condamn\u00e9 l\u2019interdiction de sa r\u00e9union pr\u00e9vue, aujourd'hui, \u00e0 Siliana par les autorit\u00e9s r\u00e9gionales et appelle le gouvernement \u00e0 prendre les mesures n\u00e9cessaires, tout en d\u00e9non\u00e7ant une violation de son droit et de l'engagement de l'Etat \u00e0 ne pas entraver le travail partisan.","breadcrumb":{"@id":"https:\/\/kapitalis.com\/tunisie\/2022\/07\/16\/le-pdl-denonce-linterdiction-de-sa-reunion-a-siliana-et-appelle-le-gouvernement-a-prendre-les-mesures-necessaires\/#breadcrumb"},"inLanguage":"fr-FR","potentialAction":[{"@type":"ReadAction","target":["https:\/\/kapitalis.com\/tunisie\/2022\/07\/16\/le-pdl-denonce-linterdiction-de-sa-reunion-a-siliana-et-appelle-le-gouvernement-a-prendre-les-mesures-necessaires\/"]}]},{"@type":"ImageObject","inLanguage":"fr-FR","@id":"https:\/\/kapitalis.com\/tunisie\/2022\/07\/16\/le-pdl-denonce-linterdiction-de-sa-reunion-a-siliana-et-appelle-le-gouvernement-a-prendre-les-mesures-necessaires\/#primaryimage","url":"https:\/\/kapitalis.com\/tunisie\/wp-content\/uploads\/2022\/07\/PDL-Siliana.jpg","contentUrl":"https:\/\/kapitalis.com\/tunisie\/wp-content\/uploads\/2022\/07\/PDL-Siliana.jpg","width":1200,"height":630},{"@type":"BreadcrumbList","@id":"https:\/\/kapitalis.com\/tunisie\/2022\/07\/16\/le-pdl-denonce-linterdiction-de-sa-reunion-a-siliana-et-appelle-le-gouvernement-a-prendre-les-mesures-necessaires\/#breadcrumb","itemListElement":[{"@type":"ListItem","position":1,"name":"Accueil","item":"https:\/\/kapitalis.com\/tunisie\/"},{"@type":"ListItem","position":2,"name":"Le PDL d\u00e9nonce l\u2019interdiction de sa r\u00e9union \u00e0 Siliana et appelle le gouvernement \u00e0 prendre les mesures n\u00e9cessaires"}]},{"@type":"WebSite","@id":"https:\/\/kapitalis.com\/tunisie\/#website","url":"https:\/\/kapitalis.com\/tunisie\/","name":"Kapitalis","description":"L&#039;actualit\u00e9 en Tunisie et dans le monde","publisher":{"@id":"https:\/\/kapitalis.com\/tunisie\/#organization"},"potentialAction":[{"@type":"SearchAction","target":{"@type":"EntryPoint","urlTemplate":"https:\/\/kapitalis.com\/tunisie\/?s={search_term_string}"},"query-input":{"@type":"PropertyValueSpecification","valueRequired":true,"valueName":"search_term_string"}}],"inLanguage":"fr-FR"},{"@type":"Organization","@id":"https:\/\/kapitalis.com\/tunisie\/#organization","name":"Kapitalis","url":"https:\/\/kapitalis.com\/tunisie\/","logo":{"@type":"ImageObject","inLanguage":"fr-FR","@id":"https:\/\/kapitalis.com\/tunisie\/#\/schema\/logo\/image\/","url":"https:\/\/kapitalis.com\/tunisie\/wp-content\/uploads\/2022\/05\/Kapitalis-big-size.png","contentUrl":"https:\/\/kapitalis.com\/tunisie\/wp-content\/uploads\/2022\/05\/Kapitalis-big-size.png","width":5000,"height":1500,"caption":"Kapitalis"},"image":{"@id":"https:\/\/kapitalis.com\/tunisie\/#\/schema\/logo\/image\/"},"sameAs":["https:\/\/www.facebook.com\/KapitalisInfo\/","https:\/\/x.com\/KapitalisInfo","https:\/\/www.youtube.com\/channel\/UC-yDYrHyfFBWWZaOw3FPg9Q"]},{"@type":"Person","@id":"https:\/\/kapitalis.com\/tunisie\/#\/schema\/person\/74bbde0154d49d790a92aaeac5bc01d5","name":"Yusra NY","url":"https:\/\/kapitalis.com\/tunisie\/author\/yuza_adam\/"}]}},"_links":{"self":[{"href":"https:\/\/kapitalis.com\/tunisie\/wp-json\/wp\/v2\/posts\/2302654","targetHints":{"allow":["GET"]}}],"collection":[{"href":"https:\/\/kapitalis.com\/tunisie\/wp-json\/wp\/v2\/posts"}],"about":[{"href":"https:\/\/kapitalis.com\/tunisie\/wp-json\/wp\/v2\/types\/post"}],"author":[{"embeddable":true,"href":"https:\/\/kapitalis.com\/tunisie\/wp-json\/wp\/v2\/users\/6"}],"replies":[{"embeddable":true,"href":"https:\/\/kapitalis.com\/tunisie\/wp-json\/wp\/v2\/comments?post=2302654"}],"version-history":[{"count":0,"href":"https:\/\/kapitalis.com\/tunisie\/wp-json\/wp\/v2\/posts\/2302654\/revisions"}],"wp:featuredmedia":[{"embeddable":true,"href":"https:\/\/kapitalis.com\/tunisie\/wp-json\/wp\/v2\/media\/2302886"}],"wp:attachment":[{"href":"https:\/\/kapitalis.com\/tunisie\/wp-json\/wp\/v2\/media?parent=2302654"}],"wp:term":[{"taxonomy":"category","embeddable":true,"href":"https:\/\/kapitalis.com\/tunisie\/wp-json\/wp\/v2\/categories?post=2302654"},{"taxonomy":"post_tag","embeddable":true,"href":"https:\/\/kapitalis.com\/tunisie\/wp-json\/wp\/v2\/tags?post=2302654"}],"curies":[{"name":"wp","href":"https:\/\/api.w.org\/{rel}","templated":true}]}}