{"id":230845,"date":"2019-08-05T12:36:19","date_gmt":"2019-08-05T11:36:19","guid":{"rendered":"http:\/\/kapitalis.com\/tunisie\/?p=230845"},"modified":"2019-08-05T12:36:25","modified_gmt":"2019-08-05T11:36:25","slug":"tunisie-la-croissance-de-25-en-2018-na-pas-resolu-le-chomage-ni-les-desequilibres-macroeconomiques-bct","status":"publish","type":"post","link":"https:\/\/kapitalis.com\/tunisie\/2019\/08\/05\/tunisie-la-croissance-de-25-en-2018-na-pas-resolu-le-chomage-ni-les-desequilibres-macroeconomiques-bct\/","title":{"rendered":"Tunisie : La croissance de 2,5% en 2018 n&rsquo;a pas r\u00e9solu le ch\u00f4mage ni les d\u00e9s\u00e9quilibres macro\u00e9conomiques (BCT)"},"content":{"rendered":"\n<figure class=\"wp-block-image\"><img decoding=\"async\" src=\"http:\/\/kapitalis.com\/tunisie\/wp-content\/uploads\/2017\/12\/Banque-centrale-de-Tunisie.jpg\" alt=\"\" class=\"wp-image-130748\"\/><\/figure>\n\n\n\n<p><strong><em>Selon le rapport annuel de la Banque centrale de Tunisie (BCT), l&rsquo;ann\u00e9e 2018 a \u00e9t\u00e9 difficile pour l\u2019\u00e9conomie tunisienne: la croissance a certes \u00e9volu\u00e9 \u00e0 +2,5% contre<\/em><\/strong> <strong><em>1,9% en 2017 et 1% en 2016, mais elle n&rsquo;a pas r\u00e9solu le ch\u00f4mage, ni les d\u00e9s\u00e9quilibres macro\u00e9conomiques pr\u00e9occupants. <\/em><\/strong><\/p>\n\n\n\n<!--more-->\n\n\n\n<p>En termes de donn\u00e9es positives enregistr\u00e9es en 2018, figurent, en 1er lieu, la r\u00e9colte exceptionnelle d\u2019olives \u00e0 huile et l\u2019affermissement des services marchands, particuli\u00e8rement le tourisme dont les recettes ont augment\u00e9 de +46,3%, ainsi que les transferts des tunisiens \u00e0 l\u2019\u00e9tranger (+10,1%).<\/p>\n\n\n\n<p>Par ailleurs, le d\u00e9ficit budg\u00e9taire est revenu \u00e0 4,8% du PIB contre 6,1% en 2017, gr\u00e2ce \u00e0 la hausse des ressources propres li\u00e9es \u00e0 l\u2019am\u00e9lioration du recouvrement fiscal, et les mesures de la Loi des Finances 2018.  <\/p>\n\n\n\n<p>L\u2019investissement, v\u00e9ritable moteur de croissance et de cr\u00e9ation de richesse, a baiss\u00e9 \u00e0 18,5% du PIB en 2018 (18,8% en 2017), pour un taux d\u2019\u00e9pargne de 9%. <\/p>\n\n\n\n<p>La croissance de l&rsquo;industrie continue de subir le manque \u00e0 gagner, d\u00fb \u00e0 la faiblesse de la production des hydrocarbures et du phosphate et d\u00e9riv\u00e9s, 2 grands pourvoyeurs de devises.  <\/p>\n\n\n\n<p>En termes de d\u00e9ficit, celui de la balance des op\u00e9rations courantes<strong> <\/strong>s&rsquo;est aggrav\u00e9, atteignant un record de -11,1% du PIB, contre 10,2% en 2017. Quant \u00e0 la balance commerciale, son d\u00e9ficit<strong> <\/strong> a atteint -53%, du essentiellement au d\u00e9ficit de la balance \u00e9nerg\u00e9tique sous l\u2019effet de la hausse des cours internationaux des hydrocarbures, en plus de la baisse des ressources nationales de l\u2019\u00e9nergie.  <\/p>\n\n\n\n<p>En cons\u00e9quence, les avoirs nets en devises ont poursuivi leur baisse en termes de jours d\u2019importations: 84  en 2018, contre 93 en 2017.<\/p>\n\n\n\n<p>Ainsi, les pressions se sont poursuivies sur le taux de change du dinar qui s\u2019est d\u00e9pr\u00e9ci\u00e9 en moyenne de 12,9% face \u00e0 l\u2019euro, et de 8,6% face au dollar.  <\/p>\n\n\n\n<p>Dans ce contexte d\u2019\u00e9largissement des besoins de financement, amplifi\u00e9 par un effet de change important, l\u2019encours de la dette ext\u00e9rieure a augment\u00e9, passant de 63,7% en 2017, \u00e0 72,9% en 2018.  <\/p>\n\n\n\n<p>Les cr\u00e9ations d\u2019emploi n\u2019ont pas \u00e9t\u00e9 suffisantes pour r\u00e9sorber le niveau \u00e9lev\u00e9 du ch\u00f4mage, dont le taux global est rest\u00e9 stable \u00e0 15,5%. Le taux de ch\u00f4mage des dipl\u00f4m\u00e9s de l\u2019enseignement sup\u00e9rieur reste pr\u00e9occupant, en d\u00e9pit d&rsquo;une l\u00e9g\u00e8re baisse: 28,8% contre 29,9%.  <\/p>\n\n\n\n<p>Quand \u00e0 l\u2019inflation, elle s\u2019est \u00e9tablie \u00e0 7,3% contre 5,3% en 2017, en raison des mesures fiscales, telles que le rel\u00e8vement des taux de la TVA, l\u2019ajustement \u00e0 la hausse des prix \u00e0 la pompe suite au rench\u00e9rissement des prix internationaux de l\u2019\u00e9nergie, et la d\u00e9pr\u00e9ciation du dinar.  <\/p>\n\n\n\n<p>Parall\u00e8lement, les<strong> <\/strong>besoins des banques en liquidit\u00e9 ont augment\u00e9 de 16 milliards de dinars (MrDT) en d\u00e9cembre 2018, contre 11 MrDTs au m\u00eame mois en 2017, refl\u00e9tant la mont\u00e9e des besoins en devises du syst\u00e8me bancaire.  <\/p>\n\n\n\n<p>Pour \u00e9viter de mettre en p\u00e9ril la stabilit\u00e9 et la comp\u00e9titivit\u00e9 de l\u2019\u00e9conomie nationale, la BCT  a durci, en 2018, sa politique mon\u00e9taire en relevant 2 fois le taux d\u2019int\u00e9r\u00eat directeur. Elle a aussi introduit une nouvelle mesure macro-prudentielle (cr\u00e9dit\/d\u00e9p\u00f4t) pour ma\u00eetriser l\u2019\u00e9volution des cr\u00e9dits bancaires, et  la consommation par cons\u00e9quent. <\/p>\n\n\n\n<p>La BCT a \u00e9galement mis en \u0153uvre une nouvelle op\u00e9ration de refinancement sur 6 mois, pour canaliser les fonds vers les activit\u00e9s productives.<\/p>\n\n\n<p style=\"text-align: right;\"><strong>A. M.\u00a0<\/strong> <em>(avec <span style=\"color: #0000ff;\"><a style=\"color: #0000ff;\" href=\"https:\/\/www.bct.gov.tn\/bct\/siteprod\/actualites.jsp?id=611\" target=\"_blank\" rel=\"noopener noreferrer\">BCT<\/a>).<\/span><\/em><\/p>\n\n\n<p>  <\/p>\n","protected":false},"excerpt":{"rendered":"<p>Selon le rapport annuel de la Banque centrale de Tunisie (BCT), l&rsquo;ann\u00e9e 2018 a \u00e9t\u00e9 difficile pour l\u2019\u00e9conomie tunisienne: la croissance a certes \u00e9volu\u00e9 \u00e0 +2,5% contre 1,9% en 2017 et 1% en 2016, mais elle n&rsquo;a pas r\u00e9solu le ch\u00f4mage, ni les d\u00e9s\u00e9quilibres macro\u00e9conomiques pr\u00e9occupants.<\/p>\n","protected":false},"author":22,"featured_media":230914,"comment_status":"open","ping_status":"open","sticky":false,"template":"","format":"standard","meta":{"footnotes":""},"categories":[995,2433],"tags":[135],"class_list":["post-230845","post","type-post","status-publish","format-standard","has-post-thumbnail","hentry","category-economie","category-tunisie","tag-bct"],"yoast_head":"<!-- This site is optimized with the Yoast SEO plugin v26.6 - https:\/\/yoast.com\/wordpress\/plugins\/seo\/ -->\n<title>Tunisie : La croissance de 2,5% en 2018 n&#039;a pas r\u00e9solu le ch\u00f4mage ni les d\u00e9s\u00e9quilibres macro\u00e9conomiques (BCT) - Kapitalis<\/title>\n<meta name=\"robots\" content=\"index, follow, max-snippet:-1, max-image-preview:large, max-video-preview:-1\" \/>\n<link rel=\"canonical\" href=\"https:\/\/kapitalis.com\/tunisie\/2019\/08\/05\/tunisie-la-croissance-de-25-en-2018-na-pas-resolu-le-chomage-ni-les-desequilibres-macroeconomiques-bct\/\" \/>\n<meta property=\"og:locale\" content=\"fr_FR\" \/>\n<meta property=\"og:type\" content=\"article\" \/>\n<meta property=\"og:title\" content=\"Tunisie : La croissance de 2,5% en 2018 n&#039;a pas r\u00e9solu le ch\u00f4mage ni les d\u00e9s\u00e9quilibres macro\u00e9conomiques (BCT) - Kapitalis\" \/>\n<meta property=\"og:description\" content=\"Selon le rapport annuel de la Banque centrale de Tunisie (BCT), l&rsquo;ann\u00e9e 2018 a \u00e9t\u00e9 difficile pour l\u2019\u00e9conomie tunisienne: la croissance a certes \u00e9volu\u00e9 \u00e0 +2,5% contre 1,9% en 2017 et 1% en 2016, mais elle n&rsquo;a pas r\u00e9solu le ch\u00f4mage, ni les d\u00e9s\u00e9quilibres macro\u00e9conomiques pr\u00e9occupants.\" \/>\n<meta property=\"og:url\" content=\"https:\/\/kapitalis.com\/tunisie\/2019\/08\/05\/tunisie-la-croissance-de-25-en-2018-na-pas-resolu-le-chomage-ni-les-desequilibres-macroeconomiques-bct\/\" \/>\n<meta property=\"og:site_name\" content=\"Kapitalis\" \/>\n<meta property=\"article:publisher\" content=\"https:\/\/www.facebook.com\/KapitalisInfo\/\" \/>\n<meta property=\"article:published_time\" content=\"2019-08-05T11:36:19+00:00\" \/>\n<meta property=\"article:modified_time\" content=\"2019-08-05T11:36:25+00:00\" \/>\n<meta property=\"og:image\" content=\"https:\/\/kapitalis.com\/tunisie\/wp-content\/uploads\/2022\/05\/kapitalis-logo-fb.png\" \/>\n\t<meta property=\"og:image:width\" content=\"1200\" \/>\n\t<meta property=\"og:image:height\" content=\"630\" \/>\n\t<meta property=\"og:image:type\" content=\"image\/png\" \/>\n<meta name=\"author\" content=\"Amina Mkada\" \/>\n<meta name=\"twitter:card\" content=\"summary_large_image\" \/>\n<meta name=\"twitter:creator\" content=\"@KapitalisInfo\" \/>\n<meta name=\"twitter:site\" content=\"@KapitalisInfo\" \/>\n<meta name=\"twitter:label1\" content=\"\u00c9crit par\" \/>\n\t<meta name=\"twitter:data1\" content=\"Amina Mkada\" \/>\n\t<meta name=\"twitter:label2\" content=\"Dur\u00e9e de lecture estim\u00e9e\" \/>\n\t<meta name=\"twitter:data2\" content=\"3 minutes\" \/>\n<script type=\"application\/ld+json\" class=\"yoast-schema-graph\">{\"@context\":\"https:\/\/schema.org\",\"@graph\":[{\"@type\":\"Article\",\"@id\":\"https:\/\/kapitalis.com\/tunisie\/2019\/08\/05\/tunisie-la-croissance-de-25-en-2018-na-pas-resolu-le-chomage-ni-les-desequilibres-macroeconomiques-bct\/#article\",\"isPartOf\":{\"@id\":\"https:\/\/kapitalis.com\/tunisie\/2019\/08\/05\/tunisie-la-croissance-de-25-en-2018-na-pas-resolu-le-chomage-ni-les-desequilibres-macroeconomiques-bct\/\"},\"author\":{\"name\":\"Amina Mkada\",\"@id\":\"https:\/\/kapitalis.com\/tunisie\/#\/schema\/person\/093913313d3017554cb3ad077fff3fbd\"},\"headline\":\"Tunisie : La croissance de 2,5% en 2018 n&rsquo;a pas r\u00e9solu le ch\u00f4mage ni les d\u00e9s\u00e9quilibres macro\u00e9conomiques (BCT)\",\"datePublished\":\"2019-08-05T11:36:19+00:00\",\"dateModified\":\"2019-08-05T11:36:25+00:00\",\"mainEntityOfPage\":{\"@id\":\"https:\/\/kapitalis.com\/tunisie\/2019\/08\/05\/tunisie-la-croissance-de-25-en-2018-na-pas-resolu-le-chomage-ni-les-desequilibres-macroeconomiques-bct\/\"},\"wordCount\":578,\"commentCount\":0,\"publisher\":{\"@id\":\"https:\/\/kapitalis.com\/tunisie\/#organization\"},\"image\":{\"@id\":\"https:\/\/kapitalis.com\/tunisie\/2019\/08\/05\/tunisie-la-croissance-de-25-en-2018-na-pas-resolu-le-chomage-ni-les-desequilibres-macroeconomiques-bct\/#primaryimage\"},\"thumbnailUrl\":\"\",\"keywords\":[\"BCT\"],\"articleSection\":[\"ECONOMIE\",\"Tunisie\"],\"inLanguage\":\"fr-FR\",\"potentialAction\":[{\"@type\":\"CommentAction\",\"name\":\"Comment\",\"target\":[\"https:\/\/kapitalis.com\/tunisie\/2019\/08\/05\/tunisie-la-croissance-de-25-en-2018-na-pas-resolu-le-chomage-ni-les-desequilibres-macroeconomiques-bct\/#respond\"]}]},{\"@type\":\"WebPage\",\"@id\":\"https:\/\/kapitalis.com\/tunisie\/2019\/08\/05\/tunisie-la-croissance-de-25-en-2018-na-pas-resolu-le-chomage-ni-les-desequilibres-macroeconomiques-bct\/\",\"url\":\"https:\/\/kapitalis.com\/tunisie\/2019\/08\/05\/tunisie-la-croissance-de-25-en-2018-na-pas-resolu-le-chomage-ni-les-desequilibres-macroeconomiques-bct\/\",\"name\":\"Tunisie : La croissance de 2,5% en 2018 n'a pas r\u00e9solu le ch\u00f4mage ni les d\u00e9s\u00e9quilibres macro\u00e9conomiques (BCT) - Kapitalis\",\"isPartOf\":{\"@id\":\"https:\/\/kapitalis.com\/tunisie\/#website\"},\"primaryImageOfPage\":{\"@id\":\"https:\/\/kapitalis.com\/tunisie\/2019\/08\/05\/tunisie-la-croissance-de-25-en-2018-na-pas-resolu-le-chomage-ni-les-desequilibres-macroeconomiques-bct\/#primaryimage\"},\"image\":{\"@id\":\"https:\/\/kapitalis.com\/tunisie\/2019\/08\/05\/tunisie-la-croissance-de-25-en-2018-na-pas-resolu-le-chomage-ni-les-desequilibres-macroeconomiques-bct\/#primaryimage\"},\"thumbnailUrl\":\"\",\"datePublished\":\"2019-08-05T11:36:19+00:00\",\"dateModified\":\"2019-08-05T11:36:25+00:00\",\"breadcrumb\":{\"@id\":\"https:\/\/kapitalis.com\/tunisie\/2019\/08\/05\/tunisie-la-croissance-de-25-en-2018-na-pas-resolu-le-chomage-ni-les-desequilibres-macroeconomiques-bct\/#breadcrumb\"},\"inLanguage\":\"fr-FR\",\"potentialAction\":[{\"@type\":\"ReadAction\",\"target\":[\"https:\/\/kapitalis.com\/tunisie\/2019\/08\/05\/tunisie-la-croissance-de-25-en-2018-na-pas-resolu-le-chomage-ni-les-desequilibres-macroeconomiques-bct\/\"]}]},{\"@type\":\"ImageObject\",\"inLanguage\":\"fr-FR\",\"@id\":\"https:\/\/kapitalis.com\/tunisie\/2019\/08\/05\/tunisie-la-croissance-de-25-en-2018-na-pas-resolu-le-chomage-ni-les-desequilibres-macroeconomiques-bct\/#primaryimage\",\"url\":\"\",\"contentUrl\":\"\"},{\"@type\":\"BreadcrumbList\",\"@id\":\"https:\/\/kapitalis.com\/tunisie\/2019\/08\/05\/tunisie-la-croissance-de-25-en-2018-na-pas-resolu-le-chomage-ni-les-desequilibres-macroeconomiques-bct\/#breadcrumb\",\"itemListElement\":[{\"@type\":\"ListItem\",\"position\":1,\"name\":\"Accueil\",\"item\":\"https:\/\/kapitalis.com\/tunisie\/\"},{\"@type\":\"ListItem\",\"position\":2,\"name\":\"Tunisie : La croissance de 2,5% en 2018 n&rsquo;a pas r\u00e9solu le ch\u00f4mage ni les d\u00e9s\u00e9quilibres macro\u00e9conomiques (BCT)\"}]},{\"@type\":\"WebSite\",\"@id\":\"https:\/\/kapitalis.com\/tunisie\/#website\",\"url\":\"https:\/\/kapitalis.com\/tunisie\/\",\"name\":\"Kapitalis\",\"description\":\"L&#039;actualit\u00e9 en Tunisie et dans le monde\",\"publisher\":{\"@id\":\"https:\/\/kapitalis.com\/tunisie\/#organization\"},\"potentialAction\":[{\"@type\":\"SearchAction\",\"target\":{\"@type\":\"EntryPoint\",\"urlTemplate\":\"https:\/\/kapitalis.com\/tunisie\/?s={search_term_string}\"},\"query-input\":{\"@type\":\"PropertyValueSpecification\",\"valueRequired\":true,\"valueName\":\"search_term_string\"}}],\"inLanguage\":\"fr-FR\"},{\"@type\":\"Organization\",\"@id\":\"https:\/\/kapitalis.com\/tunisie\/#organization\",\"name\":\"Kapitalis\",\"url\":\"https:\/\/kapitalis.com\/tunisie\/\",\"logo\":{\"@type\":\"ImageObject\",\"inLanguage\":\"fr-FR\",\"@id\":\"https:\/\/kapitalis.com\/tunisie\/#\/schema\/logo\/image\/\",\"url\":\"https:\/\/kapitalis.com\/tunisie\/wp-content\/uploads\/2022\/05\/Kapitalis-big-size.png\",\"contentUrl\":\"https:\/\/kapitalis.com\/tunisie\/wp-content\/uploads\/2022\/05\/Kapitalis-big-size.png\",\"width\":5000,\"height\":1500,\"caption\":\"Kapitalis\"},\"image\":{\"@id\":\"https:\/\/kapitalis.com\/tunisie\/#\/schema\/logo\/image\/\"},\"sameAs\":[\"https:\/\/www.facebook.com\/KapitalisInfo\/\",\"https:\/\/x.com\/KapitalisInfo\",\"https:\/\/www.youtube.com\/channel\/UC-yDYrHyfFBWWZaOw3FPg9Q\"]},{\"@type\":\"Person\",\"@id\":\"https:\/\/kapitalis.com\/tunisie\/#\/schema\/person\/093913313d3017554cb3ad077fff3fbd\",\"name\":\"Amina Mkada\",\"url\":\"https:\/\/kapitalis.com\/tunisie\/author\/amina\/\"}]}<\/script>\n<!-- \/ Yoast SEO plugin. -->","yoast_head_json":{"title":"Tunisie : La croissance de 2,5% en 2018 n'a pas r\u00e9solu le ch\u00f4mage ni les d\u00e9s\u00e9quilibres macro\u00e9conomiques (BCT) - Kapitalis","robots":{"index":"index","follow":"follow","max-snippet":"max-snippet:-1","max-image-preview":"max-image-preview:large","max-video-preview":"max-video-preview:-1"},"canonical":"https:\/\/kapitalis.com\/tunisie\/2019\/08\/05\/tunisie-la-croissance-de-25-en-2018-na-pas-resolu-le-chomage-ni-les-desequilibres-macroeconomiques-bct\/","og_locale":"fr_FR","og_type":"article","og_title":"Tunisie : La croissance de 2,5% en 2018 n'a pas r\u00e9solu le ch\u00f4mage ni les d\u00e9s\u00e9quilibres macro\u00e9conomiques (BCT) - Kapitalis","og_description":"Selon le rapport annuel de la Banque centrale de Tunisie (BCT), l&rsquo;ann\u00e9e 2018 a \u00e9t\u00e9 difficile pour l\u2019\u00e9conomie tunisienne: la croissance a certes \u00e9volu\u00e9 \u00e0 +2,5% contre 1,9% en 2017 et 1% en 2016, mais elle n&rsquo;a pas r\u00e9solu le ch\u00f4mage, ni les d\u00e9s\u00e9quilibres macro\u00e9conomiques pr\u00e9occupants.","og_url":"https:\/\/kapitalis.com\/tunisie\/2019\/08\/05\/tunisie-la-croissance-de-25-en-2018-na-pas-resolu-le-chomage-ni-les-desequilibres-macroeconomiques-bct\/","og_site_name":"Kapitalis","article_publisher":"https:\/\/www.facebook.com\/KapitalisInfo\/","article_published_time":"2019-08-05T11:36:19+00:00","article_modified_time":"2019-08-05T11:36:25+00:00","og_image":[{"width":1200,"height":630,"url":"https:\/\/kapitalis.com\/tunisie\/wp-content\/uploads\/2022\/05\/kapitalis-logo-fb.png","type":"image\/png"}],"author":"Amina Mkada","twitter_card":"summary_large_image","twitter_creator":"@KapitalisInfo","twitter_site":"@KapitalisInfo","twitter_misc":{"\u00c9crit par":"Amina Mkada","Dur\u00e9e de lecture estim\u00e9e":"3 minutes"},"schema":{"@context":"https:\/\/schema.org","@graph":[{"@type":"Article","@id":"https:\/\/kapitalis.com\/tunisie\/2019\/08\/05\/tunisie-la-croissance-de-25-en-2018-na-pas-resolu-le-chomage-ni-les-desequilibres-macroeconomiques-bct\/#article","isPartOf":{"@id":"https:\/\/kapitalis.com\/tunisie\/2019\/08\/05\/tunisie-la-croissance-de-25-en-2018-na-pas-resolu-le-chomage-ni-les-desequilibres-macroeconomiques-bct\/"},"author":{"name":"Amina Mkada","@id":"https:\/\/kapitalis.com\/tunisie\/#\/schema\/person\/093913313d3017554cb3ad077fff3fbd"},"headline":"Tunisie : La croissance de 2,5% en 2018 n&rsquo;a pas r\u00e9solu le ch\u00f4mage ni les d\u00e9s\u00e9quilibres macro\u00e9conomiques (BCT)","datePublished":"2019-08-05T11:36:19+00:00","dateModified":"2019-08-05T11:36:25+00:00","mainEntityOfPage":{"@id":"https:\/\/kapitalis.com\/tunisie\/2019\/08\/05\/tunisie-la-croissance-de-25-en-2018-na-pas-resolu-le-chomage-ni-les-desequilibres-macroeconomiques-bct\/"},"wordCount":578,"commentCount":0,"publisher":{"@id":"https:\/\/kapitalis.com\/tunisie\/#organization"},"image":{"@id":"https:\/\/kapitalis.com\/tunisie\/2019\/08\/05\/tunisie-la-croissance-de-25-en-2018-na-pas-resolu-le-chomage-ni-les-desequilibres-macroeconomiques-bct\/#primaryimage"},"thumbnailUrl":"","keywords":["BCT"],"articleSection":["ECONOMIE","Tunisie"],"inLanguage":"fr-FR","potentialAction":[{"@type":"CommentAction","name":"Comment","target":["https:\/\/kapitalis.com\/tunisie\/2019\/08\/05\/tunisie-la-croissance-de-25-en-2018-na-pas-resolu-le-chomage-ni-les-desequilibres-macroeconomiques-bct\/#respond"]}]},{"@type":"WebPage","@id":"https:\/\/kapitalis.com\/tunisie\/2019\/08\/05\/tunisie-la-croissance-de-25-en-2018-na-pas-resolu-le-chomage-ni-les-desequilibres-macroeconomiques-bct\/","url":"https:\/\/kapitalis.com\/tunisie\/2019\/08\/05\/tunisie-la-croissance-de-25-en-2018-na-pas-resolu-le-chomage-ni-les-desequilibres-macroeconomiques-bct\/","name":"Tunisie : La croissance de 2,5% en 2018 n'a pas r\u00e9solu le ch\u00f4mage ni les d\u00e9s\u00e9quilibres macro\u00e9conomiques (BCT) - Kapitalis","isPartOf":{"@id":"https:\/\/kapitalis.com\/tunisie\/#website"},"primaryImageOfPage":{"@id":"https:\/\/kapitalis.com\/tunisie\/2019\/08\/05\/tunisie-la-croissance-de-25-en-2018-na-pas-resolu-le-chomage-ni-les-desequilibres-macroeconomiques-bct\/#primaryimage"},"image":{"@id":"https:\/\/kapitalis.com\/tunisie\/2019\/08\/05\/tunisie-la-croissance-de-25-en-2018-na-pas-resolu-le-chomage-ni-les-desequilibres-macroeconomiques-bct\/#primaryimage"},"thumbnailUrl":"","datePublished":"2019-08-05T11:36:19+00:00","dateModified":"2019-08-05T11:36:25+00:00","breadcrumb":{"@id":"https:\/\/kapitalis.com\/tunisie\/2019\/08\/05\/tunisie-la-croissance-de-25-en-2018-na-pas-resolu-le-chomage-ni-les-desequilibres-macroeconomiques-bct\/#breadcrumb"},"inLanguage":"fr-FR","potentialAction":[{"@type":"ReadAction","target":["https:\/\/kapitalis.com\/tunisie\/2019\/08\/05\/tunisie-la-croissance-de-25-en-2018-na-pas-resolu-le-chomage-ni-les-desequilibres-macroeconomiques-bct\/"]}]},{"@type":"ImageObject","inLanguage":"fr-FR","@id":"https:\/\/kapitalis.com\/tunisie\/2019\/08\/05\/tunisie-la-croissance-de-25-en-2018-na-pas-resolu-le-chomage-ni-les-desequilibres-macroeconomiques-bct\/#primaryimage","url":"","contentUrl":""},{"@type":"BreadcrumbList","@id":"https:\/\/kapitalis.com\/tunisie\/2019\/08\/05\/tunisie-la-croissance-de-25-en-2018-na-pas-resolu-le-chomage-ni-les-desequilibres-macroeconomiques-bct\/#breadcrumb","itemListElement":[{"@type":"ListItem","position":1,"name":"Accueil","item":"https:\/\/kapitalis.com\/tunisie\/"},{"@type":"ListItem","position":2,"name":"Tunisie : La croissance de 2,5% en 2018 n&rsquo;a pas r\u00e9solu le ch\u00f4mage ni les d\u00e9s\u00e9quilibres macro\u00e9conomiques (BCT)"}]},{"@type":"WebSite","@id":"https:\/\/kapitalis.com\/tunisie\/#website","url":"https:\/\/kapitalis.com\/tunisie\/","name":"Kapitalis","description":"L&#039;actualit\u00e9 en Tunisie et dans le monde","publisher":{"@id":"https:\/\/kapitalis.com\/tunisie\/#organization"},"potentialAction":[{"@type":"SearchAction","target":{"@type":"EntryPoint","urlTemplate":"https:\/\/kapitalis.com\/tunisie\/?s={search_term_string}"},"query-input":{"@type":"PropertyValueSpecification","valueRequired":true,"valueName":"search_term_string"}}],"inLanguage":"fr-FR"},{"@type":"Organization","@id":"https:\/\/kapitalis.com\/tunisie\/#organization","name":"Kapitalis","url":"https:\/\/kapitalis.com\/tunisie\/","logo":{"@type":"ImageObject","inLanguage":"fr-FR","@id":"https:\/\/kapitalis.com\/tunisie\/#\/schema\/logo\/image\/","url":"https:\/\/kapitalis.com\/tunisie\/wp-content\/uploads\/2022\/05\/Kapitalis-big-size.png","contentUrl":"https:\/\/kapitalis.com\/tunisie\/wp-content\/uploads\/2022\/05\/Kapitalis-big-size.png","width":5000,"height":1500,"caption":"Kapitalis"},"image":{"@id":"https:\/\/kapitalis.com\/tunisie\/#\/schema\/logo\/image\/"},"sameAs":["https:\/\/www.facebook.com\/KapitalisInfo\/","https:\/\/x.com\/KapitalisInfo","https:\/\/www.youtube.com\/channel\/UC-yDYrHyfFBWWZaOw3FPg9Q"]},{"@type":"Person","@id":"https:\/\/kapitalis.com\/tunisie\/#\/schema\/person\/093913313d3017554cb3ad077fff3fbd","name":"Amina Mkada","url":"https:\/\/kapitalis.com\/tunisie\/author\/amina\/"}]}},"_links":{"self":[{"href":"https:\/\/kapitalis.com\/tunisie\/wp-json\/wp\/v2\/posts\/230845","targetHints":{"allow":["GET"]}}],"collection":[{"href":"https:\/\/kapitalis.com\/tunisie\/wp-json\/wp\/v2\/posts"}],"about":[{"href":"https:\/\/kapitalis.com\/tunisie\/wp-json\/wp\/v2\/types\/post"}],"author":[{"embeddable":true,"href":"https:\/\/kapitalis.com\/tunisie\/wp-json\/wp\/v2\/users\/22"}],"replies":[{"embeddable":true,"href":"https:\/\/kapitalis.com\/tunisie\/wp-json\/wp\/v2\/comments?post=230845"}],"version-history":[{"count":0,"href":"https:\/\/kapitalis.com\/tunisie\/wp-json\/wp\/v2\/posts\/230845\/revisions"}],"wp:featuredmedia":[{"embeddable":true,"href":"https:\/\/kapitalis.com\/tunisie\/wp-json\/wp\/v2\/media\/230914"}],"wp:attachment":[{"href":"https:\/\/kapitalis.com\/tunisie\/wp-json\/wp\/v2\/media?parent=230845"}],"wp:term":[{"taxonomy":"category","embeddable":true,"href":"https:\/\/kapitalis.com\/tunisie\/wp-json\/wp\/v2\/categories?post=230845"},{"taxonomy":"post_tag","embeddable":true,"href":"https:\/\/kapitalis.com\/tunisie\/wp-json\/wp\/v2\/tags?post=230845"}],"curies":[{"name":"wp","href":"https:\/\/api.w.org\/{rel}","templated":true}]}}