{"id":230987,"date":"2019-08-05T14:21:43","date_gmt":"2019-08-05T13:21:43","guid":{"rendered":"http:\/\/kapitalis.com\/tunisie\/?p=230987"},"modified":"2019-08-05T15:12:09","modified_gmt":"2019-08-05T14:12:09","slug":"presidentielle-2019-kais-saied-dit-setre-fait-voler-des-parrainages-citoyens","status":"publish","type":"post","link":"https:\/\/kapitalis.com\/tunisie\/2019\/08\/05\/presidentielle-2019-kais-saied-dit-setre-fait-voler-des-parrainages-citoyens\/","title":{"rendered":"Pr\u00e9sidentielle 2019 : Ka\u00efs Sa\u00efed dit s&rsquo;\u00eatre fait \u00abvoler\u00bb des parrainages citoyens"},"content":{"rendered":"\n<figure class=\"wp-block-image\"><img decoding=\"async\" src=\"http:\/\/kapitalis.com\/tunisie\/wp-content\/uploads\/2019\/08\/Ka\u00efs-Sa\u00efed.jpg\" alt=\"\" class=\"wp-image-231003\"\/><\/figure>\n\n\n\n<p><strong><em>Le juriste Ka\u00efs Saied, candidat \u00e0 la candidature \u00e0 la pr\u00e9sidentielle de 2019, affirme qu&rsquo;on lui a \u00abvol\u00e9 des parrainages citoyens\u00bb, qui ont \u00e9t\u00e9 \u00abd\u00e9tourn\u00e9s\u00bb pour un autre candidat \u00e0 la course au Palais de Carthage.<\/em><\/strong><\/p>\n\n\n\n<!--more-->\n\n\n\n<p>L&rsquo;universitaire, juriste sp\u00e9cialis\u00e9 en droit constitutionnel, s&rsquo;est donn\u00e9 pour objectif de collecter les 10.000 parrainages citoyens requis pour se pr\u00e9senter \u00e0 la pr\u00e9sidentielle. Mais \u00e0 5 jours de la cl\u00f4ture du d\u00e9lai fix\u00e9 pour le d\u00e9p\u00f4t des candidatures \u00e0 l&rsquo;Instance sup\u00e9rieure ind\u00e9pendante pour les \u00e9lections (Isie), certains des activistes charg\u00e9s de collecter les parrainages ont \u00e9teint leurs t\u00e9l\u00e9phones portables et ne sont plus joignables.<\/p>\n\n\n\n<p>Selon Ridha Mamoun, se pr\u00e9sentant comme l&rsquo;un des b\u00e9n\u00e9voles charg\u00e9s de pr\u00e9parer la campagne du juriste, on compterait plus de 5.000 signatures <em>\u00ab\u00e9vapor\u00e9es\u00bb <\/em>et qui auraient \u00e9t\u00e9 <em>\u00abvendues\u00bb<\/em> \u00e0 d\u2019autres candidats.<\/p>\n\n\n\n<p>Depuis cet incident, les accusations fusent de tous c\u00f4t\u00e9s : la coalition Al-Karama (dignit\u00e9) a \u00e9t\u00e9 accus\u00e9 d&rsquo;avoir promis de soutenir Kais Saied avant de lui faire faux bond et de donner ses parrainages \u00e0 l&rsquo;avocat islamiste <a rel=\"noreferrer noopener\" aria-label=\"Seifeddine Makhlouf, (s\u2019ouvre dans un nouvel onglet)\" href=\"http:\/\/kapitalis.com\/tunisie\/2019\/08\/02\/surnomme-lavocat-des-terroristes-me-seifeddine-makhlouf-candidat-a-la-presentielle\/\" target=\"_blank\">Seifeddine Makhlouf,<\/a> qui se pr\u00e9sente \u00e9galement \u00e0 la pr\u00e9sidentielle. <\/p>\n\n\n\n<p>Les dirigeants de la coalition ont d\u00e9menti cette information, en assurant qu&rsquo;ils n&rsquo;ont jamais promis de donner leurs voix \u00e0 l\u2019universitaire, mais qu&rsquo;ils l&rsquo;ont encourag\u00e9 \u00e0 se pr\u00e9senter \u00e0 ce scrutin.<\/p>\n\n\n\n<p>D&rsquo;autres accusations ont \u00e9galement touch\u00e9 le Mouvement de la jeunesse patriote de Tunisie, pr\u00e9sid\u00e9 par <a rel=\"noreferrer noopener\" aria-label=\"Thameur Bdida (s\u2019ouvre dans un nouvel onglet)\" href=\"http:\/\/kapitalis.com\/tunisie\/2019\/04\/01\/des-partisans-de-saied-revendiquent-lattaque-contre-le-meeting-de-moussi-video\/\" target=\"_blank\">Thameur Bdida<\/a>, qui avait officiellement annonc\u00e9 son soutien \u00e0 M. Sa\u00efed et qui a \u00e9galement ni\u00e9 tout lien avec ce d\u00e9tournement de parrainages, accusant \u00e0 son tour Ridha Mamoun d&rsquo;\u00eatre derri\u00e8re ce sale coup\u2026.<\/p>\n\n\n\n<p>Dans tout cela, Ka\u00efs Saied, imperturbable, comme toujours, a assur\u00e9 qu&rsquo;il reste serein et que cet incident ne l&#8217;emp\u00eachera pas d&rsquo;atteindre les 10.000 parrainages  n\u00e9cessaires au d\u00e9p\u00f4t de son dossier complet \u00e0 l&rsquo;Isie, sachant  <br>qu&rsquo;il lui reste seulement 4 jours pour le faire.<\/p>\n\n\n\n<p>Bon courage M. Sa\u00efed, ce serait dommage de d\u00e9mentir les sondages  <br>qui vous donnent parmi les 3 premiers possibles vainqueurs ! <\/p>\n\n\n\n<p style=\"text-align:right\"><strong>Y. N.<\/strong><\/p>\n\n\n\n<figure class=\"wp-block-embed is-type-rich is-provider-kapitalis\"><div class=\"wp-block-embed__wrapper\">\n<blockquote class=\"wp-embedded-content\" data-secret=\"c74EXZNEfo\"><a href=\"https:\/\/kapitalis.com\/tunisie\/2019\/06\/11\/presidentielle-kais-saied-affirme-quil-ne-votera-meme-pas-pour-lui-meme\/\">Pr\u00e9sidentielle : Ka\u00efs Saied affirme qu&rsquo;il ne votera m\u00eame pas pour lui m\u00eame !<\/a><\/blockquote><iframe loading=\"lazy\" class=\"wp-embedded-content\" sandbox=\"allow-scripts\" security=\"restricted\" style=\"position: absolute; clip: rect(1px, 1px, 1px, 1px);\" title=\"\u00ab\u00a0Pr\u00e9sidentielle : Ka\u00efs Saied affirme qu&rsquo;il ne votera m\u00eame pas pour lui m\u00eame !\u00a0\u00bb &#8212; Kapitalis\" src=\"https:\/\/kapitalis.com\/tunisie\/2019\/06\/11\/presidentielle-kais-saied-affirme-quil-ne-votera-meme-pas-pour-lui-meme\/embed\/#?secret=X31bBqSdVe#?secret=c74EXZNEfo\" data-secret=\"c74EXZNEfo\" width=\"600\" height=\"338\" frameborder=\"0\" marginwidth=\"0\" marginheight=\"0\" scrolling=\"no\"><\/iframe>\n<\/div><\/figure>\n\n\n\n<figure class=\"wp-block-embed is-type-rich is-provider-kapitalis\"><div class=\"wp-block-embed__wrapper\">\n<blockquote class=\"wp-embedded-content\" data-secret=\"0JJnvIYlMH\"><a href=\"https:\/\/kapitalis.com\/tunisie\/2019\/04\/29\/le-mouvement-des-jeunes-de-tunisie-soutient-la-candidature-de-kais-saied-pour-la-presidentielle\/\">Le Mouvement des jeunes de Tunisie soutient la candidature de Ka\u00efs Sa\u00efed pour la pr\u00e9sidentielle<\/a><\/blockquote><iframe loading=\"lazy\" class=\"wp-embedded-content\" sandbox=\"allow-scripts\" security=\"restricted\" style=\"position: absolute; clip: rect(1px, 1px, 1px, 1px);\" title=\"\u00ab\u00a0Le Mouvement des jeunes de Tunisie soutient la candidature de Ka\u00efs Sa\u00efed pour la pr\u00e9sidentielle\u00a0\u00bb &#8212; Kapitalis\" src=\"https:\/\/kapitalis.com\/tunisie\/2019\/04\/29\/le-mouvement-des-jeunes-de-tunisie-soutient-la-candidature-de-kais-saied-pour-la-presidentielle\/embed\/#?secret=YcKyiRKpHp#?secret=0JJnvIYlMH\" data-secret=\"0JJnvIYlMH\" width=\"600\" height=\"338\" frameborder=\"0\" marginwidth=\"0\" marginheight=\"0\" scrolling=\"no\"><\/iframe>\n<\/div><\/figure>\n","protected":false},"excerpt":{"rendered":"<p>Le juriste Ka\u00efs Saied, candidat \u00e0 la candidature \u00e0 la pr\u00e9sidentielle de 2019, affirme qu&rsquo;on lui a \u00abvol\u00e9 des parrainages citoyens\u00bb, qui ont \u00e9t\u00e9 \u00abd\u00e9tourn\u00e9s\u00bb pour un autre candidat \u00e0 la course au Palais de Carthage.<\/p>\n","protected":false},"author":6,"featured_media":231003,"comment_status":"open","ping_status":"open","sticky":false,"template":"","format":"standard","meta":{"footnotes":""},"categories":[997,2433],"tags":[7259,12235,19039,30562,8752],"class_list":["post-230987","post","type-post","status-publish","format-standard","has-post-thumbnail","hentry","category-politique","category-tunisie","tag-candidature","tag-kais-saied","tag-palais-carthage","tag-presidentielle-2019","tag-seifeddine-makhlouf"],"yoast_head":"<!-- This site is optimized with the Yoast SEO plugin v26.6 - https:\/\/yoast.com\/wordpress\/plugins\/seo\/ -->\n<title>Pr\u00e9sidentielle 2019 : Ka\u00efs Sa\u00efed dit s&#039;\u00eatre fait \u00abvoler\u00bb des parrainages citoyens - Kapitalis<\/title>\n<meta name=\"robots\" content=\"index, follow, max-snippet:-1, max-image-preview:large, max-video-preview:-1\" \/>\n<link rel=\"canonical\" href=\"https:\/\/kapitalis.com\/tunisie\/2019\/08\/05\/presidentielle-2019-kais-saied-dit-setre-fait-voler-des-parrainages-citoyens\/\" \/>\n<meta property=\"og:locale\" content=\"fr_FR\" \/>\n<meta property=\"og:type\" content=\"article\" \/>\n<meta property=\"og:title\" content=\"Pr\u00e9sidentielle 2019 : Ka\u00efs Sa\u00efed dit s&#039;\u00eatre fait \u00abvoler\u00bb des parrainages citoyens - Kapitalis\" \/>\n<meta property=\"og:description\" content=\"Le juriste Ka\u00efs Saied, candidat \u00e0 la candidature \u00e0 la pr\u00e9sidentielle de 2019, affirme qu&rsquo;on lui a \u00abvol\u00e9 des parrainages citoyens\u00bb, qui ont \u00e9t\u00e9 \u00abd\u00e9tourn\u00e9s\u00bb pour un autre candidat \u00e0 la course au Palais de Carthage.\" \/>\n<meta property=\"og:url\" content=\"https:\/\/kapitalis.com\/tunisie\/2019\/08\/05\/presidentielle-2019-kais-saied-dit-setre-fait-voler-des-parrainages-citoyens\/\" \/>\n<meta property=\"og:site_name\" content=\"Kapitalis\" \/>\n<meta property=\"article:publisher\" content=\"https:\/\/www.facebook.com\/KapitalisInfo\/\" \/>\n<meta property=\"article:published_time\" content=\"2019-08-05T13:21:43+00:00\" \/>\n<meta property=\"article:modified_time\" content=\"2019-08-05T14:12:09+00:00\" \/>\n<meta property=\"og:image\" content=\"https:\/\/kapitalis.com\/tunisie\/wp-content\/uploads\/2022\/05\/kapitalis-logo-fb.png\" \/>\n\t<meta property=\"og:image:width\" content=\"1200\" \/>\n\t<meta property=\"og:image:height\" content=\"630\" \/>\n\t<meta property=\"og:image:type\" content=\"image\/png\" \/>\n<meta name=\"author\" content=\"Yusra NY\" \/>\n<meta name=\"twitter:card\" content=\"summary_large_image\" \/>\n<meta name=\"twitter:creator\" content=\"@KapitalisInfo\" \/>\n<meta name=\"twitter:site\" content=\"@KapitalisInfo\" \/>\n<meta name=\"twitter:label1\" content=\"\u00c9crit par\" \/>\n\t<meta name=\"twitter:data1\" content=\"Yusra NY\" \/>\n\t<meta name=\"twitter:label2\" content=\"Dur\u00e9e de lecture estim\u00e9e\" \/>\n\t<meta name=\"twitter:data2\" content=\"2 minutes\" \/>\n<script type=\"application\/ld+json\" class=\"yoast-schema-graph\">{\"@context\":\"https:\/\/schema.org\",\"@graph\":[{\"@type\":\"Article\",\"@id\":\"https:\/\/kapitalis.com\/tunisie\/2019\/08\/05\/presidentielle-2019-kais-saied-dit-setre-fait-voler-des-parrainages-citoyens\/#article\",\"isPartOf\":{\"@id\":\"https:\/\/kapitalis.com\/tunisie\/2019\/08\/05\/presidentielle-2019-kais-saied-dit-setre-fait-voler-des-parrainages-citoyens\/\"},\"author\":{\"name\":\"Yusra NY\",\"@id\":\"https:\/\/kapitalis.com\/tunisie\/#\/schema\/person\/74bbde0154d49d790a92aaeac5bc01d5\"},\"headline\":\"Pr\u00e9sidentielle 2019 : Ka\u00efs Sa\u00efed dit s&rsquo;\u00eatre fait \u00abvoler\u00bb des parrainages citoyens\",\"datePublished\":\"2019-08-05T13:21:43+00:00\",\"dateModified\":\"2019-08-05T14:12:09+00:00\",\"mainEntityOfPage\":{\"@id\":\"https:\/\/kapitalis.com\/tunisie\/2019\/08\/05\/presidentielle-2019-kais-saied-dit-setre-fait-voler-des-parrainages-citoyens\/\"},\"wordCount\":365,\"commentCount\":3,\"publisher\":{\"@id\":\"https:\/\/kapitalis.com\/tunisie\/#organization\"},\"image\":{\"@id\":\"https:\/\/kapitalis.com\/tunisie\/2019\/08\/05\/presidentielle-2019-kais-saied-dit-setre-fait-voler-des-parrainages-citoyens\/#primaryimage\"},\"thumbnailUrl\":\"\",\"keywords\":[\"candidature\",\"Ka\u00efs Saied\",\"Palais Carthage\",\"pr\u00e9sidentielle 2019\",\"Seifeddine Makhlouf\"],\"articleSection\":[\"POLITIQUE\",\"Tunisie\"],\"inLanguage\":\"fr-FR\",\"potentialAction\":[{\"@type\":\"CommentAction\",\"name\":\"Comment\",\"target\":[\"https:\/\/kapitalis.com\/tunisie\/2019\/08\/05\/presidentielle-2019-kais-saied-dit-setre-fait-voler-des-parrainages-citoyens\/#respond\"]}]},{\"@type\":\"WebPage\",\"@id\":\"https:\/\/kapitalis.com\/tunisie\/2019\/08\/05\/presidentielle-2019-kais-saied-dit-setre-fait-voler-des-parrainages-citoyens\/\",\"url\":\"https:\/\/kapitalis.com\/tunisie\/2019\/08\/05\/presidentielle-2019-kais-saied-dit-setre-fait-voler-des-parrainages-citoyens\/\",\"name\":\"Pr\u00e9sidentielle 2019 : Ka\u00efs Sa\u00efed dit s'\u00eatre fait \u00abvoler\u00bb des parrainages citoyens - Kapitalis\",\"isPartOf\":{\"@id\":\"https:\/\/kapitalis.com\/tunisie\/#website\"},\"primaryImageOfPage\":{\"@id\":\"https:\/\/kapitalis.com\/tunisie\/2019\/08\/05\/presidentielle-2019-kais-saied-dit-setre-fait-voler-des-parrainages-citoyens\/#primaryimage\"},\"image\":{\"@id\":\"https:\/\/kapitalis.com\/tunisie\/2019\/08\/05\/presidentielle-2019-kais-saied-dit-setre-fait-voler-des-parrainages-citoyens\/#primaryimage\"},\"thumbnailUrl\":\"\",\"datePublished\":\"2019-08-05T13:21:43+00:00\",\"dateModified\":\"2019-08-05T14:12:09+00:00\",\"breadcrumb\":{\"@id\":\"https:\/\/kapitalis.com\/tunisie\/2019\/08\/05\/presidentielle-2019-kais-saied-dit-setre-fait-voler-des-parrainages-citoyens\/#breadcrumb\"},\"inLanguage\":\"fr-FR\",\"potentialAction\":[{\"@type\":\"ReadAction\",\"target\":[\"https:\/\/kapitalis.com\/tunisie\/2019\/08\/05\/presidentielle-2019-kais-saied-dit-setre-fait-voler-des-parrainages-citoyens\/\"]}]},{\"@type\":\"ImageObject\",\"inLanguage\":\"fr-FR\",\"@id\":\"https:\/\/kapitalis.com\/tunisie\/2019\/08\/05\/presidentielle-2019-kais-saied-dit-setre-fait-voler-des-parrainages-citoyens\/#primaryimage\",\"url\":\"\",\"contentUrl\":\"\"},{\"@type\":\"BreadcrumbList\",\"@id\":\"https:\/\/kapitalis.com\/tunisie\/2019\/08\/05\/presidentielle-2019-kais-saied-dit-setre-fait-voler-des-parrainages-citoyens\/#breadcrumb\",\"itemListElement\":[{\"@type\":\"ListItem\",\"position\":1,\"name\":\"Accueil\",\"item\":\"https:\/\/kapitalis.com\/tunisie\/\"},{\"@type\":\"ListItem\",\"position\":2,\"name\":\"Pr\u00e9sidentielle 2019 : Ka\u00efs Sa\u00efed dit s&rsquo;\u00eatre fait \u00abvoler\u00bb des parrainages citoyens\"}]},{\"@type\":\"WebSite\",\"@id\":\"https:\/\/kapitalis.com\/tunisie\/#website\",\"url\":\"https:\/\/kapitalis.com\/tunisie\/\",\"name\":\"Kapitalis\",\"description\":\"L&#039;actualit\u00e9 en Tunisie et dans le monde\",\"publisher\":{\"@id\":\"https:\/\/kapitalis.com\/tunisie\/#organization\"},\"potentialAction\":[{\"@type\":\"SearchAction\",\"target\":{\"@type\":\"EntryPoint\",\"urlTemplate\":\"https:\/\/kapitalis.com\/tunisie\/?s={search_term_string}\"},\"query-input\":{\"@type\":\"PropertyValueSpecification\",\"valueRequired\":true,\"valueName\":\"search_term_string\"}}],\"inLanguage\":\"fr-FR\"},{\"@type\":\"Organization\",\"@id\":\"https:\/\/kapitalis.com\/tunisie\/#organization\",\"name\":\"Kapitalis\",\"url\":\"https:\/\/kapitalis.com\/tunisie\/\",\"logo\":{\"@type\":\"ImageObject\",\"inLanguage\":\"fr-FR\",\"@id\":\"https:\/\/kapitalis.com\/tunisie\/#\/schema\/logo\/image\/\",\"url\":\"https:\/\/kapitalis.com\/tunisie\/wp-content\/uploads\/2022\/05\/Kapitalis-big-size.png\",\"contentUrl\":\"https:\/\/kapitalis.com\/tunisie\/wp-content\/uploads\/2022\/05\/Kapitalis-big-size.png\",\"width\":5000,\"height\":1500,\"caption\":\"Kapitalis\"},\"image\":{\"@id\":\"https:\/\/kapitalis.com\/tunisie\/#\/schema\/logo\/image\/\"},\"sameAs\":[\"https:\/\/www.facebook.com\/KapitalisInfo\/\",\"https:\/\/x.com\/KapitalisInfo\",\"https:\/\/www.youtube.com\/channel\/UC-yDYrHyfFBWWZaOw3FPg9Q\"]},{\"@type\":\"Person\",\"@id\":\"https:\/\/kapitalis.com\/tunisie\/#\/schema\/person\/74bbde0154d49d790a92aaeac5bc01d5\",\"name\":\"Yusra NY\",\"url\":\"https:\/\/kapitalis.com\/tunisie\/author\/yuza_adam\/\"}]}<\/script>\n<!-- \/ Yoast SEO plugin. -->","yoast_head_json":{"title":"Pr\u00e9sidentielle 2019 : Ka\u00efs Sa\u00efed dit s'\u00eatre fait \u00abvoler\u00bb des parrainages citoyens - Kapitalis","robots":{"index":"index","follow":"follow","max-snippet":"max-snippet:-1","max-image-preview":"max-image-preview:large","max-video-preview":"max-video-preview:-1"},"canonical":"https:\/\/kapitalis.com\/tunisie\/2019\/08\/05\/presidentielle-2019-kais-saied-dit-setre-fait-voler-des-parrainages-citoyens\/","og_locale":"fr_FR","og_type":"article","og_title":"Pr\u00e9sidentielle 2019 : Ka\u00efs Sa\u00efed dit s'\u00eatre fait \u00abvoler\u00bb des parrainages citoyens - Kapitalis","og_description":"Le juriste Ka\u00efs Saied, candidat \u00e0 la candidature \u00e0 la pr\u00e9sidentielle de 2019, affirme qu&rsquo;on lui a \u00abvol\u00e9 des parrainages citoyens\u00bb, qui ont \u00e9t\u00e9 \u00abd\u00e9tourn\u00e9s\u00bb pour un autre candidat \u00e0 la course au Palais de Carthage.","og_url":"https:\/\/kapitalis.com\/tunisie\/2019\/08\/05\/presidentielle-2019-kais-saied-dit-setre-fait-voler-des-parrainages-citoyens\/","og_site_name":"Kapitalis","article_publisher":"https:\/\/www.facebook.com\/KapitalisInfo\/","article_published_time":"2019-08-05T13:21:43+00:00","article_modified_time":"2019-08-05T14:12:09+00:00","og_image":[{"width":1200,"height":630,"url":"https:\/\/kapitalis.com\/tunisie\/wp-content\/uploads\/2022\/05\/kapitalis-logo-fb.png","type":"image\/png"}],"author":"Yusra NY","twitter_card":"summary_large_image","twitter_creator":"@KapitalisInfo","twitter_site":"@KapitalisInfo","twitter_misc":{"\u00c9crit par":"Yusra NY","Dur\u00e9e de lecture estim\u00e9e":"2 minutes"},"schema":{"@context":"https:\/\/schema.org","@graph":[{"@type":"Article","@id":"https:\/\/kapitalis.com\/tunisie\/2019\/08\/05\/presidentielle-2019-kais-saied-dit-setre-fait-voler-des-parrainages-citoyens\/#article","isPartOf":{"@id":"https:\/\/kapitalis.com\/tunisie\/2019\/08\/05\/presidentielle-2019-kais-saied-dit-setre-fait-voler-des-parrainages-citoyens\/"},"author":{"name":"Yusra NY","@id":"https:\/\/kapitalis.com\/tunisie\/#\/schema\/person\/74bbde0154d49d790a92aaeac5bc01d5"},"headline":"Pr\u00e9sidentielle 2019 : Ka\u00efs Sa\u00efed dit s&rsquo;\u00eatre fait \u00abvoler\u00bb des parrainages citoyens","datePublished":"2019-08-05T13:21:43+00:00","dateModified":"2019-08-05T14:12:09+00:00","mainEntityOfPage":{"@id":"https:\/\/kapitalis.com\/tunisie\/2019\/08\/05\/presidentielle-2019-kais-saied-dit-setre-fait-voler-des-parrainages-citoyens\/"},"wordCount":365,"commentCount":3,"publisher":{"@id":"https:\/\/kapitalis.com\/tunisie\/#organization"},"image":{"@id":"https:\/\/kapitalis.com\/tunisie\/2019\/08\/05\/presidentielle-2019-kais-saied-dit-setre-fait-voler-des-parrainages-citoyens\/#primaryimage"},"thumbnailUrl":"","keywords":["candidature","Ka\u00efs Saied","Palais Carthage","pr\u00e9sidentielle 2019","Seifeddine Makhlouf"],"articleSection":["POLITIQUE","Tunisie"],"inLanguage":"fr-FR","potentialAction":[{"@type":"CommentAction","name":"Comment","target":["https:\/\/kapitalis.com\/tunisie\/2019\/08\/05\/presidentielle-2019-kais-saied-dit-setre-fait-voler-des-parrainages-citoyens\/#respond"]}]},{"@type":"WebPage","@id":"https:\/\/kapitalis.com\/tunisie\/2019\/08\/05\/presidentielle-2019-kais-saied-dit-setre-fait-voler-des-parrainages-citoyens\/","url":"https:\/\/kapitalis.com\/tunisie\/2019\/08\/05\/presidentielle-2019-kais-saied-dit-setre-fait-voler-des-parrainages-citoyens\/","name":"Pr\u00e9sidentielle 2019 : Ka\u00efs Sa\u00efed dit s'\u00eatre fait \u00abvoler\u00bb des parrainages citoyens - Kapitalis","isPartOf":{"@id":"https:\/\/kapitalis.com\/tunisie\/#website"},"primaryImageOfPage":{"@id":"https:\/\/kapitalis.com\/tunisie\/2019\/08\/05\/presidentielle-2019-kais-saied-dit-setre-fait-voler-des-parrainages-citoyens\/#primaryimage"},"image":{"@id":"https:\/\/kapitalis.com\/tunisie\/2019\/08\/05\/presidentielle-2019-kais-saied-dit-setre-fait-voler-des-parrainages-citoyens\/#primaryimage"},"thumbnailUrl":"","datePublished":"2019-08-05T13:21:43+00:00","dateModified":"2019-08-05T14:12:09+00:00","breadcrumb":{"@id":"https:\/\/kapitalis.com\/tunisie\/2019\/08\/05\/presidentielle-2019-kais-saied-dit-setre-fait-voler-des-parrainages-citoyens\/#breadcrumb"},"inLanguage":"fr-FR","potentialAction":[{"@type":"ReadAction","target":["https:\/\/kapitalis.com\/tunisie\/2019\/08\/05\/presidentielle-2019-kais-saied-dit-setre-fait-voler-des-parrainages-citoyens\/"]}]},{"@type":"ImageObject","inLanguage":"fr-FR","@id":"https:\/\/kapitalis.com\/tunisie\/2019\/08\/05\/presidentielle-2019-kais-saied-dit-setre-fait-voler-des-parrainages-citoyens\/#primaryimage","url":"","contentUrl":""},{"@type":"BreadcrumbList","@id":"https:\/\/kapitalis.com\/tunisie\/2019\/08\/05\/presidentielle-2019-kais-saied-dit-setre-fait-voler-des-parrainages-citoyens\/#breadcrumb","itemListElement":[{"@type":"ListItem","position":1,"name":"Accueil","item":"https:\/\/kapitalis.com\/tunisie\/"},{"@type":"ListItem","position":2,"name":"Pr\u00e9sidentielle 2019 : Ka\u00efs Sa\u00efed dit s&rsquo;\u00eatre fait \u00abvoler\u00bb des parrainages citoyens"}]},{"@type":"WebSite","@id":"https:\/\/kapitalis.com\/tunisie\/#website","url":"https:\/\/kapitalis.com\/tunisie\/","name":"Kapitalis","description":"L&#039;actualit\u00e9 en Tunisie et dans le monde","publisher":{"@id":"https:\/\/kapitalis.com\/tunisie\/#organization"},"potentialAction":[{"@type":"SearchAction","target":{"@type":"EntryPoint","urlTemplate":"https:\/\/kapitalis.com\/tunisie\/?s={search_term_string}"},"query-input":{"@type":"PropertyValueSpecification","valueRequired":true,"valueName":"search_term_string"}}],"inLanguage":"fr-FR"},{"@type":"Organization","@id":"https:\/\/kapitalis.com\/tunisie\/#organization","name":"Kapitalis","url":"https:\/\/kapitalis.com\/tunisie\/","logo":{"@type":"ImageObject","inLanguage":"fr-FR","@id":"https:\/\/kapitalis.com\/tunisie\/#\/schema\/logo\/image\/","url":"https:\/\/kapitalis.com\/tunisie\/wp-content\/uploads\/2022\/05\/Kapitalis-big-size.png","contentUrl":"https:\/\/kapitalis.com\/tunisie\/wp-content\/uploads\/2022\/05\/Kapitalis-big-size.png","width":5000,"height":1500,"caption":"Kapitalis"},"image":{"@id":"https:\/\/kapitalis.com\/tunisie\/#\/schema\/logo\/image\/"},"sameAs":["https:\/\/www.facebook.com\/KapitalisInfo\/","https:\/\/x.com\/KapitalisInfo","https:\/\/www.youtube.com\/channel\/UC-yDYrHyfFBWWZaOw3FPg9Q"]},{"@type":"Person","@id":"https:\/\/kapitalis.com\/tunisie\/#\/schema\/person\/74bbde0154d49d790a92aaeac5bc01d5","name":"Yusra NY","url":"https:\/\/kapitalis.com\/tunisie\/author\/yuza_adam\/"}]}},"_links":{"self":[{"href":"https:\/\/kapitalis.com\/tunisie\/wp-json\/wp\/v2\/posts\/230987","targetHints":{"allow":["GET"]}}],"collection":[{"href":"https:\/\/kapitalis.com\/tunisie\/wp-json\/wp\/v2\/posts"}],"about":[{"href":"https:\/\/kapitalis.com\/tunisie\/wp-json\/wp\/v2\/types\/post"}],"author":[{"embeddable":true,"href":"https:\/\/kapitalis.com\/tunisie\/wp-json\/wp\/v2\/users\/6"}],"replies":[{"embeddable":true,"href":"https:\/\/kapitalis.com\/tunisie\/wp-json\/wp\/v2\/comments?post=230987"}],"version-history":[{"count":0,"href":"https:\/\/kapitalis.com\/tunisie\/wp-json\/wp\/v2\/posts\/230987\/revisions"}],"wp:featuredmedia":[{"embeddable":true,"href":"https:\/\/kapitalis.com\/tunisie\/wp-json\/wp\/v2\/media\/231003"}],"wp:attachment":[{"href":"https:\/\/kapitalis.com\/tunisie\/wp-json\/wp\/v2\/media?parent=230987"}],"wp:term":[{"taxonomy":"category","embeddable":true,"href":"https:\/\/kapitalis.com\/tunisie\/wp-json\/wp\/v2\/categories?post=230987"},{"taxonomy":"post_tag","embeddable":true,"href":"https:\/\/kapitalis.com\/tunisie\/wp-json\/wp\/v2\/tags?post=230987"}],"curies":[{"name":"wp","href":"https:\/\/api.w.org\/{rel}","templated":true}]}}