{"id":23130,"date":"2015-11-04T08:50:27","date_gmt":"2015-11-04T07:50:27","guid":{"rendered":"http:\/\/kapitalis.com\/tunisie\/?p=23130"},"modified":"2015-11-04T09:12:11","modified_gmt":"2015-11-04T08:12:11","slug":"poursuivi-depuis-2009-le-journaliste-mouldi-zouabi-acquitte","status":"publish","type":"post","link":"https:\/\/kapitalis.com\/tunisie\/2015\/11\/04\/poursuivi-depuis-2009-le-journaliste-mouldi-zouabi-acquitte\/","title":{"rendered":"Poursuivi depuis 2009 : Le journaliste Mouldi Zouabi acquitt\u00e9"},"content":{"rendered":"<p><img loading=\"lazy\" decoding=\"async\" class=\"alignnone size-full wp-image-23133 aligncenter\" src=\"http:\/\/kapitalis.com\/tunisie\/wp-content\/uploads\/2015\/11\/zouabi.jpg\" alt=\"zouabi\" width=\"626\" height=\"380\" \/><\/p>\n<p><em><strong>La cour d&rsquo;appel du Kef a prononc\u00e9, hier, un non-lieu en faveur du journaliste Mouldi Zouabi dans\u00a0 l\u2019affaire pour laquelle il est poursuivi depuis 2009.<\/strong><\/em><br \/>\n<!--more--><\/p>\n<p>Dans une d\u00e9claration \u00e0 l&rsquo;agence Tap, Mouldi Zouabi s&rsquo;est dit satisfait de la d\u00e9cision de la cour d&rsquo;appel du Kef qui, a-t- il rappel\u00e9, l&rsquo;avait disculp\u00e9 en 2011, mais le minist\u00e8re public s&rsquo;est pourvu en cassation.<\/p>\n<p>Il a, \u00e9galement, tenu \u00e0 pr\u00e9ciser que cette affaire est \u00ab<em>mont\u00e9e de toutes pi\u00e8ces<\/em>\u00bb et que les poursuites ont \u00e9t\u00e9 engag\u00e9es contre lui \u00e0 la suite \u00e0 sa publication d&rsquo;une s\u00e9rie d&rsquo;articles dans lesquels il avait accus\u00e9 l&rsquo;Organisation des scouts tunisiens de corruption et de propagande au profit du r\u00e9gime de Ben Ali lors de la pr\u00e9sidentielle de 2009.<\/p>\n<p>En r\u00e9action \u00e0 la d\u00e9cision de la Cour, N\u00e9ji Bghouri , pr\u00e9sident du Syndicat national des journalistes tunisiens (SNJT), a d\u00e9nonc\u00e9 la lenteur des proc\u00e9dures judiciaires qui, a-t-il regrett\u00e9, \u00ab<em>accusent un retard au niveau du minist\u00e8re public, en premi\u00e8re instance et en appel<\/em>\u00bb.<\/p>\n<p>N\u00e9ji Bghouri a r\u00e9clam\u00e9 la mise en application du d\u00e9cret-loi n\u00b0115 qui, a-t-il estim\u00e9, \u00ab<em>repr\u00e9sente l&rsquo;unique cadre l\u00e9gislatif qui r\u00e9git les affaires de la presse et d&rsquo;\u00e9dition<\/em>\u00bb. Ce texte, qui constitue le nouveau code de presse, a supprim\u00e9 toutes les peines privatives de libert\u00e9 pour les d\u00e9lits de presse, mais certains juges continuent de recourir \u00e0 d&rsquo;anciens textes du code p\u00e9nal pour poursuivre des journalistes.<\/p>\n<p style=\"text-align: right;\"><strong>A. B. M.\u00a0<\/strong><em> (avec Tap)<\/em><\/p>\n","protected":false},"excerpt":{"rendered":"<p>La cour d&rsquo;appel du Kef a prononc\u00e9, hier, un non-lieu en faveur du journaliste Mouldi Zouabi dans\u00a0 l\u2019affaire pour laquelle il est poursuivi depuis 2009.<\/p>\n","protected":false},"author":11,"featured_media":23133,"comment_status":"open","ping_status":"open","sticky":false,"template":"","format":"standard","meta":{"footnotes":""},"categories":[996,2433],"tags":[140,1380,6470,838],"class_list":["post-23130","post","type-post","status-publish","format-standard","has-post-thumbnail","hentry","category-media","category-tunisie","tag-ben-ali","tag-journaliste","tag-le-kef","tag-snjt"],"yoast_head":"<!-- This site is optimized with the Yoast SEO plugin v26.6 - https:\/\/yoast.com\/wordpress\/plugins\/seo\/ -->\n<title>Poursuivi depuis 2009 : Le journaliste Mouldi Zouabi acquitt\u00e9 - Kapitalis<\/title>\n<meta name=\"robots\" content=\"index, follow, max-snippet:-1, max-image-preview:large, max-video-preview:-1\" \/>\n<link rel=\"canonical\" href=\"https:\/\/kapitalis.com\/tunisie\/2015\/11\/04\/poursuivi-depuis-2009-le-journaliste-mouldi-zouabi-acquitte\/\" \/>\n<meta property=\"og:locale\" content=\"fr_FR\" \/>\n<meta property=\"og:type\" content=\"article\" \/>\n<meta property=\"og:title\" content=\"Poursuivi depuis 2009 : Le journaliste Mouldi Zouabi acquitt\u00e9 - Kapitalis\" \/>\n<meta property=\"og:description\" content=\"La cour d&rsquo;appel du Kef a prononc\u00e9, hier, un non-lieu en faveur du journaliste Mouldi Zouabi dans\u00a0 l\u2019affaire pour laquelle il est poursuivi depuis 2009.\" \/>\n<meta property=\"og:url\" content=\"https:\/\/kapitalis.com\/tunisie\/2015\/11\/04\/poursuivi-depuis-2009-le-journaliste-mouldi-zouabi-acquitte\/\" \/>\n<meta property=\"og:site_name\" content=\"Kapitalis\" \/>\n<meta property=\"article:publisher\" content=\"https:\/\/www.facebook.com\/KapitalisInfo\/\" \/>\n<meta property=\"article:published_time\" content=\"2015-11-04T07:50:27+00:00\" \/>\n<meta property=\"article:modified_time\" content=\"2015-11-04T08:12:11+00:00\" \/>\n<meta property=\"og:image\" content=\"https:\/\/kapitalis.com\/tunisie\/wp-content\/uploads\/2022\/05\/kapitalis-logo-fb.png\" \/>\n\t<meta property=\"og:image:width\" content=\"1200\" \/>\n\t<meta property=\"og:image:height\" content=\"630\" \/>\n\t<meta property=\"og:image:type\" content=\"image\/png\" \/>\n<meta name=\"author\" content=\"benmansour3 benmansour\" \/>\n<meta name=\"twitter:card\" content=\"summary_large_image\" \/>\n<meta name=\"twitter:creator\" content=\"@KapitalisInfo\" \/>\n<meta name=\"twitter:site\" content=\"@KapitalisInfo\" \/>\n<meta name=\"twitter:label1\" content=\"\u00c9crit par\" \/>\n\t<meta name=\"twitter:data1\" content=\"benmansour3 benmansour\" \/>\n\t<meta name=\"twitter:label2\" content=\"Dur\u00e9e de lecture estim\u00e9e\" \/>\n\t<meta name=\"twitter:data2\" content=\"1 minute\" \/>\n<script type=\"application\/ld+json\" class=\"yoast-schema-graph\">{\"@context\":\"https:\/\/schema.org\",\"@graph\":[{\"@type\":\"Article\",\"@id\":\"https:\/\/kapitalis.com\/tunisie\/2015\/11\/04\/poursuivi-depuis-2009-le-journaliste-mouldi-zouabi-acquitte\/#article\",\"isPartOf\":{\"@id\":\"https:\/\/kapitalis.com\/tunisie\/2015\/11\/04\/poursuivi-depuis-2009-le-journaliste-mouldi-zouabi-acquitte\/\"},\"author\":{\"name\":\"benmansour3 benmansour\",\"@id\":\"https:\/\/kapitalis.com\/tunisie\/#\/schema\/person\/035372e645ad321edc01006468cd4c8b\"},\"headline\":\"Poursuivi depuis 2009 : Le journaliste Mouldi Zouabi acquitt\u00e9\",\"datePublished\":\"2015-11-04T07:50:27+00:00\",\"dateModified\":\"2015-11-04T08:12:11+00:00\",\"mainEntityOfPage\":{\"@id\":\"https:\/\/kapitalis.com\/tunisie\/2015\/11\/04\/poursuivi-depuis-2009-le-journaliste-mouldi-zouabi-acquitte\/\"},\"wordCount\":258,\"commentCount\":1,\"publisher\":{\"@id\":\"https:\/\/kapitalis.com\/tunisie\/#organization\"},\"image\":{\"@id\":\"https:\/\/kapitalis.com\/tunisie\/2015\/11\/04\/poursuivi-depuis-2009-le-journaliste-mouldi-zouabi-acquitte\/#primaryimage\"},\"thumbnailUrl\":\"\",\"keywords\":[\"Ben Ali\",\"journaliste\",\"Le Kef\",\"SNJT\"],\"articleSection\":[\"MEDIA\",\"Tunisie\"],\"inLanguage\":\"fr-FR\",\"potentialAction\":[{\"@type\":\"CommentAction\",\"name\":\"Comment\",\"target\":[\"https:\/\/kapitalis.com\/tunisie\/2015\/11\/04\/poursuivi-depuis-2009-le-journaliste-mouldi-zouabi-acquitte\/#respond\"]}]},{\"@type\":\"WebPage\",\"@id\":\"https:\/\/kapitalis.com\/tunisie\/2015\/11\/04\/poursuivi-depuis-2009-le-journaliste-mouldi-zouabi-acquitte\/\",\"url\":\"https:\/\/kapitalis.com\/tunisie\/2015\/11\/04\/poursuivi-depuis-2009-le-journaliste-mouldi-zouabi-acquitte\/\",\"name\":\"Poursuivi depuis 2009 : Le journaliste Mouldi Zouabi acquitt\u00e9 - Kapitalis\",\"isPartOf\":{\"@id\":\"https:\/\/kapitalis.com\/tunisie\/#website\"},\"primaryImageOfPage\":{\"@id\":\"https:\/\/kapitalis.com\/tunisie\/2015\/11\/04\/poursuivi-depuis-2009-le-journaliste-mouldi-zouabi-acquitte\/#primaryimage\"},\"image\":{\"@id\":\"https:\/\/kapitalis.com\/tunisie\/2015\/11\/04\/poursuivi-depuis-2009-le-journaliste-mouldi-zouabi-acquitte\/#primaryimage\"},\"thumbnailUrl\":\"\",\"datePublished\":\"2015-11-04T07:50:27+00:00\",\"dateModified\":\"2015-11-04T08:12:11+00:00\",\"breadcrumb\":{\"@id\":\"https:\/\/kapitalis.com\/tunisie\/2015\/11\/04\/poursuivi-depuis-2009-le-journaliste-mouldi-zouabi-acquitte\/#breadcrumb\"},\"inLanguage\":\"fr-FR\",\"potentialAction\":[{\"@type\":\"ReadAction\",\"target\":[\"https:\/\/kapitalis.com\/tunisie\/2015\/11\/04\/poursuivi-depuis-2009-le-journaliste-mouldi-zouabi-acquitte\/\"]}]},{\"@type\":\"ImageObject\",\"inLanguage\":\"fr-FR\",\"@id\":\"https:\/\/kapitalis.com\/tunisie\/2015\/11\/04\/poursuivi-depuis-2009-le-journaliste-mouldi-zouabi-acquitte\/#primaryimage\",\"url\":\"\",\"contentUrl\":\"\"},{\"@type\":\"BreadcrumbList\",\"@id\":\"https:\/\/kapitalis.com\/tunisie\/2015\/11\/04\/poursuivi-depuis-2009-le-journaliste-mouldi-zouabi-acquitte\/#breadcrumb\",\"itemListElement\":[{\"@type\":\"ListItem\",\"position\":1,\"name\":\"Accueil\",\"item\":\"https:\/\/kapitalis.com\/tunisie\/\"},{\"@type\":\"ListItem\",\"position\":2,\"name\":\"Poursuivi depuis 2009 : Le journaliste Mouldi Zouabi acquitt\u00e9\"}]},{\"@type\":\"WebSite\",\"@id\":\"https:\/\/kapitalis.com\/tunisie\/#website\",\"url\":\"https:\/\/kapitalis.com\/tunisie\/\",\"name\":\"Kapitalis\",\"description\":\"L&#039;actualit\u00e9 en Tunisie et dans le monde\",\"publisher\":{\"@id\":\"https:\/\/kapitalis.com\/tunisie\/#organization\"},\"potentialAction\":[{\"@type\":\"SearchAction\",\"target\":{\"@type\":\"EntryPoint\",\"urlTemplate\":\"https:\/\/kapitalis.com\/tunisie\/?s={search_term_string}\"},\"query-input\":{\"@type\":\"PropertyValueSpecification\",\"valueRequired\":true,\"valueName\":\"search_term_string\"}}],\"inLanguage\":\"fr-FR\"},{\"@type\":\"Organization\",\"@id\":\"https:\/\/kapitalis.com\/tunisie\/#organization\",\"name\":\"Kapitalis\",\"url\":\"https:\/\/kapitalis.com\/tunisie\/\",\"logo\":{\"@type\":\"ImageObject\",\"inLanguage\":\"fr-FR\",\"@id\":\"https:\/\/kapitalis.com\/tunisie\/#\/schema\/logo\/image\/\",\"url\":\"https:\/\/kapitalis.com\/tunisie\/wp-content\/uploads\/2022\/05\/Kapitalis-big-size.png\",\"contentUrl\":\"https:\/\/kapitalis.com\/tunisie\/wp-content\/uploads\/2022\/05\/Kapitalis-big-size.png\",\"width\":5000,\"height\":1500,\"caption\":\"Kapitalis\"},\"image\":{\"@id\":\"https:\/\/kapitalis.com\/tunisie\/#\/schema\/logo\/image\/\"},\"sameAs\":[\"https:\/\/www.facebook.com\/KapitalisInfo\/\",\"https:\/\/x.com\/KapitalisInfo\",\"https:\/\/www.youtube.com\/channel\/UC-yDYrHyfFBWWZaOw3FPg9Q\"]},{\"@type\":\"Person\",\"@id\":\"https:\/\/kapitalis.com\/tunisie\/#\/schema\/person\/035372e645ad321edc01006468cd4c8b\",\"name\":\"benmansour3 benmansour\",\"url\":\"https:\/\/kapitalis.com\/tunisie\/author\/benmansour3\/\"}]}<\/script>\n<!-- \/ Yoast SEO plugin. -->","yoast_head_json":{"title":"Poursuivi depuis 2009 : Le journaliste Mouldi Zouabi acquitt\u00e9 - Kapitalis","robots":{"index":"index","follow":"follow","max-snippet":"max-snippet:-1","max-image-preview":"max-image-preview:large","max-video-preview":"max-video-preview:-1"},"canonical":"https:\/\/kapitalis.com\/tunisie\/2015\/11\/04\/poursuivi-depuis-2009-le-journaliste-mouldi-zouabi-acquitte\/","og_locale":"fr_FR","og_type":"article","og_title":"Poursuivi depuis 2009 : Le journaliste Mouldi Zouabi acquitt\u00e9 - Kapitalis","og_description":"La cour d&rsquo;appel du Kef a prononc\u00e9, hier, un non-lieu en faveur du journaliste Mouldi Zouabi dans\u00a0 l\u2019affaire pour laquelle il est poursuivi depuis 2009.","og_url":"https:\/\/kapitalis.com\/tunisie\/2015\/11\/04\/poursuivi-depuis-2009-le-journaliste-mouldi-zouabi-acquitte\/","og_site_name":"Kapitalis","article_publisher":"https:\/\/www.facebook.com\/KapitalisInfo\/","article_published_time":"2015-11-04T07:50:27+00:00","article_modified_time":"2015-11-04T08:12:11+00:00","og_image":[{"width":1200,"height":630,"url":"https:\/\/kapitalis.com\/tunisie\/wp-content\/uploads\/2022\/05\/kapitalis-logo-fb.png","type":"image\/png"}],"author":"benmansour3 benmansour","twitter_card":"summary_large_image","twitter_creator":"@KapitalisInfo","twitter_site":"@KapitalisInfo","twitter_misc":{"\u00c9crit par":"benmansour3 benmansour","Dur\u00e9e de lecture estim\u00e9e":"1 minute"},"schema":{"@context":"https:\/\/schema.org","@graph":[{"@type":"Article","@id":"https:\/\/kapitalis.com\/tunisie\/2015\/11\/04\/poursuivi-depuis-2009-le-journaliste-mouldi-zouabi-acquitte\/#article","isPartOf":{"@id":"https:\/\/kapitalis.com\/tunisie\/2015\/11\/04\/poursuivi-depuis-2009-le-journaliste-mouldi-zouabi-acquitte\/"},"author":{"name":"benmansour3 benmansour","@id":"https:\/\/kapitalis.com\/tunisie\/#\/schema\/person\/035372e645ad321edc01006468cd4c8b"},"headline":"Poursuivi depuis 2009 : Le journaliste Mouldi Zouabi acquitt\u00e9","datePublished":"2015-11-04T07:50:27+00:00","dateModified":"2015-11-04T08:12:11+00:00","mainEntityOfPage":{"@id":"https:\/\/kapitalis.com\/tunisie\/2015\/11\/04\/poursuivi-depuis-2009-le-journaliste-mouldi-zouabi-acquitte\/"},"wordCount":258,"commentCount":1,"publisher":{"@id":"https:\/\/kapitalis.com\/tunisie\/#organization"},"image":{"@id":"https:\/\/kapitalis.com\/tunisie\/2015\/11\/04\/poursuivi-depuis-2009-le-journaliste-mouldi-zouabi-acquitte\/#primaryimage"},"thumbnailUrl":"","keywords":["Ben Ali","journaliste","Le Kef","SNJT"],"articleSection":["MEDIA","Tunisie"],"inLanguage":"fr-FR","potentialAction":[{"@type":"CommentAction","name":"Comment","target":["https:\/\/kapitalis.com\/tunisie\/2015\/11\/04\/poursuivi-depuis-2009-le-journaliste-mouldi-zouabi-acquitte\/#respond"]}]},{"@type":"WebPage","@id":"https:\/\/kapitalis.com\/tunisie\/2015\/11\/04\/poursuivi-depuis-2009-le-journaliste-mouldi-zouabi-acquitte\/","url":"https:\/\/kapitalis.com\/tunisie\/2015\/11\/04\/poursuivi-depuis-2009-le-journaliste-mouldi-zouabi-acquitte\/","name":"Poursuivi depuis 2009 : Le journaliste Mouldi Zouabi acquitt\u00e9 - Kapitalis","isPartOf":{"@id":"https:\/\/kapitalis.com\/tunisie\/#website"},"primaryImageOfPage":{"@id":"https:\/\/kapitalis.com\/tunisie\/2015\/11\/04\/poursuivi-depuis-2009-le-journaliste-mouldi-zouabi-acquitte\/#primaryimage"},"image":{"@id":"https:\/\/kapitalis.com\/tunisie\/2015\/11\/04\/poursuivi-depuis-2009-le-journaliste-mouldi-zouabi-acquitte\/#primaryimage"},"thumbnailUrl":"","datePublished":"2015-11-04T07:50:27+00:00","dateModified":"2015-11-04T08:12:11+00:00","breadcrumb":{"@id":"https:\/\/kapitalis.com\/tunisie\/2015\/11\/04\/poursuivi-depuis-2009-le-journaliste-mouldi-zouabi-acquitte\/#breadcrumb"},"inLanguage":"fr-FR","potentialAction":[{"@type":"ReadAction","target":["https:\/\/kapitalis.com\/tunisie\/2015\/11\/04\/poursuivi-depuis-2009-le-journaliste-mouldi-zouabi-acquitte\/"]}]},{"@type":"ImageObject","inLanguage":"fr-FR","@id":"https:\/\/kapitalis.com\/tunisie\/2015\/11\/04\/poursuivi-depuis-2009-le-journaliste-mouldi-zouabi-acquitte\/#primaryimage","url":"","contentUrl":""},{"@type":"BreadcrumbList","@id":"https:\/\/kapitalis.com\/tunisie\/2015\/11\/04\/poursuivi-depuis-2009-le-journaliste-mouldi-zouabi-acquitte\/#breadcrumb","itemListElement":[{"@type":"ListItem","position":1,"name":"Accueil","item":"https:\/\/kapitalis.com\/tunisie\/"},{"@type":"ListItem","position":2,"name":"Poursuivi depuis 2009 : Le journaliste Mouldi Zouabi acquitt\u00e9"}]},{"@type":"WebSite","@id":"https:\/\/kapitalis.com\/tunisie\/#website","url":"https:\/\/kapitalis.com\/tunisie\/","name":"Kapitalis","description":"L&#039;actualit\u00e9 en Tunisie et dans le monde","publisher":{"@id":"https:\/\/kapitalis.com\/tunisie\/#organization"},"potentialAction":[{"@type":"SearchAction","target":{"@type":"EntryPoint","urlTemplate":"https:\/\/kapitalis.com\/tunisie\/?s={search_term_string}"},"query-input":{"@type":"PropertyValueSpecification","valueRequired":true,"valueName":"search_term_string"}}],"inLanguage":"fr-FR"},{"@type":"Organization","@id":"https:\/\/kapitalis.com\/tunisie\/#organization","name":"Kapitalis","url":"https:\/\/kapitalis.com\/tunisie\/","logo":{"@type":"ImageObject","inLanguage":"fr-FR","@id":"https:\/\/kapitalis.com\/tunisie\/#\/schema\/logo\/image\/","url":"https:\/\/kapitalis.com\/tunisie\/wp-content\/uploads\/2022\/05\/Kapitalis-big-size.png","contentUrl":"https:\/\/kapitalis.com\/tunisie\/wp-content\/uploads\/2022\/05\/Kapitalis-big-size.png","width":5000,"height":1500,"caption":"Kapitalis"},"image":{"@id":"https:\/\/kapitalis.com\/tunisie\/#\/schema\/logo\/image\/"},"sameAs":["https:\/\/www.facebook.com\/KapitalisInfo\/","https:\/\/x.com\/KapitalisInfo","https:\/\/www.youtube.com\/channel\/UC-yDYrHyfFBWWZaOw3FPg9Q"]},{"@type":"Person","@id":"https:\/\/kapitalis.com\/tunisie\/#\/schema\/person\/035372e645ad321edc01006468cd4c8b","name":"benmansour3 benmansour","url":"https:\/\/kapitalis.com\/tunisie\/author\/benmansour3\/"}]}},"_links":{"self":[{"href":"https:\/\/kapitalis.com\/tunisie\/wp-json\/wp\/v2\/posts\/23130","targetHints":{"allow":["GET"]}}],"collection":[{"href":"https:\/\/kapitalis.com\/tunisie\/wp-json\/wp\/v2\/posts"}],"about":[{"href":"https:\/\/kapitalis.com\/tunisie\/wp-json\/wp\/v2\/types\/post"}],"author":[{"embeddable":true,"href":"https:\/\/kapitalis.com\/tunisie\/wp-json\/wp\/v2\/users\/11"}],"replies":[{"embeddable":true,"href":"https:\/\/kapitalis.com\/tunisie\/wp-json\/wp\/v2\/comments?post=23130"}],"version-history":[{"count":0,"href":"https:\/\/kapitalis.com\/tunisie\/wp-json\/wp\/v2\/posts\/23130\/revisions"}],"wp:featuredmedia":[{"embeddable":true,"href":"https:\/\/kapitalis.com\/tunisie\/wp-json\/wp\/v2\/media\/23133"}],"wp:attachment":[{"href":"https:\/\/kapitalis.com\/tunisie\/wp-json\/wp\/v2\/media?parent=23130"}],"wp:term":[{"taxonomy":"category","embeddable":true,"href":"https:\/\/kapitalis.com\/tunisie\/wp-json\/wp\/v2\/categories?post=23130"},{"taxonomy":"post_tag","embeddable":true,"href":"https:\/\/kapitalis.com\/tunisie\/wp-json\/wp\/v2\/tags?post=23130"}],"curies":[{"name":"wp","href":"https:\/\/api.w.org\/{rel}","templated":true}]}}