{"id":231396,"date":"2019-08-06T17:48:45","date_gmt":"2019-08-06T16:48:45","guid":{"rendered":"http:\/\/kapitalis.com\/tunisie\/?p=231396"},"modified":"2019-08-06T17:48:49","modified_gmt":"2019-08-06T16:48:49","slug":"tebourba-a-quand-le-demarrage-des-travaux-de-restauration-du-mausolee-sidi-ben-aissa","status":"publish","type":"post","link":"https:\/\/kapitalis.com\/tunisie\/2019\/08\/06\/tebourba-a-quand-le-demarrage-des-travaux-de-restauration-du-mausolee-sidi-ben-aissa\/","title":{"rendered":"T\u00e9bourba : A quand le d\u00e9marrage des travaux de restauration du mausol\u00e9e Sidi Ben A\u00efssa ?"},"content":{"rendered":"\n<figure class=\"wp-block-image\"><img decoding=\"async\" src=\"http:\/\/kapitalis.com\/tunisie\/wp-content\/uploads\/2019\/08\/Mausolee-Sidi-Ben-Aissa-Tebourba.jpg\" alt=\"\" class=\"wp-image-231397\"\/><\/figure>\n\n\n\n<p><strong><em>Le mausol\u00e9e Sidi Ben A\u00efssa, situ\u00e9 dans la m\u00e9dina de T\u00e9bourba (Manouba), est un monument class\u00e9 qui attend, depuis 10 ans, l\u2019intervention de l\u2019Institut national du patrimoine (INP) pour le sauver de la ruine.<\/em><\/strong><br><\/p>\n\n\n\n<!--more-->\n\n\n\n<p> Or, soulignent les habitants de T\u00e9bourba, chaque jour qui passe alourdit la facture \u00e0 payer. <\/p>\n\n\n\n<p>Cet SOS est adress\u00e9 aux autorit\u00e9s de tutelle par Abdelwaheb Mahjoub, universitaire, pr\u00e9sident de l\u2019Association de sauvegarde de la m\u00e9dina de T\u00e9bourba, pour leur dire qu\u2019il est fatigu\u00e9 d\u2019\u00e9crire et de t\u00e9l\u00e9phoner pour demander o\u00f9 en est le dossier, le projet \u00e9tant lanc\u00e9 depuis 5 ans, mais sans vraiment avancer d\u2019un iota.<\/p>\n\n\n\n<p style=\"text-align:right\"><strong>I. B.<\/strong><\/p>\n","protected":false},"excerpt":{"rendered":"<p>Le mausol\u00e9e Sidi Ben A\u00efssa, situ\u00e9 dans la m\u00e9dina de T\u00e9bourba (Manouba), est un monument class\u00e9 qui attend, depuis 10 ans, l\u2019intervention de l\u2019Institut national du patrimoine (INP) pour le sauver de la ruine.<\/p>\n","protected":false},"author":8,"featured_media":231397,"comment_status":"open","ping_status":"open","sticky":false,"template":"","format":"standard","meta":{"footnotes":""},"categories":[994,2433],"tags":[571,884],"class_list":["post-231396","post","type-post","status-publish","format-standard","has-post-thumbnail","hentry","category-culture","category-tunisie","tag-manouba","tag-tebourba"],"yoast_head":"<!-- This site is optimized with the Yoast SEO plugin v26.6 - https:\/\/yoast.com\/wordpress\/plugins\/seo\/ -->\n<title>T\u00e9bourba : A quand le d\u00e9marrage des travaux de restauration du mausol\u00e9e Sidi Ben A\u00efssa ? - Kapitalis<\/title>\n<meta name=\"robots\" content=\"index, follow, max-snippet:-1, max-image-preview:large, max-video-preview:-1\" \/>\n<link rel=\"canonical\" href=\"https:\/\/kapitalis.com\/tunisie\/2019\/08\/06\/tebourba-a-quand-le-demarrage-des-travaux-de-restauration-du-mausolee-sidi-ben-aissa\/\" \/>\n<meta property=\"og:locale\" content=\"fr_FR\" \/>\n<meta property=\"og:type\" content=\"article\" \/>\n<meta property=\"og:title\" content=\"T\u00e9bourba : A quand le d\u00e9marrage des travaux de restauration du mausol\u00e9e Sidi Ben A\u00efssa ? - Kapitalis\" \/>\n<meta property=\"og:description\" content=\"Le mausol\u00e9e Sidi Ben A\u00efssa, situ\u00e9 dans la m\u00e9dina de T\u00e9bourba (Manouba), est un monument class\u00e9 qui attend, depuis 10 ans, l\u2019intervention de l\u2019Institut national du patrimoine (INP) pour le sauver de la ruine.\" \/>\n<meta property=\"og:url\" content=\"https:\/\/kapitalis.com\/tunisie\/2019\/08\/06\/tebourba-a-quand-le-demarrage-des-travaux-de-restauration-du-mausolee-sidi-ben-aissa\/\" \/>\n<meta property=\"og:site_name\" content=\"Kapitalis\" \/>\n<meta property=\"article:publisher\" content=\"https:\/\/www.facebook.com\/KapitalisInfo\/\" \/>\n<meta property=\"article:published_time\" content=\"2019-08-06T16:48:45+00:00\" \/>\n<meta property=\"article:modified_time\" content=\"2019-08-06T16:48:49+00:00\" \/>\n<meta property=\"og:image\" content=\"https:\/\/kapitalis.com\/tunisie\/wp-content\/uploads\/2022\/05\/kapitalis-logo-fb.png\" \/>\n\t<meta property=\"og:image:width\" content=\"1200\" \/>\n\t<meta property=\"og:image:height\" content=\"630\" \/>\n\t<meta property=\"og:image:type\" content=\"image\/png\" \/>\n<meta name=\"author\" content=\"webmaster kapitalis\" \/>\n<meta name=\"twitter:card\" content=\"summary_large_image\" \/>\n<meta name=\"twitter:creator\" content=\"@KapitalisInfo\" \/>\n<meta name=\"twitter:site\" content=\"@KapitalisInfo\" \/>\n<meta name=\"twitter:label1\" content=\"\u00c9crit par\" \/>\n\t<meta name=\"twitter:data1\" content=\"webmaster kapitalis\" \/>\n\t<meta name=\"twitter:label2\" content=\"Dur\u00e9e de lecture estim\u00e9e\" \/>\n\t<meta name=\"twitter:data2\" content=\"1 minute\" \/>\n<script type=\"application\/ld+json\" class=\"yoast-schema-graph\">{\"@context\":\"https:\/\/schema.org\",\"@graph\":[{\"@type\":\"Article\",\"@id\":\"https:\/\/kapitalis.com\/tunisie\/2019\/08\/06\/tebourba-a-quand-le-demarrage-des-travaux-de-restauration-du-mausolee-sidi-ben-aissa\/#article\",\"isPartOf\":{\"@id\":\"https:\/\/kapitalis.com\/tunisie\/2019\/08\/06\/tebourba-a-quand-le-demarrage-des-travaux-de-restauration-du-mausolee-sidi-ben-aissa\/\"},\"author\":{\"name\":\"webmaster kapitalis\",\"@id\":\"https:\/\/kapitalis.com\/tunisie\/#\/schema\/person\/d71f33a9ca44f7bad4698210b480c8e9\"},\"headline\":\"T\u00e9bourba : A quand le d\u00e9marrage des travaux de restauration du mausol\u00e9e Sidi Ben A\u00efssa ?\",\"datePublished\":\"2019-08-06T16:48:45+00:00\",\"dateModified\":\"2019-08-06T16:48:49+00:00\",\"mainEntityOfPage\":{\"@id\":\"https:\/\/kapitalis.com\/tunisie\/2019\/08\/06\/tebourba-a-quand-le-demarrage-des-travaux-de-restauration-du-mausolee-sidi-ben-aissa\/\"},\"wordCount\":135,\"commentCount\":0,\"publisher\":{\"@id\":\"https:\/\/kapitalis.com\/tunisie\/#organization\"},\"image\":{\"@id\":\"https:\/\/kapitalis.com\/tunisie\/2019\/08\/06\/tebourba-a-quand-le-demarrage-des-travaux-de-restauration-du-mausolee-sidi-ben-aissa\/#primaryimage\"},\"thumbnailUrl\":\"\",\"keywords\":[\"Manouba\",\"Tebourba\"],\"articleSection\":[\"CULTURE\",\"Tunisie\"],\"inLanguage\":\"fr-FR\",\"potentialAction\":[{\"@type\":\"CommentAction\",\"name\":\"Comment\",\"target\":[\"https:\/\/kapitalis.com\/tunisie\/2019\/08\/06\/tebourba-a-quand-le-demarrage-des-travaux-de-restauration-du-mausolee-sidi-ben-aissa\/#respond\"]}]},{\"@type\":\"WebPage\",\"@id\":\"https:\/\/kapitalis.com\/tunisie\/2019\/08\/06\/tebourba-a-quand-le-demarrage-des-travaux-de-restauration-du-mausolee-sidi-ben-aissa\/\",\"url\":\"https:\/\/kapitalis.com\/tunisie\/2019\/08\/06\/tebourba-a-quand-le-demarrage-des-travaux-de-restauration-du-mausolee-sidi-ben-aissa\/\",\"name\":\"T\u00e9bourba : A quand le d\u00e9marrage des travaux de restauration du mausol\u00e9e Sidi Ben A\u00efssa ? - Kapitalis\",\"isPartOf\":{\"@id\":\"https:\/\/kapitalis.com\/tunisie\/#website\"},\"primaryImageOfPage\":{\"@id\":\"https:\/\/kapitalis.com\/tunisie\/2019\/08\/06\/tebourba-a-quand-le-demarrage-des-travaux-de-restauration-du-mausolee-sidi-ben-aissa\/#primaryimage\"},\"image\":{\"@id\":\"https:\/\/kapitalis.com\/tunisie\/2019\/08\/06\/tebourba-a-quand-le-demarrage-des-travaux-de-restauration-du-mausolee-sidi-ben-aissa\/#primaryimage\"},\"thumbnailUrl\":\"\",\"datePublished\":\"2019-08-06T16:48:45+00:00\",\"dateModified\":\"2019-08-06T16:48:49+00:00\",\"breadcrumb\":{\"@id\":\"https:\/\/kapitalis.com\/tunisie\/2019\/08\/06\/tebourba-a-quand-le-demarrage-des-travaux-de-restauration-du-mausolee-sidi-ben-aissa\/#breadcrumb\"},\"inLanguage\":\"fr-FR\",\"potentialAction\":[{\"@type\":\"ReadAction\",\"target\":[\"https:\/\/kapitalis.com\/tunisie\/2019\/08\/06\/tebourba-a-quand-le-demarrage-des-travaux-de-restauration-du-mausolee-sidi-ben-aissa\/\"]}]},{\"@type\":\"ImageObject\",\"inLanguage\":\"fr-FR\",\"@id\":\"https:\/\/kapitalis.com\/tunisie\/2019\/08\/06\/tebourba-a-quand-le-demarrage-des-travaux-de-restauration-du-mausolee-sidi-ben-aissa\/#primaryimage\",\"url\":\"\",\"contentUrl\":\"\"},{\"@type\":\"BreadcrumbList\",\"@id\":\"https:\/\/kapitalis.com\/tunisie\/2019\/08\/06\/tebourba-a-quand-le-demarrage-des-travaux-de-restauration-du-mausolee-sidi-ben-aissa\/#breadcrumb\",\"itemListElement\":[{\"@type\":\"ListItem\",\"position\":1,\"name\":\"Accueil\",\"item\":\"https:\/\/kapitalis.com\/tunisie\/\"},{\"@type\":\"ListItem\",\"position\":2,\"name\":\"T\u00e9bourba : A quand le d\u00e9marrage des travaux de restauration du mausol\u00e9e Sidi Ben A\u00efssa ?\"}]},{\"@type\":\"WebSite\",\"@id\":\"https:\/\/kapitalis.com\/tunisie\/#website\",\"url\":\"https:\/\/kapitalis.com\/tunisie\/\",\"name\":\"Kapitalis\",\"description\":\"L&#039;actualit\u00e9 en Tunisie et dans le monde\",\"publisher\":{\"@id\":\"https:\/\/kapitalis.com\/tunisie\/#organization\"},\"potentialAction\":[{\"@type\":\"SearchAction\",\"target\":{\"@type\":\"EntryPoint\",\"urlTemplate\":\"https:\/\/kapitalis.com\/tunisie\/?s={search_term_string}\"},\"query-input\":{\"@type\":\"PropertyValueSpecification\",\"valueRequired\":true,\"valueName\":\"search_term_string\"}}],\"inLanguage\":\"fr-FR\"},{\"@type\":\"Organization\",\"@id\":\"https:\/\/kapitalis.com\/tunisie\/#organization\",\"name\":\"Kapitalis\",\"url\":\"https:\/\/kapitalis.com\/tunisie\/\",\"logo\":{\"@type\":\"ImageObject\",\"inLanguage\":\"fr-FR\",\"@id\":\"https:\/\/kapitalis.com\/tunisie\/#\/schema\/logo\/image\/\",\"url\":\"https:\/\/kapitalis.com\/tunisie\/wp-content\/uploads\/2022\/05\/Kapitalis-big-size.png\",\"contentUrl\":\"https:\/\/kapitalis.com\/tunisie\/wp-content\/uploads\/2022\/05\/Kapitalis-big-size.png\",\"width\":5000,\"height\":1500,\"caption\":\"Kapitalis\"},\"image\":{\"@id\":\"https:\/\/kapitalis.com\/tunisie\/#\/schema\/logo\/image\/\"},\"sameAs\":[\"https:\/\/www.facebook.com\/KapitalisInfo\/\",\"https:\/\/x.com\/KapitalisInfo\",\"https:\/\/www.youtube.com\/channel\/UC-yDYrHyfFBWWZaOw3FPg9Q\"]},{\"@type\":\"Person\",\"@id\":\"https:\/\/kapitalis.com\/tunisie\/#\/schema\/person\/d71f33a9ca44f7bad4698210b480c8e9\",\"name\":\"webmaster kapitalis\",\"url\":\"https:\/\/kapitalis.com\/tunisie\/author\/webmaster-kapitalis\/\"}]}<\/script>\n<!-- \/ Yoast SEO plugin. -->","yoast_head_json":{"title":"T\u00e9bourba : A quand le d\u00e9marrage des travaux de restauration du mausol\u00e9e Sidi Ben A\u00efssa ? - Kapitalis","robots":{"index":"index","follow":"follow","max-snippet":"max-snippet:-1","max-image-preview":"max-image-preview:large","max-video-preview":"max-video-preview:-1"},"canonical":"https:\/\/kapitalis.com\/tunisie\/2019\/08\/06\/tebourba-a-quand-le-demarrage-des-travaux-de-restauration-du-mausolee-sidi-ben-aissa\/","og_locale":"fr_FR","og_type":"article","og_title":"T\u00e9bourba : A quand le d\u00e9marrage des travaux de restauration du mausol\u00e9e Sidi Ben A\u00efssa ? - Kapitalis","og_description":"Le mausol\u00e9e Sidi Ben A\u00efssa, situ\u00e9 dans la m\u00e9dina de T\u00e9bourba (Manouba), est un monument class\u00e9 qui attend, depuis 10 ans, l\u2019intervention de l\u2019Institut national du patrimoine (INP) pour le sauver de la ruine.","og_url":"https:\/\/kapitalis.com\/tunisie\/2019\/08\/06\/tebourba-a-quand-le-demarrage-des-travaux-de-restauration-du-mausolee-sidi-ben-aissa\/","og_site_name":"Kapitalis","article_publisher":"https:\/\/www.facebook.com\/KapitalisInfo\/","article_published_time":"2019-08-06T16:48:45+00:00","article_modified_time":"2019-08-06T16:48:49+00:00","og_image":[{"width":1200,"height":630,"url":"https:\/\/kapitalis.com\/tunisie\/wp-content\/uploads\/2022\/05\/kapitalis-logo-fb.png","type":"image\/png"}],"author":"webmaster kapitalis","twitter_card":"summary_large_image","twitter_creator":"@KapitalisInfo","twitter_site":"@KapitalisInfo","twitter_misc":{"\u00c9crit par":"webmaster kapitalis","Dur\u00e9e de lecture estim\u00e9e":"1 minute"},"schema":{"@context":"https:\/\/schema.org","@graph":[{"@type":"Article","@id":"https:\/\/kapitalis.com\/tunisie\/2019\/08\/06\/tebourba-a-quand-le-demarrage-des-travaux-de-restauration-du-mausolee-sidi-ben-aissa\/#article","isPartOf":{"@id":"https:\/\/kapitalis.com\/tunisie\/2019\/08\/06\/tebourba-a-quand-le-demarrage-des-travaux-de-restauration-du-mausolee-sidi-ben-aissa\/"},"author":{"name":"webmaster kapitalis","@id":"https:\/\/kapitalis.com\/tunisie\/#\/schema\/person\/d71f33a9ca44f7bad4698210b480c8e9"},"headline":"T\u00e9bourba : A quand le d\u00e9marrage des travaux de restauration du mausol\u00e9e Sidi Ben A\u00efssa ?","datePublished":"2019-08-06T16:48:45+00:00","dateModified":"2019-08-06T16:48:49+00:00","mainEntityOfPage":{"@id":"https:\/\/kapitalis.com\/tunisie\/2019\/08\/06\/tebourba-a-quand-le-demarrage-des-travaux-de-restauration-du-mausolee-sidi-ben-aissa\/"},"wordCount":135,"commentCount":0,"publisher":{"@id":"https:\/\/kapitalis.com\/tunisie\/#organization"},"image":{"@id":"https:\/\/kapitalis.com\/tunisie\/2019\/08\/06\/tebourba-a-quand-le-demarrage-des-travaux-de-restauration-du-mausolee-sidi-ben-aissa\/#primaryimage"},"thumbnailUrl":"","keywords":["Manouba","Tebourba"],"articleSection":["CULTURE","Tunisie"],"inLanguage":"fr-FR","potentialAction":[{"@type":"CommentAction","name":"Comment","target":["https:\/\/kapitalis.com\/tunisie\/2019\/08\/06\/tebourba-a-quand-le-demarrage-des-travaux-de-restauration-du-mausolee-sidi-ben-aissa\/#respond"]}]},{"@type":"WebPage","@id":"https:\/\/kapitalis.com\/tunisie\/2019\/08\/06\/tebourba-a-quand-le-demarrage-des-travaux-de-restauration-du-mausolee-sidi-ben-aissa\/","url":"https:\/\/kapitalis.com\/tunisie\/2019\/08\/06\/tebourba-a-quand-le-demarrage-des-travaux-de-restauration-du-mausolee-sidi-ben-aissa\/","name":"T\u00e9bourba : A quand le d\u00e9marrage des travaux de restauration du mausol\u00e9e Sidi Ben A\u00efssa ? - Kapitalis","isPartOf":{"@id":"https:\/\/kapitalis.com\/tunisie\/#website"},"primaryImageOfPage":{"@id":"https:\/\/kapitalis.com\/tunisie\/2019\/08\/06\/tebourba-a-quand-le-demarrage-des-travaux-de-restauration-du-mausolee-sidi-ben-aissa\/#primaryimage"},"image":{"@id":"https:\/\/kapitalis.com\/tunisie\/2019\/08\/06\/tebourba-a-quand-le-demarrage-des-travaux-de-restauration-du-mausolee-sidi-ben-aissa\/#primaryimage"},"thumbnailUrl":"","datePublished":"2019-08-06T16:48:45+00:00","dateModified":"2019-08-06T16:48:49+00:00","breadcrumb":{"@id":"https:\/\/kapitalis.com\/tunisie\/2019\/08\/06\/tebourba-a-quand-le-demarrage-des-travaux-de-restauration-du-mausolee-sidi-ben-aissa\/#breadcrumb"},"inLanguage":"fr-FR","potentialAction":[{"@type":"ReadAction","target":["https:\/\/kapitalis.com\/tunisie\/2019\/08\/06\/tebourba-a-quand-le-demarrage-des-travaux-de-restauration-du-mausolee-sidi-ben-aissa\/"]}]},{"@type":"ImageObject","inLanguage":"fr-FR","@id":"https:\/\/kapitalis.com\/tunisie\/2019\/08\/06\/tebourba-a-quand-le-demarrage-des-travaux-de-restauration-du-mausolee-sidi-ben-aissa\/#primaryimage","url":"","contentUrl":""},{"@type":"BreadcrumbList","@id":"https:\/\/kapitalis.com\/tunisie\/2019\/08\/06\/tebourba-a-quand-le-demarrage-des-travaux-de-restauration-du-mausolee-sidi-ben-aissa\/#breadcrumb","itemListElement":[{"@type":"ListItem","position":1,"name":"Accueil","item":"https:\/\/kapitalis.com\/tunisie\/"},{"@type":"ListItem","position":2,"name":"T\u00e9bourba : A quand le d\u00e9marrage des travaux de restauration du mausol\u00e9e Sidi Ben A\u00efssa ?"}]},{"@type":"WebSite","@id":"https:\/\/kapitalis.com\/tunisie\/#website","url":"https:\/\/kapitalis.com\/tunisie\/","name":"Kapitalis","description":"L&#039;actualit\u00e9 en Tunisie et dans le monde","publisher":{"@id":"https:\/\/kapitalis.com\/tunisie\/#organization"},"potentialAction":[{"@type":"SearchAction","target":{"@type":"EntryPoint","urlTemplate":"https:\/\/kapitalis.com\/tunisie\/?s={search_term_string}"},"query-input":{"@type":"PropertyValueSpecification","valueRequired":true,"valueName":"search_term_string"}}],"inLanguage":"fr-FR"},{"@type":"Organization","@id":"https:\/\/kapitalis.com\/tunisie\/#organization","name":"Kapitalis","url":"https:\/\/kapitalis.com\/tunisie\/","logo":{"@type":"ImageObject","inLanguage":"fr-FR","@id":"https:\/\/kapitalis.com\/tunisie\/#\/schema\/logo\/image\/","url":"https:\/\/kapitalis.com\/tunisie\/wp-content\/uploads\/2022\/05\/Kapitalis-big-size.png","contentUrl":"https:\/\/kapitalis.com\/tunisie\/wp-content\/uploads\/2022\/05\/Kapitalis-big-size.png","width":5000,"height":1500,"caption":"Kapitalis"},"image":{"@id":"https:\/\/kapitalis.com\/tunisie\/#\/schema\/logo\/image\/"},"sameAs":["https:\/\/www.facebook.com\/KapitalisInfo\/","https:\/\/x.com\/KapitalisInfo","https:\/\/www.youtube.com\/channel\/UC-yDYrHyfFBWWZaOw3FPg9Q"]},{"@type":"Person","@id":"https:\/\/kapitalis.com\/tunisie\/#\/schema\/person\/d71f33a9ca44f7bad4698210b480c8e9","name":"webmaster kapitalis","url":"https:\/\/kapitalis.com\/tunisie\/author\/webmaster-kapitalis\/"}]}},"_links":{"self":[{"href":"https:\/\/kapitalis.com\/tunisie\/wp-json\/wp\/v2\/posts\/231396","targetHints":{"allow":["GET"]}}],"collection":[{"href":"https:\/\/kapitalis.com\/tunisie\/wp-json\/wp\/v2\/posts"}],"about":[{"href":"https:\/\/kapitalis.com\/tunisie\/wp-json\/wp\/v2\/types\/post"}],"author":[{"embeddable":true,"href":"https:\/\/kapitalis.com\/tunisie\/wp-json\/wp\/v2\/users\/8"}],"replies":[{"embeddable":true,"href":"https:\/\/kapitalis.com\/tunisie\/wp-json\/wp\/v2\/comments?post=231396"}],"version-history":[{"count":0,"href":"https:\/\/kapitalis.com\/tunisie\/wp-json\/wp\/v2\/posts\/231396\/revisions"}],"wp:featuredmedia":[{"embeddable":true,"href":"https:\/\/kapitalis.com\/tunisie\/wp-json\/wp\/v2\/media\/231397"}],"wp:attachment":[{"href":"https:\/\/kapitalis.com\/tunisie\/wp-json\/wp\/v2\/media?parent=231396"}],"wp:term":[{"taxonomy":"category","embeddable":true,"href":"https:\/\/kapitalis.com\/tunisie\/wp-json\/wp\/v2\/categories?post=231396"},{"taxonomy":"post_tag","embeddable":true,"href":"https:\/\/kapitalis.com\/tunisie\/wp-json\/wp\/v2\/tags?post=231396"}],"curies":[{"name":"wp","href":"https:\/\/api.w.org\/{rel}","templated":true}]}}