{"id":231825,"date":"2019-08-08T14:43:38","date_gmt":"2019-08-08T13:43:38","guid":{"rendered":"http:\/\/kapitalis.com\/tunisie\/?p=231825"},"modified":"2019-08-08T14:44:03","modified_gmt":"2019-08-08T13:44:03","slug":"la-vaccination-contre-le-cancer-du-col-uterin-a-partir-de-2020-en-tunisie","status":"publish","type":"post","link":"https:\/\/kapitalis.com\/tunisie\/2019\/08\/08\/la-vaccination-contre-le-cancer-du-col-uterin-a-partir-de-2020-en-tunisie\/","title":{"rendered":"La vaccination contre le cancer du col ut\u00e9rin \u00e0 partir de 2020 en Tunisie"},"content":{"rendered":"\n<figure class=\"wp-block-image\"><img decoding=\"async\" src=\"http:\/\/kapitalis.com\/tunisie\/wp-content\/uploads\/2019\/08\/vaccin-cancer-ut\u00e9rus..jpg\" alt=\"\" class=\"wp-image-231831\"\/><\/figure>\n\n\n\n<p> <strong><em>La vaccination contre le cancer du col ut\u00e9rin sera introduite d\u00e8s 2020<\/em><\/strong> <strong><em>dans le calendrier national des vaccinations du minist\u00e8re de la Sant\u00e9 publique<\/em><\/strong><strong><em> en Tunisie. <\/em><\/strong><\/p>\n\n\n\n<!--more-->\n\n\n\n<p>Le minist\u00e8re de la Sant\u00e9 publique (MSP) a introduit cette vaccination dans le calendrier national de vaccination de 2020, pour les jeunes filles de 12 \u00e0 14 ans. Elle repr\u00e9sente un moyen de pr\u00e9vention contre l\u2019infection par le VPH, une des principales causes possibles du cancer du col de l&rsquo;ut\u00e9rus. <\/p>\n\n\n\n<p>Notons que la famille des VPH (<em>virus du papillome humain, ou VHP en anglais<\/em>) compte plusieurs types de virus, dont plus de 40 transmissibles sexuellement. Parmi ceux-ci, il y en \u00e0 faible risque de cancer, et d&rsquo;autres VPH \u00e0 risque \u00e9lev\u00e9 pouvant causer le cancer.<\/p>\n\n\n\n<p>Cette d\u00e9cision du minist\u00e8re s\u2019inscrit dans le cadre de la strat\u00e9gie de lutte contre le cancer.<\/p>\n\n\n<p style=\"text-align: right;\"><strong>A. M. <\/strong><em>(avec <span style=\"color: #0000ff;\"><a style=\"color: #0000ff;\" href=\"http:\/\/www.santetunisie.rns.tn\/fr\/\" target=\"_blank\" rel=\"noopener noreferrer\">MSP<\/a>).<\/span><\/em><\/p>","protected":false},"excerpt":{"rendered":"<p>La vaccination contre le cancer du col ut\u00e9rin sera introduite d\u00e8s 2020 dans le calendrier national des vaccinations du minist\u00e8re de la Sant\u00e9 publique en Tunisie.<\/p>\n","protected":false},"author":22,"featured_media":231837,"comment_status":"open","ping_status":"open","sticky":false,"template":"","format":"standard","meta":{"footnotes":""},"categories":[995,2433],"tags":[],"class_list":["post-231825","post","type-post","status-publish","format-standard","has-post-thumbnail","hentry","category-economie","category-tunisie"],"yoast_head":"<!-- This site is optimized with the Yoast SEO plugin v26.6 - https:\/\/yoast.com\/wordpress\/plugins\/seo\/ -->\n<title>La vaccination contre le cancer du col ut\u00e9rin \u00e0 partir de 2020 en Tunisie - Kapitalis<\/title>\n<meta name=\"robots\" content=\"index, follow, max-snippet:-1, max-image-preview:large, max-video-preview:-1\" \/>\n<link rel=\"canonical\" href=\"https:\/\/kapitalis.com\/tunisie\/2019\/08\/08\/la-vaccination-contre-le-cancer-du-col-uterin-a-partir-de-2020-en-tunisie\/\" \/>\n<meta property=\"og:locale\" content=\"fr_FR\" \/>\n<meta property=\"og:type\" content=\"article\" \/>\n<meta property=\"og:title\" content=\"La vaccination contre le cancer du col ut\u00e9rin \u00e0 partir de 2020 en Tunisie - Kapitalis\" \/>\n<meta property=\"og:description\" content=\"La vaccination contre le cancer du col ut\u00e9rin sera introduite d\u00e8s 2020 dans le calendrier national des vaccinations du minist\u00e8re de la Sant\u00e9 publique en Tunisie.\" \/>\n<meta property=\"og:url\" content=\"https:\/\/kapitalis.com\/tunisie\/2019\/08\/08\/la-vaccination-contre-le-cancer-du-col-uterin-a-partir-de-2020-en-tunisie\/\" \/>\n<meta property=\"og:site_name\" content=\"Kapitalis\" \/>\n<meta property=\"article:publisher\" content=\"https:\/\/www.facebook.com\/KapitalisInfo\/\" \/>\n<meta property=\"article:published_time\" content=\"2019-08-08T13:43:38+00:00\" \/>\n<meta property=\"article:modified_time\" content=\"2019-08-08T13:44:03+00:00\" \/>\n<meta property=\"og:image\" content=\"https:\/\/kapitalis.com\/tunisie\/wp-content\/uploads\/2022\/05\/kapitalis-logo-fb.png\" \/>\n\t<meta property=\"og:image:width\" content=\"1200\" \/>\n\t<meta property=\"og:image:height\" content=\"630\" \/>\n\t<meta property=\"og:image:type\" content=\"image\/png\" \/>\n<meta name=\"author\" content=\"Amina Mkada\" \/>\n<meta name=\"twitter:card\" content=\"summary_large_image\" \/>\n<meta name=\"twitter:creator\" content=\"@KapitalisInfo\" \/>\n<meta name=\"twitter:site\" content=\"@KapitalisInfo\" \/>\n<meta name=\"twitter:label1\" content=\"\u00c9crit par\" \/>\n\t<meta name=\"twitter:data1\" content=\"Amina Mkada\" \/>\n\t<meta name=\"twitter:label2\" content=\"Dur\u00e9e de lecture estim\u00e9e\" \/>\n\t<meta name=\"twitter:data2\" content=\"1 minute\" \/>\n<script type=\"application\/ld+json\" class=\"yoast-schema-graph\">{\"@context\":\"https:\/\/schema.org\",\"@graph\":[{\"@type\":\"Article\",\"@id\":\"https:\/\/kapitalis.com\/tunisie\/2019\/08\/08\/la-vaccination-contre-le-cancer-du-col-uterin-a-partir-de-2020-en-tunisie\/#article\",\"isPartOf\":{\"@id\":\"https:\/\/kapitalis.com\/tunisie\/2019\/08\/08\/la-vaccination-contre-le-cancer-du-col-uterin-a-partir-de-2020-en-tunisie\/\"},\"author\":{\"name\":\"Amina Mkada\",\"@id\":\"https:\/\/kapitalis.com\/tunisie\/#\/schema\/person\/093913313d3017554cb3ad077fff3fbd\"},\"headline\":\"La vaccination contre le cancer du col ut\u00e9rin \u00e0 partir de 2020 en Tunisie\",\"datePublished\":\"2019-08-08T13:43:38+00:00\",\"dateModified\":\"2019-08-08T13:44:03+00:00\",\"mainEntityOfPage\":{\"@id\":\"https:\/\/kapitalis.com\/tunisie\/2019\/08\/08\/la-vaccination-contre-le-cancer-du-col-uterin-a-partir-de-2020-en-tunisie\/\"},\"wordCount\":158,\"commentCount\":2,\"publisher\":{\"@id\":\"https:\/\/kapitalis.com\/tunisie\/#organization\"},\"image\":{\"@id\":\"https:\/\/kapitalis.com\/tunisie\/2019\/08\/08\/la-vaccination-contre-le-cancer-du-col-uterin-a-partir-de-2020-en-tunisie\/#primaryimage\"},\"thumbnailUrl\":\"\",\"articleSection\":[\"ECONOMIE\",\"Tunisie\"],\"inLanguage\":\"fr-FR\",\"potentialAction\":[{\"@type\":\"CommentAction\",\"name\":\"Comment\",\"target\":[\"https:\/\/kapitalis.com\/tunisie\/2019\/08\/08\/la-vaccination-contre-le-cancer-du-col-uterin-a-partir-de-2020-en-tunisie\/#respond\"]}]},{\"@type\":\"WebPage\",\"@id\":\"https:\/\/kapitalis.com\/tunisie\/2019\/08\/08\/la-vaccination-contre-le-cancer-du-col-uterin-a-partir-de-2020-en-tunisie\/\",\"url\":\"https:\/\/kapitalis.com\/tunisie\/2019\/08\/08\/la-vaccination-contre-le-cancer-du-col-uterin-a-partir-de-2020-en-tunisie\/\",\"name\":\"La vaccination contre le cancer du col ut\u00e9rin \u00e0 partir de 2020 en Tunisie - Kapitalis\",\"isPartOf\":{\"@id\":\"https:\/\/kapitalis.com\/tunisie\/#website\"},\"primaryImageOfPage\":{\"@id\":\"https:\/\/kapitalis.com\/tunisie\/2019\/08\/08\/la-vaccination-contre-le-cancer-du-col-uterin-a-partir-de-2020-en-tunisie\/#primaryimage\"},\"image\":{\"@id\":\"https:\/\/kapitalis.com\/tunisie\/2019\/08\/08\/la-vaccination-contre-le-cancer-du-col-uterin-a-partir-de-2020-en-tunisie\/#primaryimage\"},\"thumbnailUrl\":\"\",\"datePublished\":\"2019-08-08T13:43:38+00:00\",\"dateModified\":\"2019-08-08T13:44:03+00:00\",\"breadcrumb\":{\"@id\":\"https:\/\/kapitalis.com\/tunisie\/2019\/08\/08\/la-vaccination-contre-le-cancer-du-col-uterin-a-partir-de-2020-en-tunisie\/#breadcrumb\"},\"inLanguage\":\"fr-FR\",\"potentialAction\":[{\"@type\":\"ReadAction\",\"target\":[\"https:\/\/kapitalis.com\/tunisie\/2019\/08\/08\/la-vaccination-contre-le-cancer-du-col-uterin-a-partir-de-2020-en-tunisie\/\"]}]},{\"@type\":\"ImageObject\",\"inLanguage\":\"fr-FR\",\"@id\":\"https:\/\/kapitalis.com\/tunisie\/2019\/08\/08\/la-vaccination-contre-le-cancer-du-col-uterin-a-partir-de-2020-en-tunisie\/#primaryimage\",\"url\":\"\",\"contentUrl\":\"\"},{\"@type\":\"BreadcrumbList\",\"@id\":\"https:\/\/kapitalis.com\/tunisie\/2019\/08\/08\/la-vaccination-contre-le-cancer-du-col-uterin-a-partir-de-2020-en-tunisie\/#breadcrumb\",\"itemListElement\":[{\"@type\":\"ListItem\",\"position\":1,\"name\":\"Accueil\",\"item\":\"https:\/\/kapitalis.com\/tunisie\/\"},{\"@type\":\"ListItem\",\"position\":2,\"name\":\"La vaccination contre le cancer du col ut\u00e9rin \u00e0 partir de 2020 en Tunisie\"}]},{\"@type\":\"WebSite\",\"@id\":\"https:\/\/kapitalis.com\/tunisie\/#website\",\"url\":\"https:\/\/kapitalis.com\/tunisie\/\",\"name\":\"Kapitalis\",\"description\":\"L&#039;actualit\u00e9 en Tunisie et dans le monde\",\"publisher\":{\"@id\":\"https:\/\/kapitalis.com\/tunisie\/#organization\"},\"potentialAction\":[{\"@type\":\"SearchAction\",\"target\":{\"@type\":\"EntryPoint\",\"urlTemplate\":\"https:\/\/kapitalis.com\/tunisie\/?s={search_term_string}\"},\"query-input\":{\"@type\":\"PropertyValueSpecification\",\"valueRequired\":true,\"valueName\":\"search_term_string\"}}],\"inLanguage\":\"fr-FR\"},{\"@type\":\"Organization\",\"@id\":\"https:\/\/kapitalis.com\/tunisie\/#organization\",\"name\":\"Kapitalis\",\"url\":\"https:\/\/kapitalis.com\/tunisie\/\",\"logo\":{\"@type\":\"ImageObject\",\"inLanguage\":\"fr-FR\",\"@id\":\"https:\/\/kapitalis.com\/tunisie\/#\/schema\/logo\/image\/\",\"url\":\"https:\/\/kapitalis.com\/tunisie\/wp-content\/uploads\/2022\/05\/Kapitalis-big-size.png\",\"contentUrl\":\"https:\/\/kapitalis.com\/tunisie\/wp-content\/uploads\/2022\/05\/Kapitalis-big-size.png\",\"width\":5000,\"height\":1500,\"caption\":\"Kapitalis\"},\"image\":{\"@id\":\"https:\/\/kapitalis.com\/tunisie\/#\/schema\/logo\/image\/\"},\"sameAs\":[\"https:\/\/www.facebook.com\/KapitalisInfo\/\",\"https:\/\/x.com\/KapitalisInfo\",\"https:\/\/www.youtube.com\/channel\/UC-yDYrHyfFBWWZaOw3FPg9Q\"]},{\"@type\":\"Person\",\"@id\":\"https:\/\/kapitalis.com\/tunisie\/#\/schema\/person\/093913313d3017554cb3ad077fff3fbd\",\"name\":\"Amina Mkada\",\"url\":\"https:\/\/kapitalis.com\/tunisie\/author\/amina\/\"}]}<\/script>\n<!-- \/ Yoast SEO plugin. -->","yoast_head_json":{"title":"La vaccination contre le cancer du col ut\u00e9rin \u00e0 partir de 2020 en Tunisie - Kapitalis","robots":{"index":"index","follow":"follow","max-snippet":"max-snippet:-1","max-image-preview":"max-image-preview:large","max-video-preview":"max-video-preview:-1"},"canonical":"https:\/\/kapitalis.com\/tunisie\/2019\/08\/08\/la-vaccination-contre-le-cancer-du-col-uterin-a-partir-de-2020-en-tunisie\/","og_locale":"fr_FR","og_type":"article","og_title":"La vaccination contre le cancer du col ut\u00e9rin \u00e0 partir de 2020 en Tunisie - Kapitalis","og_description":"La vaccination contre le cancer du col ut\u00e9rin sera introduite d\u00e8s 2020 dans le calendrier national des vaccinations du minist\u00e8re de la Sant\u00e9 publique en Tunisie.","og_url":"https:\/\/kapitalis.com\/tunisie\/2019\/08\/08\/la-vaccination-contre-le-cancer-du-col-uterin-a-partir-de-2020-en-tunisie\/","og_site_name":"Kapitalis","article_publisher":"https:\/\/www.facebook.com\/KapitalisInfo\/","article_published_time":"2019-08-08T13:43:38+00:00","article_modified_time":"2019-08-08T13:44:03+00:00","og_image":[{"width":1200,"height":630,"url":"https:\/\/kapitalis.com\/tunisie\/wp-content\/uploads\/2022\/05\/kapitalis-logo-fb.png","type":"image\/png"}],"author":"Amina Mkada","twitter_card":"summary_large_image","twitter_creator":"@KapitalisInfo","twitter_site":"@KapitalisInfo","twitter_misc":{"\u00c9crit par":"Amina Mkada","Dur\u00e9e de lecture estim\u00e9e":"1 minute"},"schema":{"@context":"https:\/\/schema.org","@graph":[{"@type":"Article","@id":"https:\/\/kapitalis.com\/tunisie\/2019\/08\/08\/la-vaccination-contre-le-cancer-du-col-uterin-a-partir-de-2020-en-tunisie\/#article","isPartOf":{"@id":"https:\/\/kapitalis.com\/tunisie\/2019\/08\/08\/la-vaccination-contre-le-cancer-du-col-uterin-a-partir-de-2020-en-tunisie\/"},"author":{"name":"Amina Mkada","@id":"https:\/\/kapitalis.com\/tunisie\/#\/schema\/person\/093913313d3017554cb3ad077fff3fbd"},"headline":"La vaccination contre le cancer du col ut\u00e9rin \u00e0 partir de 2020 en Tunisie","datePublished":"2019-08-08T13:43:38+00:00","dateModified":"2019-08-08T13:44:03+00:00","mainEntityOfPage":{"@id":"https:\/\/kapitalis.com\/tunisie\/2019\/08\/08\/la-vaccination-contre-le-cancer-du-col-uterin-a-partir-de-2020-en-tunisie\/"},"wordCount":158,"commentCount":2,"publisher":{"@id":"https:\/\/kapitalis.com\/tunisie\/#organization"},"image":{"@id":"https:\/\/kapitalis.com\/tunisie\/2019\/08\/08\/la-vaccination-contre-le-cancer-du-col-uterin-a-partir-de-2020-en-tunisie\/#primaryimage"},"thumbnailUrl":"","articleSection":["ECONOMIE","Tunisie"],"inLanguage":"fr-FR","potentialAction":[{"@type":"CommentAction","name":"Comment","target":["https:\/\/kapitalis.com\/tunisie\/2019\/08\/08\/la-vaccination-contre-le-cancer-du-col-uterin-a-partir-de-2020-en-tunisie\/#respond"]}]},{"@type":"WebPage","@id":"https:\/\/kapitalis.com\/tunisie\/2019\/08\/08\/la-vaccination-contre-le-cancer-du-col-uterin-a-partir-de-2020-en-tunisie\/","url":"https:\/\/kapitalis.com\/tunisie\/2019\/08\/08\/la-vaccination-contre-le-cancer-du-col-uterin-a-partir-de-2020-en-tunisie\/","name":"La vaccination contre le cancer du col ut\u00e9rin \u00e0 partir de 2020 en Tunisie - Kapitalis","isPartOf":{"@id":"https:\/\/kapitalis.com\/tunisie\/#website"},"primaryImageOfPage":{"@id":"https:\/\/kapitalis.com\/tunisie\/2019\/08\/08\/la-vaccination-contre-le-cancer-du-col-uterin-a-partir-de-2020-en-tunisie\/#primaryimage"},"image":{"@id":"https:\/\/kapitalis.com\/tunisie\/2019\/08\/08\/la-vaccination-contre-le-cancer-du-col-uterin-a-partir-de-2020-en-tunisie\/#primaryimage"},"thumbnailUrl":"","datePublished":"2019-08-08T13:43:38+00:00","dateModified":"2019-08-08T13:44:03+00:00","breadcrumb":{"@id":"https:\/\/kapitalis.com\/tunisie\/2019\/08\/08\/la-vaccination-contre-le-cancer-du-col-uterin-a-partir-de-2020-en-tunisie\/#breadcrumb"},"inLanguage":"fr-FR","potentialAction":[{"@type":"ReadAction","target":["https:\/\/kapitalis.com\/tunisie\/2019\/08\/08\/la-vaccination-contre-le-cancer-du-col-uterin-a-partir-de-2020-en-tunisie\/"]}]},{"@type":"ImageObject","inLanguage":"fr-FR","@id":"https:\/\/kapitalis.com\/tunisie\/2019\/08\/08\/la-vaccination-contre-le-cancer-du-col-uterin-a-partir-de-2020-en-tunisie\/#primaryimage","url":"","contentUrl":""},{"@type":"BreadcrumbList","@id":"https:\/\/kapitalis.com\/tunisie\/2019\/08\/08\/la-vaccination-contre-le-cancer-du-col-uterin-a-partir-de-2020-en-tunisie\/#breadcrumb","itemListElement":[{"@type":"ListItem","position":1,"name":"Accueil","item":"https:\/\/kapitalis.com\/tunisie\/"},{"@type":"ListItem","position":2,"name":"La vaccination contre le cancer du col ut\u00e9rin \u00e0 partir de 2020 en Tunisie"}]},{"@type":"WebSite","@id":"https:\/\/kapitalis.com\/tunisie\/#website","url":"https:\/\/kapitalis.com\/tunisie\/","name":"Kapitalis","description":"L&#039;actualit\u00e9 en Tunisie et dans le monde","publisher":{"@id":"https:\/\/kapitalis.com\/tunisie\/#organization"},"potentialAction":[{"@type":"SearchAction","target":{"@type":"EntryPoint","urlTemplate":"https:\/\/kapitalis.com\/tunisie\/?s={search_term_string}"},"query-input":{"@type":"PropertyValueSpecification","valueRequired":true,"valueName":"search_term_string"}}],"inLanguage":"fr-FR"},{"@type":"Organization","@id":"https:\/\/kapitalis.com\/tunisie\/#organization","name":"Kapitalis","url":"https:\/\/kapitalis.com\/tunisie\/","logo":{"@type":"ImageObject","inLanguage":"fr-FR","@id":"https:\/\/kapitalis.com\/tunisie\/#\/schema\/logo\/image\/","url":"https:\/\/kapitalis.com\/tunisie\/wp-content\/uploads\/2022\/05\/Kapitalis-big-size.png","contentUrl":"https:\/\/kapitalis.com\/tunisie\/wp-content\/uploads\/2022\/05\/Kapitalis-big-size.png","width":5000,"height":1500,"caption":"Kapitalis"},"image":{"@id":"https:\/\/kapitalis.com\/tunisie\/#\/schema\/logo\/image\/"},"sameAs":["https:\/\/www.facebook.com\/KapitalisInfo\/","https:\/\/x.com\/KapitalisInfo","https:\/\/www.youtube.com\/channel\/UC-yDYrHyfFBWWZaOw3FPg9Q"]},{"@type":"Person","@id":"https:\/\/kapitalis.com\/tunisie\/#\/schema\/person\/093913313d3017554cb3ad077fff3fbd","name":"Amina Mkada","url":"https:\/\/kapitalis.com\/tunisie\/author\/amina\/"}]}},"_links":{"self":[{"href":"https:\/\/kapitalis.com\/tunisie\/wp-json\/wp\/v2\/posts\/231825","targetHints":{"allow":["GET"]}}],"collection":[{"href":"https:\/\/kapitalis.com\/tunisie\/wp-json\/wp\/v2\/posts"}],"about":[{"href":"https:\/\/kapitalis.com\/tunisie\/wp-json\/wp\/v2\/types\/post"}],"author":[{"embeddable":true,"href":"https:\/\/kapitalis.com\/tunisie\/wp-json\/wp\/v2\/users\/22"}],"replies":[{"embeddable":true,"href":"https:\/\/kapitalis.com\/tunisie\/wp-json\/wp\/v2\/comments?post=231825"}],"version-history":[{"count":0,"href":"https:\/\/kapitalis.com\/tunisie\/wp-json\/wp\/v2\/posts\/231825\/revisions"}],"wp:featuredmedia":[{"embeddable":true,"href":"https:\/\/kapitalis.com\/tunisie\/wp-json\/wp\/v2\/media\/231837"}],"wp:attachment":[{"href":"https:\/\/kapitalis.com\/tunisie\/wp-json\/wp\/v2\/media?parent=231825"}],"wp:term":[{"taxonomy":"category","embeddable":true,"href":"https:\/\/kapitalis.com\/tunisie\/wp-json\/wp\/v2\/categories?post=231825"},{"taxonomy":"post_tag","embeddable":true,"href":"https:\/\/kapitalis.com\/tunisie\/wp-json\/wp\/v2\/tags?post=231825"}],"curies":[{"name":"wp","href":"https:\/\/api.w.org\/{rel}","templated":true}]}}