{"id":231920,"date":"2019-08-09T12:20:32","date_gmt":"2019-08-09T11:20:32","guid":{"rendered":"http:\/\/kapitalis.com\/tunisie\/?p=231920"},"modified":"2019-08-09T12:20:37","modified_gmt":"2019-08-09T11:20:37","slug":"des-parlementaires-tunisiens-en-formation-les-5-et-6-septembre-2019-a-tunis","status":"publish","type":"post","link":"https:\/\/kapitalis.com\/tunisie\/2019\/08\/09\/des-parlementaires-tunisiens-en-formation-les-5-et-6-septembre-2019-a-tunis\/","title":{"rendered":"Des parlementaires tunisiens en formation les 5 et 6 septembre 2019 \u00e0 Tunis"},"content":{"rendered":"\n<figure class=\"wp-block-image\"><img decoding=\"async\" src=\"http:\/\/kapitalis.com\/tunisie\/wp-content\/uploads\/2019\/08\/APNIFFT.jpg\" alt=\"\" class=\"wp-image-231965\"\/><\/figure>\n\n\n\n<p><strong><em>Le R\u00e9seau pour la justice fiscale en Afrique (TJNA) organise, <\/em><\/strong> <br><strong><em>du 5 au 6 septembre 2019, \u00e0 Tunis<\/em><\/strong>, <strong><em>une formation \u00e0 l&rsquo;intention des membres de l&rsquo;Assembl\u00e9e des repr\u00e9sentants du peuple (ARP) sur<\/em><\/strong><strong><em> le \u00abR\u00e9seau parlementaire africain sur les flux financiers illicites et la fiscalit\u00e9\u00bb (APNIFFT).<\/em><\/strong><\/p>\n\n\n\n<!--more-->\n\n\n<p>La formation organis\u00e9e par <span style=\"color: #0000ff;\"><a style=\"color: #0000ff;\" href=\"https:\/\/taxjusticeafrica.net\/event\/panafrican-conference-on-iffs-and-tax\/\" target=\"_blank\" rel=\"noreferrer noopener\" aria-label=\"Apnifft (s\u2019ouvre dans un nouvel onglet)\">APNIFFT<\/a><\/span>, en partenariat avec l&rsquo;Observatoire tunisien de l&rsquo;\u00e9conomie (OTE) et l&rsquo;African Tax Administration Forum (ATAF), porte sur le th\u00e8me : \u00ab<em>Traquer, arr\u00eater et r\u00e9cup\u00e9rer les flux financiers illicites en provenance d\u2019Afrique<\/em>\u00bb.<\/p>\n\n\n<p>L&rsquo;APNIFFT a \u00e9t\u00e9 lanc\u00e9 en 2015, et offre aux l\u00e9gislateurs africains une plate-forme pour engager un dialogue et un d\u00e9bat simplifi\u00e9s sur les flux financiers illicites (FFI), la gouvernance fiscale et la mobilisation des ressources int\u00e9rieures en Afrique. Les membres du r\u00e9seau sont issus de parlements nationaux et r\u00e9gionaux.<\/p>\n\n\n\n<p>L&rsquo;objectif de la formation de Tunis est de renforcer la capacit\u00e9 des parlementaires \u00e0 comprendre et \u00e0 d\u00e9battre des questions li\u00e9es aux FFI et aux syst\u00e8mes fiscaux \u00e9quitables. <\/p>\n\n\n<p>Le <span style=\"color: #0000ff;\"><a style=\"color: #0000ff;\" href=\"https:\/\/docs.google.com\/forms\/d\/e\/1FAIpQLSfthMuWAHgYvzrDKyPOFS8JhgHqDFmO-WYOgTsNWpALuh0a6Q\/viewform\" target=\"_blank\" rel=\"noopener noreferrer\">formulaire de candidature<\/a><\/span> \u00e0 l&rsquo;\u00e9dition 2019, appel\u00e9 <em>\u00abFormation de renforcement des capacit\u00e9s des d\u00e9put\u00e9s\u00bb<\/em> est indiqu\u00e9 dans le site web de l&rsquo;APNIFFT.<\/p>\n\n\n<p style=\"text-align:right\"><strong>A. M.<\/strong> <span style=\"background-color: rgb(232, 234, 235);\"><b><em>(avec<\/em><\/b><\/span><a rel=\"noreferrer noopener\" aria-label=\"OTE (s\u2019ouvre dans un nouvel onglet)\" href=\"http:\/\/www.economie-tunisie.org \" target=\"_blank\"><em><strong>O<\/strong><\/em>TE<\/a>).<br><\/p>\n","protected":false},"excerpt":{"rendered":"<p>Le R\u00e9seau pour la justice fiscale en Afrique (TJNA) organise, du 5 au 6 septembre 2019, \u00e0 Tunis, une formation \u00e0 l&rsquo;intention des membres de l&rsquo;Assembl\u00e9e des repr\u00e9sentants du peuple (ARP) sur le \u00abR\u00e9seau parlementaire africain sur les flux financiers illicites et la fiscalit\u00e9\u00bb (APNIFFT).<\/p>\n","protected":false},"author":22,"featured_media":231965,"comment_status":"open","ping_status":"open","sticky":false,"template":"","format":"standard","meta":{"footnotes":""},"categories":[995,2433],"tags":[30479],"class_list":["post-231920","post","type-post","status-publish","format-standard","has-post-thumbnail","hentry","category-economie","category-tunisie","tag-observatoire-tunisien-de-leconomie"],"yoast_head":"<!-- This site is optimized with the Yoast SEO plugin v26.6 - https:\/\/yoast.com\/wordpress\/plugins\/seo\/ -->\n<title>Des parlementaires tunisiens en formation les 5 et 6 septembre 2019 \u00e0 Tunis - Kapitalis<\/title>\n<meta name=\"robots\" content=\"index, follow, max-snippet:-1, max-image-preview:large, max-video-preview:-1\" \/>\n<link rel=\"canonical\" href=\"https:\/\/kapitalis.com\/tunisie\/2019\/08\/09\/des-parlementaires-tunisiens-en-formation-les-5-et-6-septembre-2019-a-tunis\/\" \/>\n<meta property=\"og:locale\" content=\"fr_FR\" \/>\n<meta property=\"og:type\" content=\"article\" \/>\n<meta property=\"og:title\" content=\"Des parlementaires tunisiens en formation les 5 et 6 septembre 2019 \u00e0 Tunis - Kapitalis\" \/>\n<meta property=\"og:description\" content=\"Le R\u00e9seau pour la justice fiscale en Afrique (TJNA) organise, du 5 au 6 septembre 2019, \u00e0 Tunis, une formation \u00e0 l&rsquo;intention des membres de l&rsquo;Assembl\u00e9e des repr\u00e9sentants du peuple (ARP) sur le \u00abR\u00e9seau parlementaire africain sur les flux financiers illicites et la fiscalit\u00e9\u00bb (APNIFFT).\" \/>\n<meta property=\"og:url\" content=\"https:\/\/kapitalis.com\/tunisie\/2019\/08\/09\/des-parlementaires-tunisiens-en-formation-les-5-et-6-septembre-2019-a-tunis\/\" \/>\n<meta property=\"og:site_name\" content=\"Kapitalis\" \/>\n<meta property=\"article:publisher\" content=\"https:\/\/www.facebook.com\/KapitalisInfo\/\" \/>\n<meta property=\"article:published_time\" content=\"2019-08-09T11:20:32+00:00\" \/>\n<meta property=\"article:modified_time\" content=\"2019-08-09T11:20:37+00:00\" \/>\n<meta property=\"og:image\" content=\"https:\/\/kapitalis.com\/tunisie\/wp-content\/uploads\/2022\/05\/kapitalis-logo-fb.png\" \/>\n\t<meta property=\"og:image:width\" content=\"1200\" \/>\n\t<meta property=\"og:image:height\" content=\"630\" \/>\n\t<meta property=\"og:image:type\" content=\"image\/png\" \/>\n<meta name=\"author\" content=\"Amina Mkada\" \/>\n<meta name=\"twitter:card\" content=\"summary_large_image\" \/>\n<meta name=\"twitter:creator\" content=\"@KapitalisInfo\" \/>\n<meta name=\"twitter:site\" content=\"@KapitalisInfo\" \/>\n<meta name=\"twitter:label1\" content=\"\u00c9crit par\" \/>\n\t<meta name=\"twitter:data1\" content=\"Amina Mkada\" \/>\n\t<meta name=\"twitter:label2\" content=\"Dur\u00e9e de lecture estim\u00e9e\" \/>\n\t<meta name=\"twitter:data2\" content=\"1 minute\" \/>\n<script type=\"application\/ld+json\" class=\"yoast-schema-graph\">{\"@context\":\"https:\/\/schema.org\",\"@graph\":[{\"@type\":\"Article\",\"@id\":\"https:\/\/kapitalis.com\/tunisie\/2019\/08\/09\/des-parlementaires-tunisiens-en-formation-les-5-et-6-septembre-2019-a-tunis\/#article\",\"isPartOf\":{\"@id\":\"https:\/\/kapitalis.com\/tunisie\/2019\/08\/09\/des-parlementaires-tunisiens-en-formation-les-5-et-6-septembre-2019-a-tunis\/\"},\"author\":{\"name\":\"Amina Mkada\",\"@id\":\"https:\/\/kapitalis.com\/tunisie\/#\/schema\/person\/093913313d3017554cb3ad077fff3fbd\"},\"headline\":\"Des parlementaires tunisiens en formation les 5 et 6 septembre 2019 \u00e0 Tunis\",\"datePublished\":\"2019-08-09T11:20:32+00:00\",\"dateModified\":\"2019-08-09T11:20:37+00:00\",\"mainEntityOfPage\":{\"@id\":\"https:\/\/kapitalis.com\/tunisie\/2019\/08\/09\/des-parlementaires-tunisiens-en-formation-les-5-et-6-septembre-2019-a-tunis\/\"},\"wordCount\":207,\"commentCount\":0,\"publisher\":{\"@id\":\"https:\/\/kapitalis.com\/tunisie\/#organization\"},\"image\":{\"@id\":\"https:\/\/kapitalis.com\/tunisie\/2019\/08\/09\/des-parlementaires-tunisiens-en-formation-les-5-et-6-septembre-2019-a-tunis\/#primaryimage\"},\"thumbnailUrl\":\"\",\"keywords\":[\"Observatoire tunisien de l\u2019\u00e9conomie\"],\"articleSection\":[\"ECONOMIE\",\"Tunisie\"],\"inLanguage\":\"fr-FR\",\"potentialAction\":[{\"@type\":\"CommentAction\",\"name\":\"Comment\",\"target\":[\"https:\/\/kapitalis.com\/tunisie\/2019\/08\/09\/des-parlementaires-tunisiens-en-formation-les-5-et-6-septembre-2019-a-tunis\/#respond\"]}]},{\"@type\":\"WebPage\",\"@id\":\"https:\/\/kapitalis.com\/tunisie\/2019\/08\/09\/des-parlementaires-tunisiens-en-formation-les-5-et-6-septembre-2019-a-tunis\/\",\"url\":\"https:\/\/kapitalis.com\/tunisie\/2019\/08\/09\/des-parlementaires-tunisiens-en-formation-les-5-et-6-septembre-2019-a-tunis\/\",\"name\":\"Des parlementaires tunisiens en formation les 5 et 6 septembre 2019 \u00e0 Tunis - Kapitalis\",\"isPartOf\":{\"@id\":\"https:\/\/kapitalis.com\/tunisie\/#website\"},\"primaryImageOfPage\":{\"@id\":\"https:\/\/kapitalis.com\/tunisie\/2019\/08\/09\/des-parlementaires-tunisiens-en-formation-les-5-et-6-septembre-2019-a-tunis\/#primaryimage\"},\"image\":{\"@id\":\"https:\/\/kapitalis.com\/tunisie\/2019\/08\/09\/des-parlementaires-tunisiens-en-formation-les-5-et-6-septembre-2019-a-tunis\/#primaryimage\"},\"thumbnailUrl\":\"\",\"datePublished\":\"2019-08-09T11:20:32+00:00\",\"dateModified\":\"2019-08-09T11:20:37+00:00\",\"breadcrumb\":{\"@id\":\"https:\/\/kapitalis.com\/tunisie\/2019\/08\/09\/des-parlementaires-tunisiens-en-formation-les-5-et-6-septembre-2019-a-tunis\/#breadcrumb\"},\"inLanguage\":\"fr-FR\",\"potentialAction\":[{\"@type\":\"ReadAction\",\"target\":[\"https:\/\/kapitalis.com\/tunisie\/2019\/08\/09\/des-parlementaires-tunisiens-en-formation-les-5-et-6-septembre-2019-a-tunis\/\"]}]},{\"@type\":\"ImageObject\",\"inLanguage\":\"fr-FR\",\"@id\":\"https:\/\/kapitalis.com\/tunisie\/2019\/08\/09\/des-parlementaires-tunisiens-en-formation-les-5-et-6-septembre-2019-a-tunis\/#primaryimage\",\"url\":\"\",\"contentUrl\":\"\"},{\"@type\":\"BreadcrumbList\",\"@id\":\"https:\/\/kapitalis.com\/tunisie\/2019\/08\/09\/des-parlementaires-tunisiens-en-formation-les-5-et-6-septembre-2019-a-tunis\/#breadcrumb\",\"itemListElement\":[{\"@type\":\"ListItem\",\"position\":1,\"name\":\"Accueil\",\"item\":\"https:\/\/kapitalis.com\/tunisie\/\"},{\"@type\":\"ListItem\",\"position\":2,\"name\":\"Des parlementaires tunisiens en formation les 5 et 6 septembre 2019 \u00e0 Tunis\"}]},{\"@type\":\"WebSite\",\"@id\":\"https:\/\/kapitalis.com\/tunisie\/#website\",\"url\":\"https:\/\/kapitalis.com\/tunisie\/\",\"name\":\"Kapitalis\",\"description\":\"L&#039;actualit\u00e9 en Tunisie et dans le monde\",\"publisher\":{\"@id\":\"https:\/\/kapitalis.com\/tunisie\/#organization\"},\"potentialAction\":[{\"@type\":\"SearchAction\",\"target\":{\"@type\":\"EntryPoint\",\"urlTemplate\":\"https:\/\/kapitalis.com\/tunisie\/?s={search_term_string}\"},\"query-input\":{\"@type\":\"PropertyValueSpecification\",\"valueRequired\":true,\"valueName\":\"search_term_string\"}}],\"inLanguage\":\"fr-FR\"},{\"@type\":\"Organization\",\"@id\":\"https:\/\/kapitalis.com\/tunisie\/#organization\",\"name\":\"Kapitalis\",\"url\":\"https:\/\/kapitalis.com\/tunisie\/\",\"logo\":{\"@type\":\"ImageObject\",\"inLanguage\":\"fr-FR\",\"@id\":\"https:\/\/kapitalis.com\/tunisie\/#\/schema\/logo\/image\/\",\"url\":\"https:\/\/kapitalis.com\/tunisie\/wp-content\/uploads\/2022\/05\/Kapitalis-big-size.png\",\"contentUrl\":\"https:\/\/kapitalis.com\/tunisie\/wp-content\/uploads\/2022\/05\/Kapitalis-big-size.png\",\"width\":5000,\"height\":1500,\"caption\":\"Kapitalis\"},\"image\":{\"@id\":\"https:\/\/kapitalis.com\/tunisie\/#\/schema\/logo\/image\/\"},\"sameAs\":[\"https:\/\/www.facebook.com\/KapitalisInfo\/\",\"https:\/\/x.com\/KapitalisInfo\",\"https:\/\/www.youtube.com\/channel\/UC-yDYrHyfFBWWZaOw3FPg9Q\"]},{\"@type\":\"Person\",\"@id\":\"https:\/\/kapitalis.com\/tunisie\/#\/schema\/person\/093913313d3017554cb3ad077fff3fbd\",\"name\":\"Amina Mkada\",\"url\":\"https:\/\/kapitalis.com\/tunisie\/author\/amina\/\"}]}<\/script>\n<!-- \/ Yoast SEO plugin. -->","yoast_head_json":{"title":"Des parlementaires tunisiens en formation les 5 et 6 septembre 2019 \u00e0 Tunis - Kapitalis","robots":{"index":"index","follow":"follow","max-snippet":"max-snippet:-1","max-image-preview":"max-image-preview:large","max-video-preview":"max-video-preview:-1"},"canonical":"https:\/\/kapitalis.com\/tunisie\/2019\/08\/09\/des-parlementaires-tunisiens-en-formation-les-5-et-6-septembre-2019-a-tunis\/","og_locale":"fr_FR","og_type":"article","og_title":"Des parlementaires tunisiens en formation les 5 et 6 septembre 2019 \u00e0 Tunis - Kapitalis","og_description":"Le R\u00e9seau pour la justice fiscale en Afrique (TJNA) organise, du 5 au 6 septembre 2019, \u00e0 Tunis, une formation \u00e0 l&rsquo;intention des membres de l&rsquo;Assembl\u00e9e des repr\u00e9sentants du peuple (ARP) sur le \u00abR\u00e9seau parlementaire africain sur les flux financiers illicites et la fiscalit\u00e9\u00bb (APNIFFT).","og_url":"https:\/\/kapitalis.com\/tunisie\/2019\/08\/09\/des-parlementaires-tunisiens-en-formation-les-5-et-6-septembre-2019-a-tunis\/","og_site_name":"Kapitalis","article_publisher":"https:\/\/www.facebook.com\/KapitalisInfo\/","article_published_time":"2019-08-09T11:20:32+00:00","article_modified_time":"2019-08-09T11:20:37+00:00","og_image":[{"width":1200,"height":630,"url":"https:\/\/kapitalis.com\/tunisie\/wp-content\/uploads\/2022\/05\/kapitalis-logo-fb.png","type":"image\/png"}],"author":"Amina Mkada","twitter_card":"summary_large_image","twitter_creator":"@KapitalisInfo","twitter_site":"@KapitalisInfo","twitter_misc":{"\u00c9crit par":"Amina Mkada","Dur\u00e9e de lecture estim\u00e9e":"1 minute"},"schema":{"@context":"https:\/\/schema.org","@graph":[{"@type":"Article","@id":"https:\/\/kapitalis.com\/tunisie\/2019\/08\/09\/des-parlementaires-tunisiens-en-formation-les-5-et-6-septembre-2019-a-tunis\/#article","isPartOf":{"@id":"https:\/\/kapitalis.com\/tunisie\/2019\/08\/09\/des-parlementaires-tunisiens-en-formation-les-5-et-6-septembre-2019-a-tunis\/"},"author":{"name":"Amina Mkada","@id":"https:\/\/kapitalis.com\/tunisie\/#\/schema\/person\/093913313d3017554cb3ad077fff3fbd"},"headline":"Des parlementaires tunisiens en formation les 5 et 6 septembre 2019 \u00e0 Tunis","datePublished":"2019-08-09T11:20:32+00:00","dateModified":"2019-08-09T11:20:37+00:00","mainEntityOfPage":{"@id":"https:\/\/kapitalis.com\/tunisie\/2019\/08\/09\/des-parlementaires-tunisiens-en-formation-les-5-et-6-septembre-2019-a-tunis\/"},"wordCount":207,"commentCount":0,"publisher":{"@id":"https:\/\/kapitalis.com\/tunisie\/#organization"},"image":{"@id":"https:\/\/kapitalis.com\/tunisie\/2019\/08\/09\/des-parlementaires-tunisiens-en-formation-les-5-et-6-septembre-2019-a-tunis\/#primaryimage"},"thumbnailUrl":"","keywords":["Observatoire tunisien de l\u2019\u00e9conomie"],"articleSection":["ECONOMIE","Tunisie"],"inLanguage":"fr-FR","potentialAction":[{"@type":"CommentAction","name":"Comment","target":["https:\/\/kapitalis.com\/tunisie\/2019\/08\/09\/des-parlementaires-tunisiens-en-formation-les-5-et-6-septembre-2019-a-tunis\/#respond"]}]},{"@type":"WebPage","@id":"https:\/\/kapitalis.com\/tunisie\/2019\/08\/09\/des-parlementaires-tunisiens-en-formation-les-5-et-6-septembre-2019-a-tunis\/","url":"https:\/\/kapitalis.com\/tunisie\/2019\/08\/09\/des-parlementaires-tunisiens-en-formation-les-5-et-6-septembre-2019-a-tunis\/","name":"Des parlementaires tunisiens en formation les 5 et 6 septembre 2019 \u00e0 Tunis - Kapitalis","isPartOf":{"@id":"https:\/\/kapitalis.com\/tunisie\/#website"},"primaryImageOfPage":{"@id":"https:\/\/kapitalis.com\/tunisie\/2019\/08\/09\/des-parlementaires-tunisiens-en-formation-les-5-et-6-septembre-2019-a-tunis\/#primaryimage"},"image":{"@id":"https:\/\/kapitalis.com\/tunisie\/2019\/08\/09\/des-parlementaires-tunisiens-en-formation-les-5-et-6-septembre-2019-a-tunis\/#primaryimage"},"thumbnailUrl":"","datePublished":"2019-08-09T11:20:32+00:00","dateModified":"2019-08-09T11:20:37+00:00","breadcrumb":{"@id":"https:\/\/kapitalis.com\/tunisie\/2019\/08\/09\/des-parlementaires-tunisiens-en-formation-les-5-et-6-septembre-2019-a-tunis\/#breadcrumb"},"inLanguage":"fr-FR","potentialAction":[{"@type":"ReadAction","target":["https:\/\/kapitalis.com\/tunisie\/2019\/08\/09\/des-parlementaires-tunisiens-en-formation-les-5-et-6-septembre-2019-a-tunis\/"]}]},{"@type":"ImageObject","inLanguage":"fr-FR","@id":"https:\/\/kapitalis.com\/tunisie\/2019\/08\/09\/des-parlementaires-tunisiens-en-formation-les-5-et-6-septembre-2019-a-tunis\/#primaryimage","url":"","contentUrl":""},{"@type":"BreadcrumbList","@id":"https:\/\/kapitalis.com\/tunisie\/2019\/08\/09\/des-parlementaires-tunisiens-en-formation-les-5-et-6-septembre-2019-a-tunis\/#breadcrumb","itemListElement":[{"@type":"ListItem","position":1,"name":"Accueil","item":"https:\/\/kapitalis.com\/tunisie\/"},{"@type":"ListItem","position":2,"name":"Des parlementaires tunisiens en formation les 5 et 6 septembre 2019 \u00e0 Tunis"}]},{"@type":"WebSite","@id":"https:\/\/kapitalis.com\/tunisie\/#website","url":"https:\/\/kapitalis.com\/tunisie\/","name":"Kapitalis","description":"L&#039;actualit\u00e9 en Tunisie et dans le monde","publisher":{"@id":"https:\/\/kapitalis.com\/tunisie\/#organization"},"potentialAction":[{"@type":"SearchAction","target":{"@type":"EntryPoint","urlTemplate":"https:\/\/kapitalis.com\/tunisie\/?s={search_term_string}"},"query-input":{"@type":"PropertyValueSpecification","valueRequired":true,"valueName":"search_term_string"}}],"inLanguage":"fr-FR"},{"@type":"Organization","@id":"https:\/\/kapitalis.com\/tunisie\/#organization","name":"Kapitalis","url":"https:\/\/kapitalis.com\/tunisie\/","logo":{"@type":"ImageObject","inLanguage":"fr-FR","@id":"https:\/\/kapitalis.com\/tunisie\/#\/schema\/logo\/image\/","url":"https:\/\/kapitalis.com\/tunisie\/wp-content\/uploads\/2022\/05\/Kapitalis-big-size.png","contentUrl":"https:\/\/kapitalis.com\/tunisie\/wp-content\/uploads\/2022\/05\/Kapitalis-big-size.png","width":5000,"height":1500,"caption":"Kapitalis"},"image":{"@id":"https:\/\/kapitalis.com\/tunisie\/#\/schema\/logo\/image\/"},"sameAs":["https:\/\/www.facebook.com\/KapitalisInfo\/","https:\/\/x.com\/KapitalisInfo","https:\/\/www.youtube.com\/channel\/UC-yDYrHyfFBWWZaOw3FPg9Q"]},{"@type":"Person","@id":"https:\/\/kapitalis.com\/tunisie\/#\/schema\/person\/093913313d3017554cb3ad077fff3fbd","name":"Amina Mkada","url":"https:\/\/kapitalis.com\/tunisie\/author\/amina\/"}]}},"_links":{"self":[{"href":"https:\/\/kapitalis.com\/tunisie\/wp-json\/wp\/v2\/posts\/231920","targetHints":{"allow":["GET"]}}],"collection":[{"href":"https:\/\/kapitalis.com\/tunisie\/wp-json\/wp\/v2\/posts"}],"about":[{"href":"https:\/\/kapitalis.com\/tunisie\/wp-json\/wp\/v2\/types\/post"}],"author":[{"embeddable":true,"href":"https:\/\/kapitalis.com\/tunisie\/wp-json\/wp\/v2\/users\/22"}],"replies":[{"embeddable":true,"href":"https:\/\/kapitalis.com\/tunisie\/wp-json\/wp\/v2\/comments?post=231920"}],"version-history":[{"count":0,"href":"https:\/\/kapitalis.com\/tunisie\/wp-json\/wp\/v2\/posts\/231920\/revisions"}],"wp:featuredmedia":[{"embeddable":true,"href":"https:\/\/kapitalis.com\/tunisie\/wp-json\/wp\/v2\/media\/231965"}],"wp:attachment":[{"href":"https:\/\/kapitalis.com\/tunisie\/wp-json\/wp\/v2\/media?parent=231920"}],"wp:term":[{"taxonomy":"category","embeddable":true,"href":"https:\/\/kapitalis.com\/tunisie\/wp-json\/wp\/v2\/categories?post=231920"},{"taxonomy":"post_tag","embeddable":true,"href":"https:\/\/kapitalis.com\/tunisie\/wp-json\/wp\/v2\/tags?post=231920"}],"curies":[{"name":"wp","href":"https:\/\/api.w.org\/{rel}","templated":true}]}}