{"id":232077,"date":"2019-08-09T14:46:44","date_gmt":"2019-08-09T13:46:44","guid":{"rendered":"http:\/\/kapitalis.com\/tunisie\/?p=232077"},"modified":"2019-08-09T15:04:33","modified_gmt":"2019-08-09T14:04:33","slug":"presidentielle-2019-depuis-la-france-slim-riahi-depose-sa-candidature-par-procuration","status":"publish","type":"post","link":"https:\/\/kapitalis.com\/tunisie\/2019\/08\/09\/presidentielle-2019-depuis-la-france-slim-riahi-depose-sa-candidature-par-procuration\/","title":{"rendered":"Pr\u00e9sidentielle 2019 : Depuis la France, Slim Riahi d\u00e9pose sa candidature par procuration"},"content":{"rendered":"\n<figure class=\"wp-block-image\"><img decoding=\"async\" src=\"http:\/\/kapitalis.com\/tunisie\/wp-content\/uploads\/2019\/08\/Slim-Riahi.jpg\" alt=\"\" class=\"wp-image-232085\"\/><\/figure>\n\n\n\n<p><strong><em>L&rsquo;homme d&rsquo;affaires Slim Riahi, en France depuis janvier dernier, se porte candidat \u00e0 la pr\u00e9sidentielle du 15 septembre 2019. Son dossier a \u00e9t\u00e9 d\u00e9pos\u00e9, par procuration, aujourd&rsquo;hui, vendredi 9 ao\u00fbt 2019, \u00e0 l&rsquo;Instance sup\u00e9rieure ind\u00e9pendante pour les \u00e9lections (Isie).<\/em><\/strong><\/p>\n\n\n\n<!--more-->\n\n\n\n<p>C&rsquo;est son avocat Ta\u00efeb Bessadok, repr\u00e9sentant l\u00e9gal de la coalition \u00e9lectorale Al-Watan Al-Jadid, et t\u00eate liste dans la circonscription de Gab\u00e8s, qui a port\u00e9 le dossier \u00e0 l&rsquo;Instance.<\/p>\n\n\n\n<p>Rappelons que Slim Riahi, \u00e0 l&rsquo;\u00e9tranger pour r\u00e9gler des affaires personnelles, selon les dires de son avocat, serait, en r\u00e9alit\u00e9, en fuite, \u00e0 cause de plusieurs affaires en justice pour corruption. Il est \u00e9galement t\u00eate de liste d&rsquo;Al-Watan Al-Jadid dans la circonscription France 1 pour les l\u00e9gislatives. <br><\/p>\n\n\n\n<p>Le candidat \u00e0 la pr\u00e9sidentielle et \u00e0 la l\u00e9gislative a \u00e9galement fait l&rsquo;objet d&rsquo;un mandat de d\u00e9p\u00f4t, en avril dernier, dans une affaire de corruption remontant \u00e0 2012. Son avocat Me Bessadok avait estim\u00e9 que la justice aurait d\u00fb \u00e9mettre un mandat d&rsquo;amener \u00e0 l\u2019encontre de son client, ce dernier se trouvant \u00e0 l&rsquo;\u00e9tranger, le mandat de d\u00e9p\u00f4t est inutile, avait-il affirm\u00e9 dans une d\u00e9claration \u00e0 Kapitalis.<\/p>\n\n\n\n<p>Malgr\u00e9 toutes ses affaires en justice, Slim Riahi souhaite repr\u00e9senter les Tunisiens et devenir m\u00eame leur pr\u00e9sident, qui aura notamment pour r\u00f4le, entre autres, de veiller \u00e0 l&rsquo;application de la loi\u2026<\/p>\n\n\n\n<p>Il reste cependant \u00e0 savoir si, une fois \u00e9lu, M. Riahi va se r\u00e9signer \u00e0 rentrer enfin en Tunisie pour faire face aux juges et r\u00e9pondre aux accusations dont il fait l&rsquo;objet, o\u00f9 s&rsquo;il compte sur l&rsquo;immunit\u00e9 parlementaire ou pr\u00e9sidentielle pour \u00e9chapper \u00e0 la justice ? <\/p>\n\n\n\n<p>Il n&rsquo;est pas difficile de cocher la bonne r\u00e9ponse&#8230; <\/p>\n\n\n\n<p>Le probl\u00e8me de cette r\u00e9publique d&rsquo;op\u00e9rette qu&rsquo;est aujourd&rsquo;hui la Tunisie, c&rsquo;est que beaucoup de candidats aux \u00e9lections l\u00e9gislatives et pr\u00e9sidentielles se pr\u00e9sentent non pour servir leurs concitoyens mais parce qu&rsquo;ils cherchent l&rsquo;immunit\u00e9 pour contourner la justice. <\/p>\n\n\n\n<p style=\"text-align:right\"><strong>Y. N.<\/strong><\/p>\n\n\n\n<figure class=\"wp-block-embed is-type-rich is-provider-kapitalis\"><div class=\"wp-block-embed__wrapper\">\n<blockquote class=\"wp-embedded-content\" data-secret=\"v6wSb82FqR\"><a href=\"https:\/\/kapitalis.com\/tunisie\/2019\/08\/07\/legislatives-2019-lisie-valide-la-liste-electorale-presidee-par-slim-riahi-suspecte-de-corruption-et-en-fuite-en-france\/\">L\u00e9gislatives 2019 : L&rsquo;Isie valide la liste \u00e9lectorale pr\u00e9sid\u00e9e par Slim Riahi, suspect\u00e9 de corruption et en fuite en France<\/a><\/blockquote><iframe loading=\"lazy\" class=\"wp-embedded-content\" sandbox=\"allow-scripts\" security=\"restricted\" style=\"position: absolute; clip: rect(1px, 1px, 1px, 1px);\" title=\"\u00ab\u00a0L\u00e9gislatives 2019 : L&rsquo;Isie valide la liste \u00e9lectorale pr\u00e9sid\u00e9e par Slim Riahi, suspect\u00e9 de corruption et en fuite en France\u00a0\u00bb &#8212; Kapitalis\" src=\"https:\/\/kapitalis.com\/tunisie\/2019\/08\/07\/legislatives-2019-lisie-valide-la-liste-electorale-presidee-par-slim-riahi-suspecte-de-corruption-et-en-fuite-en-france\/embed\/#?secret=TSaZNxrJY0#?secret=v6wSb82FqR\" data-secret=\"v6wSb82FqR\" width=\"600\" height=\"338\" frameborder=\"0\" marginwidth=\"0\" marginheight=\"0\" scrolling=\"no\"><\/iframe>\n<\/div><\/figure>\n\n\n\n<figure class=\"wp-block-embed is-type-rich is-provider-kapitalis\"><div class=\"wp-block-embed__wrapper\">\n<blockquote class=\"wp-embedded-content\" data-secret=\"Yhj3K2P5Kz\"><a href=\"https:\/\/kapitalis.com\/tunisie\/2019\/04\/17\/blanchiment-dargent-mandat-de-depot-a-lencontre-de-slim-riahi\/\">Blanchiment d\u2019argent : Mandat de d\u00e9p\u00f4t \u00e0 l\u2019encontre de Slim Riahi<\/a><\/blockquote><iframe loading=\"lazy\" class=\"wp-embedded-content\" sandbox=\"allow-scripts\" security=\"restricted\" style=\"position: absolute; clip: rect(1px, 1px, 1px, 1px);\" title=\"\u00ab\u00a0Blanchiment d\u2019argent : Mandat de d\u00e9p\u00f4t \u00e0 l\u2019encontre de Slim Riahi\u00a0\u00bb &#8212; Kapitalis\" src=\"https:\/\/kapitalis.com\/tunisie\/2019\/04\/17\/blanchiment-dargent-mandat-de-depot-a-lencontre-de-slim-riahi\/embed\/#?secret=rYk1oxQU46#?secret=Yhj3K2P5Kz\" data-secret=\"Yhj3K2P5Kz\" width=\"600\" height=\"338\" frameborder=\"0\" marginwidth=\"0\" marginheight=\"0\" scrolling=\"no\"><\/iframe>\n<\/div><\/figure>\n","protected":false},"excerpt":{"rendered":"<p>L&rsquo;homme d&rsquo;affaires Slim Riahi, en France depuis janvier dernier, se porte candidat \u00e0 la pr\u00e9sidentielle du 15 septembre 2019. Son dossier a \u00e9t\u00e9 d\u00e9pos\u00e9, par procuration, aujourd&rsquo;hui, vendredi 9 ao\u00fbt 2019, \u00e0 l&rsquo;Instance sup\u00e9rieure ind\u00e9pendante pour les \u00e9lections (Isie).<\/p>\n","protected":false},"author":6,"featured_media":232085,"comment_status":"open","ping_status":"open","sticky":false,"template":"","format":"standard","meta":{"footnotes":""},"categories":[997,2433],"tags":[114,7259,395,2595,499,30562,1642,4826],"class_list":["post-232077","post","type-post","status-publish","format-standard","has-post-thumbnail","hentry","category-politique","category-tunisie","tag-avocat","tag-candidature","tag-france","tag-hommes-daffaires","tag-isie","tag-presidentielle-2019","tag-slim-riahi","tag-taieb-bessadok"],"yoast_head":"<!-- This site is optimized with the Yoast SEO plugin v26.6 - https:\/\/yoast.com\/wordpress\/plugins\/seo\/ -->\n<title>Pr\u00e9sidentielle 2019 : Depuis la France, Slim Riahi d\u00e9pose sa candidature par procuration - Kapitalis<\/title>\n<meta name=\"robots\" content=\"index, follow, max-snippet:-1, max-image-preview:large, max-video-preview:-1\" \/>\n<link rel=\"canonical\" href=\"https:\/\/kapitalis.com\/tunisie\/2019\/08\/09\/presidentielle-2019-depuis-la-france-slim-riahi-depose-sa-candidature-par-procuration\/\" \/>\n<meta property=\"og:locale\" content=\"fr_FR\" \/>\n<meta property=\"og:type\" content=\"article\" \/>\n<meta property=\"og:title\" content=\"Pr\u00e9sidentielle 2019 : Depuis la France, Slim Riahi d\u00e9pose sa candidature par procuration - Kapitalis\" \/>\n<meta property=\"og:description\" content=\"L&rsquo;homme d&rsquo;affaires Slim Riahi, en France depuis janvier dernier, se porte candidat \u00e0 la pr\u00e9sidentielle du 15 septembre 2019. Son dossier a \u00e9t\u00e9 d\u00e9pos\u00e9, par procuration, aujourd&rsquo;hui, vendredi 9 ao\u00fbt 2019, \u00e0 l&rsquo;Instance sup\u00e9rieure ind\u00e9pendante pour les \u00e9lections (Isie).\" \/>\n<meta property=\"og:url\" content=\"https:\/\/kapitalis.com\/tunisie\/2019\/08\/09\/presidentielle-2019-depuis-la-france-slim-riahi-depose-sa-candidature-par-procuration\/\" \/>\n<meta property=\"og:site_name\" content=\"Kapitalis\" \/>\n<meta property=\"article:publisher\" content=\"https:\/\/www.facebook.com\/KapitalisInfo\/\" \/>\n<meta property=\"article:published_time\" content=\"2019-08-09T13:46:44+00:00\" \/>\n<meta property=\"article:modified_time\" content=\"2019-08-09T14:04:33+00:00\" \/>\n<meta property=\"og:image\" content=\"https:\/\/kapitalis.com\/tunisie\/wp-content\/uploads\/2022\/05\/kapitalis-logo-fb.png\" \/>\n\t<meta property=\"og:image:width\" content=\"1200\" \/>\n\t<meta property=\"og:image:height\" content=\"630\" \/>\n\t<meta property=\"og:image:type\" content=\"image\/png\" \/>\n<meta name=\"author\" content=\"Yusra NY\" \/>\n<meta name=\"twitter:card\" content=\"summary_large_image\" \/>\n<meta name=\"twitter:creator\" content=\"@KapitalisInfo\" \/>\n<meta name=\"twitter:site\" content=\"@KapitalisInfo\" \/>\n<meta name=\"twitter:label1\" content=\"\u00c9crit par\" \/>\n\t<meta name=\"twitter:data1\" content=\"Yusra NY\" \/>\n\t<meta name=\"twitter:label2\" content=\"Dur\u00e9e de lecture estim\u00e9e\" \/>\n\t<meta name=\"twitter:data2\" content=\"2 minutes\" \/>\n<script type=\"application\/ld+json\" class=\"yoast-schema-graph\">{\"@context\":\"https:\/\/schema.org\",\"@graph\":[{\"@type\":\"Article\",\"@id\":\"https:\/\/kapitalis.com\/tunisie\/2019\/08\/09\/presidentielle-2019-depuis-la-france-slim-riahi-depose-sa-candidature-par-procuration\/#article\",\"isPartOf\":{\"@id\":\"https:\/\/kapitalis.com\/tunisie\/2019\/08\/09\/presidentielle-2019-depuis-la-france-slim-riahi-depose-sa-candidature-par-procuration\/\"},\"author\":{\"name\":\"Yusra NY\",\"@id\":\"https:\/\/kapitalis.com\/tunisie\/#\/schema\/person\/74bbde0154d49d790a92aaeac5bc01d5\"},\"headline\":\"Pr\u00e9sidentielle 2019 : Depuis la France, Slim Riahi d\u00e9pose sa candidature par procuration\",\"datePublished\":\"2019-08-09T13:46:44+00:00\",\"dateModified\":\"2019-08-09T14:04:33+00:00\",\"mainEntityOfPage\":{\"@id\":\"https:\/\/kapitalis.com\/tunisie\/2019\/08\/09\/presidentielle-2019-depuis-la-france-slim-riahi-depose-sa-candidature-par-procuration\/\"},\"wordCount\":345,\"commentCount\":5,\"publisher\":{\"@id\":\"https:\/\/kapitalis.com\/tunisie\/#organization\"},\"image\":{\"@id\":\"https:\/\/kapitalis.com\/tunisie\/2019\/08\/09\/presidentielle-2019-depuis-la-france-slim-riahi-depose-sa-candidature-par-procuration\/#primaryimage\"},\"thumbnailUrl\":\"\",\"keywords\":[\"avocat\",\"candidature\",\"France\",\"hommes d\u2019affaires\",\"Isie\",\"pr\u00e9sidentielle 2019\",\"Slim Riahi\",\"Taieb Bessadok\"],\"articleSection\":[\"POLITIQUE\",\"Tunisie\"],\"inLanguage\":\"fr-FR\",\"potentialAction\":[{\"@type\":\"CommentAction\",\"name\":\"Comment\",\"target\":[\"https:\/\/kapitalis.com\/tunisie\/2019\/08\/09\/presidentielle-2019-depuis-la-france-slim-riahi-depose-sa-candidature-par-procuration\/#respond\"]}]},{\"@type\":\"WebPage\",\"@id\":\"https:\/\/kapitalis.com\/tunisie\/2019\/08\/09\/presidentielle-2019-depuis-la-france-slim-riahi-depose-sa-candidature-par-procuration\/\",\"url\":\"https:\/\/kapitalis.com\/tunisie\/2019\/08\/09\/presidentielle-2019-depuis-la-france-slim-riahi-depose-sa-candidature-par-procuration\/\",\"name\":\"Pr\u00e9sidentielle 2019 : Depuis la France, Slim Riahi d\u00e9pose sa candidature par procuration - Kapitalis\",\"isPartOf\":{\"@id\":\"https:\/\/kapitalis.com\/tunisie\/#website\"},\"primaryImageOfPage\":{\"@id\":\"https:\/\/kapitalis.com\/tunisie\/2019\/08\/09\/presidentielle-2019-depuis-la-france-slim-riahi-depose-sa-candidature-par-procuration\/#primaryimage\"},\"image\":{\"@id\":\"https:\/\/kapitalis.com\/tunisie\/2019\/08\/09\/presidentielle-2019-depuis-la-france-slim-riahi-depose-sa-candidature-par-procuration\/#primaryimage\"},\"thumbnailUrl\":\"\",\"datePublished\":\"2019-08-09T13:46:44+00:00\",\"dateModified\":\"2019-08-09T14:04:33+00:00\",\"breadcrumb\":{\"@id\":\"https:\/\/kapitalis.com\/tunisie\/2019\/08\/09\/presidentielle-2019-depuis-la-france-slim-riahi-depose-sa-candidature-par-procuration\/#breadcrumb\"},\"inLanguage\":\"fr-FR\",\"potentialAction\":[{\"@type\":\"ReadAction\",\"target\":[\"https:\/\/kapitalis.com\/tunisie\/2019\/08\/09\/presidentielle-2019-depuis-la-france-slim-riahi-depose-sa-candidature-par-procuration\/\"]}]},{\"@type\":\"ImageObject\",\"inLanguage\":\"fr-FR\",\"@id\":\"https:\/\/kapitalis.com\/tunisie\/2019\/08\/09\/presidentielle-2019-depuis-la-france-slim-riahi-depose-sa-candidature-par-procuration\/#primaryimage\",\"url\":\"\",\"contentUrl\":\"\"},{\"@type\":\"BreadcrumbList\",\"@id\":\"https:\/\/kapitalis.com\/tunisie\/2019\/08\/09\/presidentielle-2019-depuis-la-france-slim-riahi-depose-sa-candidature-par-procuration\/#breadcrumb\",\"itemListElement\":[{\"@type\":\"ListItem\",\"position\":1,\"name\":\"Accueil\",\"item\":\"https:\/\/kapitalis.com\/tunisie\/\"},{\"@type\":\"ListItem\",\"position\":2,\"name\":\"Pr\u00e9sidentielle 2019 : Depuis la France, Slim Riahi d\u00e9pose sa candidature par procuration\"}]},{\"@type\":\"WebSite\",\"@id\":\"https:\/\/kapitalis.com\/tunisie\/#website\",\"url\":\"https:\/\/kapitalis.com\/tunisie\/\",\"name\":\"Kapitalis\",\"description\":\"L&#039;actualit\u00e9 en Tunisie et dans le monde\",\"publisher\":{\"@id\":\"https:\/\/kapitalis.com\/tunisie\/#organization\"},\"potentialAction\":[{\"@type\":\"SearchAction\",\"target\":{\"@type\":\"EntryPoint\",\"urlTemplate\":\"https:\/\/kapitalis.com\/tunisie\/?s={search_term_string}\"},\"query-input\":{\"@type\":\"PropertyValueSpecification\",\"valueRequired\":true,\"valueName\":\"search_term_string\"}}],\"inLanguage\":\"fr-FR\"},{\"@type\":\"Organization\",\"@id\":\"https:\/\/kapitalis.com\/tunisie\/#organization\",\"name\":\"Kapitalis\",\"url\":\"https:\/\/kapitalis.com\/tunisie\/\",\"logo\":{\"@type\":\"ImageObject\",\"inLanguage\":\"fr-FR\",\"@id\":\"https:\/\/kapitalis.com\/tunisie\/#\/schema\/logo\/image\/\",\"url\":\"https:\/\/kapitalis.com\/tunisie\/wp-content\/uploads\/2022\/05\/Kapitalis-big-size.png\",\"contentUrl\":\"https:\/\/kapitalis.com\/tunisie\/wp-content\/uploads\/2022\/05\/Kapitalis-big-size.png\",\"width\":5000,\"height\":1500,\"caption\":\"Kapitalis\"},\"image\":{\"@id\":\"https:\/\/kapitalis.com\/tunisie\/#\/schema\/logo\/image\/\"},\"sameAs\":[\"https:\/\/www.facebook.com\/KapitalisInfo\/\",\"https:\/\/x.com\/KapitalisInfo\",\"https:\/\/www.youtube.com\/channel\/UC-yDYrHyfFBWWZaOw3FPg9Q\"]},{\"@type\":\"Person\",\"@id\":\"https:\/\/kapitalis.com\/tunisie\/#\/schema\/person\/74bbde0154d49d790a92aaeac5bc01d5\",\"name\":\"Yusra NY\",\"url\":\"https:\/\/kapitalis.com\/tunisie\/author\/yuza_adam\/\"}]}<\/script>\n<!-- \/ Yoast SEO plugin. -->","yoast_head_json":{"title":"Pr\u00e9sidentielle 2019 : Depuis la France, Slim Riahi d\u00e9pose sa candidature par procuration - Kapitalis","robots":{"index":"index","follow":"follow","max-snippet":"max-snippet:-1","max-image-preview":"max-image-preview:large","max-video-preview":"max-video-preview:-1"},"canonical":"https:\/\/kapitalis.com\/tunisie\/2019\/08\/09\/presidentielle-2019-depuis-la-france-slim-riahi-depose-sa-candidature-par-procuration\/","og_locale":"fr_FR","og_type":"article","og_title":"Pr\u00e9sidentielle 2019 : Depuis la France, Slim Riahi d\u00e9pose sa candidature par procuration - Kapitalis","og_description":"L&rsquo;homme d&rsquo;affaires Slim Riahi, en France depuis janvier dernier, se porte candidat \u00e0 la pr\u00e9sidentielle du 15 septembre 2019. Son dossier a \u00e9t\u00e9 d\u00e9pos\u00e9, par procuration, aujourd&rsquo;hui, vendredi 9 ao\u00fbt 2019, \u00e0 l&rsquo;Instance sup\u00e9rieure ind\u00e9pendante pour les \u00e9lections (Isie).","og_url":"https:\/\/kapitalis.com\/tunisie\/2019\/08\/09\/presidentielle-2019-depuis-la-france-slim-riahi-depose-sa-candidature-par-procuration\/","og_site_name":"Kapitalis","article_publisher":"https:\/\/www.facebook.com\/KapitalisInfo\/","article_published_time":"2019-08-09T13:46:44+00:00","article_modified_time":"2019-08-09T14:04:33+00:00","og_image":[{"width":1200,"height":630,"url":"https:\/\/kapitalis.com\/tunisie\/wp-content\/uploads\/2022\/05\/kapitalis-logo-fb.png","type":"image\/png"}],"author":"Yusra NY","twitter_card":"summary_large_image","twitter_creator":"@KapitalisInfo","twitter_site":"@KapitalisInfo","twitter_misc":{"\u00c9crit par":"Yusra NY","Dur\u00e9e de lecture estim\u00e9e":"2 minutes"},"schema":{"@context":"https:\/\/schema.org","@graph":[{"@type":"Article","@id":"https:\/\/kapitalis.com\/tunisie\/2019\/08\/09\/presidentielle-2019-depuis-la-france-slim-riahi-depose-sa-candidature-par-procuration\/#article","isPartOf":{"@id":"https:\/\/kapitalis.com\/tunisie\/2019\/08\/09\/presidentielle-2019-depuis-la-france-slim-riahi-depose-sa-candidature-par-procuration\/"},"author":{"name":"Yusra NY","@id":"https:\/\/kapitalis.com\/tunisie\/#\/schema\/person\/74bbde0154d49d790a92aaeac5bc01d5"},"headline":"Pr\u00e9sidentielle 2019 : Depuis la France, Slim Riahi d\u00e9pose sa candidature par procuration","datePublished":"2019-08-09T13:46:44+00:00","dateModified":"2019-08-09T14:04:33+00:00","mainEntityOfPage":{"@id":"https:\/\/kapitalis.com\/tunisie\/2019\/08\/09\/presidentielle-2019-depuis-la-france-slim-riahi-depose-sa-candidature-par-procuration\/"},"wordCount":345,"commentCount":5,"publisher":{"@id":"https:\/\/kapitalis.com\/tunisie\/#organization"},"image":{"@id":"https:\/\/kapitalis.com\/tunisie\/2019\/08\/09\/presidentielle-2019-depuis-la-france-slim-riahi-depose-sa-candidature-par-procuration\/#primaryimage"},"thumbnailUrl":"","keywords":["avocat","candidature","France","hommes d\u2019affaires","Isie","pr\u00e9sidentielle 2019","Slim Riahi","Taieb Bessadok"],"articleSection":["POLITIQUE","Tunisie"],"inLanguage":"fr-FR","potentialAction":[{"@type":"CommentAction","name":"Comment","target":["https:\/\/kapitalis.com\/tunisie\/2019\/08\/09\/presidentielle-2019-depuis-la-france-slim-riahi-depose-sa-candidature-par-procuration\/#respond"]}]},{"@type":"WebPage","@id":"https:\/\/kapitalis.com\/tunisie\/2019\/08\/09\/presidentielle-2019-depuis-la-france-slim-riahi-depose-sa-candidature-par-procuration\/","url":"https:\/\/kapitalis.com\/tunisie\/2019\/08\/09\/presidentielle-2019-depuis-la-france-slim-riahi-depose-sa-candidature-par-procuration\/","name":"Pr\u00e9sidentielle 2019 : Depuis la France, Slim Riahi d\u00e9pose sa candidature par procuration - Kapitalis","isPartOf":{"@id":"https:\/\/kapitalis.com\/tunisie\/#website"},"primaryImageOfPage":{"@id":"https:\/\/kapitalis.com\/tunisie\/2019\/08\/09\/presidentielle-2019-depuis-la-france-slim-riahi-depose-sa-candidature-par-procuration\/#primaryimage"},"image":{"@id":"https:\/\/kapitalis.com\/tunisie\/2019\/08\/09\/presidentielle-2019-depuis-la-france-slim-riahi-depose-sa-candidature-par-procuration\/#primaryimage"},"thumbnailUrl":"","datePublished":"2019-08-09T13:46:44+00:00","dateModified":"2019-08-09T14:04:33+00:00","breadcrumb":{"@id":"https:\/\/kapitalis.com\/tunisie\/2019\/08\/09\/presidentielle-2019-depuis-la-france-slim-riahi-depose-sa-candidature-par-procuration\/#breadcrumb"},"inLanguage":"fr-FR","potentialAction":[{"@type":"ReadAction","target":["https:\/\/kapitalis.com\/tunisie\/2019\/08\/09\/presidentielle-2019-depuis-la-france-slim-riahi-depose-sa-candidature-par-procuration\/"]}]},{"@type":"ImageObject","inLanguage":"fr-FR","@id":"https:\/\/kapitalis.com\/tunisie\/2019\/08\/09\/presidentielle-2019-depuis-la-france-slim-riahi-depose-sa-candidature-par-procuration\/#primaryimage","url":"","contentUrl":""},{"@type":"BreadcrumbList","@id":"https:\/\/kapitalis.com\/tunisie\/2019\/08\/09\/presidentielle-2019-depuis-la-france-slim-riahi-depose-sa-candidature-par-procuration\/#breadcrumb","itemListElement":[{"@type":"ListItem","position":1,"name":"Accueil","item":"https:\/\/kapitalis.com\/tunisie\/"},{"@type":"ListItem","position":2,"name":"Pr\u00e9sidentielle 2019 : Depuis la France, Slim Riahi d\u00e9pose sa candidature par procuration"}]},{"@type":"WebSite","@id":"https:\/\/kapitalis.com\/tunisie\/#website","url":"https:\/\/kapitalis.com\/tunisie\/","name":"Kapitalis","description":"L&#039;actualit\u00e9 en Tunisie et dans le monde","publisher":{"@id":"https:\/\/kapitalis.com\/tunisie\/#organization"},"potentialAction":[{"@type":"SearchAction","target":{"@type":"EntryPoint","urlTemplate":"https:\/\/kapitalis.com\/tunisie\/?s={search_term_string}"},"query-input":{"@type":"PropertyValueSpecification","valueRequired":true,"valueName":"search_term_string"}}],"inLanguage":"fr-FR"},{"@type":"Organization","@id":"https:\/\/kapitalis.com\/tunisie\/#organization","name":"Kapitalis","url":"https:\/\/kapitalis.com\/tunisie\/","logo":{"@type":"ImageObject","inLanguage":"fr-FR","@id":"https:\/\/kapitalis.com\/tunisie\/#\/schema\/logo\/image\/","url":"https:\/\/kapitalis.com\/tunisie\/wp-content\/uploads\/2022\/05\/Kapitalis-big-size.png","contentUrl":"https:\/\/kapitalis.com\/tunisie\/wp-content\/uploads\/2022\/05\/Kapitalis-big-size.png","width":5000,"height":1500,"caption":"Kapitalis"},"image":{"@id":"https:\/\/kapitalis.com\/tunisie\/#\/schema\/logo\/image\/"},"sameAs":["https:\/\/www.facebook.com\/KapitalisInfo\/","https:\/\/x.com\/KapitalisInfo","https:\/\/www.youtube.com\/channel\/UC-yDYrHyfFBWWZaOw3FPg9Q"]},{"@type":"Person","@id":"https:\/\/kapitalis.com\/tunisie\/#\/schema\/person\/74bbde0154d49d790a92aaeac5bc01d5","name":"Yusra NY","url":"https:\/\/kapitalis.com\/tunisie\/author\/yuza_adam\/"}]}},"_links":{"self":[{"href":"https:\/\/kapitalis.com\/tunisie\/wp-json\/wp\/v2\/posts\/232077","targetHints":{"allow":["GET"]}}],"collection":[{"href":"https:\/\/kapitalis.com\/tunisie\/wp-json\/wp\/v2\/posts"}],"about":[{"href":"https:\/\/kapitalis.com\/tunisie\/wp-json\/wp\/v2\/types\/post"}],"author":[{"embeddable":true,"href":"https:\/\/kapitalis.com\/tunisie\/wp-json\/wp\/v2\/users\/6"}],"replies":[{"embeddable":true,"href":"https:\/\/kapitalis.com\/tunisie\/wp-json\/wp\/v2\/comments?post=232077"}],"version-history":[{"count":0,"href":"https:\/\/kapitalis.com\/tunisie\/wp-json\/wp\/v2\/posts\/232077\/revisions"}],"wp:featuredmedia":[{"embeddable":true,"href":"https:\/\/kapitalis.com\/tunisie\/wp-json\/wp\/v2\/media\/232085"}],"wp:attachment":[{"href":"https:\/\/kapitalis.com\/tunisie\/wp-json\/wp\/v2\/media?parent=232077"}],"wp:term":[{"taxonomy":"category","embeddable":true,"href":"https:\/\/kapitalis.com\/tunisie\/wp-json\/wp\/v2\/categories?post=232077"},{"taxonomy":"post_tag","embeddable":true,"href":"https:\/\/kapitalis.com\/tunisie\/wp-json\/wp\/v2\/tags?post=232077"}],"curies":[{"name":"wp","href":"https:\/\/api.w.org\/{rel}","templated":true}]}}