{"id":232360,"date":"2019-08-10T13:50:34","date_gmt":"2019-08-10T12:50:34","guid":{"rendered":"http:\/\/kapitalis.com\/tunisie\/?p=232360"},"modified":"2019-08-10T13:50:37","modified_gmt":"2019-08-10T12:50:37","slug":"football-lancien-international-tunisien-amine-chermiti-au-pays-des-gandhi","status":"publish","type":"post","link":"https:\/\/kapitalis.com\/tunisie\/2019\/08\/10\/football-lancien-international-tunisien-amine-chermiti-au-pays-des-gandhi\/","title":{"rendered":"Football : L\u2019ancien international tunisien Amine Chermiti au pays des Gandhi"},"content":{"rendered":"\n<figure class=\"wp-block-image\"><img decoding=\"async\" src=\"http:\/\/kapitalis.com\/tunisie\/wp-content\/uploads\/2019\/08\/Amine-Chermiti.jpg\" alt=\"\" class=\"wp-image-232361\"\/><\/figure>\n\n\n\n<p><strong><em>L&rsquo;attaquant tunisien Amine Chermiti a officiellement sign\u00e9 pour le club indien Mumbai City. L\u2019ex-international de 31 ans (38 matches avec la Tunisie) vient d\u2019achever un bref passage de 4 mois au club saoudien Al-Fayhaa. <\/em><\/strong><br><\/p>\n\n\n\n<!--more-->\n\n\n\n<p> Cet attaquant de poche, rapide et opportuniste, en est \u00e0 la neuvi\u00e8me station de sa carri\u00e8re, qui a d\u00e9but\u00e9 \u00e0 la Jeunesse sportive kairouanaise (JSK). Il rejoint l\u2019Etoile sportive du Sahel (ESS) en 2006, pour remporter le championnat de Tunisie la m\u00eame ann\u00e9e, la Ligue des champions africaine (avec le titre du meilleur joueur de l\u2019\u00e9dition), ainsi que la Supercoupe de la CAF l\u2019ann\u00e9e suivante. En juillet 2008, il signe avec le Hertha Berlin. Suite \u00e0 une grave blessure, le club allemand le pr\u00eate l\u2019ann\u00e9e suivante au club saoudien de l\u2019Ittihad FC. <br><\/p>\n\n\n\n<p>Chermiti continue de papillonner et signe avec le club suisse du FC Zurich, qui l&rsquo;a gard\u00e9 de 2010 \u00e0 2016, disputant 153 matches pour 44 buts marqu\u00e9s. <br><\/p>\n\n\n\n<p> Chermiti est le deuxi\u00e8me Tunisien apr\u00e8s Selim Ben Achour (en 2015) \u00e0 choisir Mumbai et le pays des Gandhi. Tr\u00e8s probablement aussi comme une pr\u00e9retraite .<br><\/p>\n\n\n\n<p style=\"text-align:right\"><strong> H. M.<\/strong><\/p>\n","protected":false},"excerpt":{"rendered":"<p>L&rsquo;attaquant tunisien Amine Chermiti a officiellement sign\u00e9 pour le club indien Mumbai City. L\u2019ex-international de 31 ans (38 matches avec la Tunisie) vient d\u2019achever un bref passage de 4 mois au club saoudien Al-Fayhaa.<\/p>\n","protected":false},"author":8,"featured_media":232361,"comment_status":"open","ping_status":"open","sticky":false,"template":"","format":"standard","meta":{"footnotes":""},"categories":[999,2433],"tags":[32341,20141],"class_list":["post-232360","post","type-post","status-publish","format-standard","has-post-thumbnail","hentry","category-sport","category-tunisie","tag-amine-chermiti","tag-jeunesse-sportive-kairouanaise"],"yoast_head":"<!-- This site is optimized with the Yoast SEO plugin v26.6 - https:\/\/yoast.com\/wordpress\/plugins\/seo\/ -->\n<title>Football : L\u2019ancien international tunisien Amine Chermiti au pays des Gandhi - Kapitalis<\/title>\n<meta name=\"robots\" content=\"index, follow, max-snippet:-1, max-image-preview:large, max-video-preview:-1\" \/>\n<link rel=\"canonical\" href=\"https:\/\/kapitalis.com\/tunisie\/2019\/08\/10\/football-lancien-international-tunisien-amine-chermiti-au-pays-des-gandhi\/\" \/>\n<meta property=\"og:locale\" content=\"fr_FR\" \/>\n<meta property=\"og:type\" content=\"article\" \/>\n<meta property=\"og:title\" content=\"Football : L\u2019ancien international tunisien Amine Chermiti au pays des Gandhi - Kapitalis\" \/>\n<meta property=\"og:description\" content=\"L&rsquo;attaquant tunisien Amine Chermiti a officiellement sign\u00e9 pour le club indien Mumbai City. L\u2019ex-international de 31 ans (38 matches avec la Tunisie) vient d\u2019achever un bref passage de 4 mois au club saoudien Al-Fayhaa.\" \/>\n<meta property=\"og:url\" content=\"https:\/\/kapitalis.com\/tunisie\/2019\/08\/10\/football-lancien-international-tunisien-amine-chermiti-au-pays-des-gandhi\/\" \/>\n<meta property=\"og:site_name\" content=\"Kapitalis\" \/>\n<meta property=\"article:publisher\" content=\"https:\/\/www.facebook.com\/KapitalisInfo\/\" \/>\n<meta property=\"article:published_time\" content=\"2019-08-10T12:50:34+00:00\" \/>\n<meta property=\"article:modified_time\" content=\"2019-08-10T12:50:37+00:00\" \/>\n<meta property=\"og:image\" content=\"https:\/\/kapitalis.com\/tunisie\/wp-content\/uploads\/2022\/05\/kapitalis-logo-fb.png\" \/>\n\t<meta property=\"og:image:width\" content=\"1200\" \/>\n\t<meta property=\"og:image:height\" content=\"630\" \/>\n\t<meta property=\"og:image:type\" content=\"image\/png\" \/>\n<meta name=\"author\" content=\"webmaster kapitalis\" \/>\n<meta name=\"twitter:card\" content=\"summary_large_image\" \/>\n<meta name=\"twitter:creator\" content=\"@KapitalisInfo\" \/>\n<meta name=\"twitter:site\" content=\"@KapitalisInfo\" \/>\n<meta name=\"twitter:label1\" content=\"\u00c9crit par\" \/>\n\t<meta name=\"twitter:data1\" content=\"webmaster kapitalis\" \/>\n\t<meta name=\"twitter:label2\" content=\"Dur\u00e9e de lecture estim\u00e9e\" \/>\n\t<meta name=\"twitter:data2\" content=\"1 minute\" \/>\n<script type=\"application\/ld+json\" class=\"yoast-schema-graph\">{\"@context\":\"https:\/\/schema.org\",\"@graph\":[{\"@type\":\"Article\",\"@id\":\"https:\/\/kapitalis.com\/tunisie\/2019\/08\/10\/football-lancien-international-tunisien-amine-chermiti-au-pays-des-gandhi\/#article\",\"isPartOf\":{\"@id\":\"https:\/\/kapitalis.com\/tunisie\/2019\/08\/10\/football-lancien-international-tunisien-amine-chermiti-au-pays-des-gandhi\/\"},\"author\":{\"name\":\"webmaster kapitalis\",\"@id\":\"https:\/\/kapitalis.com\/tunisie\/#\/schema\/person\/d71f33a9ca44f7bad4698210b480c8e9\"},\"headline\":\"Football : L\u2019ancien international tunisien Amine Chermiti au pays des Gandhi\",\"datePublished\":\"2019-08-10T12:50:34+00:00\",\"dateModified\":\"2019-08-10T12:50:37+00:00\",\"mainEntityOfPage\":{\"@id\":\"https:\/\/kapitalis.com\/tunisie\/2019\/08\/10\/football-lancien-international-tunisien-amine-chermiti-au-pays-des-gandhi\/\"},\"wordCount\":196,\"commentCount\":0,\"publisher\":{\"@id\":\"https:\/\/kapitalis.com\/tunisie\/#organization\"},\"image\":{\"@id\":\"https:\/\/kapitalis.com\/tunisie\/2019\/08\/10\/football-lancien-international-tunisien-amine-chermiti-au-pays-des-gandhi\/#primaryimage\"},\"thumbnailUrl\":\"\",\"keywords\":[\"Amine Chermiti\",\"jeunesse sportive kairouanaise\"],\"articleSection\":[\"SPORT\",\"Tunisie\"],\"inLanguage\":\"fr-FR\",\"potentialAction\":[{\"@type\":\"CommentAction\",\"name\":\"Comment\",\"target\":[\"https:\/\/kapitalis.com\/tunisie\/2019\/08\/10\/football-lancien-international-tunisien-amine-chermiti-au-pays-des-gandhi\/#respond\"]}]},{\"@type\":\"WebPage\",\"@id\":\"https:\/\/kapitalis.com\/tunisie\/2019\/08\/10\/football-lancien-international-tunisien-amine-chermiti-au-pays-des-gandhi\/\",\"url\":\"https:\/\/kapitalis.com\/tunisie\/2019\/08\/10\/football-lancien-international-tunisien-amine-chermiti-au-pays-des-gandhi\/\",\"name\":\"Football : L\u2019ancien international tunisien Amine Chermiti au pays des Gandhi - Kapitalis\",\"isPartOf\":{\"@id\":\"https:\/\/kapitalis.com\/tunisie\/#website\"},\"primaryImageOfPage\":{\"@id\":\"https:\/\/kapitalis.com\/tunisie\/2019\/08\/10\/football-lancien-international-tunisien-amine-chermiti-au-pays-des-gandhi\/#primaryimage\"},\"image\":{\"@id\":\"https:\/\/kapitalis.com\/tunisie\/2019\/08\/10\/football-lancien-international-tunisien-amine-chermiti-au-pays-des-gandhi\/#primaryimage\"},\"thumbnailUrl\":\"\",\"datePublished\":\"2019-08-10T12:50:34+00:00\",\"dateModified\":\"2019-08-10T12:50:37+00:00\",\"breadcrumb\":{\"@id\":\"https:\/\/kapitalis.com\/tunisie\/2019\/08\/10\/football-lancien-international-tunisien-amine-chermiti-au-pays-des-gandhi\/#breadcrumb\"},\"inLanguage\":\"fr-FR\",\"potentialAction\":[{\"@type\":\"ReadAction\",\"target\":[\"https:\/\/kapitalis.com\/tunisie\/2019\/08\/10\/football-lancien-international-tunisien-amine-chermiti-au-pays-des-gandhi\/\"]}]},{\"@type\":\"ImageObject\",\"inLanguage\":\"fr-FR\",\"@id\":\"https:\/\/kapitalis.com\/tunisie\/2019\/08\/10\/football-lancien-international-tunisien-amine-chermiti-au-pays-des-gandhi\/#primaryimage\",\"url\":\"\",\"contentUrl\":\"\"},{\"@type\":\"BreadcrumbList\",\"@id\":\"https:\/\/kapitalis.com\/tunisie\/2019\/08\/10\/football-lancien-international-tunisien-amine-chermiti-au-pays-des-gandhi\/#breadcrumb\",\"itemListElement\":[{\"@type\":\"ListItem\",\"position\":1,\"name\":\"Accueil\",\"item\":\"https:\/\/kapitalis.com\/tunisie\/\"},{\"@type\":\"ListItem\",\"position\":2,\"name\":\"Football : L\u2019ancien international tunisien Amine Chermiti au pays des Gandhi\"}]},{\"@type\":\"WebSite\",\"@id\":\"https:\/\/kapitalis.com\/tunisie\/#website\",\"url\":\"https:\/\/kapitalis.com\/tunisie\/\",\"name\":\"Kapitalis\",\"description\":\"L&#039;actualit\u00e9 en Tunisie et dans le monde\",\"publisher\":{\"@id\":\"https:\/\/kapitalis.com\/tunisie\/#organization\"},\"potentialAction\":[{\"@type\":\"SearchAction\",\"target\":{\"@type\":\"EntryPoint\",\"urlTemplate\":\"https:\/\/kapitalis.com\/tunisie\/?s={search_term_string}\"},\"query-input\":{\"@type\":\"PropertyValueSpecification\",\"valueRequired\":true,\"valueName\":\"search_term_string\"}}],\"inLanguage\":\"fr-FR\"},{\"@type\":\"Organization\",\"@id\":\"https:\/\/kapitalis.com\/tunisie\/#organization\",\"name\":\"Kapitalis\",\"url\":\"https:\/\/kapitalis.com\/tunisie\/\",\"logo\":{\"@type\":\"ImageObject\",\"inLanguage\":\"fr-FR\",\"@id\":\"https:\/\/kapitalis.com\/tunisie\/#\/schema\/logo\/image\/\",\"url\":\"https:\/\/kapitalis.com\/tunisie\/wp-content\/uploads\/2022\/05\/Kapitalis-big-size.png\",\"contentUrl\":\"https:\/\/kapitalis.com\/tunisie\/wp-content\/uploads\/2022\/05\/Kapitalis-big-size.png\",\"width\":5000,\"height\":1500,\"caption\":\"Kapitalis\"},\"image\":{\"@id\":\"https:\/\/kapitalis.com\/tunisie\/#\/schema\/logo\/image\/\"},\"sameAs\":[\"https:\/\/www.facebook.com\/KapitalisInfo\/\",\"https:\/\/x.com\/KapitalisInfo\",\"https:\/\/www.youtube.com\/channel\/UC-yDYrHyfFBWWZaOw3FPg9Q\"]},{\"@type\":\"Person\",\"@id\":\"https:\/\/kapitalis.com\/tunisie\/#\/schema\/person\/d71f33a9ca44f7bad4698210b480c8e9\",\"name\":\"webmaster kapitalis\",\"url\":\"https:\/\/kapitalis.com\/tunisie\/author\/webmaster-kapitalis\/\"}]}<\/script>\n<!-- \/ Yoast SEO plugin. -->","yoast_head_json":{"title":"Football : L\u2019ancien international tunisien Amine Chermiti au pays des Gandhi - Kapitalis","robots":{"index":"index","follow":"follow","max-snippet":"max-snippet:-1","max-image-preview":"max-image-preview:large","max-video-preview":"max-video-preview:-1"},"canonical":"https:\/\/kapitalis.com\/tunisie\/2019\/08\/10\/football-lancien-international-tunisien-amine-chermiti-au-pays-des-gandhi\/","og_locale":"fr_FR","og_type":"article","og_title":"Football : L\u2019ancien international tunisien Amine Chermiti au pays des Gandhi - Kapitalis","og_description":"L&rsquo;attaquant tunisien Amine Chermiti a officiellement sign\u00e9 pour le club indien Mumbai City. L\u2019ex-international de 31 ans (38 matches avec la Tunisie) vient d\u2019achever un bref passage de 4 mois au club saoudien Al-Fayhaa.","og_url":"https:\/\/kapitalis.com\/tunisie\/2019\/08\/10\/football-lancien-international-tunisien-amine-chermiti-au-pays-des-gandhi\/","og_site_name":"Kapitalis","article_publisher":"https:\/\/www.facebook.com\/KapitalisInfo\/","article_published_time":"2019-08-10T12:50:34+00:00","article_modified_time":"2019-08-10T12:50:37+00:00","og_image":[{"width":1200,"height":630,"url":"https:\/\/kapitalis.com\/tunisie\/wp-content\/uploads\/2022\/05\/kapitalis-logo-fb.png","type":"image\/png"}],"author":"webmaster kapitalis","twitter_card":"summary_large_image","twitter_creator":"@KapitalisInfo","twitter_site":"@KapitalisInfo","twitter_misc":{"\u00c9crit par":"webmaster kapitalis","Dur\u00e9e de lecture estim\u00e9e":"1 minute"},"schema":{"@context":"https:\/\/schema.org","@graph":[{"@type":"Article","@id":"https:\/\/kapitalis.com\/tunisie\/2019\/08\/10\/football-lancien-international-tunisien-amine-chermiti-au-pays-des-gandhi\/#article","isPartOf":{"@id":"https:\/\/kapitalis.com\/tunisie\/2019\/08\/10\/football-lancien-international-tunisien-amine-chermiti-au-pays-des-gandhi\/"},"author":{"name":"webmaster kapitalis","@id":"https:\/\/kapitalis.com\/tunisie\/#\/schema\/person\/d71f33a9ca44f7bad4698210b480c8e9"},"headline":"Football : L\u2019ancien international tunisien Amine Chermiti au pays des Gandhi","datePublished":"2019-08-10T12:50:34+00:00","dateModified":"2019-08-10T12:50:37+00:00","mainEntityOfPage":{"@id":"https:\/\/kapitalis.com\/tunisie\/2019\/08\/10\/football-lancien-international-tunisien-amine-chermiti-au-pays-des-gandhi\/"},"wordCount":196,"commentCount":0,"publisher":{"@id":"https:\/\/kapitalis.com\/tunisie\/#organization"},"image":{"@id":"https:\/\/kapitalis.com\/tunisie\/2019\/08\/10\/football-lancien-international-tunisien-amine-chermiti-au-pays-des-gandhi\/#primaryimage"},"thumbnailUrl":"","keywords":["Amine Chermiti","jeunesse sportive kairouanaise"],"articleSection":["SPORT","Tunisie"],"inLanguage":"fr-FR","potentialAction":[{"@type":"CommentAction","name":"Comment","target":["https:\/\/kapitalis.com\/tunisie\/2019\/08\/10\/football-lancien-international-tunisien-amine-chermiti-au-pays-des-gandhi\/#respond"]}]},{"@type":"WebPage","@id":"https:\/\/kapitalis.com\/tunisie\/2019\/08\/10\/football-lancien-international-tunisien-amine-chermiti-au-pays-des-gandhi\/","url":"https:\/\/kapitalis.com\/tunisie\/2019\/08\/10\/football-lancien-international-tunisien-amine-chermiti-au-pays-des-gandhi\/","name":"Football : L\u2019ancien international tunisien Amine Chermiti au pays des Gandhi - Kapitalis","isPartOf":{"@id":"https:\/\/kapitalis.com\/tunisie\/#website"},"primaryImageOfPage":{"@id":"https:\/\/kapitalis.com\/tunisie\/2019\/08\/10\/football-lancien-international-tunisien-amine-chermiti-au-pays-des-gandhi\/#primaryimage"},"image":{"@id":"https:\/\/kapitalis.com\/tunisie\/2019\/08\/10\/football-lancien-international-tunisien-amine-chermiti-au-pays-des-gandhi\/#primaryimage"},"thumbnailUrl":"","datePublished":"2019-08-10T12:50:34+00:00","dateModified":"2019-08-10T12:50:37+00:00","breadcrumb":{"@id":"https:\/\/kapitalis.com\/tunisie\/2019\/08\/10\/football-lancien-international-tunisien-amine-chermiti-au-pays-des-gandhi\/#breadcrumb"},"inLanguage":"fr-FR","potentialAction":[{"@type":"ReadAction","target":["https:\/\/kapitalis.com\/tunisie\/2019\/08\/10\/football-lancien-international-tunisien-amine-chermiti-au-pays-des-gandhi\/"]}]},{"@type":"ImageObject","inLanguage":"fr-FR","@id":"https:\/\/kapitalis.com\/tunisie\/2019\/08\/10\/football-lancien-international-tunisien-amine-chermiti-au-pays-des-gandhi\/#primaryimage","url":"","contentUrl":""},{"@type":"BreadcrumbList","@id":"https:\/\/kapitalis.com\/tunisie\/2019\/08\/10\/football-lancien-international-tunisien-amine-chermiti-au-pays-des-gandhi\/#breadcrumb","itemListElement":[{"@type":"ListItem","position":1,"name":"Accueil","item":"https:\/\/kapitalis.com\/tunisie\/"},{"@type":"ListItem","position":2,"name":"Football : L\u2019ancien international tunisien Amine Chermiti au pays des Gandhi"}]},{"@type":"WebSite","@id":"https:\/\/kapitalis.com\/tunisie\/#website","url":"https:\/\/kapitalis.com\/tunisie\/","name":"Kapitalis","description":"L&#039;actualit\u00e9 en Tunisie et dans le monde","publisher":{"@id":"https:\/\/kapitalis.com\/tunisie\/#organization"},"potentialAction":[{"@type":"SearchAction","target":{"@type":"EntryPoint","urlTemplate":"https:\/\/kapitalis.com\/tunisie\/?s={search_term_string}"},"query-input":{"@type":"PropertyValueSpecification","valueRequired":true,"valueName":"search_term_string"}}],"inLanguage":"fr-FR"},{"@type":"Organization","@id":"https:\/\/kapitalis.com\/tunisie\/#organization","name":"Kapitalis","url":"https:\/\/kapitalis.com\/tunisie\/","logo":{"@type":"ImageObject","inLanguage":"fr-FR","@id":"https:\/\/kapitalis.com\/tunisie\/#\/schema\/logo\/image\/","url":"https:\/\/kapitalis.com\/tunisie\/wp-content\/uploads\/2022\/05\/Kapitalis-big-size.png","contentUrl":"https:\/\/kapitalis.com\/tunisie\/wp-content\/uploads\/2022\/05\/Kapitalis-big-size.png","width":5000,"height":1500,"caption":"Kapitalis"},"image":{"@id":"https:\/\/kapitalis.com\/tunisie\/#\/schema\/logo\/image\/"},"sameAs":["https:\/\/www.facebook.com\/KapitalisInfo\/","https:\/\/x.com\/KapitalisInfo","https:\/\/www.youtube.com\/channel\/UC-yDYrHyfFBWWZaOw3FPg9Q"]},{"@type":"Person","@id":"https:\/\/kapitalis.com\/tunisie\/#\/schema\/person\/d71f33a9ca44f7bad4698210b480c8e9","name":"webmaster kapitalis","url":"https:\/\/kapitalis.com\/tunisie\/author\/webmaster-kapitalis\/"}]}},"_links":{"self":[{"href":"https:\/\/kapitalis.com\/tunisie\/wp-json\/wp\/v2\/posts\/232360","targetHints":{"allow":["GET"]}}],"collection":[{"href":"https:\/\/kapitalis.com\/tunisie\/wp-json\/wp\/v2\/posts"}],"about":[{"href":"https:\/\/kapitalis.com\/tunisie\/wp-json\/wp\/v2\/types\/post"}],"author":[{"embeddable":true,"href":"https:\/\/kapitalis.com\/tunisie\/wp-json\/wp\/v2\/users\/8"}],"replies":[{"embeddable":true,"href":"https:\/\/kapitalis.com\/tunisie\/wp-json\/wp\/v2\/comments?post=232360"}],"version-history":[{"count":0,"href":"https:\/\/kapitalis.com\/tunisie\/wp-json\/wp\/v2\/posts\/232360\/revisions"}],"wp:featuredmedia":[{"embeddable":true,"href":"https:\/\/kapitalis.com\/tunisie\/wp-json\/wp\/v2\/media\/232361"}],"wp:attachment":[{"href":"https:\/\/kapitalis.com\/tunisie\/wp-json\/wp\/v2\/media?parent=232360"}],"wp:term":[{"taxonomy":"category","embeddable":true,"href":"https:\/\/kapitalis.com\/tunisie\/wp-json\/wp\/v2\/categories?post=232360"},{"taxonomy":"post_tag","embeddable":true,"href":"https:\/\/kapitalis.com\/tunisie\/wp-json\/wp\/v2\/tags?post=232360"}],"curies":[{"name":"wp","href":"https:\/\/api.w.org\/{rel}","templated":true}]}}