{"id":232407,"date":"2019-08-11T08:46:19","date_gmt":"2019-08-11T07:46:19","guid":{"rendered":"http:\/\/kapitalis.com\/tunisie\/?p=232407"},"modified":"2019-08-11T08:46:22","modified_gmt":"2019-08-11T07:46:22","slug":"football-linternational-tunisien-naim-sliti-file-vers-larabie-saoudite","status":"publish","type":"post","link":"https:\/\/kapitalis.com\/tunisie\/2019\/08\/11\/football-linternational-tunisien-naim-sliti-file-vers-larabie-saoudite\/","title":{"rendered":"Football : L\u2019international tunisien Naim Sliti file vers l\u2019Arabie Saoudite"},"content":{"rendered":"\n<figure class=\"wp-block-image\"><img decoding=\"async\" src=\"http:\/\/kapitalis.com\/tunisie\/wp-content\/uploads\/2019\/08\/Naim-Sliti.jpg\" alt=\"\" class=\"wp-image-232408\"\/><\/figure>\n\n\n\n<p><strong><em>Le club saoudien de premi\u00e8re division Ettifaq FC est sur le point de signer avec l\u2019international tunisien Naim Sliti. Il succ\u00e8de au club \u00e0 un autre attaquant international tunisien, Fakhreddine Ben Youssef.<\/em><\/strong><br><\/p>\n\n\n\n<!--more-->\n\n\n\n<p> Apr\u00e8s deux offres, Dijon et Ettifaq sont tomb\u00e9s d\u2019accord pour une offre d\u2019environ 5M\u20ac plus 20% \u00e0 la revente, indique le site sp\u00e9cialis\u00e9 <em>\u2018\u2018Soccer link\u2019\u2019.<\/em><br><\/p>\n\n\n\n<p> Encore sous contrat avec le club dijonnais, jusqu\u2019\u00e0 juin 2022, l\u2019international tunisien (27 ans) qui dispose d\u2019un bon de sortie, a accept\u00e9 les conditions propos\u00e9es par le club saoudien. La signature est d\u00e9sormais une question de jours. Il quitte son club au terme de deux saisons, dont une derni\u00e8re tr\u00e8s compliqu\u00e9e.<br><\/p>\n\n\n\n<p> Deux \u00e9quipes turques suivaient le Tunisien : Galatasaray et Basaksehir ; ainsi que le champion de Gr\u00e8ce, le Paok Salonique, qualifi\u00e9 pour le tour qualificatif de la Ligue des champions. Sliti a finalement choisi le championnat saoudien, comme une sorte de tr\u00eave dans sa carri\u00e8re.<br><\/p>\n\n\n\n<p> Dijon avait achet\u00e9 Sliti \u00e0 Lille pour deux millions d\u2019euros. <br><\/p>\n\n\n\n<p style=\"text-align:right\"><strong> H. M.<\/strong><\/p>\n\n\n\n<figure class=\"wp-block-embed is-type-rich is-provider-kapitalis\"><div class=\"wp-block-embed__wrapper\">\n<blockquote class=\"wp-embedded-content\" data-secret=\"xZhvnBz8oV\"><a href=\"https:\/\/kapitalis.com\/tunisie\/2019\/06\/07\/linternational-tunisien-naim-sliti-interesse-le-club-turc-galatasaray\/\">L\u2019international tunisien Naim Sliti int\u00e9resse le club turc Galatasaray<\/a><\/blockquote><iframe loading=\"lazy\" class=\"wp-embedded-content\" sandbox=\"allow-scripts\" security=\"restricted\" style=\"position: absolute; clip: rect(1px, 1px, 1px, 1px);\" title=\"\u00ab\u00a0L\u2019international tunisien Naim Sliti int\u00e9resse le club turc Galatasaray\u00a0\u00bb &#8212; Kapitalis\" src=\"https:\/\/kapitalis.com\/tunisie\/2019\/06\/07\/linternational-tunisien-naim-sliti-interesse-le-club-turc-galatasaray\/embed\/#?secret=JWjc8GytJC#?secret=xZhvnBz8oV\" data-secret=\"xZhvnBz8oV\" width=\"600\" height=\"338\" frameborder=\"0\" marginwidth=\"0\" marginheight=\"0\" scrolling=\"no\"><\/iframe>\n<\/div><\/figure>\n\n\n\n<figure class=\"wp-block-embed is-type-rich is-provider-kapitalis\"><div class=\"wp-block-embed__wrapper\">\n<blockquote class=\"wp-embedded-content\" data-secret=\"k6J1GqY93j\"><a href=\"https:\/\/kapitalis.com\/tunisie\/2019\/06\/03\/naim-sliti-maintient-dijon-en-ligue-1-avant-de-rejoindre-lequipe-de-tunisie\/\">Naim Sliti maintient Dijon en Ligue 1, avant de rejoindre l\u2019\u00e9quipe de Tunisie<\/a><\/blockquote><iframe loading=\"lazy\" class=\"wp-embedded-content\" sandbox=\"allow-scripts\" security=\"restricted\" style=\"position: absolute; clip: rect(1px, 1px, 1px, 1px);\" title=\"\u00ab\u00a0Naim Sliti maintient Dijon en Ligue 1, avant de rejoindre l\u2019\u00e9quipe de Tunisie\u00a0\u00bb &#8212; Kapitalis\" src=\"https:\/\/kapitalis.com\/tunisie\/2019\/06\/03\/naim-sliti-maintient-dijon-en-ligue-1-avant-de-rejoindre-lequipe-de-tunisie\/embed\/#?secret=Luad4ntxPJ#?secret=k6J1GqY93j\" data-secret=\"k6J1GqY93j\" width=\"600\" height=\"338\" frameborder=\"0\" marginwidth=\"0\" marginheight=\"0\" scrolling=\"no\"><\/iframe>\n<\/div><\/figure>\n","protected":false},"excerpt":{"rendered":"<p>Le club saoudien de premi\u00e8re division Ettifaq FC est sur le point de signer avec l\u2019international tunisien Naim Sliti. Il succ\u00e8de au club \u00e0 un autre attaquant international tunisien, Fakhreddine Ben Youssef.<\/p>\n","protected":false},"author":8,"featured_media":232408,"comment_status":"open","ping_status":"open","sticky":false,"template":"","format":"standard","meta":{"footnotes":""},"categories":[999,2433],"tags":[20009,3190,18923],"class_list":["post-232407","post","type-post","status-publish","format-standard","has-post-thumbnail","hentry","category-sport","category-tunisie","tag-dijon","tag-fakhreddine-ben-youssef","tag-naim-sliti"],"yoast_head":"<!-- This site is optimized with the Yoast SEO plugin v26.6 - https:\/\/yoast.com\/wordpress\/plugins\/seo\/ -->\n<title>Football : L\u2019international tunisien Naim Sliti file vers l\u2019Arabie Saoudite - Kapitalis<\/title>\n<meta name=\"robots\" content=\"index, follow, max-snippet:-1, max-image-preview:large, max-video-preview:-1\" \/>\n<link rel=\"canonical\" href=\"https:\/\/kapitalis.com\/tunisie\/2019\/08\/11\/football-linternational-tunisien-naim-sliti-file-vers-larabie-saoudite\/\" \/>\n<meta property=\"og:locale\" content=\"fr_FR\" \/>\n<meta property=\"og:type\" content=\"article\" \/>\n<meta property=\"og:title\" content=\"Football : L\u2019international tunisien Naim Sliti file vers l\u2019Arabie Saoudite - Kapitalis\" \/>\n<meta property=\"og:description\" content=\"Le club saoudien de premi\u00e8re division Ettifaq FC est sur le point de signer avec l\u2019international tunisien Naim Sliti. Il succ\u00e8de au club \u00e0 un autre attaquant international tunisien, Fakhreddine Ben Youssef.\" \/>\n<meta property=\"og:url\" content=\"https:\/\/kapitalis.com\/tunisie\/2019\/08\/11\/football-linternational-tunisien-naim-sliti-file-vers-larabie-saoudite\/\" \/>\n<meta property=\"og:site_name\" content=\"Kapitalis\" \/>\n<meta property=\"article:publisher\" content=\"https:\/\/www.facebook.com\/KapitalisInfo\/\" \/>\n<meta property=\"article:published_time\" content=\"2019-08-11T07:46:19+00:00\" \/>\n<meta property=\"article:modified_time\" content=\"2019-08-11T07:46:22+00:00\" \/>\n<meta property=\"og:image\" content=\"https:\/\/kapitalis.com\/tunisie\/wp-content\/uploads\/2022\/05\/kapitalis-logo-fb.png\" \/>\n\t<meta property=\"og:image:width\" content=\"1200\" \/>\n\t<meta property=\"og:image:height\" content=\"630\" \/>\n\t<meta property=\"og:image:type\" content=\"image\/png\" \/>\n<meta name=\"author\" content=\"webmaster kapitalis\" \/>\n<meta name=\"twitter:card\" content=\"summary_large_image\" \/>\n<meta name=\"twitter:creator\" content=\"@KapitalisInfo\" \/>\n<meta name=\"twitter:site\" content=\"@KapitalisInfo\" \/>\n<meta name=\"twitter:label1\" content=\"\u00c9crit par\" \/>\n\t<meta name=\"twitter:data1\" content=\"webmaster kapitalis\" \/>\n\t<meta name=\"twitter:label2\" content=\"Dur\u00e9e de lecture estim\u00e9e\" \/>\n\t<meta name=\"twitter:data2\" content=\"1 minute\" \/>\n<script type=\"application\/ld+json\" class=\"yoast-schema-graph\">{\"@context\":\"https:\/\/schema.org\",\"@graph\":[{\"@type\":\"Article\",\"@id\":\"https:\/\/kapitalis.com\/tunisie\/2019\/08\/11\/football-linternational-tunisien-naim-sliti-file-vers-larabie-saoudite\/#article\",\"isPartOf\":{\"@id\":\"https:\/\/kapitalis.com\/tunisie\/2019\/08\/11\/football-linternational-tunisien-naim-sliti-file-vers-larabie-saoudite\/\"},\"author\":{\"name\":\"webmaster kapitalis\",\"@id\":\"https:\/\/kapitalis.com\/tunisie\/#\/schema\/person\/d71f33a9ca44f7bad4698210b480c8e9\"},\"headline\":\"Football : L\u2019international tunisien Naim Sliti file vers l\u2019Arabie Saoudite\",\"datePublished\":\"2019-08-11T07:46:19+00:00\",\"dateModified\":\"2019-08-11T07:46:22+00:00\",\"mainEntityOfPage\":{\"@id\":\"https:\/\/kapitalis.com\/tunisie\/2019\/08\/11\/football-linternational-tunisien-naim-sliti-file-vers-larabie-saoudite\/\"},\"wordCount\":198,\"commentCount\":4,\"publisher\":{\"@id\":\"https:\/\/kapitalis.com\/tunisie\/#organization\"},\"image\":{\"@id\":\"https:\/\/kapitalis.com\/tunisie\/2019\/08\/11\/football-linternational-tunisien-naim-sliti-file-vers-larabie-saoudite\/#primaryimage\"},\"thumbnailUrl\":\"\",\"keywords\":[\"Dijon\",\"Fakhreddine Ben Youssef\",\"Naim Sliti\"],\"articleSection\":[\"SPORT\",\"Tunisie\"],\"inLanguage\":\"fr-FR\",\"potentialAction\":[{\"@type\":\"CommentAction\",\"name\":\"Comment\",\"target\":[\"https:\/\/kapitalis.com\/tunisie\/2019\/08\/11\/football-linternational-tunisien-naim-sliti-file-vers-larabie-saoudite\/#respond\"]}]},{\"@type\":\"WebPage\",\"@id\":\"https:\/\/kapitalis.com\/tunisie\/2019\/08\/11\/football-linternational-tunisien-naim-sliti-file-vers-larabie-saoudite\/\",\"url\":\"https:\/\/kapitalis.com\/tunisie\/2019\/08\/11\/football-linternational-tunisien-naim-sliti-file-vers-larabie-saoudite\/\",\"name\":\"Football : L\u2019international tunisien Naim Sliti file vers l\u2019Arabie Saoudite - Kapitalis\",\"isPartOf\":{\"@id\":\"https:\/\/kapitalis.com\/tunisie\/#website\"},\"primaryImageOfPage\":{\"@id\":\"https:\/\/kapitalis.com\/tunisie\/2019\/08\/11\/football-linternational-tunisien-naim-sliti-file-vers-larabie-saoudite\/#primaryimage\"},\"image\":{\"@id\":\"https:\/\/kapitalis.com\/tunisie\/2019\/08\/11\/football-linternational-tunisien-naim-sliti-file-vers-larabie-saoudite\/#primaryimage\"},\"thumbnailUrl\":\"\",\"datePublished\":\"2019-08-11T07:46:19+00:00\",\"dateModified\":\"2019-08-11T07:46:22+00:00\",\"breadcrumb\":{\"@id\":\"https:\/\/kapitalis.com\/tunisie\/2019\/08\/11\/football-linternational-tunisien-naim-sliti-file-vers-larabie-saoudite\/#breadcrumb\"},\"inLanguage\":\"fr-FR\",\"potentialAction\":[{\"@type\":\"ReadAction\",\"target\":[\"https:\/\/kapitalis.com\/tunisie\/2019\/08\/11\/football-linternational-tunisien-naim-sliti-file-vers-larabie-saoudite\/\"]}]},{\"@type\":\"ImageObject\",\"inLanguage\":\"fr-FR\",\"@id\":\"https:\/\/kapitalis.com\/tunisie\/2019\/08\/11\/football-linternational-tunisien-naim-sliti-file-vers-larabie-saoudite\/#primaryimage\",\"url\":\"\",\"contentUrl\":\"\"},{\"@type\":\"BreadcrumbList\",\"@id\":\"https:\/\/kapitalis.com\/tunisie\/2019\/08\/11\/football-linternational-tunisien-naim-sliti-file-vers-larabie-saoudite\/#breadcrumb\",\"itemListElement\":[{\"@type\":\"ListItem\",\"position\":1,\"name\":\"Accueil\",\"item\":\"https:\/\/kapitalis.com\/tunisie\/\"},{\"@type\":\"ListItem\",\"position\":2,\"name\":\"Football : L\u2019international tunisien Naim Sliti file vers l\u2019Arabie Saoudite\"}]},{\"@type\":\"WebSite\",\"@id\":\"https:\/\/kapitalis.com\/tunisie\/#website\",\"url\":\"https:\/\/kapitalis.com\/tunisie\/\",\"name\":\"Kapitalis\",\"description\":\"L&#039;actualit\u00e9 en Tunisie et dans le monde\",\"publisher\":{\"@id\":\"https:\/\/kapitalis.com\/tunisie\/#organization\"},\"potentialAction\":[{\"@type\":\"SearchAction\",\"target\":{\"@type\":\"EntryPoint\",\"urlTemplate\":\"https:\/\/kapitalis.com\/tunisie\/?s={search_term_string}\"},\"query-input\":{\"@type\":\"PropertyValueSpecification\",\"valueRequired\":true,\"valueName\":\"search_term_string\"}}],\"inLanguage\":\"fr-FR\"},{\"@type\":\"Organization\",\"@id\":\"https:\/\/kapitalis.com\/tunisie\/#organization\",\"name\":\"Kapitalis\",\"url\":\"https:\/\/kapitalis.com\/tunisie\/\",\"logo\":{\"@type\":\"ImageObject\",\"inLanguage\":\"fr-FR\",\"@id\":\"https:\/\/kapitalis.com\/tunisie\/#\/schema\/logo\/image\/\",\"url\":\"https:\/\/kapitalis.com\/tunisie\/wp-content\/uploads\/2022\/05\/Kapitalis-big-size.png\",\"contentUrl\":\"https:\/\/kapitalis.com\/tunisie\/wp-content\/uploads\/2022\/05\/Kapitalis-big-size.png\",\"width\":5000,\"height\":1500,\"caption\":\"Kapitalis\"},\"image\":{\"@id\":\"https:\/\/kapitalis.com\/tunisie\/#\/schema\/logo\/image\/\"},\"sameAs\":[\"https:\/\/www.facebook.com\/KapitalisInfo\/\",\"https:\/\/x.com\/KapitalisInfo\",\"https:\/\/www.youtube.com\/channel\/UC-yDYrHyfFBWWZaOw3FPg9Q\"]},{\"@type\":\"Person\",\"@id\":\"https:\/\/kapitalis.com\/tunisie\/#\/schema\/person\/d71f33a9ca44f7bad4698210b480c8e9\",\"name\":\"webmaster kapitalis\",\"url\":\"https:\/\/kapitalis.com\/tunisie\/author\/webmaster-kapitalis\/\"}]}<\/script>\n<!-- \/ Yoast SEO plugin. -->","yoast_head_json":{"title":"Football : L\u2019international tunisien Naim Sliti file vers l\u2019Arabie Saoudite - Kapitalis","robots":{"index":"index","follow":"follow","max-snippet":"max-snippet:-1","max-image-preview":"max-image-preview:large","max-video-preview":"max-video-preview:-1"},"canonical":"https:\/\/kapitalis.com\/tunisie\/2019\/08\/11\/football-linternational-tunisien-naim-sliti-file-vers-larabie-saoudite\/","og_locale":"fr_FR","og_type":"article","og_title":"Football : L\u2019international tunisien Naim Sliti file vers l\u2019Arabie Saoudite - Kapitalis","og_description":"Le club saoudien de premi\u00e8re division Ettifaq FC est sur le point de signer avec l\u2019international tunisien Naim Sliti. Il succ\u00e8de au club \u00e0 un autre attaquant international tunisien, Fakhreddine Ben Youssef.","og_url":"https:\/\/kapitalis.com\/tunisie\/2019\/08\/11\/football-linternational-tunisien-naim-sliti-file-vers-larabie-saoudite\/","og_site_name":"Kapitalis","article_publisher":"https:\/\/www.facebook.com\/KapitalisInfo\/","article_published_time":"2019-08-11T07:46:19+00:00","article_modified_time":"2019-08-11T07:46:22+00:00","og_image":[{"width":1200,"height":630,"url":"https:\/\/kapitalis.com\/tunisie\/wp-content\/uploads\/2022\/05\/kapitalis-logo-fb.png","type":"image\/png"}],"author":"webmaster kapitalis","twitter_card":"summary_large_image","twitter_creator":"@KapitalisInfo","twitter_site":"@KapitalisInfo","twitter_misc":{"\u00c9crit par":"webmaster kapitalis","Dur\u00e9e de lecture estim\u00e9e":"1 minute"},"schema":{"@context":"https:\/\/schema.org","@graph":[{"@type":"Article","@id":"https:\/\/kapitalis.com\/tunisie\/2019\/08\/11\/football-linternational-tunisien-naim-sliti-file-vers-larabie-saoudite\/#article","isPartOf":{"@id":"https:\/\/kapitalis.com\/tunisie\/2019\/08\/11\/football-linternational-tunisien-naim-sliti-file-vers-larabie-saoudite\/"},"author":{"name":"webmaster kapitalis","@id":"https:\/\/kapitalis.com\/tunisie\/#\/schema\/person\/d71f33a9ca44f7bad4698210b480c8e9"},"headline":"Football : L\u2019international tunisien Naim Sliti file vers l\u2019Arabie Saoudite","datePublished":"2019-08-11T07:46:19+00:00","dateModified":"2019-08-11T07:46:22+00:00","mainEntityOfPage":{"@id":"https:\/\/kapitalis.com\/tunisie\/2019\/08\/11\/football-linternational-tunisien-naim-sliti-file-vers-larabie-saoudite\/"},"wordCount":198,"commentCount":4,"publisher":{"@id":"https:\/\/kapitalis.com\/tunisie\/#organization"},"image":{"@id":"https:\/\/kapitalis.com\/tunisie\/2019\/08\/11\/football-linternational-tunisien-naim-sliti-file-vers-larabie-saoudite\/#primaryimage"},"thumbnailUrl":"","keywords":["Dijon","Fakhreddine Ben Youssef","Naim Sliti"],"articleSection":["SPORT","Tunisie"],"inLanguage":"fr-FR","potentialAction":[{"@type":"CommentAction","name":"Comment","target":["https:\/\/kapitalis.com\/tunisie\/2019\/08\/11\/football-linternational-tunisien-naim-sliti-file-vers-larabie-saoudite\/#respond"]}]},{"@type":"WebPage","@id":"https:\/\/kapitalis.com\/tunisie\/2019\/08\/11\/football-linternational-tunisien-naim-sliti-file-vers-larabie-saoudite\/","url":"https:\/\/kapitalis.com\/tunisie\/2019\/08\/11\/football-linternational-tunisien-naim-sliti-file-vers-larabie-saoudite\/","name":"Football : L\u2019international tunisien Naim Sliti file vers l\u2019Arabie Saoudite - Kapitalis","isPartOf":{"@id":"https:\/\/kapitalis.com\/tunisie\/#website"},"primaryImageOfPage":{"@id":"https:\/\/kapitalis.com\/tunisie\/2019\/08\/11\/football-linternational-tunisien-naim-sliti-file-vers-larabie-saoudite\/#primaryimage"},"image":{"@id":"https:\/\/kapitalis.com\/tunisie\/2019\/08\/11\/football-linternational-tunisien-naim-sliti-file-vers-larabie-saoudite\/#primaryimage"},"thumbnailUrl":"","datePublished":"2019-08-11T07:46:19+00:00","dateModified":"2019-08-11T07:46:22+00:00","breadcrumb":{"@id":"https:\/\/kapitalis.com\/tunisie\/2019\/08\/11\/football-linternational-tunisien-naim-sliti-file-vers-larabie-saoudite\/#breadcrumb"},"inLanguage":"fr-FR","potentialAction":[{"@type":"ReadAction","target":["https:\/\/kapitalis.com\/tunisie\/2019\/08\/11\/football-linternational-tunisien-naim-sliti-file-vers-larabie-saoudite\/"]}]},{"@type":"ImageObject","inLanguage":"fr-FR","@id":"https:\/\/kapitalis.com\/tunisie\/2019\/08\/11\/football-linternational-tunisien-naim-sliti-file-vers-larabie-saoudite\/#primaryimage","url":"","contentUrl":""},{"@type":"BreadcrumbList","@id":"https:\/\/kapitalis.com\/tunisie\/2019\/08\/11\/football-linternational-tunisien-naim-sliti-file-vers-larabie-saoudite\/#breadcrumb","itemListElement":[{"@type":"ListItem","position":1,"name":"Accueil","item":"https:\/\/kapitalis.com\/tunisie\/"},{"@type":"ListItem","position":2,"name":"Football : L\u2019international tunisien Naim Sliti file vers l\u2019Arabie Saoudite"}]},{"@type":"WebSite","@id":"https:\/\/kapitalis.com\/tunisie\/#website","url":"https:\/\/kapitalis.com\/tunisie\/","name":"Kapitalis","description":"L&#039;actualit\u00e9 en Tunisie et dans le monde","publisher":{"@id":"https:\/\/kapitalis.com\/tunisie\/#organization"},"potentialAction":[{"@type":"SearchAction","target":{"@type":"EntryPoint","urlTemplate":"https:\/\/kapitalis.com\/tunisie\/?s={search_term_string}"},"query-input":{"@type":"PropertyValueSpecification","valueRequired":true,"valueName":"search_term_string"}}],"inLanguage":"fr-FR"},{"@type":"Organization","@id":"https:\/\/kapitalis.com\/tunisie\/#organization","name":"Kapitalis","url":"https:\/\/kapitalis.com\/tunisie\/","logo":{"@type":"ImageObject","inLanguage":"fr-FR","@id":"https:\/\/kapitalis.com\/tunisie\/#\/schema\/logo\/image\/","url":"https:\/\/kapitalis.com\/tunisie\/wp-content\/uploads\/2022\/05\/Kapitalis-big-size.png","contentUrl":"https:\/\/kapitalis.com\/tunisie\/wp-content\/uploads\/2022\/05\/Kapitalis-big-size.png","width":5000,"height":1500,"caption":"Kapitalis"},"image":{"@id":"https:\/\/kapitalis.com\/tunisie\/#\/schema\/logo\/image\/"},"sameAs":["https:\/\/www.facebook.com\/KapitalisInfo\/","https:\/\/x.com\/KapitalisInfo","https:\/\/www.youtube.com\/channel\/UC-yDYrHyfFBWWZaOw3FPg9Q"]},{"@type":"Person","@id":"https:\/\/kapitalis.com\/tunisie\/#\/schema\/person\/d71f33a9ca44f7bad4698210b480c8e9","name":"webmaster kapitalis","url":"https:\/\/kapitalis.com\/tunisie\/author\/webmaster-kapitalis\/"}]}},"_links":{"self":[{"href":"https:\/\/kapitalis.com\/tunisie\/wp-json\/wp\/v2\/posts\/232407","targetHints":{"allow":["GET"]}}],"collection":[{"href":"https:\/\/kapitalis.com\/tunisie\/wp-json\/wp\/v2\/posts"}],"about":[{"href":"https:\/\/kapitalis.com\/tunisie\/wp-json\/wp\/v2\/types\/post"}],"author":[{"embeddable":true,"href":"https:\/\/kapitalis.com\/tunisie\/wp-json\/wp\/v2\/users\/8"}],"replies":[{"embeddable":true,"href":"https:\/\/kapitalis.com\/tunisie\/wp-json\/wp\/v2\/comments?post=232407"}],"version-history":[{"count":0,"href":"https:\/\/kapitalis.com\/tunisie\/wp-json\/wp\/v2\/posts\/232407\/revisions"}],"wp:featuredmedia":[{"embeddable":true,"href":"https:\/\/kapitalis.com\/tunisie\/wp-json\/wp\/v2\/media\/232408"}],"wp:attachment":[{"href":"https:\/\/kapitalis.com\/tunisie\/wp-json\/wp\/v2\/media?parent=232407"}],"wp:term":[{"taxonomy":"category","embeddable":true,"href":"https:\/\/kapitalis.com\/tunisie\/wp-json\/wp\/v2\/categories?post=232407"},{"taxonomy":"post_tag","embeddable":true,"href":"https:\/\/kapitalis.com\/tunisie\/wp-json\/wp\/v2\/tags?post=232407"}],"curies":[{"name":"wp","href":"https:\/\/api.w.org\/{rel}","templated":true}]}}