{"id":232433,"date":"2019-08-11T13:44:46","date_gmt":"2019-08-11T12:44:46","guid":{"rendered":"http:\/\/kapitalis.com\/tunisie\/?p=232433"},"modified":"2019-08-11T13:44:50","modified_gmt":"2019-08-11T12:44:50","slug":"presidentielle-2019-au-pas-de-course-vers-le-palais-des-illusions","status":"publish","type":"post","link":"https:\/\/kapitalis.com\/tunisie\/2019\/08\/11\/presidentielle-2019-au-pas-de-course-vers-le-palais-des-illusions\/","title":{"rendered":"Pr\u00e9sidentielle 2019 : Au pas de course vers le palais des illusions"},"content":{"rendered":"\n<figure class=\"wp-block-image\"><img decoding=\"async\" src=\"http:\/\/kapitalis.com\/tunisie\/wp-content\/uploads\/2019\/08\/Presidentielle.jpg\" alt=\"\" class=\"wp-image-232434\"\/><\/figure>\n\n\n\n<p><strong><em>Abdelfattah Mourou au palais de Carthage, Rached Ghannouchi au perchoir et un futur chef de gouvernement qui sortira des rangs de la majorit\u00e9 islamiste.  Cette hypoth\u00e8se est plausible mais nullement rassurante, et pour cause\u2026 <\/em><\/strong><br><\/p>\n\n\n\n<p> Par <strong>Yassine Essid <\/strong><br><\/p>\n\n\n\n<!--more-->\n\n\n\n<div class=\"wp-block-image\"><figure class=\"alignleft\"><img decoding=\"async\" src=\"http:\/\/kapitalis.com\/tunisie\/wp-content\/uploads\/2017\/10\/Yassine-Essid.jpg\" alt=\"\" class=\"wp-image-118739\"\/><\/figure><\/div>\n\n\n\n<p> Cette configuration correspond un peu trop \u00e0 une th\u00e9ocratie dans la mesure o\u00f9 tous les pouvoirs seront entre les mains d\u2019un m\u00eame groupe de personnes qui l\u2019exerceront de mani\u00e8re absolue au nom de la religion. <br><\/p>\n\n\n\n<p> Bien qu\u2019issue de la l\u00e9gitimit\u00e9 des urnes, ne contrevenant aucunement \u00e0 la constitution qui dispose que l\u2019islam est la religion officielle du pays, Ennahdha n\u2019en voulait pas. Un tel plan serait contre-productif. Plut\u00f4t que d\u2019apaiser les esprits au nom de la fallacieuse doctrine de la d\u00e9mocratie islamique, Ennahdha, qui a marqu\u00e9 l\u2019esprit du public du douloureux souvenir des stigmates inflig\u00e9es au pays par le gouvernement de la <em>\u00abTro\u00efka\u00bb<\/em>, donnerait l\u2019impression de vouloir tout contr\u00f4ler. Il lui faudrait en plus \u00e9viter de passer aux yeux de l\u2019opinion internationale pour une organisation qui cherche \u00e0 former une g\u00e9n\u00e9ration pieuse, qui affirme que la terre est plate et que l\u2019homme n\u2019a jamais d\u00e9barqu\u00e9 sur le lune.<br><\/p>\n\n\n\n<p> Enfin, une telle configuration politique ferait surgir une opposition insoumise, \u00e0 la fois la\u00efque, syndicale et de gauche, qui s\u2019exprimera dans la rue par des actions de protestation quasi quotidiennes, et bloquera un pays dont la marche est d\u00e9j\u00e0 consid\u00e9rablement entrav\u00e9e. <br><\/p>\n\n\n\n<h3 class=\"wp-block-heading\"> Le d\u00e9c\u00e8s de B\u00e9ji Ca\u00efd Essebsi met \u00e0 mal la strat\u00e9gie de \u00abl\u2019oiseau rare\u00bb<br><\/h3>\n\n\n\n<p> Une autre froide logique de situation, moins totalitaire cette fois, accorderait \u00e0 Ennahdha \u00e0 la fois la pr\u00e9sidence de l\u2019Assembl\u00e9e des repr\u00e9sentants du peuple (ARP) et celle de l\u2019ex\u00e9cutif. La fonction pr\u00e9sidentielle  serait b\u00e9n\u00e9volement conc\u00e9d\u00e9e \u00e0 cet <em>\u00aboiseau rare\u00bb<\/em> choisi de l\u2019ext\u00e9rieur du mouvement. En contrepartie, le groupe parlementaire qui lui est affil\u00e9 aiderait les islamistes \u00e0 obtenir la majorit\u00e9 \u00e0 l\u2019Assembl\u00e9e et constituerait avec eux un pouvoir ex\u00e9cutif homog\u00e8ne. Or ce qui \u00e9tait envisageable hier ne l\u2019\u00e9tait plus au lendemain du  d\u00e9c\u00e8s de B\u00e9ji Ca\u00efd Essebsi (BCE). En imposant une pr\u00e9sidentielle avant les l\u00e9gislatives, sa disparition a mis \u00e0 mal toute la strat\u00e9gie de <em>\u00abl\u2019oiseau rare\u00bb. <\/em><br><\/p>\n\n\n\n<p> Ainsi, la rassurante perspective pour les islamistes de remporter une majorit\u00e9 aux l\u00e9gislatives ne rel\u00e8ve plus aujourd\u2019hui de l\u2019automaticit\u00e9. La nouvelle donne pourrait bien brouiller les cartes et permettre \u00e0 un pr\u00e9sident, qui se placerait audacieusement au-dessus du clivage islamo-moderniste, de faire \u00e9lire une majorit\u00e9 autre que celle pr\u00e9vue par les dirigeants de Mont plaisir. C\u2019est ce que redoutait le Conseil de la Choura qui fut longtemps hostile au r\u00f4le de manipulateur que jouait Rached Ghannouchi, et explique aujourd\u2019hui son abdication quant au choix \u00e0 la majorit\u00e9  de Abdelfattah Mourou comme candidat officiel d\u2019Ennahdha \u00e0 la pr\u00e9sidentielle. <br><\/p>\n\n\n\n<h3 class=\"wp-block-heading\"> Youssef Chahed et l\u2019alliance possible avec les islamistes<br><\/h3>\n\n\n\n<p> En d\u00e9cembre 2018, Youssef Chahed, alors plac\u00e9 en t\u00eate des personnalit\u00e9s <em>\u00abpr\u00e9sidentiables\u00bb<\/em>, avait affirm\u00e9 qu\u2019il n\u2019\u00e9tait pas tent\u00e9 par une telle candidature : <em>\u00abJe n\u2019y pense pas. Ce n\u2019est pas une priorit\u00e9 pour moi\u00bb.<\/em> Il ne voulait pas d\u2019une fonction o\u00f9, constitutionnellement, le pr\u00e9sident de la r\u00e9publique ne gouverne pas; cette pr\u00e9rogative incombe au seul gouvernement dirig\u00e9 par le Premier ministre. <br><\/p>\n\n\n\n<p> Pendant deux ans, celui qui \u00e9tait pr\u00e9sent\u00e9 comme le dauphin de BCE s\u2019\u00e9tait retrouv\u00e9  rabaiss\u00e9 en permanence par un chef d\u2019Etat qui en faisait presque son subordonn\u00e9. Certes, BCE, petit \u00e0 petit, en s\u2019ing\u00e9niant, en \u00e9tendant ses pouvoirs et ses immixtions dans l\u2019action du gouvernement, s\u2019est souvent plac\u00e9 en marge du texte constitutionnel qui avait fait de la fonction de chef de l\u2019Etat un m\u00e9canisme r\u00e9gulateur du fonctionnement des institutions de la r\u00e9publique, sans plus. Mais ce privil\u00e8ge, ou plut\u00f4t cette disposition favorable que l\u2019on appelle bienveillance, s\u2019exer\u00e7ait exceptionnellement \u00e0 l\u2019\u00e9gard d\u2019un pr\u00e9sidentialisme atypique qui \u00e9tait encore conf\u00e9r\u00e9 \u00e0 BCE au nom d\u2019une conception quasi mythique d\u2019un organe de pouvoir jusque-l\u00e0 supra partes.  <br><\/p>\n\n\n\n<p> Pour parer donc \u00e0 toute sournoise manigance qui pourrait l\u2019\u00e9carter \u00e0 tout jamais du pouvoir et compromettre son avenir politique, Youssef Chahed avait entretenu une double entente dont on ignore les tenants et les aboutissants avec Rached Ghannouchi qui lui permit de conserver sa fonction \u00e0 la t\u00eate de l\u2019ex\u00e9cutif et l\u2019entre-vision d\u2019une alliance possible avec les islamistes.  <br><\/p>\n\n\n\n<p> Le d\u00e9part pr\u00e9matur\u00e9 de B\u00e9ji Ca\u00efd Essebsi ne correspond malheureusement plus  \u00e0  une telle man\u0153uvre, contrariant profond\u00e9ment les calculs de Chahed autant que ceux de Ghannouchi. Si derri\u00e8re la paille des mots, on s\u2019attache au grain des choses, on trouvera le r\u00e9cit de ce qui fut une double illusion; chacun pensant que l\u2019autre n\u2019avait de raison d\u2019\u00eatre que de lui servir de marchepied. Se partageant les r\u00f4les, il \u00e9tait plus facile \u00e0 Ghannouchi de garder le premier r\u00f4le qu\u2019\u00e0 Chahed de le lui enlever. <br><\/p>\n\n\n\n<h3 class=\"wp-block-heading\"> Tahya Tounes de l\u2019espoir aux d\u00e9convenues<br><\/h3>\n\n\n\n<p> Agissant en catimini, Chahed cr\u00e9a dans l\u2019intervalle son propre mouvement politique qu\u2019il baptisera plus tard Tahya Tounes. Le voil\u00e0 d\u00e9sormais Premier ministre, chef de parti affubl\u00e9 par ses r\u00e9cents thurif\u00e9raires du titre d\u00e9suet de<em> \u00abza\u00efm\u00bb <\/em>(leader charismatique) et, pourquoi pas, futur chef d\u2019une majorit\u00e9 politique de rassemblement qui prolongera son s\u00e9jour \u00e0 la t\u00eate de l\u2019ex\u00e9cutif. <br><\/p>\n\n\n\n<p> Mais un parti politique a pour principal alli\u00e9 (et ennemi) le temps. D\u2019abord celui, suffisant, de se donner une identit\u00e9 : parti du progr\u00e8s ? du renouveau? de  l\u2019efficacit\u00e9 ? de droite ? de gauche ? Il lui faut ensuite trouver ses rep\u00e8res qui d\u00e9finiraient sa place dans le monde politique et associer dans l\u2019esprit des \u00e9lecteurs le nom du candidat \u00e0 son parti. Or avant que cela ne se r\u00e9alise, Tahya Tounes essuie d\u00e9j\u00e0 de s\u00e9rieuses d\u00e9convenues. \u00c0 Sfax ainsi qu\u2019\u00e0 Monastir o\u00f9  membres du bureau r\u00e9gional, secr\u00e9taires g\u00e9n\u00e9raux locaux, ainsi que militants, sont pass\u00e9s \u00e0 l\u2019ennemi et appellent \u00e0 voter le ministre de la D\u00e9fense Abdelkrim Zbidi. Un parti peut toujours garnir d\u2019affiches rouges et blanches tous les murs du pays sans que cela pallie l\u2019absence d\u2019organisation, d\u2019encadrement et d\u2019engagement pour un programme cr\u00e9dible et inattaquable et un face-\u00e0-face qui lui donnerait une raison d\u2019\u00eatre comme ce fut le cas pour Nidaa Tounes versus Ennahdha. <br><\/p>\n\n\n\n<p> Le  31 juillet, Chahed sort enfin du bois pour annoncer sa candidature \u00e0 la pr\u00e9sidentielle; une candidature  pr\u00e9tendument r\u00e9clam\u00e9e avec insistance par les instances du parti. Tous les membres de Tahya Tounes, ce tout jeune  mouvement perdu au milieu d\u2019une pl\u00e9thore d\u2019organisations bien plus r\u00f4d\u00e9es \u00e0 la politique, se ralliaient d\u2019enthousiasme car ils sentaient d\u2019instinct le besoin de se serrer autour d&rsquo;un homme fort. C\u2019\u00e9tait le pl\u00e9biscite des foules plut\u00f4t que le simple choix d\u2019un candidat.<br><\/p>\n\n\n\n<h3 class=\"wp-block-heading\"> Chahed est-il Premier ministre ou candidat \u00e0 la pr\u00e9sidentielle ?<br><\/h3>\n\n\n\n<p> Une fois sa candidature d\u00e9pos\u00e9e aupr\u00e8s de l\u2019Isie, Chahed a jug\u00e9 utile de pr\u00e9ciser que de toutes les vertus  dont devrait se pr\u00e9valoir un futur pr\u00e9sident de la R\u00e9publique, deux sont incontournables : une exacte propret\u00e9 (de quelqu\u2019un qui sent le savon de Marseille ?), et le pouvoir de communiquer (en int\u00e9grant aussi bien les m\u00e9dias publics, les sondages tronqu\u00e9s, le marketing politique et la publicit\u00e9 particuli\u00e8rement pendant les p\u00e9riodes \u00e9lectorales ?). <br><\/p>\n\n\n\n<p> Par ailleurs, Chahed est-il Premier ministre ou candidat \u00e0 la pr\u00e9sidentielle? Les deux \u00e0 la fois. Il l\u2019a dit, l\u2019assume et ira jusqu\u2019au bout du bout, d\u2019autant plus que rien dans la loi ne s\u2019y oppose. Alors au diable la morale \u00e0 la Zbidi qui a d\u00e9missionn\u00e9 le jour m\u00eame du d\u00e9p\u00f4t de sa candidature parce qu\u2019il consid\u00e8re que ce qui est moralement bon est politiquement juste et r\u00e9ciproquement. Pour Chahed, le principe d\u2019\u00e9galit\u00e9 entre les candidats ne le concerne en rien. <br><\/p>\n\n\n\n<p> Rappelons \u00e0 ce propos que, candidat aux primaires socialistes, Manuel Valls avait pr\u00e9sent\u00e9 sa d\u00e9mission \u00e0 Fran\u00e7ois Hollande et conform\u00e9ment \u00e0 la Constitution, c\u2019est tout le gouvernement qui a d\u00e9missionn\u00e9. <em>\u00abLe temps est venu, dit-il, d\u2019aller plus loin dans mon engagement. Le sens de l\u2019Etat me fait consid\u00e9rer que je ne peux plus \u00eatre Premier ministre tout en \u00e9tant candidat. Je quitterai mes fonctions demain car je veux, en toute libert\u00e9, proposer aux Fran\u00e7ais un chemin\u00bb<\/em>. Fran\u00e7ois Hollande a aussit\u00f4t nomm\u00e9 Bernard Cazeneuve comme Premier ministre; \u00e0 charge pour lui de former son nouveau gouvernement. Qui emp\u00eache donc Chahed d\u2019en faire autant pour \u00eatre totalement libre autant qu\u2019\u00e9thiquement irr\u00e9prochable dans la course \u00e0 la pr\u00e9sidence ? 7<br><\/p>\n\n\n\n<p> Dans une grande \u00e9pop\u00e9e grecque, le succ\u00e8s monte \u00e0 la t\u00eate du h\u00e9ros, qui pr\u00e9tend se hisser au rang des dieux; il est alors impitoyablement remis \u00e0 sa place par N\u00e9m\u00e9sis, la d\u00e9esse de la vengeance. Il \u00e9tait frapp\u00e9 du syndrome d\u2019un orgueil d\u00e9mesur\u00e9, l\u2019<em>hubris<\/em> grec qui associe narcissisme, arrogance et pr\u00e9tention. Le terme renvoie \u00e9galement \u00e0 un sentiment de toute-puissance. Sauf que, dans le cas de Chahed, sa toute puissance rel\u00e8ve surtout de l\u2019impardonnable oubli qu\u2019elle tient beaucoup du hasard et un peu de la volont\u00e9 de B\u00e9ji Ca\u00efd Essebsi. Mais on le comprend. Lorsqu\u2019on se consid\u00e8re comme tenant entre ses mains le destin d\u2019un pays et de sa population, il est difficile de retourner \u00e0 la condition de simple mortel.<br><\/p>\n\n\n\n<p> En conservant sa fonction, Chahed s\u2019offre une longueur d\u2019avance sur ses rivaux dont le premier et p\u00e9nible devoir est de se faire conna\u00eetre, rencontrer le plus possible d\u2019\u00e9lecteurs, faire du porte \u00e0 porte, supporter un \u00e9norme effort d\u2019organisation pour la mobilisation des sympathisants au moment des \u00e9lections.  Pendant qu\u2019ils se d\u00e9m\u00e8neront furieusement au rythme des meetings et autres activit\u00e9s politiques visant \u00e0 convaincre les \u00e9lecteurs, Chahed confond les r\u00f4les. En tant que chef de gouvernement matin, midi et soir, tout en \u00e9tant candidat, ce qu\u2019il fera sera mis \u00e0 profit pour sa campagne \u00e9lectorale qui sera conduite et largement m\u00e9diatis\u00e9e \u00e0 peu de frais ou plut\u00f4t aux frais de la r\u00e9publique. <br><\/p>\n\n\n\n<p> Pour r\u00e9ussir \u00e0 gagner la confiance des ses \u00e9lecteurs, ce qu\u2019il n\u2019avait pas fait depuis deux ans il le fera en deux mois. Alors que les na\u00effs d\u00e9fenseurs de la dignit\u00e9 des campagnes \u00e9lectorales seront forc\u00e9s d\u2019aller au charbon pour entendre exprim\u00e9es les frustrations des citoyens et d\u00e9nonc\u00e9es les erreurs des gouvernants,  il s\u2019offrira pour ce qui le concerne des r\u00e9unions publiques une fois par jour sans avoir \u00e0 d\u00e9velopper des arguments pour d\u00e9fendre un futur programme puisque le sien est d\u00e9j\u00e0 en action et lui commande de servir le peuple. Alors autant en profiter pour mieux le s\u00e9duire !  <br><\/p>\n\n\n\n<h3 class=\"wp-block-heading\"> Le futur programme d\u00e9clin\u00e9 en actions imm\u00e9diates<br><\/h3>\n\n\n\n<p> En pr\u00e9vision de la c\u00e9l\u00e9bration de la f\u00eate de la femme, Chahed pr\u00e9sida, le 8 ao\u00fbt 2019, les travaux de la conf\u00e9rence nationale sur <em>\u00abLa femme dans les postes de prise de d\u00e9cisions politique\u00bb<\/em>, appela \u00e0 renforcer l\u2019acc\u00e8s de la femme aux postes de d\u00e9cision, rappela que l\u2019\u00e9galit\u00e9 effective entre les hommes et les femmes est en-de\u00e7\u00e0 des attentes, qu\u2019elle n\u00e9cessite la mise en \u0153uvre des l\u00e9gislations en vigueur et des d\u00e9cisions concr\u00e8tes et annon\u00e7a un train de mesures en sa faveur. R\u00e9duire l\u2019\u00e9cart entre les hommes et les femmes, \u00eatre en parfaite osmose avec la moiti\u00e9 sacrifi\u00e9e de la population, voil\u00e0 \u00e0 quoi tient le secret de la parfaite r\u00e9ussite. L\u2019\u00e9lecteur \u00e9gar\u00e9 dans l\u2019actualit\u00e9 politique s\u2019en souviendra. <br><\/p>\n\n\n\n<p> L\u2019absence de toute politique respectueuse de l\u2019environnement, le volume d\u00e9risoire des investissements dans les \u00e9nergies renouvelables, les promesses jamais tenues en mati\u00e8re de pollution, ont lourdement affect\u00e9 le bilan \u00e9colo du gouvernement Chahed. Qu\u2019\u00e0 cela ne tienne ! Par une habile mise en sc\u00e8ne, il revient au plus \u00e9minent des citoyens d\u2019infliger la preuve qu\u2019il n\u2019en est rien. Le 9 ao\u00fbt, il donne le coup d\u2019envoi de l\u2019exploitation de la premi\u00e8re centrale photovolta\u00efque baptis\u00e9e <em>\u00abTozeur 1\u00bb<\/em>, et supervise le d\u00e9marrage des travaux de r\u00e9alisation de la deuxi\u00e8me tranche <em>\u00abTozeur\u00bb<\/em>. Un vieux projet \u00e0 comptabiliser dans la colonne des actifs en faveur de sa campagne \u00e9lectorale. <br><\/p>\n\n\n\n<h3 class=\"wp-block-heading\"> Les membres du gouvernement entre d\u00e9boires et espoirs <br><\/h3>\n\n\n\n<p> Tant qu\u2019on y est, poussons un peu plus loin, et sur le mode du fantasque, la com\u00e9die du cumul. Apprenant la candidature de leur Premier ministre, plusieurs  membres de son gouvernement ont commenc\u00e9 \u00e0 s\u2019inqui\u00e9ter. Si Zbidi, qui n\u2019est pourtant pas une c\u00e9l\u00e9brit\u00e9, disent-ils, a os\u00e9 se pr\u00e9senter, pourquoi pas nous? Sauf qu\u2019ils suivront l\u2019exemple de leur chef et ne d\u00e9missionneront pas. Et dans la mesure o\u00f9 ils ne disposent pas de partis ou groupements politiques pour les soutenir, ils entendent mettre \u00e0 profit leur pouvoir pour attirer la sympathie de l\u2019\u00e9lectorat en engageant autant que possible leur administration, ce qui permettra d\u2019associer leurs noms dans l\u2019esprit des futurs \u00e9lecteurs. <br><\/p>\n\n\n\n<p> Ainsi, le ministre des Finances assurera sa promotion, non sur le ton des slogans creux inscrits sur des affiches de campagne qui pollueront le paysage, mais par des mesures concr\u00e8tes dont profitera largement le public. Dans ce cas quoi de mieux qu\u2019une revalorisation des retraites et leur indexation sur les taux d\u2019inflation? Ne sommes-nous pas dans une d\u00e9mocratie o\u00f9 la proportion des  retrait\u00e9s devient de plus en plus importante ? Il y a lieu aussi d\u2019augmenter le SMIG, ce qui lui attirera in\u00e9vitablement la sympathie de l\u2019UGTT, et pourquoi pas son soutien.  <br><\/p>\n\n\n\n<p> Contrairement \u00e0 celui qui tient les cordons de la bourse, le ministre de la Justice se rend compte qu\u2019il ne dispose pas dans ce domaine d\u2019une grande latitude. Il pourrait toujours visiter les prisons, organiser une grande \u00e9vasion la veille du scrutin, mais les d\u00e9tenus et les personnes condamn\u00e9es n\u2019ont pas le droit de voter, a fortiori quant il s\u2019agit d\u2019\u00e9vad\u00e9s recherch\u00e9s. Il pourrait, \u00e0 la limite, inviter le parquet \u00e0 faire preuve d\u2019une cl\u00e9mence exceptionnelle et de diligence dans le traitement des affaires. Mais il leur faudra dans ce cas s\u2019assurer pr\u00e9alablement que les b\u00e9n\u00e9ficiaires de l\u2019indulgence de la cour sont bien inscrits sur les registres \u00e9lectoraux et demandera aux juges qu\u2019ils informent les pr\u00e9venus, par des tournures elliptiques, que cette mansu\u00e9tude inhabituelle ils la doivent au ministre-candidat.<br><\/p>\n\n\n\n<p> Le ministre de l\u2019Int\u00e9rieur avait song\u00e9 un moment \u00e0 se pr\u00e9senter \u00e0 son tour tout en gardant ses fonctions, mais il y renon\u00e7a aussit\u00f4t. Il ne pourrait en effet rien promettre aux \u00e9lecteurs, encore moins leur garantir un surplus de tol\u00e9rance de la part des agents de l\u2019autorit\u00e9 publique sans mettre en p\u00e9ril la paix civile. <br><\/p>\n\n\n\n<p> Enfin, le ministre de l\u2019Agriculture, uniquement reconnaissable \u00e0 son chapeau de paille \u00e0 larges bords, \u00e9vocateur d\u2019une fi\u00e8re paysannerie, avait eu un vif mais bref  d\u00e9sir de se pr\u00e9senter. Mais il se ravisa aussit\u00f4t car ses d\u00e9boires en mati\u00e8re de politique agricole et d\u2019\u00e9levage ne pourraient que lui nuire et exposeront Chahed \u00e0 de s\u00e9rieux m\u00e9comptes. Il d\u00e9cida de ses blottir davantage sous l\u2019aile protectrice du chef de gouvernement en priant le ciel que celui-ci le garde aupr\u00e8s de lui aussi longtemps qu\u2019il sera en fonction.  <\/p>\n\n\n\n<h3 class=\"wp-block-heading\">Articles du m\u00eame auteur dans Kapitalis : <\/h3>\n\n\n\n<figure class=\"wp-block-embed is-type-rich is-provider-kapitalis\"><div class=\"wp-block-embed__wrapper\">\n<blockquote class=\"wp-embedded-content\" data-secret=\"dk4IJjhQrQ\"><a href=\"https:\/\/kapitalis.com\/tunisie\/2019\/08\/04\/tunisie-la-fin-des-grands-hommes-place-au-commun\/\">Tunisie : La fin des grands hommes, place au commun<\/a><\/blockquote><iframe loading=\"lazy\" class=\"wp-embedded-content\" sandbox=\"allow-scripts\" security=\"restricted\" style=\"position: absolute; clip: rect(1px, 1px, 1px, 1px);\" title=\"\u00ab\u00a0Tunisie : La fin des grands hommes, place au commun\u00a0\u00bb &#8212; Kapitalis\" src=\"https:\/\/kapitalis.com\/tunisie\/2019\/08\/04\/tunisie-la-fin-des-grands-hommes-place-au-commun\/embed\/#?secret=OitHYNouv1#?secret=dk4IJjhQrQ\" data-secret=\"dk4IJjhQrQ\" width=\"600\" height=\"338\" frameborder=\"0\" marginwidth=\"0\" marginheight=\"0\" scrolling=\"no\"><\/iframe>\n<\/div><\/figure>\n\n\n\n<figure class=\"wp-block-embed is-type-rich is-provider-kapitalis\"><div class=\"wp-block-embed__wrapper\">\n<blockquote class=\"wp-embedded-content\" data-secret=\"8vnQFmHeB6\"><a href=\"https:\/\/kapitalis.com\/tunisie\/2019\/07\/28\/loeuvre-inachevee-de-beji-caid-essebsi-ou-la-democratie-post-mortem\/\">L\u2019\u0153uvre inachev\u00e9e de B\u00e9ji Ca\u00efd Essebsi ou la d\u00e9mocratie post mortem<\/a><\/blockquote><iframe loading=\"lazy\" class=\"wp-embedded-content\" sandbox=\"allow-scripts\" security=\"restricted\" style=\"position: absolute; clip: rect(1px, 1px, 1px, 1px);\" title=\"\u00ab\u00a0L\u2019\u0153uvre inachev\u00e9e de B\u00e9ji Ca\u00efd Essebsi ou la d\u00e9mocratie post mortem\u00a0\u00bb &#8212; Kapitalis\" src=\"https:\/\/kapitalis.com\/tunisie\/2019\/07\/28\/loeuvre-inachevee-de-beji-caid-essebsi-ou-la-democratie-post-mortem\/embed\/#?secret=kNrEj5tli1#?secret=8vnQFmHeB6\" data-secret=\"8vnQFmHeB6\" width=\"600\" height=\"338\" frameborder=\"0\" marginwidth=\"0\" marginheight=\"0\" scrolling=\"no\"><\/iframe>\n<\/div><\/figure>\n\n\n\n<figure class=\"wp-block-embed is-type-rich is-provider-kapitalis\"><div class=\"wp-block-embed__wrapper\">\n<blockquote class=\"wp-embedded-content\" data-secret=\"tirXRKbZib\"><a href=\"https:\/\/kapitalis.com\/tunisie\/2019\/07\/14\/ennahdha-au-coeur-du-jeu-politique-en-tunisie-comment-en-sommes-nous-arrives-la\/\">Ennahdha au c\u0153ur du jeu politique en Tunisie : Comment en sommes-nous arriv\u00e9s l\u00e0 ?<\/a><\/blockquote><iframe loading=\"lazy\" class=\"wp-embedded-content\" sandbox=\"allow-scripts\" security=\"restricted\" style=\"position: absolute; clip: rect(1px, 1px, 1px, 1px);\" title=\"\u00ab\u00a0Ennahdha au c\u0153ur du jeu politique en Tunisie : Comment en sommes-nous arriv\u00e9s l\u00e0 ?\u00a0\u00bb &#8212; Kapitalis\" src=\"https:\/\/kapitalis.com\/tunisie\/2019\/07\/14\/ennahdha-au-coeur-du-jeu-politique-en-tunisie-comment-en-sommes-nous-arrives-la\/embed\/#?secret=TgRxSrTOUm#?secret=tirXRKbZib\" data-secret=\"tirXRKbZib\" width=\"600\" height=\"338\" frameborder=\"0\" marginwidth=\"0\" marginheight=\"0\" scrolling=\"no\"><\/iframe>\n<\/div><\/figure>\n","protected":false},"excerpt":{"rendered":"<p>Abdelfattah Mourou au palais de Carthage, Rached Ghannouchi au perchoir et un futur chef de gouvernement qui sortira des rangs de la majorit\u00e9 islamiste. Cette hypoth\u00e8se est plausible mais nullement rassurante, et pour cause\u2026 Par Yassine Essid<\/p>\n","protected":false},"author":8,"featured_media":232434,"comment_status":"open","ping_status":"open","sticky":false,"template":"","format":"standard","meta":{"footnotes":""},"categories":[992,997,2433],"tags":[4271,4172,1108,2225,4797,758,54991,11246],"class_list":["post-232433","post","type-post","status-publish","format-standard","has-post-thumbnail","hentry","category-a-la-une","category-politique","category-tunisie","tag-abdelfattah-mourou","tag-abdelkrim-zbidi","tag-beji-caid-essebsi","tag-palais-de-carthage","tag-presidentielle","tag-rached-ghannouchi","tag-tahya-tounes","tag-youssef-chahed"],"yoast_head":"<!-- This site is optimized with the Yoast SEO plugin v26.6 - https:\/\/yoast.com\/wordpress\/plugins\/seo\/ -->\n<title>Pr\u00e9sidentielle 2019 : Au pas de course vers le palais des illusions - Kapitalis<\/title>\n<meta name=\"robots\" content=\"index, follow, max-snippet:-1, max-image-preview:large, max-video-preview:-1\" \/>\n<link rel=\"canonical\" href=\"https:\/\/kapitalis.com\/tunisie\/2019\/08\/11\/presidentielle-2019-au-pas-de-course-vers-le-palais-des-illusions\/\" \/>\n<meta property=\"og:locale\" content=\"fr_FR\" \/>\n<meta property=\"og:type\" content=\"article\" \/>\n<meta property=\"og:title\" content=\"Pr\u00e9sidentielle 2019 : Au pas de course vers le palais des illusions - Kapitalis\" \/>\n<meta property=\"og:description\" content=\"Abdelfattah Mourou au palais de Carthage, Rached Ghannouchi au perchoir et un futur chef de gouvernement qui sortira des rangs de la majorit\u00e9 islamiste. Cette hypoth\u00e8se est plausible mais nullement rassurante, et pour cause\u2026 Par Yassine Essid\" \/>\n<meta property=\"og:url\" content=\"https:\/\/kapitalis.com\/tunisie\/2019\/08\/11\/presidentielle-2019-au-pas-de-course-vers-le-palais-des-illusions\/\" \/>\n<meta property=\"og:site_name\" content=\"Kapitalis\" \/>\n<meta property=\"article:publisher\" content=\"https:\/\/www.facebook.com\/KapitalisInfo\/\" \/>\n<meta property=\"article:published_time\" content=\"2019-08-11T12:44:46+00:00\" \/>\n<meta property=\"article:modified_time\" content=\"2019-08-11T12:44:50+00:00\" \/>\n<meta property=\"og:image\" content=\"https:\/\/kapitalis.com\/tunisie\/wp-content\/uploads\/2022\/05\/kapitalis-logo-fb.png\" \/>\n\t<meta property=\"og:image:width\" content=\"1200\" \/>\n\t<meta property=\"og:image:height\" content=\"630\" \/>\n\t<meta property=\"og:image:type\" content=\"image\/png\" \/>\n<meta name=\"author\" content=\"webmaster kapitalis\" \/>\n<meta name=\"twitter:card\" content=\"summary_large_image\" \/>\n<meta name=\"twitter:creator\" content=\"@KapitalisInfo\" \/>\n<meta name=\"twitter:site\" content=\"@KapitalisInfo\" \/>\n<meta name=\"twitter:label1\" content=\"\u00c9crit par\" \/>\n\t<meta name=\"twitter:data1\" content=\"webmaster kapitalis\" \/>\n\t<meta name=\"twitter:label2\" content=\"Dur\u00e9e de lecture estim\u00e9e\" \/>\n\t<meta name=\"twitter:data2\" content=\"14 minutes\" \/>\n<script type=\"application\/ld+json\" class=\"yoast-schema-graph\">{\"@context\":\"https:\/\/schema.org\",\"@graph\":[{\"@type\":\"Article\",\"@id\":\"https:\/\/kapitalis.com\/tunisie\/2019\/08\/11\/presidentielle-2019-au-pas-de-course-vers-le-palais-des-illusions\/#article\",\"isPartOf\":{\"@id\":\"https:\/\/kapitalis.com\/tunisie\/2019\/08\/11\/presidentielle-2019-au-pas-de-course-vers-le-palais-des-illusions\/\"},\"author\":{\"name\":\"webmaster kapitalis\",\"@id\":\"https:\/\/kapitalis.com\/tunisie\/#\/schema\/person\/d71f33a9ca44f7bad4698210b480c8e9\"},\"headline\":\"Pr\u00e9sidentielle 2019 : Au pas de course vers le palais des illusions\",\"datePublished\":\"2019-08-11T12:44:46+00:00\",\"dateModified\":\"2019-08-11T12:44:50+00:00\",\"mainEntityOfPage\":{\"@id\":\"https:\/\/kapitalis.com\/tunisie\/2019\/08\/11\/presidentielle-2019-au-pas-de-course-vers-le-palais-des-illusions\/\"},\"wordCount\":2728,\"commentCount\":7,\"publisher\":{\"@id\":\"https:\/\/kapitalis.com\/tunisie\/#organization\"},\"image\":{\"@id\":\"https:\/\/kapitalis.com\/tunisie\/2019\/08\/11\/presidentielle-2019-au-pas-de-course-vers-le-palais-des-illusions\/#primaryimage\"},\"thumbnailUrl\":\"\",\"keywords\":[\"Abdelfattah Mourou\",\"Abdelkrim Zbidi\",\"B\u00e9ji Ca\u00efd Essebsi\",\"palais de Carthage\",\"pr\u00e9sidentielle\",\"Rached Ghannouchi\",\"Tahya Tounes\",\"Youssef Chahed\"],\"articleSection\":[\"A LA UNE\",\"POLITIQUE\",\"Tunisie\"],\"inLanguage\":\"fr-FR\",\"potentialAction\":[{\"@type\":\"CommentAction\",\"name\":\"Comment\",\"target\":[\"https:\/\/kapitalis.com\/tunisie\/2019\/08\/11\/presidentielle-2019-au-pas-de-course-vers-le-palais-des-illusions\/#respond\"]}]},{\"@type\":\"WebPage\",\"@id\":\"https:\/\/kapitalis.com\/tunisie\/2019\/08\/11\/presidentielle-2019-au-pas-de-course-vers-le-palais-des-illusions\/\",\"url\":\"https:\/\/kapitalis.com\/tunisie\/2019\/08\/11\/presidentielle-2019-au-pas-de-course-vers-le-palais-des-illusions\/\",\"name\":\"Pr\u00e9sidentielle 2019 : Au pas de course vers le palais des illusions - Kapitalis\",\"isPartOf\":{\"@id\":\"https:\/\/kapitalis.com\/tunisie\/#website\"},\"primaryImageOfPage\":{\"@id\":\"https:\/\/kapitalis.com\/tunisie\/2019\/08\/11\/presidentielle-2019-au-pas-de-course-vers-le-palais-des-illusions\/#primaryimage\"},\"image\":{\"@id\":\"https:\/\/kapitalis.com\/tunisie\/2019\/08\/11\/presidentielle-2019-au-pas-de-course-vers-le-palais-des-illusions\/#primaryimage\"},\"thumbnailUrl\":\"\",\"datePublished\":\"2019-08-11T12:44:46+00:00\",\"dateModified\":\"2019-08-11T12:44:50+00:00\",\"breadcrumb\":{\"@id\":\"https:\/\/kapitalis.com\/tunisie\/2019\/08\/11\/presidentielle-2019-au-pas-de-course-vers-le-palais-des-illusions\/#breadcrumb\"},\"inLanguage\":\"fr-FR\",\"potentialAction\":[{\"@type\":\"ReadAction\",\"target\":[\"https:\/\/kapitalis.com\/tunisie\/2019\/08\/11\/presidentielle-2019-au-pas-de-course-vers-le-palais-des-illusions\/\"]}]},{\"@type\":\"ImageObject\",\"inLanguage\":\"fr-FR\",\"@id\":\"https:\/\/kapitalis.com\/tunisie\/2019\/08\/11\/presidentielle-2019-au-pas-de-course-vers-le-palais-des-illusions\/#primaryimage\",\"url\":\"\",\"contentUrl\":\"\"},{\"@type\":\"BreadcrumbList\",\"@id\":\"https:\/\/kapitalis.com\/tunisie\/2019\/08\/11\/presidentielle-2019-au-pas-de-course-vers-le-palais-des-illusions\/#breadcrumb\",\"itemListElement\":[{\"@type\":\"ListItem\",\"position\":1,\"name\":\"Accueil\",\"item\":\"https:\/\/kapitalis.com\/tunisie\/\"},{\"@type\":\"ListItem\",\"position\":2,\"name\":\"Pr\u00e9sidentielle 2019 : Au pas de course vers le palais des illusions\"}]},{\"@type\":\"WebSite\",\"@id\":\"https:\/\/kapitalis.com\/tunisie\/#website\",\"url\":\"https:\/\/kapitalis.com\/tunisie\/\",\"name\":\"Kapitalis\",\"description\":\"L&#039;actualit\u00e9 en Tunisie et dans le monde\",\"publisher\":{\"@id\":\"https:\/\/kapitalis.com\/tunisie\/#organization\"},\"potentialAction\":[{\"@type\":\"SearchAction\",\"target\":{\"@type\":\"EntryPoint\",\"urlTemplate\":\"https:\/\/kapitalis.com\/tunisie\/?s={search_term_string}\"},\"query-input\":{\"@type\":\"PropertyValueSpecification\",\"valueRequired\":true,\"valueName\":\"search_term_string\"}}],\"inLanguage\":\"fr-FR\"},{\"@type\":\"Organization\",\"@id\":\"https:\/\/kapitalis.com\/tunisie\/#organization\",\"name\":\"Kapitalis\",\"url\":\"https:\/\/kapitalis.com\/tunisie\/\",\"logo\":{\"@type\":\"ImageObject\",\"inLanguage\":\"fr-FR\",\"@id\":\"https:\/\/kapitalis.com\/tunisie\/#\/schema\/logo\/image\/\",\"url\":\"https:\/\/kapitalis.com\/tunisie\/wp-content\/uploads\/2022\/05\/Kapitalis-big-size.png\",\"contentUrl\":\"https:\/\/kapitalis.com\/tunisie\/wp-content\/uploads\/2022\/05\/Kapitalis-big-size.png\",\"width\":5000,\"height\":1500,\"caption\":\"Kapitalis\"},\"image\":{\"@id\":\"https:\/\/kapitalis.com\/tunisie\/#\/schema\/logo\/image\/\"},\"sameAs\":[\"https:\/\/www.facebook.com\/KapitalisInfo\/\",\"https:\/\/x.com\/KapitalisInfo\",\"https:\/\/www.youtube.com\/channel\/UC-yDYrHyfFBWWZaOw3FPg9Q\"]},{\"@type\":\"Person\",\"@id\":\"https:\/\/kapitalis.com\/tunisie\/#\/schema\/person\/d71f33a9ca44f7bad4698210b480c8e9\",\"name\":\"webmaster kapitalis\",\"url\":\"https:\/\/kapitalis.com\/tunisie\/author\/webmaster-kapitalis\/\"}]}<\/script>\n<!-- \/ Yoast SEO plugin. -->","yoast_head_json":{"title":"Pr\u00e9sidentielle 2019 : Au pas de course vers le palais des illusions - Kapitalis","robots":{"index":"index","follow":"follow","max-snippet":"max-snippet:-1","max-image-preview":"max-image-preview:large","max-video-preview":"max-video-preview:-1"},"canonical":"https:\/\/kapitalis.com\/tunisie\/2019\/08\/11\/presidentielle-2019-au-pas-de-course-vers-le-palais-des-illusions\/","og_locale":"fr_FR","og_type":"article","og_title":"Pr\u00e9sidentielle 2019 : Au pas de course vers le palais des illusions - Kapitalis","og_description":"Abdelfattah Mourou au palais de Carthage, Rached Ghannouchi au perchoir et un futur chef de gouvernement qui sortira des rangs de la majorit\u00e9 islamiste. Cette hypoth\u00e8se est plausible mais nullement rassurante, et pour cause\u2026 Par Yassine Essid","og_url":"https:\/\/kapitalis.com\/tunisie\/2019\/08\/11\/presidentielle-2019-au-pas-de-course-vers-le-palais-des-illusions\/","og_site_name":"Kapitalis","article_publisher":"https:\/\/www.facebook.com\/KapitalisInfo\/","article_published_time":"2019-08-11T12:44:46+00:00","article_modified_time":"2019-08-11T12:44:50+00:00","og_image":[{"width":1200,"height":630,"url":"https:\/\/kapitalis.com\/tunisie\/wp-content\/uploads\/2022\/05\/kapitalis-logo-fb.png","type":"image\/png"}],"author":"webmaster kapitalis","twitter_card":"summary_large_image","twitter_creator":"@KapitalisInfo","twitter_site":"@KapitalisInfo","twitter_misc":{"\u00c9crit par":"webmaster kapitalis","Dur\u00e9e de lecture estim\u00e9e":"14 minutes"},"schema":{"@context":"https:\/\/schema.org","@graph":[{"@type":"Article","@id":"https:\/\/kapitalis.com\/tunisie\/2019\/08\/11\/presidentielle-2019-au-pas-de-course-vers-le-palais-des-illusions\/#article","isPartOf":{"@id":"https:\/\/kapitalis.com\/tunisie\/2019\/08\/11\/presidentielle-2019-au-pas-de-course-vers-le-palais-des-illusions\/"},"author":{"name":"webmaster kapitalis","@id":"https:\/\/kapitalis.com\/tunisie\/#\/schema\/person\/d71f33a9ca44f7bad4698210b480c8e9"},"headline":"Pr\u00e9sidentielle 2019 : Au pas de course vers le palais des illusions","datePublished":"2019-08-11T12:44:46+00:00","dateModified":"2019-08-11T12:44:50+00:00","mainEntityOfPage":{"@id":"https:\/\/kapitalis.com\/tunisie\/2019\/08\/11\/presidentielle-2019-au-pas-de-course-vers-le-palais-des-illusions\/"},"wordCount":2728,"commentCount":7,"publisher":{"@id":"https:\/\/kapitalis.com\/tunisie\/#organization"},"image":{"@id":"https:\/\/kapitalis.com\/tunisie\/2019\/08\/11\/presidentielle-2019-au-pas-de-course-vers-le-palais-des-illusions\/#primaryimage"},"thumbnailUrl":"","keywords":["Abdelfattah Mourou","Abdelkrim Zbidi","B\u00e9ji Ca\u00efd Essebsi","palais de Carthage","pr\u00e9sidentielle","Rached Ghannouchi","Tahya Tounes","Youssef Chahed"],"articleSection":["A LA UNE","POLITIQUE","Tunisie"],"inLanguage":"fr-FR","potentialAction":[{"@type":"CommentAction","name":"Comment","target":["https:\/\/kapitalis.com\/tunisie\/2019\/08\/11\/presidentielle-2019-au-pas-de-course-vers-le-palais-des-illusions\/#respond"]}]},{"@type":"WebPage","@id":"https:\/\/kapitalis.com\/tunisie\/2019\/08\/11\/presidentielle-2019-au-pas-de-course-vers-le-palais-des-illusions\/","url":"https:\/\/kapitalis.com\/tunisie\/2019\/08\/11\/presidentielle-2019-au-pas-de-course-vers-le-palais-des-illusions\/","name":"Pr\u00e9sidentielle 2019 : Au pas de course vers le palais des illusions - Kapitalis","isPartOf":{"@id":"https:\/\/kapitalis.com\/tunisie\/#website"},"primaryImageOfPage":{"@id":"https:\/\/kapitalis.com\/tunisie\/2019\/08\/11\/presidentielle-2019-au-pas-de-course-vers-le-palais-des-illusions\/#primaryimage"},"image":{"@id":"https:\/\/kapitalis.com\/tunisie\/2019\/08\/11\/presidentielle-2019-au-pas-de-course-vers-le-palais-des-illusions\/#primaryimage"},"thumbnailUrl":"","datePublished":"2019-08-11T12:44:46+00:00","dateModified":"2019-08-11T12:44:50+00:00","breadcrumb":{"@id":"https:\/\/kapitalis.com\/tunisie\/2019\/08\/11\/presidentielle-2019-au-pas-de-course-vers-le-palais-des-illusions\/#breadcrumb"},"inLanguage":"fr-FR","potentialAction":[{"@type":"ReadAction","target":["https:\/\/kapitalis.com\/tunisie\/2019\/08\/11\/presidentielle-2019-au-pas-de-course-vers-le-palais-des-illusions\/"]}]},{"@type":"ImageObject","inLanguage":"fr-FR","@id":"https:\/\/kapitalis.com\/tunisie\/2019\/08\/11\/presidentielle-2019-au-pas-de-course-vers-le-palais-des-illusions\/#primaryimage","url":"","contentUrl":""},{"@type":"BreadcrumbList","@id":"https:\/\/kapitalis.com\/tunisie\/2019\/08\/11\/presidentielle-2019-au-pas-de-course-vers-le-palais-des-illusions\/#breadcrumb","itemListElement":[{"@type":"ListItem","position":1,"name":"Accueil","item":"https:\/\/kapitalis.com\/tunisie\/"},{"@type":"ListItem","position":2,"name":"Pr\u00e9sidentielle 2019 : Au pas de course vers le palais des illusions"}]},{"@type":"WebSite","@id":"https:\/\/kapitalis.com\/tunisie\/#website","url":"https:\/\/kapitalis.com\/tunisie\/","name":"Kapitalis","description":"L&#039;actualit\u00e9 en Tunisie et dans le monde","publisher":{"@id":"https:\/\/kapitalis.com\/tunisie\/#organization"},"potentialAction":[{"@type":"SearchAction","target":{"@type":"EntryPoint","urlTemplate":"https:\/\/kapitalis.com\/tunisie\/?s={search_term_string}"},"query-input":{"@type":"PropertyValueSpecification","valueRequired":true,"valueName":"search_term_string"}}],"inLanguage":"fr-FR"},{"@type":"Organization","@id":"https:\/\/kapitalis.com\/tunisie\/#organization","name":"Kapitalis","url":"https:\/\/kapitalis.com\/tunisie\/","logo":{"@type":"ImageObject","inLanguage":"fr-FR","@id":"https:\/\/kapitalis.com\/tunisie\/#\/schema\/logo\/image\/","url":"https:\/\/kapitalis.com\/tunisie\/wp-content\/uploads\/2022\/05\/Kapitalis-big-size.png","contentUrl":"https:\/\/kapitalis.com\/tunisie\/wp-content\/uploads\/2022\/05\/Kapitalis-big-size.png","width":5000,"height":1500,"caption":"Kapitalis"},"image":{"@id":"https:\/\/kapitalis.com\/tunisie\/#\/schema\/logo\/image\/"},"sameAs":["https:\/\/www.facebook.com\/KapitalisInfo\/","https:\/\/x.com\/KapitalisInfo","https:\/\/www.youtube.com\/channel\/UC-yDYrHyfFBWWZaOw3FPg9Q"]},{"@type":"Person","@id":"https:\/\/kapitalis.com\/tunisie\/#\/schema\/person\/d71f33a9ca44f7bad4698210b480c8e9","name":"webmaster kapitalis","url":"https:\/\/kapitalis.com\/tunisie\/author\/webmaster-kapitalis\/"}]}},"_links":{"self":[{"href":"https:\/\/kapitalis.com\/tunisie\/wp-json\/wp\/v2\/posts\/232433","targetHints":{"allow":["GET"]}}],"collection":[{"href":"https:\/\/kapitalis.com\/tunisie\/wp-json\/wp\/v2\/posts"}],"about":[{"href":"https:\/\/kapitalis.com\/tunisie\/wp-json\/wp\/v2\/types\/post"}],"author":[{"embeddable":true,"href":"https:\/\/kapitalis.com\/tunisie\/wp-json\/wp\/v2\/users\/8"}],"replies":[{"embeddable":true,"href":"https:\/\/kapitalis.com\/tunisie\/wp-json\/wp\/v2\/comments?post=232433"}],"version-history":[{"count":0,"href":"https:\/\/kapitalis.com\/tunisie\/wp-json\/wp\/v2\/posts\/232433\/revisions"}],"wp:featuredmedia":[{"embeddable":true,"href":"https:\/\/kapitalis.com\/tunisie\/wp-json\/wp\/v2\/media\/232434"}],"wp:attachment":[{"href":"https:\/\/kapitalis.com\/tunisie\/wp-json\/wp\/v2\/media?parent=232433"}],"wp:term":[{"taxonomy":"category","embeddable":true,"href":"https:\/\/kapitalis.com\/tunisie\/wp-json\/wp\/v2\/categories?post=232433"},{"taxonomy":"post_tag","embeddable":true,"href":"https:\/\/kapitalis.com\/tunisie\/wp-json\/wp\/v2\/tags?post=232433"}],"curies":[{"name":"wp","href":"https:\/\/api.w.org\/{rel}","templated":true}]}}