{"id":232778,"date":"2019-08-13T17:15:28","date_gmt":"2019-08-13T16:15:28","guid":{"rendered":"http:\/\/kapitalis.com\/tunisie\/?p=232778"},"modified":"2019-08-13T17:15:32","modified_gmt":"2019-08-13T16:15:32","slug":"transtu-32-operations-de-surveillance-50-personnes-arretees-et-1-936-proces-verbaux-en-juillet","status":"publish","type":"post","link":"https:\/\/kapitalis.com\/tunisie\/2019\/08\/13\/transtu-32-operations-de-surveillance-50-personnes-arretees-et-1-936-proces-verbaux-en-juillet\/","title":{"rendered":"Transtu: 32 op\u00e9rations de surveillance, 50 personnes arr\u00eat\u00e9es, et 1.936 proc\u00e8s verbaux en juillet"},"content":{"rendered":"\n<figure class=\"wp-block-image\"><img decoding=\"async\" src=\"http:\/\/kapitalis.com\/tunisie\/wp-content\/uploads\/2019\/08\/M\u00e9tro-tunis....jpg\" alt=\"\" class=\"wp-image-232794\"\/><\/figure>\n\n\n\n<p><strong><em>La Soci\u00e9t\u00e9 des transports de Tunis (<\/em><\/strong><strong><em>Transtu), le<\/em><\/strong><strong><em> principal op\u00e9rateur de transport urbain dans la capitale, a effectu\u00e9 32 op\u00e9rations de surveillance durant le mois de juillet 2019, qui ont abouti \u00e0 l&rsquo;arrestation de 50 personnes et la r\u00e9daction de 1.936 proc\u00e8s verbaux.<\/em><\/strong><\/p>\n\n\n\n<!--more-->\n\n\n<p>La <strong><span style=\"color: #0000ff;\"><a style=\"color: #0000ff;\" href=\"https:\/\/www.transtu.tn\/fr\/\" target=\"_blank\" rel=\"noreferrer noopener\" aria-label=\"Transtu (s\u2019ouvre dans un nouvel onglet)\">Transtu<\/a><\/span> <\/strong>a men\u00e9 plusieurs campagnes conjointes de surveillance et de s\u00e9curit\u00e9 durant le mois de juillet dernier, en coop\u00e9ration avec divers services de s\u00e9curit\u00e9, afin de garantir la s\u00e9curit\u00e9 des passagers et pr\u00e9server les moyens de transport.<\/p>\n\n<div>Les campagnes de surveillance et de s\u00e9curit\u00e9 ont couvert plusieurs stations de transport urbain dont des gares ferroviaires, et ont abouti \u00e0 l&rsquo;arrestation de 50 personnes recherch\u00e9es.<\/div>\n\n\n<div class=\"wp-block-image\"><figure class=\"aligncenter\"><img decoding=\"async\" src=\"http:\/\/kapitalis.com\/tunisie\/wp-content\/uploads\/2019\/08\/personne-arr\u00eat\u00e9e.jpg\" alt=\"\" class=\"wp-image-232791\"\/><\/figure><\/div>\n\n\n<div>Les 1.936 proc\u00e8s verbaux qui ont \u00e9t\u00e9 dress\u00e9s se rapportent \u00e0 toutes sortes de violations et infractions durant les trajets.<\/div>\n\n\n<p style=\"text-align:right\"><strong>A. M.<\/strong><\/p>\n","protected":false},"excerpt":{"rendered":"<p>La Soci\u00e9t\u00e9 des transports de Tunis (Transtu), le principal op\u00e9rateur de transport urbain dans la capitale, a effectu\u00e9 32 op\u00e9rations de surveillance durant le mois de juillet 2019, qui ont abouti \u00e0 l&rsquo;arrestation de 50 personnes et la r\u00e9daction de 1.936 proc\u00e8s verbaux.<\/p>\n","protected":false},"author":22,"featured_media":232791,"comment_status":"open","ping_status":"open","sticky":false,"template":"","format":"standard","meta":{"footnotes":""},"categories":[998,2433],"tags":[4816],"class_list":["post-232778","post","type-post","status-publish","format-standard","has-post-thumbnail","hentry","category-societe","category-tunisie","tag-transtu"],"yoast_head":"<!-- This site is optimized with the Yoast SEO plugin v26.6 - https:\/\/yoast.com\/wordpress\/plugins\/seo\/ -->\n<title>Transtu: 32 op\u00e9rations de surveillance, 50 personnes arr\u00eat\u00e9es, et 1.936 proc\u00e8s verbaux en juillet - Kapitalis<\/title>\n<meta name=\"robots\" content=\"index, follow, max-snippet:-1, max-image-preview:large, max-video-preview:-1\" \/>\n<link rel=\"canonical\" href=\"https:\/\/kapitalis.com\/tunisie\/2019\/08\/13\/transtu-32-operations-de-surveillance-50-personnes-arretees-et-1-936-proces-verbaux-en-juillet\/\" \/>\n<meta property=\"og:locale\" content=\"fr_FR\" \/>\n<meta property=\"og:type\" content=\"article\" \/>\n<meta property=\"og:title\" content=\"Transtu: 32 op\u00e9rations de surveillance, 50 personnes arr\u00eat\u00e9es, et 1.936 proc\u00e8s verbaux en juillet - Kapitalis\" \/>\n<meta property=\"og:description\" content=\"La Soci\u00e9t\u00e9 des transports de Tunis (Transtu), le principal op\u00e9rateur de transport urbain dans la capitale, a effectu\u00e9 32 op\u00e9rations de surveillance durant le mois de juillet 2019, qui ont abouti \u00e0 l&rsquo;arrestation de 50 personnes et la r\u00e9daction de 1.936 proc\u00e8s verbaux.\" \/>\n<meta property=\"og:url\" content=\"https:\/\/kapitalis.com\/tunisie\/2019\/08\/13\/transtu-32-operations-de-surveillance-50-personnes-arretees-et-1-936-proces-verbaux-en-juillet\/\" \/>\n<meta property=\"og:site_name\" content=\"Kapitalis\" \/>\n<meta property=\"article:publisher\" content=\"https:\/\/www.facebook.com\/KapitalisInfo\/\" \/>\n<meta property=\"article:published_time\" content=\"2019-08-13T16:15:28+00:00\" \/>\n<meta property=\"article:modified_time\" content=\"2019-08-13T16:15:32+00:00\" \/>\n<meta property=\"og:image\" content=\"https:\/\/kapitalis.com\/tunisie\/wp-content\/uploads\/2022\/05\/kapitalis-logo-fb.png\" \/>\n\t<meta property=\"og:image:width\" content=\"1200\" \/>\n\t<meta property=\"og:image:height\" content=\"630\" \/>\n\t<meta property=\"og:image:type\" content=\"image\/png\" \/>\n<meta name=\"author\" content=\"Amina Mkada\" \/>\n<meta name=\"twitter:card\" content=\"summary_large_image\" \/>\n<meta name=\"twitter:creator\" content=\"@KapitalisInfo\" \/>\n<meta name=\"twitter:site\" content=\"@KapitalisInfo\" \/>\n<meta name=\"twitter:label1\" content=\"\u00c9crit par\" \/>\n\t<meta name=\"twitter:data1\" content=\"Amina Mkada\" \/>\n\t<meta name=\"twitter:label2\" content=\"Dur\u00e9e de lecture estim\u00e9e\" \/>\n\t<meta name=\"twitter:data2\" content=\"1 minute\" \/>\n<script type=\"application\/ld+json\" class=\"yoast-schema-graph\">{\"@context\":\"https:\/\/schema.org\",\"@graph\":[{\"@type\":\"Article\",\"@id\":\"https:\/\/kapitalis.com\/tunisie\/2019\/08\/13\/transtu-32-operations-de-surveillance-50-personnes-arretees-et-1-936-proces-verbaux-en-juillet\/#article\",\"isPartOf\":{\"@id\":\"https:\/\/kapitalis.com\/tunisie\/2019\/08\/13\/transtu-32-operations-de-surveillance-50-personnes-arretees-et-1-936-proces-verbaux-en-juillet\/\"},\"author\":{\"name\":\"Amina Mkada\",\"@id\":\"https:\/\/kapitalis.com\/tunisie\/#\/schema\/person\/093913313d3017554cb3ad077fff3fbd\"},\"headline\":\"Transtu: 32 op\u00e9rations de surveillance, 50 personnes arr\u00eat\u00e9es, et 1.936 proc\u00e8s verbaux en juillet\",\"datePublished\":\"2019-08-13T16:15:28+00:00\",\"dateModified\":\"2019-08-13T16:15:32+00:00\",\"mainEntityOfPage\":{\"@id\":\"https:\/\/kapitalis.com\/tunisie\/2019\/08\/13\/transtu-32-operations-de-surveillance-50-personnes-arretees-et-1-936-proces-verbaux-en-juillet\/\"},\"wordCount\":150,\"commentCount\":0,\"publisher\":{\"@id\":\"https:\/\/kapitalis.com\/tunisie\/#organization\"},\"image\":{\"@id\":\"https:\/\/kapitalis.com\/tunisie\/2019\/08\/13\/transtu-32-operations-de-surveillance-50-personnes-arretees-et-1-936-proces-verbaux-en-juillet\/#primaryimage\"},\"thumbnailUrl\":\"\",\"keywords\":[\"Transtu\"],\"articleSection\":[\"SOCIETE\",\"Tunisie\"],\"inLanguage\":\"fr-FR\",\"potentialAction\":[{\"@type\":\"CommentAction\",\"name\":\"Comment\",\"target\":[\"https:\/\/kapitalis.com\/tunisie\/2019\/08\/13\/transtu-32-operations-de-surveillance-50-personnes-arretees-et-1-936-proces-verbaux-en-juillet\/#respond\"]}]},{\"@type\":\"WebPage\",\"@id\":\"https:\/\/kapitalis.com\/tunisie\/2019\/08\/13\/transtu-32-operations-de-surveillance-50-personnes-arretees-et-1-936-proces-verbaux-en-juillet\/\",\"url\":\"https:\/\/kapitalis.com\/tunisie\/2019\/08\/13\/transtu-32-operations-de-surveillance-50-personnes-arretees-et-1-936-proces-verbaux-en-juillet\/\",\"name\":\"Transtu: 32 op\u00e9rations de surveillance, 50 personnes arr\u00eat\u00e9es, et 1.936 proc\u00e8s verbaux en juillet - Kapitalis\",\"isPartOf\":{\"@id\":\"https:\/\/kapitalis.com\/tunisie\/#website\"},\"primaryImageOfPage\":{\"@id\":\"https:\/\/kapitalis.com\/tunisie\/2019\/08\/13\/transtu-32-operations-de-surveillance-50-personnes-arretees-et-1-936-proces-verbaux-en-juillet\/#primaryimage\"},\"image\":{\"@id\":\"https:\/\/kapitalis.com\/tunisie\/2019\/08\/13\/transtu-32-operations-de-surveillance-50-personnes-arretees-et-1-936-proces-verbaux-en-juillet\/#primaryimage\"},\"thumbnailUrl\":\"\",\"datePublished\":\"2019-08-13T16:15:28+00:00\",\"dateModified\":\"2019-08-13T16:15:32+00:00\",\"breadcrumb\":{\"@id\":\"https:\/\/kapitalis.com\/tunisie\/2019\/08\/13\/transtu-32-operations-de-surveillance-50-personnes-arretees-et-1-936-proces-verbaux-en-juillet\/#breadcrumb\"},\"inLanguage\":\"fr-FR\",\"potentialAction\":[{\"@type\":\"ReadAction\",\"target\":[\"https:\/\/kapitalis.com\/tunisie\/2019\/08\/13\/transtu-32-operations-de-surveillance-50-personnes-arretees-et-1-936-proces-verbaux-en-juillet\/\"]}]},{\"@type\":\"ImageObject\",\"inLanguage\":\"fr-FR\",\"@id\":\"https:\/\/kapitalis.com\/tunisie\/2019\/08\/13\/transtu-32-operations-de-surveillance-50-personnes-arretees-et-1-936-proces-verbaux-en-juillet\/#primaryimage\",\"url\":\"\",\"contentUrl\":\"\"},{\"@type\":\"BreadcrumbList\",\"@id\":\"https:\/\/kapitalis.com\/tunisie\/2019\/08\/13\/transtu-32-operations-de-surveillance-50-personnes-arretees-et-1-936-proces-verbaux-en-juillet\/#breadcrumb\",\"itemListElement\":[{\"@type\":\"ListItem\",\"position\":1,\"name\":\"Accueil\",\"item\":\"https:\/\/kapitalis.com\/tunisie\/\"},{\"@type\":\"ListItem\",\"position\":2,\"name\":\"Transtu: 32 op\u00e9rations de surveillance, 50 personnes arr\u00eat\u00e9es, et 1.936 proc\u00e8s verbaux en juillet\"}]},{\"@type\":\"WebSite\",\"@id\":\"https:\/\/kapitalis.com\/tunisie\/#website\",\"url\":\"https:\/\/kapitalis.com\/tunisie\/\",\"name\":\"Kapitalis\",\"description\":\"L&#039;actualit\u00e9 en Tunisie et dans le monde\",\"publisher\":{\"@id\":\"https:\/\/kapitalis.com\/tunisie\/#organization\"},\"potentialAction\":[{\"@type\":\"SearchAction\",\"target\":{\"@type\":\"EntryPoint\",\"urlTemplate\":\"https:\/\/kapitalis.com\/tunisie\/?s={search_term_string}\"},\"query-input\":{\"@type\":\"PropertyValueSpecification\",\"valueRequired\":true,\"valueName\":\"search_term_string\"}}],\"inLanguage\":\"fr-FR\"},{\"@type\":\"Organization\",\"@id\":\"https:\/\/kapitalis.com\/tunisie\/#organization\",\"name\":\"Kapitalis\",\"url\":\"https:\/\/kapitalis.com\/tunisie\/\",\"logo\":{\"@type\":\"ImageObject\",\"inLanguage\":\"fr-FR\",\"@id\":\"https:\/\/kapitalis.com\/tunisie\/#\/schema\/logo\/image\/\",\"url\":\"https:\/\/kapitalis.com\/tunisie\/wp-content\/uploads\/2022\/05\/Kapitalis-big-size.png\",\"contentUrl\":\"https:\/\/kapitalis.com\/tunisie\/wp-content\/uploads\/2022\/05\/Kapitalis-big-size.png\",\"width\":5000,\"height\":1500,\"caption\":\"Kapitalis\"},\"image\":{\"@id\":\"https:\/\/kapitalis.com\/tunisie\/#\/schema\/logo\/image\/\"},\"sameAs\":[\"https:\/\/www.facebook.com\/KapitalisInfo\/\",\"https:\/\/x.com\/KapitalisInfo\",\"https:\/\/www.youtube.com\/channel\/UC-yDYrHyfFBWWZaOw3FPg9Q\"]},{\"@type\":\"Person\",\"@id\":\"https:\/\/kapitalis.com\/tunisie\/#\/schema\/person\/093913313d3017554cb3ad077fff3fbd\",\"name\":\"Amina Mkada\",\"url\":\"https:\/\/kapitalis.com\/tunisie\/author\/amina\/\"}]}<\/script>\n<!-- \/ Yoast SEO plugin. -->","yoast_head_json":{"title":"Transtu: 32 op\u00e9rations de surveillance, 50 personnes arr\u00eat\u00e9es, et 1.936 proc\u00e8s verbaux en juillet - Kapitalis","robots":{"index":"index","follow":"follow","max-snippet":"max-snippet:-1","max-image-preview":"max-image-preview:large","max-video-preview":"max-video-preview:-1"},"canonical":"https:\/\/kapitalis.com\/tunisie\/2019\/08\/13\/transtu-32-operations-de-surveillance-50-personnes-arretees-et-1-936-proces-verbaux-en-juillet\/","og_locale":"fr_FR","og_type":"article","og_title":"Transtu: 32 op\u00e9rations de surveillance, 50 personnes arr\u00eat\u00e9es, et 1.936 proc\u00e8s verbaux en juillet - Kapitalis","og_description":"La Soci\u00e9t\u00e9 des transports de Tunis (Transtu), le principal op\u00e9rateur de transport urbain dans la capitale, a effectu\u00e9 32 op\u00e9rations de surveillance durant le mois de juillet 2019, qui ont abouti \u00e0 l&rsquo;arrestation de 50 personnes et la r\u00e9daction de 1.936 proc\u00e8s verbaux.","og_url":"https:\/\/kapitalis.com\/tunisie\/2019\/08\/13\/transtu-32-operations-de-surveillance-50-personnes-arretees-et-1-936-proces-verbaux-en-juillet\/","og_site_name":"Kapitalis","article_publisher":"https:\/\/www.facebook.com\/KapitalisInfo\/","article_published_time":"2019-08-13T16:15:28+00:00","article_modified_time":"2019-08-13T16:15:32+00:00","og_image":[{"width":1200,"height":630,"url":"https:\/\/kapitalis.com\/tunisie\/wp-content\/uploads\/2022\/05\/kapitalis-logo-fb.png","type":"image\/png"}],"author":"Amina Mkada","twitter_card":"summary_large_image","twitter_creator":"@KapitalisInfo","twitter_site":"@KapitalisInfo","twitter_misc":{"\u00c9crit par":"Amina Mkada","Dur\u00e9e de lecture estim\u00e9e":"1 minute"},"schema":{"@context":"https:\/\/schema.org","@graph":[{"@type":"Article","@id":"https:\/\/kapitalis.com\/tunisie\/2019\/08\/13\/transtu-32-operations-de-surveillance-50-personnes-arretees-et-1-936-proces-verbaux-en-juillet\/#article","isPartOf":{"@id":"https:\/\/kapitalis.com\/tunisie\/2019\/08\/13\/transtu-32-operations-de-surveillance-50-personnes-arretees-et-1-936-proces-verbaux-en-juillet\/"},"author":{"name":"Amina Mkada","@id":"https:\/\/kapitalis.com\/tunisie\/#\/schema\/person\/093913313d3017554cb3ad077fff3fbd"},"headline":"Transtu: 32 op\u00e9rations de surveillance, 50 personnes arr\u00eat\u00e9es, et 1.936 proc\u00e8s verbaux en juillet","datePublished":"2019-08-13T16:15:28+00:00","dateModified":"2019-08-13T16:15:32+00:00","mainEntityOfPage":{"@id":"https:\/\/kapitalis.com\/tunisie\/2019\/08\/13\/transtu-32-operations-de-surveillance-50-personnes-arretees-et-1-936-proces-verbaux-en-juillet\/"},"wordCount":150,"commentCount":0,"publisher":{"@id":"https:\/\/kapitalis.com\/tunisie\/#organization"},"image":{"@id":"https:\/\/kapitalis.com\/tunisie\/2019\/08\/13\/transtu-32-operations-de-surveillance-50-personnes-arretees-et-1-936-proces-verbaux-en-juillet\/#primaryimage"},"thumbnailUrl":"","keywords":["Transtu"],"articleSection":["SOCIETE","Tunisie"],"inLanguage":"fr-FR","potentialAction":[{"@type":"CommentAction","name":"Comment","target":["https:\/\/kapitalis.com\/tunisie\/2019\/08\/13\/transtu-32-operations-de-surveillance-50-personnes-arretees-et-1-936-proces-verbaux-en-juillet\/#respond"]}]},{"@type":"WebPage","@id":"https:\/\/kapitalis.com\/tunisie\/2019\/08\/13\/transtu-32-operations-de-surveillance-50-personnes-arretees-et-1-936-proces-verbaux-en-juillet\/","url":"https:\/\/kapitalis.com\/tunisie\/2019\/08\/13\/transtu-32-operations-de-surveillance-50-personnes-arretees-et-1-936-proces-verbaux-en-juillet\/","name":"Transtu: 32 op\u00e9rations de surveillance, 50 personnes arr\u00eat\u00e9es, et 1.936 proc\u00e8s verbaux en juillet - Kapitalis","isPartOf":{"@id":"https:\/\/kapitalis.com\/tunisie\/#website"},"primaryImageOfPage":{"@id":"https:\/\/kapitalis.com\/tunisie\/2019\/08\/13\/transtu-32-operations-de-surveillance-50-personnes-arretees-et-1-936-proces-verbaux-en-juillet\/#primaryimage"},"image":{"@id":"https:\/\/kapitalis.com\/tunisie\/2019\/08\/13\/transtu-32-operations-de-surveillance-50-personnes-arretees-et-1-936-proces-verbaux-en-juillet\/#primaryimage"},"thumbnailUrl":"","datePublished":"2019-08-13T16:15:28+00:00","dateModified":"2019-08-13T16:15:32+00:00","breadcrumb":{"@id":"https:\/\/kapitalis.com\/tunisie\/2019\/08\/13\/transtu-32-operations-de-surveillance-50-personnes-arretees-et-1-936-proces-verbaux-en-juillet\/#breadcrumb"},"inLanguage":"fr-FR","potentialAction":[{"@type":"ReadAction","target":["https:\/\/kapitalis.com\/tunisie\/2019\/08\/13\/transtu-32-operations-de-surveillance-50-personnes-arretees-et-1-936-proces-verbaux-en-juillet\/"]}]},{"@type":"ImageObject","inLanguage":"fr-FR","@id":"https:\/\/kapitalis.com\/tunisie\/2019\/08\/13\/transtu-32-operations-de-surveillance-50-personnes-arretees-et-1-936-proces-verbaux-en-juillet\/#primaryimage","url":"","contentUrl":""},{"@type":"BreadcrumbList","@id":"https:\/\/kapitalis.com\/tunisie\/2019\/08\/13\/transtu-32-operations-de-surveillance-50-personnes-arretees-et-1-936-proces-verbaux-en-juillet\/#breadcrumb","itemListElement":[{"@type":"ListItem","position":1,"name":"Accueil","item":"https:\/\/kapitalis.com\/tunisie\/"},{"@type":"ListItem","position":2,"name":"Transtu: 32 op\u00e9rations de surveillance, 50 personnes arr\u00eat\u00e9es, et 1.936 proc\u00e8s verbaux en juillet"}]},{"@type":"WebSite","@id":"https:\/\/kapitalis.com\/tunisie\/#website","url":"https:\/\/kapitalis.com\/tunisie\/","name":"Kapitalis","description":"L&#039;actualit\u00e9 en Tunisie et dans le monde","publisher":{"@id":"https:\/\/kapitalis.com\/tunisie\/#organization"},"potentialAction":[{"@type":"SearchAction","target":{"@type":"EntryPoint","urlTemplate":"https:\/\/kapitalis.com\/tunisie\/?s={search_term_string}"},"query-input":{"@type":"PropertyValueSpecification","valueRequired":true,"valueName":"search_term_string"}}],"inLanguage":"fr-FR"},{"@type":"Organization","@id":"https:\/\/kapitalis.com\/tunisie\/#organization","name":"Kapitalis","url":"https:\/\/kapitalis.com\/tunisie\/","logo":{"@type":"ImageObject","inLanguage":"fr-FR","@id":"https:\/\/kapitalis.com\/tunisie\/#\/schema\/logo\/image\/","url":"https:\/\/kapitalis.com\/tunisie\/wp-content\/uploads\/2022\/05\/Kapitalis-big-size.png","contentUrl":"https:\/\/kapitalis.com\/tunisie\/wp-content\/uploads\/2022\/05\/Kapitalis-big-size.png","width":5000,"height":1500,"caption":"Kapitalis"},"image":{"@id":"https:\/\/kapitalis.com\/tunisie\/#\/schema\/logo\/image\/"},"sameAs":["https:\/\/www.facebook.com\/KapitalisInfo\/","https:\/\/x.com\/KapitalisInfo","https:\/\/www.youtube.com\/channel\/UC-yDYrHyfFBWWZaOw3FPg9Q"]},{"@type":"Person","@id":"https:\/\/kapitalis.com\/tunisie\/#\/schema\/person\/093913313d3017554cb3ad077fff3fbd","name":"Amina Mkada","url":"https:\/\/kapitalis.com\/tunisie\/author\/amina\/"}]}},"_links":{"self":[{"href":"https:\/\/kapitalis.com\/tunisie\/wp-json\/wp\/v2\/posts\/232778","targetHints":{"allow":["GET"]}}],"collection":[{"href":"https:\/\/kapitalis.com\/tunisie\/wp-json\/wp\/v2\/posts"}],"about":[{"href":"https:\/\/kapitalis.com\/tunisie\/wp-json\/wp\/v2\/types\/post"}],"author":[{"embeddable":true,"href":"https:\/\/kapitalis.com\/tunisie\/wp-json\/wp\/v2\/users\/22"}],"replies":[{"embeddable":true,"href":"https:\/\/kapitalis.com\/tunisie\/wp-json\/wp\/v2\/comments?post=232778"}],"version-history":[{"count":0,"href":"https:\/\/kapitalis.com\/tunisie\/wp-json\/wp\/v2\/posts\/232778\/revisions"}],"wp:featuredmedia":[{"embeddable":true,"href":"https:\/\/kapitalis.com\/tunisie\/wp-json\/wp\/v2\/media\/232791"}],"wp:attachment":[{"href":"https:\/\/kapitalis.com\/tunisie\/wp-json\/wp\/v2\/media?parent=232778"}],"wp:term":[{"taxonomy":"category","embeddable":true,"href":"https:\/\/kapitalis.com\/tunisie\/wp-json\/wp\/v2\/categories?post=232778"},{"taxonomy":"post_tag","embeddable":true,"href":"https:\/\/kapitalis.com\/tunisie\/wp-json\/wp\/v2\/tags?post=232778"}],"curies":[{"name":"wp","href":"https:\/\/api.w.org\/{rel}","templated":true}]}}