{"id":232845,"date":"2019-08-14T08:18:14","date_gmt":"2019-08-14T07:18:14","guid":{"rendered":"http:\/\/kapitalis.com\/tunisie\/?p=232845"},"modified":"2019-08-14T08:18:17","modified_gmt":"2019-08-14T07:18:17","slug":"festival-de-musique-alternative-de-rast-angela-nouvelle-date-et-nouveau-programme","status":"publish","type":"post","link":"https:\/\/kapitalis.com\/tunisie\/2019\/08\/14\/festival-de-musique-alternative-de-rast-angela-nouvelle-date-et-nouveau-programme\/","title":{"rendered":"Festival de Musique Alternative de Rast Angela : Nouvelle date et nouveau programme"},"content":{"rendered":"\n<figure class=\"wp-block-image\"><img decoding=\"async\" src=\"http:\/\/kapitalis.com\/tunisie\/wp-content\/uploads\/2019\/08\/Rast-Angela-Bizerte.jpg\" alt=\"\" class=\"wp-image-232846\"\/><\/figure>\n\n\n\n<p><strong><em>Apr\u00e8s le report de sa 3e \u00e9dition, le Festival de musique alternative de Rast Angela \u00e0 Bizerte aura lieu du 22 au 25 ao\u00fbt 2019. Un nouveau programme vient d\u2019\u00eatre annonc\u00e9 ax\u00e9 sur la d\u00e9couverte de la sc\u00e8ne musicale underground.<\/em><\/strong><br><\/p>\n\n\n\n<!--more-->\n\n\n\n<p> La 3e \u00e9dition du Festival de musique alternative de Rast Angela devait se tenir du 27 au 30 juin dernier, mais la direction de cette jeune manifestation musicale a d\u00fb reporter le programme, le jour m\u00eame de son ouverture, qui avait co\u00efncid\u00e9 avec le double attentat suicide commis le 27 juin \u00e0 Tunis, ayant vis\u00e9 les forces de l\u2019ordre.<br><\/p>\n\n\n\n<p> Reporter un festival le jour de son inauguration est certainement un sacr\u00e9 coup pour son \u00e9quipe organisatrice et ce fut un r\u00e9el challenge que de tout reprogrammer deux mois plus tard. Ainsi une nouvelle programmation a \u00e9t\u00e9 mise au point avec des concerts quotidiens ainsi que diff\u00e9rentes autres activit\u00e9s qui se tiendront dans diff\u00e9rents espaces de la ville de Bizerte, comme le vieux port ou Marina Bizerte. La soir\u00e9e d\u2019inauguration pr\u00e9vue pour le jeudi 22 ao\u00fbt sera assur\u00e9e par l\u2019artiste Sabrine Jenhani, ancienne chanteuse du duo Y\u00fcma, qui revient avec un nouveau projet intitul\u00e9 \u2018\u2018Z\u00e3y\u2019\u2019.<br><\/p>\n\n\n\n<p> La cl\u00f4ture sera se fera avec le groupe Souls, qui sera suivi pas Aytma, au vieux port.<br><\/p>\n\n\n\n<h3 class=\"wp-block-heading\"> Programme complet :<br><\/h3>\n\n\n\n<p> <strong>Le 22 ao\u00fbt :<\/strong><\/p>\n\n\n\n<p>19h : spectacle d\u2019ouverture avec le projet <em>\u2018\u2018Z\u00e3y\u2019\u2019 <\/em>de Sabrine Jenhani (marina de Bizerte).<br><\/p>\n\n\n\n<p><strong>Le 23 ao\u00fbt :<\/strong><\/p>\n\n\n\n<p>18h : Carnaval (d\u00e9part de la marina de Bizerte jusqu&rsquo;au vieux port) ;<\/p>\n\n\n\n<p>19h : concert 1: Targ (au vieux port) ;<\/p>\n\n\n\n<p>20h30 : concert 2: Ifrikya Spirit (au vieux port ).<br><\/p>\n\n\n\n<p> <strong>Le 24 ao\u00fbt :<\/strong><\/p>\n\n\n\n<p>09h : d\u00e9part Randocap RastAngela 2019 pour Cap Angela ;<\/p>\n\n\n\n<p>19h : concert 1: Stambeli de Bellassan Mihoub (au vieux port) ;<\/p>\n\n\n\n<p>20h30 : concert 2 : <em>\u2018\u2018Cha\u00f4uia\u2019\u2019 <\/em>de Nidhal Yahyaoui (au vieux port).<br><\/p>\n\n\n\n<p><strong>Le 25 ao\u00fbt :<\/strong><\/p>\n\n\n\n<p>19h30 : concert 1: From Souls (au vieux port) ;<\/p>\n\n\n\n<p>20h30 : concert 2: Aytma (au vieux port).<br><\/p>\n\n\n\n<p style=\"text-align:right\"><strong> Fawz Ben Ali<\/strong><\/p>\n\n\n\n<figure class=\"wp-block-embed is-type-rich is-provider-kapitalis\"><div class=\"wp-block-embed__wrapper\">\n<blockquote class=\"wp-embedded-content\" data-secret=\"8ZDp5PXBpM\"><a href=\"https:\/\/kapitalis.com\/tunisie\/2019\/06\/25\/bizerte-3e-edition-du-festival-de-musique-alternative-de-rast-angela\/\">Bizerte : 3e \u00e9dition du festival de musique alternative de Rast Angela<\/a><\/blockquote><iframe loading=\"lazy\" class=\"wp-embedded-content\" sandbox=\"allow-scripts\" security=\"restricted\" style=\"position: absolute; clip: rect(1px, 1px, 1px, 1px);\" title=\"\u00ab\u00a0Bizerte : 3e \u00e9dition du festival de musique alternative de Rast Angela\u00a0\u00bb &#8212; Kapitalis\" src=\"https:\/\/kapitalis.com\/tunisie\/2019\/06\/25\/bizerte-3e-edition-du-festival-de-musique-alternative-de-rast-angela\/embed\/#?secret=SP4vUPqlJr#?secret=8ZDp5PXBpM\" data-secret=\"8ZDp5PXBpM\" width=\"600\" height=\"338\" frameborder=\"0\" marginwidth=\"0\" marginheight=\"0\" scrolling=\"no\"><\/iframe>\n<\/div><\/figure>\n\n\n\n<figure class=\"wp-block-embed is-type-rich is-provider-kapitalis\"><div class=\"wp-block-embed__wrapper\">\n<blockquote class=\"wp-embedded-content\" data-secret=\"rZTUGe85VV\"><a href=\"https:\/\/kapitalis.com\/tunisie\/2017\/04\/19\/rast-angela-un-festival-de-musique-alternative\/\">Rast Angela : Un festival de musique alternative<\/a><\/blockquote><iframe loading=\"lazy\" class=\"wp-embedded-content\" sandbox=\"allow-scripts\" security=\"restricted\" style=\"position: absolute; clip: rect(1px, 1px, 1px, 1px);\" title=\"\u00ab\u00a0Rast Angela : Un festival de musique alternative\u00a0\u00bb &#8212; Kapitalis\" src=\"https:\/\/kapitalis.com\/tunisie\/2017\/04\/19\/rast-angela-un-festival-de-musique-alternative\/embed\/#?secret=oEvyCVN9tw#?secret=rZTUGe85VV\" data-secret=\"rZTUGe85VV\" width=\"600\" height=\"338\" frameborder=\"0\" marginwidth=\"0\" marginheight=\"0\" scrolling=\"no\"><\/iframe>\n<\/div><\/figure>\n","protected":false},"excerpt":{"rendered":"<p>Apr\u00e8s le report de sa 3e \u00e9dition, le Festival de musique alternative de Rast Angela \u00e0 Bizerte aura lieu du 22 au 25 ao\u00fbt 2019. Un nouveau programme vient d\u2019\u00eatre annonc\u00e9 ax\u00e9 sur la d\u00e9couverte de la sc\u00e8ne musicale underground.<\/p>\n","protected":false},"author":8,"featured_media":232846,"comment_status":"open","ping_status":"open","sticky":false,"template":"","format":"standard","meta":{"footnotes":""},"categories":[994,2433],"tags":[30438,148,26217,20730],"class_list":["post-232845","post","type-post","status-publish","format-standard","has-post-thumbnail","hentry","category-culture","category-tunisie","tag-aytma","tag-bizerte","tag-nidhal-yahyaoui","tag-sabrine-jenhani"],"yoast_head":"<!-- This site is optimized with the Yoast SEO plugin v26.6 - https:\/\/yoast.com\/wordpress\/plugins\/seo\/ -->\n<title>Festival de Musique Alternative de Rast Angela : Nouvelle date et nouveau programme - Kapitalis<\/title>\n<meta name=\"robots\" content=\"index, follow, max-snippet:-1, max-image-preview:large, max-video-preview:-1\" \/>\n<link rel=\"canonical\" href=\"https:\/\/kapitalis.com\/tunisie\/2019\/08\/14\/festival-de-musique-alternative-de-rast-angela-nouvelle-date-et-nouveau-programme\/\" \/>\n<meta property=\"og:locale\" content=\"fr_FR\" \/>\n<meta property=\"og:type\" content=\"article\" \/>\n<meta property=\"og:title\" content=\"Festival de Musique Alternative de Rast Angela : Nouvelle date et nouveau programme - Kapitalis\" \/>\n<meta property=\"og:description\" content=\"Apr\u00e8s le report de sa 3e \u00e9dition, le Festival de musique alternative de Rast Angela \u00e0 Bizerte aura lieu du 22 au 25 ao\u00fbt 2019. Un nouveau programme vient d\u2019\u00eatre annonc\u00e9 ax\u00e9 sur la d\u00e9couverte de la sc\u00e8ne musicale underground.\" \/>\n<meta property=\"og:url\" content=\"https:\/\/kapitalis.com\/tunisie\/2019\/08\/14\/festival-de-musique-alternative-de-rast-angela-nouvelle-date-et-nouveau-programme\/\" \/>\n<meta property=\"og:site_name\" content=\"Kapitalis\" \/>\n<meta property=\"article:publisher\" content=\"https:\/\/www.facebook.com\/KapitalisInfo\/\" \/>\n<meta property=\"article:published_time\" content=\"2019-08-14T07:18:14+00:00\" \/>\n<meta property=\"article:modified_time\" content=\"2019-08-14T07:18:17+00:00\" \/>\n<meta property=\"og:image\" content=\"https:\/\/kapitalis.com\/tunisie\/wp-content\/uploads\/2022\/05\/kapitalis-logo-fb.png\" \/>\n\t<meta property=\"og:image:width\" content=\"1200\" \/>\n\t<meta property=\"og:image:height\" content=\"630\" \/>\n\t<meta property=\"og:image:type\" content=\"image\/png\" \/>\n<meta name=\"author\" content=\"webmaster kapitalis\" \/>\n<meta name=\"twitter:card\" content=\"summary_large_image\" \/>\n<meta name=\"twitter:creator\" content=\"@KapitalisInfo\" \/>\n<meta name=\"twitter:site\" content=\"@KapitalisInfo\" \/>\n<meta name=\"twitter:label1\" content=\"\u00c9crit par\" \/>\n\t<meta name=\"twitter:data1\" content=\"webmaster kapitalis\" \/>\n\t<meta name=\"twitter:label2\" content=\"Dur\u00e9e de lecture estim\u00e9e\" \/>\n\t<meta name=\"twitter:data2\" content=\"2 minutes\" \/>\n<script type=\"application\/ld+json\" class=\"yoast-schema-graph\">{\"@context\":\"https:\/\/schema.org\",\"@graph\":[{\"@type\":\"Article\",\"@id\":\"https:\/\/kapitalis.com\/tunisie\/2019\/08\/14\/festival-de-musique-alternative-de-rast-angela-nouvelle-date-et-nouveau-programme\/#article\",\"isPartOf\":{\"@id\":\"https:\/\/kapitalis.com\/tunisie\/2019\/08\/14\/festival-de-musique-alternative-de-rast-angela-nouvelle-date-et-nouveau-programme\/\"},\"author\":{\"name\":\"webmaster kapitalis\",\"@id\":\"https:\/\/kapitalis.com\/tunisie\/#\/schema\/person\/d71f33a9ca44f7bad4698210b480c8e9\"},\"headline\":\"Festival de Musique Alternative de Rast Angela : Nouvelle date et nouveau programme\",\"datePublished\":\"2019-08-14T07:18:14+00:00\",\"dateModified\":\"2019-08-14T07:18:17+00:00\",\"mainEntityOfPage\":{\"@id\":\"https:\/\/kapitalis.com\/tunisie\/2019\/08\/14\/festival-de-musique-alternative-de-rast-angela-nouvelle-date-et-nouveau-programme\/\"},\"wordCount\":343,\"commentCount\":0,\"publisher\":{\"@id\":\"https:\/\/kapitalis.com\/tunisie\/#organization\"},\"image\":{\"@id\":\"https:\/\/kapitalis.com\/tunisie\/2019\/08\/14\/festival-de-musique-alternative-de-rast-angela-nouvelle-date-et-nouveau-programme\/#primaryimage\"},\"thumbnailUrl\":\"\",\"keywords\":[\"Aytma\",\"Bizerte\",\"Nidhal Yahyaoui\",\"Sabrine Jenhani\"],\"articleSection\":[\"CULTURE\",\"Tunisie\"],\"inLanguage\":\"fr-FR\",\"potentialAction\":[{\"@type\":\"CommentAction\",\"name\":\"Comment\",\"target\":[\"https:\/\/kapitalis.com\/tunisie\/2019\/08\/14\/festival-de-musique-alternative-de-rast-angela-nouvelle-date-et-nouveau-programme\/#respond\"]}]},{\"@type\":\"WebPage\",\"@id\":\"https:\/\/kapitalis.com\/tunisie\/2019\/08\/14\/festival-de-musique-alternative-de-rast-angela-nouvelle-date-et-nouveau-programme\/\",\"url\":\"https:\/\/kapitalis.com\/tunisie\/2019\/08\/14\/festival-de-musique-alternative-de-rast-angela-nouvelle-date-et-nouveau-programme\/\",\"name\":\"Festival de Musique Alternative de Rast Angela : Nouvelle date et nouveau programme - Kapitalis\",\"isPartOf\":{\"@id\":\"https:\/\/kapitalis.com\/tunisie\/#website\"},\"primaryImageOfPage\":{\"@id\":\"https:\/\/kapitalis.com\/tunisie\/2019\/08\/14\/festival-de-musique-alternative-de-rast-angela-nouvelle-date-et-nouveau-programme\/#primaryimage\"},\"image\":{\"@id\":\"https:\/\/kapitalis.com\/tunisie\/2019\/08\/14\/festival-de-musique-alternative-de-rast-angela-nouvelle-date-et-nouveau-programme\/#primaryimage\"},\"thumbnailUrl\":\"\",\"datePublished\":\"2019-08-14T07:18:14+00:00\",\"dateModified\":\"2019-08-14T07:18:17+00:00\",\"breadcrumb\":{\"@id\":\"https:\/\/kapitalis.com\/tunisie\/2019\/08\/14\/festival-de-musique-alternative-de-rast-angela-nouvelle-date-et-nouveau-programme\/#breadcrumb\"},\"inLanguage\":\"fr-FR\",\"potentialAction\":[{\"@type\":\"ReadAction\",\"target\":[\"https:\/\/kapitalis.com\/tunisie\/2019\/08\/14\/festival-de-musique-alternative-de-rast-angela-nouvelle-date-et-nouveau-programme\/\"]}]},{\"@type\":\"ImageObject\",\"inLanguage\":\"fr-FR\",\"@id\":\"https:\/\/kapitalis.com\/tunisie\/2019\/08\/14\/festival-de-musique-alternative-de-rast-angela-nouvelle-date-et-nouveau-programme\/#primaryimage\",\"url\":\"\",\"contentUrl\":\"\"},{\"@type\":\"BreadcrumbList\",\"@id\":\"https:\/\/kapitalis.com\/tunisie\/2019\/08\/14\/festival-de-musique-alternative-de-rast-angela-nouvelle-date-et-nouveau-programme\/#breadcrumb\",\"itemListElement\":[{\"@type\":\"ListItem\",\"position\":1,\"name\":\"Accueil\",\"item\":\"https:\/\/kapitalis.com\/tunisie\/\"},{\"@type\":\"ListItem\",\"position\":2,\"name\":\"Festival de Musique Alternative de Rast Angela : Nouvelle date et nouveau programme\"}]},{\"@type\":\"WebSite\",\"@id\":\"https:\/\/kapitalis.com\/tunisie\/#website\",\"url\":\"https:\/\/kapitalis.com\/tunisie\/\",\"name\":\"Kapitalis\",\"description\":\"L&#039;actualit\u00e9 en Tunisie et dans le monde\",\"publisher\":{\"@id\":\"https:\/\/kapitalis.com\/tunisie\/#organization\"},\"potentialAction\":[{\"@type\":\"SearchAction\",\"target\":{\"@type\":\"EntryPoint\",\"urlTemplate\":\"https:\/\/kapitalis.com\/tunisie\/?s={search_term_string}\"},\"query-input\":{\"@type\":\"PropertyValueSpecification\",\"valueRequired\":true,\"valueName\":\"search_term_string\"}}],\"inLanguage\":\"fr-FR\"},{\"@type\":\"Organization\",\"@id\":\"https:\/\/kapitalis.com\/tunisie\/#organization\",\"name\":\"Kapitalis\",\"url\":\"https:\/\/kapitalis.com\/tunisie\/\",\"logo\":{\"@type\":\"ImageObject\",\"inLanguage\":\"fr-FR\",\"@id\":\"https:\/\/kapitalis.com\/tunisie\/#\/schema\/logo\/image\/\",\"url\":\"https:\/\/kapitalis.com\/tunisie\/wp-content\/uploads\/2022\/05\/Kapitalis-big-size.png\",\"contentUrl\":\"https:\/\/kapitalis.com\/tunisie\/wp-content\/uploads\/2022\/05\/Kapitalis-big-size.png\",\"width\":5000,\"height\":1500,\"caption\":\"Kapitalis\"},\"image\":{\"@id\":\"https:\/\/kapitalis.com\/tunisie\/#\/schema\/logo\/image\/\"},\"sameAs\":[\"https:\/\/www.facebook.com\/KapitalisInfo\/\",\"https:\/\/x.com\/KapitalisInfo\",\"https:\/\/www.youtube.com\/channel\/UC-yDYrHyfFBWWZaOw3FPg9Q\"]},{\"@type\":\"Person\",\"@id\":\"https:\/\/kapitalis.com\/tunisie\/#\/schema\/person\/d71f33a9ca44f7bad4698210b480c8e9\",\"name\":\"webmaster kapitalis\",\"url\":\"https:\/\/kapitalis.com\/tunisie\/author\/webmaster-kapitalis\/\"}]}<\/script>\n<!-- \/ Yoast SEO plugin. -->","yoast_head_json":{"title":"Festival de Musique Alternative de Rast Angela : Nouvelle date et nouveau programme - Kapitalis","robots":{"index":"index","follow":"follow","max-snippet":"max-snippet:-1","max-image-preview":"max-image-preview:large","max-video-preview":"max-video-preview:-1"},"canonical":"https:\/\/kapitalis.com\/tunisie\/2019\/08\/14\/festival-de-musique-alternative-de-rast-angela-nouvelle-date-et-nouveau-programme\/","og_locale":"fr_FR","og_type":"article","og_title":"Festival de Musique Alternative de Rast Angela : Nouvelle date et nouveau programme - Kapitalis","og_description":"Apr\u00e8s le report de sa 3e \u00e9dition, le Festival de musique alternative de Rast Angela \u00e0 Bizerte aura lieu du 22 au 25 ao\u00fbt 2019. Un nouveau programme vient d\u2019\u00eatre annonc\u00e9 ax\u00e9 sur la d\u00e9couverte de la sc\u00e8ne musicale underground.","og_url":"https:\/\/kapitalis.com\/tunisie\/2019\/08\/14\/festival-de-musique-alternative-de-rast-angela-nouvelle-date-et-nouveau-programme\/","og_site_name":"Kapitalis","article_publisher":"https:\/\/www.facebook.com\/KapitalisInfo\/","article_published_time":"2019-08-14T07:18:14+00:00","article_modified_time":"2019-08-14T07:18:17+00:00","og_image":[{"width":1200,"height":630,"url":"https:\/\/kapitalis.com\/tunisie\/wp-content\/uploads\/2022\/05\/kapitalis-logo-fb.png","type":"image\/png"}],"author":"webmaster kapitalis","twitter_card":"summary_large_image","twitter_creator":"@KapitalisInfo","twitter_site":"@KapitalisInfo","twitter_misc":{"\u00c9crit par":"webmaster kapitalis","Dur\u00e9e de lecture estim\u00e9e":"2 minutes"},"schema":{"@context":"https:\/\/schema.org","@graph":[{"@type":"Article","@id":"https:\/\/kapitalis.com\/tunisie\/2019\/08\/14\/festival-de-musique-alternative-de-rast-angela-nouvelle-date-et-nouveau-programme\/#article","isPartOf":{"@id":"https:\/\/kapitalis.com\/tunisie\/2019\/08\/14\/festival-de-musique-alternative-de-rast-angela-nouvelle-date-et-nouveau-programme\/"},"author":{"name":"webmaster kapitalis","@id":"https:\/\/kapitalis.com\/tunisie\/#\/schema\/person\/d71f33a9ca44f7bad4698210b480c8e9"},"headline":"Festival de Musique Alternative de Rast Angela : Nouvelle date et nouveau programme","datePublished":"2019-08-14T07:18:14+00:00","dateModified":"2019-08-14T07:18:17+00:00","mainEntityOfPage":{"@id":"https:\/\/kapitalis.com\/tunisie\/2019\/08\/14\/festival-de-musique-alternative-de-rast-angela-nouvelle-date-et-nouveau-programme\/"},"wordCount":343,"commentCount":0,"publisher":{"@id":"https:\/\/kapitalis.com\/tunisie\/#organization"},"image":{"@id":"https:\/\/kapitalis.com\/tunisie\/2019\/08\/14\/festival-de-musique-alternative-de-rast-angela-nouvelle-date-et-nouveau-programme\/#primaryimage"},"thumbnailUrl":"","keywords":["Aytma","Bizerte","Nidhal Yahyaoui","Sabrine Jenhani"],"articleSection":["CULTURE","Tunisie"],"inLanguage":"fr-FR","potentialAction":[{"@type":"CommentAction","name":"Comment","target":["https:\/\/kapitalis.com\/tunisie\/2019\/08\/14\/festival-de-musique-alternative-de-rast-angela-nouvelle-date-et-nouveau-programme\/#respond"]}]},{"@type":"WebPage","@id":"https:\/\/kapitalis.com\/tunisie\/2019\/08\/14\/festival-de-musique-alternative-de-rast-angela-nouvelle-date-et-nouveau-programme\/","url":"https:\/\/kapitalis.com\/tunisie\/2019\/08\/14\/festival-de-musique-alternative-de-rast-angela-nouvelle-date-et-nouveau-programme\/","name":"Festival de Musique Alternative de Rast Angela : Nouvelle date et nouveau programme - Kapitalis","isPartOf":{"@id":"https:\/\/kapitalis.com\/tunisie\/#website"},"primaryImageOfPage":{"@id":"https:\/\/kapitalis.com\/tunisie\/2019\/08\/14\/festival-de-musique-alternative-de-rast-angela-nouvelle-date-et-nouveau-programme\/#primaryimage"},"image":{"@id":"https:\/\/kapitalis.com\/tunisie\/2019\/08\/14\/festival-de-musique-alternative-de-rast-angela-nouvelle-date-et-nouveau-programme\/#primaryimage"},"thumbnailUrl":"","datePublished":"2019-08-14T07:18:14+00:00","dateModified":"2019-08-14T07:18:17+00:00","breadcrumb":{"@id":"https:\/\/kapitalis.com\/tunisie\/2019\/08\/14\/festival-de-musique-alternative-de-rast-angela-nouvelle-date-et-nouveau-programme\/#breadcrumb"},"inLanguage":"fr-FR","potentialAction":[{"@type":"ReadAction","target":["https:\/\/kapitalis.com\/tunisie\/2019\/08\/14\/festival-de-musique-alternative-de-rast-angela-nouvelle-date-et-nouveau-programme\/"]}]},{"@type":"ImageObject","inLanguage":"fr-FR","@id":"https:\/\/kapitalis.com\/tunisie\/2019\/08\/14\/festival-de-musique-alternative-de-rast-angela-nouvelle-date-et-nouveau-programme\/#primaryimage","url":"","contentUrl":""},{"@type":"BreadcrumbList","@id":"https:\/\/kapitalis.com\/tunisie\/2019\/08\/14\/festival-de-musique-alternative-de-rast-angela-nouvelle-date-et-nouveau-programme\/#breadcrumb","itemListElement":[{"@type":"ListItem","position":1,"name":"Accueil","item":"https:\/\/kapitalis.com\/tunisie\/"},{"@type":"ListItem","position":2,"name":"Festival de Musique Alternative de Rast Angela : Nouvelle date et nouveau programme"}]},{"@type":"WebSite","@id":"https:\/\/kapitalis.com\/tunisie\/#website","url":"https:\/\/kapitalis.com\/tunisie\/","name":"Kapitalis","description":"L&#039;actualit\u00e9 en Tunisie et dans le monde","publisher":{"@id":"https:\/\/kapitalis.com\/tunisie\/#organization"},"potentialAction":[{"@type":"SearchAction","target":{"@type":"EntryPoint","urlTemplate":"https:\/\/kapitalis.com\/tunisie\/?s={search_term_string}"},"query-input":{"@type":"PropertyValueSpecification","valueRequired":true,"valueName":"search_term_string"}}],"inLanguage":"fr-FR"},{"@type":"Organization","@id":"https:\/\/kapitalis.com\/tunisie\/#organization","name":"Kapitalis","url":"https:\/\/kapitalis.com\/tunisie\/","logo":{"@type":"ImageObject","inLanguage":"fr-FR","@id":"https:\/\/kapitalis.com\/tunisie\/#\/schema\/logo\/image\/","url":"https:\/\/kapitalis.com\/tunisie\/wp-content\/uploads\/2022\/05\/Kapitalis-big-size.png","contentUrl":"https:\/\/kapitalis.com\/tunisie\/wp-content\/uploads\/2022\/05\/Kapitalis-big-size.png","width":5000,"height":1500,"caption":"Kapitalis"},"image":{"@id":"https:\/\/kapitalis.com\/tunisie\/#\/schema\/logo\/image\/"},"sameAs":["https:\/\/www.facebook.com\/KapitalisInfo\/","https:\/\/x.com\/KapitalisInfo","https:\/\/www.youtube.com\/channel\/UC-yDYrHyfFBWWZaOw3FPg9Q"]},{"@type":"Person","@id":"https:\/\/kapitalis.com\/tunisie\/#\/schema\/person\/d71f33a9ca44f7bad4698210b480c8e9","name":"webmaster kapitalis","url":"https:\/\/kapitalis.com\/tunisie\/author\/webmaster-kapitalis\/"}]}},"_links":{"self":[{"href":"https:\/\/kapitalis.com\/tunisie\/wp-json\/wp\/v2\/posts\/232845","targetHints":{"allow":["GET"]}}],"collection":[{"href":"https:\/\/kapitalis.com\/tunisie\/wp-json\/wp\/v2\/posts"}],"about":[{"href":"https:\/\/kapitalis.com\/tunisie\/wp-json\/wp\/v2\/types\/post"}],"author":[{"embeddable":true,"href":"https:\/\/kapitalis.com\/tunisie\/wp-json\/wp\/v2\/users\/8"}],"replies":[{"embeddable":true,"href":"https:\/\/kapitalis.com\/tunisie\/wp-json\/wp\/v2\/comments?post=232845"}],"version-history":[{"count":0,"href":"https:\/\/kapitalis.com\/tunisie\/wp-json\/wp\/v2\/posts\/232845\/revisions"}],"wp:featuredmedia":[{"embeddable":true,"href":"https:\/\/kapitalis.com\/tunisie\/wp-json\/wp\/v2\/media\/232846"}],"wp:attachment":[{"href":"https:\/\/kapitalis.com\/tunisie\/wp-json\/wp\/v2\/media?parent=232845"}],"wp:term":[{"taxonomy":"category","embeddable":true,"href":"https:\/\/kapitalis.com\/tunisie\/wp-json\/wp\/v2\/categories?post=232845"},{"taxonomy":"post_tag","embeddable":true,"href":"https:\/\/kapitalis.com\/tunisie\/wp-json\/wp\/v2\/tags?post=232845"}],"curies":[{"name":"wp","href":"https:\/\/api.w.org\/{rel}","templated":true}]}}