{"id":233146,"date":"2019-08-15T16:41:36","date_gmt":"2019-08-15T15:41:36","guid":{"rendered":"http:\/\/kapitalis.com\/tunisie\/?p=233146"},"modified":"2019-08-15T16:41:48","modified_gmt":"2019-08-15T15:41:48","slug":"aswat-nissa-lance-un-projet-pour-documenter-les-cas-de-discriminations-en-tunisie","status":"publish","type":"post","link":"https:\/\/kapitalis.com\/tunisie\/2019\/08\/15\/aswat-nissa-lance-un-projet-pour-documenter-les-cas-de-discriminations-en-tunisie\/","title":{"rendered":"Aswat Nissa lance un projet pour documenter les cas de discriminations en Tunisie"},"content":{"rendered":"\n<figure class=\"wp-block-image\"><img decoding=\"async\" src=\"http:\/\/kapitalis.com\/tunisie\/wp-content\/uploads\/2019\/08\/Aswat-Nissa-Mawjoudin-Chouf.jpg\" alt=\"\" class=\"wp-image-233148\"\/><\/figure>\n\n\n\n<p><strong><em>Aswat Nissa, dans le cadre de sa collaboration avec le projet \u00abChouf rana Mawjoudin\u00bb, port\u00e9 par les associations Chouf et Mawjoudin, en partenariat avec Minority Right Group et l\u2019association Damj, lance des activit\u00e9s du point anti-discrimination de ce projet, le vendredi 16 ao\u00fbt 2019, \u00e0 18h, au 3 rue Bassora, Lafayette, Tunis.<\/em><\/strong><br><\/p>\n\n\n\n<!--more-->\n\n\n\n<p> Le point anti-discrimination <em>\u00abChouf rana Mawjoudin\u00bb<\/em>, financ\u00e9 par l\u2019Union europ\u00e9enne, vise \u00e0 documenter les cas de discriminations sur la base de l\u2019orientation sexuelle, l\u2019identit\u00e9 et l\u2019expression de genre, tout en tenant compte de l\u2019intersection des oppressions commises sur la base de l\u2019ethnie, la religion et la couleur de peau. <br><\/p>\n\n\n\n<p> Aswat Nissa se place comme rep\u00e8re et point anti-discrimination affili\u00e9 au projet <em>\u00abChouf rana Mawjoudin\u00bb<\/em> permettant principalement un accueil et une orientation des victimes de discrimination vers les services d\u2019assistance psychologique, sociale et\/ou juridique. <br><\/p>\n\n\n\n<p> Les participants doivent remplir ce<a href=\"https:\/\/docs.google.com\/forms\/d\/e\/1FAIpQLSfRK55hxHgksG5zxyjXb_QISwIc7Pv9tIg-nlXadbWlHmbI0Q\/viewform?vc=0&amp;c=0&amp;w=1\" target=\"_blank\" rel=\"noreferrer noopener\" aria-label=\" formulaire (s\u2019ouvre dans un nouvel onglet)\"> formulaire<\/a>. <br><\/p>\n\n\n\n<p><strong><em> Source<\/em><\/strong> : communiqu\u00e9.<\/p>\n","protected":false},"excerpt":{"rendered":"<p>Aswat Nissa, dans le cadre de sa collaboration avec le projet \u00abChouf rana Mawjoudin\u00bb, port\u00e9 par les associations Chouf et Mawjoudin, en partenariat avec Minority Right Group et l\u2019association Damj, lance des activit\u00e9s du point anti-discrimination de ce projet, le vendredi 16 ao\u00fbt 2019, \u00e0 18h, au 3 rue Bassora, Lafayette, Tunis.<\/p>\n","protected":false},"author":8,"featured_media":233148,"comment_status":"open","ping_status":"open","sticky":false,"template":"","format":"standard","meta":{"footnotes":""},"categories":[998,2433],"tags":[26318,23065,23064,14779],"class_list":["post-233146","post","type-post","status-publish","format-standard","has-post-thumbnail","hentry","category-societe","category-tunisie","tag-aswat-nissa","tag-chouf","tag-damj","tag-mawjoudin"],"yoast_head":"<!-- This site is optimized with the Yoast SEO plugin v26.6 - https:\/\/yoast.com\/wordpress\/plugins\/seo\/ -->\n<title>Aswat Nissa lance un projet pour documenter les cas de discriminations en Tunisie - Kapitalis<\/title>\n<meta name=\"robots\" content=\"index, follow, max-snippet:-1, max-image-preview:large, max-video-preview:-1\" \/>\n<link rel=\"canonical\" href=\"https:\/\/kapitalis.com\/tunisie\/2019\/08\/15\/aswat-nissa-lance-un-projet-pour-documenter-les-cas-de-discriminations-en-tunisie\/\" \/>\n<meta property=\"og:locale\" content=\"fr_FR\" \/>\n<meta property=\"og:type\" content=\"article\" \/>\n<meta property=\"og:title\" content=\"Aswat Nissa lance un projet pour documenter les cas de discriminations en Tunisie - Kapitalis\" \/>\n<meta property=\"og:description\" content=\"Aswat Nissa, dans le cadre de sa collaboration avec le projet \u00abChouf rana Mawjoudin\u00bb, port\u00e9 par les associations Chouf et Mawjoudin, en partenariat avec Minority Right Group et l\u2019association Damj, lance des activit\u00e9s du point anti-discrimination de ce projet, le vendredi 16 ao\u00fbt 2019, \u00e0 18h, au 3 rue Bassora, Lafayette, Tunis.\" \/>\n<meta property=\"og:url\" content=\"https:\/\/kapitalis.com\/tunisie\/2019\/08\/15\/aswat-nissa-lance-un-projet-pour-documenter-les-cas-de-discriminations-en-tunisie\/\" \/>\n<meta property=\"og:site_name\" content=\"Kapitalis\" \/>\n<meta property=\"article:publisher\" content=\"https:\/\/www.facebook.com\/KapitalisInfo\/\" \/>\n<meta property=\"article:published_time\" content=\"2019-08-15T15:41:36+00:00\" \/>\n<meta property=\"article:modified_time\" content=\"2019-08-15T15:41:48+00:00\" \/>\n<meta property=\"og:image\" content=\"https:\/\/kapitalis.com\/tunisie\/wp-content\/uploads\/2022\/05\/kapitalis-logo-fb.png\" \/>\n\t<meta property=\"og:image:width\" content=\"1200\" \/>\n\t<meta property=\"og:image:height\" content=\"630\" \/>\n\t<meta property=\"og:image:type\" content=\"image\/png\" \/>\n<meta name=\"author\" content=\"webmaster kapitalis\" \/>\n<meta name=\"twitter:card\" content=\"summary_large_image\" \/>\n<meta name=\"twitter:creator\" content=\"@KapitalisInfo\" \/>\n<meta name=\"twitter:site\" content=\"@KapitalisInfo\" \/>\n<meta name=\"twitter:label1\" content=\"\u00c9crit par\" \/>\n\t<meta name=\"twitter:data1\" content=\"webmaster kapitalis\" \/>\n\t<meta name=\"twitter:label2\" content=\"Dur\u00e9e de lecture estim\u00e9e\" \/>\n\t<meta name=\"twitter:data2\" content=\"1 minute\" \/>\n<script type=\"application\/ld+json\" class=\"yoast-schema-graph\">{\"@context\":\"https:\/\/schema.org\",\"@graph\":[{\"@type\":\"Article\",\"@id\":\"https:\/\/kapitalis.com\/tunisie\/2019\/08\/15\/aswat-nissa-lance-un-projet-pour-documenter-les-cas-de-discriminations-en-tunisie\/#article\",\"isPartOf\":{\"@id\":\"https:\/\/kapitalis.com\/tunisie\/2019\/08\/15\/aswat-nissa-lance-un-projet-pour-documenter-les-cas-de-discriminations-en-tunisie\/\"},\"author\":{\"name\":\"webmaster kapitalis\",\"@id\":\"https:\/\/kapitalis.com\/tunisie\/#\/schema\/person\/d71f33a9ca44f7bad4698210b480c8e9\"},\"headline\":\"Aswat Nissa lance un projet pour documenter les cas de discriminations en Tunisie\",\"datePublished\":\"2019-08-15T15:41:36+00:00\",\"dateModified\":\"2019-08-15T15:41:48+00:00\",\"mainEntityOfPage\":{\"@id\":\"https:\/\/kapitalis.com\/tunisie\/2019\/08\/15\/aswat-nissa-lance-un-projet-pour-documenter-les-cas-de-discriminations-en-tunisie\/\"},\"wordCount\":164,\"commentCount\":0,\"publisher\":{\"@id\":\"https:\/\/kapitalis.com\/tunisie\/#organization\"},\"image\":{\"@id\":\"https:\/\/kapitalis.com\/tunisie\/2019\/08\/15\/aswat-nissa-lance-un-projet-pour-documenter-les-cas-de-discriminations-en-tunisie\/#primaryimage\"},\"thumbnailUrl\":\"\",\"keywords\":[\"Aswat Nissa\",\"Chouf\",\"Damj\",\"Mawjoudin\"],\"articleSection\":[\"SOCIETE\",\"Tunisie\"],\"inLanguage\":\"fr-FR\",\"potentialAction\":[{\"@type\":\"CommentAction\",\"name\":\"Comment\",\"target\":[\"https:\/\/kapitalis.com\/tunisie\/2019\/08\/15\/aswat-nissa-lance-un-projet-pour-documenter-les-cas-de-discriminations-en-tunisie\/#respond\"]}]},{\"@type\":\"WebPage\",\"@id\":\"https:\/\/kapitalis.com\/tunisie\/2019\/08\/15\/aswat-nissa-lance-un-projet-pour-documenter-les-cas-de-discriminations-en-tunisie\/\",\"url\":\"https:\/\/kapitalis.com\/tunisie\/2019\/08\/15\/aswat-nissa-lance-un-projet-pour-documenter-les-cas-de-discriminations-en-tunisie\/\",\"name\":\"Aswat Nissa lance un projet pour documenter les cas de discriminations en Tunisie - Kapitalis\",\"isPartOf\":{\"@id\":\"https:\/\/kapitalis.com\/tunisie\/#website\"},\"primaryImageOfPage\":{\"@id\":\"https:\/\/kapitalis.com\/tunisie\/2019\/08\/15\/aswat-nissa-lance-un-projet-pour-documenter-les-cas-de-discriminations-en-tunisie\/#primaryimage\"},\"image\":{\"@id\":\"https:\/\/kapitalis.com\/tunisie\/2019\/08\/15\/aswat-nissa-lance-un-projet-pour-documenter-les-cas-de-discriminations-en-tunisie\/#primaryimage\"},\"thumbnailUrl\":\"\",\"datePublished\":\"2019-08-15T15:41:36+00:00\",\"dateModified\":\"2019-08-15T15:41:48+00:00\",\"breadcrumb\":{\"@id\":\"https:\/\/kapitalis.com\/tunisie\/2019\/08\/15\/aswat-nissa-lance-un-projet-pour-documenter-les-cas-de-discriminations-en-tunisie\/#breadcrumb\"},\"inLanguage\":\"fr-FR\",\"potentialAction\":[{\"@type\":\"ReadAction\",\"target\":[\"https:\/\/kapitalis.com\/tunisie\/2019\/08\/15\/aswat-nissa-lance-un-projet-pour-documenter-les-cas-de-discriminations-en-tunisie\/\"]}]},{\"@type\":\"ImageObject\",\"inLanguage\":\"fr-FR\",\"@id\":\"https:\/\/kapitalis.com\/tunisie\/2019\/08\/15\/aswat-nissa-lance-un-projet-pour-documenter-les-cas-de-discriminations-en-tunisie\/#primaryimage\",\"url\":\"\",\"contentUrl\":\"\"},{\"@type\":\"BreadcrumbList\",\"@id\":\"https:\/\/kapitalis.com\/tunisie\/2019\/08\/15\/aswat-nissa-lance-un-projet-pour-documenter-les-cas-de-discriminations-en-tunisie\/#breadcrumb\",\"itemListElement\":[{\"@type\":\"ListItem\",\"position\":1,\"name\":\"Accueil\",\"item\":\"https:\/\/kapitalis.com\/tunisie\/\"},{\"@type\":\"ListItem\",\"position\":2,\"name\":\"Aswat Nissa lance un projet pour documenter les cas de discriminations en Tunisie\"}]},{\"@type\":\"WebSite\",\"@id\":\"https:\/\/kapitalis.com\/tunisie\/#website\",\"url\":\"https:\/\/kapitalis.com\/tunisie\/\",\"name\":\"Kapitalis\",\"description\":\"L&#039;actualit\u00e9 en Tunisie et dans le monde\",\"publisher\":{\"@id\":\"https:\/\/kapitalis.com\/tunisie\/#organization\"},\"potentialAction\":[{\"@type\":\"SearchAction\",\"target\":{\"@type\":\"EntryPoint\",\"urlTemplate\":\"https:\/\/kapitalis.com\/tunisie\/?s={search_term_string}\"},\"query-input\":{\"@type\":\"PropertyValueSpecification\",\"valueRequired\":true,\"valueName\":\"search_term_string\"}}],\"inLanguage\":\"fr-FR\"},{\"@type\":\"Organization\",\"@id\":\"https:\/\/kapitalis.com\/tunisie\/#organization\",\"name\":\"Kapitalis\",\"url\":\"https:\/\/kapitalis.com\/tunisie\/\",\"logo\":{\"@type\":\"ImageObject\",\"inLanguage\":\"fr-FR\",\"@id\":\"https:\/\/kapitalis.com\/tunisie\/#\/schema\/logo\/image\/\",\"url\":\"https:\/\/kapitalis.com\/tunisie\/wp-content\/uploads\/2022\/05\/Kapitalis-big-size.png\",\"contentUrl\":\"https:\/\/kapitalis.com\/tunisie\/wp-content\/uploads\/2022\/05\/Kapitalis-big-size.png\",\"width\":5000,\"height\":1500,\"caption\":\"Kapitalis\"},\"image\":{\"@id\":\"https:\/\/kapitalis.com\/tunisie\/#\/schema\/logo\/image\/\"},\"sameAs\":[\"https:\/\/www.facebook.com\/KapitalisInfo\/\",\"https:\/\/x.com\/KapitalisInfo\",\"https:\/\/www.youtube.com\/channel\/UC-yDYrHyfFBWWZaOw3FPg9Q\"]},{\"@type\":\"Person\",\"@id\":\"https:\/\/kapitalis.com\/tunisie\/#\/schema\/person\/d71f33a9ca44f7bad4698210b480c8e9\",\"name\":\"webmaster kapitalis\",\"url\":\"https:\/\/kapitalis.com\/tunisie\/author\/webmaster-kapitalis\/\"}]}<\/script>\n<!-- \/ Yoast SEO plugin. -->","yoast_head_json":{"title":"Aswat Nissa lance un projet pour documenter les cas de discriminations en Tunisie - Kapitalis","robots":{"index":"index","follow":"follow","max-snippet":"max-snippet:-1","max-image-preview":"max-image-preview:large","max-video-preview":"max-video-preview:-1"},"canonical":"https:\/\/kapitalis.com\/tunisie\/2019\/08\/15\/aswat-nissa-lance-un-projet-pour-documenter-les-cas-de-discriminations-en-tunisie\/","og_locale":"fr_FR","og_type":"article","og_title":"Aswat Nissa lance un projet pour documenter les cas de discriminations en Tunisie - Kapitalis","og_description":"Aswat Nissa, dans le cadre de sa collaboration avec le projet \u00abChouf rana Mawjoudin\u00bb, port\u00e9 par les associations Chouf et Mawjoudin, en partenariat avec Minority Right Group et l\u2019association Damj, lance des activit\u00e9s du point anti-discrimination de ce projet, le vendredi 16 ao\u00fbt 2019, \u00e0 18h, au 3 rue Bassora, Lafayette, Tunis.","og_url":"https:\/\/kapitalis.com\/tunisie\/2019\/08\/15\/aswat-nissa-lance-un-projet-pour-documenter-les-cas-de-discriminations-en-tunisie\/","og_site_name":"Kapitalis","article_publisher":"https:\/\/www.facebook.com\/KapitalisInfo\/","article_published_time":"2019-08-15T15:41:36+00:00","article_modified_time":"2019-08-15T15:41:48+00:00","og_image":[{"width":1200,"height":630,"url":"https:\/\/kapitalis.com\/tunisie\/wp-content\/uploads\/2022\/05\/kapitalis-logo-fb.png","type":"image\/png"}],"author":"webmaster kapitalis","twitter_card":"summary_large_image","twitter_creator":"@KapitalisInfo","twitter_site":"@KapitalisInfo","twitter_misc":{"\u00c9crit par":"webmaster kapitalis","Dur\u00e9e de lecture estim\u00e9e":"1 minute"},"schema":{"@context":"https:\/\/schema.org","@graph":[{"@type":"Article","@id":"https:\/\/kapitalis.com\/tunisie\/2019\/08\/15\/aswat-nissa-lance-un-projet-pour-documenter-les-cas-de-discriminations-en-tunisie\/#article","isPartOf":{"@id":"https:\/\/kapitalis.com\/tunisie\/2019\/08\/15\/aswat-nissa-lance-un-projet-pour-documenter-les-cas-de-discriminations-en-tunisie\/"},"author":{"name":"webmaster kapitalis","@id":"https:\/\/kapitalis.com\/tunisie\/#\/schema\/person\/d71f33a9ca44f7bad4698210b480c8e9"},"headline":"Aswat Nissa lance un projet pour documenter les cas de discriminations en Tunisie","datePublished":"2019-08-15T15:41:36+00:00","dateModified":"2019-08-15T15:41:48+00:00","mainEntityOfPage":{"@id":"https:\/\/kapitalis.com\/tunisie\/2019\/08\/15\/aswat-nissa-lance-un-projet-pour-documenter-les-cas-de-discriminations-en-tunisie\/"},"wordCount":164,"commentCount":0,"publisher":{"@id":"https:\/\/kapitalis.com\/tunisie\/#organization"},"image":{"@id":"https:\/\/kapitalis.com\/tunisie\/2019\/08\/15\/aswat-nissa-lance-un-projet-pour-documenter-les-cas-de-discriminations-en-tunisie\/#primaryimage"},"thumbnailUrl":"","keywords":["Aswat Nissa","Chouf","Damj","Mawjoudin"],"articleSection":["SOCIETE","Tunisie"],"inLanguage":"fr-FR","potentialAction":[{"@type":"CommentAction","name":"Comment","target":["https:\/\/kapitalis.com\/tunisie\/2019\/08\/15\/aswat-nissa-lance-un-projet-pour-documenter-les-cas-de-discriminations-en-tunisie\/#respond"]}]},{"@type":"WebPage","@id":"https:\/\/kapitalis.com\/tunisie\/2019\/08\/15\/aswat-nissa-lance-un-projet-pour-documenter-les-cas-de-discriminations-en-tunisie\/","url":"https:\/\/kapitalis.com\/tunisie\/2019\/08\/15\/aswat-nissa-lance-un-projet-pour-documenter-les-cas-de-discriminations-en-tunisie\/","name":"Aswat Nissa lance un projet pour documenter les cas de discriminations en Tunisie - Kapitalis","isPartOf":{"@id":"https:\/\/kapitalis.com\/tunisie\/#website"},"primaryImageOfPage":{"@id":"https:\/\/kapitalis.com\/tunisie\/2019\/08\/15\/aswat-nissa-lance-un-projet-pour-documenter-les-cas-de-discriminations-en-tunisie\/#primaryimage"},"image":{"@id":"https:\/\/kapitalis.com\/tunisie\/2019\/08\/15\/aswat-nissa-lance-un-projet-pour-documenter-les-cas-de-discriminations-en-tunisie\/#primaryimage"},"thumbnailUrl":"","datePublished":"2019-08-15T15:41:36+00:00","dateModified":"2019-08-15T15:41:48+00:00","breadcrumb":{"@id":"https:\/\/kapitalis.com\/tunisie\/2019\/08\/15\/aswat-nissa-lance-un-projet-pour-documenter-les-cas-de-discriminations-en-tunisie\/#breadcrumb"},"inLanguage":"fr-FR","potentialAction":[{"@type":"ReadAction","target":["https:\/\/kapitalis.com\/tunisie\/2019\/08\/15\/aswat-nissa-lance-un-projet-pour-documenter-les-cas-de-discriminations-en-tunisie\/"]}]},{"@type":"ImageObject","inLanguage":"fr-FR","@id":"https:\/\/kapitalis.com\/tunisie\/2019\/08\/15\/aswat-nissa-lance-un-projet-pour-documenter-les-cas-de-discriminations-en-tunisie\/#primaryimage","url":"","contentUrl":""},{"@type":"BreadcrumbList","@id":"https:\/\/kapitalis.com\/tunisie\/2019\/08\/15\/aswat-nissa-lance-un-projet-pour-documenter-les-cas-de-discriminations-en-tunisie\/#breadcrumb","itemListElement":[{"@type":"ListItem","position":1,"name":"Accueil","item":"https:\/\/kapitalis.com\/tunisie\/"},{"@type":"ListItem","position":2,"name":"Aswat Nissa lance un projet pour documenter les cas de discriminations en Tunisie"}]},{"@type":"WebSite","@id":"https:\/\/kapitalis.com\/tunisie\/#website","url":"https:\/\/kapitalis.com\/tunisie\/","name":"Kapitalis","description":"L&#039;actualit\u00e9 en Tunisie et dans le monde","publisher":{"@id":"https:\/\/kapitalis.com\/tunisie\/#organization"},"potentialAction":[{"@type":"SearchAction","target":{"@type":"EntryPoint","urlTemplate":"https:\/\/kapitalis.com\/tunisie\/?s={search_term_string}"},"query-input":{"@type":"PropertyValueSpecification","valueRequired":true,"valueName":"search_term_string"}}],"inLanguage":"fr-FR"},{"@type":"Organization","@id":"https:\/\/kapitalis.com\/tunisie\/#organization","name":"Kapitalis","url":"https:\/\/kapitalis.com\/tunisie\/","logo":{"@type":"ImageObject","inLanguage":"fr-FR","@id":"https:\/\/kapitalis.com\/tunisie\/#\/schema\/logo\/image\/","url":"https:\/\/kapitalis.com\/tunisie\/wp-content\/uploads\/2022\/05\/Kapitalis-big-size.png","contentUrl":"https:\/\/kapitalis.com\/tunisie\/wp-content\/uploads\/2022\/05\/Kapitalis-big-size.png","width":5000,"height":1500,"caption":"Kapitalis"},"image":{"@id":"https:\/\/kapitalis.com\/tunisie\/#\/schema\/logo\/image\/"},"sameAs":["https:\/\/www.facebook.com\/KapitalisInfo\/","https:\/\/x.com\/KapitalisInfo","https:\/\/www.youtube.com\/channel\/UC-yDYrHyfFBWWZaOw3FPg9Q"]},{"@type":"Person","@id":"https:\/\/kapitalis.com\/tunisie\/#\/schema\/person\/d71f33a9ca44f7bad4698210b480c8e9","name":"webmaster kapitalis","url":"https:\/\/kapitalis.com\/tunisie\/author\/webmaster-kapitalis\/"}]}},"_links":{"self":[{"href":"https:\/\/kapitalis.com\/tunisie\/wp-json\/wp\/v2\/posts\/233146","targetHints":{"allow":["GET"]}}],"collection":[{"href":"https:\/\/kapitalis.com\/tunisie\/wp-json\/wp\/v2\/posts"}],"about":[{"href":"https:\/\/kapitalis.com\/tunisie\/wp-json\/wp\/v2\/types\/post"}],"author":[{"embeddable":true,"href":"https:\/\/kapitalis.com\/tunisie\/wp-json\/wp\/v2\/users\/8"}],"replies":[{"embeddable":true,"href":"https:\/\/kapitalis.com\/tunisie\/wp-json\/wp\/v2\/comments?post=233146"}],"version-history":[{"count":0,"href":"https:\/\/kapitalis.com\/tunisie\/wp-json\/wp\/v2\/posts\/233146\/revisions"}],"wp:featuredmedia":[{"embeddable":true,"href":"https:\/\/kapitalis.com\/tunisie\/wp-json\/wp\/v2\/media\/233148"}],"wp:attachment":[{"href":"https:\/\/kapitalis.com\/tunisie\/wp-json\/wp\/v2\/media?parent=233146"}],"wp:term":[{"taxonomy":"category","embeddable":true,"href":"https:\/\/kapitalis.com\/tunisie\/wp-json\/wp\/v2\/categories?post=233146"},{"taxonomy":"post_tag","embeddable":true,"href":"https:\/\/kapitalis.com\/tunisie\/wp-json\/wp\/v2\/tags?post=233146"}],"curies":[{"name":"wp","href":"https:\/\/api.w.org\/{rel}","templated":true}]}}