{"id":233186,"date":"2019-08-15T19:03:28","date_gmt":"2019-08-15T18:03:28","guid":{"rendered":"http:\/\/kapitalis.com\/tunisie\/?p=233186"},"modified":"2019-08-15T19:03:31","modified_gmt":"2019-08-15T18:03:31","slug":"tunisie-remontee-des-avoirs-nets-en-devises-a-96-jours-dimportation","status":"publish","type":"post","link":"https:\/\/kapitalis.com\/tunisie\/2019\/08\/15\/tunisie-remontee-des-avoirs-nets-en-devises-a-96-jours-dimportation\/","title":{"rendered":"Tunisie : Remont\u00e9e des avoirs nets en devises \u00e0 96 jours d&rsquo;importation"},"content":{"rendered":"\n<figure class=\"wp-block-image\"><img decoding=\"async\" src=\"http:\/\/kapitalis.com\/tunisie\/wp-content\/uploads\/2018\/10\/Devises.jpg\" alt=\"\" class=\"wp-image-181051\"\/><\/figure>\n\n\n\n<p><strong><em>Les avoirs nets en devises commencent \u00e0 remonter la pente avec 96 jours de couverture des importations, selon les donn\u00e9es de la Banque centrale de Tunisie (BCT) arr\u00eat\u00e9es au 14 ao\u00fbt 2019.<\/em><\/strong><\/p>\n\n\n\n<!--more-->\n\n\n<div>Le montant des avoirs nets en devises de la Tunisie ont atteint les 17,2 milliards de dinars (MrDT) hier, mercredi 14 ao\u00fbt 2019, r\u00e9alisant ainsi une couverture de 96 jours d&rsquo;importations.<\/div>\n\n\n<p>Ce niveau est le plus \u00e9lev\u00e9 depuis septembre 2017.<\/p>\n\n\n\n<p>L&rsquo;an dernier, \u00e0 la m\u00eame date, le pays n&rsquo;avait que 52 jours d&rsquo;importations.<\/p>\n\n\n<p style=\"text-align: left;\">Comme l&rsquo;a signal\u00e9 tout r\u00e9cemment le ministre du Tourisme Ren\u00e9 Trabelsi, la Tunisie a enregistr\u00e9 l&rsquo;entr\u00e9e de 5 millions de touristes depuis le d\u00e9but de l&rsquo;ann\u00e9e. Ce qui porterait \u00e0 croire que leurs recettes ont en partie dop\u00e9 les 96 jours d&rsquo;importation enregistr\u00e9s \u00e0 la mi ao\u00fbt courant. Sans oublier les <span style=\"color: #0000ff;\">lignes de financements ext\u00e9rieurs<\/span> d\u00e9caiss\u00e9es au cours des derniers mois.<\/p>\n\n\n<p style=\"text-align:right\"><strong>A. M.<\/strong><i> (avec<strong> <\/strong><a rel=\"noreferrer noopener\" aria-label=\"BCT (s\u2019ouvre dans un nouvel onglet)\" href=\"http:\/\/www.bct.gov.tn\" target=\"_blank\">BCT<\/a>).<\/i><\/p>\n","protected":false},"excerpt":{"rendered":"<p>Les avoirs nets en devises commencent \u00e0 remonter la pente avec 96 jours de couverture des importations, selon les donn\u00e9es de la Banque centrale de Tunisie (BCT) arr\u00eat\u00e9es au 14 ao\u00fbt 2019.<\/p>\n","protected":false},"author":22,"featured_media":0,"comment_status":"open","ping_status":"open","sticky":false,"template":"","format":"standard","meta":{"footnotes":""},"categories":[995,2433],"tags":[135,5088],"class_list":["post-233186","post","type-post","status-publish","format-standard","hentry","category-economie","category-tunisie","tag-bct","tag-recettes-touristiques"],"yoast_head":"<!-- This site is optimized with the Yoast SEO plugin v26.6 - https:\/\/yoast.com\/wordpress\/plugins\/seo\/ -->\n<title>Tunisie : Remont\u00e9e des avoirs nets en devises \u00e0 96 jours d&#039;importation - Kapitalis<\/title>\n<meta name=\"robots\" content=\"index, follow, max-snippet:-1, max-image-preview:large, max-video-preview:-1\" \/>\n<link rel=\"canonical\" href=\"https:\/\/kapitalis.com\/tunisie\/2019\/08\/15\/tunisie-remontee-des-avoirs-nets-en-devises-a-96-jours-dimportation\/\" \/>\n<meta property=\"og:locale\" content=\"fr_FR\" \/>\n<meta property=\"og:type\" content=\"article\" \/>\n<meta property=\"og:title\" content=\"Tunisie : Remont\u00e9e des avoirs nets en devises \u00e0 96 jours d&#039;importation - Kapitalis\" \/>\n<meta property=\"og:description\" content=\"Les avoirs nets en devises commencent \u00e0 remonter la pente avec 96 jours de couverture des importations, selon les donn\u00e9es de la Banque centrale de Tunisie (BCT) arr\u00eat\u00e9es au 14 ao\u00fbt 2019.\" \/>\n<meta property=\"og:url\" content=\"https:\/\/kapitalis.com\/tunisie\/2019\/08\/15\/tunisie-remontee-des-avoirs-nets-en-devises-a-96-jours-dimportation\/\" \/>\n<meta property=\"og:site_name\" content=\"Kapitalis\" \/>\n<meta property=\"article:publisher\" content=\"https:\/\/www.facebook.com\/KapitalisInfo\/\" \/>\n<meta property=\"article:published_time\" content=\"2019-08-15T18:03:28+00:00\" \/>\n<meta property=\"article:modified_time\" content=\"2019-08-15T18:03:31+00:00\" \/>\n<meta property=\"og:image\" content=\"http:\/\/kapitalis.com\/tunisie\/wp-content\/uploads\/2018\/10\/Devises.jpg\" \/>\n<meta name=\"author\" content=\"Amina Mkada\" \/>\n<meta name=\"twitter:card\" content=\"summary_large_image\" \/>\n<meta name=\"twitter:creator\" content=\"@KapitalisInfo\" \/>\n<meta name=\"twitter:site\" content=\"@KapitalisInfo\" \/>\n<meta name=\"twitter:label1\" content=\"\u00c9crit par\" \/>\n\t<meta name=\"twitter:data1\" content=\"Amina Mkada\" \/>\n\t<meta name=\"twitter:label2\" content=\"Dur\u00e9e de lecture estim\u00e9e\" \/>\n\t<meta name=\"twitter:data2\" content=\"1 minute\" \/>\n<script type=\"application\/ld+json\" class=\"yoast-schema-graph\">{\"@context\":\"https:\/\/schema.org\",\"@graph\":[{\"@type\":\"Article\",\"@id\":\"https:\/\/kapitalis.com\/tunisie\/2019\/08\/15\/tunisie-remontee-des-avoirs-nets-en-devises-a-96-jours-dimportation\/#article\",\"isPartOf\":{\"@id\":\"https:\/\/kapitalis.com\/tunisie\/2019\/08\/15\/tunisie-remontee-des-avoirs-nets-en-devises-a-96-jours-dimportation\/\"},\"author\":{\"name\":\"Amina Mkada\",\"@id\":\"https:\/\/kapitalis.com\/tunisie\/#\/schema\/person\/093913313d3017554cb3ad077fff3fbd\"},\"headline\":\"Tunisie : Remont\u00e9e des avoirs nets en devises \u00e0 96 jours d&rsquo;importation\",\"datePublished\":\"2019-08-15T18:03:28+00:00\",\"dateModified\":\"2019-08-15T18:03:31+00:00\",\"mainEntityOfPage\":{\"@id\":\"https:\/\/kapitalis.com\/tunisie\/2019\/08\/15\/tunisie-remontee-des-avoirs-nets-en-devises-a-96-jours-dimportation\/\"},\"wordCount\":161,\"commentCount\":0,\"publisher\":{\"@id\":\"https:\/\/kapitalis.com\/tunisie\/#organization\"},\"image\":{\"@id\":\"https:\/\/kapitalis.com\/tunisie\/2019\/08\/15\/tunisie-remontee-des-avoirs-nets-en-devises-a-96-jours-dimportation\/#primaryimage\"},\"thumbnailUrl\":\"http:\/\/kapitalis.com\/tunisie\/wp-content\/uploads\/2018\/10\/Devises.jpg\",\"keywords\":[\"BCT\",\"recettes touristiques\"],\"articleSection\":[\"ECONOMIE\",\"Tunisie\"],\"inLanguage\":\"fr-FR\",\"potentialAction\":[{\"@type\":\"CommentAction\",\"name\":\"Comment\",\"target\":[\"https:\/\/kapitalis.com\/tunisie\/2019\/08\/15\/tunisie-remontee-des-avoirs-nets-en-devises-a-96-jours-dimportation\/#respond\"]}]},{\"@type\":\"WebPage\",\"@id\":\"https:\/\/kapitalis.com\/tunisie\/2019\/08\/15\/tunisie-remontee-des-avoirs-nets-en-devises-a-96-jours-dimportation\/\",\"url\":\"https:\/\/kapitalis.com\/tunisie\/2019\/08\/15\/tunisie-remontee-des-avoirs-nets-en-devises-a-96-jours-dimportation\/\",\"name\":\"Tunisie : Remont\u00e9e des avoirs nets en devises \u00e0 96 jours d'importation - Kapitalis\",\"isPartOf\":{\"@id\":\"https:\/\/kapitalis.com\/tunisie\/#website\"},\"primaryImageOfPage\":{\"@id\":\"https:\/\/kapitalis.com\/tunisie\/2019\/08\/15\/tunisie-remontee-des-avoirs-nets-en-devises-a-96-jours-dimportation\/#primaryimage\"},\"image\":{\"@id\":\"https:\/\/kapitalis.com\/tunisie\/2019\/08\/15\/tunisie-remontee-des-avoirs-nets-en-devises-a-96-jours-dimportation\/#primaryimage\"},\"thumbnailUrl\":\"http:\/\/kapitalis.com\/tunisie\/wp-content\/uploads\/2018\/10\/Devises.jpg\",\"datePublished\":\"2019-08-15T18:03:28+00:00\",\"dateModified\":\"2019-08-15T18:03:31+00:00\",\"breadcrumb\":{\"@id\":\"https:\/\/kapitalis.com\/tunisie\/2019\/08\/15\/tunisie-remontee-des-avoirs-nets-en-devises-a-96-jours-dimportation\/#breadcrumb\"},\"inLanguage\":\"fr-FR\",\"potentialAction\":[{\"@type\":\"ReadAction\",\"target\":[\"https:\/\/kapitalis.com\/tunisie\/2019\/08\/15\/tunisie-remontee-des-avoirs-nets-en-devises-a-96-jours-dimportation\/\"]}]},{\"@type\":\"ImageObject\",\"inLanguage\":\"fr-FR\",\"@id\":\"https:\/\/kapitalis.com\/tunisie\/2019\/08\/15\/tunisie-remontee-des-avoirs-nets-en-devises-a-96-jours-dimportation\/#primaryimage\",\"url\":\"http:\/\/kapitalis.com\/tunisie\/wp-content\/uploads\/2018\/10\/Devises.jpg\",\"contentUrl\":\"http:\/\/kapitalis.com\/tunisie\/wp-content\/uploads\/2018\/10\/Devises.jpg\"},{\"@type\":\"BreadcrumbList\",\"@id\":\"https:\/\/kapitalis.com\/tunisie\/2019\/08\/15\/tunisie-remontee-des-avoirs-nets-en-devises-a-96-jours-dimportation\/#breadcrumb\",\"itemListElement\":[{\"@type\":\"ListItem\",\"position\":1,\"name\":\"Accueil\",\"item\":\"https:\/\/kapitalis.com\/tunisie\/\"},{\"@type\":\"ListItem\",\"position\":2,\"name\":\"Tunisie : Remont\u00e9e des avoirs nets en devises \u00e0 96 jours d&rsquo;importation\"}]},{\"@type\":\"WebSite\",\"@id\":\"https:\/\/kapitalis.com\/tunisie\/#website\",\"url\":\"https:\/\/kapitalis.com\/tunisie\/\",\"name\":\"Kapitalis\",\"description\":\"L&#039;actualit\u00e9 en Tunisie et dans le monde\",\"publisher\":{\"@id\":\"https:\/\/kapitalis.com\/tunisie\/#organization\"},\"potentialAction\":[{\"@type\":\"SearchAction\",\"target\":{\"@type\":\"EntryPoint\",\"urlTemplate\":\"https:\/\/kapitalis.com\/tunisie\/?s={search_term_string}\"},\"query-input\":{\"@type\":\"PropertyValueSpecification\",\"valueRequired\":true,\"valueName\":\"search_term_string\"}}],\"inLanguage\":\"fr-FR\"},{\"@type\":\"Organization\",\"@id\":\"https:\/\/kapitalis.com\/tunisie\/#organization\",\"name\":\"Kapitalis\",\"url\":\"https:\/\/kapitalis.com\/tunisie\/\",\"logo\":{\"@type\":\"ImageObject\",\"inLanguage\":\"fr-FR\",\"@id\":\"https:\/\/kapitalis.com\/tunisie\/#\/schema\/logo\/image\/\",\"url\":\"https:\/\/kapitalis.com\/tunisie\/wp-content\/uploads\/2022\/05\/Kapitalis-big-size.png\",\"contentUrl\":\"https:\/\/kapitalis.com\/tunisie\/wp-content\/uploads\/2022\/05\/Kapitalis-big-size.png\",\"width\":5000,\"height\":1500,\"caption\":\"Kapitalis\"},\"image\":{\"@id\":\"https:\/\/kapitalis.com\/tunisie\/#\/schema\/logo\/image\/\"},\"sameAs\":[\"https:\/\/www.facebook.com\/KapitalisInfo\/\",\"https:\/\/x.com\/KapitalisInfo\",\"https:\/\/www.youtube.com\/channel\/UC-yDYrHyfFBWWZaOw3FPg9Q\"]},{\"@type\":\"Person\",\"@id\":\"https:\/\/kapitalis.com\/tunisie\/#\/schema\/person\/093913313d3017554cb3ad077fff3fbd\",\"name\":\"Amina Mkada\",\"url\":\"https:\/\/kapitalis.com\/tunisie\/author\/amina\/\"}]}<\/script>\n<!-- \/ Yoast SEO plugin. -->","yoast_head_json":{"title":"Tunisie : Remont\u00e9e des avoirs nets en devises \u00e0 96 jours d'importation - Kapitalis","robots":{"index":"index","follow":"follow","max-snippet":"max-snippet:-1","max-image-preview":"max-image-preview:large","max-video-preview":"max-video-preview:-1"},"canonical":"https:\/\/kapitalis.com\/tunisie\/2019\/08\/15\/tunisie-remontee-des-avoirs-nets-en-devises-a-96-jours-dimportation\/","og_locale":"fr_FR","og_type":"article","og_title":"Tunisie : Remont\u00e9e des avoirs nets en devises \u00e0 96 jours d'importation - Kapitalis","og_description":"Les avoirs nets en devises commencent \u00e0 remonter la pente avec 96 jours de couverture des importations, selon les donn\u00e9es de la Banque centrale de Tunisie (BCT) arr\u00eat\u00e9es au 14 ao\u00fbt 2019.","og_url":"https:\/\/kapitalis.com\/tunisie\/2019\/08\/15\/tunisie-remontee-des-avoirs-nets-en-devises-a-96-jours-dimportation\/","og_site_name":"Kapitalis","article_publisher":"https:\/\/www.facebook.com\/KapitalisInfo\/","article_published_time":"2019-08-15T18:03:28+00:00","article_modified_time":"2019-08-15T18:03:31+00:00","og_image":[{"url":"http:\/\/kapitalis.com\/tunisie\/wp-content\/uploads\/2018\/10\/Devises.jpg","type":"","width":"","height":""}],"author":"Amina Mkada","twitter_card":"summary_large_image","twitter_creator":"@KapitalisInfo","twitter_site":"@KapitalisInfo","twitter_misc":{"\u00c9crit par":"Amina Mkada","Dur\u00e9e de lecture estim\u00e9e":"1 minute"},"schema":{"@context":"https:\/\/schema.org","@graph":[{"@type":"Article","@id":"https:\/\/kapitalis.com\/tunisie\/2019\/08\/15\/tunisie-remontee-des-avoirs-nets-en-devises-a-96-jours-dimportation\/#article","isPartOf":{"@id":"https:\/\/kapitalis.com\/tunisie\/2019\/08\/15\/tunisie-remontee-des-avoirs-nets-en-devises-a-96-jours-dimportation\/"},"author":{"name":"Amina Mkada","@id":"https:\/\/kapitalis.com\/tunisie\/#\/schema\/person\/093913313d3017554cb3ad077fff3fbd"},"headline":"Tunisie : Remont\u00e9e des avoirs nets en devises \u00e0 96 jours d&rsquo;importation","datePublished":"2019-08-15T18:03:28+00:00","dateModified":"2019-08-15T18:03:31+00:00","mainEntityOfPage":{"@id":"https:\/\/kapitalis.com\/tunisie\/2019\/08\/15\/tunisie-remontee-des-avoirs-nets-en-devises-a-96-jours-dimportation\/"},"wordCount":161,"commentCount":0,"publisher":{"@id":"https:\/\/kapitalis.com\/tunisie\/#organization"},"image":{"@id":"https:\/\/kapitalis.com\/tunisie\/2019\/08\/15\/tunisie-remontee-des-avoirs-nets-en-devises-a-96-jours-dimportation\/#primaryimage"},"thumbnailUrl":"http:\/\/kapitalis.com\/tunisie\/wp-content\/uploads\/2018\/10\/Devises.jpg","keywords":["BCT","recettes touristiques"],"articleSection":["ECONOMIE","Tunisie"],"inLanguage":"fr-FR","potentialAction":[{"@type":"CommentAction","name":"Comment","target":["https:\/\/kapitalis.com\/tunisie\/2019\/08\/15\/tunisie-remontee-des-avoirs-nets-en-devises-a-96-jours-dimportation\/#respond"]}]},{"@type":"WebPage","@id":"https:\/\/kapitalis.com\/tunisie\/2019\/08\/15\/tunisie-remontee-des-avoirs-nets-en-devises-a-96-jours-dimportation\/","url":"https:\/\/kapitalis.com\/tunisie\/2019\/08\/15\/tunisie-remontee-des-avoirs-nets-en-devises-a-96-jours-dimportation\/","name":"Tunisie : Remont\u00e9e des avoirs nets en devises \u00e0 96 jours d'importation - Kapitalis","isPartOf":{"@id":"https:\/\/kapitalis.com\/tunisie\/#website"},"primaryImageOfPage":{"@id":"https:\/\/kapitalis.com\/tunisie\/2019\/08\/15\/tunisie-remontee-des-avoirs-nets-en-devises-a-96-jours-dimportation\/#primaryimage"},"image":{"@id":"https:\/\/kapitalis.com\/tunisie\/2019\/08\/15\/tunisie-remontee-des-avoirs-nets-en-devises-a-96-jours-dimportation\/#primaryimage"},"thumbnailUrl":"http:\/\/kapitalis.com\/tunisie\/wp-content\/uploads\/2018\/10\/Devises.jpg","datePublished":"2019-08-15T18:03:28+00:00","dateModified":"2019-08-15T18:03:31+00:00","breadcrumb":{"@id":"https:\/\/kapitalis.com\/tunisie\/2019\/08\/15\/tunisie-remontee-des-avoirs-nets-en-devises-a-96-jours-dimportation\/#breadcrumb"},"inLanguage":"fr-FR","potentialAction":[{"@type":"ReadAction","target":["https:\/\/kapitalis.com\/tunisie\/2019\/08\/15\/tunisie-remontee-des-avoirs-nets-en-devises-a-96-jours-dimportation\/"]}]},{"@type":"ImageObject","inLanguage":"fr-FR","@id":"https:\/\/kapitalis.com\/tunisie\/2019\/08\/15\/tunisie-remontee-des-avoirs-nets-en-devises-a-96-jours-dimportation\/#primaryimage","url":"http:\/\/kapitalis.com\/tunisie\/wp-content\/uploads\/2018\/10\/Devises.jpg","contentUrl":"http:\/\/kapitalis.com\/tunisie\/wp-content\/uploads\/2018\/10\/Devises.jpg"},{"@type":"BreadcrumbList","@id":"https:\/\/kapitalis.com\/tunisie\/2019\/08\/15\/tunisie-remontee-des-avoirs-nets-en-devises-a-96-jours-dimportation\/#breadcrumb","itemListElement":[{"@type":"ListItem","position":1,"name":"Accueil","item":"https:\/\/kapitalis.com\/tunisie\/"},{"@type":"ListItem","position":2,"name":"Tunisie : Remont\u00e9e des avoirs nets en devises \u00e0 96 jours d&rsquo;importation"}]},{"@type":"WebSite","@id":"https:\/\/kapitalis.com\/tunisie\/#website","url":"https:\/\/kapitalis.com\/tunisie\/","name":"Kapitalis","description":"L&#039;actualit\u00e9 en Tunisie et dans le monde","publisher":{"@id":"https:\/\/kapitalis.com\/tunisie\/#organization"},"potentialAction":[{"@type":"SearchAction","target":{"@type":"EntryPoint","urlTemplate":"https:\/\/kapitalis.com\/tunisie\/?s={search_term_string}"},"query-input":{"@type":"PropertyValueSpecification","valueRequired":true,"valueName":"search_term_string"}}],"inLanguage":"fr-FR"},{"@type":"Organization","@id":"https:\/\/kapitalis.com\/tunisie\/#organization","name":"Kapitalis","url":"https:\/\/kapitalis.com\/tunisie\/","logo":{"@type":"ImageObject","inLanguage":"fr-FR","@id":"https:\/\/kapitalis.com\/tunisie\/#\/schema\/logo\/image\/","url":"https:\/\/kapitalis.com\/tunisie\/wp-content\/uploads\/2022\/05\/Kapitalis-big-size.png","contentUrl":"https:\/\/kapitalis.com\/tunisie\/wp-content\/uploads\/2022\/05\/Kapitalis-big-size.png","width":5000,"height":1500,"caption":"Kapitalis"},"image":{"@id":"https:\/\/kapitalis.com\/tunisie\/#\/schema\/logo\/image\/"},"sameAs":["https:\/\/www.facebook.com\/KapitalisInfo\/","https:\/\/x.com\/KapitalisInfo","https:\/\/www.youtube.com\/channel\/UC-yDYrHyfFBWWZaOw3FPg9Q"]},{"@type":"Person","@id":"https:\/\/kapitalis.com\/tunisie\/#\/schema\/person\/093913313d3017554cb3ad077fff3fbd","name":"Amina Mkada","url":"https:\/\/kapitalis.com\/tunisie\/author\/amina\/"}]}},"_links":{"self":[{"href":"https:\/\/kapitalis.com\/tunisie\/wp-json\/wp\/v2\/posts\/233186","targetHints":{"allow":["GET"]}}],"collection":[{"href":"https:\/\/kapitalis.com\/tunisie\/wp-json\/wp\/v2\/posts"}],"about":[{"href":"https:\/\/kapitalis.com\/tunisie\/wp-json\/wp\/v2\/types\/post"}],"author":[{"embeddable":true,"href":"https:\/\/kapitalis.com\/tunisie\/wp-json\/wp\/v2\/users\/22"}],"replies":[{"embeddable":true,"href":"https:\/\/kapitalis.com\/tunisie\/wp-json\/wp\/v2\/comments?post=233186"}],"version-history":[{"count":0,"href":"https:\/\/kapitalis.com\/tunisie\/wp-json\/wp\/v2\/posts\/233186\/revisions"}],"wp:attachment":[{"href":"https:\/\/kapitalis.com\/tunisie\/wp-json\/wp\/v2\/media?parent=233186"}],"wp:term":[{"taxonomy":"category","embeddable":true,"href":"https:\/\/kapitalis.com\/tunisie\/wp-json\/wp\/v2\/categories?post=233186"},{"taxonomy":"post_tag","embeddable":true,"href":"https:\/\/kapitalis.com\/tunisie\/wp-json\/wp\/v2\/tags?post=233186"}],"curies":[{"name":"wp","href":"https:\/\/api.w.org\/{rel}","templated":true}]}}