{"id":23348,"date":"2015-11-05T08:47:43","date_gmt":"2015-11-05T07:47:43","guid":{"rendered":"http:\/\/kapitalis.com\/tunisie\/?p=23348"},"modified":"2015-11-05T08:47:43","modified_gmt":"2015-11-05T07:47:43","slug":"la-tunisie-plaide-sa-cause-au-salon-mondial-du-voyage-a-londres","status":"publish","type":"post","link":"https:\/\/kapitalis.com\/tunisie\/2015\/11\/05\/la-tunisie-plaide-sa-cause-au-salon-mondial-du-voyage-a-londres\/","title":{"rendered":"La Tunisie plaide sa cause au Salon mondial du voyage \u00e0 Londres"},"content":{"rendered":"<p><img loading=\"lazy\" decoding=\"async\" class=\"alignnone size-full wp-image-8295 aligncenter\" src=\"http:\/\/kapitalis.com\/tunisie\/wp-content\/uploads\/2015\/07\/Touristes-britanniques-au-depart1.jpg\" alt=\"Touristes-britanniques-au-depart\" width=\"626\" height=\"380\" \/><\/p>\n<p style=\"text-align: center;\"><em>Des touristes britanniques quittent la Tunisie apr\u00e8s l&rsquo;attentat de Sousse, le 26 juin 2015.<\/em><\/p>\n<p><em><strong>Le DG de l\u2019ONTT se dit \u00abtr\u00e8s confiant\u00bb que le tourisme tunisien se remettra de la crise qui a suivi l\u2019attaque terroriste du 26 juin dernier, \u00e0 Sousse.<\/strong><\/em><\/p>\n<p>Par <strong>Marwan Chahla<\/strong><\/p>\n<p><!--more--><\/p>\n<p>Dans une d\u00e9claration au site britannique<a href=\"http:\/\/www.travelweekly.co.uk\/Articles\/Details\/58215\" target=\"_blank\"> \u2018\u2018Travel Weekly\u2019\u2019 (\u2018TW\u2019)<\/a>, Abdellatif Hamam a confi\u00e9 que la Tunisie est en train d\u2019\u0153uvrer <em>\u00aben \u00e9troite collaboration<\/em>\u00bb avec la Grande Bretagne afin d\u2019am\u00e9liorer la s\u00e9curit\u00e9 des visiteurs \u00e9trangers et souhaite qu\u2019en retour les autorit\u00e9s britanniques assouplissent les restrictions impos\u00e9es, depuis plus de 4 mois, sur les d\u00e9placements des touristes du Royaume-Uni dans notre pays.<\/p>\n<p><em>\u00abJe suis tr\u00e8s optimiste que la Tunisie s\u2019en sortira, car nous sommes un pays diff\u00e9rent dans notre environnement r\u00e9gional. Notre soci\u00e9t\u00e9 est tr\u00e8s active et dynamique, et elle fait tout ce qui est en son pouvoir pour r\u00e9tablir, au plus vite, la stabilit\u00e9. Pour nous, le terrorisme est un ph\u00e9nom\u00e8ne nouveau. Nous n\u2019avons jamais connu cela auparavant. Cela n\u2019a rien \u00e0 voir avec notre mode de vie, ni avec nos traditions. Nous avons toujours \u00e9t\u00e9 un peuple tr\u00e8s accueillant et tr\u00e8s proche de l\u2019Europe\u00bb,<\/em> ajoute le directeur g\u00e9n\u00e9ral de l\u2019Office national du tourisme tunisien (ONTT).<\/p>\n<p>M. Hamam a cependant reconnu que du chemin reste encore \u00e0 faire et que la Tunisie doit fournir des efforts plus grands pour convaincre les tour-operators et les voyagistes europ\u00e9ens, par des <em>\u00abpreuves concr\u00e8tes et cr\u00e9dibles\u00bb<\/em>, que le gouvernement tunisien est soutenu par les autorit\u00e9s britanniques, expliquant que <em>\u00abla Tunisie est encore sous le choc de ce qui est arriv\u00e9 le 26 juin dernier, \u00e0 Sousse<\/em> (lors de l\u2019attentat de l\u2019Imp\u00e9rial Marhaba qui a co\u00fbt\u00e9 la vie \u00e0 30 touristes britanniques, Ndlr)<em>, non pas seulement parce qu\u2019un coup dur a \u00e9t\u00e9 port\u00e9 \u00e0 son industrie touristique, mais aussi en raison des dommages caus\u00e9s \u00e0 l\u2019image de notre pays, cette image de pays hospitalier et paisible.\u00bb \u00a0<\/em><\/p>\n<p>Prenant part \u00e0 cette campagne de reconqu\u00eate du march\u00e9 britannique, essentiel depuis de tr\u00e8s nombreuses ann\u00e9es \u00e0 l\u2019activit\u00e9 touristique tunisienne, Selma Elloumi-Rekik, la ministre du Tourisme et de l\u2019Artisanat, a elle aussi son mot \u00e0 dire.<\/p>\n<p>Hier, mercredi 4 novembre 2015, elle \u00e9tait attendue au Foreign Office (FO) pour expliquer aux responsables de la diplomatie britannique que, d\u00e9sormais, notre \u00abpays est s\u00fbr et il est de nouveau pr\u00eat \u00e0 recevoir les visiteurs \u00e9trangers\u00bb, selon <em>\u2018\u2018TW\u2019<\/em>\u2019.<\/p>\n<p>L\u2019hebdomadaire britannique du voyage croit \u00e9galement savoir que la ministre du Tourisme devait rappeler \u00e0 ses interlocuteurs du FO que <em>\u00ables efforts d\u00e9ploy\u00e9s par le gouvernement tunisien en mati\u00e8re de s\u00e9curit\u00e9, avec l\u2019appui d\u2019experts britanniques, et sa bonne volont\u00e9 de coop\u00e9rer dans ce domaine m\u00e9ritent d\u2019\u00eatre reconnus et pris en consid\u00e9ration\u00bb<\/em> par le gouvernement de M. David Cameron.<\/p>\n","protected":false},"excerpt":{"rendered":"<p>Des touristes britanniques quittent la Tunisie apr\u00e8s l&rsquo;attentat de Sousse, le 26 juin 2015. Le DG de l\u2019ONTT se dit \u00abtr\u00e8s confiant\u00bb que le tourisme tunisien se remettra de la crise qui a suivi l\u2019attaque terroriste du 26 juin dernier, \u00e0 Sousse. Par Marwan Chahla<\/p>\n","protected":false},"author":8,"featured_media":0,"comment_status":"open","ping_status":"open","sticky":false,"template":"","format":"standard","meta":{"footnotes":""},"categories":[992,995,2433],"tags":[2395,105,2781,804,815,819,908],"class_list":["post-23348","post","type-post","status-publish","format-standard","hentry","category-a-la-une","category-economie","category-tunisie","tag-abdellatif-hamam","tag-attentat","tag-londres","tag-salon","tag-securite","tag-selma-elloumi-rekik","tag-tourisme"],"yoast_head":"<!-- This site is optimized with the Yoast SEO plugin v26.6 - https:\/\/yoast.com\/wordpress\/plugins\/seo\/ -->\n<title>La Tunisie plaide sa cause au Salon mondial du voyage \u00e0 Londres - Kapitalis<\/title>\n<meta name=\"robots\" content=\"index, follow, max-snippet:-1, max-image-preview:large, max-video-preview:-1\" \/>\n<link rel=\"canonical\" href=\"https:\/\/kapitalis.com\/tunisie\/2015\/11\/05\/la-tunisie-plaide-sa-cause-au-salon-mondial-du-voyage-a-londres\/\" \/>\n<meta property=\"og:locale\" content=\"fr_FR\" \/>\n<meta property=\"og:type\" content=\"article\" \/>\n<meta property=\"og:title\" content=\"La Tunisie plaide sa cause au Salon mondial du voyage \u00e0 Londres - Kapitalis\" \/>\n<meta property=\"og:description\" content=\"Des touristes britanniques quittent la Tunisie apr\u00e8s l&rsquo;attentat de Sousse, le 26 juin 2015. Le DG de l\u2019ONTT se dit \u00abtr\u00e8s confiant\u00bb que le tourisme tunisien se remettra de la crise qui a suivi l\u2019attaque terroriste du 26 juin dernier, \u00e0 Sousse. Par Marwan Chahla\" \/>\n<meta property=\"og:url\" content=\"https:\/\/kapitalis.com\/tunisie\/2015\/11\/05\/la-tunisie-plaide-sa-cause-au-salon-mondial-du-voyage-a-londres\/\" \/>\n<meta property=\"og:site_name\" content=\"Kapitalis\" \/>\n<meta property=\"article:publisher\" content=\"https:\/\/www.facebook.com\/KapitalisInfo\/\" \/>\n<meta property=\"article:published_time\" content=\"2015-11-05T07:47:43+00:00\" \/>\n<meta property=\"og:image\" content=\"http:\/\/kapitalis.com\/tunisie\/wp-content\/uploads\/2015\/07\/Touristes-britanniques-au-depart1.jpg\" \/>\n<meta name=\"author\" content=\"webmaster kapitalis\" \/>\n<meta name=\"twitter:card\" content=\"summary_large_image\" \/>\n<meta name=\"twitter:creator\" content=\"@KapitalisInfo\" \/>\n<meta name=\"twitter:site\" content=\"@KapitalisInfo\" \/>\n<meta name=\"twitter:label1\" content=\"\u00c9crit par\" \/>\n\t<meta name=\"twitter:data1\" content=\"webmaster kapitalis\" \/>\n\t<meta name=\"twitter:label2\" content=\"Dur\u00e9e de lecture estim\u00e9e\" \/>\n\t<meta name=\"twitter:data2\" content=\"2 minutes\" \/>\n<script type=\"application\/ld+json\" class=\"yoast-schema-graph\">{\"@context\":\"https:\/\/schema.org\",\"@graph\":[{\"@type\":\"Article\",\"@id\":\"https:\/\/kapitalis.com\/tunisie\/2015\/11\/05\/la-tunisie-plaide-sa-cause-au-salon-mondial-du-voyage-a-londres\/#article\",\"isPartOf\":{\"@id\":\"https:\/\/kapitalis.com\/tunisie\/2015\/11\/05\/la-tunisie-plaide-sa-cause-au-salon-mondial-du-voyage-a-londres\/\"},\"author\":{\"name\":\"webmaster kapitalis\",\"@id\":\"https:\/\/kapitalis.com\/tunisie\/#\/schema\/person\/d71f33a9ca44f7bad4698210b480c8e9\"},\"headline\":\"La Tunisie plaide sa cause au Salon mondial du voyage \u00e0 Londres\",\"datePublished\":\"2015-11-05T07:47:43+00:00\",\"mainEntityOfPage\":{\"@id\":\"https:\/\/kapitalis.com\/tunisie\/2015\/11\/05\/la-tunisie-plaide-sa-cause-au-salon-mondial-du-voyage-a-londres\/\"},\"wordCount\":499,\"commentCount\":4,\"publisher\":{\"@id\":\"https:\/\/kapitalis.com\/tunisie\/#organization\"},\"image\":{\"@id\":\"https:\/\/kapitalis.com\/tunisie\/2015\/11\/05\/la-tunisie-plaide-sa-cause-au-salon-mondial-du-voyage-a-londres\/#primaryimage\"},\"thumbnailUrl\":\"http:\/\/kapitalis.com\/tunisie\/wp-content\/uploads\/2015\/07\/Touristes-britanniques-au-depart1.jpg\",\"keywords\":[\"Abdellatif Hamam\",\"attentat\",\"Londres\",\"salon\",\"s\u00e9curit\u00e9\",\"Selma Elloumi Rekik\",\"tourisme\"],\"articleSection\":[\"A LA UNE\",\"ECONOMIE\",\"Tunisie\"],\"inLanguage\":\"fr-FR\",\"potentialAction\":[{\"@type\":\"CommentAction\",\"name\":\"Comment\",\"target\":[\"https:\/\/kapitalis.com\/tunisie\/2015\/11\/05\/la-tunisie-plaide-sa-cause-au-salon-mondial-du-voyage-a-londres\/#respond\"]}]},{\"@type\":\"WebPage\",\"@id\":\"https:\/\/kapitalis.com\/tunisie\/2015\/11\/05\/la-tunisie-plaide-sa-cause-au-salon-mondial-du-voyage-a-londres\/\",\"url\":\"https:\/\/kapitalis.com\/tunisie\/2015\/11\/05\/la-tunisie-plaide-sa-cause-au-salon-mondial-du-voyage-a-londres\/\",\"name\":\"La Tunisie plaide sa cause au Salon mondial du voyage \u00e0 Londres - Kapitalis\",\"isPartOf\":{\"@id\":\"https:\/\/kapitalis.com\/tunisie\/#website\"},\"primaryImageOfPage\":{\"@id\":\"https:\/\/kapitalis.com\/tunisie\/2015\/11\/05\/la-tunisie-plaide-sa-cause-au-salon-mondial-du-voyage-a-londres\/#primaryimage\"},\"image\":{\"@id\":\"https:\/\/kapitalis.com\/tunisie\/2015\/11\/05\/la-tunisie-plaide-sa-cause-au-salon-mondial-du-voyage-a-londres\/#primaryimage\"},\"thumbnailUrl\":\"http:\/\/kapitalis.com\/tunisie\/wp-content\/uploads\/2015\/07\/Touristes-britanniques-au-depart1.jpg\",\"datePublished\":\"2015-11-05T07:47:43+00:00\",\"breadcrumb\":{\"@id\":\"https:\/\/kapitalis.com\/tunisie\/2015\/11\/05\/la-tunisie-plaide-sa-cause-au-salon-mondial-du-voyage-a-londres\/#breadcrumb\"},\"inLanguage\":\"fr-FR\",\"potentialAction\":[{\"@type\":\"ReadAction\",\"target\":[\"https:\/\/kapitalis.com\/tunisie\/2015\/11\/05\/la-tunisie-plaide-sa-cause-au-salon-mondial-du-voyage-a-londres\/\"]}]},{\"@type\":\"ImageObject\",\"inLanguage\":\"fr-FR\",\"@id\":\"https:\/\/kapitalis.com\/tunisie\/2015\/11\/05\/la-tunisie-plaide-sa-cause-au-salon-mondial-du-voyage-a-londres\/#primaryimage\",\"url\":\"http:\/\/kapitalis.com\/tunisie\/wp-content\/uploads\/2015\/07\/Touristes-britanniques-au-depart1.jpg\",\"contentUrl\":\"http:\/\/kapitalis.com\/tunisie\/wp-content\/uploads\/2015\/07\/Touristes-britanniques-au-depart1.jpg\"},{\"@type\":\"BreadcrumbList\",\"@id\":\"https:\/\/kapitalis.com\/tunisie\/2015\/11\/05\/la-tunisie-plaide-sa-cause-au-salon-mondial-du-voyage-a-londres\/#breadcrumb\",\"itemListElement\":[{\"@type\":\"ListItem\",\"position\":1,\"name\":\"Accueil\",\"item\":\"https:\/\/kapitalis.com\/tunisie\/\"},{\"@type\":\"ListItem\",\"position\":2,\"name\":\"La Tunisie plaide sa cause au Salon mondial du voyage \u00e0 Londres\"}]},{\"@type\":\"WebSite\",\"@id\":\"https:\/\/kapitalis.com\/tunisie\/#website\",\"url\":\"https:\/\/kapitalis.com\/tunisie\/\",\"name\":\"Kapitalis\",\"description\":\"L&#039;actualit\u00e9 en Tunisie et dans le monde\",\"publisher\":{\"@id\":\"https:\/\/kapitalis.com\/tunisie\/#organization\"},\"potentialAction\":[{\"@type\":\"SearchAction\",\"target\":{\"@type\":\"EntryPoint\",\"urlTemplate\":\"https:\/\/kapitalis.com\/tunisie\/?s={search_term_string}\"},\"query-input\":{\"@type\":\"PropertyValueSpecification\",\"valueRequired\":true,\"valueName\":\"search_term_string\"}}],\"inLanguage\":\"fr-FR\"},{\"@type\":\"Organization\",\"@id\":\"https:\/\/kapitalis.com\/tunisie\/#organization\",\"name\":\"Kapitalis\",\"url\":\"https:\/\/kapitalis.com\/tunisie\/\",\"logo\":{\"@type\":\"ImageObject\",\"inLanguage\":\"fr-FR\",\"@id\":\"https:\/\/kapitalis.com\/tunisie\/#\/schema\/logo\/image\/\",\"url\":\"https:\/\/kapitalis.com\/tunisie\/wp-content\/uploads\/2022\/05\/Kapitalis-big-size.png\",\"contentUrl\":\"https:\/\/kapitalis.com\/tunisie\/wp-content\/uploads\/2022\/05\/Kapitalis-big-size.png\",\"width\":5000,\"height\":1500,\"caption\":\"Kapitalis\"},\"image\":{\"@id\":\"https:\/\/kapitalis.com\/tunisie\/#\/schema\/logo\/image\/\"},\"sameAs\":[\"https:\/\/www.facebook.com\/KapitalisInfo\/\",\"https:\/\/x.com\/KapitalisInfo\",\"https:\/\/www.youtube.com\/channel\/UC-yDYrHyfFBWWZaOw3FPg9Q\"]},{\"@type\":\"Person\",\"@id\":\"https:\/\/kapitalis.com\/tunisie\/#\/schema\/person\/d71f33a9ca44f7bad4698210b480c8e9\",\"name\":\"webmaster kapitalis\",\"url\":\"https:\/\/kapitalis.com\/tunisie\/author\/webmaster-kapitalis\/\"}]}<\/script>\n<!-- \/ Yoast SEO plugin. -->","yoast_head_json":{"title":"La Tunisie plaide sa cause au Salon mondial du voyage \u00e0 Londres - Kapitalis","robots":{"index":"index","follow":"follow","max-snippet":"max-snippet:-1","max-image-preview":"max-image-preview:large","max-video-preview":"max-video-preview:-1"},"canonical":"https:\/\/kapitalis.com\/tunisie\/2015\/11\/05\/la-tunisie-plaide-sa-cause-au-salon-mondial-du-voyage-a-londres\/","og_locale":"fr_FR","og_type":"article","og_title":"La Tunisie plaide sa cause au Salon mondial du voyage \u00e0 Londres - Kapitalis","og_description":"Des touristes britanniques quittent la Tunisie apr\u00e8s l&rsquo;attentat de Sousse, le 26 juin 2015. Le DG de l\u2019ONTT se dit \u00abtr\u00e8s confiant\u00bb que le tourisme tunisien se remettra de la crise qui a suivi l\u2019attaque terroriste du 26 juin dernier, \u00e0 Sousse. Par Marwan Chahla","og_url":"https:\/\/kapitalis.com\/tunisie\/2015\/11\/05\/la-tunisie-plaide-sa-cause-au-salon-mondial-du-voyage-a-londres\/","og_site_name":"Kapitalis","article_publisher":"https:\/\/www.facebook.com\/KapitalisInfo\/","article_published_time":"2015-11-05T07:47:43+00:00","og_image":[{"url":"http:\/\/kapitalis.com\/tunisie\/wp-content\/uploads\/2015\/07\/Touristes-britanniques-au-depart1.jpg","type":"","width":"","height":""}],"author":"webmaster kapitalis","twitter_card":"summary_large_image","twitter_creator":"@KapitalisInfo","twitter_site":"@KapitalisInfo","twitter_misc":{"\u00c9crit par":"webmaster kapitalis","Dur\u00e9e de lecture estim\u00e9e":"2 minutes"},"schema":{"@context":"https:\/\/schema.org","@graph":[{"@type":"Article","@id":"https:\/\/kapitalis.com\/tunisie\/2015\/11\/05\/la-tunisie-plaide-sa-cause-au-salon-mondial-du-voyage-a-londres\/#article","isPartOf":{"@id":"https:\/\/kapitalis.com\/tunisie\/2015\/11\/05\/la-tunisie-plaide-sa-cause-au-salon-mondial-du-voyage-a-londres\/"},"author":{"name":"webmaster kapitalis","@id":"https:\/\/kapitalis.com\/tunisie\/#\/schema\/person\/d71f33a9ca44f7bad4698210b480c8e9"},"headline":"La Tunisie plaide sa cause au Salon mondial du voyage \u00e0 Londres","datePublished":"2015-11-05T07:47:43+00:00","mainEntityOfPage":{"@id":"https:\/\/kapitalis.com\/tunisie\/2015\/11\/05\/la-tunisie-plaide-sa-cause-au-salon-mondial-du-voyage-a-londres\/"},"wordCount":499,"commentCount":4,"publisher":{"@id":"https:\/\/kapitalis.com\/tunisie\/#organization"},"image":{"@id":"https:\/\/kapitalis.com\/tunisie\/2015\/11\/05\/la-tunisie-plaide-sa-cause-au-salon-mondial-du-voyage-a-londres\/#primaryimage"},"thumbnailUrl":"http:\/\/kapitalis.com\/tunisie\/wp-content\/uploads\/2015\/07\/Touristes-britanniques-au-depart1.jpg","keywords":["Abdellatif Hamam","attentat","Londres","salon","s\u00e9curit\u00e9","Selma Elloumi Rekik","tourisme"],"articleSection":["A LA UNE","ECONOMIE","Tunisie"],"inLanguage":"fr-FR","potentialAction":[{"@type":"CommentAction","name":"Comment","target":["https:\/\/kapitalis.com\/tunisie\/2015\/11\/05\/la-tunisie-plaide-sa-cause-au-salon-mondial-du-voyage-a-londres\/#respond"]}]},{"@type":"WebPage","@id":"https:\/\/kapitalis.com\/tunisie\/2015\/11\/05\/la-tunisie-plaide-sa-cause-au-salon-mondial-du-voyage-a-londres\/","url":"https:\/\/kapitalis.com\/tunisie\/2015\/11\/05\/la-tunisie-plaide-sa-cause-au-salon-mondial-du-voyage-a-londres\/","name":"La Tunisie plaide sa cause au Salon mondial du voyage \u00e0 Londres - Kapitalis","isPartOf":{"@id":"https:\/\/kapitalis.com\/tunisie\/#website"},"primaryImageOfPage":{"@id":"https:\/\/kapitalis.com\/tunisie\/2015\/11\/05\/la-tunisie-plaide-sa-cause-au-salon-mondial-du-voyage-a-londres\/#primaryimage"},"image":{"@id":"https:\/\/kapitalis.com\/tunisie\/2015\/11\/05\/la-tunisie-plaide-sa-cause-au-salon-mondial-du-voyage-a-londres\/#primaryimage"},"thumbnailUrl":"http:\/\/kapitalis.com\/tunisie\/wp-content\/uploads\/2015\/07\/Touristes-britanniques-au-depart1.jpg","datePublished":"2015-11-05T07:47:43+00:00","breadcrumb":{"@id":"https:\/\/kapitalis.com\/tunisie\/2015\/11\/05\/la-tunisie-plaide-sa-cause-au-salon-mondial-du-voyage-a-londres\/#breadcrumb"},"inLanguage":"fr-FR","potentialAction":[{"@type":"ReadAction","target":["https:\/\/kapitalis.com\/tunisie\/2015\/11\/05\/la-tunisie-plaide-sa-cause-au-salon-mondial-du-voyage-a-londres\/"]}]},{"@type":"ImageObject","inLanguage":"fr-FR","@id":"https:\/\/kapitalis.com\/tunisie\/2015\/11\/05\/la-tunisie-plaide-sa-cause-au-salon-mondial-du-voyage-a-londres\/#primaryimage","url":"http:\/\/kapitalis.com\/tunisie\/wp-content\/uploads\/2015\/07\/Touristes-britanniques-au-depart1.jpg","contentUrl":"http:\/\/kapitalis.com\/tunisie\/wp-content\/uploads\/2015\/07\/Touristes-britanniques-au-depart1.jpg"},{"@type":"BreadcrumbList","@id":"https:\/\/kapitalis.com\/tunisie\/2015\/11\/05\/la-tunisie-plaide-sa-cause-au-salon-mondial-du-voyage-a-londres\/#breadcrumb","itemListElement":[{"@type":"ListItem","position":1,"name":"Accueil","item":"https:\/\/kapitalis.com\/tunisie\/"},{"@type":"ListItem","position":2,"name":"La Tunisie plaide sa cause au Salon mondial du voyage \u00e0 Londres"}]},{"@type":"WebSite","@id":"https:\/\/kapitalis.com\/tunisie\/#website","url":"https:\/\/kapitalis.com\/tunisie\/","name":"Kapitalis","description":"L&#039;actualit\u00e9 en Tunisie et dans le monde","publisher":{"@id":"https:\/\/kapitalis.com\/tunisie\/#organization"},"potentialAction":[{"@type":"SearchAction","target":{"@type":"EntryPoint","urlTemplate":"https:\/\/kapitalis.com\/tunisie\/?s={search_term_string}"},"query-input":{"@type":"PropertyValueSpecification","valueRequired":true,"valueName":"search_term_string"}}],"inLanguage":"fr-FR"},{"@type":"Organization","@id":"https:\/\/kapitalis.com\/tunisie\/#organization","name":"Kapitalis","url":"https:\/\/kapitalis.com\/tunisie\/","logo":{"@type":"ImageObject","inLanguage":"fr-FR","@id":"https:\/\/kapitalis.com\/tunisie\/#\/schema\/logo\/image\/","url":"https:\/\/kapitalis.com\/tunisie\/wp-content\/uploads\/2022\/05\/Kapitalis-big-size.png","contentUrl":"https:\/\/kapitalis.com\/tunisie\/wp-content\/uploads\/2022\/05\/Kapitalis-big-size.png","width":5000,"height":1500,"caption":"Kapitalis"},"image":{"@id":"https:\/\/kapitalis.com\/tunisie\/#\/schema\/logo\/image\/"},"sameAs":["https:\/\/www.facebook.com\/KapitalisInfo\/","https:\/\/x.com\/KapitalisInfo","https:\/\/www.youtube.com\/channel\/UC-yDYrHyfFBWWZaOw3FPg9Q"]},{"@type":"Person","@id":"https:\/\/kapitalis.com\/tunisie\/#\/schema\/person\/d71f33a9ca44f7bad4698210b480c8e9","name":"webmaster kapitalis","url":"https:\/\/kapitalis.com\/tunisie\/author\/webmaster-kapitalis\/"}]}},"_links":{"self":[{"href":"https:\/\/kapitalis.com\/tunisie\/wp-json\/wp\/v2\/posts\/23348","targetHints":{"allow":["GET"]}}],"collection":[{"href":"https:\/\/kapitalis.com\/tunisie\/wp-json\/wp\/v2\/posts"}],"about":[{"href":"https:\/\/kapitalis.com\/tunisie\/wp-json\/wp\/v2\/types\/post"}],"author":[{"embeddable":true,"href":"https:\/\/kapitalis.com\/tunisie\/wp-json\/wp\/v2\/users\/8"}],"replies":[{"embeddable":true,"href":"https:\/\/kapitalis.com\/tunisie\/wp-json\/wp\/v2\/comments?post=23348"}],"version-history":[{"count":0,"href":"https:\/\/kapitalis.com\/tunisie\/wp-json\/wp\/v2\/posts\/23348\/revisions"}],"wp:attachment":[{"href":"https:\/\/kapitalis.com\/tunisie\/wp-json\/wp\/v2\/media?parent=23348"}],"wp:term":[{"taxonomy":"category","embeddable":true,"href":"https:\/\/kapitalis.com\/tunisie\/wp-json\/wp\/v2\/categories?post=23348"},{"taxonomy":"post_tag","embeddable":true,"href":"https:\/\/kapitalis.com\/tunisie\/wp-json\/wp\/v2\/tags?post=23348"}],"curies":[{"name":"wp","href":"https:\/\/api.w.org\/{rel}","templated":true}]}}