{"id":233634,"date":"2019-08-19T09:57:36","date_gmt":"2019-08-19T08:57:36","guid":{"rendered":"http:\/\/kapitalis.com\/tunisie\/?p=233634"},"modified":"2019-08-19T09:57:38","modified_gmt":"2019-08-19T08:57:38","slug":"beatrice-un-siecle-le-film-de-hejer-charf-a-la-biennale-dart-contemporain-de-rabat","status":"publish","type":"post","link":"https:\/\/kapitalis.com\/tunisie\/2019\/08\/19\/beatrice-un-siecle-le-film-de-hejer-charf-a-la-biennale-dart-contemporain-de-rabat\/","title":{"rendered":"\u2018\u2018B\u00e9atrice un si\u00e8cle\u2019\u2019 , le film de Hejer Charf \u00e0 la Biennale d\u2019art contemporain de Rabat"},"content":{"rendered":"\n<figure class=\"wp-block-image\"><img decoding=\"async\" src=\"http:\/\/kapitalis.com\/tunisie\/wp-content\/uploads\/2019\/08\/Hejer-Charf-Beatrice-un-si\u00e8cle.jpg\" alt=\"\" class=\"wp-image-233635\"\/><figcaption> <em>Bice B\u00e9atrice Slama \/Hejer Charf.<\/em><\/figcaption><\/figure>\n\n\n\n<p><strong><em>Le film \u2018\u2018B\u00e9atrice un si\u00e8cle\u2019\u2019 de la cin\u00e9aste tuniso-canadienne<\/em><\/strong><a rel=\"noreferrer noopener\" aria-label=\" Hejer Charf (s\u2019ouvre dans un nouvel onglet)\" href=\"http:\/\/www.hejercharf.com\/Nadja_productions\/Beatrice_un_siecle.html\" target=\"_blank\"><strong><em> Hejer Charf<\/em><\/strong><\/a><strong><em> est s\u00e9lectionn\u00e9 \u00e0 la premi\u00e8re Biennale d\u2019art contemporain d\u00e9di\u00e9e aux artistes femmes, qui aura lieu \u00e0 Rabat au Maroc, de septembre \u00e0 d\u00e9cembre 2019.<\/em><\/strong><\/p>\n\n\n\n<!--more-->\n\n\n\n<p> Le commissaire g\u00e9n\u00e9ral, Abdelkader Damani, a d\u00e9clar\u00e9 \u00e0 propos de ce choix: <em>\u00abPar ce geste radical, la Biennale se veut l\u2019endroit, \u00e0 l\u2019\u00e9chelle mondiale, o\u00f9 s\u2019\u00e9crit une nouvelle histoire de l\u2019art \u00e0 partir des revendications, des imaginaires, des r\u00eaves et des r\u00e9cits des artistes femmes.\u00bb <\/em><br><\/p>\n\n\n\n<p> Cette premi\u00e8re Biennale au monde est intitul\u00e9e: <em>\u00abUn instant avant le monde\u00bb.<\/em><br><\/p>\n\n\n\n<p> <em>\u2018\u2018B\u00e9atrice un si\u00e8cle\u2019\u2019<\/em> brosse le portrait de Bice B\u00e9atrice Slama, 95 ans, Tunisienne, communiste, juive, f\u00e9ministe, sp\u00e9cialiste de la litt\u00e9rature des femmes,  qui a travers\u00e9 activement les mouvements politiques du vingti\u00e8me si\u00e8cle. Elle raconte dans ce film le Parti communiste tunisien et la jeunesse juive et arabe qui se d\u00e9couvrait dans la fraternit\u00e9 et l\u2019amour; sa lutte pour l\u2019ind\u00e9pendance de la Tunisie, le d\u00e9part forc\u00e9 des juifs, Mai 68, l\u2019aventure de l\u2019universit\u00e9 de Vincennes, mais aussi l\u2019amour, le d\u00e9sir et la sexualit\u00e9. <br><\/p>\n\n\n\n<p> L\u2019historienne de l\u2019art, Bernadette Dufr\u00eane a \u00e9crit \u00e0 propos de<em> \u2018\u2018B\u00e9atrice un si\u00e8cle\u2019\u2019<\/em> qu\u2019il <em>\u00abn\u2019est pas une simple histoire, une biographie, c\u2019est l\u2019interrogation, en images, de situations historiques (\u2026) \u00e0 la fois une r\u00e9flexion sur l\u2019image et sur la narration. (\u2026) H. Charf s\u2019ins\u00e8re dans ce mouvement des cin\u00e9astes pour qui le cin\u00e9ma est le medium qui peut englober tous les autres arts. C\u2019est que cette cin\u00e9aste a fait dans ce film : d\u00e9cloisonner les genres artistiques. C\u2019est en cela qu\u2019elle est une artiste contemporaine.\u00bb <\/em><br><\/p>\n\n\n\n<p style=\"text-align:right\"><strong> I. B.<\/strong><\/p>\n\n\n\n<figure class=\"wp-block-embed is-type-rich is-provider-kapitalis\"><div class=\"wp-block-embed__wrapper\">\n<blockquote class=\"wp-embedded-content\" data-secret=\"cbWxpFJ0vB\"><a href=\"https:\/\/kapitalis.com\/tunisie\/2019\/03\/20\/beatrice-un-siecle-de-hejer-charf-a-laffiche-a-paris\/\">\u2018\u2018B\u00e9atrice un si\u00e8cle\u2019\u2019, de Hejer Charf, \u00e0 l\u2019affiche \u00e0 Paris<\/a><\/blockquote><iframe loading=\"lazy\" class=\"wp-embedded-content\" sandbox=\"allow-scripts\" security=\"restricted\" style=\"position: absolute; clip: rect(1px, 1px, 1px, 1px);\" title=\"\u00ab\u00a0\u2018\u2018B\u00e9atrice un si\u00e8cle\u2019\u2019, de Hejer Charf, \u00e0 l\u2019affiche \u00e0 Paris\u00a0\u00bb &#8212; Kapitalis\" src=\"https:\/\/kapitalis.com\/tunisie\/2019\/03\/20\/beatrice-un-siecle-de-hejer-charf-a-laffiche-a-paris\/embed\/#?secret=XXZ92g0XVu#?secret=cbWxpFJ0vB\" data-secret=\"cbWxpFJ0vB\" width=\"600\" height=\"338\" frameborder=\"0\" marginwidth=\"0\" marginheight=\"0\" scrolling=\"no\"><\/iframe>\n<\/div><\/figure>\n\n\n\n<figure class=\"wp-block-embed is-type-rich is-provider-kapitalis\"><div class=\"wp-block-embed__wrapper\">\n<blockquote class=\"wp-embedded-content\" data-secret=\"93y5sVDCDs\"><a href=\"https:\/\/kapitalis.com\/tunisie\/2018\/12\/18\/cinematheque-tunisienne-beatrice-un-siecle-un-film-hommage-a-beatrice-slama\/\">Cin\u00e9math\u00e8que tunisienne : \u2018\u2018B\u00e9atrice, un si\u00e8cle\u2019\u2019, un film hommage \u00e0 B\u00e9atrice Slama<\/a><\/blockquote><iframe loading=\"lazy\" class=\"wp-embedded-content\" sandbox=\"allow-scripts\" security=\"restricted\" style=\"position: absolute; clip: rect(1px, 1px, 1px, 1px);\" title=\"\u00ab\u00a0Cin\u00e9math\u00e8que tunisienne : \u2018\u2018B\u00e9atrice, un si\u00e8cle\u2019\u2019, un film hommage \u00e0 B\u00e9atrice Slama\u00a0\u00bb &#8212; Kapitalis\" src=\"https:\/\/kapitalis.com\/tunisie\/2018\/12\/18\/cinematheque-tunisienne-beatrice-un-siecle-un-film-hommage-a-beatrice-slama\/embed\/#?secret=0KeKVVT3Jm#?secret=93y5sVDCDs\" data-secret=\"93y5sVDCDs\" width=\"600\" height=\"338\" frameborder=\"0\" marginwidth=\"0\" marginheight=\"0\" scrolling=\"no\"><\/iframe>\n<\/div><\/figure>\n","protected":false},"excerpt":{"rendered":"<p>Le film \u2018\u2018B\u00e9atrice un si\u00e8cle\u2019\u2019 de la cin\u00e9aste tuniso-canadienne Hejer Charf est s\u00e9lectionn\u00e9 \u00e0 la premi\u00e8re Biennale d\u2019art contemporain d\u00e9di\u00e9e aux artistes femmes, qui aura lieu \u00e0 Rabat au Maroc, de septembre \u00e0 d\u00e9cembre 2019.<\/p>\n","protected":false},"author":8,"featured_media":233635,"comment_status":"open","ping_status":"open","sticky":false,"template":"","format":"standard","meta":{"footnotes":""},"categories":[994,2433],"tags":[],"class_list":["post-233634","post","type-post","status-publish","format-standard","has-post-thumbnail","hentry","category-culture","category-tunisie"],"yoast_head":"<!-- This site is optimized with the Yoast SEO plugin v26.6 - https:\/\/yoast.com\/wordpress\/plugins\/seo\/ -->\n<title>\u2018\u2018B\u00e9atrice un si\u00e8cle\u2019\u2019 , le film de Hejer Charf \u00e0 la Biennale d\u2019art contemporain de Rabat - Kapitalis<\/title>\n<meta name=\"robots\" content=\"index, follow, max-snippet:-1, max-image-preview:large, max-video-preview:-1\" \/>\n<link rel=\"canonical\" href=\"https:\/\/kapitalis.com\/tunisie\/2019\/08\/19\/beatrice-un-siecle-le-film-de-hejer-charf-a-la-biennale-dart-contemporain-de-rabat\/\" \/>\n<meta property=\"og:locale\" content=\"fr_FR\" \/>\n<meta property=\"og:type\" content=\"article\" \/>\n<meta property=\"og:title\" content=\"\u2018\u2018B\u00e9atrice un si\u00e8cle\u2019\u2019 , le film de Hejer Charf \u00e0 la Biennale d\u2019art contemporain de Rabat - Kapitalis\" \/>\n<meta property=\"og:description\" content=\"Le film \u2018\u2018B\u00e9atrice un si\u00e8cle\u2019\u2019 de la cin\u00e9aste tuniso-canadienne Hejer Charf est s\u00e9lectionn\u00e9 \u00e0 la premi\u00e8re Biennale d\u2019art contemporain d\u00e9di\u00e9e aux artistes femmes, qui aura lieu \u00e0 Rabat au Maroc, de septembre \u00e0 d\u00e9cembre 2019.\" \/>\n<meta property=\"og:url\" content=\"https:\/\/kapitalis.com\/tunisie\/2019\/08\/19\/beatrice-un-siecle-le-film-de-hejer-charf-a-la-biennale-dart-contemporain-de-rabat\/\" \/>\n<meta property=\"og:site_name\" content=\"Kapitalis\" \/>\n<meta property=\"article:publisher\" content=\"https:\/\/www.facebook.com\/KapitalisInfo\/\" \/>\n<meta property=\"article:published_time\" content=\"2019-08-19T08:57:36+00:00\" \/>\n<meta property=\"article:modified_time\" content=\"2019-08-19T08:57:38+00:00\" \/>\n<meta property=\"og:image\" content=\"https:\/\/kapitalis.com\/tunisie\/wp-content\/uploads\/2022\/05\/kapitalis-logo-fb.png\" \/>\n\t<meta property=\"og:image:width\" content=\"1200\" \/>\n\t<meta property=\"og:image:height\" content=\"630\" \/>\n\t<meta property=\"og:image:type\" content=\"image\/png\" \/>\n<meta name=\"author\" content=\"webmaster kapitalis\" \/>\n<meta name=\"twitter:card\" content=\"summary_large_image\" \/>\n<meta name=\"twitter:creator\" content=\"@KapitalisInfo\" \/>\n<meta name=\"twitter:site\" content=\"@KapitalisInfo\" \/>\n<meta name=\"twitter:label1\" content=\"\u00c9crit par\" \/>\n\t<meta name=\"twitter:data1\" content=\"webmaster kapitalis\" \/>\n\t<meta name=\"twitter:label2\" content=\"Dur\u00e9e de lecture estim\u00e9e\" \/>\n\t<meta name=\"twitter:data2\" content=\"2 minutes\" \/>\n<script type=\"application\/ld+json\" class=\"yoast-schema-graph\">{\"@context\":\"https:\/\/schema.org\",\"@graph\":[{\"@type\":\"Article\",\"@id\":\"https:\/\/kapitalis.com\/tunisie\/2019\/08\/19\/beatrice-un-siecle-le-film-de-hejer-charf-a-la-biennale-dart-contemporain-de-rabat\/#article\",\"isPartOf\":{\"@id\":\"https:\/\/kapitalis.com\/tunisie\/2019\/08\/19\/beatrice-un-siecle-le-film-de-hejer-charf-a-la-biennale-dart-contemporain-de-rabat\/\"},\"author\":{\"name\":\"webmaster kapitalis\",\"@id\":\"https:\/\/kapitalis.com\/tunisie\/#\/schema\/person\/d71f33a9ca44f7bad4698210b480c8e9\"},\"headline\":\"\u2018\u2018B\u00e9atrice un si\u00e8cle\u2019\u2019 , le film de Hejer Charf \u00e0 la Biennale d\u2019art contemporain de Rabat\",\"datePublished\":\"2019-08-19T08:57:36+00:00\",\"dateModified\":\"2019-08-19T08:57:38+00:00\",\"mainEntityOfPage\":{\"@id\":\"https:\/\/kapitalis.com\/tunisie\/2019\/08\/19\/beatrice-un-siecle-le-film-de-hejer-charf-a-la-biennale-dart-contemporain-de-rabat\/\"},\"wordCount\":337,\"commentCount\":0,\"publisher\":{\"@id\":\"https:\/\/kapitalis.com\/tunisie\/#organization\"},\"image\":{\"@id\":\"https:\/\/kapitalis.com\/tunisie\/2019\/08\/19\/beatrice-un-siecle-le-film-de-hejer-charf-a-la-biennale-dart-contemporain-de-rabat\/#primaryimage\"},\"thumbnailUrl\":\"\",\"articleSection\":[\"CULTURE\",\"Tunisie\"],\"inLanguage\":\"fr-FR\",\"potentialAction\":[{\"@type\":\"CommentAction\",\"name\":\"Comment\",\"target\":[\"https:\/\/kapitalis.com\/tunisie\/2019\/08\/19\/beatrice-un-siecle-le-film-de-hejer-charf-a-la-biennale-dart-contemporain-de-rabat\/#respond\"]}]},{\"@type\":\"WebPage\",\"@id\":\"https:\/\/kapitalis.com\/tunisie\/2019\/08\/19\/beatrice-un-siecle-le-film-de-hejer-charf-a-la-biennale-dart-contemporain-de-rabat\/\",\"url\":\"https:\/\/kapitalis.com\/tunisie\/2019\/08\/19\/beatrice-un-siecle-le-film-de-hejer-charf-a-la-biennale-dart-contemporain-de-rabat\/\",\"name\":\"\u2018\u2018B\u00e9atrice un si\u00e8cle\u2019\u2019 , le film de Hejer Charf \u00e0 la Biennale d\u2019art contemporain de Rabat - Kapitalis\",\"isPartOf\":{\"@id\":\"https:\/\/kapitalis.com\/tunisie\/#website\"},\"primaryImageOfPage\":{\"@id\":\"https:\/\/kapitalis.com\/tunisie\/2019\/08\/19\/beatrice-un-siecle-le-film-de-hejer-charf-a-la-biennale-dart-contemporain-de-rabat\/#primaryimage\"},\"image\":{\"@id\":\"https:\/\/kapitalis.com\/tunisie\/2019\/08\/19\/beatrice-un-siecle-le-film-de-hejer-charf-a-la-biennale-dart-contemporain-de-rabat\/#primaryimage\"},\"thumbnailUrl\":\"\",\"datePublished\":\"2019-08-19T08:57:36+00:00\",\"dateModified\":\"2019-08-19T08:57:38+00:00\",\"breadcrumb\":{\"@id\":\"https:\/\/kapitalis.com\/tunisie\/2019\/08\/19\/beatrice-un-siecle-le-film-de-hejer-charf-a-la-biennale-dart-contemporain-de-rabat\/#breadcrumb\"},\"inLanguage\":\"fr-FR\",\"potentialAction\":[{\"@type\":\"ReadAction\",\"target\":[\"https:\/\/kapitalis.com\/tunisie\/2019\/08\/19\/beatrice-un-siecle-le-film-de-hejer-charf-a-la-biennale-dart-contemporain-de-rabat\/\"]}]},{\"@type\":\"ImageObject\",\"inLanguage\":\"fr-FR\",\"@id\":\"https:\/\/kapitalis.com\/tunisie\/2019\/08\/19\/beatrice-un-siecle-le-film-de-hejer-charf-a-la-biennale-dart-contemporain-de-rabat\/#primaryimage\",\"url\":\"\",\"contentUrl\":\"\"},{\"@type\":\"BreadcrumbList\",\"@id\":\"https:\/\/kapitalis.com\/tunisie\/2019\/08\/19\/beatrice-un-siecle-le-film-de-hejer-charf-a-la-biennale-dart-contemporain-de-rabat\/#breadcrumb\",\"itemListElement\":[{\"@type\":\"ListItem\",\"position\":1,\"name\":\"Accueil\",\"item\":\"https:\/\/kapitalis.com\/tunisie\/\"},{\"@type\":\"ListItem\",\"position\":2,\"name\":\"\u2018\u2018B\u00e9atrice un si\u00e8cle\u2019\u2019 , le film de Hejer Charf \u00e0 la Biennale d\u2019art contemporain de Rabat\"}]},{\"@type\":\"WebSite\",\"@id\":\"https:\/\/kapitalis.com\/tunisie\/#website\",\"url\":\"https:\/\/kapitalis.com\/tunisie\/\",\"name\":\"Kapitalis\",\"description\":\"L&#039;actualit\u00e9 en Tunisie et dans le monde\",\"publisher\":{\"@id\":\"https:\/\/kapitalis.com\/tunisie\/#organization\"},\"potentialAction\":[{\"@type\":\"SearchAction\",\"target\":{\"@type\":\"EntryPoint\",\"urlTemplate\":\"https:\/\/kapitalis.com\/tunisie\/?s={search_term_string}\"},\"query-input\":{\"@type\":\"PropertyValueSpecification\",\"valueRequired\":true,\"valueName\":\"search_term_string\"}}],\"inLanguage\":\"fr-FR\"},{\"@type\":\"Organization\",\"@id\":\"https:\/\/kapitalis.com\/tunisie\/#organization\",\"name\":\"Kapitalis\",\"url\":\"https:\/\/kapitalis.com\/tunisie\/\",\"logo\":{\"@type\":\"ImageObject\",\"inLanguage\":\"fr-FR\",\"@id\":\"https:\/\/kapitalis.com\/tunisie\/#\/schema\/logo\/image\/\",\"url\":\"https:\/\/kapitalis.com\/tunisie\/wp-content\/uploads\/2022\/05\/Kapitalis-big-size.png\",\"contentUrl\":\"https:\/\/kapitalis.com\/tunisie\/wp-content\/uploads\/2022\/05\/Kapitalis-big-size.png\",\"width\":5000,\"height\":1500,\"caption\":\"Kapitalis\"},\"image\":{\"@id\":\"https:\/\/kapitalis.com\/tunisie\/#\/schema\/logo\/image\/\"},\"sameAs\":[\"https:\/\/www.facebook.com\/KapitalisInfo\/\",\"https:\/\/x.com\/KapitalisInfo\",\"https:\/\/www.youtube.com\/channel\/UC-yDYrHyfFBWWZaOw3FPg9Q\"]},{\"@type\":\"Person\",\"@id\":\"https:\/\/kapitalis.com\/tunisie\/#\/schema\/person\/d71f33a9ca44f7bad4698210b480c8e9\",\"name\":\"webmaster kapitalis\",\"url\":\"https:\/\/kapitalis.com\/tunisie\/author\/webmaster-kapitalis\/\"}]}<\/script>\n<!-- \/ Yoast SEO plugin. -->","yoast_head_json":{"title":"\u2018\u2018B\u00e9atrice un si\u00e8cle\u2019\u2019 , le film de Hejer Charf \u00e0 la Biennale d\u2019art contemporain de Rabat - Kapitalis","robots":{"index":"index","follow":"follow","max-snippet":"max-snippet:-1","max-image-preview":"max-image-preview:large","max-video-preview":"max-video-preview:-1"},"canonical":"https:\/\/kapitalis.com\/tunisie\/2019\/08\/19\/beatrice-un-siecle-le-film-de-hejer-charf-a-la-biennale-dart-contemporain-de-rabat\/","og_locale":"fr_FR","og_type":"article","og_title":"\u2018\u2018B\u00e9atrice un si\u00e8cle\u2019\u2019 , le film de Hejer Charf \u00e0 la Biennale d\u2019art contemporain de Rabat - Kapitalis","og_description":"Le film \u2018\u2018B\u00e9atrice un si\u00e8cle\u2019\u2019 de la cin\u00e9aste tuniso-canadienne Hejer Charf est s\u00e9lectionn\u00e9 \u00e0 la premi\u00e8re Biennale d\u2019art contemporain d\u00e9di\u00e9e aux artistes femmes, qui aura lieu \u00e0 Rabat au Maroc, de septembre \u00e0 d\u00e9cembre 2019.","og_url":"https:\/\/kapitalis.com\/tunisie\/2019\/08\/19\/beatrice-un-siecle-le-film-de-hejer-charf-a-la-biennale-dart-contemporain-de-rabat\/","og_site_name":"Kapitalis","article_publisher":"https:\/\/www.facebook.com\/KapitalisInfo\/","article_published_time":"2019-08-19T08:57:36+00:00","article_modified_time":"2019-08-19T08:57:38+00:00","og_image":[{"width":1200,"height":630,"url":"https:\/\/kapitalis.com\/tunisie\/wp-content\/uploads\/2022\/05\/kapitalis-logo-fb.png","type":"image\/png"}],"author":"webmaster kapitalis","twitter_card":"summary_large_image","twitter_creator":"@KapitalisInfo","twitter_site":"@KapitalisInfo","twitter_misc":{"\u00c9crit par":"webmaster kapitalis","Dur\u00e9e de lecture estim\u00e9e":"2 minutes"},"schema":{"@context":"https:\/\/schema.org","@graph":[{"@type":"Article","@id":"https:\/\/kapitalis.com\/tunisie\/2019\/08\/19\/beatrice-un-siecle-le-film-de-hejer-charf-a-la-biennale-dart-contemporain-de-rabat\/#article","isPartOf":{"@id":"https:\/\/kapitalis.com\/tunisie\/2019\/08\/19\/beatrice-un-siecle-le-film-de-hejer-charf-a-la-biennale-dart-contemporain-de-rabat\/"},"author":{"name":"webmaster kapitalis","@id":"https:\/\/kapitalis.com\/tunisie\/#\/schema\/person\/d71f33a9ca44f7bad4698210b480c8e9"},"headline":"\u2018\u2018B\u00e9atrice un si\u00e8cle\u2019\u2019 , le film de Hejer Charf \u00e0 la Biennale d\u2019art contemporain de Rabat","datePublished":"2019-08-19T08:57:36+00:00","dateModified":"2019-08-19T08:57:38+00:00","mainEntityOfPage":{"@id":"https:\/\/kapitalis.com\/tunisie\/2019\/08\/19\/beatrice-un-siecle-le-film-de-hejer-charf-a-la-biennale-dart-contemporain-de-rabat\/"},"wordCount":337,"commentCount":0,"publisher":{"@id":"https:\/\/kapitalis.com\/tunisie\/#organization"},"image":{"@id":"https:\/\/kapitalis.com\/tunisie\/2019\/08\/19\/beatrice-un-siecle-le-film-de-hejer-charf-a-la-biennale-dart-contemporain-de-rabat\/#primaryimage"},"thumbnailUrl":"","articleSection":["CULTURE","Tunisie"],"inLanguage":"fr-FR","potentialAction":[{"@type":"CommentAction","name":"Comment","target":["https:\/\/kapitalis.com\/tunisie\/2019\/08\/19\/beatrice-un-siecle-le-film-de-hejer-charf-a-la-biennale-dart-contemporain-de-rabat\/#respond"]}]},{"@type":"WebPage","@id":"https:\/\/kapitalis.com\/tunisie\/2019\/08\/19\/beatrice-un-siecle-le-film-de-hejer-charf-a-la-biennale-dart-contemporain-de-rabat\/","url":"https:\/\/kapitalis.com\/tunisie\/2019\/08\/19\/beatrice-un-siecle-le-film-de-hejer-charf-a-la-biennale-dart-contemporain-de-rabat\/","name":"\u2018\u2018B\u00e9atrice un si\u00e8cle\u2019\u2019 , le film de Hejer Charf \u00e0 la Biennale d\u2019art contemporain de Rabat - Kapitalis","isPartOf":{"@id":"https:\/\/kapitalis.com\/tunisie\/#website"},"primaryImageOfPage":{"@id":"https:\/\/kapitalis.com\/tunisie\/2019\/08\/19\/beatrice-un-siecle-le-film-de-hejer-charf-a-la-biennale-dart-contemporain-de-rabat\/#primaryimage"},"image":{"@id":"https:\/\/kapitalis.com\/tunisie\/2019\/08\/19\/beatrice-un-siecle-le-film-de-hejer-charf-a-la-biennale-dart-contemporain-de-rabat\/#primaryimage"},"thumbnailUrl":"","datePublished":"2019-08-19T08:57:36+00:00","dateModified":"2019-08-19T08:57:38+00:00","breadcrumb":{"@id":"https:\/\/kapitalis.com\/tunisie\/2019\/08\/19\/beatrice-un-siecle-le-film-de-hejer-charf-a-la-biennale-dart-contemporain-de-rabat\/#breadcrumb"},"inLanguage":"fr-FR","potentialAction":[{"@type":"ReadAction","target":["https:\/\/kapitalis.com\/tunisie\/2019\/08\/19\/beatrice-un-siecle-le-film-de-hejer-charf-a-la-biennale-dart-contemporain-de-rabat\/"]}]},{"@type":"ImageObject","inLanguage":"fr-FR","@id":"https:\/\/kapitalis.com\/tunisie\/2019\/08\/19\/beatrice-un-siecle-le-film-de-hejer-charf-a-la-biennale-dart-contemporain-de-rabat\/#primaryimage","url":"","contentUrl":""},{"@type":"BreadcrumbList","@id":"https:\/\/kapitalis.com\/tunisie\/2019\/08\/19\/beatrice-un-siecle-le-film-de-hejer-charf-a-la-biennale-dart-contemporain-de-rabat\/#breadcrumb","itemListElement":[{"@type":"ListItem","position":1,"name":"Accueil","item":"https:\/\/kapitalis.com\/tunisie\/"},{"@type":"ListItem","position":2,"name":"\u2018\u2018B\u00e9atrice un si\u00e8cle\u2019\u2019 , le film de Hejer Charf \u00e0 la Biennale d\u2019art contemporain de Rabat"}]},{"@type":"WebSite","@id":"https:\/\/kapitalis.com\/tunisie\/#website","url":"https:\/\/kapitalis.com\/tunisie\/","name":"Kapitalis","description":"L&#039;actualit\u00e9 en Tunisie et dans le monde","publisher":{"@id":"https:\/\/kapitalis.com\/tunisie\/#organization"},"potentialAction":[{"@type":"SearchAction","target":{"@type":"EntryPoint","urlTemplate":"https:\/\/kapitalis.com\/tunisie\/?s={search_term_string}"},"query-input":{"@type":"PropertyValueSpecification","valueRequired":true,"valueName":"search_term_string"}}],"inLanguage":"fr-FR"},{"@type":"Organization","@id":"https:\/\/kapitalis.com\/tunisie\/#organization","name":"Kapitalis","url":"https:\/\/kapitalis.com\/tunisie\/","logo":{"@type":"ImageObject","inLanguage":"fr-FR","@id":"https:\/\/kapitalis.com\/tunisie\/#\/schema\/logo\/image\/","url":"https:\/\/kapitalis.com\/tunisie\/wp-content\/uploads\/2022\/05\/Kapitalis-big-size.png","contentUrl":"https:\/\/kapitalis.com\/tunisie\/wp-content\/uploads\/2022\/05\/Kapitalis-big-size.png","width":5000,"height":1500,"caption":"Kapitalis"},"image":{"@id":"https:\/\/kapitalis.com\/tunisie\/#\/schema\/logo\/image\/"},"sameAs":["https:\/\/www.facebook.com\/KapitalisInfo\/","https:\/\/x.com\/KapitalisInfo","https:\/\/www.youtube.com\/channel\/UC-yDYrHyfFBWWZaOw3FPg9Q"]},{"@type":"Person","@id":"https:\/\/kapitalis.com\/tunisie\/#\/schema\/person\/d71f33a9ca44f7bad4698210b480c8e9","name":"webmaster kapitalis","url":"https:\/\/kapitalis.com\/tunisie\/author\/webmaster-kapitalis\/"}]}},"_links":{"self":[{"href":"https:\/\/kapitalis.com\/tunisie\/wp-json\/wp\/v2\/posts\/233634","targetHints":{"allow":["GET"]}}],"collection":[{"href":"https:\/\/kapitalis.com\/tunisie\/wp-json\/wp\/v2\/posts"}],"about":[{"href":"https:\/\/kapitalis.com\/tunisie\/wp-json\/wp\/v2\/types\/post"}],"author":[{"embeddable":true,"href":"https:\/\/kapitalis.com\/tunisie\/wp-json\/wp\/v2\/users\/8"}],"replies":[{"embeddable":true,"href":"https:\/\/kapitalis.com\/tunisie\/wp-json\/wp\/v2\/comments?post=233634"}],"version-history":[{"count":0,"href":"https:\/\/kapitalis.com\/tunisie\/wp-json\/wp\/v2\/posts\/233634\/revisions"}],"wp:featuredmedia":[{"embeddable":true,"href":"https:\/\/kapitalis.com\/tunisie\/wp-json\/wp\/v2\/media\/233635"}],"wp:attachment":[{"href":"https:\/\/kapitalis.com\/tunisie\/wp-json\/wp\/v2\/media?parent=233634"}],"wp:term":[{"taxonomy":"category","embeddable":true,"href":"https:\/\/kapitalis.com\/tunisie\/wp-json\/wp\/v2\/categories?post=233634"},{"taxonomy":"post_tag","embeddable":true,"href":"https:\/\/kapitalis.com\/tunisie\/wp-json\/wp\/v2\/tags?post=233634"}],"curies":[{"name":"wp","href":"https:\/\/api.w.org\/{rel}","templated":true}]}}