{"id":233665,"date":"2019-08-19T13:32:25","date_gmt":"2019-08-19T12:32:25","guid":{"rendered":"http:\/\/kapitalis.com\/tunisie\/?p=233665"},"modified":"2019-08-19T13:32:34","modified_gmt":"2019-08-19T12:32:34","slug":"biens-confisques-amilcar-le-palais-inacheve-de-sakher-el-matri-mis-a-la-vente","status":"publish","type":"post","link":"https:\/\/kapitalis.com\/tunisie\/2019\/08\/19\/biens-confisques-amilcar-le-palais-inacheve-de-sakher-el-matri-mis-a-la-vente\/","title":{"rendered":"Biens confisqu\u00e9s: Amilcar, le palais inachev\u00e9 de Sakher El-Matri mis \u00e0 la vente"},"content":{"rendered":"\n<figure class=\"wp-block-image\"><img decoding=\"async\" src=\"http:\/\/kapitalis.com\/tunisie\/wp-content\/uploads\/2019\/08\/Amilcar....jpg\" alt=\"\" class=\"wp-image-233680\"\/><\/figure>\n\n\n\n<p><strong><em>La soci\u00e9t\u00e9 Gammarth Immobili\u00e8re met \u00e0 la vente Amilcar, le palais inachev\u00e9 de Sakher El-Matri, gendre de l&rsquo;ancien pr\u00e9sident Zine El-Abidine Ben Ali. La date limite de remise des offres est fix\u00e9e au 5 septembre 2019, \u00e0 15 heures.<\/em><\/strong><\/p>\n\n\n\n<!--more-->\n\n\n<p>Gammarth Immobili\u00e8re a fait part de cette mise \u00e0 la vente le 15 ao\u00fbt par voie d&rsquo;appel d&rsquo;offres n\u00b019\/2019, dans la rubrique \u00ab\u00a0<span style=\"color: #0000ff;\"><a style=\"color: #0000ff;\" href=\"https:\/\/gammarth-immobiliere.tn\/biens-confisques\/index.php\/fr\/biens-immobiliers-a-vendre-tunisie\" target=\"_blank\" rel=\"noreferrer noopener\" aria-label=\"Biens Confisqu\u00e9s (s\u2019ouvre dans un nouvel onglet)\">Biens Confisqu\u00e9s\u00bb<\/a><\/span>\u00a0\u00bb de son site web.<\/p>\n<p>Entendons par l\u00e0 les <em>\u00ab\u00a0biens confisqu\u00e9s\u00a0\u00bb<\/em> du pr\u00e9sident d\u00e9chu Ben Ali et des membres de sa famille dont son gendre Sakher El-Matri, en fuite \u00e0 l&rsquo;\u00e9tranger depuis la r\u00e9volution de janvier 2011.<\/p>\n\n\n<p>Voici en bref comment se pr\u00e9sente ce palais inachev\u00e9, perch\u00e9 sur les hauteurs de la falaise de Sidi-Bou-Sa\u00efd \u00e0 70 m d\u2019altitude, \u00e0 15 mn de l\u2019a\u00e9roport international de Tunis-Carthage, et \u00e0 2 mn de Carthage: superficie du terrain de 11.394 m\u00b2, surface couverte de 7.376 m2 avec 5 niveaux, 131 chambres, 7 terrasses avec vue sur mer, et une piscine c\u00f4t\u00e9 falaise. <\/p>\n\n\n\n<p>Au rez-de-jardin : une piscine avec cascade, terrasse couverte et jacuzzi, un hammam, une salle de gymnastique, une salle de jeux, 4 ascenseurs dont un ascenseur panoramique. <\/p>\n\n\n\n<div class=\"wp-block-image\"><figure class=\"aligncenter is-resized\"><img loading=\"lazy\" decoding=\"async\" src=\"http:\/\/kapitalis.com\/tunisie\/wp-content\/uploads\/2019\/08\/amilcar-4.jpg\" alt=\"\" class=\"wp-image-233683\" width=\"500\" height=\"306\"\/><\/figure><\/div>\n\n\n\n<p>Des espaces verts aussi sur 3.000 m\u00b2 avec diverses plantations, un lac artificiel avec cascade, un bassin anim\u00e9 par un jet d\u2019eau, une voie club car et v\u00e9lo, une court de tennis, des jardins, grottes et cages am\u00e9nag\u00e9s pour animaux, et une voie v\u00e9hiculaire interne de 83 e large qui dessert la r\u00e9sidence. <\/p>\n\n\n\n<p>Les constructions et les ouvrages sont totalement achev\u00e9s, tandis que les lots de rev\u00eatement, plomberie, \u00e9lectricit\u00e9, ascenseur et d\u00e9coration sont achev\u00e9s \u00e0 80%. <\/p>\n\n\n<p style=\"text-align: right;\"><strong>A. M. <\/strong><em>(avec<span style=\"color: #0000ff;\"><a style=\"color: #0000ff;\" href=\"https:\/\/gammarth-immobiliere.tn\/biens-confisques\/fr\/92-residence-amilcar\" target=\"_blank\" rel=\"noopener noreferrer\">Gammarth Immobili\u00e8re<\/a>).<\/span><\/em><\/p>","protected":false},"excerpt":{"rendered":"<p>La soci\u00e9t\u00e9 Gammarth Immobili\u00e8re met \u00e0 la vente Amilcar, le palais inachev\u00e9 de Sakher El-Matri, gendre de l&rsquo;ancien pr\u00e9sident Zine El-Abidine Ben Ali. La date limite de remise des offres est fix\u00e9e au 5 septembre 2019, \u00e0 15 heures.<\/p>\n","protected":false},"author":22,"featured_media":233680,"comment_status":"open","ping_status":"open","sticky":false,"template":"","format":"standard","meta":{"footnotes":""},"categories":[995,2433],"tags":[1464],"class_list":["post-233665","post","type-post","status-publish","format-standard","has-post-thumbnail","hentry","category-economie","category-tunisie","tag-appel-doffres"],"yoast_head":"<!-- This site is optimized with the Yoast SEO plugin v26.6 - https:\/\/yoast.com\/wordpress\/plugins\/seo\/ -->\n<title>Biens confisqu\u00e9s: Amilcar, le palais inachev\u00e9 de Sakher El-Matri mis \u00e0 la vente - Kapitalis<\/title>\n<meta name=\"robots\" content=\"index, follow, max-snippet:-1, max-image-preview:large, max-video-preview:-1\" \/>\n<link rel=\"canonical\" href=\"https:\/\/kapitalis.com\/tunisie\/2019\/08\/19\/biens-confisques-amilcar-le-palais-inacheve-de-sakher-el-matri-mis-a-la-vente\/\" \/>\n<meta property=\"og:locale\" content=\"fr_FR\" \/>\n<meta property=\"og:type\" content=\"article\" \/>\n<meta property=\"og:title\" content=\"Biens confisqu\u00e9s: Amilcar, le palais inachev\u00e9 de Sakher El-Matri mis \u00e0 la vente - Kapitalis\" \/>\n<meta property=\"og:description\" content=\"La soci\u00e9t\u00e9 Gammarth Immobili\u00e8re met \u00e0 la vente Amilcar, le palais inachev\u00e9 de Sakher El-Matri, gendre de l&rsquo;ancien pr\u00e9sident Zine El-Abidine Ben Ali. La date limite de remise des offres est fix\u00e9e au 5 septembre 2019, \u00e0 15 heures.\" \/>\n<meta property=\"og:url\" content=\"https:\/\/kapitalis.com\/tunisie\/2019\/08\/19\/biens-confisques-amilcar-le-palais-inacheve-de-sakher-el-matri-mis-a-la-vente\/\" \/>\n<meta property=\"og:site_name\" content=\"Kapitalis\" \/>\n<meta property=\"article:publisher\" content=\"https:\/\/www.facebook.com\/KapitalisInfo\/\" \/>\n<meta property=\"article:published_time\" content=\"2019-08-19T12:32:25+00:00\" \/>\n<meta property=\"article:modified_time\" content=\"2019-08-19T12:32:34+00:00\" \/>\n<meta property=\"og:image\" content=\"https:\/\/kapitalis.com\/tunisie\/wp-content\/uploads\/2022\/05\/kapitalis-logo-fb.png\" \/>\n\t<meta property=\"og:image:width\" content=\"1200\" \/>\n\t<meta property=\"og:image:height\" content=\"630\" \/>\n\t<meta property=\"og:image:type\" content=\"image\/png\" \/>\n<meta name=\"author\" content=\"Amina Mkada\" \/>\n<meta name=\"twitter:card\" content=\"summary_large_image\" \/>\n<meta name=\"twitter:creator\" content=\"@KapitalisInfo\" \/>\n<meta name=\"twitter:site\" content=\"@KapitalisInfo\" \/>\n<meta name=\"twitter:label1\" content=\"\u00c9crit par\" \/>\n\t<meta name=\"twitter:data1\" content=\"Amina Mkada\" \/>\n\t<meta name=\"twitter:label2\" content=\"Dur\u00e9e de lecture estim\u00e9e\" \/>\n\t<meta name=\"twitter:data2\" content=\"1 minute\" \/>\n<script type=\"application\/ld+json\" class=\"yoast-schema-graph\">{\"@context\":\"https:\/\/schema.org\",\"@graph\":[{\"@type\":\"Article\",\"@id\":\"https:\/\/kapitalis.com\/tunisie\/2019\/08\/19\/biens-confisques-amilcar-le-palais-inacheve-de-sakher-el-matri-mis-a-la-vente\/#article\",\"isPartOf\":{\"@id\":\"https:\/\/kapitalis.com\/tunisie\/2019\/08\/19\/biens-confisques-amilcar-le-palais-inacheve-de-sakher-el-matri-mis-a-la-vente\/\"},\"author\":{\"name\":\"Amina Mkada\",\"@id\":\"https:\/\/kapitalis.com\/tunisie\/#\/schema\/person\/093913313d3017554cb3ad077fff3fbd\"},\"headline\":\"Biens confisqu\u00e9s: Amilcar, le palais inachev\u00e9 de Sakher El-Matri mis \u00e0 la vente\",\"datePublished\":\"2019-08-19T12:32:25+00:00\",\"dateModified\":\"2019-08-19T12:32:34+00:00\",\"mainEntityOfPage\":{\"@id\":\"https:\/\/kapitalis.com\/tunisie\/2019\/08\/19\/biens-confisques-amilcar-le-palais-inacheve-de-sakher-el-matri-mis-a-la-vente\/\"},\"wordCount\":286,\"commentCount\":7,\"publisher\":{\"@id\":\"https:\/\/kapitalis.com\/tunisie\/#organization\"},\"image\":{\"@id\":\"https:\/\/kapitalis.com\/tunisie\/2019\/08\/19\/biens-confisques-amilcar-le-palais-inacheve-de-sakher-el-matri-mis-a-la-vente\/#primaryimage\"},\"thumbnailUrl\":\"\",\"keywords\":[\"appel d'offres\"],\"articleSection\":[\"ECONOMIE\",\"Tunisie\"],\"inLanguage\":\"fr-FR\",\"potentialAction\":[{\"@type\":\"CommentAction\",\"name\":\"Comment\",\"target\":[\"https:\/\/kapitalis.com\/tunisie\/2019\/08\/19\/biens-confisques-amilcar-le-palais-inacheve-de-sakher-el-matri-mis-a-la-vente\/#respond\"]}]},{\"@type\":\"WebPage\",\"@id\":\"https:\/\/kapitalis.com\/tunisie\/2019\/08\/19\/biens-confisques-amilcar-le-palais-inacheve-de-sakher-el-matri-mis-a-la-vente\/\",\"url\":\"https:\/\/kapitalis.com\/tunisie\/2019\/08\/19\/biens-confisques-amilcar-le-palais-inacheve-de-sakher-el-matri-mis-a-la-vente\/\",\"name\":\"Biens confisqu\u00e9s: Amilcar, le palais inachev\u00e9 de Sakher El-Matri mis \u00e0 la vente - Kapitalis\",\"isPartOf\":{\"@id\":\"https:\/\/kapitalis.com\/tunisie\/#website\"},\"primaryImageOfPage\":{\"@id\":\"https:\/\/kapitalis.com\/tunisie\/2019\/08\/19\/biens-confisques-amilcar-le-palais-inacheve-de-sakher-el-matri-mis-a-la-vente\/#primaryimage\"},\"image\":{\"@id\":\"https:\/\/kapitalis.com\/tunisie\/2019\/08\/19\/biens-confisques-amilcar-le-palais-inacheve-de-sakher-el-matri-mis-a-la-vente\/#primaryimage\"},\"thumbnailUrl\":\"\",\"datePublished\":\"2019-08-19T12:32:25+00:00\",\"dateModified\":\"2019-08-19T12:32:34+00:00\",\"breadcrumb\":{\"@id\":\"https:\/\/kapitalis.com\/tunisie\/2019\/08\/19\/biens-confisques-amilcar-le-palais-inacheve-de-sakher-el-matri-mis-a-la-vente\/#breadcrumb\"},\"inLanguage\":\"fr-FR\",\"potentialAction\":[{\"@type\":\"ReadAction\",\"target\":[\"https:\/\/kapitalis.com\/tunisie\/2019\/08\/19\/biens-confisques-amilcar-le-palais-inacheve-de-sakher-el-matri-mis-a-la-vente\/\"]}]},{\"@type\":\"ImageObject\",\"inLanguage\":\"fr-FR\",\"@id\":\"https:\/\/kapitalis.com\/tunisie\/2019\/08\/19\/biens-confisques-amilcar-le-palais-inacheve-de-sakher-el-matri-mis-a-la-vente\/#primaryimage\",\"url\":\"\",\"contentUrl\":\"\"},{\"@type\":\"BreadcrumbList\",\"@id\":\"https:\/\/kapitalis.com\/tunisie\/2019\/08\/19\/biens-confisques-amilcar-le-palais-inacheve-de-sakher-el-matri-mis-a-la-vente\/#breadcrumb\",\"itemListElement\":[{\"@type\":\"ListItem\",\"position\":1,\"name\":\"Accueil\",\"item\":\"https:\/\/kapitalis.com\/tunisie\/\"},{\"@type\":\"ListItem\",\"position\":2,\"name\":\"Biens confisqu\u00e9s: Amilcar, le palais inachev\u00e9 de Sakher El-Matri mis \u00e0 la vente\"}]},{\"@type\":\"WebSite\",\"@id\":\"https:\/\/kapitalis.com\/tunisie\/#website\",\"url\":\"https:\/\/kapitalis.com\/tunisie\/\",\"name\":\"Kapitalis\",\"description\":\"L&#039;actualit\u00e9 en Tunisie et dans le monde\",\"publisher\":{\"@id\":\"https:\/\/kapitalis.com\/tunisie\/#organization\"},\"potentialAction\":[{\"@type\":\"SearchAction\",\"target\":{\"@type\":\"EntryPoint\",\"urlTemplate\":\"https:\/\/kapitalis.com\/tunisie\/?s={search_term_string}\"},\"query-input\":{\"@type\":\"PropertyValueSpecification\",\"valueRequired\":true,\"valueName\":\"search_term_string\"}}],\"inLanguage\":\"fr-FR\"},{\"@type\":\"Organization\",\"@id\":\"https:\/\/kapitalis.com\/tunisie\/#organization\",\"name\":\"Kapitalis\",\"url\":\"https:\/\/kapitalis.com\/tunisie\/\",\"logo\":{\"@type\":\"ImageObject\",\"inLanguage\":\"fr-FR\",\"@id\":\"https:\/\/kapitalis.com\/tunisie\/#\/schema\/logo\/image\/\",\"url\":\"https:\/\/kapitalis.com\/tunisie\/wp-content\/uploads\/2022\/05\/Kapitalis-big-size.png\",\"contentUrl\":\"https:\/\/kapitalis.com\/tunisie\/wp-content\/uploads\/2022\/05\/Kapitalis-big-size.png\",\"width\":5000,\"height\":1500,\"caption\":\"Kapitalis\"},\"image\":{\"@id\":\"https:\/\/kapitalis.com\/tunisie\/#\/schema\/logo\/image\/\"},\"sameAs\":[\"https:\/\/www.facebook.com\/KapitalisInfo\/\",\"https:\/\/x.com\/KapitalisInfo\",\"https:\/\/www.youtube.com\/channel\/UC-yDYrHyfFBWWZaOw3FPg9Q\"]},{\"@type\":\"Person\",\"@id\":\"https:\/\/kapitalis.com\/tunisie\/#\/schema\/person\/093913313d3017554cb3ad077fff3fbd\",\"name\":\"Amina Mkada\",\"url\":\"https:\/\/kapitalis.com\/tunisie\/author\/amina\/\"}]}<\/script>\n<!-- \/ Yoast SEO plugin. -->","yoast_head_json":{"title":"Biens confisqu\u00e9s: Amilcar, le palais inachev\u00e9 de Sakher El-Matri mis \u00e0 la vente - Kapitalis","robots":{"index":"index","follow":"follow","max-snippet":"max-snippet:-1","max-image-preview":"max-image-preview:large","max-video-preview":"max-video-preview:-1"},"canonical":"https:\/\/kapitalis.com\/tunisie\/2019\/08\/19\/biens-confisques-amilcar-le-palais-inacheve-de-sakher-el-matri-mis-a-la-vente\/","og_locale":"fr_FR","og_type":"article","og_title":"Biens confisqu\u00e9s: Amilcar, le palais inachev\u00e9 de Sakher El-Matri mis \u00e0 la vente - Kapitalis","og_description":"La soci\u00e9t\u00e9 Gammarth Immobili\u00e8re met \u00e0 la vente Amilcar, le palais inachev\u00e9 de Sakher El-Matri, gendre de l&rsquo;ancien pr\u00e9sident Zine El-Abidine Ben Ali. La date limite de remise des offres est fix\u00e9e au 5 septembre 2019, \u00e0 15 heures.","og_url":"https:\/\/kapitalis.com\/tunisie\/2019\/08\/19\/biens-confisques-amilcar-le-palais-inacheve-de-sakher-el-matri-mis-a-la-vente\/","og_site_name":"Kapitalis","article_publisher":"https:\/\/www.facebook.com\/KapitalisInfo\/","article_published_time":"2019-08-19T12:32:25+00:00","article_modified_time":"2019-08-19T12:32:34+00:00","og_image":[{"width":1200,"height":630,"url":"https:\/\/kapitalis.com\/tunisie\/wp-content\/uploads\/2022\/05\/kapitalis-logo-fb.png","type":"image\/png"}],"author":"Amina Mkada","twitter_card":"summary_large_image","twitter_creator":"@KapitalisInfo","twitter_site":"@KapitalisInfo","twitter_misc":{"\u00c9crit par":"Amina Mkada","Dur\u00e9e de lecture estim\u00e9e":"1 minute"},"schema":{"@context":"https:\/\/schema.org","@graph":[{"@type":"Article","@id":"https:\/\/kapitalis.com\/tunisie\/2019\/08\/19\/biens-confisques-amilcar-le-palais-inacheve-de-sakher-el-matri-mis-a-la-vente\/#article","isPartOf":{"@id":"https:\/\/kapitalis.com\/tunisie\/2019\/08\/19\/biens-confisques-amilcar-le-palais-inacheve-de-sakher-el-matri-mis-a-la-vente\/"},"author":{"name":"Amina Mkada","@id":"https:\/\/kapitalis.com\/tunisie\/#\/schema\/person\/093913313d3017554cb3ad077fff3fbd"},"headline":"Biens confisqu\u00e9s: Amilcar, le palais inachev\u00e9 de Sakher El-Matri mis \u00e0 la vente","datePublished":"2019-08-19T12:32:25+00:00","dateModified":"2019-08-19T12:32:34+00:00","mainEntityOfPage":{"@id":"https:\/\/kapitalis.com\/tunisie\/2019\/08\/19\/biens-confisques-amilcar-le-palais-inacheve-de-sakher-el-matri-mis-a-la-vente\/"},"wordCount":286,"commentCount":7,"publisher":{"@id":"https:\/\/kapitalis.com\/tunisie\/#organization"},"image":{"@id":"https:\/\/kapitalis.com\/tunisie\/2019\/08\/19\/biens-confisques-amilcar-le-palais-inacheve-de-sakher-el-matri-mis-a-la-vente\/#primaryimage"},"thumbnailUrl":"","keywords":["appel d'offres"],"articleSection":["ECONOMIE","Tunisie"],"inLanguage":"fr-FR","potentialAction":[{"@type":"CommentAction","name":"Comment","target":["https:\/\/kapitalis.com\/tunisie\/2019\/08\/19\/biens-confisques-amilcar-le-palais-inacheve-de-sakher-el-matri-mis-a-la-vente\/#respond"]}]},{"@type":"WebPage","@id":"https:\/\/kapitalis.com\/tunisie\/2019\/08\/19\/biens-confisques-amilcar-le-palais-inacheve-de-sakher-el-matri-mis-a-la-vente\/","url":"https:\/\/kapitalis.com\/tunisie\/2019\/08\/19\/biens-confisques-amilcar-le-palais-inacheve-de-sakher-el-matri-mis-a-la-vente\/","name":"Biens confisqu\u00e9s: Amilcar, le palais inachev\u00e9 de Sakher El-Matri mis \u00e0 la vente - Kapitalis","isPartOf":{"@id":"https:\/\/kapitalis.com\/tunisie\/#website"},"primaryImageOfPage":{"@id":"https:\/\/kapitalis.com\/tunisie\/2019\/08\/19\/biens-confisques-amilcar-le-palais-inacheve-de-sakher-el-matri-mis-a-la-vente\/#primaryimage"},"image":{"@id":"https:\/\/kapitalis.com\/tunisie\/2019\/08\/19\/biens-confisques-amilcar-le-palais-inacheve-de-sakher-el-matri-mis-a-la-vente\/#primaryimage"},"thumbnailUrl":"","datePublished":"2019-08-19T12:32:25+00:00","dateModified":"2019-08-19T12:32:34+00:00","breadcrumb":{"@id":"https:\/\/kapitalis.com\/tunisie\/2019\/08\/19\/biens-confisques-amilcar-le-palais-inacheve-de-sakher-el-matri-mis-a-la-vente\/#breadcrumb"},"inLanguage":"fr-FR","potentialAction":[{"@type":"ReadAction","target":["https:\/\/kapitalis.com\/tunisie\/2019\/08\/19\/biens-confisques-amilcar-le-palais-inacheve-de-sakher-el-matri-mis-a-la-vente\/"]}]},{"@type":"ImageObject","inLanguage":"fr-FR","@id":"https:\/\/kapitalis.com\/tunisie\/2019\/08\/19\/biens-confisques-amilcar-le-palais-inacheve-de-sakher-el-matri-mis-a-la-vente\/#primaryimage","url":"","contentUrl":""},{"@type":"BreadcrumbList","@id":"https:\/\/kapitalis.com\/tunisie\/2019\/08\/19\/biens-confisques-amilcar-le-palais-inacheve-de-sakher-el-matri-mis-a-la-vente\/#breadcrumb","itemListElement":[{"@type":"ListItem","position":1,"name":"Accueil","item":"https:\/\/kapitalis.com\/tunisie\/"},{"@type":"ListItem","position":2,"name":"Biens confisqu\u00e9s: Amilcar, le palais inachev\u00e9 de Sakher El-Matri mis \u00e0 la vente"}]},{"@type":"WebSite","@id":"https:\/\/kapitalis.com\/tunisie\/#website","url":"https:\/\/kapitalis.com\/tunisie\/","name":"Kapitalis","description":"L&#039;actualit\u00e9 en Tunisie et dans le monde","publisher":{"@id":"https:\/\/kapitalis.com\/tunisie\/#organization"},"potentialAction":[{"@type":"SearchAction","target":{"@type":"EntryPoint","urlTemplate":"https:\/\/kapitalis.com\/tunisie\/?s={search_term_string}"},"query-input":{"@type":"PropertyValueSpecification","valueRequired":true,"valueName":"search_term_string"}}],"inLanguage":"fr-FR"},{"@type":"Organization","@id":"https:\/\/kapitalis.com\/tunisie\/#organization","name":"Kapitalis","url":"https:\/\/kapitalis.com\/tunisie\/","logo":{"@type":"ImageObject","inLanguage":"fr-FR","@id":"https:\/\/kapitalis.com\/tunisie\/#\/schema\/logo\/image\/","url":"https:\/\/kapitalis.com\/tunisie\/wp-content\/uploads\/2022\/05\/Kapitalis-big-size.png","contentUrl":"https:\/\/kapitalis.com\/tunisie\/wp-content\/uploads\/2022\/05\/Kapitalis-big-size.png","width":5000,"height":1500,"caption":"Kapitalis"},"image":{"@id":"https:\/\/kapitalis.com\/tunisie\/#\/schema\/logo\/image\/"},"sameAs":["https:\/\/www.facebook.com\/KapitalisInfo\/","https:\/\/x.com\/KapitalisInfo","https:\/\/www.youtube.com\/channel\/UC-yDYrHyfFBWWZaOw3FPg9Q"]},{"@type":"Person","@id":"https:\/\/kapitalis.com\/tunisie\/#\/schema\/person\/093913313d3017554cb3ad077fff3fbd","name":"Amina Mkada","url":"https:\/\/kapitalis.com\/tunisie\/author\/amina\/"}]}},"_links":{"self":[{"href":"https:\/\/kapitalis.com\/tunisie\/wp-json\/wp\/v2\/posts\/233665","targetHints":{"allow":["GET"]}}],"collection":[{"href":"https:\/\/kapitalis.com\/tunisie\/wp-json\/wp\/v2\/posts"}],"about":[{"href":"https:\/\/kapitalis.com\/tunisie\/wp-json\/wp\/v2\/types\/post"}],"author":[{"embeddable":true,"href":"https:\/\/kapitalis.com\/tunisie\/wp-json\/wp\/v2\/users\/22"}],"replies":[{"embeddable":true,"href":"https:\/\/kapitalis.com\/tunisie\/wp-json\/wp\/v2\/comments?post=233665"}],"version-history":[{"count":0,"href":"https:\/\/kapitalis.com\/tunisie\/wp-json\/wp\/v2\/posts\/233665\/revisions"}],"wp:featuredmedia":[{"embeddable":true,"href":"https:\/\/kapitalis.com\/tunisie\/wp-json\/wp\/v2\/media\/233680"}],"wp:attachment":[{"href":"https:\/\/kapitalis.com\/tunisie\/wp-json\/wp\/v2\/media?parent=233665"}],"wp:term":[{"taxonomy":"category","embeddable":true,"href":"https:\/\/kapitalis.com\/tunisie\/wp-json\/wp\/v2\/categories?post=233665"},{"taxonomy":"post_tag","embeddable":true,"href":"https:\/\/kapitalis.com\/tunisie\/wp-json\/wp\/v2\/tags?post=233665"}],"curies":[{"name":"wp","href":"https:\/\/api.w.org\/{rel}","templated":true}]}}